{"id":16710,"date":"2026-03-08T14:02:08","date_gmt":"2026-03-08T20:02:08","guid":{"rendered":"https:\/\/agencia.252.com.mx\/home\/?p=16710"},"modified":"2026-03-08T14:02:09","modified_gmt":"2026-03-08T20:02:09","slug":"verifico-codhem-a-mas-de-2300-elementos-de-seguridad-publica-desplegados-por-las-marchas-del-8m","status":"publish","type":"post","link":"https:\/\/agencia.252.com.mx\/home\/verifico-codhem-a-mas-de-2300-elementos-de-seguridad-publica-desplegados-por-las-marchas-del-8m\/","title":{"rendered":"Verific\u00f3 CODHEM a m\u00e1s de 2,300 elementos de seguridad p\u00fablica desplegados por las marchas del 8M"},"content":{"rendered":"<p>Visitas: 13<\/p>\n<ul class=\"wp-block-list\">\n<li><em>Personal de la Comisi\u00f3n estuvo en las inmediaciones del Ayuntamiento de Toluca, la Fiscal\u00eda General de Justicia del Estado de M\u00e9xico, la explanada del Teatro Morelos y el Centro de Justicia para las Mujeres, as\u00ed como en los municipios de Ecatepec, Cuautitl\u00e1n Izcalli y Nezahualc\u00f3yot<\/em><\/li>\n<\/ul>\n\n\n\n<p><em>Juan Ignacio Corro&nbsp;<\/em><\/p>\n\n\n\n<p class=\"has-text-align-right\">Toluca, Estado de M\u00e9xico, a 8 de marzo&nbsp;de 2026<\/p>\n\n\n\n<p>Personal de la Comisi\u00f3n de Derechos Humanos del Estado de M\u00e9xico (CODHEM), encabezado por el Presidente, V\u00edctor Leopoldo Delgado P\u00e9rez, realiz\u00f3 verificaciones en la entidad a personas servidoras p\u00fablicas integrantes de corporaciones de seguridad, con el prop\u00f3sito de constatar que no portaran armas u objetos que pongan en riesgo la vida e integridad de las personas manifestantes.<\/p>\n\n\n\n<p>Estas acciones se desarrollaron como medida preventiva para fortalecer las condiciones de seguridad y el respeto a los derechos humanos durante las movilizaciones con motivo del D\u00eda Internacional de la Mujer, particularmente en los municipios con mayor concentraci\u00f3n de contingentes.<\/p>\n\n\n\n<figure class=\"wp-block-gallery has-nested-images columns-default is-cropped wp-block-gallery-1 is-layout-flex wp-block-gallery-is-layout-flex\">\n<figure class=\"wp-block-image size-large\"><img fetchpriority=\"high\" decoding=\"async\" width=\"1024\" height=\"682\" data-id=\"16712\" src=\"https:\/\/agencia.252.com.mx\/wp-content\/uploads\/2026\/03\/WhatsApp-Image-2026-03-08-at-11.20.25-AM-2-1024x682.jpeg\" alt=\"\" class=\"wp-image-16712\" srcset=\"https:\/\/agencia.252.com.mx\/wp-content\/uploads\/2026\/03\/WhatsApp-Image-2026-03-08-at-11.20.25-AM-2-1024x682.jpeg 1024w, https:\/\/agencia.252.com.mx\/wp-content\/uploads\/2026\/03\/WhatsApp-Image-2026-03-08-at-11.20.25-AM-2-300x200.jpeg 300w, https:\/\/agencia.252.com.mx\/wp-content\/uploads\/2026\/03\/WhatsApp-Image-2026-03-08-at-11.20.25-AM-2-768x512.jpeg 768w, https:\/\/agencia.252.com.mx\/wp-content\/uploads\/2026\/03\/WhatsApp-Image-2026-03-08-at-11.20.25-AM-2-1536x1023.jpeg 1536w, https:\/\/agencia.252.com.mx\/wp-content\/uploads\/2026\/03\/WhatsApp-Image-2026-03-08-at-11.20.25-AM-2.jpeg 1600w\" sizes=\"(max-width: 1024px) 100vw, 1024px\" \/><\/figure>\n\n\n\n<figure class=\"wp-block-image size-large\"><img decoding=\"async\" width=\"1024\" height=\"682\" data-id=\"16711\" src=\"https:\/\/agencia.252.com.mx\/wp-content\/uploads\/2026\/03\/WhatsApp-Image-2026-03-08-at-11.20.24-AM-1024x682.jpeg\" alt=\"\" class=\"wp-image-16711\" srcset=\"https:\/\/agencia.252.com.mx\/wp-content\/uploads\/2026\/03\/WhatsApp-Image-2026-03-08-at-11.20.24-AM-1024x682.jpeg 1024w, https:\/\/agencia.252.com.mx\/wp-content\/uploads\/2026\/03\/WhatsApp-Image-2026-03-08-at-11.20.24-AM-300x200.jpeg 300w, https:\/\/agencia.252.com.mx\/wp-content\/uploads\/2026\/03\/WhatsApp-Image-2026-03-08-at-11.20.24-AM-768x512.jpeg 768w, https:\/\/agencia.252.com.mx\/wp-content\/uploads\/2026\/03\/WhatsApp-Image-2026-03-08-at-11.20.24-AM-1536x1023.jpeg 1536w, https:\/\/agencia.252.com.mx\/wp-content\/uploads\/2026\/03\/WhatsApp-Image-2026-03-08-at-11.20.24-AM.jpeg 1600w\" sizes=\"(max-width: 1024px) 100vw, 1024px\" \/><\/figure>\n<\/figure>\n\n\n\n<p>El ombudsperson estatal encabez\u00f3 la supervisi\u00f3n en el centro de Toluca, donde se prev\u00e9 la mayor concentraci\u00f3n de marchas, y convoc\u00f3 al personal de la Comisi\u00f3n a mantener una observaci\u00f3n minuciosa y permanente durante la jornada, con enfoque preventivo y respeto irrestricto a los derechos humanos.<\/p>\n\n\n\n<p>Cabe se\u00f1alar que las verificaciones a los m\u00e1s de 2,300 elementos de seguridad p\u00fablica municipal y estatal, se realizaron con presencia de personas Notarias P\u00fablicas, a fin de otorgar certeza y legalidad a los actos.&nbsp;<\/p>\n\n\n\n<p>La CODHEM tuvo presencia en diversos puntos de la capital mexiquense, entre ellos en las inmediaciones del Palacio de Gobierno, la C\u00e1mara de Diputados, el Ayuntamiento de Toluca, la Fiscal\u00eda General de Justicia del Estado de M\u00e9xico, la explanada del Teatro Morelos y el Centro de Justicia para las Mujeres, as\u00ed como en los municipios de Ecatepec, Cuautitl\u00e1n Izcalli y Nezahualc\u00f3yotl.<\/p>\n\n\n\n<p>Posteriormente, Visitadoras Generales, Visitadoras Adjuntas y personal auxiliar de diversas \u00e1reas de la CODHEM se integraron a distintos puntos de observaci\u00f3n y acompa\u00f1amiento, con el objetivo de dar seguimiento al desarrollo de las marchas y verificar el respeto a los derechos humanos durante las movilizaciones en el territorio mexiquense.<\/p>\n","protected":false},"excerpt":{"rendered":"<p>Visitas: 13 Juan Ignacio Corro&nbsp; Toluca, Estado de M\u00e9xico, a 8 de marzo&nbsp;de 2026 Personal de la Comisi\u00f3n de Derechos Humanos del Estado de M\u00e9xico (CODHEM), encabezado por el Presidente, V\u00edctor Leopoldo Delgado P\u00e9rez, realiz\u00f3 verificaciones en la entidad a personas servidoras p\u00fablicas integrantes de corporaciones de seguridad, con el prop\u00f3sito de constatar que no [&hellip;]<\/p>\n","protected":false},"author":5,"featured_media":16713,"comment_status":"open","ping_status":"open","sticky":false,"template":"","format":"standard","meta":{"site-sidebar-layout":"default","site-content-layout":"","ast-site-content-layout":"default","site-content-style":"default","site-sidebar-style":"default","ast-global-header-display":"","ast-banner-title-visibility":"","ast-main-header-display":"","ast-hfb-above-header-display":"","ast-hfb-below-header-display":"","ast-hfb-mobile-header-display":"","site-post-title":"","ast-breadcrumbs-content":"","ast-featured-img":"","footer-sml-layout":"","ast-disable-related-posts":"","theme-transparent-header-meta":"","adv-header-id-meta":"","stick-header-meta":"","header-above-stick-meta":"","header-main-stick-meta":"","header-below-stick-meta":"","astra-migrate-meta-layouts":"set","ast-page-background-enabled":"default","ast-page-background-meta":{"desktop":{"background-color":"var(--ast-global-color-4)","background-image":"","background-repeat":"repeat","background-position":"center center","background-size":"auto","background-attachment":"scroll","background-type":"","background-media":"","overlay-type":"","overlay-color":"","overlay-opacity":"","overlay-gradient":""},"tablet":{"background-color":"","background-image":"","background-repeat":"repeat","background-position":"center center","background-size":"auto","background-attachment":"scroll","background-type":"","background-media":"","overlay-type":"","overlay-color":"","overlay-opacity":"","overlay-gradient":""},"mobile":{"background-color":"","background-image":"","background-repeat":"repeat","background-position":"center center","background-size":"auto","background-attachment":"scroll","background-type":"","background-media":"","overlay-type":"","overlay-color":"","overlay-opacity":"","overlay-gradient":""}},"ast-content-background-meta":{"desktop":{"background-color":"var(--ast-global-color-5)","background-image":"","background-repeat":"repeat","background-position":"center center","background-size":"auto","background-attachment":"scroll","background-type":"","background-media":"","overlay-type":"","overlay-color":"","overlay-opacity":"","overlay-gradient":""},"tablet":{"background-color":"var(--ast-global-color-5)","background-image":"","background-repeat":"repeat","background-position":"center center","background-size":"auto","background-attachment":"scroll","background-type":"","background-media":"","overlay-type":"","overlay-color":"","overlay-opacity":"","overlay-gradient":""},"mobile":{"background-color":"var(--ast-global-color-5)","background-image":"","background-repeat":"repeat","background-position":"center center","background-size":"auto","background-attachment":"scroll","background-type":"","background-media":"","overlay-type":"","overlay-color":"","overlay-opacity":"","overlay-gradient":""}},"footnotes":""},"categories":[8,53,68],"tags":[526],"class_list":["post-16710","post","type-post","status-publish","format-standard","has-post-thumbnail","hentry","category-edomex","category-mujeres","category-seguridad","tag-edomex"],"yoast_head":"<!-- This site is optimized with the Yoast SEO plugin v27.4 - https:\/\/yoast.com\/product\/yoast-seo-wordpress\/ -->\n<title>Verific\u00f3 CODHEM a m\u00e1s de 2,300 elementos de seguridad p\u00fablica desplegados por las marchas del 8M - Agencia252<\/title>\n<meta name=\"robots\" content=\"index, follow, max-snippet:-1, max-image-preview:large, max-video-preview:-1\" \/>\n<link rel=\"canonical\" href=\"https:\/\/agencia.252.com.mx\/home\/verifico-codhem-a-mas-de-2300-elementos-de-seguridad-publica-desplegados-por-las-marchas-del-8m\/\" \/>\n<meta property=\"og:locale\" content=\"es_ES\" \/>\n<meta property=\"og:type\" content=\"article\" \/>\n<meta property=\"og:title\" content=\"Verific\u00f3 CODHEM a m\u00e1s de 2,300 elementos de seguridad p\u00fablica desplegados por las marchas del 8M - Agencia252\" \/>\n<meta property=\"og:description\" content=\"Visitas: 13 Juan Ignacio Corro&nbsp; Toluca, Estado de M\u00e9xico, a 8 de marzo&nbsp;de 2026 Personal de la Comisi\u00f3n de Derechos Humanos del Estado de M\u00e9xico (CODHEM), encabezado por el Presidente, V\u00edctor Leopoldo Delgado P\u00e9rez, realiz\u00f3 verificaciones en la entidad a personas servidoras p\u00fablicas integrantes de corporaciones de seguridad, con el prop\u00f3sito de constatar que no [&hellip;]\" \/>\n<meta property=\"og:url\" content=\"https:\/\/agencia.252.com.mx\/home\/verifico-codhem-a-mas-de-2300-elementos-de-seguridad-publica-desplegados-por-las-marchas-del-8m\/\" \/>\n<meta property=\"og:site_name\" content=\"Agencia252\" \/>\n<meta property=\"article:publisher\" content=\"https:\/\/www.facebook.com\/252Comunicacion\/\" \/>\n<meta property=\"article:author\" content=\"https:\/\/www.facebook.com\/jcorroherrera\/\" \/>\n<meta property=\"article:published_time\" content=\"2026-03-08T20:02:08+00:00\" \/>\n<meta property=\"article:modified_time\" content=\"2026-03-08T20:02:09+00:00\" \/>\n<meta property=\"og:image\" content=\"http:\/\/agencia.252.com.mx\/wp-content\/uploads\/2026\/03\/WhatsApp-Image-2026-03-08-at-11.20.25-AM.jpeg\" \/>\n\t<meta property=\"og:image:width\" content=\"1247\" \/>\n\t<meta property=\"og:image:height\" content=\"1600\" \/>\n\t<meta property=\"og:image:type\" content=\"image\/jpeg\" \/>\n<meta name=\"author\" content=\"Nacho Corro\" \/>\n<meta name=\"twitter:card\" content=\"summary_large_image\" \/>\n<meta name=\"twitter:creator\" content=\"@Juan Ignacio Corro Herrera\" \/>\n<meta name=\"twitter:site\" content=\"@252COMS\" \/>\n<meta name=\"twitter:label1\" content=\"Escrito por\" \/>\n\t<meta name=\"twitter:data1\" content=\"Nacho Corro\" \/>\n\t<meta name=\"twitter:label2\" content=\"Tiempo de lectura\" \/>\n\t<meta name=\"twitter:data2\" content=\"3 minutos\" \/>\n<script type=\"application\/ld+json\" class=\"yoast-schema-graph\">{\"@context\":\"https:\\\/\\\/schema.org\",\"@graph\":[{\"@type\":\"Article\",\"@id\":\"https:\\\/\\\/agencia.252.com.mx\\\/home\\\/verifico-codhem-a-mas-de-2300-elementos-de-seguridad-publica-desplegados-por-las-marchas-del-8m\\\/#article\",\"isPartOf\":{\"@id\":\"https:\\\/\\\/agencia.252.com.mx\\\/home\\\/verifico-codhem-a-mas-de-2300-elementos-de-seguridad-publica-desplegados-por-las-marchas-del-8m\\\/\"},\"author\":{\"name\":\"Nacho Corro\",\"@id\":\"https:\\\/\\\/agencia.252.com.mx\\\/home\\\/#\\\/schema\\\/person\\\/6b972021e9a92d45ade8c78d81509098\"},\"headline\":\"Verific\u00f3 CODHEM a m\u00e1s de 2,300 elementos de seguridad p\u00fablica desplegados por las marchas del 8M\",\"datePublished\":\"2026-03-08T20:02:08+00:00\",\"dateModified\":\"2026-03-08T20:02:09+00:00\",\"mainEntityOfPage\":{\"@id\":\"https:\\\/\\\/agencia.252.com.mx\\\/home\\\/verifico-codhem-a-mas-de-2300-elementos-de-seguridad-publica-desplegados-por-las-marchas-del-8m\\\/\"},\"wordCount\":392,\"commentCount\":0,\"publisher\":{\"@id\":\"https:\\\/\\\/agencia.252.com.mx\\\/home\\\/#organization\"},\"image\":{\"@id\":\"https:\\\/\\\/agencia.252.com.mx\\\/home\\\/verifico-codhem-a-mas-de-2300-elementos-de-seguridad-publica-desplegados-por-las-marchas-del-8m\\\/#primaryimage\"},\"thumbnailUrl\":\"https:\\\/\\\/agencia.252.com.mx\\\/wp-content\\\/uploads\\\/2026\\\/03\\\/WhatsApp-Image-2026-03-08-at-11.20.25-AM.jpeg\",\"keywords\":[\"Edomex\"],\"articleSection\":[\"Edomex\",\"Mujeres\",\"Seguridad\"],\"inLanguage\":\"es\",\"potentialAction\":[{\"@type\":\"CommentAction\",\"name\":\"Comment\",\"target\":[\"https:\\\/\\\/agencia.252.com.mx\\\/home\\\/verifico-codhem-a-mas-de-2300-elementos-de-seguridad-publica-desplegados-por-las-marchas-del-8m\\\/#respond\"]}]},{\"@type\":\"WebPage\",\"@id\":\"https:\\\/\\\/agencia.252.com.mx\\\/home\\\/verifico-codhem-a-mas-de-2300-elementos-de-seguridad-publica-desplegados-por-las-marchas-del-8m\\\/\",\"url\":\"https:\\\/\\\/agencia.252.com.mx\\\/home\\\/verifico-codhem-a-mas-de-2300-elementos-de-seguridad-publica-desplegados-por-las-marchas-del-8m\\\/\",\"name\":\"Verific\u00f3 CODHEM a m\u00e1s de 2,300 elementos de seguridad p\u00fablica desplegados por las marchas del 8M - Agencia252\",\"isPartOf\":{\"@id\":\"https:\\\/\\\/agencia.252.com.mx\\\/home\\\/#website\"},\"primaryImageOfPage\":{\"@id\":\"https:\\\/\\\/agencia.252.com.mx\\\/home\\\/verifico-codhem-a-mas-de-2300-elementos-de-seguridad-publica-desplegados-por-las-marchas-del-8m\\\/#primaryimage\"},\"image\":{\"@id\":\"https:\\\/\\\/agencia.252.com.mx\\\/home\\\/verifico-codhem-a-mas-de-2300-elementos-de-seguridad-publica-desplegados-por-las-marchas-del-8m\\\/#primaryimage\"},\"thumbnailUrl\":\"https:\\\/\\\/agencia.252.com.mx\\\/wp-content\\\/uploads\\\/2026\\\/03\\\/WhatsApp-Image-2026-03-08-at-11.20.25-AM.jpeg\",\"datePublished\":\"2026-03-08T20:02:08+00:00\",\"dateModified\":\"2026-03-08T20:02:09+00:00\",\"breadcrumb\":{\"@id\":\"https:\\\/\\\/agencia.252.com.mx\\\/home\\\/verifico-codhem-a-mas-de-2300-elementos-de-seguridad-publica-desplegados-por-las-marchas-del-8m\\\/#breadcrumb\"},\"inLanguage\":\"es\",\"potentialAction\":[{\"@type\":\"ReadAction\",\"target\":[\"https:\\\/\\\/agencia.252.com.mx\\\/home\\\/verifico-codhem-a-mas-de-2300-elementos-de-seguridad-publica-desplegados-por-las-marchas-del-8m\\\/\"]}]},{\"@type\":\"ImageObject\",\"inLanguage\":\"es\",\"@id\":\"https:\\\/\\\/agencia.252.com.mx\\\/home\\\/verifico-codhem-a-mas-de-2300-elementos-de-seguridad-publica-desplegados-por-las-marchas-del-8m\\\/#primaryimage\",\"url\":\"https:\\\/\\\/agencia.252.com.mx\\\/wp-content\\\/uploads\\\/2026\\\/03\\\/WhatsApp-Image-2026-03-08-at-11.20.25-AM.jpeg\",\"contentUrl\":\"https:\\\/\\\/agencia.252.com.mx\\\/wp-content\\\/uploads\\\/2026\\\/03\\\/WhatsApp-Image-2026-03-08-at-11.20.25-AM.jpeg\",\"width\":1247,\"height\":1600},{\"@type\":\"BreadcrumbList\",\"@id\":\"https:\\\/\\\/agencia.252.com.mx\\\/home\\\/verifico-codhem-a-mas-de-2300-elementos-de-seguridad-publica-desplegados-por-las-marchas-del-8m\\\/#breadcrumb\",\"itemListElement\":[{\"@type\":\"ListItem\",\"position\":1,\"name\":\"Portada\",\"item\":\"https:\\\/\\\/agencia.252.com.mx\\\/home\\\/\"},{\"@type\":\"ListItem\",\"position\":2,\"name\":\"Verific\u00f3 CODHEM a m\u00e1s de 2,300 elementos de seguridad p\u00fablica desplegados por las marchas del 8M\"}]},{\"@type\":\"WebSite\",\"@id\":\"https:\\\/\\\/agencia.252.com.mx\\\/home\\\/#website\",\"url\":\"https:\\\/\\\/agencia.252.com.mx\\\/home\\\/\",\"name\":\"Agencia252\",\"description\":\"Tu espacio en la Red\",\"publisher\":{\"@id\":\"https:\\\/\\\/agencia.252.com.mx\\\/home\\\/#organization\"},\"potentialAction\":[{\"@type\":\"SearchAction\",\"target\":{\"@type\":\"EntryPoint\",\"urlTemplate\":\"https:\\\/\\\/agencia.252.com.mx\\\/home\\\/?s={search_term_string}\"},\"query-input\":{\"@type\":\"PropertyValueSpecification\",\"valueRequired\":true,\"valueName\":\"search_term_string\"}}],\"inLanguage\":\"es\"},{\"@type\":\"Organization\",\"@id\":\"https:\\\/\\\/agencia.252.com.mx\\\/home\\\/#organization\",\"name\":\"Agencia252\",\"url\":\"https:\\\/\\\/agencia.252.com.mx\\\/home\\\/\",\"logo\":{\"@type\":\"ImageObject\",\"inLanguage\":\"es\",\"@id\":\"https:\\\/\\\/agencia.252.com.mx\\\/home\\\/#\\\/schema\\\/logo\\\/image\\\/\",\"url\":\"https:\\\/\\\/agencia.252.com.mx\\\/wp-content\\\/uploads\\\/2023\\\/02\\\/cropped-ciruclo-agencia-e1677562404136.png\",\"contentUrl\":\"https:\\\/\\\/agencia.252.com.mx\\\/wp-content\\\/uploads\\\/2023\\\/02\\\/cropped-ciruclo-agencia-e1677562404136.png\",\"width\":512,\"height\":512,\"caption\":\"Agencia252\"},\"image\":{\"@id\":\"https:\\\/\\\/agencia.252.com.mx\\\/home\\\/#\\\/schema\\\/logo\\\/image\\\/\"},\"sameAs\":[\"https:\\\/\\\/www.facebook.com\\\/252Comunicacion\\\/\",\"https:\\\/\\\/x.com\\\/252COMS\"]},{\"@type\":\"Person\",\"@id\":\"https:\\\/\\\/agencia.252.com.mx\\\/home\\\/#\\\/schema\\\/person\\\/6b972021e9a92d45ade8c78d81509098\",\"name\":\"Nacho Corro\",\"image\":{\"@type\":\"ImageObject\",\"inLanguage\":\"es\",\"@id\":\"https:\\\/\\\/secure.gravatar.com\\\/avatar\\\/5db6df507cfe1307e192fbb498c6b85f1cf2ffd8b4cd37141b9eea588fcbd5a4?s=96&r=g\",\"url\":\"https:\\\/\\\/secure.gravatar.com\\\/avatar\\\/5db6df507cfe1307e192fbb498c6b85f1cf2ffd8b4cd37141b9eea588fcbd5a4?s=96&r=g\",\"contentUrl\":\"https:\\\/\\\/secure.gravatar.com\\\/avatar\\\/5db6df507cfe1307e192fbb498c6b85f1cf2ffd8b4cd37141b9eea588fcbd5a4?s=96&r=g\",\"caption\":\"Nacho Corro\"},\"description\":\"Comunicador Social, Periodista y Administraci\u00f3n P\u00fablica. Conversador pol\u00edtico, temas electorales y seguridad. Generador de contenidos digitales. Amante de la fotograf\u00eda\",\"sameAs\":[\"https:\\\/\\\/www.facebook.com\\\/jcorroherrera\\\/\",\"www.instagram.com\\\/nachocorro\\\/\",\"https:\\\/\\\/x.com\\\/Juan Ignacio Corro Herrera\"],\"url\":\"https:\\\/\\\/agencia.252.com.mx\\\/home\\\/author\\\/i-corro\\\/\"}]}<\/script>\n<!-- \/ Yoast SEO plugin. -->","yoast_head_json":{"title":"Verific\u00f3 CODHEM a m\u00e1s de 2,300 elementos de seguridad p\u00fablica desplegados por las marchas del 8M - Agencia252","robots":{"index":"index","follow":"follow","max-snippet":"max-snippet:-1","max-image-preview":"max-image-preview:large","max-video-preview":"max-video-preview:-1"},"canonical":"https:\/\/agencia.252.com.mx\/home\/verifico-codhem-a-mas-de-2300-elementos-de-seguridad-publica-desplegados-por-las-marchas-del-8m\/","og_locale":"es_ES","og_type":"article","og_title":"Verific\u00f3 CODHEM a m\u00e1s de 2,300 elementos de seguridad p\u00fablica desplegados por las marchas del 8M - Agencia252","og_description":"Visitas: 13 Juan Ignacio Corro&nbsp; Toluca, Estado de M\u00e9xico, a 8 de marzo&nbsp;de 2026 Personal de la Comisi\u00f3n de Derechos Humanos del Estado de M\u00e9xico (CODHEM), encabezado por el Presidente, V\u00edctor Leopoldo Delgado P\u00e9rez, realiz\u00f3 verificaciones en la entidad a personas servidoras p\u00fablicas integrantes de corporaciones de seguridad, con el prop\u00f3sito de constatar que no [&hellip;]","og_url":"https:\/\/agencia.252.com.mx\/home\/verifico-codhem-a-mas-de-2300-elementos-de-seguridad-publica-desplegados-por-las-marchas-del-8m\/","og_site_name":"Agencia252","article_publisher":"https:\/\/www.facebook.com\/252Comunicacion\/","article_author":"https:\/\/www.facebook.com\/jcorroherrera\/","article_published_time":"2026-03-08T20:02:08+00:00","article_modified_time":"2026-03-08T20:02:09+00:00","og_image":[{"width":1247,"height":1600,"url":"http:\/\/agencia.252.com.mx\/wp-content\/uploads\/2026\/03\/WhatsApp-Image-2026-03-08-at-11.20.25-AM.jpeg","type":"image\/jpeg"}],"author":"Nacho Corro","twitter_card":"summary_large_image","twitter_creator":"@Juan Ignacio Corro Herrera","twitter_site":"@252COMS","twitter_misc":{"Escrito por":"Nacho Corro","Tiempo de lectura":"3 minutos"},"schema":{"@context":"https:\/\/schema.org","@graph":[{"@type":"Article","@id":"https:\/\/agencia.252.com.mx\/home\/verifico-codhem-a-mas-de-2300-elementos-de-seguridad-publica-desplegados-por-las-marchas-del-8m\/#article","isPartOf":{"@id":"https:\/\/agencia.252.com.mx\/home\/verifico-codhem-a-mas-de-2300-elementos-de-seguridad-publica-desplegados-por-las-marchas-del-8m\/"},"author":{"name":"Nacho Corro","@id":"https:\/\/agencia.252.com.mx\/home\/#\/schema\/person\/6b972021e9a92d45ade8c78d81509098"},"headline":"Verific\u00f3 CODHEM a m\u00e1s de 2,300 elementos de seguridad p\u00fablica desplegados por las marchas del 8M","datePublished":"2026-03-08T20:02:08+00:00","dateModified":"2026-03-08T20:02:09+00:00","mainEntityOfPage":{"@id":"https:\/\/agencia.252.com.mx\/home\/verifico-codhem-a-mas-de-2300-elementos-de-seguridad-publica-desplegados-por-las-marchas-del-8m\/"},"wordCount":392,"commentCount":0,"publisher":{"@id":"https:\/\/agencia.252.com.mx\/home\/#organization"},"image":{"@id":"https:\/\/agencia.252.com.mx\/home\/verifico-codhem-a-mas-de-2300-elementos-de-seguridad-publica-desplegados-por-las-marchas-del-8m\/#primaryimage"},"thumbnailUrl":"https:\/\/agencia.252.com.mx\/wp-content\/uploads\/2026\/03\/WhatsApp-Image-2026-03-08-at-11.20.25-AM.jpeg","keywords":["Edomex"],"articleSection":["Edomex","Mujeres","Seguridad"],"inLanguage":"es","potentialAction":[{"@type":"CommentAction","name":"Comment","target":["https:\/\/agencia.252.com.mx\/home\/verifico-codhem-a-mas-de-2300-elementos-de-seguridad-publica-desplegados-por-las-marchas-del-8m\/#respond"]}]},{"@type":"WebPage","@id":"https:\/\/agencia.252.com.mx\/home\/verifico-codhem-a-mas-de-2300-elementos-de-seguridad-publica-desplegados-por-las-marchas-del-8m\/","url":"https:\/\/agencia.252.com.mx\/home\/verifico-codhem-a-mas-de-2300-elementos-de-seguridad-publica-desplegados-por-las-marchas-del-8m\/","name":"Verific\u00f3 CODHEM a m\u00e1s de 2,300 elementos de seguridad p\u00fablica desplegados por las marchas del 8M - Agencia252","isPartOf":{"@id":"https:\/\/agencia.252.com.mx\/home\/#website"},"primaryImageOfPage":{"@id":"https:\/\/agencia.252.com.mx\/home\/verifico-codhem-a-mas-de-2300-elementos-de-seguridad-publica-desplegados-por-las-marchas-del-8m\/#primaryimage"},"image":{"@id":"https:\/\/agencia.252.com.mx\/home\/verifico-codhem-a-mas-de-2300-elementos-de-seguridad-publica-desplegados-por-las-marchas-del-8m\/#primaryimage"},"thumbnailUrl":"https:\/\/agencia.252.com.mx\/wp-content\/uploads\/2026\/03\/WhatsApp-Image-2026-03-08-at-11.20.25-AM.jpeg","datePublished":"2026-03-08T20:02:08+00:00","dateModified":"2026-03-08T20:02:09+00:00","breadcrumb":{"@id":"https:\/\/agencia.252.com.mx\/home\/verifico-codhem-a-mas-de-2300-elementos-de-seguridad-publica-desplegados-por-las-marchas-del-8m\/#breadcrumb"},"inLanguage":"es","potentialAction":[{"@type":"ReadAction","target":["https:\/\/agencia.252.com.mx\/home\/verifico-codhem-a-mas-de-2300-elementos-de-seguridad-publica-desplegados-por-las-marchas-del-8m\/"]}]},{"@type":"ImageObject","inLanguage":"es","@id":"https:\/\/agencia.252.com.mx\/home\/verifico-codhem-a-mas-de-2300-elementos-de-seguridad-publica-desplegados-por-las-marchas-del-8m\/#primaryimage","url":"https:\/\/agencia.252.com.mx\/wp-content\/uploads\/2026\/03\/WhatsApp-Image-2026-03-08-at-11.20.25-AM.jpeg","contentUrl":"https:\/\/agencia.252.com.mx\/wp-content\/uploads\/2026\/03\/WhatsApp-Image-2026-03-08-at-11.20.25-AM.jpeg","width":1247,"height":1600},{"@type":"BreadcrumbList","@id":"https:\/\/agencia.252.com.mx\/home\/verifico-codhem-a-mas-de-2300-elementos-de-seguridad-publica-desplegados-por-las-marchas-del-8m\/#breadcrumb","itemListElement":[{"@type":"ListItem","position":1,"name":"Portada","item":"https:\/\/agencia.252.com.mx\/home\/"},{"@type":"ListItem","position":2,"name":"Verific\u00f3 CODHEM a m\u00e1s de 2,300 elementos de seguridad p\u00fablica desplegados por las marchas del 8M"}]},{"@type":"WebSite","@id":"https:\/\/agencia.252.com.mx\/home\/#website","url":"https:\/\/agencia.252.com.mx\/home\/","name":"Agencia252","description":"Tu espacio en la Red","publisher":{"@id":"https:\/\/agencia.252.com.mx\/home\/#organization"},"potentialAction":[{"@type":"SearchAction","target":{"@type":"EntryPoint","urlTemplate":"https:\/\/agencia.252.com.mx\/home\/?s={search_term_string}"},"query-input":{"@type":"PropertyValueSpecification","valueRequired":true,"valueName":"search_term_string"}}],"inLanguage":"es"},{"@type":"Organization","@id":"https:\/\/agencia.252.com.mx\/home\/#organization","name":"Agencia252","url":"https:\/\/agencia.252.com.mx\/home\/","logo":{"@type":"ImageObject","inLanguage":"es","@id":"https:\/\/agencia.252.com.mx\/home\/#\/schema\/logo\/image\/","url":"https:\/\/agencia.252.com.mx\/wp-content\/uploads\/2023\/02\/cropped-ciruclo-agencia-e1677562404136.png","contentUrl":"https:\/\/agencia.252.com.mx\/wp-content\/uploads\/2023\/02\/cropped-ciruclo-agencia-e1677562404136.png","width":512,"height":512,"caption":"Agencia252"},"image":{"@id":"https:\/\/agencia.252.com.mx\/home\/#\/schema\/logo\/image\/"},"sameAs":["https:\/\/www.facebook.com\/252Comunicacion\/","https:\/\/x.com\/252COMS"]},{"@type":"Person","@id":"https:\/\/agencia.252.com.mx\/home\/#\/schema\/person\/6b972021e9a92d45ade8c78d81509098","name":"Nacho Corro","image":{"@type":"ImageObject","inLanguage":"es","@id":"https:\/\/secure.gravatar.com\/avatar\/5db6df507cfe1307e192fbb498c6b85f1cf2ffd8b4cd37141b9eea588fcbd5a4?s=96&r=g","url":"https:\/\/secure.gravatar.com\/avatar\/5db6df507cfe1307e192fbb498c6b85f1cf2ffd8b4cd37141b9eea588fcbd5a4?s=96&r=g","contentUrl":"https:\/\/secure.gravatar.com\/avatar\/5db6df507cfe1307e192fbb498c6b85f1cf2ffd8b4cd37141b9eea588fcbd5a4?s=96&r=g","caption":"Nacho Corro"},"description":"Comunicador Social, Periodista y Administraci\u00f3n P\u00fablica. Conversador pol\u00edtico, temas electorales y seguridad. Generador de contenidos digitales. Amante de la fotograf\u00eda","sameAs":["https:\/\/www.facebook.com\/jcorroherrera\/","www.instagram.com\/nachocorro\/","https:\/\/x.com\/Juan Ignacio Corro Herrera"],"url":"https:\/\/agencia.252.com.mx\/home\/author\/i-corro\/"}]}},"_links":{"self":[{"href":"https:\/\/agencia.252.com.mx\/home\/wp-json\/wp\/v2\/posts\/16710","targetHints":{"allow":["GET"]}}],"collection":[{"href":"https:\/\/agencia.252.com.mx\/home\/wp-json\/wp\/v2\/posts"}],"about":[{"href":"https:\/\/agencia.252.com.mx\/home\/wp-json\/wp\/v2\/types\/post"}],"author":[{"embeddable":true,"href":"https:\/\/agencia.252.com.mx\/home\/wp-json\/wp\/v2\/users\/5"}],"replies":[{"embeddable":true,"href":"https:\/\/agencia.252.com.mx\/home\/wp-json\/wp\/v2\/comments?post=16710"}],"version-history":[{"count":1,"href":"https:\/\/agencia.252.com.mx\/home\/wp-json\/wp\/v2\/posts\/16710\/revisions"}],"predecessor-version":[{"id":16714,"href":"https:\/\/agencia.252.com.mx\/home\/wp-json\/wp\/v2\/posts\/16710\/revisions\/16714"}],"wp:featuredmedia":[{"embeddable":true,"href":"https:\/\/agencia.252.com.mx\/home\/wp-json\/wp\/v2\/media\/16713"}],"wp:attachment":[{"href":"https:\/\/agencia.252.com.mx\/home\/wp-json\/wp\/v2\/media?parent=16710"}],"wp:term":[{"taxonomy":"category","embeddable":true,"href":"https:\/\/agencia.252.com.mx\/home\/wp-json\/wp\/v2\/categories?post=16710"},{"taxonomy":"post_tag","embeddable":true,"href":"https:\/\/agencia.252.com.mx\/home\/wp-json\/wp\/v2\/tags?post=16710"}],"curies":[{"name":"wp","href":"https:\/\/api.w.org\/{rel}","templated":true}]}}