{"id":16705,"date":"2026-03-07T18:55:06","date_gmt":"2026-03-08T00:55:06","guid":{"rendered":"https:\/\/agencia.252.com.mx\/home\/?p=16705"},"modified":"2026-03-07T18:56:23","modified_gmt":"2026-03-08T00:56:23","slug":"en-8m-arranca-campana-en-ecatepec-nos-cuidamos-todas-en-transporte-publico","status":"publish","type":"post","link":"https:\/\/agencia.252.com.mx\/home\/en-8m-arranca-campana-en-ecatepec-nos-cuidamos-todas-en-transporte-publico\/","title":{"rendered":"En #8M arranca campa\u00f1a \u201cEn Ecatepec nos Cuidamos Todas\u201d en transporte p\u00fablico"},"content":{"rendered":"<p>Visitas: 46<\/p>\n<ul class=\"wp-block-list\">\n<li><em>El programa consta de 100 veh\u00edculos de transporte p\u00fablico rotulados, que cuentan con c\u00f3digos QR de la Red Violeta\u00a0<\/em><\/li>\n\n\n\n<li>\u201cEn Ecatepec las mujeres ya no est\u00e1n solas, en Ecatepec nos cuidamos todas\u201d: Azucena Cisneros Coss\u00a0<\/li>\n<\/ul>\n\n\n\n<p><em>Juan Ignacio Corro&nbsp;<\/em><\/p>\n\n\n\n<p class=\"has-text-align-right\">Ecatepec, Estado de M\u00e9xico, a 7 de marzo&nbsp;de 2026<\/p>\n\n\n\n<p>En el marco del D\u00eda Internacional de la Mujer, la presidenta municipal, Azucena Cisneros Coss, dio el banderazo de arranque de la campa\u00f1a en \u201cEcatepec nos Cuidamos Todas\u201d con 100 veh\u00edculos de transporte p\u00fablico rotulados, que cuentan con c\u00f3digos QR de la Red Violeta, para denunciar el acoso y la violencia de g\u00e9nero.&nbsp;<\/p>\n\n\n\n<p>\u201cHoy, previo al 8 de marzo, venimos a anunciar algo que ninguna administraci\u00f3n hab\u00eda hecho por nosotras: Transporte seguro, porque durante a\u00f1os el transporte p\u00fablico para nosotras ha significado una sola cosa: miedo (\u2026) \u00bfCu\u00e1ntas de ustedes no han sufrido o hemos sufrido acoso en el transporte? Levanten la mano. En realidad, somos muchas las que hemos vivido todas estas experiencias\u201d, dijo la alcaldesa frente a m\u00e1s de 2 mil mujeres que se dieron cita en la explanada municipal.<\/p>\n\n\n\n<figure class=\"wp-block-gallery has-nested-images columns-default is-cropped wp-block-gallery-1 is-layout-flex wp-block-gallery-is-layout-flex\">\n<figure class=\"wp-block-image size-large\"><img fetchpriority=\"high\" decoding=\"async\" width=\"1024\" height=\"660\" data-id=\"16708\" src=\"https:\/\/agencia.252.com.mx\/wp-content\/uploads\/2026\/03\/WhatsApp-Image-2026-03-07-at-1.14.42-PM-1024x660.jpeg\" alt=\"\" class=\"wp-image-16708\" srcset=\"https:\/\/agencia.252.com.mx\/wp-content\/uploads\/2026\/03\/WhatsApp-Image-2026-03-07-at-1.14.42-PM-1024x660.jpeg 1024w, https:\/\/agencia.252.com.mx\/wp-content\/uploads\/2026\/03\/WhatsApp-Image-2026-03-07-at-1.14.42-PM-300x193.jpeg 300w, https:\/\/agencia.252.com.mx\/wp-content\/uploads\/2026\/03\/WhatsApp-Image-2026-03-07-at-1.14.42-PM-768x495.jpeg 768w, https:\/\/agencia.252.com.mx\/wp-content\/uploads\/2026\/03\/WhatsApp-Image-2026-03-07-at-1.14.42-PM.jpeg 1280w\" sizes=\"(max-width: 1024px) 100vw, 1024px\" \/><\/figure>\n\n\n\n<figure class=\"wp-block-image size-large\"><img decoding=\"async\" width=\"1024\" height=\"652\" data-id=\"16706\" src=\"https:\/\/agencia.252.com.mx\/wp-content\/uploads\/2026\/03\/WhatsApp-Image-2026-03-07-at-1.14.39-PM-1024x652.jpeg\" alt=\"\" class=\"wp-image-16706\" srcset=\"https:\/\/agencia.252.com.mx\/wp-content\/uploads\/2026\/03\/WhatsApp-Image-2026-03-07-at-1.14.39-PM-1024x652.jpeg 1024w, https:\/\/agencia.252.com.mx\/wp-content\/uploads\/2026\/03\/WhatsApp-Image-2026-03-07-at-1.14.39-PM-300x191.jpeg 300w, https:\/\/agencia.252.com.mx\/wp-content\/uploads\/2026\/03\/WhatsApp-Image-2026-03-07-at-1.14.39-PM-768x489.jpeg 768w, https:\/\/agencia.252.com.mx\/wp-content\/uploads\/2026\/03\/WhatsApp-Image-2026-03-07-at-1.14.39-PM.jpeg 1280w\" sizes=\"(max-width: 1024px) 100vw, 1024px\" \/><\/figure>\n<\/figure>\n\n\n\n<p>Por esta raz\u00f3n, el Gobierno Municipal arranc\u00f3 el programa de transporte seguro para las mujeres. \u201cPorque en Ecatepec las mujeres ya no est\u00e1n solas, en Ecatepec nos cuidamos todas\u201d.<\/p>\n\n\n\n<p>La primera presidenta municipal de Ecatepec, afirm\u00f3 que en Ecatepec se fortalece la seguridad de las mujeres con la participaci\u00f3n coordinada de la Marina, la Defensa Nacional, la Guardia Nacional y la Polic\u00eda Municipal.<\/p>\n\n\n\n<p>Y los resultados ya son visibles, ya que, de acuerdo con el Secretariado Ejecutivo del Sistema Nacional de Seguridad P\u00fablica, en comparaci\u00f3n con 2022, las cifras de violencia han disminuido en este municipio, ya que el feminicidio se redujo 50%, el homicidio doloso 39%, el abuso sexual 33% y la violencia de g\u00e9nero 27 por ciento.<\/p>\n\n\n\n<p>Adem\u00e1s, subray\u00f3 que Ecatepec sali\u00f3 del top 10 nacional de municipios con m\u00e1s feminicidios.&nbsp;<\/p>\n\n\n\n<p>Tambi\u00e9n, reconoci\u00f3 el papel hist\u00f3rico de las mujeres en la Independencia, la Revoluci\u00f3n y en la actualidad, con representantes del sector que gobiernan con dignidad, como la maestra Delfina G\u00f3mez, primera gobernadora del Estado de M\u00e9xico, y la doctora Claudia Sheinbaum Pardo, la primera mujer presidenta de M\u00e9xico. \u201cEllas son la prueba de que llegamos todas. Y de que no nos vamos a ir. Porque cuando las mujeres estamos al frente. \u00a1El cambio se siente!\u201d, refiri\u00f3.<\/p>\n\n\n\n<p>Cisneros Coss destac\u00f3 que este programa se suma a todas las acciones que ha realizado el Gobierno Municipal en este a\u00f1o de gobierno, en favor de este sector de la poblaci\u00f3n, tales como el lanzamiento de la Red Violeta, donde 58 mil mujeres se han registrado; la distribuci\u00f3n de 3 mil 400 Puntos Violeta en todo el municipio y el respaldo brindado a mil mujeres con el Programa Integral de Apoyo a Madres Adolescentes.<\/p>\n\n\n\n<p>Mientras tanto, Claudia Castello Rebollar, directora del Instituto Municipal de las Mujeres e Igualdad de G\u00e9nero (IMMIG), afirm\u00f3 que el 8 de marzo es un recordatorio de que las mujeres contin\u00faan alzando la voz frente a la violencia, la discriminaci\u00f3n y las desigualdades que a\u00fan persisten. Al tiempo que su lucha tambi\u00e9n est\u00e1 impulsada por el amor y la esperanza de transformar la realidad para las generaciones presentes y futuras.<\/p>\n\n\n\n<p>Previamente, Azucena Cisneros particip\u00f3 en la \u201cRodada Violeta\u201d, donde reconoci\u00f3 el papel de las mujeres polic\u00edas que, adem\u00e1s de proteger a la ciudadan\u00eda, representan el esfuerzo cotidiano de miles de mujeres que equilibran su vida profesional, familiar y comunitaria. Tras esto, abord\u00f3 su bicicleta, y acompa\u00f1ada de m\u00e1s de mil mujeres y hombres, salieron de la Casa de Morelos y recorrieron casi 2 kil\u00f3metros hasta llegar a la Explanada Municipal.<\/p>\n\n\n\n<p>Finalmente, la alcaldesa reiter\u00f3 que el gobierno municipal mantiene como prioridad garantizar entornos seguros y dignos, y sostuvo que la transformaci\u00f3n del municipio tambi\u00e9n debe reflejarse en la vida de las mujeres, para que puedan vivir con libertad, respeto y justicia.<\/p>\n\n\n\n<p>En el evento del #8M se entregaron reconocimientos de manera simb\u00f3lica a la primera generaci\u00f3n de graduadas de la Escuela de Manejo: \u201cMujeres en Ruta\u201d, se realiz\u00f3 la exposici\u00f3n fotogr\u00e1fica \u201cDetr\u00e1s de la placa\u201d de mujeres polic\u00edas en su doble faceta de guardianas del orden y su vida civil y particip\u00f3 la Banda Infantil, ensamble de metales y Banda Sinf\u00f3nica del municipio de Ecatepec bajo la direcci\u00f3n de la maestra Guadalupe Barrera.<\/p>\n","protected":false},"excerpt":{"rendered":"<p>Visitas: 46 Juan Ignacio Corro&nbsp; Ecatepec, Estado de M\u00e9xico, a 7 de marzo&nbsp;de 2026 En el marco del D\u00eda Internacional de la Mujer, la presidenta municipal, Azucena Cisneros Coss, dio el banderazo de arranque de la campa\u00f1a en \u201cEcatepec nos Cuidamos Todas\u201d con 100 veh\u00edculos de transporte p\u00fablico rotulados, que cuentan con c\u00f3digos QR de [&hellip;]<\/p>\n","protected":false},"author":5,"featured_media":16708,"comment_status":"open","ping_status":"open","sticky":false,"template":"","format":"standard","meta":{"site-sidebar-layout":"default","site-content-layout":"","ast-site-content-layout":"default","site-content-style":"default","site-sidebar-style":"default","ast-global-header-display":"","ast-banner-title-visibility":"","ast-main-header-display":"","ast-hfb-above-header-display":"","ast-hfb-below-header-display":"","ast-hfb-mobile-header-display":"","site-post-title":"","ast-breadcrumbs-content":"","ast-featured-img":"","footer-sml-layout":"","ast-disable-related-posts":"","theme-transparent-header-meta":"","adv-header-id-meta":"","stick-header-meta":"","header-above-stick-meta":"","header-main-stick-meta":"","header-below-stick-meta":"","astra-migrate-meta-layouts":"set","ast-page-background-enabled":"default","ast-page-background-meta":{"desktop":{"background-color":"var(--ast-global-color-4)","background-image":"","background-repeat":"repeat","background-position":"center center","background-size":"auto","background-attachment":"scroll","background-type":"","background-media":"","overlay-type":"","overlay-color":"","overlay-opacity":"","overlay-gradient":""},"tablet":{"background-color":"","background-image":"","background-repeat":"repeat","background-position":"center center","background-size":"auto","background-attachment":"scroll","background-type":"","background-media":"","overlay-type":"","overlay-color":"","overlay-opacity":"","overlay-gradient":""},"mobile":{"background-color":"","background-image":"","background-repeat":"repeat","background-position":"center center","background-size":"auto","background-attachment":"scroll","background-type":"","background-media":"","overlay-type":"","overlay-color":"","overlay-opacity":"","overlay-gradient":""}},"ast-content-background-meta":{"desktop":{"background-color":"var(--ast-global-color-5)","background-image":"","background-repeat":"repeat","background-position":"center center","background-size":"auto","background-attachment":"scroll","background-type":"","background-media":"","overlay-type":"","overlay-color":"","overlay-opacity":"","overlay-gradient":""},"tablet":{"background-color":"var(--ast-global-color-5)","background-image":"","background-repeat":"repeat","background-position":"center center","background-size":"auto","background-attachment":"scroll","background-type":"","background-media":"","overlay-type":"","overlay-color":"","overlay-opacity":"","overlay-gradient":""},"mobile":{"background-color":"var(--ast-global-color-5)","background-image":"","background-repeat":"repeat","background-position":"center center","background-size":"auto","background-attachment":"scroll","background-type":"","background-media":"","overlay-type":"","overlay-color":"","overlay-opacity":"","overlay-gradient":""}},"footnotes":""},"categories":[38,8,512,53,68],"tags":[526],"class_list":["post-16705","post","type-post","status-publish","format-standard","has-post-thumbnail","hentry","category-ecatepec","category-edomex","category-metropoli","category-mujeres","category-seguridad","tag-edomex"],"yoast_head":"<!-- This site is optimized with the Yoast SEO plugin v27.4 - https:\/\/yoast.com\/product\/yoast-seo-wordpress\/ -->\n<title>En #8M arranca campa\u00f1a \u201cEn Ecatepec nos Cuidamos Todas\u201d en transporte p\u00fablico - Agencia252<\/title>\n<meta name=\"robots\" content=\"index, follow, max-snippet:-1, max-image-preview:large, max-video-preview:-1\" \/>\n<link rel=\"canonical\" href=\"https:\/\/agencia.252.com.mx\/home\/en-8m-arranca-campana-en-ecatepec-nos-cuidamos-todas-en-transporte-publico\/\" \/>\n<meta property=\"og:locale\" content=\"es_ES\" \/>\n<meta property=\"og:type\" content=\"article\" \/>\n<meta property=\"og:title\" content=\"En #8M arranca campa\u00f1a \u201cEn Ecatepec nos Cuidamos Todas\u201d en transporte p\u00fablico - Agencia252\" \/>\n<meta property=\"og:description\" content=\"Visitas: 46 Juan Ignacio Corro&nbsp; Ecatepec, Estado de M\u00e9xico, a 7 de marzo&nbsp;de 2026 En el marco del D\u00eda Internacional de la Mujer, la presidenta municipal, Azucena Cisneros Coss, dio el banderazo de arranque de la campa\u00f1a en \u201cEcatepec nos Cuidamos Todas\u201d con 100 veh\u00edculos de transporte p\u00fablico rotulados, que cuentan con c\u00f3digos QR de [&hellip;]\" \/>\n<meta property=\"og:url\" content=\"https:\/\/agencia.252.com.mx\/home\/en-8m-arranca-campana-en-ecatepec-nos-cuidamos-todas-en-transporte-publico\/\" \/>\n<meta property=\"og:site_name\" content=\"Agencia252\" \/>\n<meta property=\"article:publisher\" content=\"https:\/\/www.facebook.com\/252Comunicacion\/\" \/>\n<meta property=\"article:author\" content=\"https:\/\/www.facebook.com\/jcorroherrera\/\" \/>\n<meta property=\"article:published_time\" content=\"2026-03-08T00:55:06+00:00\" \/>\n<meta property=\"article:modified_time\" content=\"2026-03-08T00:56:23+00:00\" \/>\n<meta property=\"og:image\" content=\"http:\/\/agencia.252.com.mx\/wp-content\/uploads\/2026\/03\/WhatsApp-Image-2026-03-07-at-1.14.42-PM.jpeg\" \/>\n\t<meta property=\"og:image:width\" content=\"1280\" \/>\n\t<meta property=\"og:image:height\" content=\"825\" \/>\n\t<meta property=\"og:image:type\" content=\"image\/jpeg\" \/>\n<meta name=\"author\" content=\"Nacho Corro\" \/>\n<meta name=\"twitter:card\" content=\"summary_large_image\" \/>\n<meta name=\"twitter:creator\" content=\"@Juan Ignacio Corro Herrera\" \/>\n<meta name=\"twitter:site\" content=\"@252COMS\" \/>\n<meta name=\"twitter:label1\" content=\"Escrito por\" \/>\n\t<meta name=\"twitter:data1\" content=\"Nacho Corro\" \/>\n\t<meta name=\"twitter:label2\" content=\"Tiempo de lectura\" \/>\n\t<meta name=\"twitter:data2\" content=\"4 minutos\" \/>\n<script type=\"application\/ld+json\" class=\"yoast-schema-graph\">{\"@context\":\"https:\\\/\\\/schema.org\",\"@graph\":[{\"@type\":\"Article\",\"@id\":\"https:\\\/\\\/agencia.252.com.mx\\\/home\\\/en-8m-arranca-campana-en-ecatepec-nos-cuidamos-todas-en-transporte-publico\\\/#article\",\"isPartOf\":{\"@id\":\"https:\\\/\\\/agencia.252.com.mx\\\/home\\\/en-8m-arranca-campana-en-ecatepec-nos-cuidamos-todas-en-transporte-publico\\\/\"},\"author\":{\"name\":\"Nacho Corro\",\"@id\":\"https:\\\/\\\/agencia.252.com.mx\\\/home\\\/#\\\/schema\\\/person\\\/6b972021e9a92d45ade8c78d81509098\"},\"headline\":\"En #8M arranca campa\u00f1a \u201cEn Ecatepec nos Cuidamos Todas\u201d en transporte p\u00fablico\",\"datePublished\":\"2026-03-08T00:55:06+00:00\",\"dateModified\":\"2026-03-08T00:56:23+00:00\",\"mainEntityOfPage\":{\"@id\":\"https:\\\/\\\/agencia.252.com.mx\\\/home\\\/en-8m-arranca-campana-en-ecatepec-nos-cuidamos-todas-en-transporte-publico\\\/\"},\"wordCount\":772,\"commentCount\":0,\"publisher\":{\"@id\":\"https:\\\/\\\/agencia.252.com.mx\\\/home\\\/#organization\"},\"image\":{\"@id\":\"https:\\\/\\\/agencia.252.com.mx\\\/home\\\/en-8m-arranca-campana-en-ecatepec-nos-cuidamos-todas-en-transporte-publico\\\/#primaryimage\"},\"thumbnailUrl\":\"https:\\\/\\\/agencia.252.com.mx\\\/wp-content\\\/uploads\\\/2026\\\/03\\\/WhatsApp-Image-2026-03-07-at-1.14.42-PM.jpeg\",\"keywords\":[\"Edomex\"],\"articleSection\":[\"Ecatepec\",\"Edomex\",\"Metropoli\",\"Mujeres\",\"Seguridad\"],\"inLanguage\":\"es\",\"potentialAction\":[{\"@type\":\"CommentAction\",\"name\":\"Comment\",\"target\":[\"https:\\\/\\\/agencia.252.com.mx\\\/home\\\/en-8m-arranca-campana-en-ecatepec-nos-cuidamos-todas-en-transporte-publico\\\/#respond\"]}]},{\"@type\":\"WebPage\",\"@id\":\"https:\\\/\\\/agencia.252.com.mx\\\/home\\\/en-8m-arranca-campana-en-ecatepec-nos-cuidamos-todas-en-transporte-publico\\\/\",\"url\":\"https:\\\/\\\/agencia.252.com.mx\\\/home\\\/en-8m-arranca-campana-en-ecatepec-nos-cuidamos-todas-en-transporte-publico\\\/\",\"name\":\"En #8M arranca campa\u00f1a \u201cEn Ecatepec nos Cuidamos Todas\u201d en transporte p\u00fablico - Agencia252\",\"isPartOf\":{\"@id\":\"https:\\\/\\\/agencia.252.com.mx\\\/home\\\/#website\"},\"primaryImageOfPage\":{\"@id\":\"https:\\\/\\\/agencia.252.com.mx\\\/home\\\/en-8m-arranca-campana-en-ecatepec-nos-cuidamos-todas-en-transporte-publico\\\/#primaryimage\"},\"image\":{\"@id\":\"https:\\\/\\\/agencia.252.com.mx\\\/home\\\/en-8m-arranca-campana-en-ecatepec-nos-cuidamos-todas-en-transporte-publico\\\/#primaryimage\"},\"thumbnailUrl\":\"https:\\\/\\\/agencia.252.com.mx\\\/wp-content\\\/uploads\\\/2026\\\/03\\\/WhatsApp-Image-2026-03-07-at-1.14.42-PM.jpeg\",\"datePublished\":\"2026-03-08T00:55:06+00:00\",\"dateModified\":\"2026-03-08T00:56:23+00:00\",\"breadcrumb\":{\"@id\":\"https:\\\/\\\/agencia.252.com.mx\\\/home\\\/en-8m-arranca-campana-en-ecatepec-nos-cuidamos-todas-en-transporte-publico\\\/#breadcrumb\"},\"inLanguage\":\"es\",\"potentialAction\":[{\"@type\":\"ReadAction\",\"target\":[\"https:\\\/\\\/agencia.252.com.mx\\\/home\\\/en-8m-arranca-campana-en-ecatepec-nos-cuidamos-todas-en-transporte-publico\\\/\"]}]},{\"@type\":\"ImageObject\",\"inLanguage\":\"es\",\"@id\":\"https:\\\/\\\/agencia.252.com.mx\\\/home\\\/en-8m-arranca-campana-en-ecatepec-nos-cuidamos-todas-en-transporte-publico\\\/#primaryimage\",\"url\":\"https:\\\/\\\/agencia.252.com.mx\\\/wp-content\\\/uploads\\\/2026\\\/03\\\/WhatsApp-Image-2026-03-07-at-1.14.42-PM.jpeg\",\"contentUrl\":\"https:\\\/\\\/agencia.252.com.mx\\\/wp-content\\\/uploads\\\/2026\\\/03\\\/WhatsApp-Image-2026-03-07-at-1.14.42-PM.jpeg\",\"width\":1280,\"height\":825},{\"@type\":\"BreadcrumbList\",\"@id\":\"https:\\\/\\\/agencia.252.com.mx\\\/home\\\/en-8m-arranca-campana-en-ecatepec-nos-cuidamos-todas-en-transporte-publico\\\/#breadcrumb\",\"itemListElement\":[{\"@type\":\"ListItem\",\"position\":1,\"name\":\"Portada\",\"item\":\"https:\\\/\\\/agencia.252.com.mx\\\/home\\\/\"},{\"@type\":\"ListItem\",\"position\":2,\"name\":\"En #8M arranca campa\u00f1a \u201cEn Ecatepec nos Cuidamos Todas\u201d en transporte p\u00fablico\"}]},{\"@type\":\"WebSite\",\"@id\":\"https:\\\/\\\/agencia.252.com.mx\\\/home\\\/#website\",\"url\":\"https:\\\/\\\/agencia.252.com.mx\\\/home\\\/\",\"name\":\"Agencia252\",\"description\":\"Tu espacio en la Red\",\"publisher\":{\"@id\":\"https:\\\/\\\/agencia.252.com.mx\\\/home\\\/#organization\"},\"potentialAction\":[{\"@type\":\"SearchAction\",\"target\":{\"@type\":\"EntryPoint\",\"urlTemplate\":\"https:\\\/\\\/agencia.252.com.mx\\\/home\\\/?s={search_term_string}\"},\"query-input\":{\"@type\":\"PropertyValueSpecification\",\"valueRequired\":true,\"valueName\":\"search_term_string\"}}],\"inLanguage\":\"es\"},{\"@type\":\"Organization\",\"@id\":\"https:\\\/\\\/agencia.252.com.mx\\\/home\\\/#organization\",\"name\":\"Agencia252\",\"url\":\"https:\\\/\\\/agencia.252.com.mx\\\/home\\\/\",\"logo\":{\"@type\":\"ImageObject\",\"inLanguage\":\"es\",\"@id\":\"https:\\\/\\\/agencia.252.com.mx\\\/home\\\/#\\\/schema\\\/logo\\\/image\\\/\",\"url\":\"https:\\\/\\\/agencia.252.com.mx\\\/wp-content\\\/uploads\\\/2023\\\/02\\\/cropped-ciruclo-agencia-e1677562404136.png\",\"contentUrl\":\"https:\\\/\\\/agencia.252.com.mx\\\/wp-content\\\/uploads\\\/2023\\\/02\\\/cropped-ciruclo-agencia-e1677562404136.png\",\"width\":512,\"height\":512,\"caption\":\"Agencia252\"},\"image\":{\"@id\":\"https:\\\/\\\/agencia.252.com.mx\\\/home\\\/#\\\/schema\\\/logo\\\/image\\\/\"},\"sameAs\":[\"https:\\\/\\\/www.facebook.com\\\/252Comunicacion\\\/\",\"https:\\\/\\\/x.com\\\/252COMS\"]},{\"@type\":\"Person\",\"@id\":\"https:\\\/\\\/agencia.252.com.mx\\\/home\\\/#\\\/schema\\\/person\\\/6b972021e9a92d45ade8c78d81509098\",\"name\":\"Nacho Corro\",\"image\":{\"@type\":\"ImageObject\",\"inLanguage\":\"es\",\"@id\":\"https:\\\/\\\/secure.gravatar.com\\\/avatar\\\/5db6df507cfe1307e192fbb498c6b85f1cf2ffd8b4cd37141b9eea588fcbd5a4?s=96&r=g\",\"url\":\"https:\\\/\\\/secure.gravatar.com\\\/avatar\\\/5db6df507cfe1307e192fbb498c6b85f1cf2ffd8b4cd37141b9eea588fcbd5a4?s=96&r=g\",\"contentUrl\":\"https:\\\/\\\/secure.gravatar.com\\\/avatar\\\/5db6df507cfe1307e192fbb498c6b85f1cf2ffd8b4cd37141b9eea588fcbd5a4?s=96&r=g\",\"caption\":\"Nacho Corro\"},\"description\":\"Comunicador Social, Periodista y Administraci\u00f3n P\u00fablica. Conversador pol\u00edtico, temas electorales y seguridad. Generador de contenidos digitales. Amante de la fotograf\u00eda\",\"sameAs\":[\"https:\\\/\\\/www.facebook.com\\\/jcorroherrera\\\/\",\"www.instagram.com\\\/nachocorro\\\/\",\"https:\\\/\\\/x.com\\\/Juan Ignacio Corro Herrera\"],\"url\":\"https:\\\/\\\/agencia.252.com.mx\\\/home\\\/author\\\/i-corro\\\/\"}]}<\/script>\n<!-- \/ Yoast SEO plugin. -->","yoast_head_json":{"title":"En #8M arranca campa\u00f1a \u201cEn Ecatepec nos Cuidamos Todas\u201d en transporte p\u00fablico - Agencia252","robots":{"index":"index","follow":"follow","max-snippet":"max-snippet:-1","max-image-preview":"max-image-preview:large","max-video-preview":"max-video-preview:-1"},"canonical":"https:\/\/agencia.252.com.mx\/home\/en-8m-arranca-campana-en-ecatepec-nos-cuidamos-todas-en-transporte-publico\/","og_locale":"es_ES","og_type":"article","og_title":"En #8M arranca campa\u00f1a \u201cEn Ecatepec nos Cuidamos Todas\u201d en transporte p\u00fablico - Agencia252","og_description":"Visitas: 46 Juan Ignacio Corro&nbsp; Ecatepec, Estado de M\u00e9xico, a 7 de marzo&nbsp;de 2026 En el marco del D\u00eda Internacional de la Mujer, la presidenta municipal, Azucena Cisneros Coss, dio el banderazo de arranque de la campa\u00f1a en \u201cEcatepec nos Cuidamos Todas\u201d con 100 veh\u00edculos de transporte p\u00fablico rotulados, que cuentan con c\u00f3digos QR de [&hellip;]","og_url":"https:\/\/agencia.252.com.mx\/home\/en-8m-arranca-campana-en-ecatepec-nos-cuidamos-todas-en-transporte-publico\/","og_site_name":"Agencia252","article_publisher":"https:\/\/www.facebook.com\/252Comunicacion\/","article_author":"https:\/\/www.facebook.com\/jcorroherrera\/","article_published_time":"2026-03-08T00:55:06+00:00","article_modified_time":"2026-03-08T00:56:23+00:00","og_image":[{"width":1280,"height":825,"url":"http:\/\/agencia.252.com.mx\/wp-content\/uploads\/2026\/03\/WhatsApp-Image-2026-03-07-at-1.14.42-PM.jpeg","type":"image\/jpeg"}],"author":"Nacho Corro","twitter_card":"summary_large_image","twitter_creator":"@Juan Ignacio Corro Herrera","twitter_site":"@252COMS","twitter_misc":{"Escrito por":"Nacho Corro","Tiempo de lectura":"4 minutos"},"schema":{"@context":"https:\/\/schema.org","@graph":[{"@type":"Article","@id":"https:\/\/agencia.252.com.mx\/home\/en-8m-arranca-campana-en-ecatepec-nos-cuidamos-todas-en-transporte-publico\/#article","isPartOf":{"@id":"https:\/\/agencia.252.com.mx\/home\/en-8m-arranca-campana-en-ecatepec-nos-cuidamos-todas-en-transporte-publico\/"},"author":{"name":"Nacho Corro","@id":"https:\/\/agencia.252.com.mx\/home\/#\/schema\/person\/6b972021e9a92d45ade8c78d81509098"},"headline":"En #8M arranca campa\u00f1a \u201cEn Ecatepec nos Cuidamos Todas\u201d en transporte p\u00fablico","datePublished":"2026-03-08T00:55:06+00:00","dateModified":"2026-03-08T00:56:23+00:00","mainEntityOfPage":{"@id":"https:\/\/agencia.252.com.mx\/home\/en-8m-arranca-campana-en-ecatepec-nos-cuidamos-todas-en-transporte-publico\/"},"wordCount":772,"commentCount":0,"publisher":{"@id":"https:\/\/agencia.252.com.mx\/home\/#organization"},"image":{"@id":"https:\/\/agencia.252.com.mx\/home\/en-8m-arranca-campana-en-ecatepec-nos-cuidamos-todas-en-transporte-publico\/#primaryimage"},"thumbnailUrl":"https:\/\/agencia.252.com.mx\/wp-content\/uploads\/2026\/03\/WhatsApp-Image-2026-03-07-at-1.14.42-PM.jpeg","keywords":["Edomex"],"articleSection":["Ecatepec","Edomex","Metropoli","Mujeres","Seguridad"],"inLanguage":"es","potentialAction":[{"@type":"CommentAction","name":"Comment","target":["https:\/\/agencia.252.com.mx\/home\/en-8m-arranca-campana-en-ecatepec-nos-cuidamos-todas-en-transporte-publico\/#respond"]}]},{"@type":"WebPage","@id":"https:\/\/agencia.252.com.mx\/home\/en-8m-arranca-campana-en-ecatepec-nos-cuidamos-todas-en-transporte-publico\/","url":"https:\/\/agencia.252.com.mx\/home\/en-8m-arranca-campana-en-ecatepec-nos-cuidamos-todas-en-transporte-publico\/","name":"En #8M arranca campa\u00f1a \u201cEn Ecatepec nos Cuidamos Todas\u201d en transporte p\u00fablico - Agencia252","isPartOf":{"@id":"https:\/\/agencia.252.com.mx\/home\/#website"},"primaryImageOfPage":{"@id":"https:\/\/agencia.252.com.mx\/home\/en-8m-arranca-campana-en-ecatepec-nos-cuidamos-todas-en-transporte-publico\/#primaryimage"},"image":{"@id":"https:\/\/agencia.252.com.mx\/home\/en-8m-arranca-campana-en-ecatepec-nos-cuidamos-todas-en-transporte-publico\/#primaryimage"},"thumbnailUrl":"https:\/\/agencia.252.com.mx\/wp-content\/uploads\/2026\/03\/WhatsApp-Image-2026-03-07-at-1.14.42-PM.jpeg","datePublished":"2026-03-08T00:55:06+00:00","dateModified":"2026-03-08T00:56:23+00:00","breadcrumb":{"@id":"https:\/\/agencia.252.com.mx\/home\/en-8m-arranca-campana-en-ecatepec-nos-cuidamos-todas-en-transporte-publico\/#breadcrumb"},"inLanguage":"es","potentialAction":[{"@type":"ReadAction","target":["https:\/\/agencia.252.com.mx\/home\/en-8m-arranca-campana-en-ecatepec-nos-cuidamos-todas-en-transporte-publico\/"]}]},{"@type":"ImageObject","inLanguage":"es","@id":"https:\/\/agencia.252.com.mx\/home\/en-8m-arranca-campana-en-ecatepec-nos-cuidamos-todas-en-transporte-publico\/#primaryimage","url":"https:\/\/agencia.252.com.mx\/wp-content\/uploads\/2026\/03\/WhatsApp-Image-2026-03-07-at-1.14.42-PM.jpeg","contentUrl":"https:\/\/agencia.252.com.mx\/wp-content\/uploads\/2026\/03\/WhatsApp-Image-2026-03-07-at-1.14.42-PM.jpeg","width":1280,"height":825},{"@type":"BreadcrumbList","@id":"https:\/\/agencia.252.com.mx\/home\/en-8m-arranca-campana-en-ecatepec-nos-cuidamos-todas-en-transporte-publico\/#breadcrumb","itemListElement":[{"@type":"ListItem","position":1,"name":"Portada","item":"https:\/\/agencia.252.com.mx\/home\/"},{"@type":"ListItem","position":2,"name":"En #8M arranca campa\u00f1a \u201cEn Ecatepec nos Cuidamos Todas\u201d en transporte p\u00fablico"}]},{"@type":"WebSite","@id":"https:\/\/agencia.252.com.mx\/home\/#website","url":"https:\/\/agencia.252.com.mx\/home\/","name":"Agencia252","description":"Tu espacio en la Red","publisher":{"@id":"https:\/\/agencia.252.com.mx\/home\/#organization"},"potentialAction":[{"@type":"SearchAction","target":{"@type":"EntryPoint","urlTemplate":"https:\/\/agencia.252.com.mx\/home\/?s={search_term_string}"},"query-input":{"@type":"PropertyValueSpecification","valueRequired":true,"valueName":"search_term_string"}}],"inLanguage":"es"},{"@type":"Organization","@id":"https:\/\/agencia.252.com.mx\/home\/#organization","name":"Agencia252","url":"https:\/\/agencia.252.com.mx\/home\/","logo":{"@type":"ImageObject","inLanguage":"es","@id":"https:\/\/agencia.252.com.mx\/home\/#\/schema\/logo\/image\/","url":"https:\/\/agencia.252.com.mx\/wp-content\/uploads\/2023\/02\/cropped-ciruclo-agencia-e1677562404136.png","contentUrl":"https:\/\/agencia.252.com.mx\/wp-content\/uploads\/2023\/02\/cropped-ciruclo-agencia-e1677562404136.png","width":512,"height":512,"caption":"Agencia252"},"image":{"@id":"https:\/\/agencia.252.com.mx\/home\/#\/schema\/logo\/image\/"},"sameAs":["https:\/\/www.facebook.com\/252Comunicacion\/","https:\/\/x.com\/252COMS"]},{"@type":"Person","@id":"https:\/\/agencia.252.com.mx\/home\/#\/schema\/person\/6b972021e9a92d45ade8c78d81509098","name":"Nacho Corro","image":{"@type":"ImageObject","inLanguage":"es","@id":"https:\/\/secure.gravatar.com\/avatar\/5db6df507cfe1307e192fbb498c6b85f1cf2ffd8b4cd37141b9eea588fcbd5a4?s=96&r=g","url":"https:\/\/secure.gravatar.com\/avatar\/5db6df507cfe1307e192fbb498c6b85f1cf2ffd8b4cd37141b9eea588fcbd5a4?s=96&r=g","contentUrl":"https:\/\/secure.gravatar.com\/avatar\/5db6df507cfe1307e192fbb498c6b85f1cf2ffd8b4cd37141b9eea588fcbd5a4?s=96&r=g","caption":"Nacho Corro"},"description":"Comunicador Social, Periodista y Administraci\u00f3n P\u00fablica. Conversador pol\u00edtico, temas electorales y seguridad. Generador de contenidos digitales. Amante de la fotograf\u00eda","sameAs":["https:\/\/www.facebook.com\/jcorroherrera\/","www.instagram.com\/nachocorro\/","https:\/\/x.com\/Juan Ignacio Corro Herrera"],"url":"https:\/\/agencia.252.com.mx\/home\/author\/i-corro\/"}]}},"_links":{"self":[{"href":"https:\/\/agencia.252.com.mx\/home\/wp-json\/wp\/v2\/posts\/16705","targetHints":{"allow":["GET"]}}],"collection":[{"href":"https:\/\/agencia.252.com.mx\/home\/wp-json\/wp\/v2\/posts"}],"about":[{"href":"https:\/\/agencia.252.com.mx\/home\/wp-json\/wp\/v2\/types\/post"}],"author":[{"embeddable":true,"href":"https:\/\/agencia.252.com.mx\/home\/wp-json\/wp\/v2\/users\/5"}],"replies":[{"embeddable":true,"href":"https:\/\/agencia.252.com.mx\/home\/wp-json\/wp\/v2\/comments?post=16705"}],"version-history":[{"count":1,"href":"https:\/\/agencia.252.com.mx\/home\/wp-json\/wp\/v2\/posts\/16705\/revisions"}],"predecessor-version":[{"id":16709,"href":"https:\/\/agencia.252.com.mx\/home\/wp-json\/wp\/v2\/posts\/16705\/revisions\/16709"}],"wp:featuredmedia":[{"embeddable":true,"href":"https:\/\/agencia.252.com.mx\/home\/wp-json\/wp\/v2\/media\/16708"}],"wp:attachment":[{"href":"https:\/\/agencia.252.com.mx\/home\/wp-json\/wp\/v2\/media?parent=16705"}],"wp:term":[{"taxonomy":"category","embeddable":true,"href":"https:\/\/agencia.252.com.mx\/home\/wp-json\/wp\/v2\/categories?post=16705"},{"taxonomy":"post_tag","embeddable":true,"href":"https:\/\/agencia.252.com.mx\/home\/wp-json\/wp\/v2\/tags?post=16705"}],"curies":[{"name":"wp","href":"https:\/\/api.w.org\/{rel}","templated":true}]}}