{"id":16697,"date":"2026-03-07T16:46:29","date_gmt":"2026-03-07T22:46:29","guid":{"rendered":"https:\/\/agencia.252.com.mx\/home\/?p=16697"},"modified":"2026-03-07T18:24:47","modified_gmt":"2026-03-08T00:24:47","slug":"amplia-gobierno-de-naucalpan-cobertura-sanitaria-en-las-comunidades-con-el-programa-impusando-tu-salud","status":"publish","type":"post","link":"https:\/\/agencia.252.com.mx\/home\/amplia-gobierno-de-naucalpan-cobertura-sanitaria-en-las-comunidades-con-el-programa-impusando-tu-salud\/","title":{"rendered":"Ampl\u00eda Gobierno de Naucalpan cobertura sanitaria en las comunidades con el programa Impusando Tu Salud\u00a0"},"content":{"rendered":"<p>Visitas: 11<\/p>\n<ul class=\"wp-block-list\">\n<li><em>Dos unidades m\u00e9dicas m\u00f3viles recorren las diversas colonias del municipio con servicios gratuitos, de optometr\u00eda, medicina general, odontolog\u00eda, laboratorio y farmacia<\/em><\/li>\n\n\n\n<li><em>M\u00e1s de 6,747 beneficiarias y beneficiarios con sus tarjetas, acceden a m\u00ednimo 3 atenciones de los diferentes servicios que se ofrecen<\/em><\/li>\n<\/ul>\n\n\n\n<p><em>Juan Ignacio Corro&nbsp;<\/em><\/p>\n\n\n\n<p class=\"has-text-align-right\">Naucalpan, Estado de M\u00e9xico, a 7 de marzo&nbsp;de 2026<\/p>\n\n\n\n<p>El Gobierno de Naucalpan encabezado por el Alcalde Isaac Montoya M\u00e1rquez, a trav\u00e9s del Sistema DIF Municipal, ampli\u00f3 la cobertura sanitaria a trav\u00e9s del programa Impulsando tu Salud en tu Comunidad, que ahora cuenta con dos unidades m\u00e9dicas m\u00f3viles que recorren las diversas colonias del municipio, a la vez que, afirm\u00f3 que, acercar servicios m\u00e9dicos y orientaci\u00f3n a la comunidad representa prevenci\u00f3n, cuidado y esperanza.<\/p>\n\n\n\n<figure class=\"wp-block-image size-large\"><img fetchpriority=\"high\" decoding=\"async\" width=\"1024\" height=\"684\" src=\"http:\/\/agencia.252.com.mx\/wp-content\/uploads\/2026\/03\/WhatsApp-Image-2026-03-07-at-1.16.45-PM-1024x684.jpeg\" alt=\"\" class=\"wp-image-16701\" srcset=\"https:\/\/agencia.252.com.mx\/wp-content\/uploads\/2026\/03\/WhatsApp-Image-2026-03-07-at-1.16.45-PM-1024x684.jpeg 1024w, https:\/\/agencia.252.com.mx\/wp-content\/uploads\/2026\/03\/WhatsApp-Image-2026-03-07-at-1.16.45-PM-300x200.jpeg 300w, https:\/\/agencia.252.com.mx\/wp-content\/uploads\/2026\/03\/WhatsApp-Image-2026-03-07-at-1.16.45-PM-768x513.jpeg 768w, https:\/\/agencia.252.com.mx\/wp-content\/uploads\/2026\/03\/WhatsApp-Image-2026-03-07-at-1.16.45-PM-1536x1025.jpeg 1536w, https:\/\/agencia.252.com.mx\/wp-content\/uploads\/2026\/03\/WhatsApp-Image-2026-03-07-at-1.16.45-PM.jpeg 1600w\" sizes=\"(max-width: 1024px) 100vw, 1024px\" \/><\/figure>\n\n\n\n<p>Estas unidades ofrecen servicios gratuitos de optometr\u00eda, medicina general, odontolog\u00eda, laboratorio y farmacia, adem\u00e1s de ofrecer vacunas contra el Sarampi\u00f3n, T\u00e9tanos y Neumococo, entre otros servicios, con el objetivo de acercar atenci\u00f3n m\u00e9dica integral a las comunidades que m\u00e1s lo requieren.<\/p>\n\n\n\n<p>Desde el inicio del programa Impulsando tu Salud, de septiembre a la fecha, se ha alcanzado un registro de m\u00e1s de 6,747 beneficiarias y beneficiarios quienes, con sus tarjetas, acceden a m\u00ednimo 3 atenciones de los diferentes servicios que se ofrecen; algunos requieren hasta 5 servicios, como m\u00e9dico general, farmacia, laboratorio, dentista y optometrista.<\/p>\n\n\n\n<p>Durante la jornada que se realiz\u00f3 en San Juan Totoltepec, el Alcalde subray\u00f3 que su administraci\u00f3n est\u00e1 enfocada en atender \u201cdemandas prioritarias que pocas veces fueron atendidas o jam\u00e1s atendidas\u201d, y destac\u00f3 que la clave para lograr soluciones tangibles es mantener un gobierno cercano a la ciudadan\u00eda. \u201cLa f\u00f3rmula de un gobierno leg\u00edtimo es mantenernos en cercan\u00eda con todas y todos ustedes, escucharles y atenderles\u201d.<\/p>\n\n\n\n<p>Montoya M\u00e1rquez agradeci\u00f3 la participaci\u00f3n ciudadana y llam\u00f3 a integrar a otras dependencias municipales para que las jornadas no solo atiendan el tema de salud, sino tambi\u00e9n bienestar social, obras y servicios p\u00fablicos, con el fin de que cada visita a las comunidades deje \u201cuna Huella de la Transformaci\u00f3n\u201d.<\/p>\n\n\n\n<p>En el Pueblo de San Juan Totoltepec, ante las y los vecinos se anunci\u00f3 que, se trasladar\u00e1 la unidad para realizar mastograf\u00edas gratis a 60 mujeres. A la vez que, el Alcalde asegur\u00f3 que su gobierno realiza un trabajo de tiempo completo con la visi\u00f3n de generar cambios duraderos para que el d\u00eda de ma\u00f1ana se recuerde lo que se realiz\u00f3 para beneficiar a la comunidad en general.<\/p>\n\n\n\n<p>Destac\u00f3 que Impulsando tu Salud no es solo un programa m\u00e1s, sino una acci\u00f3n que atiende lo m\u00e1s valioso para las familias, como lo es la salud, por lo que reiter\u00f3, sin salud no hay bienestar, no hay tranquilidad y no hay desarrollo posible.<\/p>\n\n\n\n<p>En materia de obra p\u00fablica, el Presidente Municipal reiter\u00f3 que su administraci\u00f3n ha priorizado a las comunidades con mayores necesidades, y asegur\u00f3 que, en dos a\u00f1os, se ha superado la inversi\u00f3n en obras p\u00fablicas en comparaci\u00f3n con los dos trienios de los dos gobiernos anteriores. Mencion\u00f3 obras como el rescate integral del Perif\u00e9rico Norte, lo que habla de las finanzas sanas del municipio.<\/p>\n\n\n\n<p>La Directora General del DIF, destac\u00f3 que, en la actividad del a\u00f1o pasado, se detect\u00f3 que se necesitaba ampliar la cobertura y los servicios para las y los beneficiarios y el alcalde decidi\u00f3 llevar una segunda unidad al territorio y ya suman 31 comunidades. La consigna es atender de la mejor forma para que las personas regresen a sus hogares con la sensaci\u00f3n de que est\u00e1n siendo cuidados.<\/p>\n\n\n\n<p>El Delegado de San Juan Toltepec, Miguel \u00c1ngel Baltazar P\u00e9rez, agradeci\u00f3 al Alcalde a nombre de la comunidad, la atenci\u00f3n y el respaldo que ha brindado, sobre todo durante la reciente crisis de agua que afect\u00f3 a algunas calles del pueblo.<\/p>\n\n\n\n<p>Del mismo modo, en las instalaciones de la Direcci\u00f3n de Medio Ambiente de Naucalpan, personal del Instituto de Salud del Estado de M\u00e9xico (ISEM) llev\u00f3 a cabo el Mi\u00e9rcoles de Salud del Adulto Mayor, como parte de las Jornadas por una Igualdad en Salud y en coordinaci\u00f3n con el Gobierno Municipal.<\/p>\n\n\n\n<p>Durante la jornada se brindaron servicios gratuitos de vacunaci\u00f3n contra T\u00e9tanos, Influenza, Sarampi\u00f3n, Rub\u00e9ola, Parotiditis, Hexavalente, Rotavirus y Tdpa, reforzando la protecci\u00f3n de la poblaci\u00f3n adulta mayor y la poblaci\u00f3n en general. As\u00ed como, consultas m\u00e9dicas, orientaci\u00f3n en prevenci\u00f3n de accidentes, salud bucal, detecci\u00f3n de glucosa, informaci\u00f3n sobre tuberculosis, salud sexual y reproductiva, consulta m\u00e9dica general y nutrici\u00f3n, incluyendo recomendaciones sobre alimentos de temporada.<\/p>\n","protected":false},"excerpt":{"rendered":"<p>Visitas: 11 Juan Ignacio Corro&nbsp; Naucalpan, Estado de M\u00e9xico, a 7 de marzo&nbsp;de 2026 El Gobierno de Naucalpan encabezado por el Alcalde Isaac Montoya M\u00e1rquez, a trav\u00e9s del Sistema DIF Municipal, ampli\u00f3 la cobertura sanitaria a trav\u00e9s del programa Impulsando tu Salud en tu Comunidad, que ahora cuenta con dos unidades m\u00e9dicas m\u00f3viles que recorren [&hellip;]<\/p>\n","protected":false},"author":5,"featured_media":16702,"comment_status":"open","ping_status":"open","sticky":false,"template":"","format":"standard","meta":{"site-sidebar-layout":"default","site-content-layout":"","ast-site-content-layout":"default","site-content-style":"default","site-sidebar-style":"default","ast-global-header-display":"","ast-banner-title-visibility":"","ast-main-header-display":"","ast-hfb-above-header-display":"","ast-hfb-below-header-display":"","ast-hfb-mobile-header-display":"","site-post-title":"","ast-breadcrumbs-content":"","ast-featured-img":"","footer-sml-layout":"","ast-disable-related-posts":"","theme-transparent-header-meta":"","adv-header-id-meta":"","stick-header-meta":"","header-above-stick-meta":"","header-main-stick-meta":"","header-below-stick-meta":"","astra-migrate-meta-layouts":"set","ast-page-background-enabled":"default","ast-page-background-meta":{"desktop":{"background-color":"var(--ast-global-color-4)","background-image":"","background-repeat":"repeat","background-position":"center center","background-size":"auto","background-attachment":"scroll","background-type":"","background-media":"","overlay-type":"","overlay-color":"","overlay-opacity":"","overlay-gradient":""},"tablet":{"background-color":"","background-image":"","background-repeat":"repeat","background-position":"center center","background-size":"auto","background-attachment":"scroll","background-type":"","background-media":"","overlay-type":"","overlay-color":"","overlay-opacity":"","overlay-gradient":""},"mobile":{"background-color":"","background-image":"","background-repeat":"repeat","background-position":"center center","background-size":"auto","background-attachment":"scroll","background-type":"","background-media":"","overlay-type":"","overlay-color":"","overlay-opacity":"","overlay-gradient":""}},"ast-content-background-meta":{"desktop":{"background-color":"var(--ast-global-color-5)","background-image":"","background-repeat":"repeat","background-position":"center center","background-size":"auto","background-attachment":"scroll","background-type":"","background-media":"","overlay-type":"","overlay-color":"","overlay-opacity":"","overlay-gradient":""},"tablet":{"background-color":"var(--ast-global-color-5)","background-image":"","background-repeat":"repeat","background-position":"center center","background-size":"auto","background-attachment":"scroll","background-type":"","background-media":"","overlay-type":"","overlay-color":"","overlay-opacity":"","overlay-gradient":""},"mobile":{"background-color":"var(--ast-global-color-5)","background-image":"","background-repeat":"repeat","background-position":"center center","background-size":"auto","background-attachment":"scroll","background-type":"","background-media":"","overlay-type":"","overlay-color":"","overlay-opacity":"","overlay-gradient":""}},"footnotes":""},"categories":[8,512,70,200,1],"tags":[526],"class_list":["post-16697","post","type-post","status-publish","format-standard","has-post-thumbnail","hentry","category-edomex","category-metropoli","category-naucalpan","category-salud","category-uncategorized","tag-edomex"],"yoast_head":"<!-- This site is optimized with the Yoast SEO plugin v27.4 - https:\/\/yoast.com\/product\/yoast-seo-wordpress\/ -->\n<title>Ampl\u00eda Gobierno de Naucalpan cobertura sanitaria en las comunidades con el programa Impusando Tu Salud\u00a0 - Agencia252<\/title>\n<meta name=\"robots\" content=\"index, follow, max-snippet:-1, max-image-preview:large, max-video-preview:-1\" \/>\n<link rel=\"canonical\" href=\"https:\/\/agencia.252.com.mx\/home\/amplia-gobierno-de-naucalpan-cobertura-sanitaria-en-las-comunidades-con-el-programa-impusando-tu-salud\/\" \/>\n<meta property=\"og:locale\" content=\"es_ES\" \/>\n<meta property=\"og:type\" content=\"article\" \/>\n<meta property=\"og:title\" content=\"Ampl\u00eda Gobierno de Naucalpan cobertura sanitaria en las comunidades con el programa Impusando Tu Salud\u00a0 - Agencia252\" \/>\n<meta property=\"og:description\" content=\"Visitas: 11 Juan Ignacio Corro&nbsp; Naucalpan, Estado de M\u00e9xico, a 7 de marzo&nbsp;de 2026 El Gobierno de Naucalpan encabezado por el Alcalde Isaac Montoya M\u00e1rquez, a trav\u00e9s del Sistema DIF Municipal, ampli\u00f3 la cobertura sanitaria a trav\u00e9s del programa Impulsando tu Salud en tu Comunidad, que ahora cuenta con dos unidades m\u00e9dicas m\u00f3viles que recorren [&hellip;]\" \/>\n<meta property=\"og:url\" content=\"https:\/\/agencia.252.com.mx\/home\/amplia-gobierno-de-naucalpan-cobertura-sanitaria-en-las-comunidades-con-el-programa-impusando-tu-salud\/\" \/>\n<meta property=\"og:site_name\" content=\"Agencia252\" \/>\n<meta property=\"article:publisher\" content=\"https:\/\/www.facebook.com\/252Comunicacion\/\" \/>\n<meta property=\"article:author\" content=\"https:\/\/www.facebook.com\/jcorroherrera\/\" \/>\n<meta property=\"article:published_time\" content=\"2026-03-07T22:46:29+00:00\" \/>\n<meta property=\"article:modified_time\" content=\"2026-03-08T00:24:47+00:00\" \/>\n<meta property=\"og:image\" content=\"http:\/\/agencia.252.com.mx\/wp-content\/uploads\/2026\/03\/WhatsApp-Image-2026-03-07-at-1.16.46-PM.jpeg\" \/>\n\t<meta property=\"og:image:width\" content=\"1600\" \/>\n\t<meta property=\"og:image:height\" content=\"1068\" \/>\n\t<meta property=\"og:image:type\" content=\"image\/jpeg\" \/>\n<meta name=\"author\" content=\"Nacho Corro\" \/>\n<meta name=\"twitter:card\" content=\"summary_large_image\" \/>\n<meta name=\"twitter:creator\" content=\"@Juan Ignacio Corro Herrera\" \/>\n<meta name=\"twitter:site\" content=\"@252COMS\" \/>\n<meta name=\"twitter:label1\" content=\"Escrito por\" \/>\n\t<meta name=\"twitter:data1\" content=\"Nacho Corro\" \/>\n\t<meta name=\"twitter:label2\" content=\"Tiempo de lectura\" \/>\n\t<meta name=\"twitter:data2\" content=\"4 minutos\" \/>\n<script type=\"application\/ld+json\" class=\"yoast-schema-graph\">{\"@context\":\"https:\\\/\\\/schema.org\",\"@graph\":[{\"@type\":\"Article\",\"@id\":\"https:\\\/\\\/agencia.252.com.mx\\\/home\\\/amplia-gobierno-de-naucalpan-cobertura-sanitaria-en-las-comunidades-con-el-programa-impusando-tu-salud\\\/#article\",\"isPartOf\":{\"@id\":\"https:\\\/\\\/agencia.252.com.mx\\\/home\\\/amplia-gobierno-de-naucalpan-cobertura-sanitaria-en-las-comunidades-con-el-programa-impusando-tu-salud\\\/\"},\"author\":{\"name\":\"Nacho Corro\",\"@id\":\"https:\\\/\\\/agencia.252.com.mx\\\/home\\\/#\\\/schema\\\/person\\\/6b972021e9a92d45ade8c78d81509098\"},\"headline\":\"Ampl\u00eda Gobierno de Naucalpan cobertura sanitaria en las comunidades con el programa Impusando Tu Salud\u00a0\",\"datePublished\":\"2026-03-07T22:46:29+00:00\",\"dateModified\":\"2026-03-08T00:24:47+00:00\",\"mainEntityOfPage\":{\"@id\":\"https:\\\/\\\/agencia.252.com.mx\\\/home\\\/amplia-gobierno-de-naucalpan-cobertura-sanitaria-en-las-comunidades-con-el-programa-impusando-tu-salud\\\/\"},\"wordCount\":811,\"commentCount\":0,\"publisher\":{\"@id\":\"https:\\\/\\\/agencia.252.com.mx\\\/home\\\/#organization\"},\"image\":{\"@id\":\"https:\\\/\\\/agencia.252.com.mx\\\/home\\\/amplia-gobierno-de-naucalpan-cobertura-sanitaria-en-las-comunidades-con-el-programa-impusando-tu-salud\\\/#primaryimage\"},\"thumbnailUrl\":\"https:\\\/\\\/agencia.252.com.mx\\\/wp-content\\\/uploads\\\/2026\\\/03\\\/WhatsApp-Image-2026-03-07-at-1.16.46-PM.jpeg\",\"keywords\":[\"Edomex\"],\"articleSection\":[\"Edomex\",\"Metropoli\",\"Naucalpan\",\"salud\",\"Uncategorized\"],\"inLanguage\":\"es\",\"potentialAction\":[{\"@type\":\"CommentAction\",\"name\":\"Comment\",\"target\":[\"https:\\\/\\\/agencia.252.com.mx\\\/home\\\/amplia-gobierno-de-naucalpan-cobertura-sanitaria-en-las-comunidades-con-el-programa-impusando-tu-salud\\\/#respond\"]}]},{\"@type\":\"WebPage\",\"@id\":\"https:\\\/\\\/agencia.252.com.mx\\\/home\\\/amplia-gobierno-de-naucalpan-cobertura-sanitaria-en-las-comunidades-con-el-programa-impusando-tu-salud\\\/\",\"url\":\"https:\\\/\\\/agencia.252.com.mx\\\/home\\\/amplia-gobierno-de-naucalpan-cobertura-sanitaria-en-las-comunidades-con-el-programa-impusando-tu-salud\\\/\",\"name\":\"Ampl\u00eda Gobierno de Naucalpan cobertura sanitaria en las comunidades con el programa Impusando Tu Salud\u00a0 - Agencia252\",\"isPartOf\":{\"@id\":\"https:\\\/\\\/agencia.252.com.mx\\\/home\\\/#website\"},\"primaryImageOfPage\":{\"@id\":\"https:\\\/\\\/agencia.252.com.mx\\\/home\\\/amplia-gobierno-de-naucalpan-cobertura-sanitaria-en-las-comunidades-con-el-programa-impusando-tu-salud\\\/#primaryimage\"},\"image\":{\"@id\":\"https:\\\/\\\/agencia.252.com.mx\\\/home\\\/amplia-gobierno-de-naucalpan-cobertura-sanitaria-en-las-comunidades-con-el-programa-impusando-tu-salud\\\/#primaryimage\"},\"thumbnailUrl\":\"https:\\\/\\\/agencia.252.com.mx\\\/wp-content\\\/uploads\\\/2026\\\/03\\\/WhatsApp-Image-2026-03-07-at-1.16.46-PM.jpeg\",\"datePublished\":\"2026-03-07T22:46:29+00:00\",\"dateModified\":\"2026-03-08T00:24:47+00:00\",\"breadcrumb\":{\"@id\":\"https:\\\/\\\/agencia.252.com.mx\\\/home\\\/amplia-gobierno-de-naucalpan-cobertura-sanitaria-en-las-comunidades-con-el-programa-impusando-tu-salud\\\/#breadcrumb\"},\"inLanguage\":\"es\",\"potentialAction\":[{\"@type\":\"ReadAction\",\"target\":[\"https:\\\/\\\/agencia.252.com.mx\\\/home\\\/amplia-gobierno-de-naucalpan-cobertura-sanitaria-en-las-comunidades-con-el-programa-impusando-tu-salud\\\/\"]}]},{\"@type\":\"ImageObject\",\"inLanguage\":\"es\",\"@id\":\"https:\\\/\\\/agencia.252.com.mx\\\/home\\\/amplia-gobierno-de-naucalpan-cobertura-sanitaria-en-las-comunidades-con-el-programa-impusando-tu-salud\\\/#primaryimage\",\"url\":\"https:\\\/\\\/agencia.252.com.mx\\\/wp-content\\\/uploads\\\/2026\\\/03\\\/WhatsApp-Image-2026-03-07-at-1.16.46-PM.jpeg\",\"contentUrl\":\"https:\\\/\\\/agencia.252.com.mx\\\/wp-content\\\/uploads\\\/2026\\\/03\\\/WhatsApp-Image-2026-03-07-at-1.16.46-PM.jpeg\",\"width\":1600,\"height\":1068},{\"@type\":\"BreadcrumbList\",\"@id\":\"https:\\\/\\\/agencia.252.com.mx\\\/home\\\/amplia-gobierno-de-naucalpan-cobertura-sanitaria-en-las-comunidades-con-el-programa-impusando-tu-salud\\\/#breadcrumb\",\"itemListElement\":[{\"@type\":\"ListItem\",\"position\":1,\"name\":\"Portada\",\"item\":\"https:\\\/\\\/agencia.252.com.mx\\\/home\\\/\"},{\"@type\":\"ListItem\",\"position\":2,\"name\":\"Ampl\u00eda Gobierno de Naucalpan cobertura sanitaria en las comunidades con el programa Impusando Tu Salud\u00a0\"}]},{\"@type\":\"WebSite\",\"@id\":\"https:\\\/\\\/agencia.252.com.mx\\\/home\\\/#website\",\"url\":\"https:\\\/\\\/agencia.252.com.mx\\\/home\\\/\",\"name\":\"Agencia252\",\"description\":\"Tu espacio en la Red\",\"publisher\":{\"@id\":\"https:\\\/\\\/agencia.252.com.mx\\\/home\\\/#organization\"},\"potentialAction\":[{\"@type\":\"SearchAction\",\"target\":{\"@type\":\"EntryPoint\",\"urlTemplate\":\"https:\\\/\\\/agencia.252.com.mx\\\/home\\\/?s={search_term_string}\"},\"query-input\":{\"@type\":\"PropertyValueSpecification\",\"valueRequired\":true,\"valueName\":\"search_term_string\"}}],\"inLanguage\":\"es\"},{\"@type\":\"Organization\",\"@id\":\"https:\\\/\\\/agencia.252.com.mx\\\/home\\\/#organization\",\"name\":\"Agencia252\",\"url\":\"https:\\\/\\\/agencia.252.com.mx\\\/home\\\/\",\"logo\":{\"@type\":\"ImageObject\",\"inLanguage\":\"es\",\"@id\":\"https:\\\/\\\/agencia.252.com.mx\\\/home\\\/#\\\/schema\\\/logo\\\/image\\\/\",\"url\":\"https:\\\/\\\/agencia.252.com.mx\\\/wp-content\\\/uploads\\\/2023\\\/02\\\/cropped-ciruclo-agencia-e1677562404136.png\",\"contentUrl\":\"https:\\\/\\\/agencia.252.com.mx\\\/wp-content\\\/uploads\\\/2023\\\/02\\\/cropped-ciruclo-agencia-e1677562404136.png\",\"width\":512,\"height\":512,\"caption\":\"Agencia252\"},\"image\":{\"@id\":\"https:\\\/\\\/agencia.252.com.mx\\\/home\\\/#\\\/schema\\\/logo\\\/image\\\/\"},\"sameAs\":[\"https:\\\/\\\/www.facebook.com\\\/252Comunicacion\\\/\",\"https:\\\/\\\/x.com\\\/252COMS\"]},{\"@type\":\"Person\",\"@id\":\"https:\\\/\\\/agencia.252.com.mx\\\/home\\\/#\\\/schema\\\/person\\\/6b972021e9a92d45ade8c78d81509098\",\"name\":\"Nacho Corro\",\"image\":{\"@type\":\"ImageObject\",\"inLanguage\":\"es\",\"@id\":\"https:\\\/\\\/secure.gravatar.com\\\/avatar\\\/5db6df507cfe1307e192fbb498c6b85f1cf2ffd8b4cd37141b9eea588fcbd5a4?s=96&r=g\",\"url\":\"https:\\\/\\\/secure.gravatar.com\\\/avatar\\\/5db6df507cfe1307e192fbb498c6b85f1cf2ffd8b4cd37141b9eea588fcbd5a4?s=96&r=g\",\"contentUrl\":\"https:\\\/\\\/secure.gravatar.com\\\/avatar\\\/5db6df507cfe1307e192fbb498c6b85f1cf2ffd8b4cd37141b9eea588fcbd5a4?s=96&r=g\",\"caption\":\"Nacho Corro\"},\"description\":\"Comunicador Social, Periodista y Administraci\u00f3n P\u00fablica. Conversador pol\u00edtico, temas electorales y seguridad. Generador de contenidos digitales. Amante de la fotograf\u00eda\",\"sameAs\":[\"https:\\\/\\\/www.facebook.com\\\/jcorroherrera\\\/\",\"www.instagram.com\\\/nachocorro\\\/\",\"https:\\\/\\\/x.com\\\/Juan Ignacio Corro Herrera\"],\"url\":\"https:\\\/\\\/agencia.252.com.mx\\\/home\\\/author\\\/i-corro\\\/\"}]}<\/script>\n<!-- \/ Yoast SEO plugin. -->","yoast_head_json":{"title":"Ampl\u00eda Gobierno de Naucalpan cobertura sanitaria en las comunidades con el programa Impusando Tu Salud\u00a0 - Agencia252","robots":{"index":"index","follow":"follow","max-snippet":"max-snippet:-1","max-image-preview":"max-image-preview:large","max-video-preview":"max-video-preview:-1"},"canonical":"https:\/\/agencia.252.com.mx\/home\/amplia-gobierno-de-naucalpan-cobertura-sanitaria-en-las-comunidades-con-el-programa-impusando-tu-salud\/","og_locale":"es_ES","og_type":"article","og_title":"Ampl\u00eda Gobierno de Naucalpan cobertura sanitaria en las comunidades con el programa Impusando Tu Salud\u00a0 - Agencia252","og_description":"Visitas: 11 Juan Ignacio Corro&nbsp; Naucalpan, Estado de M\u00e9xico, a 7 de marzo&nbsp;de 2026 El Gobierno de Naucalpan encabezado por el Alcalde Isaac Montoya M\u00e1rquez, a trav\u00e9s del Sistema DIF Municipal, ampli\u00f3 la cobertura sanitaria a trav\u00e9s del programa Impulsando tu Salud en tu Comunidad, que ahora cuenta con dos unidades m\u00e9dicas m\u00f3viles que recorren [&hellip;]","og_url":"https:\/\/agencia.252.com.mx\/home\/amplia-gobierno-de-naucalpan-cobertura-sanitaria-en-las-comunidades-con-el-programa-impusando-tu-salud\/","og_site_name":"Agencia252","article_publisher":"https:\/\/www.facebook.com\/252Comunicacion\/","article_author":"https:\/\/www.facebook.com\/jcorroherrera\/","article_published_time":"2026-03-07T22:46:29+00:00","article_modified_time":"2026-03-08T00:24:47+00:00","og_image":[{"width":1600,"height":1068,"url":"http:\/\/agencia.252.com.mx\/wp-content\/uploads\/2026\/03\/WhatsApp-Image-2026-03-07-at-1.16.46-PM.jpeg","type":"image\/jpeg"}],"author":"Nacho Corro","twitter_card":"summary_large_image","twitter_creator":"@Juan Ignacio Corro Herrera","twitter_site":"@252COMS","twitter_misc":{"Escrito por":"Nacho Corro","Tiempo de lectura":"4 minutos"},"schema":{"@context":"https:\/\/schema.org","@graph":[{"@type":"Article","@id":"https:\/\/agencia.252.com.mx\/home\/amplia-gobierno-de-naucalpan-cobertura-sanitaria-en-las-comunidades-con-el-programa-impusando-tu-salud\/#article","isPartOf":{"@id":"https:\/\/agencia.252.com.mx\/home\/amplia-gobierno-de-naucalpan-cobertura-sanitaria-en-las-comunidades-con-el-programa-impusando-tu-salud\/"},"author":{"name":"Nacho Corro","@id":"https:\/\/agencia.252.com.mx\/home\/#\/schema\/person\/6b972021e9a92d45ade8c78d81509098"},"headline":"Ampl\u00eda Gobierno de Naucalpan cobertura sanitaria en las comunidades con el programa Impusando Tu Salud\u00a0","datePublished":"2026-03-07T22:46:29+00:00","dateModified":"2026-03-08T00:24:47+00:00","mainEntityOfPage":{"@id":"https:\/\/agencia.252.com.mx\/home\/amplia-gobierno-de-naucalpan-cobertura-sanitaria-en-las-comunidades-con-el-programa-impusando-tu-salud\/"},"wordCount":811,"commentCount":0,"publisher":{"@id":"https:\/\/agencia.252.com.mx\/home\/#organization"},"image":{"@id":"https:\/\/agencia.252.com.mx\/home\/amplia-gobierno-de-naucalpan-cobertura-sanitaria-en-las-comunidades-con-el-programa-impusando-tu-salud\/#primaryimage"},"thumbnailUrl":"https:\/\/agencia.252.com.mx\/wp-content\/uploads\/2026\/03\/WhatsApp-Image-2026-03-07-at-1.16.46-PM.jpeg","keywords":["Edomex"],"articleSection":["Edomex","Metropoli","Naucalpan","salud","Uncategorized"],"inLanguage":"es","potentialAction":[{"@type":"CommentAction","name":"Comment","target":["https:\/\/agencia.252.com.mx\/home\/amplia-gobierno-de-naucalpan-cobertura-sanitaria-en-las-comunidades-con-el-programa-impusando-tu-salud\/#respond"]}]},{"@type":"WebPage","@id":"https:\/\/agencia.252.com.mx\/home\/amplia-gobierno-de-naucalpan-cobertura-sanitaria-en-las-comunidades-con-el-programa-impusando-tu-salud\/","url":"https:\/\/agencia.252.com.mx\/home\/amplia-gobierno-de-naucalpan-cobertura-sanitaria-en-las-comunidades-con-el-programa-impusando-tu-salud\/","name":"Ampl\u00eda Gobierno de Naucalpan cobertura sanitaria en las comunidades con el programa Impusando Tu Salud\u00a0 - Agencia252","isPartOf":{"@id":"https:\/\/agencia.252.com.mx\/home\/#website"},"primaryImageOfPage":{"@id":"https:\/\/agencia.252.com.mx\/home\/amplia-gobierno-de-naucalpan-cobertura-sanitaria-en-las-comunidades-con-el-programa-impusando-tu-salud\/#primaryimage"},"image":{"@id":"https:\/\/agencia.252.com.mx\/home\/amplia-gobierno-de-naucalpan-cobertura-sanitaria-en-las-comunidades-con-el-programa-impusando-tu-salud\/#primaryimage"},"thumbnailUrl":"https:\/\/agencia.252.com.mx\/wp-content\/uploads\/2026\/03\/WhatsApp-Image-2026-03-07-at-1.16.46-PM.jpeg","datePublished":"2026-03-07T22:46:29+00:00","dateModified":"2026-03-08T00:24:47+00:00","breadcrumb":{"@id":"https:\/\/agencia.252.com.mx\/home\/amplia-gobierno-de-naucalpan-cobertura-sanitaria-en-las-comunidades-con-el-programa-impusando-tu-salud\/#breadcrumb"},"inLanguage":"es","potentialAction":[{"@type":"ReadAction","target":["https:\/\/agencia.252.com.mx\/home\/amplia-gobierno-de-naucalpan-cobertura-sanitaria-en-las-comunidades-con-el-programa-impusando-tu-salud\/"]}]},{"@type":"ImageObject","inLanguage":"es","@id":"https:\/\/agencia.252.com.mx\/home\/amplia-gobierno-de-naucalpan-cobertura-sanitaria-en-las-comunidades-con-el-programa-impusando-tu-salud\/#primaryimage","url":"https:\/\/agencia.252.com.mx\/wp-content\/uploads\/2026\/03\/WhatsApp-Image-2026-03-07-at-1.16.46-PM.jpeg","contentUrl":"https:\/\/agencia.252.com.mx\/wp-content\/uploads\/2026\/03\/WhatsApp-Image-2026-03-07-at-1.16.46-PM.jpeg","width":1600,"height":1068},{"@type":"BreadcrumbList","@id":"https:\/\/agencia.252.com.mx\/home\/amplia-gobierno-de-naucalpan-cobertura-sanitaria-en-las-comunidades-con-el-programa-impusando-tu-salud\/#breadcrumb","itemListElement":[{"@type":"ListItem","position":1,"name":"Portada","item":"https:\/\/agencia.252.com.mx\/home\/"},{"@type":"ListItem","position":2,"name":"Ampl\u00eda Gobierno de Naucalpan cobertura sanitaria en las comunidades con el programa Impusando Tu Salud\u00a0"}]},{"@type":"WebSite","@id":"https:\/\/agencia.252.com.mx\/home\/#website","url":"https:\/\/agencia.252.com.mx\/home\/","name":"Agencia252","description":"Tu espacio en la Red","publisher":{"@id":"https:\/\/agencia.252.com.mx\/home\/#organization"},"potentialAction":[{"@type":"SearchAction","target":{"@type":"EntryPoint","urlTemplate":"https:\/\/agencia.252.com.mx\/home\/?s={search_term_string}"},"query-input":{"@type":"PropertyValueSpecification","valueRequired":true,"valueName":"search_term_string"}}],"inLanguage":"es"},{"@type":"Organization","@id":"https:\/\/agencia.252.com.mx\/home\/#organization","name":"Agencia252","url":"https:\/\/agencia.252.com.mx\/home\/","logo":{"@type":"ImageObject","inLanguage":"es","@id":"https:\/\/agencia.252.com.mx\/home\/#\/schema\/logo\/image\/","url":"https:\/\/agencia.252.com.mx\/wp-content\/uploads\/2023\/02\/cropped-ciruclo-agencia-e1677562404136.png","contentUrl":"https:\/\/agencia.252.com.mx\/wp-content\/uploads\/2023\/02\/cropped-ciruclo-agencia-e1677562404136.png","width":512,"height":512,"caption":"Agencia252"},"image":{"@id":"https:\/\/agencia.252.com.mx\/home\/#\/schema\/logo\/image\/"},"sameAs":["https:\/\/www.facebook.com\/252Comunicacion\/","https:\/\/x.com\/252COMS"]},{"@type":"Person","@id":"https:\/\/agencia.252.com.mx\/home\/#\/schema\/person\/6b972021e9a92d45ade8c78d81509098","name":"Nacho Corro","image":{"@type":"ImageObject","inLanguage":"es","@id":"https:\/\/secure.gravatar.com\/avatar\/5db6df507cfe1307e192fbb498c6b85f1cf2ffd8b4cd37141b9eea588fcbd5a4?s=96&r=g","url":"https:\/\/secure.gravatar.com\/avatar\/5db6df507cfe1307e192fbb498c6b85f1cf2ffd8b4cd37141b9eea588fcbd5a4?s=96&r=g","contentUrl":"https:\/\/secure.gravatar.com\/avatar\/5db6df507cfe1307e192fbb498c6b85f1cf2ffd8b4cd37141b9eea588fcbd5a4?s=96&r=g","caption":"Nacho Corro"},"description":"Comunicador Social, Periodista y Administraci\u00f3n P\u00fablica. Conversador pol\u00edtico, temas electorales y seguridad. Generador de contenidos digitales. Amante de la fotograf\u00eda","sameAs":["https:\/\/www.facebook.com\/jcorroherrera\/","www.instagram.com\/nachocorro\/","https:\/\/x.com\/Juan Ignacio Corro Herrera"],"url":"https:\/\/agencia.252.com.mx\/home\/author\/i-corro\/"}]}},"_links":{"self":[{"href":"https:\/\/agencia.252.com.mx\/home\/wp-json\/wp\/v2\/posts\/16697","targetHints":{"allow":["GET"]}}],"collection":[{"href":"https:\/\/agencia.252.com.mx\/home\/wp-json\/wp\/v2\/posts"}],"about":[{"href":"https:\/\/agencia.252.com.mx\/home\/wp-json\/wp\/v2\/types\/post"}],"author":[{"embeddable":true,"href":"https:\/\/agencia.252.com.mx\/home\/wp-json\/wp\/v2\/users\/5"}],"replies":[{"embeddable":true,"href":"https:\/\/agencia.252.com.mx\/home\/wp-json\/wp\/v2\/comments?post=16697"}],"version-history":[{"count":2,"href":"https:\/\/agencia.252.com.mx\/home\/wp-json\/wp\/v2\/posts\/16697\/revisions"}],"predecessor-version":[{"id":16704,"href":"https:\/\/agencia.252.com.mx\/home\/wp-json\/wp\/v2\/posts\/16697\/revisions\/16704"}],"wp:featuredmedia":[{"embeddable":true,"href":"https:\/\/agencia.252.com.mx\/home\/wp-json\/wp\/v2\/media\/16702"}],"wp:attachment":[{"href":"https:\/\/agencia.252.com.mx\/home\/wp-json\/wp\/v2\/media?parent=16697"}],"wp:term":[{"taxonomy":"category","embeddable":true,"href":"https:\/\/agencia.252.com.mx\/home\/wp-json\/wp\/v2\/categories?post=16697"},{"taxonomy":"post_tag","embeddable":true,"href":"https:\/\/agencia.252.com.mx\/home\/wp-json\/wp\/v2\/tags?post=16697"}],"curies":[{"name":"wp","href":"https:\/\/api.w.org\/{rel}","templated":true}]}}