{"id":16691,"date":"2026-03-07T16:34:34","date_gmt":"2026-03-07T22:34:34","guid":{"rendered":"https:\/\/agencia.252.com.mx\/home\/?p=16691"},"modified":"2026-03-07T16:34:35","modified_gmt":"2026-03-07T22:34:35","slug":"tlalnepantla-conmemora-el-8m-con-festival-por-los-derehos-de-las-mujeres-en-san-juan-ixhuatepec","status":"publish","type":"post","link":"https:\/\/agencia.252.com.mx\/home\/tlalnepantla-conmemora-el-8m-con-festival-por-los-derehos-de-las-mujeres-en-san-juan-ixhuatepec\/","title":{"rendered":"Tlalnepantla conmemora el 8M con festival por los derehos de las mujeres en San Juan Ixhuatepec"},"content":{"rendered":"<p>Visitas: 25<\/p>\n<ul class=\"wp-block-list\">\n<li><em>El Gobierno de Tlalnepantla que encabeza Raciel P\u00e9rez Cruz tiene como eje y pol\u00edtica p\u00fablica el empoderamiento y la protecci\u00f3n de las mujeres.<\/em><\/li>\n\n\n\n<li><em>A trav\u00e9s de diversas dependencias se ofrecieron servicios integrales de salud, asesor\u00eda legal y acompa\u00f1amiento especializado para garantizar el bienestar de las mujeres, ni\u00f1as y adolescentes.<\/em><\/li>\n<\/ul>\n\n\n\n<p><em>Juan Ignacio Corro&nbsp;<\/em><\/p>\n\n\n\n<p class=\"has-text-align-right\">Tlalnepantla, Estado de M\u00e9xico, a 7 de marzo&nbsp;de 2026<\/p>\n\n\n\n<p>En el marco del D\u00eda Internacional de la Mujer, el Gobierno de Tlalnepantla de Baz llev\u00f3 a cabo el \u00abFestival por los Derechos de las Mujeres\u00bb en el Parque Hidalgo de San Juan Ixhuatepec.&nbsp;<\/p>\n\n\n\n<p>Este evento representa un esfuerzo conjunto de diversas \u00e1reas de la administraci\u00f3n p\u00fablica municipal y colectivas de la sociedad civil para acercar servicios de orientaci\u00f3n y apoyo a las ciudadanas del municipio.&nbsp;<\/p>\n\n\n\n<figure class=\"wp-block-image alignright size-medium\"><img fetchpriority=\"high\" decoding=\"async\" width=\"300\" height=\"200\" src=\"https:\/\/agencia.252.com.mx\/wp-content\/uploads\/2026\/03\/WhatsApp-Image-2026-03-07-at-4.21.12-PM-2-300x200.jpeg\" alt=\"\" class=\"wp-image-16693\" srcset=\"https:\/\/agencia.252.com.mx\/wp-content\/uploads\/2026\/03\/WhatsApp-Image-2026-03-07-at-4.21.12-PM-2-300x200.jpeg 300w, https:\/\/agencia.252.com.mx\/wp-content\/uploads\/2026\/03\/WhatsApp-Image-2026-03-07-at-4.21.12-PM-2-1024x683.jpeg 1024w, https:\/\/agencia.252.com.mx\/wp-content\/uploads\/2026\/03\/WhatsApp-Image-2026-03-07-at-4.21.12-PM-2-768x512.jpeg 768w, https:\/\/agencia.252.com.mx\/wp-content\/uploads\/2026\/03\/WhatsApp-Image-2026-03-07-at-4.21.12-PM-2.jpeg 1280w\" sizes=\"(max-width: 300px) 100vw, 300px\" \/><\/figure>\n\n\n\n<p>La jornada cont\u00f3 con la participaci\u00f3n de la Direcci\u00f3n de Mujeres, el DIF, la Defensor\u00eda Municipal de los Derechos Humanos, la Polic\u00eda de G\u00e9nero, adem\u00e1s de organizaciones aliadas que ofrecieron atenci\u00f3n en un solo espacio para facilitar el acceso a derechos fundamentales.<\/p>\n\n\n\n<p>Durante el desarrollo de las actividades, se enfatiz\u00f3 que la administraci\u00f3n del Presidente Municipal, Raciel P\u00e9rez Cruz, mantiene como prioridad transversal el empoderamiento y la protecci\u00f3n de las mujeres, con acciones como la ejecuci\u00f3n de obras con perspectiva de g\u00e9nero como los senderos seguros.<\/p>\n\n\n\n<p>Este compromiso institucional se refleja en la implementaci\u00f3n de servicios que van desde la orientaci\u00f3n psicol\u00f3gica y el acompa\u00f1amiento en predenuncias, hasta la entrega de insumos de higiene y la promoci\u00f3n de la autonom\u00eda econ\u00f3mica a trav\u00e9s de la coordinaci\u00f3n de mujeres artesanas.&nbsp;<\/p>\n\n\n\n<p>La intenci\u00f3n es consolidar un gobierno que escuche y responda de manera efectiva a las necesidades de la poblaci\u00f3n femenina en todas sus etapas de vida.<\/p>\n\n\n\n<p>El festival integr\u00f3 un programa cultural y art\u00edstico que incluy\u00f3 la participaci\u00f3n de cantautoras, grupos de danz\u00f3n y el reconocimiento a \u00abMujeres que inspiran\u00bb, como para de las acciones para fomentar la apropiaci\u00f3n de los espacios p\u00fablicos por parte de las familias de la zona oriente del municipio.&nbsp;<\/p>\n\n\n\n<p>Con estas acciones, el Gobierno de Tlalnepantla reafirma que la atenci\u00f3n a las mujeres es una pol\u00edtica p\u00fablica permanente, con la construcci\u00f3n de una comunidad m\u00e1s justa, segura y con igualdad de oportunidades para todas.<\/p>\n","protected":false},"excerpt":{"rendered":"<p>Visitas: 25 Juan Ignacio Corro&nbsp; Tlalnepantla, Estado de M\u00e9xico, a 7 de marzo&nbsp;de 2026 En el marco del D\u00eda Internacional de la Mujer, el Gobierno de Tlalnepantla de Baz llev\u00f3 a cabo el \u00abFestival por los Derechos de las Mujeres\u00bb en el Parque Hidalgo de San Juan Ixhuatepec.&nbsp; Este evento representa un esfuerzo conjunto de [&hellip;]<\/p>\n","protected":false},"author":5,"featured_media":16692,"comment_status":"open","ping_status":"open","sticky":false,"template":"","format":"standard","meta":{"site-sidebar-layout":"default","site-content-layout":"","ast-site-content-layout":"default","site-content-style":"default","site-sidebar-style":"default","ast-global-header-display":"","ast-banner-title-visibility":"","ast-main-header-display":"","ast-hfb-above-header-display":"","ast-hfb-below-header-display":"","ast-hfb-mobile-header-display":"","site-post-title":"","ast-breadcrumbs-content":"","ast-featured-img":"","footer-sml-layout":"","ast-disable-related-posts":"","theme-transparent-header-meta":"","adv-header-id-meta":"","stick-header-meta":"","header-above-stick-meta":"","header-main-stick-meta":"","header-below-stick-meta":"","astra-migrate-meta-layouts":"set","ast-page-background-enabled":"default","ast-page-background-meta":{"desktop":{"background-color":"var(--ast-global-color-4)","background-image":"","background-repeat":"repeat","background-position":"center center","background-size":"auto","background-attachment":"scroll","background-type":"","background-media":"","overlay-type":"","overlay-color":"","overlay-opacity":"","overlay-gradient":""},"tablet":{"background-color":"","background-image":"","background-repeat":"repeat","background-position":"center center","background-size":"auto","background-attachment":"scroll","background-type":"","background-media":"","overlay-type":"","overlay-color":"","overlay-opacity":"","overlay-gradient":""},"mobile":{"background-color":"","background-image":"","background-repeat":"repeat","background-position":"center center","background-size":"auto","background-attachment":"scroll","background-type":"","background-media":"","overlay-type":"","overlay-color":"","overlay-opacity":"","overlay-gradient":""}},"ast-content-background-meta":{"desktop":{"background-color":"var(--ast-global-color-5)","background-image":"","background-repeat":"repeat","background-position":"center center","background-size":"auto","background-attachment":"scroll","background-type":"","background-media":"","overlay-type":"","overlay-color":"","overlay-opacity":"","overlay-gradient":""},"tablet":{"background-color":"var(--ast-global-color-5)","background-image":"","background-repeat":"repeat","background-position":"center center","background-size":"auto","background-attachment":"scroll","background-type":"","background-media":"","overlay-type":"","overlay-color":"","overlay-opacity":"","overlay-gradient":""},"mobile":{"background-color":"var(--ast-global-color-5)","background-image":"","background-repeat":"repeat","background-position":"center center","background-size":"auto","background-attachment":"scroll","background-type":"","background-media":"","overlay-type":"","overlay-color":"","overlay-opacity":"","overlay-gradient":""}},"footnotes":""},"categories":[8,512,53,56],"tags":[],"class_list":["post-16691","post","type-post","status-publish","format-standard","has-post-thumbnail","hentry","category-edomex","category-metropoli","category-mujeres","category-tlalnepantla"],"yoast_head":"<!-- This site is optimized with the Yoast SEO plugin v27.4 - https:\/\/yoast.com\/product\/yoast-seo-wordpress\/ -->\n<title>Tlalnepantla conmemora el 8M con festival por los derehos de las mujeres en San Juan Ixhuatepec - Agencia252<\/title>\n<meta name=\"robots\" content=\"index, follow, max-snippet:-1, max-image-preview:large, max-video-preview:-1\" \/>\n<link rel=\"canonical\" href=\"https:\/\/agencia.252.com.mx\/home\/tlalnepantla-conmemora-el-8m-con-festival-por-los-derehos-de-las-mujeres-en-san-juan-ixhuatepec\/\" \/>\n<meta property=\"og:locale\" content=\"es_ES\" \/>\n<meta property=\"og:type\" content=\"article\" \/>\n<meta property=\"og:title\" content=\"Tlalnepantla conmemora el 8M con festival por los derehos de las mujeres en San Juan Ixhuatepec - Agencia252\" \/>\n<meta property=\"og:description\" content=\"Visitas: 25 Juan Ignacio Corro&nbsp; Tlalnepantla, Estado de M\u00e9xico, a 7 de marzo&nbsp;de 2026 En el marco del D\u00eda Internacional de la Mujer, el Gobierno de Tlalnepantla de Baz llev\u00f3 a cabo el \u00abFestival por los Derechos de las Mujeres\u00bb en el Parque Hidalgo de San Juan Ixhuatepec.&nbsp; Este evento representa un esfuerzo conjunto de [&hellip;]\" \/>\n<meta property=\"og:url\" content=\"https:\/\/agencia.252.com.mx\/home\/tlalnepantla-conmemora-el-8m-con-festival-por-los-derehos-de-las-mujeres-en-san-juan-ixhuatepec\/\" \/>\n<meta property=\"og:site_name\" content=\"Agencia252\" \/>\n<meta property=\"article:publisher\" content=\"https:\/\/www.facebook.com\/252Comunicacion\/\" \/>\n<meta property=\"article:author\" content=\"https:\/\/www.facebook.com\/jcorroherrera\/\" \/>\n<meta property=\"article:published_time\" content=\"2026-03-07T22:34:34+00:00\" \/>\n<meta property=\"article:modified_time\" content=\"2026-03-07T22:34:35+00:00\" \/>\n<meta property=\"og:image\" content=\"http:\/\/agencia.252.com.mx\/wp-content\/uploads\/2026\/03\/WhatsApp-Image-2026-03-07-at-4.21.12-PM.jpeg\" \/>\n\t<meta property=\"og:image:width\" content=\"1280\" \/>\n\t<meta property=\"og:image:height\" content=\"610\" \/>\n\t<meta property=\"og:image:type\" content=\"image\/jpeg\" \/>\n<meta name=\"author\" content=\"Nacho Corro\" \/>\n<meta name=\"twitter:card\" content=\"summary_large_image\" \/>\n<meta name=\"twitter:creator\" content=\"@Juan Ignacio Corro Herrera\" \/>\n<meta name=\"twitter:site\" content=\"@252COMS\" \/>\n<meta name=\"twitter:label1\" content=\"Escrito por\" \/>\n\t<meta name=\"twitter:data1\" content=\"Nacho Corro\" \/>\n\t<meta name=\"twitter:label2\" content=\"Tiempo de lectura\" \/>\n\t<meta name=\"twitter:data2\" content=\"3 minutos\" \/>\n<script type=\"application\/ld+json\" class=\"yoast-schema-graph\">{\"@context\":\"https:\\\/\\\/schema.org\",\"@graph\":[{\"@type\":\"Article\",\"@id\":\"https:\\\/\\\/agencia.252.com.mx\\\/home\\\/tlalnepantla-conmemora-el-8m-con-festival-por-los-derehos-de-las-mujeres-en-san-juan-ixhuatepec\\\/#article\",\"isPartOf\":{\"@id\":\"https:\\\/\\\/agencia.252.com.mx\\\/home\\\/tlalnepantla-conmemora-el-8m-con-festival-por-los-derehos-de-las-mujeres-en-san-juan-ixhuatepec\\\/\"},\"author\":{\"name\":\"Nacho Corro\",\"@id\":\"https:\\\/\\\/agencia.252.com.mx\\\/home\\\/#\\\/schema\\\/person\\\/6b972021e9a92d45ade8c78d81509098\"},\"headline\":\"Tlalnepantla conmemora el 8M con festival por los derehos de las mujeres en San Juan Ixhuatepec\",\"datePublished\":\"2026-03-07T22:34:34+00:00\",\"dateModified\":\"2026-03-07T22:34:35+00:00\",\"mainEntityOfPage\":{\"@id\":\"https:\\\/\\\/agencia.252.com.mx\\\/home\\\/tlalnepantla-conmemora-el-8m-con-festival-por-los-derehos-de-las-mujeres-en-san-juan-ixhuatepec\\\/\"},\"wordCount\":432,\"commentCount\":0,\"publisher\":{\"@id\":\"https:\\\/\\\/agencia.252.com.mx\\\/home\\\/#organization\"},\"image\":{\"@id\":\"https:\\\/\\\/agencia.252.com.mx\\\/home\\\/tlalnepantla-conmemora-el-8m-con-festival-por-los-derehos-de-las-mujeres-en-san-juan-ixhuatepec\\\/#primaryimage\"},\"thumbnailUrl\":\"https:\\\/\\\/agencia.252.com.mx\\\/wp-content\\\/uploads\\\/2026\\\/03\\\/WhatsApp-Image-2026-03-07-at-4.21.12-PM.jpeg\",\"articleSection\":[\"Edomex\",\"Metropoli\",\"Mujeres\",\"Tlalnepantla\"],\"inLanguage\":\"es\",\"potentialAction\":[{\"@type\":\"CommentAction\",\"name\":\"Comment\",\"target\":[\"https:\\\/\\\/agencia.252.com.mx\\\/home\\\/tlalnepantla-conmemora-el-8m-con-festival-por-los-derehos-de-las-mujeres-en-san-juan-ixhuatepec\\\/#respond\"]}]},{\"@type\":\"WebPage\",\"@id\":\"https:\\\/\\\/agencia.252.com.mx\\\/home\\\/tlalnepantla-conmemora-el-8m-con-festival-por-los-derehos-de-las-mujeres-en-san-juan-ixhuatepec\\\/\",\"url\":\"https:\\\/\\\/agencia.252.com.mx\\\/home\\\/tlalnepantla-conmemora-el-8m-con-festival-por-los-derehos-de-las-mujeres-en-san-juan-ixhuatepec\\\/\",\"name\":\"Tlalnepantla conmemora el 8M con festival por los derehos de las mujeres en San Juan Ixhuatepec - Agencia252\",\"isPartOf\":{\"@id\":\"https:\\\/\\\/agencia.252.com.mx\\\/home\\\/#website\"},\"primaryImageOfPage\":{\"@id\":\"https:\\\/\\\/agencia.252.com.mx\\\/home\\\/tlalnepantla-conmemora-el-8m-con-festival-por-los-derehos-de-las-mujeres-en-san-juan-ixhuatepec\\\/#primaryimage\"},\"image\":{\"@id\":\"https:\\\/\\\/agencia.252.com.mx\\\/home\\\/tlalnepantla-conmemora-el-8m-con-festival-por-los-derehos-de-las-mujeres-en-san-juan-ixhuatepec\\\/#primaryimage\"},\"thumbnailUrl\":\"https:\\\/\\\/agencia.252.com.mx\\\/wp-content\\\/uploads\\\/2026\\\/03\\\/WhatsApp-Image-2026-03-07-at-4.21.12-PM.jpeg\",\"datePublished\":\"2026-03-07T22:34:34+00:00\",\"dateModified\":\"2026-03-07T22:34:35+00:00\",\"breadcrumb\":{\"@id\":\"https:\\\/\\\/agencia.252.com.mx\\\/home\\\/tlalnepantla-conmemora-el-8m-con-festival-por-los-derehos-de-las-mujeres-en-san-juan-ixhuatepec\\\/#breadcrumb\"},\"inLanguage\":\"es\",\"potentialAction\":[{\"@type\":\"ReadAction\",\"target\":[\"https:\\\/\\\/agencia.252.com.mx\\\/home\\\/tlalnepantla-conmemora-el-8m-con-festival-por-los-derehos-de-las-mujeres-en-san-juan-ixhuatepec\\\/\"]}]},{\"@type\":\"ImageObject\",\"inLanguage\":\"es\",\"@id\":\"https:\\\/\\\/agencia.252.com.mx\\\/home\\\/tlalnepantla-conmemora-el-8m-con-festival-por-los-derehos-de-las-mujeres-en-san-juan-ixhuatepec\\\/#primaryimage\",\"url\":\"https:\\\/\\\/agencia.252.com.mx\\\/wp-content\\\/uploads\\\/2026\\\/03\\\/WhatsApp-Image-2026-03-07-at-4.21.12-PM.jpeg\",\"contentUrl\":\"https:\\\/\\\/agencia.252.com.mx\\\/wp-content\\\/uploads\\\/2026\\\/03\\\/WhatsApp-Image-2026-03-07-at-4.21.12-PM.jpeg\",\"width\":1280,\"height\":610},{\"@type\":\"BreadcrumbList\",\"@id\":\"https:\\\/\\\/agencia.252.com.mx\\\/home\\\/tlalnepantla-conmemora-el-8m-con-festival-por-los-derehos-de-las-mujeres-en-san-juan-ixhuatepec\\\/#breadcrumb\",\"itemListElement\":[{\"@type\":\"ListItem\",\"position\":1,\"name\":\"Portada\",\"item\":\"https:\\\/\\\/agencia.252.com.mx\\\/home\\\/\"},{\"@type\":\"ListItem\",\"position\":2,\"name\":\"Tlalnepantla conmemora el 8M con festival por los derehos de las mujeres en San Juan Ixhuatepec\"}]},{\"@type\":\"WebSite\",\"@id\":\"https:\\\/\\\/agencia.252.com.mx\\\/home\\\/#website\",\"url\":\"https:\\\/\\\/agencia.252.com.mx\\\/home\\\/\",\"name\":\"Agencia252\",\"description\":\"Tu espacio en la Red\",\"publisher\":{\"@id\":\"https:\\\/\\\/agencia.252.com.mx\\\/home\\\/#organization\"},\"potentialAction\":[{\"@type\":\"SearchAction\",\"target\":{\"@type\":\"EntryPoint\",\"urlTemplate\":\"https:\\\/\\\/agencia.252.com.mx\\\/home\\\/?s={search_term_string}\"},\"query-input\":{\"@type\":\"PropertyValueSpecification\",\"valueRequired\":true,\"valueName\":\"search_term_string\"}}],\"inLanguage\":\"es\"},{\"@type\":\"Organization\",\"@id\":\"https:\\\/\\\/agencia.252.com.mx\\\/home\\\/#organization\",\"name\":\"Agencia252\",\"url\":\"https:\\\/\\\/agencia.252.com.mx\\\/home\\\/\",\"logo\":{\"@type\":\"ImageObject\",\"inLanguage\":\"es\",\"@id\":\"https:\\\/\\\/agencia.252.com.mx\\\/home\\\/#\\\/schema\\\/logo\\\/image\\\/\",\"url\":\"https:\\\/\\\/agencia.252.com.mx\\\/wp-content\\\/uploads\\\/2023\\\/02\\\/cropped-ciruclo-agencia-e1677562404136.png\",\"contentUrl\":\"https:\\\/\\\/agencia.252.com.mx\\\/wp-content\\\/uploads\\\/2023\\\/02\\\/cropped-ciruclo-agencia-e1677562404136.png\",\"width\":512,\"height\":512,\"caption\":\"Agencia252\"},\"image\":{\"@id\":\"https:\\\/\\\/agencia.252.com.mx\\\/home\\\/#\\\/schema\\\/logo\\\/image\\\/\"},\"sameAs\":[\"https:\\\/\\\/www.facebook.com\\\/252Comunicacion\\\/\",\"https:\\\/\\\/x.com\\\/252COMS\"]},{\"@type\":\"Person\",\"@id\":\"https:\\\/\\\/agencia.252.com.mx\\\/home\\\/#\\\/schema\\\/person\\\/6b972021e9a92d45ade8c78d81509098\",\"name\":\"Nacho Corro\",\"image\":{\"@type\":\"ImageObject\",\"inLanguage\":\"es\",\"@id\":\"https:\\\/\\\/secure.gravatar.com\\\/avatar\\\/5db6df507cfe1307e192fbb498c6b85f1cf2ffd8b4cd37141b9eea588fcbd5a4?s=96&r=g\",\"url\":\"https:\\\/\\\/secure.gravatar.com\\\/avatar\\\/5db6df507cfe1307e192fbb498c6b85f1cf2ffd8b4cd37141b9eea588fcbd5a4?s=96&r=g\",\"contentUrl\":\"https:\\\/\\\/secure.gravatar.com\\\/avatar\\\/5db6df507cfe1307e192fbb498c6b85f1cf2ffd8b4cd37141b9eea588fcbd5a4?s=96&r=g\",\"caption\":\"Nacho Corro\"},\"description\":\"Comunicador Social, Periodista y Administraci\u00f3n P\u00fablica. Conversador pol\u00edtico, temas electorales y seguridad. Generador de contenidos digitales. Amante de la fotograf\u00eda\",\"sameAs\":[\"https:\\\/\\\/www.facebook.com\\\/jcorroherrera\\\/\",\"www.instagram.com\\\/nachocorro\\\/\",\"https:\\\/\\\/x.com\\\/Juan Ignacio Corro Herrera\"],\"url\":\"https:\\\/\\\/agencia.252.com.mx\\\/home\\\/author\\\/i-corro\\\/\"}]}<\/script>\n<!-- \/ Yoast SEO plugin. -->","yoast_head_json":{"title":"Tlalnepantla conmemora el 8M con festival por los derehos de las mujeres en San Juan Ixhuatepec - Agencia252","robots":{"index":"index","follow":"follow","max-snippet":"max-snippet:-1","max-image-preview":"max-image-preview:large","max-video-preview":"max-video-preview:-1"},"canonical":"https:\/\/agencia.252.com.mx\/home\/tlalnepantla-conmemora-el-8m-con-festival-por-los-derehos-de-las-mujeres-en-san-juan-ixhuatepec\/","og_locale":"es_ES","og_type":"article","og_title":"Tlalnepantla conmemora el 8M con festival por los derehos de las mujeres en San Juan Ixhuatepec - Agencia252","og_description":"Visitas: 25 Juan Ignacio Corro&nbsp; Tlalnepantla, Estado de M\u00e9xico, a 7 de marzo&nbsp;de 2026 En el marco del D\u00eda Internacional de la Mujer, el Gobierno de Tlalnepantla de Baz llev\u00f3 a cabo el \u00abFestival por los Derechos de las Mujeres\u00bb en el Parque Hidalgo de San Juan Ixhuatepec.&nbsp; Este evento representa un esfuerzo conjunto de [&hellip;]","og_url":"https:\/\/agencia.252.com.mx\/home\/tlalnepantla-conmemora-el-8m-con-festival-por-los-derehos-de-las-mujeres-en-san-juan-ixhuatepec\/","og_site_name":"Agencia252","article_publisher":"https:\/\/www.facebook.com\/252Comunicacion\/","article_author":"https:\/\/www.facebook.com\/jcorroherrera\/","article_published_time":"2026-03-07T22:34:34+00:00","article_modified_time":"2026-03-07T22:34:35+00:00","og_image":[{"width":1280,"height":610,"url":"http:\/\/agencia.252.com.mx\/wp-content\/uploads\/2026\/03\/WhatsApp-Image-2026-03-07-at-4.21.12-PM.jpeg","type":"image\/jpeg"}],"author":"Nacho Corro","twitter_card":"summary_large_image","twitter_creator":"@Juan Ignacio Corro Herrera","twitter_site":"@252COMS","twitter_misc":{"Escrito por":"Nacho Corro","Tiempo de lectura":"3 minutos"},"schema":{"@context":"https:\/\/schema.org","@graph":[{"@type":"Article","@id":"https:\/\/agencia.252.com.mx\/home\/tlalnepantla-conmemora-el-8m-con-festival-por-los-derehos-de-las-mujeres-en-san-juan-ixhuatepec\/#article","isPartOf":{"@id":"https:\/\/agencia.252.com.mx\/home\/tlalnepantla-conmemora-el-8m-con-festival-por-los-derehos-de-las-mujeres-en-san-juan-ixhuatepec\/"},"author":{"name":"Nacho Corro","@id":"https:\/\/agencia.252.com.mx\/home\/#\/schema\/person\/6b972021e9a92d45ade8c78d81509098"},"headline":"Tlalnepantla conmemora el 8M con festival por los derehos de las mujeres en San Juan Ixhuatepec","datePublished":"2026-03-07T22:34:34+00:00","dateModified":"2026-03-07T22:34:35+00:00","mainEntityOfPage":{"@id":"https:\/\/agencia.252.com.mx\/home\/tlalnepantla-conmemora-el-8m-con-festival-por-los-derehos-de-las-mujeres-en-san-juan-ixhuatepec\/"},"wordCount":432,"commentCount":0,"publisher":{"@id":"https:\/\/agencia.252.com.mx\/home\/#organization"},"image":{"@id":"https:\/\/agencia.252.com.mx\/home\/tlalnepantla-conmemora-el-8m-con-festival-por-los-derehos-de-las-mujeres-en-san-juan-ixhuatepec\/#primaryimage"},"thumbnailUrl":"https:\/\/agencia.252.com.mx\/wp-content\/uploads\/2026\/03\/WhatsApp-Image-2026-03-07-at-4.21.12-PM.jpeg","articleSection":["Edomex","Metropoli","Mujeres","Tlalnepantla"],"inLanguage":"es","potentialAction":[{"@type":"CommentAction","name":"Comment","target":["https:\/\/agencia.252.com.mx\/home\/tlalnepantla-conmemora-el-8m-con-festival-por-los-derehos-de-las-mujeres-en-san-juan-ixhuatepec\/#respond"]}]},{"@type":"WebPage","@id":"https:\/\/agencia.252.com.mx\/home\/tlalnepantla-conmemora-el-8m-con-festival-por-los-derehos-de-las-mujeres-en-san-juan-ixhuatepec\/","url":"https:\/\/agencia.252.com.mx\/home\/tlalnepantla-conmemora-el-8m-con-festival-por-los-derehos-de-las-mujeres-en-san-juan-ixhuatepec\/","name":"Tlalnepantla conmemora el 8M con festival por los derehos de las mujeres en San Juan Ixhuatepec - Agencia252","isPartOf":{"@id":"https:\/\/agencia.252.com.mx\/home\/#website"},"primaryImageOfPage":{"@id":"https:\/\/agencia.252.com.mx\/home\/tlalnepantla-conmemora-el-8m-con-festival-por-los-derehos-de-las-mujeres-en-san-juan-ixhuatepec\/#primaryimage"},"image":{"@id":"https:\/\/agencia.252.com.mx\/home\/tlalnepantla-conmemora-el-8m-con-festival-por-los-derehos-de-las-mujeres-en-san-juan-ixhuatepec\/#primaryimage"},"thumbnailUrl":"https:\/\/agencia.252.com.mx\/wp-content\/uploads\/2026\/03\/WhatsApp-Image-2026-03-07-at-4.21.12-PM.jpeg","datePublished":"2026-03-07T22:34:34+00:00","dateModified":"2026-03-07T22:34:35+00:00","breadcrumb":{"@id":"https:\/\/agencia.252.com.mx\/home\/tlalnepantla-conmemora-el-8m-con-festival-por-los-derehos-de-las-mujeres-en-san-juan-ixhuatepec\/#breadcrumb"},"inLanguage":"es","potentialAction":[{"@type":"ReadAction","target":["https:\/\/agencia.252.com.mx\/home\/tlalnepantla-conmemora-el-8m-con-festival-por-los-derehos-de-las-mujeres-en-san-juan-ixhuatepec\/"]}]},{"@type":"ImageObject","inLanguage":"es","@id":"https:\/\/agencia.252.com.mx\/home\/tlalnepantla-conmemora-el-8m-con-festival-por-los-derehos-de-las-mujeres-en-san-juan-ixhuatepec\/#primaryimage","url":"https:\/\/agencia.252.com.mx\/wp-content\/uploads\/2026\/03\/WhatsApp-Image-2026-03-07-at-4.21.12-PM.jpeg","contentUrl":"https:\/\/agencia.252.com.mx\/wp-content\/uploads\/2026\/03\/WhatsApp-Image-2026-03-07-at-4.21.12-PM.jpeg","width":1280,"height":610},{"@type":"BreadcrumbList","@id":"https:\/\/agencia.252.com.mx\/home\/tlalnepantla-conmemora-el-8m-con-festival-por-los-derehos-de-las-mujeres-en-san-juan-ixhuatepec\/#breadcrumb","itemListElement":[{"@type":"ListItem","position":1,"name":"Portada","item":"https:\/\/agencia.252.com.mx\/home\/"},{"@type":"ListItem","position":2,"name":"Tlalnepantla conmemora el 8M con festival por los derehos de las mujeres en San Juan Ixhuatepec"}]},{"@type":"WebSite","@id":"https:\/\/agencia.252.com.mx\/home\/#website","url":"https:\/\/agencia.252.com.mx\/home\/","name":"Agencia252","description":"Tu espacio en la Red","publisher":{"@id":"https:\/\/agencia.252.com.mx\/home\/#organization"},"potentialAction":[{"@type":"SearchAction","target":{"@type":"EntryPoint","urlTemplate":"https:\/\/agencia.252.com.mx\/home\/?s={search_term_string}"},"query-input":{"@type":"PropertyValueSpecification","valueRequired":true,"valueName":"search_term_string"}}],"inLanguage":"es"},{"@type":"Organization","@id":"https:\/\/agencia.252.com.mx\/home\/#organization","name":"Agencia252","url":"https:\/\/agencia.252.com.mx\/home\/","logo":{"@type":"ImageObject","inLanguage":"es","@id":"https:\/\/agencia.252.com.mx\/home\/#\/schema\/logo\/image\/","url":"https:\/\/agencia.252.com.mx\/wp-content\/uploads\/2023\/02\/cropped-ciruclo-agencia-e1677562404136.png","contentUrl":"https:\/\/agencia.252.com.mx\/wp-content\/uploads\/2023\/02\/cropped-ciruclo-agencia-e1677562404136.png","width":512,"height":512,"caption":"Agencia252"},"image":{"@id":"https:\/\/agencia.252.com.mx\/home\/#\/schema\/logo\/image\/"},"sameAs":["https:\/\/www.facebook.com\/252Comunicacion\/","https:\/\/x.com\/252COMS"]},{"@type":"Person","@id":"https:\/\/agencia.252.com.mx\/home\/#\/schema\/person\/6b972021e9a92d45ade8c78d81509098","name":"Nacho Corro","image":{"@type":"ImageObject","inLanguage":"es","@id":"https:\/\/secure.gravatar.com\/avatar\/5db6df507cfe1307e192fbb498c6b85f1cf2ffd8b4cd37141b9eea588fcbd5a4?s=96&r=g","url":"https:\/\/secure.gravatar.com\/avatar\/5db6df507cfe1307e192fbb498c6b85f1cf2ffd8b4cd37141b9eea588fcbd5a4?s=96&r=g","contentUrl":"https:\/\/secure.gravatar.com\/avatar\/5db6df507cfe1307e192fbb498c6b85f1cf2ffd8b4cd37141b9eea588fcbd5a4?s=96&r=g","caption":"Nacho Corro"},"description":"Comunicador Social, Periodista y Administraci\u00f3n P\u00fablica. Conversador pol\u00edtico, temas electorales y seguridad. Generador de contenidos digitales. Amante de la fotograf\u00eda","sameAs":["https:\/\/www.facebook.com\/jcorroherrera\/","www.instagram.com\/nachocorro\/","https:\/\/x.com\/Juan Ignacio Corro Herrera"],"url":"https:\/\/agencia.252.com.mx\/home\/author\/i-corro\/"}]}},"_links":{"self":[{"href":"https:\/\/agencia.252.com.mx\/home\/wp-json\/wp\/v2\/posts\/16691","targetHints":{"allow":["GET"]}}],"collection":[{"href":"https:\/\/agencia.252.com.mx\/home\/wp-json\/wp\/v2\/posts"}],"about":[{"href":"https:\/\/agencia.252.com.mx\/home\/wp-json\/wp\/v2\/types\/post"}],"author":[{"embeddable":true,"href":"https:\/\/agencia.252.com.mx\/home\/wp-json\/wp\/v2\/users\/5"}],"replies":[{"embeddable":true,"href":"https:\/\/agencia.252.com.mx\/home\/wp-json\/wp\/v2\/comments?post=16691"}],"version-history":[{"count":1,"href":"https:\/\/agencia.252.com.mx\/home\/wp-json\/wp\/v2\/posts\/16691\/revisions"}],"predecessor-version":[{"id":16694,"href":"https:\/\/agencia.252.com.mx\/home\/wp-json\/wp\/v2\/posts\/16691\/revisions\/16694"}],"wp:featuredmedia":[{"embeddable":true,"href":"https:\/\/agencia.252.com.mx\/home\/wp-json\/wp\/v2\/media\/16692"}],"wp:attachment":[{"href":"https:\/\/agencia.252.com.mx\/home\/wp-json\/wp\/v2\/media?parent=16691"}],"wp:term":[{"taxonomy":"category","embeddable":true,"href":"https:\/\/agencia.252.com.mx\/home\/wp-json\/wp\/v2\/categories?post=16691"},{"taxonomy":"post_tag","embeddable":true,"href":"https:\/\/agencia.252.com.mx\/home\/wp-json\/wp\/v2\/tags?post=16691"}],"curies":[{"name":"wp","href":"https:\/\/api.w.org\/{rel}","templated":true}]}}