{"id":16684,"date":"2026-03-07T16:23:22","date_gmt":"2026-03-07T22:23:22","guid":{"rendered":"https:\/\/agencia.252.com.mx\/home\/?p=16684"},"modified":"2026-03-07T16:24:53","modified_gmt":"2026-03-07T22:24:53","slug":"cdmx-lista-para-recibir-a-miles-de-mujeres-que-decidan-tomar-las-calles-este-8m","status":"publish","type":"post","link":"https:\/\/agencia.252.com.mx\/home\/cdmx-lista-para-recibir-a-miles-de-mujeres-que-decidan-tomar-las-calles-este-8m\/","title":{"rendered":"CDMX\u00a0\u00a0lista para recibir a miles de mujeres que decidan tomar las calles este 8M"},"content":{"rendered":"<p>Visitas: 38<\/p>\n<ul class=\"wp-block-list\">\n<li><em>No dar\u00e1n un pas\u00f3 atr.\u00e1s a los derechos de las mujeres\u00a0<\/em><\/li>\n\n\n\n<li><em>Erradicar la divisi\u00f3n sexual del trabajo es una de las principales metas de la administraci\u00f3n de Clara Brugada <\/em><\/li>\n<\/ul>\n\n\n\n<p><em>Juan Ignacio Corro&nbsp;<\/em><\/p>\n\n\n\n<p class=\"has-text-align-right\">Ciudad de M\u00e9xico, a 7 de marzo&nbsp;de 2026<\/p>\n\n\n\n<p>Este\u00a0\u00a08 de marzo miles de mujeres tomar\u00e1n las calles de la Ciudad de M\u00e9xico ciudad y\u00a0\u00abel gobierno local respalda su lucha, porque comparte sus ideales y trabaja todos los d\u00edas para la igualdad\u201d, expuso Clara Brugada durante la formaci\u00f3n del mensaje monumental y poderoso \u00abSiempre Vivas, Libres e Iguales #8M\u00bb en la plancha del Z\u00f3calo capitalino\u00a0<\/p>\n\n\n\n<p>Con la participaci\u00f3n de 4 mil&nbsp;&nbsp;mujeres, la Jefa de Gobierno, Clara Brugada Molina, encabez\u00f3 como un acto de protesta y para refrendar la continuidad de la lucha por los derechos de las mujeres, y asegur\u00f3 que la movilizaci\u00f3n de este domingo 8 de marzo y sus participantes contar\u00e1n con el respaldo del gobierno capitalino.<\/p>\n\n\n\n<figure class=\"wp-block-image alignright size-medium\"><img fetchpriority=\"high\" decoding=\"async\" width=\"300\" height=\"169\" src=\"https:\/\/agencia.252.com.mx\/wp-content\/uploads\/2026\/03\/WhatsApp-Image-2026-03-07-at-1.24.38-PM-300x169.jpeg\" alt=\"\" class=\"wp-image-16686\" srcset=\"https:\/\/agencia.252.com.mx\/wp-content\/uploads\/2026\/03\/WhatsApp-Image-2026-03-07-at-1.24.38-PM-300x169.jpeg 300w, https:\/\/agencia.252.com.mx\/wp-content\/uploads\/2026\/03\/WhatsApp-Image-2026-03-07-at-1.24.38-PM-1024x576.jpeg 1024w, https:\/\/agencia.252.com.mx\/wp-content\/uploads\/2026\/03\/WhatsApp-Image-2026-03-07-at-1.24.38-PM-768x432.jpeg 768w, https:\/\/agencia.252.com.mx\/wp-content\/uploads\/2026\/03\/WhatsApp-Image-2026-03-07-at-1.24.38-PM.jpeg 1280w\" sizes=\"(max-width: 300px) 100vw, 300px\" \/><\/figure>\n\n\n\n<p>Se pronunci\u00f3 por no dar ni un paso atr\u00e1s en los derechos de las mujeres, y remarc\u00f3 que la lucha feminista debe ser m\u00e1s fuerte y organizada frente a una agenda de regresi\u00f3n de derechos impulsada por la ultraderecha internacional.<\/p>\n\n\n\n<p>Por ello, garantiz\u00f3 que durante la movilizaci\u00f3n por el 8M la plancha del Z\u00f3calo capitalino abrazar\u00e1 la lucha de generaciones de mexicanas y mexicanos por un pa\u00eds mejor y m\u00e1s justo, pues la capital del pa\u00eds es \u201cla ciudad de los derechos y las&nbsp;&nbsp;libertades\u201d.<\/p>\n\n\n\n<p>Reiter\u00f3 que el 8 de marzo no se trata de una fecha para felicitar, sino de un d\u00eda de lucha, de memoria, de conmemoraci\u00f3n y de reivindicaci\u00f3n, para evaluar lo que las mujeres deben de hacer para seguir ganando derechos en la sociedad.<\/p>\n\n\n\n<p>La capital del pa\u00eds, adem\u00e1s, cuenta con reformas legislativas para fortalecer la lucha contra la violencia hacia las mujeres, por lo que Brugada Molina extern\u00f3 un agradecimiento a las y los diputados del Congreso local por las aprobaciones al aumento en las sanciones contra la violencia feminicida, familiar, abuso sexual, acoso sexual y acoso sexual digital. Y destac\u00f3 que en cuanto a la promoci\u00f3n de la salud su administraci\u00f3n se ha propuesto evitar las muertes por c\u00e1ncer de mama y cervicouterino en la Ciudad de M\u00e9xico.<\/p>\n","protected":false},"excerpt":{"rendered":"<p>Visitas: 38 Juan Ignacio Corro&nbsp; Ciudad de M\u00e9xico, a 7 de marzo&nbsp;de 2026 Este\u00a0\u00a08 de marzo miles de mujeres tomar\u00e1n las calles de la Ciudad de M\u00e9xico ciudad y\u00a0\u00abel gobierno local respalda su lucha, porque comparte sus ideales y trabaja todos los d\u00edas para la igualdad\u201d, expuso Clara Brugada durante la formaci\u00f3n del mensaje monumental [&hellip;]<\/p>\n","protected":false},"author":5,"featured_media":16685,"comment_status":"open","ping_status":"open","sticky":false,"template":"","format":"standard","meta":{"site-sidebar-layout":"default","site-content-layout":"","ast-site-content-layout":"default","site-content-style":"default","site-sidebar-style":"default","ast-global-header-display":"","ast-banner-title-visibility":"","ast-main-header-display":"","ast-hfb-above-header-display":"","ast-hfb-below-header-display":"","ast-hfb-mobile-header-display":"","site-post-title":"","ast-breadcrumbs-content":"","ast-featured-img":"","footer-sml-layout":"","ast-disable-related-posts":"","theme-transparent-header-meta":"","adv-header-id-meta":"","stick-header-meta":"","header-above-stick-meta":"","header-main-stick-meta":"","header-below-stick-meta":"","astra-migrate-meta-layouts":"set","ast-page-background-enabled":"default","ast-page-background-meta":{"desktop":{"background-color":"var(--ast-global-color-4)","background-image":"","background-repeat":"repeat","background-position":"center center","background-size":"auto","background-attachment":"scroll","background-type":"","background-media":"","overlay-type":"","overlay-color":"","overlay-opacity":"","overlay-gradient":""},"tablet":{"background-color":"","background-image":"","background-repeat":"repeat","background-position":"center center","background-size":"auto","background-attachment":"scroll","background-type":"","background-media":"","overlay-type":"","overlay-color":"","overlay-opacity":"","overlay-gradient":""},"mobile":{"background-color":"","background-image":"","background-repeat":"repeat","background-position":"center center","background-size":"auto","background-attachment":"scroll","background-type":"","background-media":"","overlay-type":"","overlay-color":"","overlay-opacity":"","overlay-gradient":""}},"ast-content-background-meta":{"desktop":{"background-color":"var(--ast-global-color-5)","background-image":"","background-repeat":"repeat","background-position":"center center","background-size":"auto","background-attachment":"scroll","background-type":"","background-media":"","overlay-type":"","overlay-color":"","overlay-opacity":"","overlay-gradient":""},"tablet":{"background-color":"var(--ast-global-color-5)","background-image":"","background-repeat":"repeat","background-position":"center center","background-size":"auto","background-attachment":"scroll","background-type":"","background-media":"","overlay-type":"","overlay-color":"","overlay-opacity":"","overlay-gradient":""},"mobile":{"background-color":"var(--ast-global-color-5)","background-image":"","background-repeat":"repeat","background-position":"center center","background-size":"auto","background-attachment":"scroll","background-type":"","background-media":"","overlay-type":"","overlay-color":"","overlay-opacity":"","overlay-gradient":""}},"footnotes":""},"categories":[8,53,68],"tags":[526],"class_list":["post-16684","post","type-post","status-publish","format-standard","has-post-thumbnail","hentry","category-edomex","category-mujeres","category-seguridad","tag-edomex"],"yoast_head":"<!-- This site is optimized with the Yoast SEO plugin v27.4 - https:\/\/yoast.com\/product\/yoast-seo-wordpress\/ -->\n<title>CDMX\u00a0\u00a0lista para recibir a miles de mujeres que decidan tomar las calles este 8M - Agencia252<\/title>\n<meta name=\"robots\" content=\"index, follow, max-snippet:-1, max-image-preview:large, max-video-preview:-1\" \/>\n<link rel=\"canonical\" href=\"https:\/\/agencia.252.com.mx\/home\/cdmx-lista-para-recibir-a-miles-de-mujeres-que-decidan-tomar-las-calles-este-8m\/\" \/>\n<meta property=\"og:locale\" content=\"es_ES\" \/>\n<meta property=\"og:type\" content=\"article\" \/>\n<meta property=\"og:title\" content=\"CDMX\u00a0\u00a0lista para recibir a miles de mujeres que decidan tomar las calles este 8M - Agencia252\" \/>\n<meta property=\"og:description\" content=\"Visitas: 38 Juan Ignacio Corro&nbsp; Ciudad de M\u00e9xico, a 7 de marzo&nbsp;de 2026 Este\u00a0\u00a08 de marzo miles de mujeres tomar\u00e1n las calles de la Ciudad de M\u00e9xico ciudad y\u00a0\u00abel gobierno local respalda su lucha, porque comparte sus ideales y trabaja todos los d\u00edas para la igualdad\u201d, expuso Clara Brugada durante la formaci\u00f3n del mensaje monumental [&hellip;]\" \/>\n<meta property=\"og:url\" content=\"https:\/\/agencia.252.com.mx\/home\/cdmx-lista-para-recibir-a-miles-de-mujeres-que-decidan-tomar-las-calles-este-8m\/\" \/>\n<meta property=\"og:site_name\" content=\"Agencia252\" \/>\n<meta property=\"article:publisher\" content=\"https:\/\/www.facebook.com\/252Comunicacion\/\" \/>\n<meta property=\"article:author\" content=\"https:\/\/www.facebook.com\/jcorroherrera\/\" \/>\n<meta property=\"article:published_time\" content=\"2026-03-07T22:23:22+00:00\" \/>\n<meta property=\"article:modified_time\" content=\"2026-03-07T22:24:53+00:00\" \/>\n<meta property=\"og:image\" content=\"http:\/\/agencia.252.com.mx\/wp-content\/uploads\/2026\/03\/WhatsApp-Image-2026-03-07-at-1.49.18-PM.jpeg\" \/>\n\t<meta property=\"og:image:width\" content=\"2560\" \/>\n\t<meta property=\"og:image:height\" content=\"1706\" \/>\n\t<meta property=\"og:image:type\" content=\"image\/jpeg\" \/>\n<meta name=\"author\" content=\"Nacho Corro\" \/>\n<meta name=\"twitter:card\" content=\"summary_large_image\" \/>\n<meta name=\"twitter:creator\" content=\"@Juan Ignacio Corro Herrera\" \/>\n<meta name=\"twitter:site\" content=\"@252COMS\" \/>\n<meta name=\"twitter:label1\" content=\"Escrito por\" \/>\n\t<meta name=\"twitter:data1\" content=\"Nacho Corro\" \/>\n\t<meta name=\"twitter:label2\" content=\"Tiempo de lectura\" \/>\n\t<meta name=\"twitter:data2\" content=\"3 minutos\" \/>\n<script type=\"application\/ld+json\" class=\"yoast-schema-graph\">{\"@context\":\"https:\\\/\\\/schema.org\",\"@graph\":[{\"@type\":\"Article\",\"@id\":\"https:\\\/\\\/agencia.252.com.mx\\\/home\\\/cdmx-lista-para-recibir-a-miles-de-mujeres-que-decidan-tomar-las-calles-este-8m\\\/#article\",\"isPartOf\":{\"@id\":\"https:\\\/\\\/agencia.252.com.mx\\\/home\\\/cdmx-lista-para-recibir-a-miles-de-mujeres-que-decidan-tomar-las-calles-este-8m\\\/\"},\"author\":{\"name\":\"Nacho Corro\",\"@id\":\"https:\\\/\\\/agencia.252.com.mx\\\/home\\\/#\\\/schema\\\/person\\\/6b972021e9a92d45ade8c78d81509098\"},\"headline\":\"CDMX\u00a0\u00a0lista para recibir a miles de mujeres que decidan tomar las calles este 8M\",\"datePublished\":\"2026-03-07T22:23:22+00:00\",\"dateModified\":\"2026-03-07T22:24:53+00:00\",\"mainEntityOfPage\":{\"@id\":\"https:\\\/\\\/agencia.252.com.mx\\\/home\\\/cdmx-lista-para-recibir-a-miles-de-mujeres-que-decidan-tomar-las-calles-este-8m\\\/\"},\"wordCount\":413,\"commentCount\":0,\"publisher\":{\"@id\":\"https:\\\/\\\/agencia.252.com.mx\\\/home\\\/#organization\"},\"image\":{\"@id\":\"https:\\\/\\\/agencia.252.com.mx\\\/home\\\/cdmx-lista-para-recibir-a-miles-de-mujeres-que-decidan-tomar-las-calles-este-8m\\\/#primaryimage\"},\"thumbnailUrl\":\"https:\\\/\\\/agencia.252.com.mx\\\/wp-content\\\/uploads\\\/2026\\\/03\\\/WhatsApp-Image-2026-03-07-at-1.49.18-PM.jpeg\",\"keywords\":[\"Edomex\"],\"articleSection\":[\"Edomex\",\"Mujeres\",\"Seguridad\"],\"inLanguage\":\"es\",\"potentialAction\":[{\"@type\":\"CommentAction\",\"name\":\"Comment\",\"target\":[\"https:\\\/\\\/agencia.252.com.mx\\\/home\\\/cdmx-lista-para-recibir-a-miles-de-mujeres-que-decidan-tomar-las-calles-este-8m\\\/#respond\"]}]},{\"@type\":\"WebPage\",\"@id\":\"https:\\\/\\\/agencia.252.com.mx\\\/home\\\/cdmx-lista-para-recibir-a-miles-de-mujeres-que-decidan-tomar-las-calles-este-8m\\\/\",\"url\":\"https:\\\/\\\/agencia.252.com.mx\\\/home\\\/cdmx-lista-para-recibir-a-miles-de-mujeres-que-decidan-tomar-las-calles-este-8m\\\/\",\"name\":\"CDMX\u00a0\u00a0lista para recibir a miles de mujeres que decidan tomar las calles este 8M - Agencia252\",\"isPartOf\":{\"@id\":\"https:\\\/\\\/agencia.252.com.mx\\\/home\\\/#website\"},\"primaryImageOfPage\":{\"@id\":\"https:\\\/\\\/agencia.252.com.mx\\\/home\\\/cdmx-lista-para-recibir-a-miles-de-mujeres-que-decidan-tomar-las-calles-este-8m\\\/#primaryimage\"},\"image\":{\"@id\":\"https:\\\/\\\/agencia.252.com.mx\\\/home\\\/cdmx-lista-para-recibir-a-miles-de-mujeres-que-decidan-tomar-las-calles-este-8m\\\/#primaryimage\"},\"thumbnailUrl\":\"https:\\\/\\\/agencia.252.com.mx\\\/wp-content\\\/uploads\\\/2026\\\/03\\\/WhatsApp-Image-2026-03-07-at-1.49.18-PM.jpeg\",\"datePublished\":\"2026-03-07T22:23:22+00:00\",\"dateModified\":\"2026-03-07T22:24:53+00:00\",\"breadcrumb\":{\"@id\":\"https:\\\/\\\/agencia.252.com.mx\\\/home\\\/cdmx-lista-para-recibir-a-miles-de-mujeres-que-decidan-tomar-las-calles-este-8m\\\/#breadcrumb\"},\"inLanguage\":\"es\",\"potentialAction\":[{\"@type\":\"ReadAction\",\"target\":[\"https:\\\/\\\/agencia.252.com.mx\\\/home\\\/cdmx-lista-para-recibir-a-miles-de-mujeres-que-decidan-tomar-las-calles-este-8m\\\/\"]}]},{\"@type\":\"ImageObject\",\"inLanguage\":\"es\",\"@id\":\"https:\\\/\\\/agencia.252.com.mx\\\/home\\\/cdmx-lista-para-recibir-a-miles-de-mujeres-que-decidan-tomar-las-calles-este-8m\\\/#primaryimage\",\"url\":\"https:\\\/\\\/agencia.252.com.mx\\\/wp-content\\\/uploads\\\/2026\\\/03\\\/WhatsApp-Image-2026-03-07-at-1.49.18-PM.jpeg\",\"contentUrl\":\"https:\\\/\\\/agencia.252.com.mx\\\/wp-content\\\/uploads\\\/2026\\\/03\\\/WhatsApp-Image-2026-03-07-at-1.49.18-PM.jpeg\",\"width\":2560,\"height\":1706},{\"@type\":\"BreadcrumbList\",\"@id\":\"https:\\\/\\\/agencia.252.com.mx\\\/home\\\/cdmx-lista-para-recibir-a-miles-de-mujeres-que-decidan-tomar-las-calles-este-8m\\\/#breadcrumb\",\"itemListElement\":[{\"@type\":\"ListItem\",\"position\":1,\"name\":\"Portada\",\"item\":\"https:\\\/\\\/agencia.252.com.mx\\\/home\\\/\"},{\"@type\":\"ListItem\",\"position\":2,\"name\":\"CDMX\u00a0\u00a0lista para recibir a miles de mujeres que decidan tomar las calles este 8M\"}]},{\"@type\":\"WebSite\",\"@id\":\"https:\\\/\\\/agencia.252.com.mx\\\/home\\\/#website\",\"url\":\"https:\\\/\\\/agencia.252.com.mx\\\/home\\\/\",\"name\":\"Agencia252\",\"description\":\"Tu espacio en la Red\",\"publisher\":{\"@id\":\"https:\\\/\\\/agencia.252.com.mx\\\/home\\\/#organization\"},\"potentialAction\":[{\"@type\":\"SearchAction\",\"target\":{\"@type\":\"EntryPoint\",\"urlTemplate\":\"https:\\\/\\\/agencia.252.com.mx\\\/home\\\/?s={search_term_string}\"},\"query-input\":{\"@type\":\"PropertyValueSpecification\",\"valueRequired\":true,\"valueName\":\"search_term_string\"}}],\"inLanguage\":\"es\"},{\"@type\":\"Organization\",\"@id\":\"https:\\\/\\\/agencia.252.com.mx\\\/home\\\/#organization\",\"name\":\"Agencia252\",\"url\":\"https:\\\/\\\/agencia.252.com.mx\\\/home\\\/\",\"logo\":{\"@type\":\"ImageObject\",\"inLanguage\":\"es\",\"@id\":\"https:\\\/\\\/agencia.252.com.mx\\\/home\\\/#\\\/schema\\\/logo\\\/image\\\/\",\"url\":\"https:\\\/\\\/agencia.252.com.mx\\\/wp-content\\\/uploads\\\/2023\\\/02\\\/cropped-ciruclo-agencia-e1677562404136.png\",\"contentUrl\":\"https:\\\/\\\/agencia.252.com.mx\\\/wp-content\\\/uploads\\\/2023\\\/02\\\/cropped-ciruclo-agencia-e1677562404136.png\",\"width\":512,\"height\":512,\"caption\":\"Agencia252\"},\"image\":{\"@id\":\"https:\\\/\\\/agencia.252.com.mx\\\/home\\\/#\\\/schema\\\/logo\\\/image\\\/\"},\"sameAs\":[\"https:\\\/\\\/www.facebook.com\\\/252Comunicacion\\\/\",\"https:\\\/\\\/x.com\\\/252COMS\"]},{\"@type\":\"Person\",\"@id\":\"https:\\\/\\\/agencia.252.com.mx\\\/home\\\/#\\\/schema\\\/person\\\/6b972021e9a92d45ade8c78d81509098\",\"name\":\"Nacho Corro\",\"image\":{\"@type\":\"ImageObject\",\"inLanguage\":\"es\",\"@id\":\"https:\\\/\\\/secure.gravatar.com\\\/avatar\\\/5db6df507cfe1307e192fbb498c6b85f1cf2ffd8b4cd37141b9eea588fcbd5a4?s=96&r=g\",\"url\":\"https:\\\/\\\/secure.gravatar.com\\\/avatar\\\/5db6df507cfe1307e192fbb498c6b85f1cf2ffd8b4cd37141b9eea588fcbd5a4?s=96&r=g\",\"contentUrl\":\"https:\\\/\\\/secure.gravatar.com\\\/avatar\\\/5db6df507cfe1307e192fbb498c6b85f1cf2ffd8b4cd37141b9eea588fcbd5a4?s=96&r=g\",\"caption\":\"Nacho Corro\"},\"description\":\"Comunicador Social, Periodista y Administraci\u00f3n P\u00fablica. Conversador pol\u00edtico, temas electorales y seguridad. Generador de contenidos digitales. Amante de la fotograf\u00eda\",\"sameAs\":[\"https:\\\/\\\/www.facebook.com\\\/jcorroherrera\\\/\",\"www.instagram.com\\\/nachocorro\\\/\",\"https:\\\/\\\/x.com\\\/Juan Ignacio Corro Herrera\"],\"url\":\"https:\\\/\\\/agencia.252.com.mx\\\/home\\\/author\\\/i-corro\\\/\"}]}<\/script>\n<!-- \/ Yoast SEO plugin. -->","yoast_head_json":{"title":"CDMX\u00a0\u00a0lista para recibir a miles de mujeres que decidan tomar las calles este 8M - Agencia252","robots":{"index":"index","follow":"follow","max-snippet":"max-snippet:-1","max-image-preview":"max-image-preview:large","max-video-preview":"max-video-preview:-1"},"canonical":"https:\/\/agencia.252.com.mx\/home\/cdmx-lista-para-recibir-a-miles-de-mujeres-que-decidan-tomar-las-calles-este-8m\/","og_locale":"es_ES","og_type":"article","og_title":"CDMX\u00a0\u00a0lista para recibir a miles de mujeres que decidan tomar las calles este 8M - Agencia252","og_description":"Visitas: 38 Juan Ignacio Corro&nbsp; Ciudad de M\u00e9xico, a 7 de marzo&nbsp;de 2026 Este\u00a0\u00a08 de marzo miles de mujeres tomar\u00e1n las calles de la Ciudad de M\u00e9xico ciudad y\u00a0\u00abel gobierno local respalda su lucha, porque comparte sus ideales y trabaja todos los d\u00edas para la igualdad\u201d, expuso Clara Brugada durante la formaci\u00f3n del mensaje monumental [&hellip;]","og_url":"https:\/\/agencia.252.com.mx\/home\/cdmx-lista-para-recibir-a-miles-de-mujeres-que-decidan-tomar-las-calles-este-8m\/","og_site_name":"Agencia252","article_publisher":"https:\/\/www.facebook.com\/252Comunicacion\/","article_author":"https:\/\/www.facebook.com\/jcorroherrera\/","article_published_time":"2026-03-07T22:23:22+00:00","article_modified_time":"2026-03-07T22:24:53+00:00","og_image":[{"width":2560,"height":1706,"url":"http:\/\/agencia.252.com.mx\/wp-content\/uploads\/2026\/03\/WhatsApp-Image-2026-03-07-at-1.49.18-PM.jpeg","type":"image\/jpeg"}],"author":"Nacho Corro","twitter_card":"summary_large_image","twitter_creator":"@Juan Ignacio Corro Herrera","twitter_site":"@252COMS","twitter_misc":{"Escrito por":"Nacho Corro","Tiempo de lectura":"3 minutos"},"schema":{"@context":"https:\/\/schema.org","@graph":[{"@type":"Article","@id":"https:\/\/agencia.252.com.mx\/home\/cdmx-lista-para-recibir-a-miles-de-mujeres-que-decidan-tomar-las-calles-este-8m\/#article","isPartOf":{"@id":"https:\/\/agencia.252.com.mx\/home\/cdmx-lista-para-recibir-a-miles-de-mujeres-que-decidan-tomar-las-calles-este-8m\/"},"author":{"name":"Nacho Corro","@id":"https:\/\/agencia.252.com.mx\/home\/#\/schema\/person\/6b972021e9a92d45ade8c78d81509098"},"headline":"CDMX\u00a0\u00a0lista para recibir a miles de mujeres que decidan tomar las calles este 8M","datePublished":"2026-03-07T22:23:22+00:00","dateModified":"2026-03-07T22:24:53+00:00","mainEntityOfPage":{"@id":"https:\/\/agencia.252.com.mx\/home\/cdmx-lista-para-recibir-a-miles-de-mujeres-que-decidan-tomar-las-calles-este-8m\/"},"wordCount":413,"commentCount":0,"publisher":{"@id":"https:\/\/agencia.252.com.mx\/home\/#organization"},"image":{"@id":"https:\/\/agencia.252.com.mx\/home\/cdmx-lista-para-recibir-a-miles-de-mujeres-que-decidan-tomar-las-calles-este-8m\/#primaryimage"},"thumbnailUrl":"https:\/\/agencia.252.com.mx\/wp-content\/uploads\/2026\/03\/WhatsApp-Image-2026-03-07-at-1.49.18-PM.jpeg","keywords":["Edomex"],"articleSection":["Edomex","Mujeres","Seguridad"],"inLanguage":"es","potentialAction":[{"@type":"CommentAction","name":"Comment","target":["https:\/\/agencia.252.com.mx\/home\/cdmx-lista-para-recibir-a-miles-de-mujeres-que-decidan-tomar-las-calles-este-8m\/#respond"]}]},{"@type":"WebPage","@id":"https:\/\/agencia.252.com.mx\/home\/cdmx-lista-para-recibir-a-miles-de-mujeres-que-decidan-tomar-las-calles-este-8m\/","url":"https:\/\/agencia.252.com.mx\/home\/cdmx-lista-para-recibir-a-miles-de-mujeres-que-decidan-tomar-las-calles-este-8m\/","name":"CDMX\u00a0\u00a0lista para recibir a miles de mujeres que decidan tomar las calles este 8M - Agencia252","isPartOf":{"@id":"https:\/\/agencia.252.com.mx\/home\/#website"},"primaryImageOfPage":{"@id":"https:\/\/agencia.252.com.mx\/home\/cdmx-lista-para-recibir-a-miles-de-mujeres-que-decidan-tomar-las-calles-este-8m\/#primaryimage"},"image":{"@id":"https:\/\/agencia.252.com.mx\/home\/cdmx-lista-para-recibir-a-miles-de-mujeres-que-decidan-tomar-las-calles-este-8m\/#primaryimage"},"thumbnailUrl":"https:\/\/agencia.252.com.mx\/wp-content\/uploads\/2026\/03\/WhatsApp-Image-2026-03-07-at-1.49.18-PM.jpeg","datePublished":"2026-03-07T22:23:22+00:00","dateModified":"2026-03-07T22:24:53+00:00","breadcrumb":{"@id":"https:\/\/agencia.252.com.mx\/home\/cdmx-lista-para-recibir-a-miles-de-mujeres-que-decidan-tomar-las-calles-este-8m\/#breadcrumb"},"inLanguage":"es","potentialAction":[{"@type":"ReadAction","target":["https:\/\/agencia.252.com.mx\/home\/cdmx-lista-para-recibir-a-miles-de-mujeres-que-decidan-tomar-las-calles-este-8m\/"]}]},{"@type":"ImageObject","inLanguage":"es","@id":"https:\/\/agencia.252.com.mx\/home\/cdmx-lista-para-recibir-a-miles-de-mujeres-que-decidan-tomar-las-calles-este-8m\/#primaryimage","url":"https:\/\/agencia.252.com.mx\/wp-content\/uploads\/2026\/03\/WhatsApp-Image-2026-03-07-at-1.49.18-PM.jpeg","contentUrl":"https:\/\/agencia.252.com.mx\/wp-content\/uploads\/2026\/03\/WhatsApp-Image-2026-03-07-at-1.49.18-PM.jpeg","width":2560,"height":1706},{"@type":"BreadcrumbList","@id":"https:\/\/agencia.252.com.mx\/home\/cdmx-lista-para-recibir-a-miles-de-mujeres-que-decidan-tomar-las-calles-este-8m\/#breadcrumb","itemListElement":[{"@type":"ListItem","position":1,"name":"Portada","item":"https:\/\/agencia.252.com.mx\/home\/"},{"@type":"ListItem","position":2,"name":"CDMX\u00a0\u00a0lista para recibir a miles de mujeres que decidan tomar las calles este 8M"}]},{"@type":"WebSite","@id":"https:\/\/agencia.252.com.mx\/home\/#website","url":"https:\/\/agencia.252.com.mx\/home\/","name":"Agencia252","description":"Tu espacio en la Red","publisher":{"@id":"https:\/\/agencia.252.com.mx\/home\/#organization"},"potentialAction":[{"@type":"SearchAction","target":{"@type":"EntryPoint","urlTemplate":"https:\/\/agencia.252.com.mx\/home\/?s={search_term_string}"},"query-input":{"@type":"PropertyValueSpecification","valueRequired":true,"valueName":"search_term_string"}}],"inLanguage":"es"},{"@type":"Organization","@id":"https:\/\/agencia.252.com.mx\/home\/#organization","name":"Agencia252","url":"https:\/\/agencia.252.com.mx\/home\/","logo":{"@type":"ImageObject","inLanguage":"es","@id":"https:\/\/agencia.252.com.mx\/home\/#\/schema\/logo\/image\/","url":"https:\/\/agencia.252.com.mx\/wp-content\/uploads\/2023\/02\/cropped-ciruclo-agencia-e1677562404136.png","contentUrl":"https:\/\/agencia.252.com.mx\/wp-content\/uploads\/2023\/02\/cropped-ciruclo-agencia-e1677562404136.png","width":512,"height":512,"caption":"Agencia252"},"image":{"@id":"https:\/\/agencia.252.com.mx\/home\/#\/schema\/logo\/image\/"},"sameAs":["https:\/\/www.facebook.com\/252Comunicacion\/","https:\/\/x.com\/252COMS"]},{"@type":"Person","@id":"https:\/\/agencia.252.com.mx\/home\/#\/schema\/person\/6b972021e9a92d45ade8c78d81509098","name":"Nacho Corro","image":{"@type":"ImageObject","inLanguage":"es","@id":"https:\/\/secure.gravatar.com\/avatar\/5db6df507cfe1307e192fbb498c6b85f1cf2ffd8b4cd37141b9eea588fcbd5a4?s=96&r=g","url":"https:\/\/secure.gravatar.com\/avatar\/5db6df507cfe1307e192fbb498c6b85f1cf2ffd8b4cd37141b9eea588fcbd5a4?s=96&r=g","contentUrl":"https:\/\/secure.gravatar.com\/avatar\/5db6df507cfe1307e192fbb498c6b85f1cf2ffd8b4cd37141b9eea588fcbd5a4?s=96&r=g","caption":"Nacho Corro"},"description":"Comunicador Social, Periodista y Administraci\u00f3n P\u00fablica. Conversador pol\u00edtico, temas electorales y seguridad. Generador de contenidos digitales. Amante de la fotograf\u00eda","sameAs":["https:\/\/www.facebook.com\/jcorroherrera\/","www.instagram.com\/nachocorro\/","https:\/\/x.com\/Juan Ignacio Corro Herrera"],"url":"https:\/\/agencia.252.com.mx\/home\/author\/i-corro\/"}]}},"_links":{"self":[{"href":"https:\/\/agencia.252.com.mx\/home\/wp-json\/wp\/v2\/posts\/16684","targetHints":{"allow":["GET"]}}],"collection":[{"href":"https:\/\/agencia.252.com.mx\/home\/wp-json\/wp\/v2\/posts"}],"about":[{"href":"https:\/\/agencia.252.com.mx\/home\/wp-json\/wp\/v2\/types\/post"}],"author":[{"embeddable":true,"href":"https:\/\/agencia.252.com.mx\/home\/wp-json\/wp\/v2\/users\/5"}],"replies":[{"embeddable":true,"href":"https:\/\/agencia.252.com.mx\/home\/wp-json\/wp\/v2\/comments?post=16684"}],"version-history":[{"count":2,"href":"https:\/\/agencia.252.com.mx\/home\/wp-json\/wp\/v2\/posts\/16684\/revisions"}],"predecessor-version":[{"id":16689,"href":"https:\/\/agencia.252.com.mx\/home\/wp-json\/wp\/v2\/posts\/16684\/revisions\/16689"}],"wp:featuredmedia":[{"embeddable":true,"href":"https:\/\/agencia.252.com.mx\/home\/wp-json\/wp\/v2\/media\/16685"}],"wp:attachment":[{"href":"https:\/\/agencia.252.com.mx\/home\/wp-json\/wp\/v2\/media?parent=16684"}],"wp:term":[{"taxonomy":"category","embeddable":true,"href":"https:\/\/agencia.252.com.mx\/home\/wp-json\/wp\/v2\/categories?post=16684"},{"taxonomy":"post_tag","embeddable":true,"href":"https:\/\/agencia.252.com.mx\/home\/wp-json\/wp\/v2\/tags?post=16684"}],"curies":[{"name":"wp","href":"https:\/\/api.w.org\/{rel}","templated":true}]}}