{"id":16681,"date":"2026-03-07T14:56:43","date_gmt":"2026-03-07T20:56:43","guid":{"rendered":"https:\/\/agencia.252.com.mx\/home\/?p=16681"},"modified":"2026-03-07T14:59:07","modified_gmt":"2026-03-07T20:59:07","slug":"codhem-emite-pronunciamiento-a-los-125-ayuntamientos-y-autoridades-diversas-a-la-confluencia-armonica-por-marchas-del-8m","status":"publish","type":"post","link":"https:\/\/agencia.252.com.mx\/home\/codhem-emite-pronunciamiento-a-los-125-ayuntamientos-y-autoridades-diversas-a-la-confluencia-armonica-por-marchas-del-8m\/","title":{"rendered":"CODHEM emite pronunciamiento a los 125 Ayuntamientos y autoridades diversas a la confluencia arm\u00f3nica por marchas del 8M"},"content":{"rendered":"<p>Visitas: 21<\/p>\n<ul class=\"wp-block-list\">\n<li><em>Con motivo del D\u00eda Internacional de la Mujer llama a las autoridades para que las marchas se realicen en espacios de confluencia de reconocimiento, exigencia y respeto\u00a0<\/em><\/li>\n\n\n\n<li><em>La CODHEM mantendr\u00e1 vigilancia activa y presencia institucional a fin de corroborar que el personal de seguridad act\u00fae con apego a los protocolos establecidos, sin portar armas ni objetos que representen riesgo<\/em><\/li>\n<\/ul>\n\n\n\n<p><em>Juan Ignacio Corro&nbsp;<\/em><\/p>\n\n\n\n<p class=\"has-text-align-right\">Toluca,&nbsp;&nbsp;Estado de M\u00e9xico, a 7 de marzo&nbsp;de 2026<\/p>\n\n\n\n<p>La Comisi\u00f3n de Derechos Humanos del Estado de M\u00e9xico se pronunci\u00f3 para que las marchas de ma\u00f1ana domingo 8 de marzo en la entidad convocadas con motivo del D\u00eda Internacional de la Mujer, sean motivo para el reconocimiento p\u00fablico y valor de la protesta, de la cultura de paz y no violencia, y de garant\u00eda y acompa\u00f1amiento.<\/p>\n\n\n\n<p>Con relaci\u00f3n al reconocimiento p\u00fablico y valor de la protesta la Comisi\u00f3n llam\u00f3 a que la movilizaci\u00f3n social constituya un acto de alto valor c\u00edvico; si bien la protesta tiene l\u00edmites legales orientados a la protecci\u00f3n de los derechos de terceros, su relevancia democr\u00e1tica radica en visibilizar injusticias estructurales.\u00a0<\/p>\n\n\n\n<figure class=\"wp-block-image size-full\"><img fetchpriority=\"high\" decoding=\"async\" width=\"800\" height=\"600\" src=\"http:\/\/agencia.252.com.mx\/wp-content\/uploads\/2026\/03\/WhatsApp-Image-2026-03-07-at-1.00.37-PM.jpeg\" alt=\"\" class=\"wp-image-16682\" srcset=\"https:\/\/agencia.252.com.mx\/wp-content\/uploads\/2026\/03\/WhatsApp-Image-2026-03-07-at-1.00.37-PM.jpeg 800w, https:\/\/agencia.252.com.mx\/wp-content\/uploads\/2026\/03\/WhatsApp-Image-2026-03-07-at-1.00.37-PM-300x225.jpeg 300w, https:\/\/agencia.252.com.mx\/wp-content\/uploads\/2026\/03\/WhatsApp-Image-2026-03-07-at-1.00.37-PM-768x576.jpeg 768w\" sizes=\"(max-width: 800px) 100vw, 800px\" \/><\/figure>\n\n\n\n<p>En ese contexto, llamo a las diversas autoridades a priorizar la protecci\u00f3n de las personas manifestantes y, en el \u00e1mbito de sus respectivas competencias, adoptar las medidas necesarias para prevenir posibles vulneraciones a los derechos humanos.<\/p>\n\n\n\n<p>Sobre la promoci\u00f3n de la cultura de paz y no violencia,&nbsp;&nbsp;convoc\u00f3 a una participaci\u00f3n amplia y responsable que promueva el di\u00e1logo social, el respeto mutuo y la no violencia .&nbsp;<\/p>\n\n\n\n<p>\u201cLa defensa y el fortalecimiento del Estado democr\u00e1tico de derecho se expresan a trav\u00e9s del ejercicio de la protesta social pac\u00edfica y respetuosa , como mecanismo leg\u00edtimo de participaci\u00f3n y exigencia ciudadana\u201d, sentencia en un comunicado.<\/p>\n\n\n\n<p>A la vez, el \u00f3rgano aut\u00f3nomo mantendr\u00e1 vigilancia activa y presencia institucional a fin de corroborar que el personal de seguridad act\u00fae con apego a los protocolos establecidos, sin portar armas ni objetos que representen riesgo , as\u00ed como con respeto irrestricto a los derechos humanos y a las libertades fundamentales de las personas manifestantes, particularmente, de los grupos que requieren atenci\u00f3n prioritaria, para que, durante el tiempo, el lugar y el modo en que se desarrollen las manifestaciones reciban respeto \u00edntegro.&nbsp;<\/p>\n\n\n\n<p>Asimismo, personal de este Organismo brindar\u00e1 acompa\u00f1amiento y observaci\u00f3n durante los recorridos de las marchas , con el prop\u00f3sito de prevenir posibles vulneraciones a derechos humanos y favorecer el desarrollo pac\u00edfico de las movilizaciones .<\/p>\n\n\n\n<p>Este Organismo reafirma que el respeto a los derechos de ni\u00f1as, adolescentes y mujeres constituye un eje transversal para la construcci\u00f3n de la paz social y el progreso de nuestra entidad.<\/p>\n","protected":false},"excerpt":{"rendered":"<p>Visitas: 21 Juan Ignacio Corro&nbsp; Toluca,&nbsp;&nbsp;Estado de M\u00e9xico, a 7 de marzo&nbsp;de 2026 La Comisi\u00f3n de Derechos Humanos del Estado de M\u00e9xico se pronunci\u00f3 para que las marchas de ma\u00f1ana domingo 8 de marzo en la entidad convocadas con motivo del D\u00eda Internacional de la Mujer, sean motivo para el reconocimiento p\u00fablico y valor de [&hellip;]<\/p>\n","protected":false},"author":5,"featured_media":16631,"comment_status":"open","ping_status":"open","sticky":false,"template":"","format":"standard","meta":{"site-sidebar-layout":"default","site-content-layout":"","ast-site-content-layout":"default","site-content-style":"default","site-sidebar-style":"default","ast-global-header-display":"","ast-banner-title-visibility":"","ast-main-header-display":"","ast-hfb-above-header-display":"","ast-hfb-below-header-display":"","ast-hfb-mobile-header-display":"","site-post-title":"","ast-breadcrumbs-content":"","ast-featured-img":"","footer-sml-layout":"","ast-disable-related-posts":"","theme-transparent-header-meta":"","adv-header-id-meta":"","stick-header-meta":"","header-above-stick-meta":"","header-main-stick-meta":"","header-below-stick-meta":"","astra-migrate-meta-layouts":"set","ast-page-background-enabled":"default","ast-page-background-meta":{"desktop":{"background-color":"var(--ast-global-color-4)","background-image":"","background-repeat":"repeat","background-position":"center center","background-size":"auto","background-attachment":"scroll","background-type":"","background-media":"","overlay-type":"","overlay-color":"","overlay-opacity":"","overlay-gradient":""},"tablet":{"background-color":"","background-image":"","background-repeat":"repeat","background-position":"center center","background-size":"auto","background-attachment":"scroll","background-type":"","background-media":"","overlay-type":"","overlay-color":"","overlay-opacity":"","overlay-gradient":""},"mobile":{"background-color":"","background-image":"","background-repeat":"repeat","background-position":"center center","background-size":"auto","background-attachment":"scroll","background-type":"","background-media":"","overlay-type":"","overlay-color":"","overlay-opacity":"","overlay-gradient":""}},"ast-content-background-meta":{"desktop":{"background-color":"var(--ast-global-color-5)","background-image":"","background-repeat":"repeat","background-position":"center center","background-size":"auto","background-attachment":"scroll","background-type":"","background-media":"","overlay-type":"","overlay-color":"","overlay-opacity":"","overlay-gradient":""},"tablet":{"background-color":"var(--ast-global-color-5)","background-image":"","background-repeat":"repeat","background-position":"center center","background-size":"auto","background-attachment":"scroll","background-type":"","background-media":"","overlay-type":"","overlay-color":"","overlay-opacity":"","overlay-gradient":""},"mobile":{"background-color":"var(--ast-global-color-5)","background-image":"","background-repeat":"repeat","background-position":"center center","background-size":"auto","background-attachment":"scroll","background-type":"","background-media":"","overlay-type":"","overlay-color":"","overlay-opacity":"","overlay-gradient":""}},"footnotes":""},"categories":[8,512,53,68],"tags":[526],"class_list":["post-16681","post","type-post","status-publish","format-standard","has-post-thumbnail","hentry","category-edomex","category-metropoli","category-mujeres","category-seguridad","tag-edomex"],"yoast_head":"<!-- This site is optimized with the Yoast SEO plugin v27.4 - https:\/\/yoast.com\/product\/yoast-seo-wordpress\/ -->\n<title>CODHEM emite pronunciamiento a los 125 Ayuntamientos y autoridades diversas a la confluencia arm\u00f3nica por marchas del 8M - Agencia252<\/title>\n<meta name=\"robots\" content=\"index, follow, max-snippet:-1, max-image-preview:large, max-video-preview:-1\" \/>\n<link rel=\"canonical\" href=\"https:\/\/agencia.252.com.mx\/home\/codhem-emite-pronunciamiento-a-los-125-ayuntamientos-y-autoridades-diversas-a-la-confluencia-armonica-por-marchas-del-8m\/\" \/>\n<meta property=\"og:locale\" content=\"es_ES\" \/>\n<meta property=\"og:type\" content=\"article\" \/>\n<meta property=\"og:title\" content=\"CODHEM emite pronunciamiento a los 125 Ayuntamientos y autoridades diversas a la confluencia arm\u00f3nica por marchas del 8M - Agencia252\" \/>\n<meta property=\"og:description\" content=\"Visitas: 21 Juan Ignacio Corro&nbsp; Toluca,&nbsp;&nbsp;Estado de M\u00e9xico, a 7 de marzo&nbsp;de 2026 La Comisi\u00f3n de Derechos Humanos del Estado de M\u00e9xico se pronunci\u00f3 para que las marchas de ma\u00f1ana domingo 8 de marzo en la entidad convocadas con motivo del D\u00eda Internacional de la Mujer, sean motivo para el reconocimiento p\u00fablico y valor de [&hellip;]\" \/>\n<meta property=\"og:url\" content=\"https:\/\/agencia.252.com.mx\/home\/codhem-emite-pronunciamiento-a-los-125-ayuntamientos-y-autoridades-diversas-a-la-confluencia-armonica-por-marchas-del-8m\/\" \/>\n<meta property=\"og:site_name\" content=\"Agencia252\" \/>\n<meta property=\"article:publisher\" content=\"https:\/\/www.facebook.com\/252Comunicacion\/\" \/>\n<meta property=\"article:author\" content=\"https:\/\/www.facebook.com\/jcorroherrera\/\" \/>\n<meta property=\"article:published_time\" content=\"2026-03-07T20:56:43+00:00\" \/>\n<meta property=\"article:modified_time\" content=\"2026-03-07T20:59:07+00:00\" \/>\n<meta property=\"og:image\" content=\"http:\/\/agencia.252.com.mx\/wp-content\/uploads\/2026\/03\/Unknowndvadvd.jpeg\" \/>\n\t<meta property=\"og:image:width\" content=\"300\" \/>\n\t<meta property=\"og:image:height\" content=\"168\" \/>\n\t<meta property=\"og:image:type\" content=\"image\/jpeg\" \/>\n<meta name=\"author\" content=\"Nacho Corro\" \/>\n<meta name=\"twitter:card\" content=\"summary_large_image\" \/>\n<meta name=\"twitter:creator\" content=\"@Juan Ignacio Corro Herrera\" \/>\n<meta name=\"twitter:site\" content=\"@252COMS\" \/>\n<meta name=\"twitter:label1\" content=\"Escrito por\" \/>\n\t<meta name=\"twitter:data1\" content=\"Nacho Corro\" \/>\n\t<meta name=\"twitter:label2\" content=\"Tiempo de lectura\" \/>\n\t<meta name=\"twitter:data2\" content=\"3 minutos\" \/>\n<script type=\"application\/ld+json\" class=\"yoast-schema-graph\">{\"@context\":\"https:\\\/\\\/schema.org\",\"@graph\":[{\"@type\":\"Article\",\"@id\":\"https:\\\/\\\/agencia.252.com.mx\\\/home\\\/codhem-emite-pronunciamiento-a-los-125-ayuntamientos-y-autoridades-diversas-a-la-confluencia-armonica-por-marchas-del-8m\\\/#article\",\"isPartOf\":{\"@id\":\"https:\\\/\\\/agencia.252.com.mx\\\/home\\\/codhem-emite-pronunciamiento-a-los-125-ayuntamientos-y-autoridades-diversas-a-la-confluencia-armonica-por-marchas-del-8m\\\/\"},\"author\":{\"name\":\"Nacho Corro\",\"@id\":\"https:\\\/\\\/agencia.252.com.mx\\\/home\\\/#\\\/schema\\\/person\\\/6b972021e9a92d45ade8c78d81509098\"},\"headline\":\"CODHEM emite pronunciamiento a los 125 Ayuntamientos y autoridades diversas a la confluencia arm\u00f3nica por marchas del 8M\",\"datePublished\":\"2026-03-07T20:56:43+00:00\",\"dateModified\":\"2026-03-07T20:59:07+00:00\",\"mainEntityOfPage\":{\"@id\":\"https:\\\/\\\/agencia.252.com.mx\\\/home\\\/codhem-emite-pronunciamiento-a-los-125-ayuntamientos-y-autoridades-diversas-a-la-confluencia-armonica-por-marchas-del-8m\\\/\"},\"wordCount\":483,\"commentCount\":0,\"publisher\":{\"@id\":\"https:\\\/\\\/agencia.252.com.mx\\\/home\\\/#organization\"},\"image\":{\"@id\":\"https:\\\/\\\/agencia.252.com.mx\\\/home\\\/codhem-emite-pronunciamiento-a-los-125-ayuntamientos-y-autoridades-diversas-a-la-confluencia-armonica-por-marchas-del-8m\\\/#primaryimage\"},\"thumbnailUrl\":\"https:\\\/\\\/agencia.252.com.mx\\\/wp-content\\\/uploads\\\/2026\\\/03\\\/Unknowndvadvd.jpeg\",\"keywords\":[\"Edomex\"],\"articleSection\":[\"Edomex\",\"Metropoli\",\"Mujeres\",\"Seguridad\"],\"inLanguage\":\"es\",\"potentialAction\":[{\"@type\":\"CommentAction\",\"name\":\"Comment\",\"target\":[\"https:\\\/\\\/agencia.252.com.mx\\\/home\\\/codhem-emite-pronunciamiento-a-los-125-ayuntamientos-y-autoridades-diversas-a-la-confluencia-armonica-por-marchas-del-8m\\\/#respond\"]}]},{\"@type\":\"WebPage\",\"@id\":\"https:\\\/\\\/agencia.252.com.mx\\\/home\\\/codhem-emite-pronunciamiento-a-los-125-ayuntamientos-y-autoridades-diversas-a-la-confluencia-armonica-por-marchas-del-8m\\\/\",\"url\":\"https:\\\/\\\/agencia.252.com.mx\\\/home\\\/codhem-emite-pronunciamiento-a-los-125-ayuntamientos-y-autoridades-diversas-a-la-confluencia-armonica-por-marchas-del-8m\\\/\",\"name\":\"CODHEM emite pronunciamiento a los 125 Ayuntamientos y autoridades diversas a la confluencia arm\u00f3nica por marchas del 8M - Agencia252\",\"isPartOf\":{\"@id\":\"https:\\\/\\\/agencia.252.com.mx\\\/home\\\/#website\"},\"primaryImageOfPage\":{\"@id\":\"https:\\\/\\\/agencia.252.com.mx\\\/home\\\/codhem-emite-pronunciamiento-a-los-125-ayuntamientos-y-autoridades-diversas-a-la-confluencia-armonica-por-marchas-del-8m\\\/#primaryimage\"},\"image\":{\"@id\":\"https:\\\/\\\/agencia.252.com.mx\\\/home\\\/codhem-emite-pronunciamiento-a-los-125-ayuntamientos-y-autoridades-diversas-a-la-confluencia-armonica-por-marchas-del-8m\\\/#primaryimage\"},\"thumbnailUrl\":\"https:\\\/\\\/agencia.252.com.mx\\\/wp-content\\\/uploads\\\/2026\\\/03\\\/Unknowndvadvd.jpeg\",\"datePublished\":\"2026-03-07T20:56:43+00:00\",\"dateModified\":\"2026-03-07T20:59:07+00:00\",\"breadcrumb\":{\"@id\":\"https:\\\/\\\/agencia.252.com.mx\\\/home\\\/codhem-emite-pronunciamiento-a-los-125-ayuntamientos-y-autoridades-diversas-a-la-confluencia-armonica-por-marchas-del-8m\\\/#breadcrumb\"},\"inLanguage\":\"es\",\"potentialAction\":[{\"@type\":\"ReadAction\",\"target\":[\"https:\\\/\\\/agencia.252.com.mx\\\/home\\\/codhem-emite-pronunciamiento-a-los-125-ayuntamientos-y-autoridades-diversas-a-la-confluencia-armonica-por-marchas-del-8m\\\/\"]}]},{\"@type\":\"ImageObject\",\"inLanguage\":\"es\",\"@id\":\"https:\\\/\\\/agencia.252.com.mx\\\/home\\\/codhem-emite-pronunciamiento-a-los-125-ayuntamientos-y-autoridades-diversas-a-la-confluencia-armonica-por-marchas-del-8m\\\/#primaryimage\",\"url\":\"https:\\\/\\\/agencia.252.com.mx\\\/wp-content\\\/uploads\\\/2026\\\/03\\\/Unknowndvadvd.jpeg\",\"contentUrl\":\"https:\\\/\\\/agencia.252.com.mx\\\/wp-content\\\/uploads\\\/2026\\\/03\\\/Unknowndvadvd.jpeg\",\"width\":300,\"height\":168},{\"@type\":\"BreadcrumbList\",\"@id\":\"https:\\\/\\\/agencia.252.com.mx\\\/home\\\/codhem-emite-pronunciamiento-a-los-125-ayuntamientos-y-autoridades-diversas-a-la-confluencia-armonica-por-marchas-del-8m\\\/#breadcrumb\",\"itemListElement\":[{\"@type\":\"ListItem\",\"position\":1,\"name\":\"Portada\",\"item\":\"https:\\\/\\\/agencia.252.com.mx\\\/home\\\/\"},{\"@type\":\"ListItem\",\"position\":2,\"name\":\"CODHEM emite pronunciamiento a los 125 Ayuntamientos y autoridades diversas a la confluencia arm\u00f3nica por marchas del 8M\"}]},{\"@type\":\"WebSite\",\"@id\":\"https:\\\/\\\/agencia.252.com.mx\\\/home\\\/#website\",\"url\":\"https:\\\/\\\/agencia.252.com.mx\\\/home\\\/\",\"name\":\"Agencia252\",\"description\":\"Tu espacio en la Red\",\"publisher\":{\"@id\":\"https:\\\/\\\/agencia.252.com.mx\\\/home\\\/#organization\"},\"potentialAction\":[{\"@type\":\"SearchAction\",\"target\":{\"@type\":\"EntryPoint\",\"urlTemplate\":\"https:\\\/\\\/agencia.252.com.mx\\\/home\\\/?s={search_term_string}\"},\"query-input\":{\"@type\":\"PropertyValueSpecification\",\"valueRequired\":true,\"valueName\":\"search_term_string\"}}],\"inLanguage\":\"es\"},{\"@type\":\"Organization\",\"@id\":\"https:\\\/\\\/agencia.252.com.mx\\\/home\\\/#organization\",\"name\":\"Agencia252\",\"url\":\"https:\\\/\\\/agencia.252.com.mx\\\/home\\\/\",\"logo\":{\"@type\":\"ImageObject\",\"inLanguage\":\"es\",\"@id\":\"https:\\\/\\\/agencia.252.com.mx\\\/home\\\/#\\\/schema\\\/logo\\\/image\\\/\",\"url\":\"https:\\\/\\\/agencia.252.com.mx\\\/wp-content\\\/uploads\\\/2023\\\/02\\\/cropped-ciruclo-agencia-e1677562404136.png\",\"contentUrl\":\"https:\\\/\\\/agencia.252.com.mx\\\/wp-content\\\/uploads\\\/2023\\\/02\\\/cropped-ciruclo-agencia-e1677562404136.png\",\"width\":512,\"height\":512,\"caption\":\"Agencia252\"},\"image\":{\"@id\":\"https:\\\/\\\/agencia.252.com.mx\\\/home\\\/#\\\/schema\\\/logo\\\/image\\\/\"},\"sameAs\":[\"https:\\\/\\\/www.facebook.com\\\/252Comunicacion\\\/\",\"https:\\\/\\\/x.com\\\/252COMS\"]},{\"@type\":\"Person\",\"@id\":\"https:\\\/\\\/agencia.252.com.mx\\\/home\\\/#\\\/schema\\\/person\\\/6b972021e9a92d45ade8c78d81509098\",\"name\":\"Nacho Corro\",\"image\":{\"@type\":\"ImageObject\",\"inLanguage\":\"es\",\"@id\":\"https:\\\/\\\/secure.gravatar.com\\\/avatar\\\/5db6df507cfe1307e192fbb498c6b85f1cf2ffd8b4cd37141b9eea588fcbd5a4?s=96&r=g\",\"url\":\"https:\\\/\\\/secure.gravatar.com\\\/avatar\\\/5db6df507cfe1307e192fbb498c6b85f1cf2ffd8b4cd37141b9eea588fcbd5a4?s=96&r=g\",\"contentUrl\":\"https:\\\/\\\/secure.gravatar.com\\\/avatar\\\/5db6df507cfe1307e192fbb498c6b85f1cf2ffd8b4cd37141b9eea588fcbd5a4?s=96&r=g\",\"caption\":\"Nacho Corro\"},\"description\":\"Comunicador Social, Periodista y Administraci\u00f3n P\u00fablica. Conversador pol\u00edtico, temas electorales y seguridad. Generador de contenidos digitales. Amante de la fotograf\u00eda\",\"sameAs\":[\"https:\\\/\\\/www.facebook.com\\\/jcorroherrera\\\/\",\"www.instagram.com\\\/nachocorro\\\/\",\"https:\\\/\\\/x.com\\\/Juan Ignacio Corro Herrera\"],\"url\":\"https:\\\/\\\/agencia.252.com.mx\\\/home\\\/author\\\/i-corro\\\/\"}]}<\/script>\n<!-- \/ Yoast SEO plugin. -->","yoast_head_json":{"title":"CODHEM emite pronunciamiento a los 125 Ayuntamientos y autoridades diversas a la confluencia arm\u00f3nica por marchas del 8M - Agencia252","robots":{"index":"index","follow":"follow","max-snippet":"max-snippet:-1","max-image-preview":"max-image-preview:large","max-video-preview":"max-video-preview:-1"},"canonical":"https:\/\/agencia.252.com.mx\/home\/codhem-emite-pronunciamiento-a-los-125-ayuntamientos-y-autoridades-diversas-a-la-confluencia-armonica-por-marchas-del-8m\/","og_locale":"es_ES","og_type":"article","og_title":"CODHEM emite pronunciamiento a los 125 Ayuntamientos y autoridades diversas a la confluencia arm\u00f3nica por marchas del 8M - Agencia252","og_description":"Visitas: 21 Juan Ignacio Corro&nbsp; Toluca,&nbsp;&nbsp;Estado de M\u00e9xico, a 7 de marzo&nbsp;de 2026 La Comisi\u00f3n de Derechos Humanos del Estado de M\u00e9xico se pronunci\u00f3 para que las marchas de ma\u00f1ana domingo 8 de marzo en la entidad convocadas con motivo del D\u00eda Internacional de la Mujer, sean motivo para el reconocimiento p\u00fablico y valor de [&hellip;]","og_url":"https:\/\/agencia.252.com.mx\/home\/codhem-emite-pronunciamiento-a-los-125-ayuntamientos-y-autoridades-diversas-a-la-confluencia-armonica-por-marchas-del-8m\/","og_site_name":"Agencia252","article_publisher":"https:\/\/www.facebook.com\/252Comunicacion\/","article_author":"https:\/\/www.facebook.com\/jcorroherrera\/","article_published_time":"2026-03-07T20:56:43+00:00","article_modified_time":"2026-03-07T20:59:07+00:00","og_image":[{"width":300,"height":168,"url":"http:\/\/agencia.252.com.mx\/wp-content\/uploads\/2026\/03\/Unknowndvadvd.jpeg","type":"image\/jpeg"}],"author":"Nacho Corro","twitter_card":"summary_large_image","twitter_creator":"@Juan Ignacio Corro Herrera","twitter_site":"@252COMS","twitter_misc":{"Escrito por":"Nacho Corro","Tiempo de lectura":"3 minutos"},"schema":{"@context":"https:\/\/schema.org","@graph":[{"@type":"Article","@id":"https:\/\/agencia.252.com.mx\/home\/codhem-emite-pronunciamiento-a-los-125-ayuntamientos-y-autoridades-diversas-a-la-confluencia-armonica-por-marchas-del-8m\/#article","isPartOf":{"@id":"https:\/\/agencia.252.com.mx\/home\/codhem-emite-pronunciamiento-a-los-125-ayuntamientos-y-autoridades-diversas-a-la-confluencia-armonica-por-marchas-del-8m\/"},"author":{"name":"Nacho Corro","@id":"https:\/\/agencia.252.com.mx\/home\/#\/schema\/person\/6b972021e9a92d45ade8c78d81509098"},"headline":"CODHEM emite pronunciamiento a los 125 Ayuntamientos y autoridades diversas a la confluencia arm\u00f3nica por marchas del 8M","datePublished":"2026-03-07T20:56:43+00:00","dateModified":"2026-03-07T20:59:07+00:00","mainEntityOfPage":{"@id":"https:\/\/agencia.252.com.mx\/home\/codhem-emite-pronunciamiento-a-los-125-ayuntamientos-y-autoridades-diversas-a-la-confluencia-armonica-por-marchas-del-8m\/"},"wordCount":483,"commentCount":0,"publisher":{"@id":"https:\/\/agencia.252.com.mx\/home\/#organization"},"image":{"@id":"https:\/\/agencia.252.com.mx\/home\/codhem-emite-pronunciamiento-a-los-125-ayuntamientos-y-autoridades-diversas-a-la-confluencia-armonica-por-marchas-del-8m\/#primaryimage"},"thumbnailUrl":"https:\/\/agencia.252.com.mx\/wp-content\/uploads\/2026\/03\/Unknowndvadvd.jpeg","keywords":["Edomex"],"articleSection":["Edomex","Metropoli","Mujeres","Seguridad"],"inLanguage":"es","potentialAction":[{"@type":"CommentAction","name":"Comment","target":["https:\/\/agencia.252.com.mx\/home\/codhem-emite-pronunciamiento-a-los-125-ayuntamientos-y-autoridades-diversas-a-la-confluencia-armonica-por-marchas-del-8m\/#respond"]}]},{"@type":"WebPage","@id":"https:\/\/agencia.252.com.mx\/home\/codhem-emite-pronunciamiento-a-los-125-ayuntamientos-y-autoridades-diversas-a-la-confluencia-armonica-por-marchas-del-8m\/","url":"https:\/\/agencia.252.com.mx\/home\/codhem-emite-pronunciamiento-a-los-125-ayuntamientos-y-autoridades-diversas-a-la-confluencia-armonica-por-marchas-del-8m\/","name":"CODHEM emite pronunciamiento a los 125 Ayuntamientos y autoridades diversas a la confluencia arm\u00f3nica por marchas del 8M - Agencia252","isPartOf":{"@id":"https:\/\/agencia.252.com.mx\/home\/#website"},"primaryImageOfPage":{"@id":"https:\/\/agencia.252.com.mx\/home\/codhem-emite-pronunciamiento-a-los-125-ayuntamientos-y-autoridades-diversas-a-la-confluencia-armonica-por-marchas-del-8m\/#primaryimage"},"image":{"@id":"https:\/\/agencia.252.com.mx\/home\/codhem-emite-pronunciamiento-a-los-125-ayuntamientos-y-autoridades-diversas-a-la-confluencia-armonica-por-marchas-del-8m\/#primaryimage"},"thumbnailUrl":"https:\/\/agencia.252.com.mx\/wp-content\/uploads\/2026\/03\/Unknowndvadvd.jpeg","datePublished":"2026-03-07T20:56:43+00:00","dateModified":"2026-03-07T20:59:07+00:00","breadcrumb":{"@id":"https:\/\/agencia.252.com.mx\/home\/codhem-emite-pronunciamiento-a-los-125-ayuntamientos-y-autoridades-diversas-a-la-confluencia-armonica-por-marchas-del-8m\/#breadcrumb"},"inLanguage":"es","potentialAction":[{"@type":"ReadAction","target":["https:\/\/agencia.252.com.mx\/home\/codhem-emite-pronunciamiento-a-los-125-ayuntamientos-y-autoridades-diversas-a-la-confluencia-armonica-por-marchas-del-8m\/"]}]},{"@type":"ImageObject","inLanguage":"es","@id":"https:\/\/agencia.252.com.mx\/home\/codhem-emite-pronunciamiento-a-los-125-ayuntamientos-y-autoridades-diversas-a-la-confluencia-armonica-por-marchas-del-8m\/#primaryimage","url":"https:\/\/agencia.252.com.mx\/wp-content\/uploads\/2026\/03\/Unknowndvadvd.jpeg","contentUrl":"https:\/\/agencia.252.com.mx\/wp-content\/uploads\/2026\/03\/Unknowndvadvd.jpeg","width":300,"height":168},{"@type":"BreadcrumbList","@id":"https:\/\/agencia.252.com.mx\/home\/codhem-emite-pronunciamiento-a-los-125-ayuntamientos-y-autoridades-diversas-a-la-confluencia-armonica-por-marchas-del-8m\/#breadcrumb","itemListElement":[{"@type":"ListItem","position":1,"name":"Portada","item":"https:\/\/agencia.252.com.mx\/home\/"},{"@type":"ListItem","position":2,"name":"CODHEM emite pronunciamiento a los 125 Ayuntamientos y autoridades diversas a la confluencia arm\u00f3nica por marchas del 8M"}]},{"@type":"WebSite","@id":"https:\/\/agencia.252.com.mx\/home\/#website","url":"https:\/\/agencia.252.com.mx\/home\/","name":"Agencia252","description":"Tu espacio en la Red","publisher":{"@id":"https:\/\/agencia.252.com.mx\/home\/#organization"},"potentialAction":[{"@type":"SearchAction","target":{"@type":"EntryPoint","urlTemplate":"https:\/\/agencia.252.com.mx\/home\/?s={search_term_string}"},"query-input":{"@type":"PropertyValueSpecification","valueRequired":true,"valueName":"search_term_string"}}],"inLanguage":"es"},{"@type":"Organization","@id":"https:\/\/agencia.252.com.mx\/home\/#organization","name":"Agencia252","url":"https:\/\/agencia.252.com.mx\/home\/","logo":{"@type":"ImageObject","inLanguage":"es","@id":"https:\/\/agencia.252.com.mx\/home\/#\/schema\/logo\/image\/","url":"https:\/\/agencia.252.com.mx\/wp-content\/uploads\/2023\/02\/cropped-ciruclo-agencia-e1677562404136.png","contentUrl":"https:\/\/agencia.252.com.mx\/wp-content\/uploads\/2023\/02\/cropped-ciruclo-agencia-e1677562404136.png","width":512,"height":512,"caption":"Agencia252"},"image":{"@id":"https:\/\/agencia.252.com.mx\/home\/#\/schema\/logo\/image\/"},"sameAs":["https:\/\/www.facebook.com\/252Comunicacion\/","https:\/\/x.com\/252COMS"]},{"@type":"Person","@id":"https:\/\/agencia.252.com.mx\/home\/#\/schema\/person\/6b972021e9a92d45ade8c78d81509098","name":"Nacho Corro","image":{"@type":"ImageObject","inLanguage":"es","@id":"https:\/\/secure.gravatar.com\/avatar\/5db6df507cfe1307e192fbb498c6b85f1cf2ffd8b4cd37141b9eea588fcbd5a4?s=96&r=g","url":"https:\/\/secure.gravatar.com\/avatar\/5db6df507cfe1307e192fbb498c6b85f1cf2ffd8b4cd37141b9eea588fcbd5a4?s=96&r=g","contentUrl":"https:\/\/secure.gravatar.com\/avatar\/5db6df507cfe1307e192fbb498c6b85f1cf2ffd8b4cd37141b9eea588fcbd5a4?s=96&r=g","caption":"Nacho Corro"},"description":"Comunicador Social, Periodista y Administraci\u00f3n P\u00fablica. Conversador pol\u00edtico, temas electorales y seguridad. Generador de contenidos digitales. Amante de la fotograf\u00eda","sameAs":["https:\/\/www.facebook.com\/jcorroherrera\/","www.instagram.com\/nachocorro\/","https:\/\/x.com\/Juan Ignacio Corro Herrera"],"url":"https:\/\/agencia.252.com.mx\/home\/author\/i-corro\/"}]}},"_links":{"self":[{"href":"https:\/\/agencia.252.com.mx\/home\/wp-json\/wp\/v2\/posts\/16681","targetHints":{"allow":["GET"]}}],"collection":[{"href":"https:\/\/agencia.252.com.mx\/home\/wp-json\/wp\/v2\/posts"}],"about":[{"href":"https:\/\/agencia.252.com.mx\/home\/wp-json\/wp\/v2\/types\/post"}],"author":[{"embeddable":true,"href":"https:\/\/agencia.252.com.mx\/home\/wp-json\/wp\/v2\/users\/5"}],"replies":[{"embeddable":true,"href":"https:\/\/agencia.252.com.mx\/home\/wp-json\/wp\/v2\/comments?post=16681"}],"version-history":[{"count":1,"href":"https:\/\/agencia.252.com.mx\/home\/wp-json\/wp\/v2\/posts\/16681\/revisions"}],"predecessor-version":[{"id":16683,"href":"https:\/\/agencia.252.com.mx\/home\/wp-json\/wp\/v2\/posts\/16681\/revisions\/16683"}],"wp:featuredmedia":[{"embeddable":true,"href":"https:\/\/agencia.252.com.mx\/home\/wp-json\/wp\/v2\/media\/16631"}],"wp:attachment":[{"href":"https:\/\/agencia.252.com.mx\/home\/wp-json\/wp\/v2\/media?parent=16681"}],"wp:term":[{"taxonomy":"category","embeddable":true,"href":"https:\/\/agencia.252.com.mx\/home\/wp-json\/wp\/v2\/categories?post=16681"},{"taxonomy":"post_tag","embeddable":true,"href":"https:\/\/agencia.252.com.mx\/home\/wp-json\/wp\/v2\/tags?post=16681"}],"curies":[{"name":"wp","href":"https:\/\/api.w.org\/{rel}","templated":true}]}}