{"id":16677,"date":"2026-03-07T14:32:47","date_gmt":"2026-03-07T20:32:47","guid":{"rendered":"https:\/\/agencia.252.com.mx\/home\/?p=16677"},"modified":"2026-03-07T16:28:44","modified_gmt":"2026-03-07T22:28:44","slug":"argumentan-la-necesidad-de-cambiar-de-fecha-el-proximo-proceso-electoral-judicial","status":"publish","type":"post","link":"https:\/\/agencia.252.com.mx\/home\/argumentan-la-necesidad-de-cambiar-de-fecha-el-proximo-proceso-electoral-judicial\/","title":{"rendered":"Argumentan la necesidad de cambiar la fecha del pr\u00f3ximo proceso electoral judicial\u00a0en Edom\u00e9x"},"content":{"rendered":"<p>Visitas: 26<\/p>\n<ul class=\"wp-block-list\">\n<li><em>Se presenta en el IEEM estudio sobre el proceso electoral judicial<\/em><\/li>\n\n\n\n<li><em>El alto n\u00famero de revisi\u00f3n de expedientes es una limitante en tiempo y en capacidades, a fin de garantizar la viabilidad de las candidaturas<\/em><\/li>\n<\/ul>\n\n\n\n<p><em>Juan Ignacio Corro&nbsp;<\/em><\/p>\n\n\n\n<p class=\"has-text-align-right\">Naucalpan, Estado de M\u00e9xico, a 7 de marzo&nbsp;de 2026<\/p>\n\n\n\n<p>El estudio sobre el proceso electoral judicial 2024 realizado por el Instituto para las Transiciones Integrales LATAM (IFITLATAM) para el Instituto Electoral del Estado de M\u00e9xico (IEEM), es coincidente con la propuesta del Instituto Nacional Electoral (INE) de modificar la fecha de la elecci\u00f3n juicial que se celebrar\u00e1 en 2027, entre otros motivos, por los riesgos log\u00edsticos y operativos que surgen al intentar realizarla simult\u00e1neamente con las elecciones federales intermedias\u00a0de junio.<\/p>\n\n\n\n<p>En el caso del estudio del IFITLATAM, cuyo eje se centr\u00f3 en el proceso de selecci\u00f3n de candidaturas y en las condiciones institucionales que hicieron posible el desarrollo de la Elecci\u00f3n Judicial Extraordinaria 2024-2025; la principal debilidad es que los comit\u00e9s contaron con cerca de 20 d\u00edas naturales para analizar m\u00e1s de 18 mil registros, lo que gener\u00f3 dificultades para verificar documentaci\u00f3n y calificaciones acad\u00e9micas, especialmente cuando algunas universidades emitieron constancias con valoraciones como \u201cexcelente\u201d o \u201cbueno\u201d, que no correspond\u00edan directamente con el requisito num\u00e9rico de promedio m\u00ednimo.&nbsp;<\/p>\n\n\n\n<p>En ese sentido, el Instituto se vio limitada de tiempo y en capacidades para revisar un alto n\u00famero de expedientes, lo que gener\u00f3 dificultades para verificar documentaci\u00f3n y calificaciones acad\u00e9micas. En 2027, en el Edomex se elegir\u00e1n m\u00e1s de 4 mil cargos judiciales.&nbsp;<\/p>\n\n\n\n<p>De forma paralela bajo ese mismo argumento el INE ha propuesto modificar la fecha de la elecci\u00f3n judicial programada para&nbsp;junio de 2027, poniendo a la consideraci\u00f3n de moverla a septiembre, octubre o noviembre de 2027 a fin de dar un margen de al menos tres meses despu\u00e9s de la elecci\u00f3n federal de junio; algunas consejer\u00edas del INE han establecido posponerla hasta un a\u00f1o, para garantizar una organizaci\u00f3n m\u00e1s sana y reducir la presi\u00f3n log\u00edstica.<\/p>\n\n\n\n<p>La propuesta m\u00e1s reciente de la presidenta Claudia Sheinbaum consiste en evaluar formalmente el&nbsp; traslado de la elecci\u00f3n judicial al a\u00f1o 2028, separ\u00e1ndola as\u00ed de las elecciones intermedias de 2027.&nbsp;<\/p>\n\n\n\n<p>En el evento de presentacion del estudio en el IEEM, Idalina Arreola Atilano, L\u00edder de proyecto del grupo de expertos de M\u00e9xico (MXBT) del IFITLATAM, detall\u00f3 que, para elaborar el estudio, utilizaron una metodolog\u00eda mixta que combin\u00f3 herramientas documentales, cuantitativas y cualitativas. Revisaron convocatorias, lineamientos y art\u00edculos acad\u00e9micos relacionados con el proceso; tambi\u00e9n aplicaron una encuesta a personas aspirantes para conocer su experiencia; adem\u00e1s, realizaron entrevistas con integrantes de los comit\u00e9s de evaluaci\u00f3n y con aspirantes<\/p>\n\n\n\n<p>A partir de esta informaci\u00f3n, el equipo analiz\u00f3 los criterios, metodolog\u00edas y decisiones adoptadas para seleccionar a las candidaturas, lo que permiti\u00f3 identificar patrones y formular recomendaciones orientadas a fortalecer la transparencia, la evaluaci\u00f3n de m\u00e9ritos y el dise\u00f1o institucional de futuros procesos.<\/p>\n\n\n\n<p>Por su parte, Daniela Pinzon Garc\u00eda, asistente de la subdirecci\u00f3n global en el IFITLATAM, present\u00f3 algunos de los principales hallazgos del estudio: Destac\u00f3 el amplio margen de autonom\u00eda con el que operaron los comit\u00e9s de evaluaci\u00f3n de los tres poderes, ya que, aunque exist\u00eda una convocatoria general, cada comit\u00e9 defini\u00f3 sus propias reglas de funcionamiento y criterios de evaluaci\u00f3n de personas aspirantes, lo que deriv\u00f3 en tres procesos paralelos de selecci\u00f3n.<\/p>\n\n\n\n<p>El estudio plantea, coment\u00f3 Pinz\u00f3n Garc\u00eda, recomendaciones como estandarizar requisitos y documentaci\u00f3n, utilizar sistemas de registro comunes y homologar criterios para evaluar calificaciones acad\u00e9micas, con el fin de facilitar la revisi\u00f3n de expedientes y fortalecer la confianza en el proceso.<\/p>\n\n\n\n<p>Consejera Presidenta Amalia Pulido G\u00f3mez reconoci\u00f3 que este primer ejercicio permiti\u00f3 advertir que se trata de un modelo de alta complejidad que exige capacidades institucionales, herramientas t\u00e9cnicas y reglas de operaci\u00f3n acordes con su alcance.<\/p>\n\n\n\n<p>De igual manera, subray\u00f3 que, aunque existen \u00e1reas de oportunidad, ejercicios como el estudio Selecci\u00f3n Judicial en M\u00e9xico: Lecciones aprendidas del proceso de selecci\u00f3n de cargos en cortes de \u00faltima instancia (2024\u20132025), permiten evaluar lo ocurrido y generar aprendizajes que contribuyan a mejorar futuros procesos.<\/p>\n\n\n\n<p>La Consejera Electoral Paula Melgarejo resalt\u00f3 que el documento propone acciones concretas, como definir metodolog\u00edas claras para evaluar la elegibilidad e idoneidad de las candidaturas, establecer formatos y c\u00e9dulas de evaluaci\u00f3n comunes, diferenciar los criterios seg\u00fan el tipo de cargo judicial, crear un portal \u00fanico de transparencia judicial, incorporar mecanismos de observaci\u00f3n electoral y establecer plazos razonables para cada etapa del proceso, con miras al proceso electoral judicial de 2027.<\/p>\n\n\n\n<p>A la presentaci\u00f3n asistieron la Magistrada Presidenta del Tribunal Electoral del Estado de M\u00e9xico (TEEM) Arlen Siu Jaime Merlos y la Magistrada Presidenta del Tribunal Electoral del Poder Judicial de la Federaci\u00f3n (TEPJF), Nereida Berenice \u00c1valos; as\u00ed como el Presidente del \u00d3rgano de Administraci\u00f3n Judicial del Poder Judicial del Estado de M\u00e9xico, Fernando D\u00edaz Ju\u00e1rez; el Secretario T\u00e9cnico de la Presidencia del Poder Judicial del Estado de M\u00e9xico, H\u00e9ctor Virgilio Esa\u00fa Jaramillo Rojas, y el Vocal Ejecutivo del Instituto Nacional Electoral en el Estado de M\u00e9xico, Mart\u00edn Mart\u00ednez Cortazar.<\/p>\n","protected":false},"excerpt":{"rendered":"<p>Visitas: 26 Juan Ignacio Corro&nbsp; Naucalpan, Estado de M\u00e9xico, a 7 de marzo&nbsp;de 2026 El estudio sobre el proceso electoral judicial 2024 realizado por el Instituto para las Transiciones Integrales LATAM (IFITLATAM) para el Instituto Electoral del Estado de M\u00e9xico (IEEM), es coincidente con la propuesta del Instituto Nacional Electoral (INE) de modificar la fecha [&hellip;]<\/p>\n","protected":false},"author":5,"featured_media":16678,"comment_status":"open","ping_status":"open","sticky":false,"template":"","format":"standard","meta":{"site-sidebar-layout":"default","site-content-layout":"","ast-site-content-layout":"default","site-content-style":"default","site-sidebar-style":"default","ast-global-header-display":"","ast-banner-title-visibility":"","ast-main-header-display":"","ast-hfb-above-header-display":"","ast-hfb-below-header-display":"","ast-hfb-mobile-header-display":"","site-post-title":"","ast-breadcrumbs-content":"","ast-featured-img":"","footer-sml-layout":"","ast-disable-related-posts":"","theme-transparent-header-meta":"","adv-header-id-meta":"","stick-header-meta":"","header-above-stick-meta":"","header-main-stick-meta":"","header-below-stick-meta":"","astra-migrate-meta-layouts":"set","ast-page-background-enabled":"default","ast-page-background-meta":{"desktop":{"background-color":"var(--ast-global-color-4)","background-image":"","background-repeat":"repeat","background-position":"center center","background-size":"auto","background-attachment":"scroll","background-type":"","background-media":"","overlay-type":"","overlay-color":"","overlay-opacity":"","overlay-gradient":""},"tablet":{"background-color":"","background-image":"","background-repeat":"repeat","background-position":"center center","background-size":"auto","background-attachment":"scroll","background-type":"","background-media":"","overlay-type":"","overlay-color":"","overlay-opacity":"","overlay-gradient":""},"mobile":{"background-color":"","background-image":"","background-repeat":"repeat","background-position":"center center","background-size":"auto","background-attachment":"scroll","background-type":"","background-media":"","overlay-type":"","overlay-color":"","overlay-opacity":"","overlay-gradient":""}},"ast-content-background-meta":{"desktop":{"background-color":"var(--ast-global-color-5)","background-image":"","background-repeat":"repeat","background-position":"center center","background-size":"auto","background-attachment":"scroll","background-type":"","background-media":"","overlay-type":"","overlay-color":"","overlay-opacity":"","overlay-gradient":""},"tablet":{"background-color":"var(--ast-global-color-5)","background-image":"","background-repeat":"repeat","background-position":"center center","background-size":"auto","background-attachment":"scroll","background-type":"","background-media":"","overlay-type":"","overlay-color":"","overlay-opacity":"","overlay-gradient":""},"mobile":{"background-color":"var(--ast-global-color-5)","background-image":"","background-repeat":"repeat","background-position":"center center","background-size":"auto","background-attachment":"scroll","background-type":"","background-media":"","overlay-type":"","overlay-color":"","overlay-opacity":"","overlay-gradient":""}},"footnotes":""},"categories":[8,596,68],"tags":[526],"class_list":["post-16677","post","type-post","status-publish","format-standard","has-post-thumbnail","hentry","category-edomex","category-elecciones-2027","category-seguridad","tag-edomex"],"yoast_head":"<!-- This site is optimized with the Yoast SEO plugin v27.4 - https:\/\/yoast.com\/product\/yoast-seo-wordpress\/ -->\n<title>Argumentan la necesidad de cambiar la fecha del pr\u00f3ximo proceso electoral judicial\u00a0en Edom\u00e9x - Agencia252<\/title>\n<meta name=\"robots\" content=\"index, follow, max-snippet:-1, max-image-preview:large, max-video-preview:-1\" \/>\n<link rel=\"canonical\" href=\"https:\/\/agencia.252.com.mx\/home\/argumentan-la-necesidad-de-cambiar-de-fecha-el-proximo-proceso-electoral-judicial\/\" \/>\n<meta property=\"og:locale\" content=\"es_ES\" \/>\n<meta property=\"og:type\" content=\"article\" \/>\n<meta property=\"og:title\" content=\"Argumentan la necesidad de cambiar la fecha del pr\u00f3ximo proceso electoral judicial\u00a0en Edom\u00e9x - Agencia252\" \/>\n<meta property=\"og:description\" content=\"Visitas: 26 Juan Ignacio Corro&nbsp; Naucalpan, Estado de M\u00e9xico, a 7 de marzo&nbsp;de 2026 El estudio sobre el proceso electoral judicial 2024 realizado por el Instituto para las Transiciones Integrales LATAM (IFITLATAM) para el Instituto Electoral del Estado de M\u00e9xico (IEEM), es coincidente con la propuesta del Instituto Nacional Electoral (INE) de modificar la fecha [&hellip;]\" \/>\n<meta property=\"og:url\" content=\"https:\/\/agencia.252.com.mx\/home\/argumentan-la-necesidad-de-cambiar-de-fecha-el-proximo-proceso-electoral-judicial\/\" \/>\n<meta property=\"og:site_name\" content=\"Agencia252\" \/>\n<meta property=\"article:publisher\" content=\"https:\/\/www.facebook.com\/252Comunicacion\/\" \/>\n<meta property=\"article:author\" content=\"https:\/\/www.facebook.com\/jcorroherrera\/\" \/>\n<meta property=\"article:published_time\" content=\"2026-03-07T20:32:47+00:00\" \/>\n<meta property=\"article:modified_time\" content=\"2026-03-07T22:28:44+00:00\" \/>\n<meta property=\"og:image\" content=\"http:\/\/agencia.252.com.mx\/wp-content\/uploads\/2026\/03\/WhatsApp-Image-2026-03-05-at-6.17.26-PM.jpeg\" \/>\n\t<meta property=\"og:image:width\" content=\"1280\" \/>\n\t<meta property=\"og:image:height\" content=\"854\" \/>\n\t<meta property=\"og:image:type\" content=\"image\/jpeg\" \/>\n<meta name=\"author\" content=\"Nacho Corro\" \/>\n<meta name=\"twitter:card\" content=\"summary_large_image\" \/>\n<meta name=\"twitter:creator\" content=\"@Juan Ignacio Corro Herrera\" \/>\n<meta name=\"twitter:site\" content=\"@252COMS\" \/>\n<meta name=\"twitter:label1\" content=\"Escrito por\" \/>\n\t<meta name=\"twitter:data1\" content=\"Nacho Corro\" \/>\n\t<meta name=\"twitter:label2\" content=\"Tiempo de lectura\" \/>\n\t<meta name=\"twitter:data2\" content=\"1 minuto\" \/>\n<script type=\"application\/ld+json\" class=\"yoast-schema-graph\">{\"@context\":\"https:\\\/\\\/schema.org\",\"@graph\":[{\"@type\":\"Article\",\"@id\":\"https:\\\/\\\/agencia.252.com.mx\\\/home\\\/argumentan-la-necesidad-de-cambiar-de-fecha-el-proximo-proceso-electoral-judicial\\\/#article\",\"isPartOf\":{\"@id\":\"https:\\\/\\\/agencia.252.com.mx\\\/home\\\/argumentan-la-necesidad-de-cambiar-de-fecha-el-proximo-proceso-electoral-judicial\\\/\"},\"author\":{\"name\":\"Nacho Corro\",\"@id\":\"https:\\\/\\\/agencia.252.com.mx\\\/home\\\/#\\\/schema\\\/person\\\/6b972021e9a92d45ade8c78d81509098\"},\"headline\":\"Argumentan la necesidad de cambiar la fecha del pr\u00f3ximo proceso electoral judicial\u00a0en Edom\u00e9x\",\"datePublished\":\"2026-03-07T20:32:47+00:00\",\"dateModified\":\"2026-03-07T22:28:44+00:00\",\"mainEntityOfPage\":{\"@id\":\"https:\\\/\\\/agencia.252.com.mx\\\/home\\\/argumentan-la-necesidad-de-cambiar-de-fecha-el-proximo-proceso-electoral-judicial\\\/\"},\"wordCount\":921,\"commentCount\":0,\"publisher\":{\"@id\":\"https:\\\/\\\/agencia.252.com.mx\\\/home\\\/#organization\"},\"image\":{\"@id\":\"https:\\\/\\\/agencia.252.com.mx\\\/home\\\/argumentan-la-necesidad-de-cambiar-de-fecha-el-proximo-proceso-electoral-judicial\\\/#primaryimage\"},\"thumbnailUrl\":\"https:\\\/\\\/agencia.252.com.mx\\\/wp-content\\\/uploads\\\/2026\\\/03\\\/WhatsApp-Image-2026-03-05-at-6.17.26-PM.jpeg\",\"keywords\":[\"Edomex\"],\"articleSection\":[\"Edomex\",\"Elecciones 2027\",\"Seguridad\"],\"inLanguage\":\"es\",\"potentialAction\":[{\"@type\":\"CommentAction\",\"name\":\"Comment\",\"target\":[\"https:\\\/\\\/agencia.252.com.mx\\\/home\\\/argumentan-la-necesidad-de-cambiar-de-fecha-el-proximo-proceso-electoral-judicial\\\/#respond\"]}]},{\"@type\":\"WebPage\",\"@id\":\"https:\\\/\\\/agencia.252.com.mx\\\/home\\\/argumentan-la-necesidad-de-cambiar-de-fecha-el-proximo-proceso-electoral-judicial\\\/\",\"url\":\"https:\\\/\\\/agencia.252.com.mx\\\/home\\\/argumentan-la-necesidad-de-cambiar-de-fecha-el-proximo-proceso-electoral-judicial\\\/\",\"name\":\"Argumentan la necesidad de cambiar la fecha del pr\u00f3ximo proceso electoral judicial\u00a0en Edom\u00e9x - Agencia252\",\"isPartOf\":{\"@id\":\"https:\\\/\\\/agencia.252.com.mx\\\/home\\\/#website\"},\"primaryImageOfPage\":{\"@id\":\"https:\\\/\\\/agencia.252.com.mx\\\/home\\\/argumentan-la-necesidad-de-cambiar-de-fecha-el-proximo-proceso-electoral-judicial\\\/#primaryimage\"},\"image\":{\"@id\":\"https:\\\/\\\/agencia.252.com.mx\\\/home\\\/argumentan-la-necesidad-de-cambiar-de-fecha-el-proximo-proceso-electoral-judicial\\\/#primaryimage\"},\"thumbnailUrl\":\"https:\\\/\\\/agencia.252.com.mx\\\/wp-content\\\/uploads\\\/2026\\\/03\\\/WhatsApp-Image-2026-03-05-at-6.17.26-PM.jpeg\",\"datePublished\":\"2026-03-07T20:32:47+00:00\",\"dateModified\":\"2026-03-07T22:28:44+00:00\",\"breadcrumb\":{\"@id\":\"https:\\\/\\\/agencia.252.com.mx\\\/home\\\/argumentan-la-necesidad-de-cambiar-de-fecha-el-proximo-proceso-electoral-judicial\\\/#breadcrumb\"},\"inLanguage\":\"es\",\"potentialAction\":[{\"@type\":\"ReadAction\",\"target\":[\"https:\\\/\\\/agencia.252.com.mx\\\/home\\\/argumentan-la-necesidad-de-cambiar-de-fecha-el-proximo-proceso-electoral-judicial\\\/\"]}]},{\"@type\":\"ImageObject\",\"inLanguage\":\"es\",\"@id\":\"https:\\\/\\\/agencia.252.com.mx\\\/home\\\/argumentan-la-necesidad-de-cambiar-de-fecha-el-proximo-proceso-electoral-judicial\\\/#primaryimage\",\"url\":\"https:\\\/\\\/agencia.252.com.mx\\\/wp-content\\\/uploads\\\/2026\\\/03\\\/WhatsApp-Image-2026-03-05-at-6.17.26-PM.jpeg\",\"contentUrl\":\"https:\\\/\\\/agencia.252.com.mx\\\/wp-content\\\/uploads\\\/2026\\\/03\\\/WhatsApp-Image-2026-03-05-at-6.17.26-PM.jpeg\",\"width\":1280,\"height\":854},{\"@type\":\"BreadcrumbList\",\"@id\":\"https:\\\/\\\/agencia.252.com.mx\\\/home\\\/argumentan-la-necesidad-de-cambiar-de-fecha-el-proximo-proceso-electoral-judicial\\\/#breadcrumb\",\"itemListElement\":[{\"@type\":\"ListItem\",\"position\":1,\"name\":\"Portada\",\"item\":\"https:\\\/\\\/agencia.252.com.mx\\\/home\\\/\"},{\"@type\":\"ListItem\",\"position\":2,\"name\":\"Argumentan la necesidad de cambiar la fecha del pr\u00f3ximo proceso electoral judicial\u00a0en Edom\u00e9x\"}]},{\"@type\":\"WebSite\",\"@id\":\"https:\\\/\\\/agencia.252.com.mx\\\/home\\\/#website\",\"url\":\"https:\\\/\\\/agencia.252.com.mx\\\/home\\\/\",\"name\":\"Agencia252\",\"description\":\"Tu espacio en la Red\",\"publisher\":{\"@id\":\"https:\\\/\\\/agencia.252.com.mx\\\/home\\\/#organization\"},\"potentialAction\":[{\"@type\":\"SearchAction\",\"target\":{\"@type\":\"EntryPoint\",\"urlTemplate\":\"https:\\\/\\\/agencia.252.com.mx\\\/home\\\/?s={search_term_string}\"},\"query-input\":{\"@type\":\"PropertyValueSpecification\",\"valueRequired\":true,\"valueName\":\"search_term_string\"}}],\"inLanguage\":\"es\"},{\"@type\":\"Organization\",\"@id\":\"https:\\\/\\\/agencia.252.com.mx\\\/home\\\/#organization\",\"name\":\"Agencia252\",\"url\":\"https:\\\/\\\/agencia.252.com.mx\\\/home\\\/\",\"logo\":{\"@type\":\"ImageObject\",\"inLanguage\":\"es\",\"@id\":\"https:\\\/\\\/agencia.252.com.mx\\\/home\\\/#\\\/schema\\\/logo\\\/image\\\/\",\"url\":\"https:\\\/\\\/agencia.252.com.mx\\\/wp-content\\\/uploads\\\/2023\\\/02\\\/cropped-ciruclo-agencia-e1677562404136.png\",\"contentUrl\":\"https:\\\/\\\/agencia.252.com.mx\\\/wp-content\\\/uploads\\\/2023\\\/02\\\/cropped-ciruclo-agencia-e1677562404136.png\",\"width\":512,\"height\":512,\"caption\":\"Agencia252\"},\"image\":{\"@id\":\"https:\\\/\\\/agencia.252.com.mx\\\/home\\\/#\\\/schema\\\/logo\\\/image\\\/\"},\"sameAs\":[\"https:\\\/\\\/www.facebook.com\\\/252Comunicacion\\\/\",\"https:\\\/\\\/x.com\\\/252COMS\"]},{\"@type\":\"Person\",\"@id\":\"https:\\\/\\\/agencia.252.com.mx\\\/home\\\/#\\\/schema\\\/person\\\/6b972021e9a92d45ade8c78d81509098\",\"name\":\"Nacho Corro\",\"image\":{\"@type\":\"ImageObject\",\"inLanguage\":\"es\",\"@id\":\"https:\\\/\\\/secure.gravatar.com\\\/avatar\\\/5db6df507cfe1307e192fbb498c6b85f1cf2ffd8b4cd37141b9eea588fcbd5a4?s=96&r=g\",\"url\":\"https:\\\/\\\/secure.gravatar.com\\\/avatar\\\/5db6df507cfe1307e192fbb498c6b85f1cf2ffd8b4cd37141b9eea588fcbd5a4?s=96&r=g\",\"contentUrl\":\"https:\\\/\\\/secure.gravatar.com\\\/avatar\\\/5db6df507cfe1307e192fbb498c6b85f1cf2ffd8b4cd37141b9eea588fcbd5a4?s=96&r=g\",\"caption\":\"Nacho Corro\"},\"description\":\"Comunicador Social, Periodista y Administraci\u00f3n P\u00fablica. Conversador pol\u00edtico, temas electorales y seguridad. Generador de contenidos digitales. Amante de la fotograf\u00eda\",\"sameAs\":[\"https:\\\/\\\/www.facebook.com\\\/jcorroherrera\\\/\",\"www.instagram.com\\\/nachocorro\\\/\",\"https:\\\/\\\/x.com\\\/Juan Ignacio Corro Herrera\"],\"url\":\"https:\\\/\\\/agencia.252.com.mx\\\/home\\\/author\\\/i-corro\\\/\"}]}<\/script>\n<!-- \/ Yoast SEO plugin. -->","yoast_head_json":{"title":"Argumentan la necesidad de cambiar la fecha del pr\u00f3ximo proceso electoral judicial\u00a0en Edom\u00e9x - Agencia252","robots":{"index":"index","follow":"follow","max-snippet":"max-snippet:-1","max-image-preview":"max-image-preview:large","max-video-preview":"max-video-preview:-1"},"canonical":"https:\/\/agencia.252.com.mx\/home\/argumentan-la-necesidad-de-cambiar-de-fecha-el-proximo-proceso-electoral-judicial\/","og_locale":"es_ES","og_type":"article","og_title":"Argumentan la necesidad de cambiar la fecha del pr\u00f3ximo proceso electoral judicial\u00a0en Edom\u00e9x - Agencia252","og_description":"Visitas: 26 Juan Ignacio Corro&nbsp; Naucalpan, Estado de M\u00e9xico, a 7 de marzo&nbsp;de 2026 El estudio sobre el proceso electoral judicial 2024 realizado por el Instituto para las Transiciones Integrales LATAM (IFITLATAM) para el Instituto Electoral del Estado de M\u00e9xico (IEEM), es coincidente con la propuesta del Instituto Nacional Electoral (INE) de modificar la fecha [&hellip;]","og_url":"https:\/\/agencia.252.com.mx\/home\/argumentan-la-necesidad-de-cambiar-de-fecha-el-proximo-proceso-electoral-judicial\/","og_site_name":"Agencia252","article_publisher":"https:\/\/www.facebook.com\/252Comunicacion\/","article_author":"https:\/\/www.facebook.com\/jcorroherrera\/","article_published_time":"2026-03-07T20:32:47+00:00","article_modified_time":"2026-03-07T22:28:44+00:00","og_image":[{"width":1280,"height":854,"url":"http:\/\/agencia.252.com.mx\/wp-content\/uploads\/2026\/03\/WhatsApp-Image-2026-03-05-at-6.17.26-PM.jpeg","type":"image\/jpeg"}],"author":"Nacho Corro","twitter_card":"summary_large_image","twitter_creator":"@Juan Ignacio Corro Herrera","twitter_site":"@252COMS","twitter_misc":{"Escrito por":"Nacho Corro","Tiempo de lectura":"1 minuto"},"schema":{"@context":"https:\/\/schema.org","@graph":[{"@type":"Article","@id":"https:\/\/agencia.252.com.mx\/home\/argumentan-la-necesidad-de-cambiar-de-fecha-el-proximo-proceso-electoral-judicial\/#article","isPartOf":{"@id":"https:\/\/agencia.252.com.mx\/home\/argumentan-la-necesidad-de-cambiar-de-fecha-el-proximo-proceso-electoral-judicial\/"},"author":{"name":"Nacho Corro","@id":"https:\/\/agencia.252.com.mx\/home\/#\/schema\/person\/6b972021e9a92d45ade8c78d81509098"},"headline":"Argumentan la necesidad de cambiar la fecha del pr\u00f3ximo proceso electoral judicial\u00a0en Edom\u00e9x","datePublished":"2026-03-07T20:32:47+00:00","dateModified":"2026-03-07T22:28:44+00:00","mainEntityOfPage":{"@id":"https:\/\/agencia.252.com.mx\/home\/argumentan-la-necesidad-de-cambiar-de-fecha-el-proximo-proceso-electoral-judicial\/"},"wordCount":921,"commentCount":0,"publisher":{"@id":"https:\/\/agencia.252.com.mx\/home\/#organization"},"image":{"@id":"https:\/\/agencia.252.com.mx\/home\/argumentan-la-necesidad-de-cambiar-de-fecha-el-proximo-proceso-electoral-judicial\/#primaryimage"},"thumbnailUrl":"https:\/\/agencia.252.com.mx\/wp-content\/uploads\/2026\/03\/WhatsApp-Image-2026-03-05-at-6.17.26-PM.jpeg","keywords":["Edomex"],"articleSection":["Edomex","Elecciones 2027","Seguridad"],"inLanguage":"es","potentialAction":[{"@type":"CommentAction","name":"Comment","target":["https:\/\/agencia.252.com.mx\/home\/argumentan-la-necesidad-de-cambiar-de-fecha-el-proximo-proceso-electoral-judicial\/#respond"]}]},{"@type":"WebPage","@id":"https:\/\/agencia.252.com.mx\/home\/argumentan-la-necesidad-de-cambiar-de-fecha-el-proximo-proceso-electoral-judicial\/","url":"https:\/\/agencia.252.com.mx\/home\/argumentan-la-necesidad-de-cambiar-de-fecha-el-proximo-proceso-electoral-judicial\/","name":"Argumentan la necesidad de cambiar la fecha del pr\u00f3ximo proceso electoral judicial\u00a0en Edom\u00e9x - Agencia252","isPartOf":{"@id":"https:\/\/agencia.252.com.mx\/home\/#website"},"primaryImageOfPage":{"@id":"https:\/\/agencia.252.com.mx\/home\/argumentan-la-necesidad-de-cambiar-de-fecha-el-proximo-proceso-electoral-judicial\/#primaryimage"},"image":{"@id":"https:\/\/agencia.252.com.mx\/home\/argumentan-la-necesidad-de-cambiar-de-fecha-el-proximo-proceso-electoral-judicial\/#primaryimage"},"thumbnailUrl":"https:\/\/agencia.252.com.mx\/wp-content\/uploads\/2026\/03\/WhatsApp-Image-2026-03-05-at-6.17.26-PM.jpeg","datePublished":"2026-03-07T20:32:47+00:00","dateModified":"2026-03-07T22:28:44+00:00","breadcrumb":{"@id":"https:\/\/agencia.252.com.mx\/home\/argumentan-la-necesidad-de-cambiar-de-fecha-el-proximo-proceso-electoral-judicial\/#breadcrumb"},"inLanguage":"es","potentialAction":[{"@type":"ReadAction","target":["https:\/\/agencia.252.com.mx\/home\/argumentan-la-necesidad-de-cambiar-de-fecha-el-proximo-proceso-electoral-judicial\/"]}]},{"@type":"ImageObject","inLanguage":"es","@id":"https:\/\/agencia.252.com.mx\/home\/argumentan-la-necesidad-de-cambiar-de-fecha-el-proximo-proceso-electoral-judicial\/#primaryimage","url":"https:\/\/agencia.252.com.mx\/wp-content\/uploads\/2026\/03\/WhatsApp-Image-2026-03-05-at-6.17.26-PM.jpeg","contentUrl":"https:\/\/agencia.252.com.mx\/wp-content\/uploads\/2026\/03\/WhatsApp-Image-2026-03-05-at-6.17.26-PM.jpeg","width":1280,"height":854},{"@type":"BreadcrumbList","@id":"https:\/\/agencia.252.com.mx\/home\/argumentan-la-necesidad-de-cambiar-de-fecha-el-proximo-proceso-electoral-judicial\/#breadcrumb","itemListElement":[{"@type":"ListItem","position":1,"name":"Portada","item":"https:\/\/agencia.252.com.mx\/home\/"},{"@type":"ListItem","position":2,"name":"Argumentan la necesidad de cambiar la fecha del pr\u00f3ximo proceso electoral judicial\u00a0en Edom\u00e9x"}]},{"@type":"WebSite","@id":"https:\/\/agencia.252.com.mx\/home\/#website","url":"https:\/\/agencia.252.com.mx\/home\/","name":"Agencia252","description":"Tu espacio en la Red","publisher":{"@id":"https:\/\/agencia.252.com.mx\/home\/#organization"},"potentialAction":[{"@type":"SearchAction","target":{"@type":"EntryPoint","urlTemplate":"https:\/\/agencia.252.com.mx\/home\/?s={search_term_string}"},"query-input":{"@type":"PropertyValueSpecification","valueRequired":true,"valueName":"search_term_string"}}],"inLanguage":"es"},{"@type":"Organization","@id":"https:\/\/agencia.252.com.mx\/home\/#organization","name":"Agencia252","url":"https:\/\/agencia.252.com.mx\/home\/","logo":{"@type":"ImageObject","inLanguage":"es","@id":"https:\/\/agencia.252.com.mx\/home\/#\/schema\/logo\/image\/","url":"https:\/\/agencia.252.com.mx\/wp-content\/uploads\/2023\/02\/cropped-ciruclo-agencia-e1677562404136.png","contentUrl":"https:\/\/agencia.252.com.mx\/wp-content\/uploads\/2023\/02\/cropped-ciruclo-agencia-e1677562404136.png","width":512,"height":512,"caption":"Agencia252"},"image":{"@id":"https:\/\/agencia.252.com.mx\/home\/#\/schema\/logo\/image\/"},"sameAs":["https:\/\/www.facebook.com\/252Comunicacion\/","https:\/\/x.com\/252COMS"]},{"@type":"Person","@id":"https:\/\/agencia.252.com.mx\/home\/#\/schema\/person\/6b972021e9a92d45ade8c78d81509098","name":"Nacho Corro","image":{"@type":"ImageObject","inLanguage":"es","@id":"https:\/\/secure.gravatar.com\/avatar\/5db6df507cfe1307e192fbb498c6b85f1cf2ffd8b4cd37141b9eea588fcbd5a4?s=96&r=g","url":"https:\/\/secure.gravatar.com\/avatar\/5db6df507cfe1307e192fbb498c6b85f1cf2ffd8b4cd37141b9eea588fcbd5a4?s=96&r=g","contentUrl":"https:\/\/secure.gravatar.com\/avatar\/5db6df507cfe1307e192fbb498c6b85f1cf2ffd8b4cd37141b9eea588fcbd5a4?s=96&r=g","caption":"Nacho Corro"},"description":"Comunicador Social, Periodista y Administraci\u00f3n P\u00fablica. Conversador pol\u00edtico, temas electorales y seguridad. Generador de contenidos digitales. Amante de la fotograf\u00eda","sameAs":["https:\/\/www.facebook.com\/jcorroherrera\/","www.instagram.com\/nachocorro\/","https:\/\/x.com\/Juan Ignacio Corro Herrera"],"url":"https:\/\/agencia.252.com.mx\/home\/author\/i-corro\/"}]}},"_links":{"self":[{"href":"https:\/\/agencia.252.com.mx\/home\/wp-json\/wp\/v2\/posts\/16677","targetHints":{"allow":["GET"]}}],"collection":[{"href":"https:\/\/agencia.252.com.mx\/home\/wp-json\/wp\/v2\/posts"}],"about":[{"href":"https:\/\/agencia.252.com.mx\/home\/wp-json\/wp\/v2\/types\/post"}],"author":[{"embeddable":true,"href":"https:\/\/agencia.252.com.mx\/home\/wp-json\/wp\/v2\/users\/5"}],"replies":[{"embeddable":true,"href":"https:\/\/agencia.252.com.mx\/home\/wp-json\/wp\/v2\/comments?post=16677"}],"version-history":[{"count":3,"href":"https:\/\/agencia.252.com.mx\/home\/wp-json\/wp\/v2\/posts\/16677\/revisions"}],"predecessor-version":[{"id":16690,"href":"https:\/\/agencia.252.com.mx\/home\/wp-json\/wp\/v2\/posts\/16677\/revisions\/16690"}],"wp:featuredmedia":[{"embeddable":true,"href":"https:\/\/agencia.252.com.mx\/home\/wp-json\/wp\/v2\/media\/16678"}],"wp:attachment":[{"href":"https:\/\/agencia.252.com.mx\/home\/wp-json\/wp\/v2\/media?parent=16677"}],"wp:term":[{"taxonomy":"category","embeddable":true,"href":"https:\/\/agencia.252.com.mx\/home\/wp-json\/wp\/v2\/categories?post=16677"},{"taxonomy":"post_tag","embeddable":true,"href":"https:\/\/agencia.252.com.mx\/home\/wp-json\/wp\/v2\/tags?post=16677"}],"curies":[{"name":"wp","href":"https:\/\/api.w.org\/{rel}","templated":true}]}}