{"id":16671,"date":"2026-03-06T16:42:19","date_gmt":"2026-03-06T22:42:19","guid":{"rendered":"https:\/\/agencia.252.com.mx\/home\/?p=16671"},"modified":"2026-03-06T16:44:20","modified_gmt":"2026-03-06T22:44:20","slug":"la-reforma-electoral-es-regresiva-y-dictatorial-cristina-ruiz","status":"publish","type":"post","link":"https:\/\/agencia.252.com.mx\/home\/la-reforma-electoral-es-regresiva-y-dictatorial-cristina-ruiz\/","title":{"rendered":"La reforma electoral es regresiva y dictatorial: Cristina Ruiz\u00a0"},"content":{"rendered":"<p>Visitas: 20<\/p>\n<p>Juan Ignacio Corro\u00a0<\/p>\n\n\n\n<p class=\"has-text-align-right\">Naucalpan, Estado de M\u00e9xico,&nbsp;a 6 de marzo de 2026<\/p>\n\n\n\n<p>Retroceso democr\u00e1tico, control \u00fanico del poder y el desmantelamiento de las instituciones son los \u00fanicos objetivos de la propuesta de Reforma Electoral, ahora llamada \u00abLey Maduro\u00bb, la cual ser\u00e1 rechazada por el PRI, adelant\u00f3 la Senadora Cristina Ruiz Sandoval, presidenta del PRI Estado de M\u00e9xico.&nbsp;<\/p>\n\n\n\n<p>Esta \u201cLey Maduro\u201d, dijo, no representa una mejora al sistema electoral vigente, sino un intento por seguir concentrando el poder absoluto como ya ocurri\u00f3 recientemente con la Reforma Judicial.<\/p>\n\n\n\n<p>\u201cNo permitiremos que se silencien las voces opositoras ni que se comprometa m\u00e1s la seguridad y la salud de las mexicanas y los mexicanos por los errores de un gobierno fallido. Seguiremos defendiendo la libertad de cada ciudadano\u201d, explic\u00f3 la dirigente priista.<\/p>\n\n\n\n<p>Sostuvo que con la reducci\u00f3n del n\u00famero de Senadores se pretende eliminar la voz de las minor\u00edas, mientras que con el cambio de elecci\u00f3n de los legisladores plurinominales buscan volver a implementar la estrategia de los acordeones para poner \u201ca modo\u201d a los perfiles del partido del poder.&nbsp;&nbsp;<\/p>\n\n\n\n<p>Destac\u00f3 tambi\u00e9n que con la propuesta de reducci\u00f3n del 25 % en los recursos al INE, los OPLES y a los partidos pol\u00edticos, solo buscan debilitar el sistema de organizaci\u00f3n y mantener la puerta abierta al uso de recursos de dudosa procedencia, como del crimen organizado.&nbsp;<\/p>\n\n\n\n<p>Cristina Ruiz adelant\u00f3 que esta propuesta est\u00e1 condenada al fracaso, incluso ya augurado por sus aliados de movimiento como el PVEM y el PT, lo cual dejar\u00e1 un mensaje de lo que se vive realmente en el pa\u00eds, de retroceso, sentenci\u00f3.<\/p>\n","protected":false},"excerpt":{"rendered":"<p>Visitas: 20 Juan Ignacio Corro\u00a0 Naucalpan, Estado de M\u00e9xico,&nbsp;a 6 de marzo de 2026 Retroceso democr\u00e1tico, control \u00fanico del poder y el desmantelamiento de las instituciones son los \u00fanicos objetivos de la propuesta de Reforma Electoral, ahora llamada \u00abLey Maduro\u00bb, la cual ser\u00e1 rechazada por el PRI, adelant\u00f3 la Senadora Cristina Ruiz Sandoval, presidenta del [&hellip;]<\/p>\n","protected":false},"author":5,"featured_media":16672,"comment_status":"open","ping_status":"open","sticky":false,"template":"","format":"standard","meta":{"site-sidebar-layout":"default","site-content-layout":"","ast-site-content-layout":"default","site-content-style":"default","site-sidebar-style":"default","ast-global-header-display":"","ast-banner-title-visibility":"","ast-main-header-display":"","ast-hfb-above-header-display":"","ast-hfb-below-header-display":"","ast-hfb-mobile-header-display":"","site-post-title":"","ast-breadcrumbs-content":"","ast-featured-img":"","footer-sml-layout":"","ast-disable-related-posts":"","theme-transparent-header-meta":"","adv-header-id-meta":"","stick-header-meta":"","header-above-stick-meta":"","header-main-stick-meta":"","header-below-stick-meta":"","astra-migrate-meta-layouts":"set","ast-page-background-enabled":"default","ast-page-background-meta":{"desktop":{"background-color":"var(--ast-global-color-4)","background-image":"","background-repeat":"repeat","background-position":"center center","background-size":"auto","background-attachment":"scroll","background-type":"","background-media":"","overlay-type":"","overlay-color":"","overlay-opacity":"","overlay-gradient":""},"tablet":{"background-color":"","background-image":"","background-repeat":"repeat","background-position":"center center","background-size":"auto","background-attachment":"scroll","background-type":"","background-media":"","overlay-type":"","overlay-color":"","overlay-opacity":"","overlay-gradient":""},"mobile":{"background-color":"","background-image":"","background-repeat":"repeat","background-position":"center center","background-size":"auto","background-attachment":"scroll","background-type":"","background-media":"","overlay-type":"","overlay-color":"","overlay-opacity":"","overlay-gradient":""}},"ast-content-background-meta":{"desktop":{"background-color":"var(--ast-global-color-5)","background-image":"","background-repeat":"repeat","background-position":"center center","background-size":"auto","background-attachment":"scroll","background-type":"","background-media":"","overlay-type":"","overlay-color":"","overlay-opacity":"","overlay-gradient":""},"tablet":{"background-color":"var(--ast-global-color-5)","background-image":"","background-repeat":"repeat","background-position":"center center","background-size":"auto","background-attachment":"scroll","background-type":"","background-media":"","overlay-type":"","overlay-color":"","overlay-opacity":"","overlay-gradient":""},"mobile":{"background-color":"var(--ast-global-color-5)","background-image":"","background-repeat":"repeat","background-position":"center center","background-size":"auto","background-attachment":"scroll","background-type":"","background-media":"","overlay-type":"","overlay-color":"","overlay-opacity":"","overlay-gradient":""}},"footnotes":""},"categories":[8,596,68],"tags":[526],"class_list":["post-16671","post","type-post","status-publish","format-standard","has-post-thumbnail","hentry","category-edomex","category-elecciones-2027","category-seguridad","tag-edomex"],"yoast_head":"<!-- This site is optimized with the Yoast SEO plugin v27.4 - https:\/\/yoast.com\/product\/yoast-seo-wordpress\/ -->\n<title>La reforma electoral es regresiva y dictatorial: Cristina Ruiz\u00a0 - Agencia252<\/title>\n<meta name=\"robots\" content=\"index, follow, max-snippet:-1, max-image-preview:large, max-video-preview:-1\" \/>\n<link rel=\"canonical\" href=\"https:\/\/agencia.252.com.mx\/home\/la-reforma-electoral-es-regresiva-y-dictatorial-cristina-ruiz\/\" \/>\n<meta property=\"og:locale\" content=\"es_ES\" \/>\n<meta property=\"og:type\" content=\"article\" \/>\n<meta property=\"og:title\" content=\"La reforma electoral es regresiva y dictatorial: Cristina Ruiz\u00a0 - Agencia252\" \/>\n<meta property=\"og:description\" content=\"Visitas: 20 Juan Ignacio Corro\u00a0 Naucalpan, Estado de M\u00e9xico,&nbsp;a 6 de marzo de 2026 Retroceso democr\u00e1tico, control \u00fanico del poder y el desmantelamiento de las instituciones son los \u00fanicos objetivos de la propuesta de Reforma Electoral, ahora llamada \u00abLey Maduro\u00bb, la cual ser\u00e1 rechazada por el PRI, adelant\u00f3 la Senadora Cristina Ruiz Sandoval, presidenta del [&hellip;]\" \/>\n<meta property=\"og:url\" content=\"https:\/\/agencia.252.com.mx\/home\/la-reforma-electoral-es-regresiva-y-dictatorial-cristina-ruiz\/\" \/>\n<meta property=\"og:site_name\" content=\"Agencia252\" \/>\n<meta property=\"article:publisher\" content=\"https:\/\/www.facebook.com\/252Comunicacion\/\" \/>\n<meta property=\"article:author\" content=\"https:\/\/www.facebook.com\/jcorroherrera\/\" \/>\n<meta property=\"article:published_time\" content=\"2026-03-06T22:42:19+00:00\" \/>\n<meta property=\"article:modified_time\" content=\"2026-03-06T22:44:20+00:00\" \/>\n<meta property=\"og:image\" content=\"http:\/\/agencia.252.com.mx\/wp-content\/uploads\/2026\/03\/WhatsApp-Image-2026-03-06-at-8.27.28-AM.jpeg\" \/>\n\t<meta property=\"og:image:width\" content=\"1600\" \/>\n\t<meta property=\"og:image:height\" content=\"1022\" \/>\n\t<meta property=\"og:image:type\" content=\"image\/jpeg\" \/>\n<meta name=\"author\" content=\"Nacho Corro\" \/>\n<meta name=\"twitter:card\" content=\"summary_large_image\" \/>\n<meta name=\"twitter:creator\" content=\"@Juan Ignacio Corro Herrera\" \/>\n<meta name=\"twitter:site\" content=\"@252COMS\" \/>\n<meta name=\"twitter:label1\" content=\"Escrito por\" \/>\n\t<meta name=\"twitter:data1\" content=\"Nacho Corro\" \/>\n\t<meta name=\"twitter:label2\" content=\"Tiempo de lectura\" \/>\n\t<meta name=\"twitter:data2\" content=\"2 minutos\" \/>\n<script type=\"application\/ld+json\" class=\"yoast-schema-graph\">{\"@context\":\"https:\\\/\\\/schema.org\",\"@graph\":[{\"@type\":\"Article\",\"@id\":\"https:\\\/\\\/agencia.252.com.mx\\\/home\\\/la-reforma-electoral-es-regresiva-y-dictatorial-cristina-ruiz\\\/#article\",\"isPartOf\":{\"@id\":\"https:\\\/\\\/agencia.252.com.mx\\\/home\\\/la-reforma-electoral-es-regresiva-y-dictatorial-cristina-ruiz\\\/\"},\"author\":{\"name\":\"Nacho Corro\",\"@id\":\"https:\\\/\\\/agencia.252.com.mx\\\/home\\\/#\\\/schema\\\/person\\\/6b972021e9a92d45ade8c78d81509098\"},\"headline\":\"La reforma electoral es regresiva y dictatorial: Cristina Ruiz\u00a0\",\"datePublished\":\"2026-03-06T22:42:19+00:00\",\"dateModified\":\"2026-03-06T22:44:20+00:00\",\"mainEntityOfPage\":{\"@id\":\"https:\\\/\\\/agencia.252.com.mx\\\/home\\\/la-reforma-electoral-es-regresiva-y-dictatorial-cristina-ruiz\\\/\"},\"wordCount\":287,\"commentCount\":0,\"publisher\":{\"@id\":\"https:\\\/\\\/agencia.252.com.mx\\\/home\\\/#organization\"},\"image\":{\"@id\":\"https:\\\/\\\/agencia.252.com.mx\\\/home\\\/la-reforma-electoral-es-regresiva-y-dictatorial-cristina-ruiz\\\/#primaryimage\"},\"thumbnailUrl\":\"https:\\\/\\\/agencia.252.com.mx\\\/wp-content\\\/uploads\\\/2026\\\/03\\\/WhatsApp-Image-2026-03-06-at-8.27.28-AM.jpeg\",\"keywords\":[\"Edomex\"],\"articleSection\":[\"Edomex\",\"Elecciones 2027\",\"Seguridad\"],\"inLanguage\":\"es\",\"potentialAction\":[{\"@type\":\"CommentAction\",\"name\":\"Comment\",\"target\":[\"https:\\\/\\\/agencia.252.com.mx\\\/home\\\/la-reforma-electoral-es-regresiva-y-dictatorial-cristina-ruiz\\\/#respond\"]}]},{\"@type\":\"WebPage\",\"@id\":\"https:\\\/\\\/agencia.252.com.mx\\\/home\\\/la-reforma-electoral-es-regresiva-y-dictatorial-cristina-ruiz\\\/\",\"url\":\"https:\\\/\\\/agencia.252.com.mx\\\/home\\\/la-reforma-electoral-es-regresiva-y-dictatorial-cristina-ruiz\\\/\",\"name\":\"La reforma electoral es regresiva y dictatorial: Cristina Ruiz\u00a0 - Agencia252\",\"isPartOf\":{\"@id\":\"https:\\\/\\\/agencia.252.com.mx\\\/home\\\/#website\"},\"primaryImageOfPage\":{\"@id\":\"https:\\\/\\\/agencia.252.com.mx\\\/home\\\/la-reforma-electoral-es-regresiva-y-dictatorial-cristina-ruiz\\\/#primaryimage\"},\"image\":{\"@id\":\"https:\\\/\\\/agencia.252.com.mx\\\/home\\\/la-reforma-electoral-es-regresiva-y-dictatorial-cristina-ruiz\\\/#primaryimage\"},\"thumbnailUrl\":\"https:\\\/\\\/agencia.252.com.mx\\\/wp-content\\\/uploads\\\/2026\\\/03\\\/WhatsApp-Image-2026-03-06-at-8.27.28-AM.jpeg\",\"datePublished\":\"2026-03-06T22:42:19+00:00\",\"dateModified\":\"2026-03-06T22:44:20+00:00\",\"breadcrumb\":{\"@id\":\"https:\\\/\\\/agencia.252.com.mx\\\/home\\\/la-reforma-electoral-es-regresiva-y-dictatorial-cristina-ruiz\\\/#breadcrumb\"},\"inLanguage\":\"es\",\"potentialAction\":[{\"@type\":\"ReadAction\",\"target\":[\"https:\\\/\\\/agencia.252.com.mx\\\/home\\\/la-reforma-electoral-es-regresiva-y-dictatorial-cristina-ruiz\\\/\"]}]},{\"@type\":\"ImageObject\",\"inLanguage\":\"es\",\"@id\":\"https:\\\/\\\/agencia.252.com.mx\\\/home\\\/la-reforma-electoral-es-regresiva-y-dictatorial-cristina-ruiz\\\/#primaryimage\",\"url\":\"https:\\\/\\\/agencia.252.com.mx\\\/wp-content\\\/uploads\\\/2026\\\/03\\\/WhatsApp-Image-2026-03-06-at-8.27.28-AM.jpeg\",\"contentUrl\":\"https:\\\/\\\/agencia.252.com.mx\\\/wp-content\\\/uploads\\\/2026\\\/03\\\/WhatsApp-Image-2026-03-06-at-8.27.28-AM.jpeg\",\"width\":1600,\"height\":1022},{\"@type\":\"BreadcrumbList\",\"@id\":\"https:\\\/\\\/agencia.252.com.mx\\\/home\\\/la-reforma-electoral-es-regresiva-y-dictatorial-cristina-ruiz\\\/#breadcrumb\",\"itemListElement\":[{\"@type\":\"ListItem\",\"position\":1,\"name\":\"Portada\",\"item\":\"https:\\\/\\\/agencia.252.com.mx\\\/home\\\/\"},{\"@type\":\"ListItem\",\"position\":2,\"name\":\"La reforma electoral es regresiva y dictatorial: Cristina Ruiz\u00a0\"}]},{\"@type\":\"WebSite\",\"@id\":\"https:\\\/\\\/agencia.252.com.mx\\\/home\\\/#website\",\"url\":\"https:\\\/\\\/agencia.252.com.mx\\\/home\\\/\",\"name\":\"Agencia252\",\"description\":\"Tu espacio en la Red\",\"publisher\":{\"@id\":\"https:\\\/\\\/agencia.252.com.mx\\\/home\\\/#organization\"},\"potentialAction\":[{\"@type\":\"SearchAction\",\"target\":{\"@type\":\"EntryPoint\",\"urlTemplate\":\"https:\\\/\\\/agencia.252.com.mx\\\/home\\\/?s={search_term_string}\"},\"query-input\":{\"@type\":\"PropertyValueSpecification\",\"valueRequired\":true,\"valueName\":\"search_term_string\"}}],\"inLanguage\":\"es\"},{\"@type\":\"Organization\",\"@id\":\"https:\\\/\\\/agencia.252.com.mx\\\/home\\\/#organization\",\"name\":\"Agencia252\",\"url\":\"https:\\\/\\\/agencia.252.com.mx\\\/home\\\/\",\"logo\":{\"@type\":\"ImageObject\",\"inLanguage\":\"es\",\"@id\":\"https:\\\/\\\/agencia.252.com.mx\\\/home\\\/#\\\/schema\\\/logo\\\/image\\\/\",\"url\":\"https:\\\/\\\/agencia.252.com.mx\\\/wp-content\\\/uploads\\\/2023\\\/02\\\/cropped-ciruclo-agencia-e1677562404136.png\",\"contentUrl\":\"https:\\\/\\\/agencia.252.com.mx\\\/wp-content\\\/uploads\\\/2023\\\/02\\\/cropped-ciruclo-agencia-e1677562404136.png\",\"width\":512,\"height\":512,\"caption\":\"Agencia252\"},\"image\":{\"@id\":\"https:\\\/\\\/agencia.252.com.mx\\\/home\\\/#\\\/schema\\\/logo\\\/image\\\/\"},\"sameAs\":[\"https:\\\/\\\/www.facebook.com\\\/252Comunicacion\\\/\",\"https:\\\/\\\/x.com\\\/252COMS\"]},{\"@type\":\"Person\",\"@id\":\"https:\\\/\\\/agencia.252.com.mx\\\/home\\\/#\\\/schema\\\/person\\\/6b972021e9a92d45ade8c78d81509098\",\"name\":\"Nacho Corro\",\"image\":{\"@type\":\"ImageObject\",\"inLanguage\":\"es\",\"@id\":\"https:\\\/\\\/secure.gravatar.com\\\/avatar\\\/5db6df507cfe1307e192fbb498c6b85f1cf2ffd8b4cd37141b9eea588fcbd5a4?s=96&r=g\",\"url\":\"https:\\\/\\\/secure.gravatar.com\\\/avatar\\\/5db6df507cfe1307e192fbb498c6b85f1cf2ffd8b4cd37141b9eea588fcbd5a4?s=96&r=g\",\"contentUrl\":\"https:\\\/\\\/secure.gravatar.com\\\/avatar\\\/5db6df507cfe1307e192fbb498c6b85f1cf2ffd8b4cd37141b9eea588fcbd5a4?s=96&r=g\",\"caption\":\"Nacho Corro\"},\"description\":\"Comunicador Social, Periodista y Administraci\u00f3n P\u00fablica. Conversador pol\u00edtico, temas electorales y seguridad. Generador de contenidos digitales. Amante de la fotograf\u00eda\",\"sameAs\":[\"https:\\\/\\\/www.facebook.com\\\/jcorroherrera\\\/\",\"www.instagram.com\\\/nachocorro\\\/\",\"https:\\\/\\\/x.com\\\/Juan Ignacio Corro Herrera\"],\"url\":\"https:\\\/\\\/agencia.252.com.mx\\\/home\\\/author\\\/i-corro\\\/\"}]}<\/script>\n<!-- \/ Yoast SEO plugin. -->","yoast_head_json":{"title":"La reforma electoral es regresiva y dictatorial: Cristina Ruiz\u00a0 - Agencia252","robots":{"index":"index","follow":"follow","max-snippet":"max-snippet:-1","max-image-preview":"max-image-preview:large","max-video-preview":"max-video-preview:-1"},"canonical":"https:\/\/agencia.252.com.mx\/home\/la-reforma-electoral-es-regresiva-y-dictatorial-cristina-ruiz\/","og_locale":"es_ES","og_type":"article","og_title":"La reforma electoral es regresiva y dictatorial: Cristina Ruiz\u00a0 - Agencia252","og_description":"Visitas: 20 Juan Ignacio Corro\u00a0 Naucalpan, Estado de M\u00e9xico,&nbsp;a 6 de marzo de 2026 Retroceso democr\u00e1tico, control \u00fanico del poder y el desmantelamiento de las instituciones son los \u00fanicos objetivos de la propuesta de Reforma Electoral, ahora llamada \u00abLey Maduro\u00bb, la cual ser\u00e1 rechazada por el PRI, adelant\u00f3 la Senadora Cristina Ruiz Sandoval, presidenta del [&hellip;]","og_url":"https:\/\/agencia.252.com.mx\/home\/la-reforma-electoral-es-regresiva-y-dictatorial-cristina-ruiz\/","og_site_name":"Agencia252","article_publisher":"https:\/\/www.facebook.com\/252Comunicacion\/","article_author":"https:\/\/www.facebook.com\/jcorroherrera\/","article_published_time":"2026-03-06T22:42:19+00:00","article_modified_time":"2026-03-06T22:44:20+00:00","og_image":[{"width":1600,"height":1022,"url":"http:\/\/agencia.252.com.mx\/wp-content\/uploads\/2026\/03\/WhatsApp-Image-2026-03-06-at-8.27.28-AM.jpeg","type":"image\/jpeg"}],"author":"Nacho Corro","twitter_card":"summary_large_image","twitter_creator":"@Juan Ignacio Corro Herrera","twitter_site":"@252COMS","twitter_misc":{"Escrito por":"Nacho Corro","Tiempo de lectura":"2 minutos"},"schema":{"@context":"https:\/\/schema.org","@graph":[{"@type":"Article","@id":"https:\/\/agencia.252.com.mx\/home\/la-reforma-electoral-es-regresiva-y-dictatorial-cristina-ruiz\/#article","isPartOf":{"@id":"https:\/\/agencia.252.com.mx\/home\/la-reforma-electoral-es-regresiva-y-dictatorial-cristina-ruiz\/"},"author":{"name":"Nacho Corro","@id":"https:\/\/agencia.252.com.mx\/home\/#\/schema\/person\/6b972021e9a92d45ade8c78d81509098"},"headline":"La reforma electoral es regresiva y dictatorial: Cristina Ruiz\u00a0","datePublished":"2026-03-06T22:42:19+00:00","dateModified":"2026-03-06T22:44:20+00:00","mainEntityOfPage":{"@id":"https:\/\/agencia.252.com.mx\/home\/la-reforma-electoral-es-regresiva-y-dictatorial-cristina-ruiz\/"},"wordCount":287,"commentCount":0,"publisher":{"@id":"https:\/\/agencia.252.com.mx\/home\/#organization"},"image":{"@id":"https:\/\/agencia.252.com.mx\/home\/la-reforma-electoral-es-regresiva-y-dictatorial-cristina-ruiz\/#primaryimage"},"thumbnailUrl":"https:\/\/agencia.252.com.mx\/wp-content\/uploads\/2026\/03\/WhatsApp-Image-2026-03-06-at-8.27.28-AM.jpeg","keywords":["Edomex"],"articleSection":["Edomex","Elecciones 2027","Seguridad"],"inLanguage":"es","potentialAction":[{"@type":"CommentAction","name":"Comment","target":["https:\/\/agencia.252.com.mx\/home\/la-reforma-electoral-es-regresiva-y-dictatorial-cristina-ruiz\/#respond"]}]},{"@type":"WebPage","@id":"https:\/\/agencia.252.com.mx\/home\/la-reforma-electoral-es-regresiva-y-dictatorial-cristina-ruiz\/","url":"https:\/\/agencia.252.com.mx\/home\/la-reforma-electoral-es-regresiva-y-dictatorial-cristina-ruiz\/","name":"La reforma electoral es regresiva y dictatorial: Cristina Ruiz\u00a0 - Agencia252","isPartOf":{"@id":"https:\/\/agencia.252.com.mx\/home\/#website"},"primaryImageOfPage":{"@id":"https:\/\/agencia.252.com.mx\/home\/la-reforma-electoral-es-regresiva-y-dictatorial-cristina-ruiz\/#primaryimage"},"image":{"@id":"https:\/\/agencia.252.com.mx\/home\/la-reforma-electoral-es-regresiva-y-dictatorial-cristina-ruiz\/#primaryimage"},"thumbnailUrl":"https:\/\/agencia.252.com.mx\/wp-content\/uploads\/2026\/03\/WhatsApp-Image-2026-03-06-at-8.27.28-AM.jpeg","datePublished":"2026-03-06T22:42:19+00:00","dateModified":"2026-03-06T22:44:20+00:00","breadcrumb":{"@id":"https:\/\/agencia.252.com.mx\/home\/la-reforma-electoral-es-regresiva-y-dictatorial-cristina-ruiz\/#breadcrumb"},"inLanguage":"es","potentialAction":[{"@type":"ReadAction","target":["https:\/\/agencia.252.com.mx\/home\/la-reforma-electoral-es-regresiva-y-dictatorial-cristina-ruiz\/"]}]},{"@type":"ImageObject","inLanguage":"es","@id":"https:\/\/agencia.252.com.mx\/home\/la-reforma-electoral-es-regresiva-y-dictatorial-cristina-ruiz\/#primaryimage","url":"https:\/\/agencia.252.com.mx\/wp-content\/uploads\/2026\/03\/WhatsApp-Image-2026-03-06-at-8.27.28-AM.jpeg","contentUrl":"https:\/\/agencia.252.com.mx\/wp-content\/uploads\/2026\/03\/WhatsApp-Image-2026-03-06-at-8.27.28-AM.jpeg","width":1600,"height":1022},{"@type":"BreadcrumbList","@id":"https:\/\/agencia.252.com.mx\/home\/la-reforma-electoral-es-regresiva-y-dictatorial-cristina-ruiz\/#breadcrumb","itemListElement":[{"@type":"ListItem","position":1,"name":"Portada","item":"https:\/\/agencia.252.com.mx\/home\/"},{"@type":"ListItem","position":2,"name":"La reforma electoral es regresiva y dictatorial: Cristina Ruiz\u00a0"}]},{"@type":"WebSite","@id":"https:\/\/agencia.252.com.mx\/home\/#website","url":"https:\/\/agencia.252.com.mx\/home\/","name":"Agencia252","description":"Tu espacio en la Red","publisher":{"@id":"https:\/\/agencia.252.com.mx\/home\/#organization"},"potentialAction":[{"@type":"SearchAction","target":{"@type":"EntryPoint","urlTemplate":"https:\/\/agencia.252.com.mx\/home\/?s={search_term_string}"},"query-input":{"@type":"PropertyValueSpecification","valueRequired":true,"valueName":"search_term_string"}}],"inLanguage":"es"},{"@type":"Organization","@id":"https:\/\/agencia.252.com.mx\/home\/#organization","name":"Agencia252","url":"https:\/\/agencia.252.com.mx\/home\/","logo":{"@type":"ImageObject","inLanguage":"es","@id":"https:\/\/agencia.252.com.mx\/home\/#\/schema\/logo\/image\/","url":"https:\/\/agencia.252.com.mx\/wp-content\/uploads\/2023\/02\/cropped-ciruclo-agencia-e1677562404136.png","contentUrl":"https:\/\/agencia.252.com.mx\/wp-content\/uploads\/2023\/02\/cropped-ciruclo-agencia-e1677562404136.png","width":512,"height":512,"caption":"Agencia252"},"image":{"@id":"https:\/\/agencia.252.com.mx\/home\/#\/schema\/logo\/image\/"},"sameAs":["https:\/\/www.facebook.com\/252Comunicacion\/","https:\/\/x.com\/252COMS"]},{"@type":"Person","@id":"https:\/\/agencia.252.com.mx\/home\/#\/schema\/person\/6b972021e9a92d45ade8c78d81509098","name":"Nacho Corro","image":{"@type":"ImageObject","inLanguage":"es","@id":"https:\/\/secure.gravatar.com\/avatar\/5db6df507cfe1307e192fbb498c6b85f1cf2ffd8b4cd37141b9eea588fcbd5a4?s=96&r=g","url":"https:\/\/secure.gravatar.com\/avatar\/5db6df507cfe1307e192fbb498c6b85f1cf2ffd8b4cd37141b9eea588fcbd5a4?s=96&r=g","contentUrl":"https:\/\/secure.gravatar.com\/avatar\/5db6df507cfe1307e192fbb498c6b85f1cf2ffd8b4cd37141b9eea588fcbd5a4?s=96&r=g","caption":"Nacho Corro"},"description":"Comunicador Social, Periodista y Administraci\u00f3n P\u00fablica. Conversador pol\u00edtico, temas electorales y seguridad. Generador de contenidos digitales. Amante de la fotograf\u00eda","sameAs":["https:\/\/www.facebook.com\/jcorroherrera\/","www.instagram.com\/nachocorro\/","https:\/\/x.com\/Juan Ignacio Corro Herrera"],"url":"https:\/\/agencia.252.com.mx\/home\/author\/i-corro\/"}]}},"_links":{"self":[{"href":"https:\/\/agencia.252.com.mx\/home\/wp-json\/wp\/v2\/posts\/16671","targetHints":{"allow":["GET"]}}],"collection":[{"href":"https:\/\/agencia.252.com.mx\/home\/wp-json\/wp\/v2\/posts"}],"about":[{"href":"https:\/\/agencia.252.com.mx\/home\/wp-json\/wp\/v2\/types\/post"}],"author":[{"embeddable":true,"href":"https:\/\/agencia.252.com.mx\/home\/wp-json\/wp\/v2\/users\/5"}],"replies":[{"embeddable":true,"href":"https:\/\/agencia.252.com.mx\/home\/wp-json\/wp\/v2\/comments?post=16671"}],"version-history":[{"count":1,"href":"https:\/\/agencia.252.com.mx\/home\/wp-json\/wp\/v2\/posts\/16671\/revisions"}],"predecessor-version":[{"id":16673,"href":"https:\/\/agencia.252.com.mx\/home\/wp-json\/wp\/v2\/posts\/16671\/revisions\/16673"}],"wp:featuredmedia":[{"embeddable":true,"href":"https:\/\/agencia.252.com.mx\/home\/wp-json\/wp\/v2\/media\/16672"}],"wp:attachment":[{"href":"https:\/\/agencia.252.com.mx\/home\/wp-json\/wp\/v2\/media?parent=16671"}],"wp:term":[{"taxonomy":"category","embeddable":true,"href":"https:\/\/agencia.252.com.mx\/home\/wp-json\/wp\/v2\/categories?post=16671"},{"taxonomy":"post_tag","embeddable":true,"href":"https:\/\/agencia.252.com.mx\/home\/wp-json\/wp\/v2\/tags?post=16671"}],"curies":[{"name":"wp","href":"https:\/\/api.w.org\/{rel}","templated":true}]}}