{"id":16668,"date":"2026-03-06T16:20:50","date_gmt":"2026-03-06T22:20:50","guid":{"rendered":"https:\/\/agencia.252.com.mx\/home\/?p=16668"},"modified":"2026-03-06T16:20:52","modified_gmt":"2026-03-06T22:20:52","slug":"quieren-incorporar-la-ia-en-tramites-oficiales-del-edomex","status":"publish","type":"post","link":"https:\/\/agencia.252.com.mx\/home\/quieren-incorporar-la-ia-en-tramites-oficiales-del-edomex\/","title":{"rendered":"Quieren incorporar la IA en tr\u00e1mites oficiales del Edom\u00e9x"},"content":{"rendered":"<p>Visitas: 25<\/p>\n<ul class=\"wp-block-list\">\n<li><em>En comisiones de la LXII Legislatura mexiquense se aprob\u00f3 incorporar el uso de la Inteligencia Artificial (IA) en tr\u00e1mites y servicios p\u00fablicos digitales, con el objetivo de que los procesos administrativos sean m\u00e1s r\u00e1pidos, accesibles y eficientes.<\/em><\/li>\n\n\n\n<li><em>Consideran diputados y diputadas que dictaminaron la propuesta coincidieron en destacar que esta decisi\u00f3n significa tr\u00e1mites y servicios p\u00fablicos m\u00e1s \u00e1giles para la poblaci\u00f3n.<\/em><\/li>\n<\/ul>\n\n\n\n<p><em>Juan Ignacio Corro&nbsp;<\/em><\/p>\n\n\n\n<p class=\"has-text-align-right\">Toluca, Estado de M\u00e9xico, a 6 de marzo&nbsp;de 2026<\/p>\n\n\n\n<p>Mientras en algunos proceso administrativos y operativos se desestima la intelgencia artifical, la Comisi\u00f3n de Desarrollo Econ\u00f3mico, Industrial, Comercial y Minero de la LXII Legislatura mexiquense, aprob\u00f3 el dictamen a la iniciativa del diputado Edgar Samuel R\u00edos Moren (morena) para incorporar el uso de la Inteligencia Artificial (IA) en tr\u00e1mites y servicios p\u00fablicos digitales.&nbsp;<\/p>\n\n\n\n<p>De acuerdo con la iniciativa que modificar\u00eda la Ley de Gobierno Digital del Estado de M\u00e9xico y Municipios, se faculta a la Agencia Digital del Estado de M\u00e9xico a desarrollar, operar e impulsar los sistemas y la automatizaci\u00f3n de los procesos de trabajo de la administraci\u00f3n p\u00fablica estatal, mediante la aplicaci\u00f3n de las tecnolog\u00edas de la informaci\u00f3n, comunicaci\u00f3n y, en su caso, de inteligencia artificial.<\/p>\n\n\n\n<p>Asimismo, define esta herramienta tecnol\u00f3gica como la capacidad de un sistema inform\u00e1tico de imitar procesos cognitivos humanos, como el aprendizaje, la resoluci\u00f3n de problemas y la toma de decisiones.<\/p>\n\n\n\n<p>Conforme al dictamen,&nbsp;&nbsp;las y los integrantes de la comisi\u00f3n coincidieron en que la propuesta se apega al Plan de Desarrollo del Estado de M\u00e9xico que tiene, entre otras aspiraciones, la de garantizar que la poblaci\u00f3n mexiquense tenga acceso a los servicios y tr\u00e1mites digitales, lo que en un contexto mundial y nacional cada vez m\u00e1s digitalizado, hace necesario echar a andar modelos y procesos innovadores que permitan el acceso a los tr\u00e1mites y servicios que ofrece el gobierno del estado y los municipios, diversificando su tipo y haci\u00e9ndolos m\u00e1s eficientes.<\/p>\n\n\n\n<p>Para el legislador Samuel R\u00edos, proponente de la iniciativa, esta modificaci\u00f3n representa un salto cualitativo que coloca a la legislatura a la vanguardia nacional en el tema.<\/p>\n\n\n\n<p>Se\u00f1al\u00f3 que la decisi\u00f3n contribuye a la transformaci\u00f3n institucional, al tiempo que impulsa servicios gubernamentales m\u00e1s \u00e1giles, con menos filas y respuestas m\u00e1s r\u00e1pidas para la ciudadan\u00eda.<\/p>\n\n\n\n<p>\u201cSeguiremos legislando para que la ciencia y la innovaci\u00f3n sean el motor de la justicia social\u201d, apunt\u00f3.<\/p>\n\n\n\n<p>Su compa\u00f1era de bancada, la parlamentaria Selina Trujillo Arizmendi, enfatiz\u00f3 que con la reforma se apoya un gobierno digital que fortalece la tecnolog\u00eda en beneficio de su poblaci\u00f3n, y se pronunci\u00f3 porque los gobiernos, empresas y sociedad trabajen juntos para establecer una norma clara que garantice que esta tecnolog\u00eda se utilice para el bien com\u00fan.<\/p>\n\n\n\n<p>El legislador Alejandro Castro destac\u00f3 que la digitalizaci\u00f3n gubernamental permite tr\u00e1mites m\u00e1s r\u00e1pidos, mayor eficiencia, reducci\u00f3n de costos y mejores servicios a la ciudadan\u00eda, por lo que el sector p\u00fablico debe adoptar estas tecnolog\u00edas de manera responsable. Asimismo, pidi\u00f3 estar atentos a las disposiciones del Congreso de la Uni\u00f3n para mantener la legislaci\u00f3n estatal alineada con la federal y los est\u00e1ndares nacionales.<\/p>\n","protected":false},"excerpt":{"rendered":"<p>Visitas: 25 Juan Ignacio Corro&nbsp; Toluca, Estado de M\u00e9xico, a 6 de marzo&nbsp;de 2026 Mientras en algunos proceso administrativos y operativos se desestima la intelgencia artifical, la Comisi\u00f3n de Desarrollo Econ\u00f3mico, Industrial, Comercial y Minero de la LXII Legislatura mexiquense, aprob\u00f3 el dictamen a la iniciativa del diputado Edgar Samuel R\u00edos Moren (morena) para incorporar [&hellip;]<\/p>\n","protected":false},"author":5,"featured_media":16669,"comment_status":"open","ping_status":"open","sticky":false,"template":"","format":"standard","meta":{"site-sidebar-layout":"default","site-content-layout":"","ast-site-content-layout":"default","site-content-style":"default","site-sidebar-style":"default","ast-global-header-display":"","ast-banner-title-visibility":"","ast-main-header-display":"","ast-hfb-above-header-display":"","ast-hfb-below-header-display":"","ast-hfb-mobile-header-display":"","site-post-title":"","ast-breadcrumbs-content":"","ast-featured-img":"","footer-sml-layout":"","ast-disable-related-posts":"","theme-transparent-header-meta":"","adv-header-id-meta":"","stick-header-meta":"","header-above-stick-meta":"","header-main-stick-meta":"","header-below-stick-meta":"","astra-migrate-meta-layouts":"set","ast-page-background-enabled":"default","ast-page-background-meta":{"desktop":{"background-color":"var(--ast-global-color-4)","background-image":"","background-repeat":"repeat","background-position":"center center","background-size":"auto","background-attachment":"scroll","background-type":"","background-media":"","overlay-type":"","overlay-color":"","overlay-opacity":"","overlay-gradient":""},"tablet":{"background-color":"","background-image":"","background-repeat":"repeat","background-position":"center center","background-size":"auto","background-attachment":"scroll","background-type":"","background-media":"","overlay-type":"","overlay-color":"","overlay-opacity":"","overlay-gradient":""},"mobile":{"background-color":"","background-image":"","background-repeat":"repeat","background-position":"center center","background-size":"auto","background-attachment":"scroll","background-type":"","background-media":"","overlay-type":"","overlay-color":"","overlay-opacity":"","overlay-gradient":""}},"ast-content-background-meta":{"desktop":{"background-color":"var(--ast-global-color-5)","background-image":"","background-repeat":"repeat","background-position":"center center","background-size":"auto","background-attachment":"scroll","background-type":"","background-media":"","overlay-type":"","overlay-color":"","overlay-opacity":"","overlay-gradient":""},"tablet":{"background-color":"var(--ast-global-color-5)","background-image":"","background-repeat":"repeat","background-position":"center center","background-size":"auto","background-attachment":"scroll","background-type":"","background-media":"","overlay-type":"","overlay-color":"","overlay-opacity":"","overlay-gradient":""},"mobile":{"background-color":"var(--ast-global-color-5)","background-image":"","background-repeat":"repeat","background-position":"center center","background-size":"auto","background-attachment":"scroll","background-type":"","background-media":"","overlay-type":"","overlay-color":"","overlay-opacity":"","overlay-gradient":""}},"footnotes":""},"categories":[94,8,168,68],"tags":[],"class_list":["post-16668","post","type-post","status-publish","format-standard","has-post-thumbnail","hentry","category-congreso-edomex","category-edomex","category-legislatura-edomex","category-seguridad"],"yoast_head":"<!-- This site is optimized with the Yoast SEO plugin v27.4 - https:\/\/yoast.com\/product\/yoast-seo-wordpress\/ -->\n<title>Quieren incorporar la IA en tr\u00e1mites oficiales del Edom\u00e9x - Agencia252<\/title>\n<meta name=\"robots\" content=\"index, follow, max-snippet:-1, max-image-preview:large, max-video-preview:-1\" \/>\n<link rel=\"canonical\" href=\"https:\/\/agencia.252.com.mx\/home\/quieren-incorporar-la-ia-en-tramites-oficiales-del-edomex\/\" \/>\n<meta property=\"og:locale\" content=\"es_ES\" \/>\n<meta property=\"og:type\" content=\"article\" \/>\n<meta property=\"og:title\" content=\"Quieren incorporar la IA en tr\u00e1mites oficiales del Edom\u00e9x - Agencia252\" \/>\n<meta property=\"og:description\" content=\"Visitas: 25 Juan Ignacio Corro&nbsp; Toluca, Estado de M\u00e9xico, a 6 de marzo&nbsp;de 2026 Mientras en algunos proceso administrativos y operativos se desestima la intelgencia artifical, la Comisi\u00f3n de Desarrollo Econ\u00f3mico, Industrial, Comercial y Minero de la LXII Legislatura mexiquense, aprob\u00f3 el dictamen a la iniciativa del diputado Edgar Samuel R\u00edos Moren (morena) para incorporar [&hellip;]\" \/>\n<meta property=\"og:url\" content=\"https:\/\/agencia.252.com.mx\/home\/quieren-incorporar-la-ia-en-tramites-oficiales-del-edomex\/\" \/>\n<meta property=\"og:site_name\" content=\"Agencia252\" \/>\n<meta property=\"article:publisher\" content=\"https:\/\/www.facebook.com\/252Comunicacion\/\" \/>\n<meta property=\"article:author\" content=\"https:\/\/www.facebook.com\/jcorroherrera\/\" \/>\n<meta property=\"article:published_time\" content=\"2026-03-06T22:20:50+00:00\" \/>\n<meta property=\"article:modified_time\" content=\"2026-03-06T22:20:52+00:00\" \/>\n<meta property=\"og:image\" content=\"http:\/\/agencia.252.com.mx\/wp-content\/uploads\/2026\/03\/Unknownvsb.jpeg\" \/>\n\t<meta property=\"og:image:width\" content=\"1600\" \/>\n\t<meta property=\"og:image:height\" content=\"1066\" \/>\n\t<meta property=\"og:image:type\" content=\"image\/jpeg\" \/>\n<meta name=\"author\" content=\"Nacho Corro\" \/>\n<meta name=\"twitter:card\" content=\"summary_large_image\" \/>\n<meta name=\"twitter:creator\" content=\"@Juan Ignacio Corro Herrera\" \/>\n<meta name=\"twitter:site\" content=\"@252COMS\" \/>\n<meta name=\"twitter:label1\" content=\"Escrito por\" \/>\n\t<meta name=\"twitter:data1\" content=\"Nacho Corro\" \/>\n\t<meta name=\"twitter:label2\" content=\"Tiempo de lectura\" \/>\n\t<meta name=\"twitter:data2\" content=\"3 minutos\" \/>\n<script type=\"application\/ld+json\" class=\"yoast-schema-graph\">{\"@context\":\"https:\\\/\\\/schema.org\",\"@graph\":[{\"@type\":\"Article\",\"@id\":\"https:\\\/\\\/agencia.252.com.mx\\\/home\\\/quieren-incorporar-la-ia-en-tramites-oficiales-del-edomex\\\/#article\",\"isPartOf\":{\"@id\":\"https:\\\/\\\/agencia.252.com.mx\\\/home\\\/quieren-incorporar-la-ia-en-tramites-oficiales-del-edomex\\\/\"},\"author\":{\"name\":\"Nacho Corro\",\"@id\":\"https:\\\/\\\/agencia.252.com.mx\\\/home\\\/#\\\/schema\\\/person\\\/6b972021e9a92d45ade8c78d81509098\"},\"headline\":\"Quieren incorporar la IA en tr\u00e1mites oficiales del Edom\u00e9x\",\"datePublished\":\"2026-03-06T22:20:50+00:00\",\"dateModified\":\"2026-03-06T22:20:52+00:00\",\"mainEntityOfPage\":{\"@id\":\"https:\\\/\\\/agencia.252.com.mx\\\/home\\\/quieren-incorporar-la-ia-en-tramites-oficiales-del-edomex\\\/\"},\"wordCount\":577,\"commentCount\":0,\"publisher\":{\"@id\":\"https:\\\/\\\/agencia.252.com.mx\\\/home\\\/#organization\"},\"image\":{\"@id\":\"https:\\\/\\\/agencia.252.com.mx\\\/home\\\/quieren-incorporar-la-ia-en-tramites-oficiales-del-edomex\\\/#primaryimage\"},\"thumbnailUrl\":\"https:\\\/\\\/agencia.252.com.mx\\\/wp-content\\\/uploads\\\/2026\\\/03\\\/Unknownvsb.jpeg\",\"articleSection\":[\"Congreso Edomex\",\"Edomex\",\"Legislatura Edomex\",\"Seguridad\"],\"inLanguage\":\"es\",\"potentialAction\":[{\"@type\":\"CommentAction\",\"name\":\"Comment\",\"target\":[\"https:\\\/\\\/agencia.252.com.mx\\\/home\\\/quieren-incorporar-la-ia-en-tramites-oficiales-del-edomex\\\/#respond\"]}]},{\"@type\":\"WebPage\",\"@id\":\"https:\\\/\\\/agencia.252.com.mx\\\/home\\\/quieren-incorporar-la-ia-en-tramites-oficiales-del-edomex\\\/\",\"url\":\"https:\\\/\\\/agencia.252.com.mx\\\/home\\\/quieren-incorporar-la-ia-en-tramites-oficiales-del-edomex\\\/\",\"name\":\"Quieren incorporar la IA en tr\u00e1mites oficiales del Edom\u00e9x - Agencia252\",\"isPartOf\":{\"@id\":\"https:\\\/\\\/agencia.252.com.mx\\\/home\\\/#website\"},\"primaryImageOfPage\":{\"@id\":\"https:\\\/\\\/agencia.252.com.mx\\\/home\\\/quieren-incorporar-la-ia-en-tramites-oficiales-del-edomex\\\/#primaryimage\"},\"image\":{\"@id\":\"https:\\\/\\\/agencia.252.com.mx\\\/home\\\/quieren-incorporar-la-ia-en-tramites-oficiales-del-edomex\\\/#primaryimage\"},\"thumbnailUrl\":\"https:\\\/\\\/agencia.252.com.mx\\\/wp-content\\\/uploads\\\/2026\\\/03\\\/Unknownvsb.jpeg\",\"datePublished\":\"2026-03-06T22:20:50+00:00\",\"dateModified\":\"2026-03-06T22:20:52+00:00\",\"breadcrumb\":{\"@id\":\"https:\\\/\\\/agencia.252.com.mx\\\/home\\\/quieren-incorporar-la-ia-en-tramites-oficiales-del-edomex\\\/#breadcrumb\"},\"inLanguage\":\"es\",\"potentialAction\":[{\"@type\":\"ReadAction\",\"target\":[\"https:\\\/\\\/agencia.252.com.mx\\\/home\\\/quieren-incorporar-la-ia-en-tramites-oficiales-del-edomex\\\/\"]}]},{\"@type\":\"ImageObject\",\"inLanguage\":\"es\",\"@id\":\"https:\\\/\\\/agencia.252.com.mx\\\/home\\\/quieren-incorporar-la-ia-en-tramites-oficiales-del-edomex\\\/#primaryimage\",\"url\":\"https:\\\/\\\/agencia.252.com.mx\\\/wp-content\\\/uploads\\\/2026\\\/03\\\/Unknownvsb.jpeg\",\"contentUrl\":\"https:\\\/\\\/agencia.252.com.mx\\\/wp-content\\\/uploads\\\/2026\\\/03\\\/Unknownvsb.jpeg\",\"width\":1600,\"height\":1066},{\"@type\":\"BreadcrumbList\",\"@id\":\"https:\\\/\\\/agencia.252.com.mx\\\/home\\\/quieren-incorporar-la-ia-en-tramites-oficiales-del-edomex\\\/#breadcrumb\",\"itemListElement\":[{\"@type\":\"ListItem\",\"position\":1,\"name\":\"Portada\",\"item\":\"https:\\\/\\\/agencia.252.com.mx\\\/home\\\/\"},{\"@type\":\"ListItem\",\"position\":2,\"name\":\"Quieren incorporar la IA en tr\u00e1mites oficiales del Edom\u00e9x\"}]},{\"@type\":\"WebSite\",\"@id\":\"https:\\\/\\\/agencia.252.com.mx\\\/home\\\/#website\",\"url\":\"https:\\\/\\\/agencia.252.com.mx\\\/home\\\/\",\"name\":\"Agencia252\",\"description\":\"Tu espacio en la Red\",\"publisher\":{\"@id\":\"https:\\\/\\\/agencia.252.com.mx\\\/home\\\/#organization\"},\"potentialAction\":[{\"@type\":\"SearchAction\",\"target\":{\"@type\":\"EntryPoint\",\"urlTemplate\":\"https:\\\/\\\/agencia.252.com.mx\\\/home\\\/?s={search_term_string}\"},\"query-input\":{\"@type\":\"PropertyValueSpecification\",\"valueRequired\":true,\"valueName\":\"search_term_string\"}}],\"inLanguage\":\"es\"},{\"@type\":\"Organization\",\"@id\":\"https:\\\/\\\/agencia.252.com.mx\\\/home\\\/#organization\",\"name\":\"Agencia252\",\"url\":\"https:\\\/\\\/agencia.252.com.mx\\\/home\\\/\",\"logo\":{\"@type\":\"ImageObject\",\"inLanguage\":\"es\",\"@id\":\"https:\\\/\\\/agencia.252.com.mx\\\/home\\\/#\\\/schema\\\/logo\\\/image\\\/\",\"url\":\"https:\\\/\\\/agencia.252.com.mx\\\/wp-content\\\/uploads\\\/2023\\\/02\\\/cropped-ciruclo-agencia-e1677562404136.png\",\"contentUrl\":\"https:\\\/\\\/agencia.252.com.mx\\\/wp-content\\\/uploads\\\/2023\\\/02\\\/cropped-ciruclo-agencia-e1677562404136.png\",\"width\":512,\"height\":512,\"caption\":\"Agencia252\"},\"image\":{\"@id\":\"https:\\\/\\\/agencia.252.com.mx\\\/home\\\/#\\\/schema\\\/logo\\\/image\\\/\"},\"sameAs\":[\"https:\\\/\\\/www.facebook.com\\\/252Comunicacion\\\/\",\"https:\\\/\\\/x.com\\\/252COMS\"]},{\"@type\":\"Person\",\"@id\":\"https:\\\/\\\/agencia.252.com.mx\\\/home\\\/#\\\/schema\\\/person\\\/6b972021e9a92d45ade8c78d81509098\",\"name\":\"Nacho Corro\",\"image\":{\"@type\":\"ImageObject\",\"inLanguage\":\"es\",\"@id\":\"https:\\\/\\\/secure.gravatar.com\\\/avatar\\\/5db6df507cfe1307e192fbb498c6b85f1cf2ffd8b4cd37141b9eea588fcbd5a4?s=96&r=g\",\"url\":\"https:\\\/\\\/secure.gravatar.com\\\/avatar\\\/5db6df507cfe1307e192fbb498c6b85f1cf2ffd8b4cd37141b9eea588fcbd5a4?s=96&r=g\",\"contentUrl\":\"https:\\\/\\\/secure.gravatar.com\\\/avatar\\\/5db6df507cfe1307e192fbb498c6b85f1cf2ffd8b4cd37141b9eea588fcbd5a4?s=96&r=g\",\"caption\":\"Nacho Corro\"},\"description\":\"Comunicador Social, Periodista y Administraci\u00f3n P\u00fablica. Conversador pol\u00edtico, temas electorales y seguridad. Generador de contenidos digitales. Amante de la fotograf\u00eda\",\"sameAs\":[\"https:\\\/\\\/www.facebook.com\\\/jcorroherrera\\\/\",\"www.instagram.com\\\/nachocorro\\\/\",\"https:\\\/\\\/x.com\\\/Juan Ignacio Corro Herrera\"],\"url\":\"https:\\\/\\\/agencia.252.com.mx\\\/home\\\/author\\\/i-corro\\\/\"}]}<\/script>\n<!-- \/ Yoast SEO plugin. -->","yoast_head_json":{"title":"Quieren incorporar la IA en tr\u00e1mites oficiales del Edom\u00e9x - Agencia252","robots":{"index":"index","follow":"follow","max-snippet":"max-snippet:-1","max-image-preview":"max-image-preview:large","max-video-preview":"max-video-preview:-1"},"canonical":"https:\/\/agencia.252.com.mx\/home\/quieren-incorporar-la-ia-en-tramites-oficiales-del-edomex\/","og_locale":"es_ES","og_type":"article","og_title":"Quieren incorporar la IA en tr\u00e1mites oficiales del Edom\u00e9x - Agencia252","og_description":"Visitas: 25 Juan Ignacio Corro&nbsp; Toluca, Estado de M\u00e9xico, a 6 de marzo&nbsp;de 2026 Mientras en algunos proceso administrativos y operativos se desestima la intelgencia artifical, la Comisi\u00f3n de Desarrollo Econ\u00f3mico, Industrial, Comercial y Minero de la LXII Legislatura mexiquense, aprob\u00f3 el dictamen a la iniciativa del diputado Edgar Samuel R\u00edos Moren (morena) para incorporar [&hellip;]","og_url":"https:\/\/agencia.252.com.mx\/home\/quieren-incorporar-la-ia-en-tramites-oficiales-del-edomex\/","og_site_name":"Agencia252","article_publisher":"https:\/\/www.facebook.com\/252Comunicacion\/","article_author":"https:\/\/www.facebook.com\/jcorroherrera\/","article_published_time":"2026-03-06T22:20:50+00:00","article_modified_time":"2026-03-06T22:20:52+00:00","og_image":[{"width":1600,"height":1066,"url":"http:\/\/agencia.252.com.mx\/wp-content\/uploads\/2026\/03\/Unknownvsb.jpeg","type":"image\/jpeg"}],"author":"Nacho Corro","twitter_card":"summary_large_image","twitter_creator":"@Juan Ignacio Corro Herrera","twitter_site":"@252COMS","twitter_misc":{"Escrito por":"Nacho Corro","Tiempo de lectura":"3 minutos"},"schema":{"@context":"https:\/\/schema.org","@graph":[{"@type":"Article","@id":"https:\/\/agencia.252.com.mx\/home\/quieren-incorporar-la-ia-en-tramites-oficiales-del-edomex\/#article","isPartOf":{"@id":"https:\/\/agencia.252.com.mx\/home\/quieren-incorporar-la-ia-en-tramites-oficiales-del-edomex\/"},"author":{"name":"Nacho Corro","@id":"https:\/\/agencia.252.com.mx\/home\/#\/schema\/person\/6b972021e9a92d45ade8c78d81509098"},"headline":"Quieren incorporar la IA en tr\u00e1mites oficiales del Edom\u00e9x","datePublished":"2026-03-06T22:20:50+00:00","dateModified":"2026-03-06T22:20:52+00:00","mainEntityOfPage":{"@id":"https:\/\/agencia.252.com.mx\/home\/quieren-incorporar-la-ia-en-tramites-oficiales-del-edomex\/"},"wordCount":577,"commentCount":0,"publisher":{"@id":"https:\/\/agencia.252.com.mx\/home\/#organization"},"image":{"@id":"https:\/\/agencia.252.com.mx\/home\/quieren-incorporar-la-ia-en-tramites-oficiales-del-edomex\/#primaryimage"},"thumbnailUrl":"https:\/\/agencia.252.com.mx\/wp-content\/uploads\/2026\/03\/Unknownvsb.jpeg","articleSection":["Congreso Edomex","Edomex","Legislatura Edomex","Seguridad"],"inLanguage":"es","potentialAction":[{"@type":"CommentAction","name":"Comment","target":["https:\/\/agencia.252.com.mx\/home\/quieren-incorporar-la-ia-en-tramites-oficiales-del-edomex\/#respond"]}]},{"@type":"WebPage","@id":"https:\/\/agencia.252.com.mx\/home\/quieren-incorporar-la-ia-en-tramites-oficiales-del-edomex\/","url":"https:\/\/agencia.252.com.mx\/home\/quieren-incorporar-la-ia-en-tramites-oficiales-del-edomex\/","name":"Quieren incorporar la IA en tr\u00e1mites oficiales del Edom\u00e9x - Agencia252","isPartOf":{"@id":"https:\/\/agencia.252.com.mx\/home\/#website"},"primaryImageOfPage":{"@id":"https:\/\/agencia.252.com.mx\/home\/quieren-incorporar-la-ia-en-tramites-oficiales-del-edomex\/#primaryimage"},"image":{"@id":"https:\/\/agencia.252.com.mx\/home\/quieren-incorporar-la-ia-en-tramites-oficiales-del-edomex\/#primaryimage"},"thumbnailUrl":"https:\/\/agencia.252.com.mx\/wp-content\/uploads\/2026\/03\/Unknownvsb.jpeg","datePublished":"2026-03-06T22:20:50+00:00","dateModified":"2026-03-06T22:20:52+00:00","breadcrumb":{"@id":"https:\/\/agencia.252.com.mx\/home\/quieren-incorporar-la-ia-en-tramites-oficiales-del-edomex\/#breadcrumb"},"inLanguage":"es","potentialAction":[{"@type":"ReadAction","target":["https:\/\/agencia.252.com.mx\/home\/quieren-incorporar-la-ia-en-tramites-oficiales-del-edomex\/"]}]},{"@type":"ImageObject","inLanguage":"es","@id":"https:\/\/agencia.252.com.mx\/home\/quieren-incorporar-la-ia-en-tramites-oficiales-del-edomex\/#primaryimage","url":"https:\/\/agencia.252.com.mx\/wp-content\/uploads\/2026\/03\/Unknownvsb.jpeg","contentUrl":"https:\/\/agencia.252.com.mx\/wp-content\/uploads\/2026\/03\/Unknownvsb.jpeg","width":1600,"height":1066},{"@type":"BreadcrumbList","@id":"https:\/\/agencia.252.com.mx\/home\/quieren-incorporar-la-ia-en-tramites-oficiales-del-edomex\/#breadcrumb","itemListElement":[{"@type":"ListItem","position":1,"name":"Portada","item":"https:\/\/agencia.252.com.mx\/home\/"},{"@type":"ListItem","position":2,"name":"Quieren incorporar la IA en tr\u00e1mites oficiales del Edom\u00e9x"}]},{"@type":"WebSite","@id":"https:\/\/agencia.252.com.mx\/home\/#website","url":"https:\/\/agencia.252.com.mx\/home\/","name":"Agencia252","description":"Tu espacio en la Red","publisher":{"@id":"https:\/\/agencia.252.com.mx\/home\/#organization"},"potentialAction":[{"@type":"SearchAction","target":{"@type":"EntryPoint","urlTemplate":"https:\/\/agencia.252.com.mx\/home\/?s={search_term_string}"},"query-input":{"@type":"PropertyValueSpecification","valueRequired":true,"valueName":"search_term_string"}}],"inLanguage":"es"},{"@type":"Organization","@id":"https:\/\/agencia.252.com.mx\/home\/#organization","name":"Agencia252","url":"https:\/\/agencia.252.com.mx\/home\/","logo":{"@type":"ImageObject","inLanguage":"es","@id":"https:\/\/agencia.252.com.mx\/home\/#\/schema\/logo\/image\/","url":"https:\/\/agencia.252.com.mx\/wp-content\/uploads\/2023\/02\/cropped-ciruclo-agencia-e1677562404136.png","contentUrl":"https:\/\/agencia.252.com.mx\/wp-content\/uploads\/2023\/02\/cropped-ciruclo-agencia-e1677562404136.png","width":512,"height":512,"caption":"Agencia252"},"image":{"@id":"https:\/\/agencia.252.com.mx\/home\/#\/schema\/logo\/image\/"},"sameAs":["https:\/\/www.facebook.com\/252Comunicacion\/","https:\/\/x.com\/252COMS"]},{"@type":"Person","@id":"https:\/\/agencia.252.com.mx\/home\/#\/schema\/person\/6b972021e9a92d45ade8c78d81509098","name":"Nacho Corro","image":{"@type":"ImageObject","inLanguage":"es","@id":"https:\/\/secure.gravatar.com\/avatar\/5db6df507cfe1307e192fbb498c6b85f1cf2ffd8b4cd37141b9eea588fcbd5a4?s=96&r=g","url":"https:\/\/secure.gravatar.com\/avatar\/5db6df507cfe1307e192fbb498c6b85f1cf2ffd8b4cd37141b9eea588fcbd5a4?s=96&r=g","contentUrl":"https:\/\/secure.gravatar.com\/avatar\/5db6df507cfe1307e192fbb498c6b85f1cf2ffd8b4cd37141b9eea588fcbd5a4?s=96&r=g","caption":"Nacho Corro"},"description":"Comunicador Social, Periodista y Administraci\u00f3n P\u00fablica. Conversador pol\u00edtico, temas electorales y seguridad. Generador de contenidos digitales. Amante de la fotograf\u00eda","sameAs":["https:\/\/www.facebook.com\/jcorroherrera\/","www.instagram.com\/nachocorro\/","https:\/\/x.com\/Juan Ignacio Corro Herrera"],"url":"https:\/\/agencia.252.com.mx\/home\/author\/i-corro\/"}]}},"_links":{"self":[{"href":"https:\/\/agencia.252.com.mx\/home\/wp-json\/wp\/v2\/posts\/16668","targetHints":{"allow":["GET"]}}],"collection":[{"href":"https:\/\/agencia.252.com.mx\/home\/wp-json\/wp\/v2\/posts"}],"about":[{"href":"https:\/\/agencia.252.com.mx\/home\/wp-json\/wp\/v2\/types\/post"}],"author":[{"embeddable":true,"href":"https:\/\/agencia.252.com.mx\/home\/wp-json\/wp\/v2\/users\/5"}],"replies":[{"embeddable":true,"href":"https:\/\/agencia.252.com.mx\/home\/wp-json\/wp\/v2\/comments?post=16668"}],"version-history":[{"count":1,"href":"https:\/\/agencia.252.com.mx\/home\/wp-json\/wp\/v2\/posts\/16668\/revisions"}],"predecessor-version":[{"id":16670,"href":"https:\/\/agencia.252.com.mx\/home\/wp-json\/wp\/v2\/posts\/16668\/revisions\/16670"}],"wp:featuredmedia":[{"embeddable":true,"href":"https:\/\/agencia.252.com.mx\/home\/wp-json\/wp\/v2\/media\/16669"}],"wp:attachment":[{"href":"https:\/\/agencia.252.com.mx\/home\/wp-json\/wp\/v2\/media?parent=16668"}],"wp:term":[{"taxonomy":"category","embeddable":true,"href":"https:\/\/agencia.252.com.mx\/home\/wp-json\/wp\/v2\/categories?post=16668"},{"taxonomy":"post_tag","embeddable":true,"href":"https:\/\/agencia.252.com.mx\/home\/wp-json\/wp\/v2\/tags?post=16668"}],"curies":[{"name":"wp","href":"https:\/\/api.w.org\/{rel}","templated":true}]}}