{"id":16657,"date":"2026-03-06T15:39:02","date_gmt":"2026-03-06T21:39:02","guid":{"rendered":"https:\/\/agencia.252.com.mx\/home\/?p=16657"},"modified":"2026-03-06T15:39:03","modified_gmt":"2026-03-06T21:39:03","slug":"listo-operativo-de-resguardo-y-acompanamiento-ante-8m-en-el-edomex","status":"publish","type":"post","link":"https:\/\/agencia.252.com.mx\/home\/listo-operativo-de-resguardo-y-acompanamiento-ante-8m-en-el-edomex\/","title":{"rendered":"Listo operativo de resguardo y acompa\u00f1amiento ante 8M en el Edomex"},"content":{"rendered":"<p>Visitas: 22<\/p>\n<ul class=\"wp-block-list\">\n<li><em>Casi mil 700 efectivos estatales, 68 unidades y 31 autobuses se movilizar\u00e1n en cinco puntos de contenci\u00f3n ubicados en la capital mexiquense<\/em><\/li>\n\n\n\n<li><em>Se espera la afluencia de aproximadamente cinco mil 100 mujeres en la marcha<\/em><\/li>\n<\/ul>\n\n\n\n<p><em>Juan Ignacio Corro&nbsp;<\/em><\/p>\n\n\n\n<p class=\"has-text-align-right\">Toluca, Estado de M\u00e9xico, a 6 de marzo&nbsp;de 2026<\/p>\n\n\n\n<p>En el marco del 8M \u201cD\u00eda Internacional de la Mujer\u201d, la Secretar\u00eda de Seguridad del Estado de M\u00e9xico (SSEM), desplegar\u00e1 un dispositivo en el municipio de Toluca, para asegurar el orden y la paz social, preservar el derecho a la libre manifestaci\u00f3n, as\u00ed como el respeto a los Derechos Humanos.&nbsp;<\/p>\n\n\n\n<p>Ante una afluencia aproximada de cinco mil 100 mujeres, se dispondr\u00e1 de un operativo que constar\u00e1 de mil 699 efectivos estatales, 68 unidades y 31 autobuses que se distribuir\u00e1n en cinco puntos de contenci\u00f3n que son; Palacio de Gobierno, Parque de la Ciencia Fundadores y Planetario, C\u00e1mara de Diputados, Poder Judicial y Teatro Morelos.&nbsp;<\/p>\n\n\n\n<figure class=\"wp-block-image alignright size-medium\"><img fetchpriority=\"high\" decoding=\"async\" width=\"300\" height=\"225\" src=\"https:\/\/agencia.252.com.mx\/wp-content\/uploads\/2026\/03\/WhatsApp-Image-2026-03-06-at-3.24.52-PM-300x225.jpeg\" alt=\"\" class=\"wp-image-16659\" srcset=\"https:\/\/agencia.252.com.mx\/wp-content\/uploads\/2026\/03\/WhatsApp-Image-2026-03-06-at-3.24.52-PM-300x225.jpeg 300w, https:\/\/agencia.252.com.mx\/wp-content\/uploads\/2026\/03\/WhatsApp-Image-2026-03-06-at-3.24.52-PM-1024x768.jpeg 1024w, https:\/\/agencia.252.com.mx\/wp-content\/uploads\/2026\/03\/WhatsApp-Image-2026-03-06-at-3.24.52-PM-768x576.jpeg 768w, https:\/\/agencia.252.com.mx\/wp-content\/uploads\/2026\/03\/WhatsApp-Image-2026-03-06-at-3.24.52-PM.jpeg 1280w\" sizes=\"(max-width: 300px) 100vw, 300px\" \/><\/figure>\n\n\n\n<p>Los lineamientos y la actuaci\u00f3n las fuerzas del orden pretende garantizar la seguridad y brindar acompa\u00f1amiento a las personas manifestantes, por lo que en todo momento, los polic\u00edas se apegar\u00e1n al Protocolo de Actuaci\u00f3n Policial para la Seguridad y Atenci\u00f3n de Manifestantes en pro de los Derechos de las Mujeres.<\/p>\n\n\n\n<p>Para esta causa, se contar\u00e1 con el apoyo de la Direcci\u00f3n General de Seguridad P\u00fablica y Tr\u00e1nsito, la Direcci\u00f3n General de Combate al Robo de Veh\u00edculos y Transporte, la Direcci\u00f3n General de Polic\u00eda de G\u00e9nero y la Coordinaci\u00f3n de Grupos T\u00e1cticos.<\/p>\n\n\n\n<p>En lo que respecta al personal de Tr\u00e1nsito, realizar\u00e1 los cortes de circulaci\u00f3n de manera estrat\u00e9gica e intermitente a lo largo de la ruta del contingente, con la finalidad de evitar congestionamientos viales en las avenidas por donde se desplaza la marcha.<\/p>\n","protected":false},"excerpt":{"rendered":"<p>Visitas: 22 Juan Ignacio Corro&nbsp; Toluca, Estado de M\u00e9xico, a 6 de marzo&nbsp;de 2026 En el marco del 8M \u201cD\u00eda Internacional de la Mujer\u201d, la Secretar\u00eda de Seguridad del Estado de M\u00e9xico (SSEM), desplegar\u00e1 un dispositivo en el municipio de Toluca, para asegurar el orden y la paz social, preservar el derecho a la libre [&hellip;]<\/p>\n","protected":false},"author":5,"featured_media":16658,"comment_status":"open","ping_status":"open","sticky":false,"template":"","format":"standard","meta":{"site-sidebar-layout":"default","site-content-layout":"","ast-site-content-layout":"default","site-content-style":"default","site-sidebar-style":"default","ast-global-header-display":"","ast-banner-title-visibility":"","ast-main-header-display":"","ast-hfb-above-header-display":"","ast-hfb-below-header-display":"","ast-hfb-mobile-header-display":"","site-post-title":"","ast-breadcrumbs-content":"","ast-featured-img":"","footer-sml-layout":"","ast-disable-related-posts":"","theme-transparent-header-meta":"","adv-header-id-meta":"","stick-header-meta":"","header-above-stick-meta":"","header-main-stick-meta":"","header-below-stick-meta":"","astra-migrate-meta-layouts":"set","ast-page-background-enabled":"default","ast-page-background-meta":{"desktop":{"background-color":"var(--ast-global-color-4)","background-image":"","background-repeat":"repeat","background-position":"center center","background-size":"auto","background-attachment":"scroll","background-type":"","background-media":"","overlay-type":"","overlay-color":"","overlay-opacity":"","overlay-gradient":""},"tablet":{"background-color":"","background-image":"","background-repeat":"repeat","background-position":"center center","background-size":"auto","background-attachment":"scroll","background-type":"","background-media":"","overlay-type":"","overlay-color":"","overlay-opacity":"","overlay-gradient":""},"mobile":{"background-color":"","background-image":"","background-repeat":"repeat","background-position":"center center","background-size":"auto","background-attachment":"scroll","background-type":"","background-media":"","overlay-type":"","overlay-color":"","overlay-opacity":"","overlay-gradient":""}},"ast-content-background-meta":{"desktop":{"background-color":"var(--ast-global-color-5)","background-image":"","background-repeat":"repeat","background-position":"center center","background-size":"auto","background-attachment":"scroll","background-type":"","background-media":"","overlay-type":"","overlay-color":"","overlay-opacity":"","overlay-gradient":""},"tablet":{"background-color":"var(--ast-global-color-5)","background-image":"","background-repeat":"repeat","background-position":"center center","background-size":"auto","background-attachment":"scroll","background-type":"","background-media":"","overlay-type":"","overlay-color":"","overlay-opacity":"","overlay-gradient":""},"mobile":{"background-color":"var(--ast-global-color-5)","background-image":"","background-repeat":"repeat","background-position":"center center","background-size":"auto","background-attachment":"scroll","background-type":"","background-media":"","overlay-type":"","overlay-color":"","overlay-opacity":"","overlay-gradient":""}},"footnotes":""},"categories":[8,512,68],"tags":[526],"class_list":["post-16657","post","type-post","status-publish","format-standard","has-post-thumbnail","hentry","category-edomex","category-metropoli","category-seguridad","tag-edomex"],"yoast_head":"<!-- This site is optimized with the Yoast SEO plugin v27.4 - https:\/\/yoast.com\/product\/yoast-seo-wordpress\/ -->\n<title>Listo operativo de resguardo y acompa\u00f1amiento ante 8M en el Edomex - Agencia252<\/title>\n<meta name=\"robots\" content=\"index, follow, max-snippet:-1, max-image-preview:large, max-video-preview:-1\" \/>\n<link rel=\"canonical\" href=\"https:\/\/agencia.252.com.mx\/home\/listo-operativo-de-resguardo-y-acompanamiento-ante-8m-en-el-edomex\/\" \/>\n<meta property=\"og:locale\" content=\"es_ES\" \/>\n<meta property=\"og:type\" content=\"article\" \/>\n<meta property=\"og:title\" content=\"Listo operativo de resguardo y acompa\u00f1amiento ante 8M en el Edomex - Agencia252\" \/>\n<meta property=\"og:description\" content=\"Visitas: 22 Juan Ignacio Corro&nbsp; Toluca, Estado de M\u00e9xico, a 6 de marzo&nbsp;de 2026 En el marco del 8M \u201cD\u00eda Internacional de la Mujer\u201d, la Secretar\u00eda de Seguridad del Estado de M\u00e9xico (SSEM), desplegar\u00e1 un dispositivo en el municipio de Toluca, para asegurar el orden y la paz social, preservar el derecho a la libre [&hellip;]\" \/>\n<meta property=\"og:url\" content=\"https:\/\/agencia.252.com.mx\/home\/listo-operativo-de-resguardo-y-acompanamiento-ante-8m-en-el-edomex\/\" \/>\n<meta property=\"og:site_name\" content=\"Agencia252\" \/>\n<meta property=\"article:publisher\" content=\"https:\/\/www.facebook.com\/252Comunicacion\/\" \/>\n<meta property=\"article:author\" content=\"https:\/\/www.facebook.com\/jcorroherrera\/\" \/>\n<meta property=\"article:published_time\" content=\"2026-03-06T21:39:02+00:00\" \/>\n<meta property=\"article:modified_time\" content=\"2026-03-06T21:39:03+00:00\" \/>\n<meta property=\"og:image\" content=\"http:\/\/agencia.252.com.mx\/wp-content\/uploads\/2026\/03\/WhatsApp-Image-2026-03-06-at-3.25.39-PM.jpeg\" \/>\n\t<meta property=\"og:image:width\" content=\"1280\" \/>\n\t<meta property=\"og:image:height\" content=\"960\" \/>\n\t<meta property=\"og:image:type\" content=\"image\/jpeg\" \/>\n<meta name=\"author\" content=\"Nacho Corro\" \/>\n<meta name=\"twitter:card\" content=\"summary_large_image\" \/>\n<meta name=\"twitter:creator\" content=\"@Juan Ignacio Corro Herrera\" \/>\n<meta name=\"twitter:site\" content=\"@252COMS\" \/>\n<meta name=\"twitter:label1\" content=\"Escrito por\" \/>\n\t<meta name=\"twitter:data1\" content=\"Nacho Corro\" \/>\n\t<meta name=\"twitter:label2\" content=\"Tiempo de lectura\" \/>\n\t<meta name=\"twitter:data2\" content=\"2 minutos\" \/>\n<script type=\"application\/ld+json\" class=\"yoast-schema-graph\">{\"@context\":\"https:\\\/\\\/schema.org\",\"@graph\":[{\"@type\":\"Article\",\"@id\":\"https:\\\/\\\/agencia.252.com.mx\\\/home\\\/listo-operativo-de-resguardo-y-acompanamiento-ante-8m-en-el-edomex\\\/#article\",\"isPartOf\":{\"@id\":\"https:\\\/\\\/agencia.252.com.mx\\\/home\\\/listo-operativo-de-resguardo-y-acompanamiento-ante-8m-en-el-edomex\\\/\"},\"author\":{\"name\":\"Nacho Corro\",\"@id\":\"https:\\\/\\\/agencia.252.com.mx\\\/home\\\/#\\\/schema\\\/person\\\/6b972021e9a92d45ade8c78d81509098\"},\"headline\":\"Listo operativo de resguardo y acompa\u00f1amiento ante 8M en el Edomex\",\"datePublished\":\"2026-03-06T21:39:02+00:00\",\"dateModified\":\"2026-03-06T21:39:03+00:00\",\"mainEntityOfPage\":{\"@id\":\"https:\\\/\\\/agencia.252.com.mx\\\/home\\\/listo-operativo-de-resguardo-y-acompanamiento-ante-8m-en-el-edomex\\\/\"},\"wordCount\":320,\"commentCount\":0,\"publisher\":{\"@id\":\"https:\\\/\\\/agencia.252.com.mx\\\/home\\\/#organization\"},\"image\":{\"@id\":\"https:\\\/\\\/agencia.252.com.mx\\\/home\\\/listo-operativo-de-resguardo-y-acompanamiento-ante-8m-en-el-edomex\\\/#primaryimage\"},\"thumbnailUrl\":\"https:\\\/\\\/agencia.252.com.mx\\\/wp-content\\\/uploads\\\/2026\\\/03\\\/WhatsApp-Image-2026-03-06-at-3.25.39-PM.jpeg\",\"keywords\":[\"Edomex\"],\"articleSection\":[\"Edomex\",\"Metropoli\",\"Seguridad\"],\"inLanguage\":\"es\",\"potentialAction\":[{\"@type\":\"CommentAction\",\"name\":\"Comment\",\"target\":[\"https:\\\/\\\/agencia.252.com.mx\\\/home\\\/listo-operativo-de-resguardo-y-acompanamiento-ante-8m-en-el-edomex\\\/#respond\"]}]},{\"@type\":\"WebPage\",\"@id\":\"https:\\\/\\\/agencia.252.com.mx\\\/home\\\/listo-operativo-de-resguardo-y-acompanamiento-ante-8m-en-el-edomex\\\/\",\"url\":\"https:\\\/\\\/agencia.252.com.mx\\\/home\\\/listo-operativo-de-resguardo-y-acompanamiento-ante-8m-en-el-edomex\\\/\",\"name\":\"Listo operativo de resguardo y acompa\u00f1amiento ante 8M en el Edomex - Agencia252\",\"isPartOf\":{\"@id\":\"https:\\\/\\\/agencia.252.com.mx\\\/home\\\/#website\"},\"primaryImageOfPage\":{\"@id\":\"https:\\\/\\\/agencia.252.com.mx\\\/home\\\/listo-operativo-de-resguardo-y-acompanamiento-ante-8m-en-el-edomex\\\/#primaryimage\"},\"image\":{\"@id\":\"https:\\\/\\\/agencia.252.com.mx\\\/home\\\/listo-operativo-de-resguardo-y-acompanamiento-ante-8m-en-el-edomex\\\/#primaryimage\"},\"thumbnailUrl\":\"https:\\\/\\\/agencia.252.com.mx\\\/wp-content\\\/uploads\\\/2026\\\/03\\\/WhatsApp-Image-2026-03-06-at-3.25.39-PM.jpeg\",\"datePublished\":\"2026-03-06T21:39:02+00:00\",\"dateModified\":\"2026-03-06T21:39:03+00:00\",\"breadcrumb\":{\"@id\":\"https:\\\/\\\/agencia.252.com.mx\\\/home\\\/listo-operativo-de-resguardo-y-acompanamiento-ante-8m-en-el-edomex\\\/#breadcrumb\"},\"inLanguage\":\"es\",\"potentialAction\":[{\"@type\":\"ReadAction\",\"target\":[\"https:\\\/\\\/agencia.252.com.mx\\\/home\\\/listo-operativo-de-resguardo-y-acompanamiento-ante-8m-en-el-edomex\\\/\"]}]},{\"@type\":\"ImageObject\",\"inLanguage\":\"es\",\"@id\":\"https:\\\/\\\/agencia.252.com.mx\\\/home\\\/listo-operativo-de-resguardo-y-acompanamiento-ante-8m-en-el-edomex\\\/#primaryimage\",\"url\":\"https:\\\/\\\/agencia.252.com.mx\\\/wp-content\\\/uploads\\\/2026\\\/03\\\/WhatsApp-Image-2026-03-06-at-3.25.39-PM.jpeg\",\"contentUrl\":\"https:\\\/\\\/agencia.252.com.mx\\\/wp-content\\\/uploads\\\/2026\\\/03\\\/WhatsApp-Image-2026-03-06-at-3.25.39-PM.jpeg\",\"width\":1280,\"height\":960},{\"@type\":\"BreadcrumbList\",\"@id\":\"https:\\\/\\\/agencia.252.com.mx\\\/home\\\/listo-operativo-de-resguardo-y-acompanamiento-ante-8m-en-el-edomex\\\/#breadcrumb\",\"itemListElement\":[{\"@type\":\"ListItem\",\"position\":1,\"name\":\"Portada\",\"item\":\"https:\\\/\\\/agencia.252.com.mx\\\/home\\\/\"},{\"@type\":\"ListItem\",\"position\":2,\"name\":\"Listo operativo de resguardo y acompa\u00f1amiento ante 8M en el Edomex\"}]},{\"@type\":\"WebSite\",\"@id\":\"https:\\\/\\\/agencia.252.com.mx\\\/home\\\/#website\",\"url\":\"https:\\\/\\\/agencia.252.com.mx\\\/home\\\/\",\"name\":\"Agencia252\",\"description\":\"Tu espacio en la Red\",\"publisher\":{\"@id\":\"https:\\\/\\\/agencia.252.com.mx\\\/home\\\/#organization\"},\"potentialAction\":[{\"@type\":\"SearchAction\",\"target\":{\"@type\":\"EntryPoint\",\"urlTemplate\":\"https:\\\/\\\/agencia.252.com.mx\\\/home\\\/?s={search_term_string}\"},\"query-input\":{\"@type\":\"PropertyValueSpecification\",\"valueRequired\":true,\"valueName\":\"search_term_string\"}}],\"inLanguage\":\"es\"},{\"@type\":\"Organization\",\"@id\":\"https:\\\/\\\/agencia.252.com.mx\\\/home\\\/#organization\",\"name\":\"Agencia252\",\"url\":\"https:\\\/\\\/agencia.252.com.mx\\\/home\\\/\",\"logo\":{\"@type\":\"ImageObject\",\"inLanguage\":\"es\",\"@id\":\"https:\\\/\\\/agencia.252.com.mx\\\/home\\\/#\\\/schema\\\/logo\\\/image\\\/\",\"url\":\"https:\\\/\\\/agencia.252.com.mx\\\/wp-content\\\/uploads\\\/2023\\\/02\\\/cropped-ciruclo-agencia-e1677562404136.png\",\"contentUrl\":\"https:\\\/\\\/agencia.252.com.mx\\\/wp-content\\\/uploads\\\/2023\\\/02\\\/cropped-ciruclo-agencia-e1677562404136.png\",\"width\":512,\"height\":512,\"caption\":\"Agencia252\"},\"image\":{\"@id\":\"https:\\\/\\\/agencia.252.com.mx\\\/home\\\/#\\\/schema\\\/logo\\\/image\\\/\"},\"sameAs\":[\"https:\\\/\\\/www.facebook.com\\\/252Comunicacion\\\/\",\"https:\\\/\\\/x.com\\\/252COMS\"]},{\"@type\":\"Person\",\"@id\":\"https:\\\/\\\/agencia.252.com.mx\\\/home\\\/#\\\/schema\\\/person\\\/6b972021e9a92d45ade8c78d81509098\",\"name\":\"Nacho Corro\",\"image\":{\"@type\":\"ImageObject\",\"inLanguage\":\"es\",\"@id\":\"https:\\\/\\\/secure.gravatar.com\\\/avatar\\\/5db6df507cfe1307e192fbb498c6b85f1cf2ffd8b4cd37141b9eea588fcbd5a4?s=96&r=g\",\"url\":\"https:\\\/\\\/secure.gravatar.com\\\/avatar\\\/5db6df507cfe1307e192fbb498c6b85f1cf2ffd8b4cd37141b9eea588fcbd5a4?s=96&r=g\",\"contentUrl\":\"https:\\\/\\\/secure.gravatar.com\\\/avatar\\\/5db6df507cfe1307e192fbb498c6b85f1cf2ffd8b4cd37141b9eea588fcbd5a4?s=96&r=g\",\"caption\":\"Nacho Corro\"},\"description\":\"Comunicador Social, Periodista y Administraci\u00f3n P\u00fablica. Conversador pol\u00edtico, temas electorales y seguridad. Generador de contenidos digitales. Amante de la fotograf\u00eda\",\"sameAs\":[\"https:\\\/\\\/www.facebook.com\\\/jcorroherrera\\\/\",\"www.instagram.com\\\/nachocorro\\\/\",\"https:\\\/\\\/x.com\\\/Juan Ignacio Corro Herrera\"],\"url\":\"https:\\\/\\\/agencia.252.com.mx\\\/home\\\/author\\\/i-corro\\\/\"}]}<\/script>\n<!-- \/ Yoast SEO plugin. -->","yoast_head_json":{"title":"Listo operativo de resguardo y acompa\u00f1amiento ante 8M en el Edomex - Agencia252","robots":{"index":"index","follow":"follow","max-snippet":"max-snippet:-1","max-image-preview":"max-image-preview:large","max-video-preview":"max-video-preview:-1"},"canonical":"https:\/\/agencia.252.com.mx\/home\/listo-operativo-de-resguardo-y-acompanamiento-ante-8m-en-el-edomex\/","og_locale":"es_ES","og_type":"article","og_title":"Listo operativo de resguardo y acompa\u00f1amiento ante 8M en el Edomex - Agencia252","og_description":"Visitas: 22 Juan Ignacio Corro&nbsp; Toluca, Estado de M\u00e9xico, a 6 de marzo&nbsp;de 2026 En el marco del 8M \u201cD\u00eda Internacional de la Mujer\u201d, la Secretar\u00eda de Seguridad del Estado de M\u00e9xico (SSEM), desplegar\u00e1 un dispositivo en el municipio de Toluca, para asegurar el orden y la paz social, preservar el derecho a la libre [&hellip;]","og_url":"https:\/\/agencia.252.com.mx\/home\/listo-operativo-de-resguardo-y-acompanamiento-ante-8m-en-el-edomex\/","og_site_name":"Agencia252","article_publisher":"https:\/\/www.facebook.com\/252Comunicacion\/","article_author":"https:\/\/www.facebook.com\/jcorroherrera\/","article_published_time":"2026-03-06T21:39:02+00:00","article_modified_time":"2026-03-06T21:39:03+00:00","og_image":[{"width":1280,"height":960,"url":"http:\/\/agencia.252.com.mx\/wp-content\/uploads\/2026\/03\/WhatsApp-Image-2026-03-06-at-3.25.39-PM.jpeg","type":"image\/jpeg"}],"author":"Nacho Corro","twitter_card":"summary_large_image","twitter_creator":"@Juan Ignacio Corro Herrera","twitter_site":"@252COMS","twitter_misc":{"Escrito por":"Nacho Corro","Tiempo de lectura":"2 minutos"},"schema":{"@context":"https:\/\/schema.org","@graph":[{"@type":"Article","@id":"https:\/\/agencia.252.com.mx\/home\/listo-operativo-de-resguardo-y-acompanamiento-ante-8m-en-el-edomex\/#article","isPartOf":{"@id":"https:\/\/agencia.252.com.mx\/home\/listo-operativo-de-resguardo-y-acompanamiento-ante-8m-en-el-edomex\/"},"author":{"name":"Nacho Corro","@id":"https:\/\/agencia.252.com.mx\/home\/#\/schema\/person\/6b972021e9a92d45ade8c78d81509098"},"headline":"Listo operativo de resguardo y acompa\u00f1amiento ante 8M en el Edomex","datePublished":"2026-03-06T21:39:02+00:00","dateModified":"2026-03-06T21:39:03+00:00","mainEntityOfPage":{"@id":"https:\/\/agencia.252.com.mx\/home\/listo-operativo-de-resguardo-y-acompanamiento-ante-8m-en-el-edomex\/"},"wordCount":320,"commentCount":0,"publisher":{"@id":"https:\/\/agencia.252.com.mx\/home\/#organization"},"image":{"@id":"https:\/\/agencia.252.com.mx\/home\/listo-operativo-de-resguardo-y-acompanamiento-ante-8m-en-el-edomex\/#primaryimage"},"thumbnailUrl":"https:\/\/agencia.252.com.mx\/wp-content\/uploads\/2026\/03\/WhatsApp-Image-2026-03-06-at-3.25.39-PM.jpeg","keywords":["Edomex"],"articleSection":["Edomex","Metropoli","Seguridad"],"inLanguage":"es","potentialAction":[{"@type":"CommentAction","name":"Comment","target":["https:\/\/agencia.252.com.mx\/home\/listo-operativo-de-resguardo-y-acompanamiento-ante-8m-en-el-edomex\/#respond"]}]},{"@type":"WebPage","@id":"https:\/\/agencia.252.com.mx\/home\/listo-operativo-de-resguardo-y-acompanamiento-ante-8m-en-el-edomex\/","url":"https:\/\/agencia.252.com.mx\/home\/listo-operativo-de-resguardo-y-acompanamiento-ante-8m-en-el-edomex\/","name":"Listo operativo de resguardo y acompa\u00f1amiento ante 8M en el Edomex - Agencia252","isPartOf":{"@id":"https:\/\/agencia.252.com.mx\/home\/#website"},"primaryImageOfPage":{"@id":"https:\/\/agencia.252.com.mx\/home\/listo-operativo-de-resguardo-y-acompanamiento-ante-8m-en-el-edomex\/#primaryimage"},"image":{"@id":"https:\/\/agencia.252.com.mx\/home\/listo-operativo-de-resguardo-y-acompanamiento-ante-8m-en-el-edomex\/#primaryimage"},"thumbnailUrl":"https:\/\/agencia.252.com.mx\/wp-content\/uploads\/2026\/03\/WhatsApp-Image-2026-03-06-at-3.25.39-PM.jpeg","datePublished":"2026-03-06T21:39:02+00:00","dateModified":"2026-03-06T21:39:03+00:00","breadcrumb":{"@id":"https:\/\/agencia.252.com.mx\/home\/listo-operativo-de-resguardo-y-acompanamiento-ante-8m-en-el-edomex\/#breadcrumb"},"inLanguage":"es","potentialAction":[{"@type":"ReadAction","target":["https:\/\/agencia.252.com.mx\/home\/listo-operativo-de-resguardo-y-acompanamiento-ante-8m-en-el-edomex\/"]}]},{"@type":"ImageObject","inLanguage":"es","@id":"https:\/\/agencia.252.com.mx\/home\/listo-operativo-de-resguardo-y-acompanamiento-ante-8m-en-el-edomex\/#primaryimage","url":"https:\/\/agencia.252.com.mx\/wp-content\/uploads\/2026\/03\/WhatsApp-Image-2026-03-06-at-3.25.39-PM.jpeg","contentUrl":"https:\/\/agencia.252.com.mx\/wp-content\/uploads\/2026\/03\/WhatsApp-Image-2026-03-06-at-3.25.39-PM.jpeg","width":1280,"height":960},{"@type":"BreadcrumbList","@id":"https:\/\/agencia.252.com.mx\/home\/listo-operativo-de-resguardo-y-acompanamiento-ante-8m-en-el-edomex\/#breadcrumb","itemListElement":[{"@type":"ListItem","position":1,"name":"Portada","item":"https:\/\/agencia.252.com.mx\/home\/"},{"@type":"ListItem","position":2,"name":"Listo operativo de resguardo y acompa\u00f1amiento ante 8M en el Edomex"}]},{"@type":"WebSite","@id":"https:\/\/agencia.252.com.mx\/home\/#website","url":"https:\/\/agencia.252.com.mx\/home\/","name":"Agencia252","description":"Tu espacio en la Red","publisher":{"@id":"https:\/\/agencia.252.com.mx\/home\/#organization"},"potentialAction":[{"@type":"SearchAction","target":{"@type":"EntryPoint","urlTemplate":"https:\/\/agencia.252.com.mx\/home\/?s={search_term_string}"},"query-input":{"@type":"PropertyValueSpecification","valueRequired":true,"valueName":"search_term_string"}}],"inLanguage":"es"},{"@type":"Organization","@id":"https:\/\/agencia.252.com.mx\/home\/#organization","name":"Agencia252","url":"https:\/\/agencia.252.com.mx\/home\/","logo":{"@type":"ImageObject","inLanguage":"es","@id":"https:\/\/agencia.252.com.mx\/home\/#\/schema\/logo\/image\/","url":"https:\/\/agencia.252.com.mx\/wp-content\/uploads\/2023\/02\/cropped-ciruclo-agencia-e1677562404136.png","contentUrl":"https:\/\/agencia.252.com.mx\/wp-content\/uploads\/2023\/02\/cropped-ciruclo-agencia-e1677562404136.png","width":512,"height":512,"caption":"Agencia252"},"image":{"@id":"https:\/\/agencia.252.com.mx\/home\/#\/schema\/logo\/image\/"},"sameAs":["https:\/\/www.facebook.com\/252Comunicacion\/","https:\/\/x.com\/252COMS"]},{"@type":"Person","@id":"https:\/\/agencia.252.com.mx\/home\/#\/schema\/person\/6b972021e9a92d45ade8c78d81509098","name":"Nacho Corro","image":{"@type":"ImageObject","inLanguage":"es","@id":"https:\/\/secure.gravatar.com\/avatar\/5db6df507cfe1307e192fbb498c6b85f1cf2ffd8b4cd37141b9eea588fcbd5a4?s=96&r=g","url":"https:\/\/secure.gravatar.com\/avatar\/5db6df507cfe1307e192fbb498c6b85f1cf2ffd8b4cd37141b9eea588fcbd5a4?s=96&r=g","contentUrl":"https:\/\/secure.gravatar.com\/avatar\/5db6df507cfe1307e192fbb498c6b85f1cf2ffd8b4cd37141b9eea588fcbd5a4?s=96&r=g","caption":"Nacho Corro"},"description":"Comunicador Social, Periodista y Administraci\u00f3n P\u00fablica. Conversador pol\u00edtico, temas electorales y seguridad. Generador de contenidos digitales. Amante de la fotograf\u00eda","sameAs":["https:\/\/www.facebook.com\/jcorroherrera\/","www.instagram.com\/nachocorro\/","https:\/\/x.com\/Juan Ignacio Corro Herrera"],"url":"https:\/\/agencia.252.com.mx\/home\/author\/i-corro\/"}]}},"_links":{"self":[{"href":"https:\/\/agencia.252.com.mx\/home\/wp-json\/wp\/v2\/posts\/16657","targetHints":{"allow":["GET"]}}],"collection":[{"href":"https:\/\/agencia.252.com.mx\/home\/wp-json\/wp\/v2\/posts"}],"about":[{"href":"https:\/\/agencia.252.com.mx\/home\/wp-json\/wp\/v2\/types\/post"}],"author":[{"embeddable":true,"href":"https:\/\/agencia.252.com.mx\/home\/wp-json\/wp\/v2\/users\/5"}],"replies":[{"embeddable":true,"href":"https:\/\/agencia.252.com.mx\/home\/wp-json\/wp\/v2\/comments?post=16657"}],"version-history":[{"count":1,"href":"https:\/\/agencia.252.com.mx\/home\/wp-json\/wp\/v2\/posts\/16657\/revisions"}],"predecessor-version":[{"id":16661,"href":"https:\/\/agencia.252.com.mx\/home\/wp-json\/wp\/v2\/posts\/16657\/revisions\/16661"}],"wp:featuredmedia":[{"embeddable":true,"href":"https:\/\/agencia.252.com.mx\/home\/wp-json\/wp\/v2\/media\/16658"}],"wp:attachment":[{"href":"https:\/\/agencia.252.com.mx\/home\/wp-json\/wp\/v2\/media?parent=16657"}],"wp:term":[{"taxonomy":"category","embeddable":true,"href":"https:\/\/agencia.252.com.mx\/home\/wp-json\/wp\/v2\/categories?post=16657"},{"taxonomy":"post_tag","embeddable":true,"href":"https:\/\/agencia.252.com.mx\/home\/wp-json\/wp\/v2\/tags?post=16657"}],"curies":[{"name":"wp","href":"https:\/\/api.w.org\/{rel}","templated":true}]}}