{"id":16646,"date":"2026-03-06T14:50:47","date_gmt":"2026-03-06T20:50:47","guid":{"rendered":"https:\/\/agencia.252.com.mx\/home\/?p=16646"},"modified":"2026-03-06T14:50:48","modified_gmt":"2026-03-06T20:50:48","slug":"patronato-del-dif-huixquilucan-beneficia-a-mas-de-100-mil-personas-vulnerables","status":"publish","type":"post","link":"https:\/\/agencia.252.com.mx\/home\/patronato-del-dif-huixquilucan-beneficia-a-mas-de-100-mil-personas-vulnerables\/","title":{"rendered":"Patronato del DIF Huixquilucan beneficia a m\u00e1s de 100 mil personas vulnerables\u00a0"},"content":{"rendered":"<p>Visitas: 23<\/p>\n<ul class=\"wp-block-list\">\n<li><em>A trav\u00e9s de recaudaciones, en 2025, se reunieron m\u00e1s de 7.8 millones de pesos en beneficio de 106 mil personas vulnerables con acciones que mejoran su vida\u00a0<\/em><\/li>\n\n\n\n<li><em>Al reunirse con voluntarias del Patronato del Sistema Municipal DIF Huixquilucan, Romina Contreras reconoci\u00f3 su labor y compromiso para sumar esfuerzos con los sectores p\u00fablico, privado y social para apoyar a quien m\u00e1s lo necesita<\/em><\/li>\n<\/ul>\n\n\n\n<p><em>Juan Ignacio Corro&nbsp;<\/em><\/p>\n\n\n\n<p class=\"has-text-align-right\">Huixquilucan, Estado de M\u00e9xico, a 6 de marzo&nbsp;de 2026<\/p>\n\n\n\n<p>Luego&nbsp;de que, en 2025, fundaciones, asociaciones civiles y voluntariados trabajaron de manera coordinada con el Sistema para el Desarrollo Integral de la Familia (DIF) de Huixquilucan para apoyar a sectores vulnerables del territorio, m\u00e1s de 106 mil personas fueron beneficiadas con diversas acciones destinadas a cambiar la vida de quienes m\u00e1s lo necesitan, con apoyos alimenticios, talleres, as\u00ed como atenci\u00f3n y servicios m\u00e9dicos, entre otros.<\/p>\n\n\n\n<p>Durante una reuni\u00f3n con voluntarias del Patronato del Sistema Municipal DIF, la presidenta municipal, Romina Contreras Carrasco, explic\u00f3 que el a\u00f1o pasado, este organismo logr\u00f3 una recaudaci\u00f3n de m\u00e1s de 7.8 millones de pesos, los cuales se traducen en apoyos y programas para las familias que lo requieran, pues, con la suma de esfuerzos, se cambia la vida de las personas y se construye un Huixquilucan de mayores oportunidades para todos.<\/p>\n\n\n\n<p>\u201cDesde hace 10 a\u00f1os, buscamos hacer un verdadero cambio en el territorio, hoy agradezco y reconozco a todas las voluntarias, pues, con su incondicional apoyo, se fortalece la asistencia social, permitiendo ampliar la atenci\u00f3n a ni\u00f1as, ni\u00f1os, familias y personas en situaci\u00f3n de vulnerabilidad o desamparo.&nbsp;<\/p>\n\n\n\n<p>\u00abCada esfuerzo cuenta, con un granito de arena que pongamos, es un paso m\u00e1s adelante para cambiar el mundo. Sigamos trabajando de la mano para seguir construyendo un Huixquilucan mejor para todos\u201d, enfatiz\u00f3 la presidenta municipal.<\/p>\n\n\n\n<p>Ah\u00ed mismo, la alcaldesa Romina Contreras destac\u00f3 que se recaudaron m\u00e1s de 67 mil apoyos alimenticios para apoyar a las familias que enfrentan una situaci\u00f3n de vulnerabilidad; adem\u00e1s, para enfrentar las bajas temperaturas, como parte del programa \u201cUna Navidad Sin Fr\u00edo\u201d se entregaron 11 mil 180 prendas invernales y cobijas en 30 comunidades de Huixquilucan.&nbsp;<\/p>\n\n\n\n<p>Tambi\u00e9n, afirm\u00f3 que, en 2025, el Sistema Municipal DIF Huixquilucan firm\u00f3 33 convenios con diferentes asociaciones que buscan mejorar la calidad de vida de las personas, ejemplo de ello, es la Fundaci\u00f3n \u201cVer Bien para Aprender Mejor\u201d, toda vez que se han beneficiado a m\u00e1s de 15 mil estudiantes con ex\u00e1menes de la vista y se han entregado m\u00e1s de tres mil 800 anteojos de manera gratuita, con la intenci\u00f3n de brindar las herramientas necesarias para un mejor aprendizaje.<\/p>\n\n\n\n<p>Por su parte, el director general de la Fundaci\u00f3n \u201cVer Bien para Aprender Mejor\u201d, Jos\u00e9 Antonio Dorbecker Castillo, reconoci\u00f3 la gesti\u00f3n de la presidenta municipal, Romina Contreras, por impulsar una administraci\u00f3n que invierte en el presente de los ni\u00f1os y en la juventud para mejorar el futuro de las comunidades.<\/p>\n\n\n\n<p>\u201cHuixquilucan se ha caracterizado por su visi\u00f3n, por su capacidad de gesti\u00f3n y su disposici\u00f3n para construir alianzas que generan un impacto real en la comunidad.&nbsp;Esta fundaci\u00f3n naci\u00f3 hace 27 a\u00f1os y hemos sumado m\u00e1s de 18.8 millones de ex\u00e1menes optom\u00e9tricos en las 32 entidades federativas\u201d, expres\u00f3.<\/p>\n\n\n\n<p>De igual forma, la presidenta del Sistema Municipal DIF, Ana Luisa P\u00e9rez Aguilar, explic\u00f3 que, desde 2016, se asumi\u00f3 el compromiso de apoyar a los sectores m\u00e1s vulnerables de Huixquilucan con el Patronato de dicho organismo, con un sentido humanista y cercano a la gente para impulsar el desarrollo en el territorio.<\/p>\n\n\n\n<p>\u201cEs un equipo que une esfuerzos desde los sectores p\u00fablico, privado y social para cambiar la realidad de quienes m\u00e1s lo necesitan.Continuaremos la labor de la alcaldesa Romina Contreras en construir una sociedad solidaria, justa y equitativa\u201d, agreg\u00f3.<\/p>\n\n\n\n<p>Asimismo, la directora del Sistema Municipal para el Desarrollo Integral de la Familia de Huixquilucan, Guadalupe Rosas Hern\u00e1ndez, record\u00f3 a los asistentes la puesta en marcha del Complejo Rosa M\u00edstica, lugar que concentra los hospitales San P\u00edo y Mater Dei, as\u00ed como el Albergue Temporal Renacer, el Centro de Rehabilitaci\u00f3n e Integraci\u00f3n Social (CRIS), los Centros de Rehabilitaci\u00f3n contra las Adicciones y Santa Rita, el Centro Gerontol\u00f3gico Sagrado Coraz\u00f3n y el Centro de Psicolog\u00eda, a los que se suman el Hospital San Fernando, el Centro M\u00e9dico \u00abAmpliaci\u00f3n Palo Solo\u00bb y la Unidad M\u00e9dica \u00abSan Crist\u00f3bal\u00bb.<\/p>\n\n\n\n<p>Instituciones&nbsp;que, en su conjunto, conforman la red de hospitales m\u00e1s grande que opera un municipio en el pa\u00eds, donde se brinda una atenci\u00f3n multidisciplinaria y de calidad a personas vulnerables; acci\u00f3n que coloca a Huixquilucan a la vanguardia, as\u00ed como un referente a nivel estatal y nacional.<\/p>\n\n\n\n<p>Por \u00faltimo, la secretaria del Ayuntamiento, Alma Roc\u00edo Rojas P\u00e9rez, inform\u00f3 que los programas sociales se llevan a cabo gracias a las finanzas sanas con las que cuenta Huixquilucan y esto permite atender las necesidades de la poblaci\u00f3n de las tres zonas del municipio.<\/p>\n\n\n\n<p>\u201cCada peso de los huixquiluquenses, cada peso de los impuestos de todos, es bien administrado y se destinan recursos a causas sociales que tienen repercusiones reales. La finalidad es mejorar el entorno social mediante la consolidaci\u00f3n de alianzas estrat\u00e9gicas\u201d, indic\u00f3.<\/p>\n","protected":false},"excerpt":{"rendered":"<p>Visitas: 23 Juan Ignacio Corro&nbsp; Huixquilucan, Estado de M\u00e9xico, a 6 de marzo&nbsp;de 2026 Luego&nbsp;de que, en 2025, fundaciones, asociaciones civiles y voluntariados trabajaron de manera coordinada con el Sistema para el Desarrollo Integral de la Familia (DIF) de Huixquilucan para apoyar a sectores vulnerables del territorio, m\u00e1s de 106 mil personas fueron beneficiadas con [&hellip;]<\/p>\n","protected":false},"author":5,"featured_media":16648,"comment_status":"open","ping_status":"open","sticky":false,"template":"","format":"standard","meta":{"site-sidebar-layout":"default","site-content-layout":"","ast-site-content-layout":"default","site-content-style":"default","site-sidebar-style":"default","ast-global-header-display":"","ast-banner-title-visibility":"","ast-main-header-display":"","ast-hfb-above-header-display":"","ast-hfb-below-header-display":"","ast-hfb-mobile-header-display":"","site-post-title":"","ast-breadcrumbs-content":"","ast-featured-img":"","footer-sml-layout":"","ast-disable-related-posts":"","theme-transparent-header-meta":"","adv-header-id-meta":"","stick-header-meta":"","header-above-stick-meta":"","header-main-stick-meta":"","header-below-stick-meta":"","astra-migrate-meta-layouts":"set","ast-page-background-enabled":"default","ast-page-background-meta":{"desktop":{"background-color":"var(--ast-global-color-4)","background-image":"","background-repeat":"repeat","background-position":"center center","background-size":"auto","background-attachment":"scroll","background-type":"","background-media":"","overlay-type":"","overlay-color":"","overlay-opacity":"","overlay-gradient":""},"tablet":{"background-color":"","background-image":"","background-repeat":"repeat","background-position":"center center","background-size":"auto","background-attachment":"scroll","background-type":"","background-media":"","overlay-type":"","overlay-color":"","overlay-opacity":"","overlay-gradient":""},"mobile":{"background-color":"","background-image":"","background-repeat":"repeat","background-position":"center center","background-size":"auto","background-attachment":"scroll","background-type":"","background-media":"","overlay-type":"","overlay-color":"","overlay-opacity":"","overlay-gradient":""}},"ast-content-background-meta":{"desktop":{"background-color":"var(--ast-global-color-5)","background-image":"","background-repeat":"repeat","background-position":"center center","background-size":"auto","background-attachment":"scroll","background-type":"","background-media":"","overlay-type":"","overlay-color":"","overlay-opacity":"","overlay-gradient":""},"tablet":{"background-color":"var(--ast-global-color-5)","background-image":"","background-repeat":"repeat","background-position":"center center","background-size":"auto","background-attachment":"scroll","background-type":"","background-media":"","overlay-type":"","overlay-color":"","overlay-opacity":"","overlay-gradient":""},"mobile":{"background-color":"var(--ast-global-color-5)","background-image":"","background-repeat":"repeat","background-position":"center center","background-size":"auto","background-attachment":"scroll","background-type":"","background-media":"","overlay-type":"","overlay-color":"","overlay-opacity":"","overlay-gradient":""}},"footnotes":""},"categories":[8,283,512],"tags":[526],"class_list":["post-16646","post","type-post","status-publish","format-standard","has-post-thumbnail","hentry","category-edomex","category-huixquilucan","category-metropoli","tag-edomex"],"yoast_head":"<!-- This site is optimized with the Yoast SEO plugin v27.4 - https:\/\/yoast.com\/product\/yoast-seo-wordpress\/ -->\n<title>Patronato del DIF Huixquilucan beneficia a m\u00e1s de 100 mil personas vulnerables\u00a0 - Agencia252<\/title>\n<meta name=\"robots\" content=\"index, follow, max-snippet:-1, max-image-preview:large, max-video-preview:-1\" \/>\n<link rel=\"canonical\" href=\"https:\/\/agencia.252.com.mx\/home\/patronato-del-dif-huixquilucan-beneficia-a-mas-de-100-mil-personas-vulnerables\/\" \/>\n<meta property=\"og:locale\" content=\"es_ES\" \/>\n<meta property=\"og:type\" content=\"article\" \/>\n<meta property=\"og:title\" content=\"Patronato del DIF Huixquilucan beneficia a m\u00e1s de 100 mil personas vulnerables\u00a0 - Agencia252\" \/>\n<meta property=\"og:description\" content=\"Visitas: 23 Juan Ignacio Corro&nbsp; Huixquilucan, Estado de M\u00e9xico, a 6 de marzo&nbsp;de 2026 Luego&nbsp;de que, en 2025, fundaciones, asociaciones civiles y voluntariados trabajaron de manera coordinada con el Sistema para el Desarrollo Integral de la Familia (DIF) de Huixquilucan para apoyar a sectores vulnerables del territorio, m\u00e1s de 106 mil personas fueron beneficiadas con [&hellip;]\" \/>\n<meta property=\"og:url\" content=\"https:\/\/agencia.252.com.mx\/home\/patronato-del-dif-huixquilucan-beneficia-a-mas-de-100-mil-personas-vulnerables\/\" \/>\n<meta property=\"og:site_name\" content=\"Agencia252\" \/>\n<meta property=\"article:publisher\" content=\"https:\/\/www.facebook.com\/252Comunicacion\/\" \/>\n<meta property=\"article:author\" content=\"https:\/\/www.facebook.com\/jcorroherrera\/\" \/>\n<meta property=\"article:published_time\" content=\"2026-03-06T20:50:47+00:00\" \/>\n<meta property=\"article:modified_time\" content=\"2026-03-06T20:50:48+00:00\" \/>\n<meta property=\"og:image\" content=\"http:\/\/agencia.252.com.mx\/wp-content\/uploads\/2026\/03\/Huixquilucan-Romina-Contreras-C-056-2026-3-scaled.jpg\" \/>\n\t<meta property=\"og:image:width\" content=\"2560\" \/>\n\t<meta property=\"og:image:height\" content=\"1707\" \/>\n\t<meta property=\"og:image:type\" content=\"image\/jpeg\" \/>\n<meta name=\"author\" content=\"Nacho Corro\" \/>\n<meta name=\"twitter:card\" content=\"summary_large_image\" \/>\n<meta name=\"twitter:creator\" content=\"@Juan Ignacio Corro Herrera\" \/>\n<meta name=\"twitter:site\" content=\"@252COMS\" \/>\n<meta name=\"twitter:label1\" content=\"Escrito por\" \/>\n\t<meta name=\"twitter:data1\" content=\"Nacho Corro\" \/>\n\t<meta name=\"twitter:label2\" content=\"Tiempo de lectura\" \/>\n\t<meta name=\"twitter:data2\" content=\"5 minutos\" \/>\n<script type=\"application\/ld+json\" class=\"yoast-schema-graph\">{\"@context\":\"https:\\\/\\\/schema.org\",\"@graph\":[{\"@type\":\"Article\",\"@id\":\"https:\\\/\\\/agencia.252.com.mx\\\/home\\\/patronato-del-dif-huixquilucan-beneficia-a-mas-de-100-mil-personas-vulnerables\\\/#article\",\"isPartOf\":{\"@id\":\"https:\\\/\\\/agencia.252.com.mx\\\/home\\\/patronato-del-dif-huixquilucan-beneficia-a-mas-de-100-mil-personas-vulnerables\\\/\"},\"author\":{\"name\":\"Nacho Corro\",\"@id\":\"https:\\\/\\\/agencia.252.com.mx\\\/home\\\/#\\\/schema\\\/person\\\/6b972021e9a92d45ade8c78d81509098\"},\"headline\":\"Patronato del DIF Huixquilucan beneficia a m\u00e1s de 100 mil personas vulnerables\u00a0\",\"datePublished\":\"2026-03-06T20:50:47+00:00\",\"dateModified\":\"2026-03-06T20:50:48+00:00\",\"mainEntityOfPage\":{\"@id\":\"https:\\\/\\\/agencia.252.com.mx\\\/home\\\/patronato-del-dif-huixquilucan-beneficia-a-mas-de-100-mil-personas-vulnerables\\\/\"},\"wordCount\":909,\"commentCount\":0,\"publisher\":{\"@id\":\"https:\\\/\\\/agencia.252.com.mx\\\/home\\\/#organization\"},\"image\":{\"@id\":\"https:\\\/\\\/agencia.252.com.mx\\\/home\\\/patronato-del-dif-huixquilucan-beneficia-a-mas-de-100-mil-personas-vulnerables\\\/#primaryimage\"},\"thumbnailUrl\":\"https:\\\/\\\/agencia.252.com.mx\\\/wp-content\\\/uploads\\\/2026\\\/03\\\/Huixquilucan-Romina-Contreras-C-056-2026-3-scaled.jpg\",\"keywords\":[\"Edomex\"],\"articleSection\":[\"Edomex\",\"huixquilucan\",\"Metropoli\"],\"inLanguage\":\"es\",\"potentialAction\":[{\"@type\":\"CommentAction\",\"name\":\"Comment\",\"target\":[\"https:\\\/\\\/agencia.252.com.mx\\\/home\\\/patronato-del-dif-huixquilucan-beneficia-a-mas-de-100-mil-personas-vulnerables\\\/#respond\"]}]},{\"@type\":\"WebPage\",\"@id\":\"https:\\\/\\\/agencia.252.com.mx\\\/home\\\/patronato-del-dif-huixquilucan-beneficia-a-mas-de-100-mil-personas-vulnerables\\\/\",\"url\":\"https:\\\/\\\/agencia.252.com.mx\\\/home\\\/patronato-del-dif-huixquilucan-beneficia-a-mas-de-100-mil-personas-vulnerables\\\/\",\"name\":\"Patronato del DIF Huixquilucan beneficia a m\u00e1s de 100 mil personas vulnerables\u00a0 - Agencia252\",\"isPartOf\":{\"@id\":\"https:\\\/\\\/agencia.252.com.mx\\\/home\\\/#website\"},\"primaryImageOfPage\":{\"@id\":\"https:\\\/\\\/agencia.252.com.mx\\\/home\\\/patronato-del-dif-huixquilucan-beneficia-a-mas-de-100-mil-personas-vulnerables\\\/#primaryimage\"},\"image\":{\"@id\":\"https:\\\/\\\/agencia.252.com.mx\\\/home\\\/patronato-del-dif-huixquilucan-beneficia-a-mas-de-100-mil-personas-vulnerables\\\/#primaryimage\"},\"thumbnailUrl\":\"https:\\\/\\\/agencia.252.com.mx\\\/wp-content\\\/uploads\\\/2026\\\/03\\\/Huixquilucan-Romina-Contreras-C-056-2026-3-scaled.jpg\",\"datePublished\":\"2026-03-06T20:50:47+00:00\",\"dateModified\":\"2026-03-06T20:50:48+00:00\",\"breadcrumb\":{\"@id\":\"https:\\\/\\\/agencia.252.com.mx\\\/home\\\/patronato-del-dif-huixquilucan-beneficia-a-mas-de-100-mil-personas-vulnerables\\\/#breadcrumb\"},\"inLanguage\":\"es\",\"potentialAction\":[{\"@type\":\"ReadAction\",\"target\":[\"https:\\\/\\\/agencia.252.com.mx\\\/home\\\/patronato-del-dif-huixquilucan-beneficia-a-mas-de-100-mil-personas-vulnerables\\\/\"]}]},{\"@type\":\"ImageObject\",\"inLanguage\":\"es\",\"@id\":\"https:\\\/\\\/agencia.252.com.mx\\\/home\\\/patronato-del-dif-huixquilucan-beneficia-a-mas-de-100-mil-personas-vulnerables\\\/#primaryimage\",\"url\":\"https:\\\/\\\/agencia.252.com.mx\\\/wp-content\\\/uploads\\\/2026\\\/03\\\/Huixquilucan-Romina-Contreras-C-056-2026-3-scaled.jpg\",\"contentUrl\":\"https:\\\/\\\/agencia.252.com.mx\\\/wp-content\\\/uploads\\\/2026\\\/03\\\/Huixquilucan-Romina-Contreras-C-056-2026-3-scaled.jpg\",\"width\":2560,\"height\":1707},{\"@type\":\"BreadcrumbList\",\"@id\":\"https:\\\/\\\/agencia.252.com.mx\\\/home\\\/patronato-del-dif-huixquilucan-beneficia-a-mas-de-100-mil-personas-vulnerables\\\/#breadcrumb\",\"itemListElement\":[{\"@type\":\"ListItem\",\"position\":1,\"name\":\"Portada\",\"item\":\"https:\\\/\\\/agencia.252.com.mx\\\/home\\\/\"},{\"@type\":\"ListItem\",\"position\":2,\"name\":\"Patronato del DIF Huixquilucan beneficia a m\u00e1s de 100 mil personas vulnerables\u00a0\"}]},{\"@type\":\"WebSite\",\"@id\":\"https:\\\/\\\/agencia.252.com.mx\\\/home\\\/#website\",\"url\":\"https:\\\/\\\/agencia.252.com.mx\\\/home\\\/\",\"name\":\"Agencia252\",\"description\":\"Tu espacio en la Red\",\"publisher\":{\"@id\":\"https:\\\/\\\/agencia.252.com.mx\\\/home\\\/#organization\"},\"potentialAction\":[{\"@type\":\"SearchAction\",\"target\":{\"@type\":\"EntryPoint\",\"urlTemplate\":\"https:\\\/\\\/agencia.252.com.mx\\\/home\\\/?s={search_term_string}\"},\"query-input\":{\"@type\":\"PropertyValueSpecification\",\"valueRequired\":true,\"valueName\":\"search_term_string\"}}],\"inLanguage\":\"es\"},{\"@type\":\"Organization\",\"@id\":\"https:\\\/\\\/agencia.252.com.mx\\\/home\\\/#organization\",\"name\":\"Agencia252\",\"url\":\"https:\\\/\\\/agencia.252.com.mx\\\/home\\\/\",\"logo\":{\"@type\":\"ImageObject\",\"inLanguage\":\"es\",\"@id\":\"https:\\\/\\\/agencia.252.com.mx\\\/home\\\/#\\\/schema\\\/logo\\\/image\\\/\",\"url\":\"https:\\\/\\\/agencia.252.com.mx\\\/wp-content\\\/uploads\\\/2023\\\/02\\\/cropped-ciruclo-agencia-e1677562404136.png\",\"contentUrl\":\"https:\\\/\\\/agencia.252.com.mx\\\/wp-content\\\/uploads\\\/2023\\\/02\\\/cropped-ciruclo-agencia-e1677562404136.png\",\"width\":512,\"height\":512,\"caption\":\"Agencia252\"},\"image\":{\"@id\":\"https:\\\/\\\/agencia.252.com.mx\\\/home\\\/#\\\/schema\\\/logo\\\/image\\\/\"},\"sameAs\":[\"https:\\\/\\\/www.facebook.com\\\/252Comunicacion\\\/\",\"https:\\\/\\\/x.com\\\/252COMS\"]},{\"@type\":\"Person\",\"@id\":\"https:\\\/\\\/agencia.252.com.mx\\\/home\\\/#\\\/schema\\\/person\\\/6b972021e9a92d45ade8c78d81509098\",\"name\":\"Nacho Corro\",\"image\":{\"@type\":\"ImageObject\",\"inLanguage\":\"es\",\"@id\":\"https:\\\/\\\/secure.gravatar.com\\\/avatar\\\/5db6df507cfe1307e192fbb498c6b85f1cf2ffd8b4cd37141b9eea588fcbd5a4?s=96&r=g\",\"url\":\"https:\\\/\\\/secure.gravatar.com\\\/avatar\\\/5db6df507cfe1307e192fbb498c6b85f1cf2ffd8b4cd37141b9eea588fcbd5a4?s=96&r=g\",\"contentUrl\":\"https:\\\/\\\/secure.gravatar.com\\\/avatar\\\/5db6df507cfe1307e192fbb498c6b85f1cf2ffd8b4cd37141b9eea588fcbd5a4?s=96&r=g\",\"caption\":\"Nacho Corro\"},\"description\":\"Comunicador Social, Periodista y Administraci\u00f3n P\u00fablica. Conversador pol\u00edtico, temas electorales y seguridad. Generador de contenidos digitales. Amante de la fotograf\u00eda\",\"sameAs\":[\"https:\\\/\\\/www.facebook.com\\\/jcorroherrera\\\/\",\"www.instagram.com\\\/nachocorro\\\/\",\"https:\\\/\\\/x.com\\\/Juan Ignacio Corro Herrera\"],\"url\":\"https:\\\/\\\/agencia.252.com.mx\\\/home\\\/author\\\/i-corro\\\/\"}]}<\/script>\n<!-- \/ Yoast SEO plugin. -->","yoast_head_json":{"title":"Patronato del DIF Huixquilucan beneficia a m\u00e1s de 100 mil personas vulnerables\u00a0 - Agencia252","robots":{"index":"index","follow":"follow","max-snippet":"max-snippet:-1","max-image-preview":"max-image-preview:large","max-video-preview":"max-video-preview:-1"},"canonical":"https:\/\/agencia.252.com.mx\/home\/patronato-del-dif-huixquilucan-beneficia-a-mas-de-100-mil-personas-vulnerables\/","og_locale":"es_ES","og_type":"article","og_title":"Patronato del DIF Huixquilucan beneficia a m\u00e1s de 100 mil personas vulnerables\u00a0 - Agencia252","og_description":"Visitas: 23 Juan Ignacio Corro&nbsp; Huixquilucan, Estado de M\u00e9xico, a 6 de marzo&nbsp;de 2026 Luego&nbsp;de que, en 2025, fundaciones, asociaciones civiles y voluntariados trabajaron de manera coordinada con el Sistema para el Desarrollo Integral de la Familia (DIF) de Huixquilucan para apoyar a sectores vulnerables del territorio, m\u00e1s de 106 mil personas fueron beneficiadas con [&hellip;]","og_url":"https:\/\/agencia.252.com.mx\/home\/patronato-del-dif-huixquilucan-beneficia-a-mas-de-100-mil-personas-vulnerables\/","og_site_name":"Agencia252","article_publisher":"https:\/\/www.facebook.com\/252Comunicacion\/","article_author":"https:\/\/www.facebook.com\/jcorroherrera\/","article_published_time":"2026-03-06T20:50:47+00:00","article_modified_time":"2026-03-06T20:50:48+00:00","og_image":[{"width":2560,"height":1707,"url":"http:\/\/agencia.252.com.mx\/wp-content\/uploads\/2026\/03\/Huixquilucan-Romina-Contreras-C-056-2026-3-scaled.jpg","type":"image\/jpeg"}],"author":"Nacho Corro","twitter_card":"summary_large_image","twitter_creator":"@Juan Ignacio Corro Herrera","twitter_site":"@252COMS","twitter_misc":{"Escrito por":"Nacho Corro","Tiempo de lectura":"5 minutos"},"schema":{"@context":"https:\/\/schema.org","@graph":[{"@type":"Article","@id":"https:\/\/agencia.252.com.mx\/home\/patronato-del-dif-huixquilucan-beneficia-a-mas-de-100-mil-personas-vulnerables\/#article","isPartOf":{"@id":"https:\/\/agencia.252.com.mx\/home\/patronato-del-dif-huixquilucan-beneficia-a-mas-de-100-mil-personas-vulnerables\/"},"author":{"name":"Nacho Corro","@id":"https:\/\/agencia.252.com.mx\/home\/#\/schema\/person\/6b972021e9a92d45ade8c78d81509098"},"headline":"Patronato del DIF Huixquilucan beneficia a m\u00e1s de 100 mil personas vulnerables\u00a0","datePublished":"2026-03-06T20:50:47+00:00","dateModified":"2026-03-06T20:50:48+00:00","mainEntityOfPage":{"@id":"https:\/\/agencia.252.com.mx\/home\/patronato-del-dif-huixquilucan-beneficia-a-mas-de-100-mil-personas-vulnerables\/"},"wordCount":909,"commentCount":0,"publisher":{"@id":"https:\/\/agencia.252.com.mx\/home\/#organization"},"image":{"@id":"https:\/\/agencia.252.com.mx\/home\/patronato-del-dif-huixquilucan-beneficia-a-mas-de-100-mil-personas-vulnerables\/#primaryimage"},"thumbnailUrl":"https:\/\/agencia.252.com.mx\/wp-content\/uploads\/2026\/03\/Huixquilucan-Romina-Contreras-C-056-2026-3-scaled.jpg","keywords":["Edomex"],"articleSection":["Edomex","huixquilucan","Metropoli"],"inLanguage":"es","potentialAction":[{"@type":"CommentAction","name":"Comment","target":["https:\/\/agencia.252.com.mx\/home\/patronato-del-dif-huixquilucan-beneficia-a-mas-de-100-mil-personas-vulnerables\/#respond"]}]},{"@type":"WebPage","@id":"https:\/\/agencia.252.com.mx\/home\/patronato-del-dif-huixquilucan-beneficia-a-mas-de-100-mil-personas-vulnerables\/","url":"https:\/\/agencia.252.com.mx\/home\/patronato-del-dif-huixquilucan-beneficia-a-mas-de-100-mil-personas-vulnerables\/","name":"Patronato del DIF Huixquilucan beneficia a m\u00e1s de 100 mil personas vulnerables\u00a0 - Agencia252","isPartOf":{"@id":"https:\/\/agencia.252.com.mx\/home\/#website"},"primaryImageOfPage":{"@id":"https:\/\/agencia.252.com.mx\/home\/patronato-del-dif-huixquilucan-beneficia-a-mas-de-100-mil-personas-vulnerables\/#primaryimage"},"image":{"@id":"https:\/\/agencia.252.com.mx\/home\/patronato-del-dif-huixquilucan-beneficia-a-mas-de-100-mil-personas-vulnerables\/#primaryimage"},"thumbnailUrl":"https:\/\/agencia.252.com.mx\/wp-content\/uploads\/2026\/03\/Huixquilucan-Romina-Contreras-C-056-2026-3-scaled.jpg","datePublished":"2026-03-06T20:50:47+00:00","dateModified":"2026-03-06T20:50:48+00:00","breadcrumb":{"@id":"https:\/\/agencia.252.com.mx\/home\/patronato-del-dif-huixquilucan-beneficia-a-mas-de-100-mil-personas-vulnerables\/#breadcrumb"},"inLanguage":"es","potentialAction":[{"@type":"ReadAction","target":["https:\/\/agencia.252.com.mx\/home\/patronato-del-dif-huixquilucan-beneficia-a-mas-de-100-mil-personas-vulnerables\/"]}]},{"@type":"ImageObject","inLanguage":"es","@id":"https:\/\/agencia.252.com.mx\/home\/patronato-del-dif-huixquilucan-beneficia-a-mas-de-100-mil-personas-vulnerables\/#primaryimage","url":"https:\/\/agencia.252.com.mx\/wp-content\/uploads\/2026\/03\/Huixquilucan-Romina-Contreras-C-056-2026-3-scaled.jpg","contentUrl":"https:\/\/agencia.252.com.mx\/wp-content\/uploads\/2026\/03\/Huixquilucan-Romina-Contreras-C-056-2026-3-scaled.jpg","width":2560,"height":1707},{"@type":"BreadcrumbList","@id":"https:\/\/agencia.252.com.mx\/home\/patronato-del-dif-huixquilucan-beneficia-a-mas-de-100-mil-personas-vulnerables\/#breadcrumb","itemListElement":[{"@type":"ListItem","position":1,"name":"Portada","item":"https:\/\/agencia.252.com.mx\/home\/"},{"@type":"ListItem","position":2,"name":"Patronato del DIF Huixquilucan beneficia a m\u00e1s de 100 mil personas vulnerables\u00a0"}]},{"@type":"WebSite","@id":"https:\/\/agencia.252.com.mx\/home\/#website","url":"https:\/\/agencia.252.com.mx\/home\/","name":"Agencia252","description":"Tu espacio en la Red","publisher":{"@id":"https:\/\/agencia.252.com.mx\/home\/#organization"},"potentialAction":[{"@type":"SearchAction","target":{"@type":"EntryPoint","urlTemplate":"https:\/\/agencia.252.com.mx\/home\/?s={search_term_string}"},"query-input":{"@type":"PropertyValueSpecification","valueRequired":true,"valueName":"search_term_string"}}],"inLanguage":"es"},{"@type":"Organization","@id":"https:\/\/agencia.252.com.mx\/home\/#organization","name":"Agencia252","url":"https:\/\/agencia.252.com.mx\/home\/","logo":{"@type":"ImageObject","inLanguage":"es","@id":"https:\/\/agencia.252.com.mx\/home\/#\/schema\/logo\/image\/","url":"https:\/\/agencia.252.com.mx\/wp-content\/uploads\/2023\/02\/cropped-ciruclo-agencia-e1677562404136.png","contentUrl":"https:\/\/agencia.252.com.mx\/wp-content\/uploads\/2023\/02\/cropped-ciruclo-agencia-e1677562404136.png","width":512,"height":512,"caption":"Agencia252"},"image":{"@id":"https:\/\/agencia.252.com.mx\/home\/#\/schema\/logo\/image\/"},"sameAs":["https:\/\/www.facebook.com\/252Comunicacion\/","https:\/\/x.com\/252COMS"]},{"@type":"Person","@id":"https:\/\/agencia.252.com.mx\/home\/#\/schema\/person\/6b972021e9a92d45ade8c78d81509098","name":"Nacho Corro","image":{"@type":"ImageObject","inLanguage":"es","@id":"https:\/\/secure.gravatar.com\/avatar\/5db6df507cfe1307e192fbb498c6b85f1cf2ffd8b4cd37141b9eea588fcbd5a4?s=96&r=g","url":"https:\/\/secure.gravatar.com\/avatar\/5db6df507cfe1307e192fbb498c6b85f1cf2ffd8b4cd37141b9eea588fcbd5a4?s=96&r=g","contentUrl":"https:\/\/secure.gravatar.com\/avatar\/5db6df507cfe1307e192fbb498c6b85f1cf2ffd8b4cd37141b9eea588fcbd5a4?s=96&r=g","caption":"Nacho Corro"},"description":"Comunicador Social, Periodista y Administraci\u00f3n P\u00fablica. Conversador pol\u00edtico, temas electorales y seguridad. Generador de contenidos digitales. Amante de la fotograf\u00eda","sameAs":["https:\/\/www.facebook.com\/jcorroherrera\/","www.instagram.com\/nachocorro\/","https:\/\/x.com\/Juan Ignacio Corro Herrera"],"url":"https:\/\/agencia.252.com.mx\/home\/author\/i-corro\/"}]}},"_links":{"self":[{"href":"https:\/\/agencia.252.com.mx\/home\/wp-json\/wp\/v2\/posts\/16646","targetHints":{"allow":["GET"]}}],"collection":[{"href":"https:\/\/agencia.252.com.mx\/home\/wp-json\/wp\/v2\/posts"}],"about":[{"href":"https:\/\/agencia.252.com.mx\/home\/wp-json\/wp\/v2\/types\/post"}],"author":[{"embeddable":true,"href":"https:\/\/agencia.252.com.mx\/home\/wp-json\/wp\/v2\/users\/5"}],"replies":[{"embeddable":true,"href":"https:\/\/agencia.252.com.mx\/home\/wp-json\/wp\/v2\/comments?post=16646"}],"version-history":[{"count":1,"href":"https:\/\/agencia.252.com.mx\/home\/wp-json\/wp\/v2\/posts\/16646\/revisions"}],"predecessor-version":[{"id":16649,"href":"https:\/\/agencia.252.com.mx\/home\/wp-json\/wp\/v2\/posts\/16646\/revisions\/16649"}],"wp:featuredmedia":[{"embeddable":true,"href":"https:\/\/agencia.252.com.mx\/home\/wp-json\/wp\/v2\/media\/16648"}],"wp:attachment":[{"href":"https:\/\/agencia.252.com.mx\/home\/wp-json\/wp\/v2\/media?parent=16646"}],"wp:term":[{"taxonomy":"category","embeddable":true,"href":"https:\/\/agencia.252.com.mx\/home\/wp-json\/wp\/v2\/categories?post=16646"},{"taxonomy":"post_tag","embeddable":true,"href":"https:\/\/agencia.252.com.mx\/home\/wp-json\/wp\/v2\/tags?post=16646"}],"curies":[{"name":"wp","href":"https:\/\/api.w.org\/{rel}","templated":true}]}}