{"id":16642,"date":"2026-03-06T11:37:09","date_gmt":"2026-03-06T17:37:09","guid":{"rendered":"https:\/\/agencia.252.com.mx\/home\/?p=16642"},"modified":"2026-03-06T11:37:10","modified_gmt":"2026-03-06T17:37:10","slug":"aumentan-ordenes-de-aprehension-y-judicializacion-en-delitos-de-alto-impacto-en-la-cdmx-en-lo-que-va-de-2026","status":"publish","type":"post","link":"https:\/\/agencia.252.com.mx\/home\/aumentan-ordenes-de-aprehension-y-judicializacion-en-delitos-de-alto-impacto-en-la-cdmx-en-lo-que-va-de-2026\/","title":{"rendered":"Aumentan \u00f3rdenes de aprehensi\u00f3n y judicializaci\u00f3n en delitos de alto impacto en la CDMX en lo que va de 2026"},"content":{"rendered":"<p>Visitas: 42<\/p>\n<ul class=\"wp-block-list\">\n<li><em>Aumentan 11% en \u00f3rdenes de aprehensi\u00f3n ejecutadas y judicializaciones por delitos de alto impacto, en comparaci\u00f3n con el mismo periodo de 2025<\/em><\/li>\n\n\n\n<li><em>Siguen las detenciones con organizaciones criminales como \u201cLa Familia Michoacana\u201d, \u201cLa Uni\u00f3n Tepito\u201d, \u201cLos Rodolfos\u201d, \u201cLos Richis\u201d y \u201cLos Tanzanios\u201d.<\/em><\/li>\n<\/ul>\n\n\n\n<p>Juan Ignacio Corro <\/p>\n\n\n\n<p class=\"has-text-align-right\">Ciudad de M\u00e9xico, a 6 de marzo de 2026<\/p>\n\n\n\n<p>Durante los primeros dos meses de 2026 se registr\u00f3 un aumento de 11% en las \u00f3rdenes de aprehensi\u00f3n ejecutadas y en las judicializaciones por delitos de alto impacto, en comparaci\u00f3n con el mismo periodo de 2025, inform\u00f3 la titular de la Fiscal\u00eda General de Justicia de la Ciudad de M\u00e9xico (FGJCDMX), Bertha Alcalde Luj\u00e1n.<\/p>\n\n\n\n<p>Adem\u00e1s, se observ\u00f3 un incremento de 5% en la ejecuci\u00f3n de \u00f3rdenes judiciales por il\u00edcitos generales cometidos en la capital.<\/p>\n\n\n\n<figure class=\"wp-block-image alignleft size-medium\"><img fetchpriority=\"high\" decoding=\"async\" width=\"300\" height=\"169\" src=\"https:\/\/agencia.252.com.mx\/wp-content\/uploads\/2026\/03\/69aa26ab34122763158394-300x169.jpeg\" alt=\"\" class=\"wp-image-16644\" srcset=\"https:\/\/agencia.252.com.mx\/wp-content\/uploads\/2026\/03\/69aa26ab34122763158394-300x169.jpeg 300w, https:\/\/agencia.252.com.mx\/wp-content\/uploads\/2026\/03\/69aa26ab34122763158394-1024x576.jpeg 1024w, https:\/\/agencia.252.com.mx\/wp-content\/uploads\/2026\/03\/69aa26ab34122763158394-768x432.jpeg 768w, https:\/\/agencia.252.com.mx\/wp-content\/uploads\/2026\/03\/69aa26ab34122763158394-1536x864.jpeg 1536w, https:\/\/agencia.252.com.mx\/wp-content\/uploads\/2026\/03\/69aa26ab34122763158394-2048x1152.jpeg 2048w\" sizes=\"(max-width: 300px) 100vw, 300px\" \/><\/figure>\n\n\n\n<p>Alcalde Luj\u00e1n tambi\u00e9n resalt\u00f3 el trabajo conjunto del Gabinete de Seguridad y Procuraci\u00f3n de Justicia de la Ciudad de M\u00e9xico, el cual se reflej\u00f3 en una disminuci\u00f3n de 14.3% en la incidencia de delitos de alto impacto entre enero y febrero de 2026, en comparaci\u00f3n con el mismo periodo del a\u00f1o anterior.<\/p>\n\n\n\n<p>\u201cTenemos m\u00e1s resultados, m\u00e1s personas que hoy en d\u00eda enfrentan procesos de justicia gracias a las labores que realiza la Polic\u00eda de Investigaci\u00f3n de la Fiscal\u00eda CDMX y la Secretar\u00eda de Seguridad Ciudadana, en coordinaci\u00f3n con las instituciones que integran el Gabinete de Seguridad\u201d, destac\u00f3 la fiscal general.<\/p>\n\n\n\n<p>Sobre el delito de extorsi\u00f3n, Bertha Alcalde Luj\u00e1n comunico sobre el trabajo realizado por las y los agentes del Ministerio P\u00fablico y la Polic\u00eda de Investigaci\u00f3n. Tan s\u00f3lo en febrero de este a\u00f1o 31 personas fueron detenidas y vinculadas a proceso por este delito, lo que se reflej\u00f3 en un aumento de 210% en las judicializaciones respecto al mismo periodo de 2021 y de 29% en comparaci\u00f3n con febrero de 2025.&nbsp;<\/p>\n\n\n\n<p>En el marco de las acciones para desarticular estructuras delictivas en la ciudad, la Fiscal\u00eda CDMX tambi\u00e9n report\u00f3 diversas detenciones relevantes registradas durante febrero, entre ellas personas relacionadas con organizaciones criminales como \u201cLa Familia Michoacana\u201d, \u201cLa Uni\u00f3n Tepito\u201d, \u201cLos Rodolfos\u201d, \u201cLos Richis\u201d y \u201cLos Tanzanios\u201d.<\/p>\n\n\n\n<p>Asimismo, se logr\u00f3 la vinculaci\u00f3n a proceso de Gaby \u201cN\u201d por el delito de homicidio calificado, as\u00ed como la de Lilian \u201cN\u201d y Jes\u00fas \u201cN\u201d, quienes simularon el secuestro de una menor de edad.<\/p>\n\n\n\n<p>En materia de sentencias condenatorias, la fiscal general inform\u00f3 que durante febrero se obtuvieron 479, lo que representa el 93% del total de sentencias dictadas en ese periodo.<\/p>\n\n\n\n<p>Sobre el combate al robo de veh\u00edculos y autopartes, dijo que en lo que va del a\u00f1o se han recuperado 750 veh\u00edculos, ejecutado 63 \u00f3rdenes de aprehensi\u00f3n y realizado 19 cateos, adem\u00e1s de asegurar 176 toneladas de autopartes.<\/p>\n\n\n\n<p>Adem\u00e1s, la instituci\u00f3n contin\u00faa con la recuperaci\u00f3n de espacios p\u00fablicos ocupados por veh\u00edculos asegurados que permanec\u00edan estacionados en la v\u00eda p\u00fablica. A la fecha se han liberado espacios en 10 de las 16 alcald\u00edas y, durante febrero, los trabajos avanzaron en Azcapotzalco, Cuauht\u00e9moc, Gustavo A. Madero y Tlalpan.<\/p>\n\n\n\n<p>En el marco del 8 de marzo, Bertha Alcalde Luj\u00e1n destac\u00f3 la labor de la Fiscal\u00eda CDMX a favor de las mujeres mediante la realizaci\u00f3n de las Jornadas de Asesor\u00eda para Mujeres en las 16 alcald\u00edas de la ciudad, que brindan \u2014hasta el 6 de marzo\u2014 orientaci\u00f3n jur\u00eddica gratuita, atenci\u00f3n personalizada y acompa\u00f1amiento con perspectiva de g\u00e9nero.<\/p>\n\n\n\n<p>De manera permanente, la instituci\u00f3n tambi\u00e9n mantiene canales de atenci\u00f3n para la ciudadan\u00eda a trav\u00e9s de la l\u00ednea directa de la Fiscal\u00eda CDMX (55 5345 5000), el Chatbot Balam (55 1952 5550), as\u00ed como las atenciones ciudadanas que se realizan todos los martes en el Z\u00f3calo de Gobierno Ciudadano.<\/p>\n\n\n\n<p>En el informe tambi\u00e9n estuvieron presentes Mar\u00eda de Lourdes Paz Reyes, alcaldesa de Iztacalco; Pablo V\u00e1zquez Camacho, secretario de Seguridad Ciudadana; Roger David Rodr\u00edguez Arosemena, comandante de la Primera Zona Militar; Octavio Azcoaga V\u00e1zquez, coordinador operativo de Seguridad; Rus Pe\u00f1aloza Meneses, coordinador estatal de la Guardia Nacional; Jos\u00e9 Manuel Oropeza Morales, coordinador general del Gabinete de Seguridad Ciudadana y Procuraci\u00f3n de Justicia; Er\u00e9ndira Cruzvillegas Fuentes, titular de la Consejer\u00eda Jur\u00eddica y de Servicios Legales; y \u00c1ngel Tamariz S\u00e1nchez, titular de la Agencia Digital de Innovaci\u00f3n P\u00fablica.<\/p>\n\n\n\n<p>Durante la conferencia de prensa, la jefa de Gobierno, Clara Brugada Molina, reconoci\u00f3 el trabajo realizado por la Fiscal\u00eda General de Justicia de la Ciudad de M\u00e9xico y destac\u00f3 los resultados obtenidos en las investigaciones. \u201cLa Fiscal\u00eda ha realizado un trabajo extraordinario, que ha permitido fortalecer las investigaciones y llevar a m\u00e1s responsables ante la justicia; con ello se reflejan resultados concretos\u201d<\/p>\n\n\n\n<p>La Fiscal\u00eda CDMX mantiene su compromiso de trabajar en favor de la justicia para la ciudadan\u00eda, en coordinaci\u00f3n con las instituciones que integran el Gabinete de Seguridad y Procuraci\u00f3n de Justicia de la Ciudad de M\u00e9xico.<\/p>\n","protected":false},"excerpt":{"rendered":"<p>Visitas: 42 Juan Ignacio Corro Ciudad de M\u00e9xico, a 6 de marzo de 2026 Durante los primeros dos meses de 2026 se registr\u00f3 un aumento de 11% en las \u00f3rdenes de aprehensi\u00f3n ejecutadas y en las judicializaciones por delitos de alto impacto, en comparaci\u00f3n con el mismo periodo de 2025, inform\u00f3 la titular de la [&hellip;]<\/p>\n","protected":false},"author":5,"featured_media":16643,"comment_status":"open","ping_status":"open","sticky":false,"template":"","format":"standard","meta":{"site-sidebar-layout":"default","site-content-layout":"","ast-site-content-layout":"default","site-content-style":"default","site-sidebar-style":"default","ast-global-header-display":"","ast-banner-title-visibility":"","ast-main-header-display":"","ast-hfb-above-header-display":"","ast-hfb-below-header-display":"","ast-hfb-mobile-header-display":"","site-post-title":"","ast-breadcrumbs-content":"","ast-featured-img":"","footer-sml-layout":"","ast-disable-related-posts":"","theme-transparent-header-meta":"","adv-header-id-meta":"","stick-header-meta":"","header-above-stick-meta":"","header-main-stick-meta":"","header-below-stick-meta":"","astra-migrate-meta-layouts":"set","ast-page-background-enabled":"default","ast-page-background-meta":{"desktop":{"background-color":"var(--ast-global-color-4)","background-image":"","background-repeat":"repeat","background-position":"center center","background-size":"auto","background-attachment":"scroll","background-type":"","background-media":"","overlay-type":"","overlay-color":"","overlay-opacity":"","overlay-gradient":""},"tablet":{"background-color":"","background-image":"","background-repeat":"repeat","background-position":"center center","background-size":"auto","background-attachment":"scroll","background-type":"","background-media":"","overlay-type":"","overlay-color":"","overlay-opacity":"","overlay-gradient":""},"mobile":{"background-color":"","background-image":"","background-repeat":"repeat","background-position":"center center","background-size":"auto","background-attachment":"scroll","background-type":"","background-media":"","overlay-type":"","overlay-color":"","overlay-opacity":"","overlay-gradient":""}},"ast-content-background-meta":{"desktop":{"background-color":"var(--ast-global-color-5)","background-image":"","background-repeat":"repeat","background-position":"center center","background-size":"auto","background-attachment":"scroll","background-type":"","background-media":"","overlay-type":"","overlay-color":"","overlay-opacity":"","overlay-gradient":""},"tablet":{"background-color":"var(--ast-global-color-5)","background-image":"","background-repeat":"repeat","background-position":"center center","background-size":"auto","background-attachment":"scroll","background-type":"","background-media":"","overlay-type":"","overlay-color":"","overlay-opacity":"","overlay-gradient":""},"mobile":{"background-color":"var(--ast-global-color-5)","background-image":"","background-repeat":"repeat","background-position":"center center","background-size":"auto","background-attachment":"scroll","background-type":"","background-media":"","overlay-type":"","overlay-color":"","overlay-opacity":"","overlay-gradient":""}},"footnotes":""},"categories":[69,512,68],"tags":[535],"class_list":["post-16642","post","type-post","status-publish","format-standard","has-post-thumbnail","hentry","category-cdmx","category-metropoli","category-seguridad","tag-cdmx"],"yoast_head":"<!-- This site is optimized with the Yoast SEO plugin v27.4 - https:\/\/yoast.com\/product\/yoast-seo-wordpress\/ -->\n<title>Aumentan \u00f3rdenes de aprehensi\u00f3n y judicializaci\u00f3n en delitos de alto impacto en la CDMX en lo que va de 2026 - Agencia252<\/title>\n<meta name=\"robots\" content=\"index, follow, max-snippet:-1, max-image-preview:large, max-video-preview:-1\" \/>\n<link rel=\"canonical\" href=\"https:\/\/agencia.252.com.mx\/home\/aumentan-ordenes-de-aprehension-y-judicializacion-en-delitos-de-alto-impacto-en-la-cdmx-en-lo-que-va-de-2026\/\" \/>\n<meta property=\"og:locale\" content=\"es_ES\" \/>\n<meta property=\"og:type\" content=\"article\" \/>\n<meta property=\"og:title\" content=\"Aumentan \u00f3rdenes de aprehensi\u00f3n y judicializaci\u00f3n en delitos de alto impacto en la CDMX en lo que va de 2026 - Agencia252\" \/>\n<meta property=\"og:description\" content=\"Visitas: 42 Juan Ignacio Corro Ciudad de M\u00e9xico, a 6 de marzo de 2026 Durante los primeros dos meses de 2026 se registr\u00f3 un aumento de 11% en las \u00f3rdenes de aprehensi\u00f3n ejecutadas y en las judicializaciones por delitos de alto impacto, en comparaci\u00f3n con el mismo periodo de 2025, inform\u00f3 la titular de la [&hellip;]\" \/>\n<meta property=\"og:url\" content=\"https:\/\/agencia.252.com.mx\/home\/aumentan-ordenes-de-aprehension-y-judicializacion-en-delitos-de-alto-impacto-en-la-cdmx-en-lo-que-va-de-2026\/\" \/>\n<meta property=\"og:site_name\" content=\"Agencia252\" \/>\n<meta property=\"article:publisher\" content=\"https:\/\/www.facebook.com\/252Comunicacion\/\" \/>\n<meta property=\"article:author\" content=\"https:\/\/www.facebook.com\/jcorroherrera\/\" \/>\n<meta property=\"article:published_time\" content=\"2026-03-06T17:37:09+00:00\" \/>\n<meta property=\"article:modified_time\" content=\"2026-03-06T17:37:10+00:00\" \/>\n<meta property=\"og:image\" content=\"http:\/\/agencia.252.com.mx\/wp-content\/uploads\/2026\/03\/69aa26ad0276e171139974-scaled.jpeg\" \/>\n\t<meta property=\"og:image:width\" content=\"2560\" \/>\n\t<meta property=\"og:image:height\" content=\"1440\" \/>\n\t<meta property=\"og:image:type\" content=\"image\/jpeg\" \/>\n<meta name=\"author\" content=\"Nacho Corro\" \/>\n<meta name=\"twitter:card\" content=\"summary_large_image\" \/>\n<meta name=\"twitter:creator\" content=\"@Juan Ignacio Corro Herrera\" \/>\n<meta name=\"twitter:site\" content=\"@252COMS\" \/>\n<meta name=\"twitter:label1\" content=\"Escrito por\" \/>\n\t<meta name=\"twitter:data1\" content=\"Nacho Corro\" \/>\n\t<meta name=\"twitter:label2\" content=\"Tiempo de lectura\" \/>\n\t<meta name=\"twitter:data2\" content=\"4 minutos\" \/>\n<script type=\"application\/ld+json\" class=\"yoast-schema-graph\">{\"@context\":\"https:\\\/\\\/schema.org\",\"@graph\":[{\"@type\":\"Article\",\"@id\":\"https:\\\/\\\/agencia.252.com.mx\\\/home\\\/aumentan-ordenes-de-aprehension-y-judicializacion-en-delitos-de-alto-impacto-en-la-cdmx-en-lo-que-va-de-2026\\\/#article\",\"isPartOf\":{\"@id\":\"https:\\\/\\\/agencia.252.com.mx\\\/home\\\/aumentan-ordenes-de-aprehension-y-judicializacion-en-delitos-de-alto-impacto-en-la-cdmx-en-lo-que-va-de-2026\\\/\"},\"author\":{\"name\":\"Nacho Corro\",\"@id\":\"https:\\\/\\\/agencia.252.com.mx\\\/home\\\/#\\\/schema\\\/person\\\/6b972021e9a92d45ade8c78d81509098\"},\"headline\":\"Aumentan \u00f3rdenes de aprehensi\u00f3n y judicializaci\u00f3n en delitos de alto impacto en la CDMX en lo que va de 2026\",\"datePublished\":\"2026-03-06T17:37:09+00:00\",\"dateModified\":\"2026-03-06T17:37:10+00:00\",\"mainEntityOfPage\":{\"@id\":\"https:\\\/\\\/agencia.252.com.mx\\\/home\\\/aumentan-ordenes-de-aprehension-y-judicializacion-en-delitos-de-alto-impacto-en-la-cdmx-en-lo-que-va-de-2026\\\/\"},\"wordCount\":868,\"commentCount\":0,\"publisher\":{\"@id\":\"https:\\\/\\\/agencia.252.com.mx\\\/home\\\/#organization\"},\"image\":{\"@id\":\"https:\\\/\\\/agencia.252.com.mx\\\/home\\\/aumentan-ordenes-de-aprehension-y-judicializacion-en-delitos-de-alto-impacto-en-la-cdmx-en-lo-que-va-de-2026\\\/#primaryimage\"},\"thumbnailUrl\":\"https:\\\/\\\/agencia.252.com.mx\\\/wp-content\\\/uploads\\\/2026\\\/03\\\/69aa26ad0276e171139974-scaled.jpeg\",\"keywords\":[\"CDMX\"],\"articleSection\":[\"CDMX\",\"Metropoli\",\"Seguridad\"],\"inLanguage\":\"es\",\"potentialAction\":[{\"@type\":\"CommentAction\",\"name\":\"Comment\",\"target\":[\"https:\\\/\\\/agencia.252.com.mx\\\/home\\\/aumentan-ordenes-de-aprehension-y-judicializacion-en-delitos-de-alto-impacto-en-la-cdmx-en-lo-que-va-de-2026\\\/#respond\"]}]},{\"@type\":\"WebPage\",\"@id\":\"https:\\\/\\\/agencia.252.com.mx\\\/home\\\/aumentan-ordenes-de-aprehension-y-judicializacion-en-delitos-de-alto-impacto-en-la-cdmx-en-lo-que-va-de-2026\\\/\",\"url\":\"https:\\\/\\\/agencia.252.com.mx\\\/home\\\/aumentan-ordenes-de-aprehension-y-judicializacion-en-delitos-de-alto-impacto-en-la-cdmx-en-lo-que-va-de-2026\\\/\",\"name\":\"Aumentan \u00f3rdenes de aprehensi\u00f3n y judicializaci\u00f3n en delitos de alto impacto en la CDMX en lo que va de 2026 - Agencia252\",\"isPartOf\":{\"@id\":\"https:\\\/\\\/agencia.252.com.mx\\\/home\\\/#website\"},\"primaryImageOfPage\":{\"@id\":\"https:\\\/\\\/agencia.252.com.mx\\\/home\\\/aumentan-ordenes-de-aprehension-y-judicializacion-en-delitos-de-alto-impacto-en-la-cdmx-en-lo-que-va-de-2026\\\/#primaryimage\"},\"image\":{\"@id\":\"https:\\\/\\\/agencia.252.com.mx\\\/home\\\/aumentan-ordenes-de-aprehension-y-judicializacion-en-delitos-de-alto-impacto-en-la-cdmx-en-lo-que-va-de-2026\\\/#primaryimage\"},\"thumbnailUrl\":\"https:\\\/\\\/agencia.252.com.mx\\\/wp-content\\\/uploads\\\/2026\\\/03\\\/69aa26ad0276e171139974-scaled.jpeg\",\"datePublished\":\"2026-03-06T17:37:09+00:00\",\"dateModified\":\"2026-03-06T17:37:10+00:00\",\"breadcrumb\":{\"@id\":\"https:\\\/\\\/agencia.252.com.mx\\\/home\\\/aumentan-ordenes-de-aprehension-y-judicializacion-en-delitos-de-alto-impacto-en-la-cdmx-en-lo-que-va-de-2026\\\/#breadcrumb\"},\"inLanguage\":\"es\",\"potentialAction\":[{\"@type\":\"ReadAction\",\"target\":[\"https:\\\/\\\/agencia.252.com.mx\\\/home\\\/aumentan-ordenes-de-aprehension-y-judicializacion-en-delitos-de-alto-impacto-en-la-cdmx-en-lo-que-va-de-2026\\\/\"]}]},{\"@type\":\"ImageObject\",\"inLanguage\":\"es\",\"@id\":\"https:\\\/\\\/agencia.252.com.mx\\\/home\\\/aumentan-ordenes-de-aprehension-y-judicializacion-en-delitos-de-alto-impacto-en-la-cdmx-en-lo-que-va-de-2026\\\/#primaryimage\",\"url\":\"https:\\\/\\\/agencia.252.com.mx\\\/wp-content\\\/uploads\\\/2026\\\/03\\\/69aa26ad0276e171139974-scaled.jpeg\",\"contentUrl\":\"https:\\\/\\\/agencia.252.com.mx\\\/wp-content\\\/uploads\\\/2026\\\/03\\\/69aa26ad0276e171139974-scaled.jpeg\",\"width\":2560,\"height\":1440},{\"@type\":\"BreadcrumbList\",\"@id\":\"https:\\\/\\\/agencia.252.com.mx\\\/home\\\/aumentan-ordenes-de-aprehension-y-judicializacion-en-delitos-de-alto-impacto-en-la-cdmx-en-lo-que-va-de-2026\\\/#breadcrumb\",\"itemListElement\":[{\"@type\":\"ListItem\",\"position\":1,\"name\":\"Portada\",\"item\":\"https:\\\/\\\/agencia.252.com.mx\\\/home\\\/\"},{\"@type\":\"ListItem\",\"position\":2,\"name\":\"Aumentan \u00f3rdenes de aprehensi\u00f3n y judicializaci\u00f3n en delitos de alto impacto en la CDMX en lo que va de 2026\"}]},{\"@type\":\"WebSite\",\"@id\":\"https:\\\/\\\/agencia.252.com.mx\\\/home\\\/#website\",\"url\":\"https:\\\/\\\/agencia.252.com.mx\\\/home\\\/\",\"name\":\"Agencia252\",\"description\":\"Tu espacio en la Red\",\"publisher\":{\"@id\":\"https:\\\/\\\/agencia.252.com.mx\\\/home\\\/#organization\"},\"potentialAction\":[{\"@type\":\"SearchAction\",\"target\":{\"@type\":\"EntryPoint\",\"urlTemplate\":\"https:\\\/\\\/agencia.252.com.mx\\\/home\\\/?s={search_term_string}\"},\"query-input\":{\"@type\":\"PropertyValueSpecification\",\"valueRequired\":true,\"valueName\":\"search_term_string\"}}],\"inLanguage\":\"es\"},{\"@type\":\"Organization\",\"@id\":\"https:\\\/\\\/agencia.252.com.mx\\\/home\\\/#organization\",\"name\":\"Agencia252\",\"url\":\"https:\\\/\\\/agencia.252.com.mx\\\/home\\\/\",\"logo\":{\"@type\":\"ImageObject\",\"inLanguage\":\"es\",\"@id\":\"https:\\\/\\\/agencia.252.com.mx\\\/home\\\/#\\\/schema\\\/logo\\\/image\\\/\",\"url\":\"https:\\\/\\\/agencia.252.com.mx\\\/wp-content\\\/uploads\\\/2023\\\/02\\\/cropped-ciruclo-agencia-e1677562404136.png\",\"contentUrl\":\"https:\\\/\\\/agencia.252.com.mx\\\/wp-content\\\/uploads\\\/2023\\\/02\\\/cropped-ciruclo-agencia-e1677562404136.png\",\"width\":512,\"height\":512,\"caption\":\"Agencia252\"},\"image\":{\"@id\":\"https:\\\/\\\/agencia.252.com.mx\\\/home\\\/#\\\/schema\\\/logo\\\/image\\\/\"},\"sameAs\":[\"https:\\\/\\\/www.facebook.com\\\/252Comunicacion\\\/\",\"https:\\\/\\\/x.com\\\/252COMS\"]},{\"@type\":\"Person\",\"@id\":\"https:\\\/\\\/agencia.252.com.mx\\\/home\\\/#\\\/schema\\\/person\\\/6b972021e9a92d45ade8c78d81509098\",\"name\":\"Nacho Corro\",\"image\":{\"@type\":\"ImageObject\",\"inLanguage\":\"es\",\"@id\":\"https:\\\/\\\/secure.gravatar.com\\\/avatar\\\/5db6df507cfe1307e192fbb498c6b85f1cf2ffd8b4cd37141b9eea588fcbd5a4?s=96&r=g\",\"url\":\"https:\\\/\\\/secure.gravatar.com\\\/avatar\\\/5db6df507cfe1307e192fbb498c6b85f1cf2ffd8b4cd37141b9eea588fcbd5a4?s=96&r=g\",\"contentUrl\":\"https:\\\/\\\/secure.gravatar.com\\\/avatar\\\/5db6df507cfe1307e192fbb498c6b85f1cf2ffd8b4cd37141b9eea588fcbd5a4?s=96&r=g\",\"caption\":\"Nacho Corro\"},\"description\":\"Comunicador Social, Periodista y Administraci\u00f3n P\u00fablica. Conversador pol\u00edtico, temas electorales y seguridad. Generador de contenidos digitales. Amante de la fotograf\u00eda\",\"sameAs\":[\"https:\\\/\\\/www.facebook.com\\\/jcorroherrera\\\/\",\"www.instagram.com\\\/nachocorro\\\/\",\"https:\\\/\\\/x.com\\\/Juan Ignacio Corro Herrera\"],\"url\":\"https:\\\/\\\/agencia.252.com.mx\\\/home\\\/author\\\/i-corro\\\/\"}]}<\/script>\n<!-- \/ Yoast SEO plugin. -->","yoast_head_json":{"title":"Aumentan \u00f3rdenes de aprehensi\u00f3n y judicializaci\u00f3n en delitos de alto impacto en la CDMX en lo que va de 2026 - Agencia252","robots":{"index":"index","follow":"follow","max-snippet":"max-snippet:-1","max-image-preview":"max-image-preview:large","max-video-preview":"max-video-preview:-1"},"canonical":"https:\/\/agencia.252.com.mx\/home\/aumentan-ordenes-de-aprehension-y-judicializacion-en-delitos-de-alto-impacto-en-la-cdmx-en-lo-que-va-de-2026\/","og_locale":"es_ES","og_type":"article","og_title":"Aumentan \u00f3rdenes de aprehensi\u00f3n y judicializaci\u00f3n en delitos de alto impacto en la CDMX en lo que va de 2026 - Agencia252","og_description":"Visitas: 42 Juan Ignacio Corro Ciudad de M\u00e9xico, a 6 de marzo de 2026 Durante los primeros dos meses de 2026 se registr\u00f3 un aumento de 11% en las \u00f3rdenes de aprehensi\u00f3n ejecutadas y en las judicializaciones por delitos de alto impacto, en comparaci\u00f3n con el mismo periodo de 2025, inform\u00f3 la titular de la [&hellip;]","og_url":"https:\/\/agencia.252.com.mx\/home\/aumentan-ordenes-de-aprehension-y-judicializacion-en-delitos-de-alto-impacto-en-la-cdmx-en-lo-que-va-de-2026\/","og_site_name":"Agencia252","article_publisher":"https:\/\/www.facebook.com\/252Comunicacion\/","article_author":"https:\/\/www.facebook.com\/jcorroherrera\/","article_published_time":"2026-03-06T17:37:09+00:00","article_modified_time":"2026-03-06T17:37:10+00:00","og_image":[{"width":2560,"height":1440,"url":"http:\/\/agencia.252.com.mx\/wp-content\/uploads\/2026\/03\/69aa26ad0276e171139974-scaled.jpeg","type":"image\/jpeg"}],"author":"Nacho Corro","twitter_card":"summary_large_image","twitter_creator":"@Juan Ignacio Corro Herrera","twitter_site":"@252COMS","twitter_misc":{"Escrito por":"Nacho Corro","Tiempo de lectura":"4 minutos"},"schema":{"@context":"https:\/\/schema.org","@graph":[{"@type":"Article","@id":"https:\/\/agencia.252.com.mx\/home\/aumentan-ordenes-de-aprehension-y-judicializacion-en-delitos-de-alto-impacto-en-la-cdmx-en-lo-que-va-de-2026\/#article","isPartOf":{"@id":"https:\/\/agencia.252.com.mx\/home\/aumentan-ordenes-de-aprehension-y-judicializacion-en-delitos-de-alto-impacto-en-la-cdmx-en-lo-que-va-de-2026\/"},"author":{"name":"Nacho Corro","@id":"https:\/\/agencia.252.com.mx\/home\/#\/schema\/person\/6b972021e9a92d45ade8c78d81509098"},"headline":"Aumentan \u00f3rdenes de aprehensi\u00f3n y judicializaci\u00f3n en delitos de alto impacto en la CDMX en lo que va de 2026","datePublished":"2026-03-06T17:37:09+00:00","dateModified":"2026-03-06T17:37:10+00:00","mainEntityOfPage":{"@id":"https:\/\/agencia.252.com.mx\/home\/aumentan-ordenes-de-aprehension-y-judicializacion-en-delitos-de-alto-impacto-en-la-cdmx-en-lo-que-va-de-2026\/"},"wordCount":868,"commentCount":0,"publisher":{"@id":"https:\/\/agencia.252.com.mx\/home\/#organization"},"image":{"@id":"https:\/\/agencia.252.com.mx\/home\/aumentan-ordenes-de-aprehension-y-judicializacion-en-delitos-de-alto-impacto-en-la-cdmx-en-lo-que-va-de-2026\/#primaryimage"},"thumbnailUrl":"https:\/\/agencia.252.com.mx\/wp-content\/uploads\/2026\/03\/69aa26ad0276e171139974-scaled.jpeg","keywords":["CDMX"],"articleSection":["CDMX","Metropoli","Seguridad"],"inLanguage":"es","potentialAction":[{"@type":"CommentAction","name":"Comment","target":["https:\/\/agencia.252.com.mx\/home\/aumentan-ordenes-de-aprehension-y-judicializacion-en-delitos-de-alto-impacto-en-la-cdmx-en-lo-que-va-de-2026\/#respond"]}]},{"@type":"WebPage","@id":"https:\/\/agencia.252.com.mx\/home\/aumentan-ordenes-de-aprehension-y-judicializacion-en-delitos-de-alto-impacto-en-la-cdmx-en-lo-que-va-de-2026\/","url":"https:\/\/agencia.252.com.mx\/home\/aumentan-ordenes-de-aprehension-y-judicializacion-en-delitos-de-alto-impacto-en-la-cdmx-en-lo-que-va-de-2026\/","name":"Aumentan \u00f3rdenes de aprehensi\u00f3n y judicializaci\u00f3n en delitos de alto impacto en la CDMX en lo que va de 2026 - Agencia252","isPartOf":{"@id":"https:\/\/agencia.252.com.mx\/home\/#website"},"primaryImageOfPage":{"@id":"https:\/\/agencia.252.com.mx\/home\/aumentan-ordenes-de-aprehension-y-judicializacion-en-delitos-de-alto-impacto-en-la-cdmx-en-lo-que-va-de-2026\/#primaryimage"},"image":{"@id":"https:\/\/agencia.252.com.mx\/home\/aumentan-ordenes-de-aprehension-y-judicializacion-en-delitos-de-alto-impacto-en-la-cdmx-en-lo-que-va-de-2026\/#primaryimage"},"thumbnailUrl":"https:\/\/agencia.252.com.mx\/wp-content\/uploads\/2026\/03\/69aa26ad0276e171139974-scaled.jpeg","datePublished":"2026-03-06T17:37:09+00:00","dateModified":"2026-03-06T17:37:10+00:00","breadcrumb":{"@id":"https:\/\/agencia.252.com.mx\/home\/aumentan-ordenes-de-aprehension-y-judicializacion-en-delitos-de-alto-impacto-en-la-cdmx-en-lo-que-va-de-2026\/#breadcrumb"},"inLanguage":"es","potentialAction":[{"@type":"ReadAction","target":["https:\/\/agencia.252.com.mx\/home\/aumentan-ordenes-de-aprehension-y-judicializacion-en-delitos-de-alto-impacto-en-la-cdmx-en-lo-que-va-de-2026\/"]}]},{"@type":"ImageObject","inLanguage":"es","@id":"https:\/\/agencia.252.com.mx\/home\/aumentan-ordenes-de-aprehension-y-judicializacion-en-delitos-de-alto-impacto-en-la-cdmx-en-lo-que-va-de-2026\/#primaryimage","url":"https:\/\/agencia.252.com.mx\/wp-content\/uploads\/2026\/03\/69aa26ad0276e171139974-scaled.jpeg","contentUrl":"https:\/\/agencia.252.com.mx\/wp-content\/uploads\/2026\/03\/69aa26ad0276e171139974-scaled.jpeg","width":2560,"height":1440},{"@type":"BreadcrumbList","@id":"https:\/\/agencia.252.com.mx\/home\/aumentan-ordenes-de-aprehension-y-judicializacion-en-delitos-de-alto-impacto-en-la-cdmx-en-lo-que-va-de-2026\/#breadcrumb","itemListElement":[{"@type":"ListItem","position":1,"name":"Portada","item":"https:\/\/agencia.252.com.mx\/home\/"},{"@type":"ListItem","position":2,"name":"Aumentan \u00f3rdenes de aprehensi\u00f3n y judicializaci\u00f3n en delitos de alto impacto en la CDMX en lo que va de 2026"}]},{"@type":"WebSite","@id":"https:\/\/agencia.252.com.mx\/home\/#website","url":"https:\/\/agencia.252.com.mx\/home\/","name":"Agencia252","description":"Tu espacio en la Red","publisher":{"@id":"https:\/\/agencia.252.com.mx\/home\/#organization"},"potentialAction":[{"@type":"SearchAction","target":{"@type":"EntryPoint","urlTemplate":"https:\/\/agencia.252.com.mx\/home\/?s={search_term_string}"},"query-input":{"@type":"PropertyValueSpecification","valueRequired":true,"valueName":"search_term_string"}}],"inLanguage":"es"},{"@type":"Organization","@id":"https:\/\/agencia.252.com.mx\/home\/#organization","name":"Agencia252","url":"https:\/\/agencia.252.com.mx\/home\/","logo":{"@type":"ImageObject","inLanguage":"es","@id":"https:\/\/agencia.252.com.mx\/home\/#\/schema\/logo\/image\/","url":"https:\/\/agencia.252.com.mx\/wp-content\/uploads\/2023\/02\/cropped-ciruclo-agencia-e1677562404136.png","contentUrl":"https:\/\/agencia.252.com.mx\/wp-content\/uploads\/2023\/02\/cropped-ciruclo-agencia-e1677562404136.png","width":512,"height":512,"caption":"Agencia252"},"image":{"@id":"https:\/\/agencia.252.com.mx\/home\/#\/schema\/logo\/image\/"},"sameAs":["https:\/\/www.facebook.com\/252Comunicacion\/","https:\/\/x.com\/252COMS"]},{"@type":"Person","@id":"https:\/\/agencia.252.com.mx\/home\/#\/schema\/person\/6b972021e9a92d45ade8c78d81509098","name":"Nacho Corro","image":{"@type":"ImageObject","inLanguage":"es","@id":"https:\/\/secure.gravatar.com\/avatar\/5db6df507cfe1307e192fbb498c6b85f1cf2ffd8b4cd37141b9eea588fcbd5a4?s=96&r=g","url":"https:\/\/secure.gravatar.com\/avatar\/5db6df507cfe1307e192fbb498c6b85f1cf2ffd8b4cd37141b9eea588fcbd5a4?s=96&r=g","contentUrl":"https:\/\/secure.gravatar.com\/avatar\/5db6df507cfe1307e192fbb498c6b85f1cf2ffd8b4cd37141b9eea588fcbd5a4?s=96&r=g","caption":"Nacho Corro"},"description":"Comunicador Social, Periodista y Administraci\u00f3n P\u00fablica. Conversador pol\u00edtico, temas electorales y seguridad. Generador de contenidos digitales. Amante de la fotograf\u00eda","sameAs":["https:\/\/www.facebook.com\/jcorroherrera\/","www.instagram.com\/nachocorro\/","https:\/\/x.com\/Juan Ignacio Corro Herrera"],"url":"https:\/\/agencia.252.com.mx\/home\/author\/i-corro\/"}]}},"_links":{"self":[{"href":"https:\/\/agencia.252.com.mx\/home\/wp-json\/wp\/v2\/posts\/16642","targetHints":{"allow":["GET"]}}],"collection":[{"href":"https:\/\/agencia.252.com.mx\/home\/wp-json\/wp\/v2\/posts"}],"about":[{"href":"https:\/\/agencia.252.com.mx\/home\/wp-json\/wp\/v2\/types\/post"}],"author":[{"embeddable":true,"href":"https:\/\/agencia.252.com.mx\/home\/wp-json\/wp\/v2\/users\/5"}],"replies":[{"embeddable":true,"href":"https:\/\/agencia.252.com.mx\/home\/wp-json\/wp\/v2\/comments?post=16642"}],"version-history":[{"count":1,"href":"https:\/\/agencia.252.com.mx\/home\/wp-json\/wp\/v2\/posts\/16642\/revisions"}],"predecessor-version":[{"id":16645,"href":"https:\/\/agencia.252.com.mx\/home\/wp-json\/wp\/v2\/posts\/16642\/revisions\/16645"}],"wp:featuredmedia":[{"embeddable":true,"href":"https:\/\/agencia.252.com.mx\/home\/wp-json\/wp\/v2\/media\/16643"}],"wp:attachment":[{"href":"https:\/\/agencia.252.com.mx\/home\/wp-json\/wp\/v2\/media?parent=16642"}],"wp:term":[{"taxonomy":"category","embeddable":true,"href":"https:\/\/agencia.252.com.mx\/home\/wp-json\/wp\/v2\/categories?post=16642"},{"taxonomy":"post_tag","embeddable":true,"href":"https:\/\/agencia.252.com.mx\/home\/wp-json\/wp\/v2\/tags?post=16642"}],"curies":[{"name":"wp","href":"https:\/\/api.w.org\/{rel}","templated":true}]}}