{"id":16639,"date":"2026-03-06T11:24:42","date_gmt":"2026-03-06T17:24:42","guid":{"rendered":"https:\/\/agencia.252.com.mx\/home\/?p=16639"},"modified":"2026-03-06T15:52:20","modified_gmt":"2026-03-06T21:52:20","slug":"te-han-cobrado-el-servicio-en-los-restaurantes-del-zocalo-van-vs-abusos-en-propinas-y-otros-cargos","status":"publish","type":"post","link":"https:\/\/agencia.252.com.mx\/home\/te-han-cobrado-el-servicio-en-los-restaurantes-del-zocalo-van-vs-abusos-en-propinas-y-otros-cargos\/","title":{"rendered":"\u00bfTe han cobrado el \u201cservicio\u201d en los restaurantes del Z\u00f3calo? Van vs abusos en propinas y otros cargos\u00a0"},"content":{"rendered":"<p>Visitas: 19<\/p>\n<ul class=\"wp-block-list\">\n<li><em>PAN pide a Profeco inspecciones en restaurantes del Z\u00f3calo en las cuentas<\/em><\/li>\n<\/ul>\n\n\n\n<p><em>Juan Ignacio Corro&nbsp;<\/em><\/p>\n\n\n\n<p class=\"has-text-align-right\">Ciudad de M\u00e9xico, a 6 de marzode 2025<\/p>\n\n\n\n<p>La Diputada local del PAN, Laura \u00c1lvarez Soto, pidi\u00f3 a la Procuradur\u00eda Federal del Consumidor (PROFECO) realizar visitas de inspecci\u00f3n permanentes en restaurantes del Z\u00f3calo capitalino, ante denuncias ciudadanas por cobros excesivos y pr\u00e1cticas abusivas contra consumidores.<\/p>\n\n\n\n<p>\u00c1lvarez Soto se\u00f1al\u00f3 que, si bien Acci\u00f3n Nacional respalda al sector productivo y reconoce la importancia de la actividad tur\u00edstica en el Centro Hist\u00f3rico, no se pueden permitir abusos que da\u00f1en a los consumidores ni que afecten la imagen de la Ciudad de M\u00e9xico, especialmente rumbo a eventos internacionales como el Mundial de Futbol 2026.<\/p>\n\n\n\n<p>\u201cEn redes sociales han comenzado a circular quejas de consumidores que denuncian cargos indebidos en restaurantes del primer cuadro de la ciudad, particularmente en establecimientos con vista al Z\u00f3calo, donde incluso se est\u00e1 agregando hasta un 20 por ciento extra bajo conceptos como \u2018vista tur\u00edstica\u2019 o cargos no informados previamente\u201d, explic\u00f3.<\/p>\n\n\n\n<p>La legisladora advirti\u00f3 que este tipo de pr\u00e1cticas da\u00f1an la confianza de los visitantes nacionales e internacionales, adem\u00e1s de afectar a los propios comerciantes que s\u00ed cumplen con la ley.<\/p>\n\n\n\n<p>\u201cQueremos una ciudad abierta al turismo, con restaurantes exitosos y competitivos, pero tambi\u00e9n con reglas claras y respeto a los derechos de los consumidores. Nadie debe pagar cargos ocultos o abusivos\u201d, afirm\u00f3.<\/p>\n\n\n\n<p>Por ello, hizo un llamado a la PROFECO para que realice verificaciones peri\u00f3dicas, revise men\u00fas, precios exhibidos y pr\u00e1cticas de cobro, con el objetivo de garantizar transparencia en las cuentas y evitar abusos por parte de establecimientos o personal de servicio.<\/p>\n\n\n\n<p>\u201cLa Ciudad de M\u00e9xico debe recibir al mundo con lo mejor que tenemos: hospitalidad, calidad y legalidad. No podemos permitir que unos cuantos quieran aprovecharse de los visitantes o de los propios capitalinos\u201d, concluy\u00f3.<\/p>\n","protected":false},"excerpt":{"rendered":"<p>Visitas: 19 Juan Ignacio Corro&nbsp; Ciudad de M\u00e9xico, a 6 de marzode 2025 La Diputada local del PAN, Laura \u00c1lvarez Soto, pidi\u00f3 a la Procuradur\u00eda Federal del Consumidor (PROFECO) realizar visitas de inspecci\u00f3n permanentes en restaurantes del Z\u00f3calo capitalino, ante denuncias ciudadanas por cobros excesivos y pr\u00e1cticas abusivas contra consumidores. \u00c1lvarez Soto se\u00f1al\u00f3 que, si [&hellip;]<\/p>\n","protected":false},"author":5,"featured_media":16640,"comment_status":"open","ping_status":"open","sticky":false,"template":"","format":"standard","meta":{"site-sidebar-layout":"default","site-content-layout":"","ast-site-content-layout":"default","site-content-style":"default","site-sidebar-style":"default","ast-global-header-display":"","ast-banner-title-visibility":"","ast-main-header-display":"","ast-hfb-above-header-display":"","ast-hfb-below-header-display":"","ast-hfb-mobile-header-display":"","site-post-title":"","ast-breadcrumbs-content":"","ast-featured-img":"","footer-sml-layout":"","ast-disable-related-posts":"","theme-transparent-header-meta":"","adv-header-id-meta":"","stick-header-meta":"","header-above-stick-meta":"","header-main-stick-meta":"","header-below-stick-meta":"","astra-migrate-meta-layouts":"set","ast-page-background-enabled":"default","ast-page-background-meta":{"desktop":{"background-color":"var(--ast-global-color-4)","background-image":"","background-repeat":"repeat","background-position":"center center","background-size":"auto","background-attachment":"scroll","background-type":"","background-media":"","overlay-type":"","overlay-color":"","overlay-opacity":"","overlay-gradient":""},"tablet":{"background-color":"","background-image":"","background-repeat":"repeat","background-position":"center center","background-size":"auto","background-attachment":"scroll","background-type":"","background-media":"","overlay-type":"","overlay-color":"","overlay-opacity":"","overlay-gradient":""},"mobile":{"background-color":"","background-image":"","background-repeat":"repeat","background-position":"center center","background-size":"auto","background-attachment":"scroll","background-type":"","background-media":"","overlay-type":"","overlay-color":"","overlay-opacity":"","overlay-gradient":""}},"ast-content-background-meta":{"desktop":{"background-color":"var(--ast-global-color-5)","background-image":"","background-repeat":"repeat","background-position":"center center","background-size":"auto","background-attachment":"scroll","background-type":"","background-media":"","overlay-type":"","overlay-color":"","overlay-opacity":"","overlay-gradient":""},"tablet":{"background-color":"var(--ast-global-color-5)","background-image":"","background-repeat":"repeat","background-position":"center center","background-size":"auto","background-attachment":"scroll","background-type":"","background-media":"","overlay-type":"","overlay-color":"","overlay-opacity":"","overlay-gradient":""},"mobile":{"background-color":"var(--ast-global-color-5)","background-image":"","background-repeat":"repeat","background-position":"center center","background-size":"auto","background-attachment":"scroll","background-type":"","background-media":"","overlay-type":"","overlay-color":"","overlay-opacity":"","overlay-gradient":""}},"footnotes":""},"categories":[69,136,68],"tags":[535],"class_list":["post-16639","post","type-post","status-publish","format-standard","has-post-thumbnail","hentry","category-cdmx","category-corrupcion","category-seguridad","tag-cdmx"],"yoast_head":"<!-- This site is optimized with the Yoast SEO plugin v27.4 - https:\/\/yoast.com\/product\/yoast-seo-wordpress\/ -->\n<title>\u00bfTe han cobrado el \u201cservicio\u201d en los restaurantes del Z\u00f3calo? Van vs abusos en propinas y otros cargos\u00a0 - Agencia252<\/title>\n<meta name=\"robots\" content=\"index, follow, max-snippet:-1, max-image-preview:large, max-video-preview:-1\" \/>\n<link rel=\"canonical\" href=\"https:\/\/agencia.252.com.mx\/home\/te-han-cobrado-el-servicio-en-los-restaurantes-del-zocalo-van-vs-abusos-en-propinas-y-otros-cargos\/\" \/>\n<meta property=\"og:locale\" content=\"es_ES\" \/>\n<meta property=\"og:type\" content=\"article\" \/>\n<meta property=\"og:title\" content=\"\u00bfTe han cobrado el \u201cservicio\u201d en los restaurantes del Z\u00f3calo? Van vs abusos en propinas y otros cargos\u00a0 - Agencia252\" \/>\n<meta property=\"og:description\" content=\"Visitas: 19 Juan Ignacio Corro&nbsp; Ciudad de M\u00e9xico, a 6 de marzode 2025 La Diputada local del PAN, Laura \u00c1lvarez Soto, pidi\u00f3 a la Procuradur\u00eda Federal del Consumidor (PROFECO) realizar visitas de inspecci\u00f3n permanentes en restaurantes del Z\u00f3calo capitalino, ante denuncias ciudadanas por cobros excesivos y pr\u00e1cticas abusivas contra consumidores. \u00c1lvarez Soto se\u00f1al\u00f3 que, si [&hellip;]\" \/>\n<meta property=\"og:url\" content=\"https:\/\/agencia.252.com.mx\/home\/te-han-cobrado-el-servicio-en-los-restaurantes-del-zocalo-van-vs-abusos-en-propinas-y-otros-cargos\/\" \/>\n<meta property=\"og:site_name\" content=\"Agencia252\" \/>\n<meta property=\"article:publisher\" content=\"https:\/\/www.facebook.com\/252Comunicacion\/\" \/>\n<meta property=\"article:author\" content=\"https:\/\/www.facebook.com\/jcorroherrera\/\" \/>\n<meta property=\"article:published_time\" content=\"2026-03-06T17:24:42+00:00\" \/>\n<meta property=\"article:modified_time\" content=\"2026-03-06T21:52:20+00:00\" \/>\n<meta property=\"og:image\" content=\"http:\/\/agencia.252.com.mx\/wp-content\/uploads\/2026\/03\/WhatsApp-Image-2026-03-06-at-11.18.20-AM.jpeg\" \/>\n\t<meta property=\"og:image:width\" content=\"1600\" \/>\n\t<meta property=\"og:image:height\" content=\"1066\" \/>\n\t<meta property=\"og:image:type\" content=\"image\/jpeg\" \/>\n<meta name=\"author\" content=\"Nacho Corro\" \/>\n<meta name=\"twitter:card\" content=\"summary_large_image\" \/>\n<meta name=\"twitter:creator\" content=\"@Juan Ignacio Corro Herrera\" \/>\n<meta name=\"twitter:site\" content=\"@252COMS\" \/>\n<meta name=\"twitter:label1\" content=\"Escrito por\" \/>\n\t<meta name=\"twitter:data1\" content=\"Nacho Corro\" \/>\n\t<meta name=\"twitter:label2\" content=\"Tiempo de lectura\" \/>\n\t<meta name=\"twitter:data2\" content=\"2 minutos\" \/>\n<script type=\"application\/ld+json\" class=\"yoast-schema-graph\">{\"@context\":\"https:\\\/\\\/schema.org\",\"@graph\":[{\"@type\":\"Article\",\"@id\":\"https:\\\/\\\/agencia.252.com.mx\\\/home\\\/te-han-cobrado-el-servicio-en-los-restaurantes-del-zocalo-van-vs-abusos-en-propinas-y-otros-cargos\\\/#article\",\"isPartOf\":{\"@id\":\"https:\\\/\\\/agencia.252.com.mx\\\/home\\\/te-han-cobrado-el-servicio-en-los-restaurantes-del-zocalo-van-vs-abusos-en-propinas-y-otros-cargos\\\/\"},\"author\":{\"name\":\"Nacho Corro\",\"@id\":\"https:\\\/\\\/agencia.252.com.mx\\\/home\\\/#\\\/schema\\\/person\\\/6b972021e9a92d45ade8c78d81509098\"},\"headline\":\"\u00bfTe han cobrado el \u201cservicio\u201d en los restaurantes del Z\u00f3calo? Van vs abusos en propinas y otros cargos\u00a0\",\"datePublished\":\"2026-03-06T17:24:42+00:00\",\"dateModified\":\"2026-03-06T21:52:20+00:00\",\"mainEntityOfPage\":{\"@id\":\"https:\\\/\\\/agencia.252.com.mx\\\/home\\\/te-han-cobrado-el-servicio-en-los-restaurantes-del-zocalo-van-vs-abusos-en-propinas-y-otros-cargos\\\/\"},\"wordCount\":341,\"commentCount\":0,\"publisher\":{\"@id\":\"https:\\\/\\\/agencia.252.com.mx\\\/home\\\/#organization\"},\"image\":{\"@id\":\"https:\\\/\\\/agencia.252.com.mx\\\/home\\\/te-han-cobrado-el-servicio-en-los-restaurantes-del-zocalo-van-vs-abusos-en-propinas-y-otros-cargos\\\/#primaryimage\"},\"thumbnailUrl\":\"https:\\\/\\\/agencia.252.com.mx\\\/wp-content\\\/uploads\\\/2026\\\/03\\\/WhatsApp-Image-2026-03-06-at-11.18.20-AM.jpeg\",\"keywords\":[\"CDMX\"],\"articleSection\":[\"CDMX\",\"corrupci\u00f3n\",\"Seguridad\"],\"inLanguage\":\"es\",\"potentialAction\":[{\"@type\":\"CommentAction\",\"name\":\"Comment\",\"target\":[\"https:\\\/\\\/agencia.252.com.mx\\\/home\\\/te-han-cobrado-el-servicio-en-los-restaurantes-del-zocalo-van-vs-abusos-en-propinas-y-otros-cargos\\\/#respond\"]}]},{\"@type\":\"WebPage\",\"@id\":\"https:\\\/\\\/agencia.252.com.mx\\\/home\\\/te-han-cobrado-el-servicio-en-los-restaurantes-del-zocalo-van-vs-abusos-en-propinas-y-otros-cargos\\\/\",\"url\":\"https:\\\/\\\/agencia.252.com.mx\\\/home\\\/te-han-cobrado-el-servicio-en-los-restaurantes-del-zocalo-van-vs-abusos-en-propinas-y-otros-cargos\\\/\",\"name\":\"\u00bfTe han cobrado el \u201cservicio\u201d en los restaurantes del Z\u00f3calo? Van vs abusos en propinas y otros cargos\u00a0 - Agencia252\",\"isPartOf\":{\"@id\":\"https:\\\/\\\/agencia.252.com.mx\\\/home\\\/#website\"},\"primaryImageOfPage\":{\"@id\":\"https:\\\/\\\/agencia.252.com.mx\\\/home\\\/te-han-cobrado-el-servicio-en-los-restaurantes-del-zocalo-van-vs-abusos-en-propinas-y-otros-cargos\\\/#primaryimage\"},\"image\":{\"@id\":\"https:\\\/\\\/agencia.252.com.mx\\\/home\\\/te-han-cobrado-el-servicio-en-los-restaurantes-del-zocalo-van-vs-abusos-en-propinas-y-otros-cargos\\\/#primaryimage\"},\"thumbnailUrl\":\"https:\\\/\\\/agencia.252.com.mx\\\/wp-content\\\/uploads\\\/2026\\\/03\\\/WhatsApp-Image-2026-03-06-at-11.18.20-AM.jpeg\",\"datePublished\":\"2026-03-06T17:24:42+00:00\",\"dateModified\":\"2026-03-06T21:52:20+00:00\",\"breadcrumb\":{\"@id\":\"https:\\\/\\\/agencia.252.com.mx\\\/home\\\/te-han-cobrado-el-servicio-en-los-restaurantes-del-zocalo-van-vs-abusos-en-propinas-y-otros-cargos\\\/#breadcrumb\"},\"inLanguage\":\"es\",\"potentialAction\":[{\"@type\":\"ReadAction\",\"target\":[\"https:\\\/\\\/agencia.252.com.mx\\\/home\\\/te-han-cobrado-el-servicio-en-los-restaurantes-del-zocalo-van-vs-abusos-en-propinas-y-otros-cargos\\\/\"]}]},{\"@type\":\"ImageObject\",\"inLanguage\":\"es\",\"@id\":\"https:\\\/\\\/agencia.252.com.mx\\\/home\\\/te-han-cobrado-el-servicio-en-los-restaurantes-del-zocalo-van-vs-abusos-en-propinas-y-otros-cargos\\\/#primaryimage\",\"url\":\"https:\\\/\\\/agencia.252.com.mx\\\/wp-content\\\/uploads\\\/2026\\\/03\\\/WhatsApp-Image-2026-03-06-at-11.18.20-AM.jpeg\",\"contentUrl\":\"https:\\\/\\\/agencia.252.com.mx\\\/wp-content\\\/uploads\\\/2026\\\/03\\\/WhatsApp-Image-2026-03-06-at-11.18.20-AM.jpeg\",\"width\":1600,\"height\":1066},{\"@type\":\"BreadcrumbList\",\"@id\":\"https:\\\/\\\/agencia.252.com.mx\\\/home\\\/te-han-cobrado-el-servicio-en-los-restaurantes-del-zocalo-van-vs-abusos-en-propinas-y-otros-cargos\\\/#breadcrumb\",\"itemListElement\":[{\"@type\":\"ListItem\",\"position\":1,\"name\":\"Portada\",\"item\":\"https:\\\/\\\/agencia.252.com.mx\\\/home\\\/\"},{\"@type\":\"ListItem\",\"position\":2,\"name\":\"\u00bfTe han cobrado el \u201cservicio\u201d en los restaurantes del Z\u00f3calo? Van vs abusos en propinas y otros cargos\u00a0\"}]},{\"@type\":\"WebSite\",\"@id\":\"https:\\\/\\\/agencia.252.com.mx\\\/home\\\/#website\",\"url\":\"https:\\\/\\\/agencia.252.com.mx\\\/home\\\/\",\"name\":\"Agencia252\",\"description\":\"Tu espacio en la Red\",\"publisher\":{\"@id\":\"https:\\\/\\\/agencia.252.com.mx\\\/home\\\/#organization\"},\"potentialAction\":[{\"@type\":\"SearchAction\",\"target\":{\"@type\":\"EntryPoint\",\"urlTemplate\":\"https:\\\/\\\/agencia.252.com.mx\\\/home\\\/?s={search_term_string}\"},\"query-input\":{\"@type\":\"PropertyValueSpecification\",\"valueRequired\":true,\"valueName\":\"search_term_string\"}}],\"inLanguage\":\"es\"},{\"@type\":\"Organization\",\"@id\":\"https:\\\/\\\/agencia.252.com.mx\\\/home\\\/#organization\",\"name\":\"Agencia252\",\"url\":\"https:\\\/\\\/agencia.252.com.mx\\\/home\\\/\",\"logo\":{\"@type\":\"ImageObject\",\"inLanguage\":\"es\",\"@id\":\"https:\\\/\\\/agencia.252.com.mx\\\/home\\\/#\\\/schema\\\/logo\\\/image\\\/\",\"url\":\"https:\\\/\\\/agencia.252.com.mx\\\/wp-content\\\/uploads\\\/2023\\\/02\\\/cropped-ciruclo-agencia-e1677562404136.png\",\"contentUrl\":\"https:\\\/\\\/agencia.252.com.mx\\\/wp-content\\\/uploads\\\/2023\\\/02\\\/cropped-ciruclo-agencia-e1677562404136.png\",\"width\":512,\"height\":512,\"caption\":\"Agencia252\"},\"image\":{\"@id\":\"https:\\\/\\\/agencia.252.com.mx\\\/home\\\/#\\\/schema\\\/logo\\\/image\\\/\"},\"sameAs\":[\"https:\\\/\\\/www.facebook.com\\\/252Comunicacion\\\/\",\"https:\\\/\\\/x.com\\\/252COMS\"]},{\"@type\":\"Person\",\"@id\":\"https:\\\/\\\/agencia.252.com.mx\\\/home\\\/#\\\/schema\\\/person\\\/6b972021e9a92d45ade8c78d81509098\",\"name\":\"Nacho Corro\",\"image\":{\"@type\":\"ImageObject\",\"inLanguage\":\"es\",\"@id\":\"https:\\\/\\\/secure.gravatar.com\\\/avatar\\\/5db6df507cfe1307e192fbb498c6b85f1cf2ffd8b4cd37141b9eea588fcbd5a4?s=96&r=g\",\"url\":\"https:\\\/\\\/secure.gravatar.com\\\/avatar\\\/5db6df507cfe1307e192fbb498c6b85f1cf2ffd8b4cd37141b9eea588fcbd5a4?s=96&r=g\",\"contentUrl\":\"https:\\\/\\\/secure.gravatar.com\\\/avatar\\\/5db6df507cfe1307e192fbb498c6b85f1cf2ffd8b4cd37141b9eea588fcbd5a4?s=96&r=g\",\"caption\":\"Nacho Corro\"},\"description\":\"Comunicador Social, Periodista y Administraci\u00f3n P\u00fablica. Conversador pol\u00edtico, temas electorales y seguridad. Generador de contenidos digitales. Amante de la fotograf\u00eda\",\"sameAs\":[\"https:\\\/\\\/www.facebook.com\\\/jcorroherrera\\\/\",\"www.instagram.com\\\/nachocorro\\\/\",\"https:\\\/\\\/x.com\\\/Juan Ignacio Corro Herrera\"],\"url\":\"https:\\\/\\\/agencia.252.com.mx\\\/home\\\/author\\\/i-corro\\\/\"}]}<\/script>\n<!-- \/ Yoast SEO plugin. -->","yoast_head_json":{"title":"\u00bfTe han cobrado el \u201cservicio\u201d en los restaurantes del Z\u00f3calo? Van vs abusos en propinas y otros cargos\u00a0 - Agencia252","robots":{"index":"index","follow":"follow","max-snippet":"max-snippet:-1","max-image-preview":"max-image-preview:large","max-video-preview":"max-video-preview:-1"},"canonical":"https:\/\/agencia.252.com.mx\/home\/te-han-cobrado-el-servicio-en-los-restaurantes-del-zocalo-van-vs-abusos-en-propinas-y-otros-cargos\/","og_locale":"es_ES","og_type":"article","og_title":"\u00bfTe han cobrado el \u201cservicio\u201d en los restaurantes del Z\u00f3calo? Van vs abusos en propinas y otros cargos\u00a0 - Agencia252","og_description":"Visitas: 19 Juan Ignacio Corro&nbsp; Ciudad de M\u00e9xico, a 6 de marzode 2025 La Diputada local del PAN, Laura \u00c1lvarez Soto, pidi\u00f3 a la Procuradur\u00eda Federal del Consumidor (PROFECO) realizar visitas de inspecci\u00f3n permanentes en restaurantes del Z\u00f3calo capitalino, ante denuncias ciudadanas por cobros excesivos y pr\u00e1cticas abusivas contra consumidores. \u00c1lvarez Soto se\u00f1al\u00f3 que, si [&hellip;]","og_url":"https:\/\/agencia.252.com.mx\/home\/te-han-cobrado-el-servicio-en-los-restaurantes-del-zocalo-van-vs-abusos-en-propinas-y-otros-cargos\/","og_site_name":"Agencia252","article_publisher":"https:\/\/www.facebook.com\/252Comunicacion\/","article_author":"https:\/\/www.facebook.com\/jcorroherrera\/","article_published_time":"2026-03-06T17:24:42+00:00","article_modified_time":"2026-03-06T21:52:20+00:00","og_image":[{"width":1600,"height":1066,"url":"http:\/\/agencia.252.com.mx\/wp-content\/uploads\/2026\/03\/WhatsApp-Image-2026-03-06-at-11.18.20-AM.jpeg","type":"image\/jpeg"}],"author":"Nacho Corro","twitter_card":"summary_large_image","twitter_creator":"@Juan Ignacio Corro Herrera","twitter_site":"@252COMS","twitter_misc":{"Escrito por":"Nacho Corro","Tiempo de lectura":"2 minutos"},"schema":{"@context":"https:\/\/schema.org","@graph":[{"@type":"Article","@id":"https:\/\/agencia.252.com.mx\/home\/te-han-cobrado-el-servicio-en-los-restaurantes-del-zocalo-van-vs-abusos-en-propinas-y-otros-cargos\/#article","isPartOf":{"@id":"https:\/\/agencia.252.com.mx\/home\/te-han-cobrado-el-servicio-en-los-restaurantes-del-zocalo-van-vs-abusos-en-propinas-y-otros-cargos\/"},"author":{"name":"Nacho Corro","@id":"https:\/\/agencia.252.com.mx\/home\/#\/schema\/person\/6b972021e9a92d45ade8c78d81509098"},"headline":"\u00bfTe han cobrado el \u201cservicio\u201d en los restaurantes del Z\u00f3calo? Van vs abusos en propinas y otros cargos\u00a0","datePublished":"2026-03-06T17:24:42+00:00","dateModified":"2026-03-06T21:52:20+00:00","mainEntityOfPage":{"@id":"https:\/\/agencia.252.com.mx\/home\/te-han-cobrado-el-servicio-en-los-restaurantes-del-zocalo-van-vs-abusos-en-propinas-y-otros-cargos\/"},"wordCount":341,"commentCount":0,"publisher":{"@id":"https:\/\/agencia.252.com.mx\/home\/#organization"},"image":{"@id":"https:\/\/agencia.252.com.mx\/home\/te-han-cobrado-el-servicio-en-los-restaurantes-del-zocalo-van-vs-abusos-en-propinas-y-otros-cargos\/#primaryimage"},"thumbnailUrl":"https:\/\/agencia.252.com.mx\/wp-content\/uploads\/2026\/03\/WhatsApp-Image-2026-03-06-at-11.18.20-AM.jpeg","keywords":["CDMX"],"articleSection":["CDMX","corrupci\u00f3n","Seguridad"],"inLanguage":"es","potentialAction":[{"@type":"CommentAction","name":"Comment","target":["https:\/\/agencia.252.com.mx\/home\/te-han-cobrado-el-servicio-en-los-restaurantes-del-zocalo-van-vs-abusos-en-propinas-y-otros-cargos\/#respond"]}]},{"@type":"WebPage","@id":"https:\/\/agencia.252.com.mx\/home\/te-han-cobrado-el-servicio-en-los-restaurantes-del-zocalo-van-vs-abusos-en-propinas-y-otros-cargos\/","url":"https:\/\/agencia.252.com.mx\/home\/te-han-cobrado-el-servicio-en-los-restaurantes-del-zocalo-van-vs-abusos-en-propinas-y-otros-cargos\/","name":"\u00bfTe han cobrado el \u201cservicio\u201d en los restaurantes del Z\u00f3calo? Van vs abusos en propinas y otros cargos\u00a0 - Agencia252","isPartOf":{"@id":"https:\/\/agencia.252.com.mx\/home\/#website"},"primaryImageOfPage":{"@id":"https:\/\/agencia.252.com.mx\/home\/te-han-cobrado-el-servicio-en-los-restaurantes-del-zocalo-van-vs-abusos-en-propinas-y-otros-cargos\/#primaryimage"},"image":{"@id":"https:\/\/agencia.252.com.mx\/home\/te-han-cobrado-el-servicio-en-los-restaurantes-del-zocalo-van-vs-abusos-en-propinas-y-otros-cargos\/#primaryimage"},"thumbnailUrl":"https:\/\/agencia.252.com.mx\/wp-content\/uploads\/2026\/03\/WhatsApp-Image-2026-03-06-at-11.18.20-AM.jpeg","datePublished":"2026-03-06T17:24:42+00:00","dateModified":"2026-03-06T21:52:20+00:00","breadcrumb":{"@id":"https:\/\/agencia.252.com.mx\/home\/te-han-cobrado-el-servicio-en-los-restaurantes-del-zocalo-van-vs-abusos-en-propinas-y-otros-cargos\/#breadcrumb"},"inLanguage":"es","potentialAction":[{"@type":"ReadAction","target":["https:\/\/agencia.252.com.mx\/home\/te-han-cobrado-el-servicio-en-los-restaurantes-del-zocalo-van-vs-abusos-en-propinas-y-otros-cargos\/"]}]},{"@type":"ImageObject","inLanguage":"es","@id":"https:\/\/agencia.252.com.mx\/home\/te-han-cobrado-el-servicio-en-los-restaurantes-del-zocalo-van-vs-abusos-en-propinas-y-otros-cargos\/#primaryimage","url":"https:\/\/agencia.252.com.mx\/wp-content\/uploads\/2026\/03\/WhatsApp-Image-2026-03-06-at-11.18.20-AM.jpeg","contentUrl":"https:\/\/agencia.252.com.mx\/wp-content\/uploads\/2026\/03\/WhatsApp-Image-2026-03-06-at-11.18.20-AM.jpeg","width":1600,"height":1066},{"@type":"BreadcrumbList","@id":"https:\/\/agencia.252.com.mx\/home\/te-han-cobrado-el-servicio-en-los-restaurantes-del-zocalo-van-vs-abusos-en-propinas-y-otros-cargos\/#breadcrumb","itemListElement":[{"@type":"ListItem","position":1,"name":"Portada","item":"https:\/\/agencia.252.com.mx\/home\/"},{"@type":"ListItem","position":2,"name":"\u00bfTe han cobrado el \u201cservicio\u201d en los restaurantes del Z\u00f3calo? Van vs abusos en propinas y otros cargos\u00a0"}]},{"@type":"WebSite","@id":"https:\/\/agencia.252.com.mx\/home\/#website","url":"https:\/\/agencia.252.com.mx\/home\/","name":"Agencia252","description":"Tu espacio en la Red","publisher":{"@id":"https:\/\/agencia.252.com.mx\/home\/#organization"},"potentialAction":[{"@type":"SearchAction","target":{"@type":"EntryPoint","urlTemplate":"https:\/\/agencia.252.com.mx\/home\/?s={search_term_string}"},"query-input":{"@type":"PropertyValueSpecification","valueRequired":true,"valueName":"search_term_string"}}],"inLanguage":"es"},{"@type":"Organization","@id":"https:\/\/agencia.252.com.mx\/home\/#organization","name":"Agencia252","url":"https:\/\/agencia.252.com.mx\/home\/","logo":{"@type":"ImageObject","inLanguage":"es","@id":"https:\/\/agencia.252.com.mx\/home\/#\/schema\/logo\/image\/","url":"https:\/\/agencia.252.com.mx\/wp-content\/uploads\/2023\/02\/cropped-ciruclo-agencia-e1677562404136.png","contentUrl":"https:\/\/agencia.252.com.mx\/wp-content\/uploads\/2023\/02\/cropped-ciruclo-agencia-e1677562404136.png","width":512,"height":512,"caption":"Agencia252"},"image":{"@id":"https:\/\/agencia.252.com.mx\/home\/#\/schema\/logo\/image\/"},"sameAs":["https:\/\/www.facebook.com\/252Comunicacion\/","https:\/\/x.com\/252COMS"]},{"@type":"Person","@id":"https:\/\/agencia.252.com.mx\/home\/#\/schema\/person\/6b972021e9a92d45ade8c78d81509098","name":"Nacho Corro","image":{"@type":"ImageObject","inLanguage":"es","@id":"https:\/\/secure.gravatar.com\/avatar\/5db6df507cfe1307e192fbb498c6b85f1cf2ffd8b4cd37141b9eea588fcbd5a4?s=96&r=g","url":"https:\/\/secure.gravatar.com\/avatar\/5db6df507cfe1307e192fbb498c6b85f1cf2ffd8b4cd37141b9eea588fcbd5a4?s=96&r=g","contentUrl":"https:\/\/secure.gravatar.com\/avatar\/5db6df507cfe1307e192fbb498c6b85f1cf2ffd8b4cd37141b9eea588fcbd5a4?s=96&r=g","caption":"Nacho Corro"},"description":"Comunicador Social, Periodista y Administraci\u00f3n P\u00fablica. Conversador pol\u00edtico, temas electorales y seguridad. Generador de contenidos digitales. Amante de la fotograf\u00eda","sameAs":["https:\/\/www.facebook.com\/jcorroherrera\/","www.instagram.com\/nachocorro\/","https:\/\/x.com\/Juan Ignacio Corro Herrera"],"url":"https:\/\/agencia.252.com.mx\/home\/author\/i-corro\/"}]}},"_links":{"self":[{"href":"https:\/\/agencia.252.com.mx\/home\/wp-json\/wp\/v2\/posts\/16639","targetHints":{"allow":["GET"]}}],"collection":[{"href":"https:\/\/agencia.252.com.mx\/home\/wp-json\/wp\/v2\/posts"}],"about":[{"href":"https:\/\/agencia.252.com.mx\/home\/wp-json\/wp\/v2\/types\/post"}],"author":[{"embeddable":true,"href":"https:\/\/agencia.252.com.mx\/home\/wp-json\/wp\/v2\/users\/5"}],"replies":[{"embeddable":true,"href":"https:\/\/agencia.252.com.mx\/home\/wp-json\/wp\/v2\/comments?post=16639"}],"version-history":[{"count":2,"href":"https:\/\/agencia.252.com.mx\/home\/wp-json\/wp\/v2\/posts\/16639\/revisions"}],"predecessor-version":[{"id":16662,"href":"https:\/\/agencia.252.com.mx\/home\/wp-json\/wp\/v2\/posts\/16639\/revisions\/16662"}],"wp:featuredmedia":[{"embeddable":true,"href":"https:\/\/agencia.252.com.mx\/home\/wp-json\/wp\/v2\/media\/16640"}],"wp:attachment":[{"href":"https:\/\/agencia.252.com.mx\/home\/wp-json\/wp\/v2\/media?parent=16639"}],"wp:term":[{"taxonomy":"category","embeddable":true,"href":"https:\/\/agencia.252.com.mx\/home\/wp-json\/wp\/v2\/categories?post=16639"},{"taxonomy":"post_tag","embeddable":true,"href":"https:\/\/agencia.252.com.mx\/home\/wp-json\/wp\/v2\/tags?post=16639"}],"curies":[{"name":"wp","href":"https:\/\/api.w.org\/{rel}","templated":true}]}}