{"id":16618,"date":"2026-03-05T19:07:22","date_gmt":"2026-03-06T01:07:22","guid":{"rendered":"https:\/\/agencia.252.com.mx\/home\/?p=16618"},"modified":"2026-03-05T19:08:53","modified_gmt":"2026-03-06T01:08:53","slug":"llama-gob-cdmx-a-manifestacion-pacifica-en-8m-no-se-pondran-mas-policias","status":"publish","type":"post","link":"https:\/\/agencia.252.com.mx\/home\/llama-gob-cdmx-a-manifestacion-pacifica-en-8m-no-se-pondran-mas-policias\/","title":{"rendered":"Llama Gob CDMX a manifestaci\u00f3n pacifica en 8M;\u00a0\u00a0no se pondr\u00e1n m\u00e1s polic\u00edas\u00a0"},"content":{"rendered":"<p>Visitas: 27<\/p>\n<ul class=\"wp-block-list\">\n<li><em>Se aplicar\u00e1 operativo de acompa\u00f1amiento para la seguridad de asistentes\u00a0<\/em><\/li>\n<\/ul>\n\n\n\n<p><em>Juan Ignacio Corro&nbsp;<\/em><\/p>\n\n\n\n<p class=\"has-text-align-right\"><em>Tlalnepantla,&nbsp;&nbsp;Estado de M\u00e9xico, a 5 de marzo de 2026<\/em><\/p>\n\n\n\n<p>A tres d\u00edas de conmemorarse el D\u00eda Internacional de la Mujer, conocido como el 8M, la mandataria capitalina record\u00f3 que se trata de una fecha emblem\u00e1tica en la capital, el pa\u00eds y a nivel mundial, por lo que convoc\u00f3 a una movilizaci\u00f3n pac\u00edfica, con libertad y en la que se garantice la integridad de quienes acudan.<\/p>\n\n\n\n<p>\u201cQuiero hacer un llamado a que esta manifestaci\u00f3n, que tiene todas las libertades en la ciudad para expresarse, se lleve a cabo de manera pac\u00edfica; para ello hemos estado revisando los mecanismos y protocolos que se tendr\u00e1n que promover para garantizar, primeramente, que las mujeres van a tener la seguridad plena de llevar a cabo estas manifestaciones\u201d, asegur\u00f3 Brugada Molina.<\/p>\n\n\n\n<p>La mandataria local destac\u00f3 que el operativo consiste en un conjunto de medidas que se han llevado a cabo en otros momentos con la presencia de equipos, incluyendo mujeres polic\u00edas, que den acompa\u00f1amiento a la movilizaci\u00f3n para atender cualquier eventualidad.<\/p>\n\n\n\n<p>\u201cLa intenci\u00f3n del gobierno no es de ninguna manera poner a las polic\u00edas o a las y los polic\u00edas en medio de las manifestaciones, sino que est\u00e9n para cualquier necesidad\u201d, asegur\u00f3.<\/p>\n\n\n\n<p>La Jefa de Gobierno reiter\u00f3 que el 8M se ha convertido en una manifestaci\u00f3n diversa y plural de las mujeres que exigen m\u00e1s a favor de sus derechos, que luchan contra la violencia y que hacen un llamado a la sociedad sobre lo que todav\u00eda se tiene que seguir transformando.<\/p>\n\n\n\n<p>\u201cEl 8 de marzo ya tiene d\u00e9cadas y nos da gusto que las mujeres puedan salir a la calle y manifestarse en cuanto a este tema; es una fecha en que en una ciudad como esta hay libertad plena para llevar a cabo estas manifestaciones\u201d, afirm\u00f3.<\/p>\n\n\n\n<p>El secretario de Seguridad Ciudadana, Pablo V\u00e1zquez Camacho, refrend\u00f3 que el objetivo principal del operativo ser\u00e1 promover y garantizar la manifestaci\u00f3n y los derechos de las manifestantes, para lo cual se desplegar\u00e1n a 400 mujeres polic\u00edas, quienes dar\u00e1n seguimiento a la movilizaci\u00f3n desde la distancia.<\/p>\n\n\n\n<p>\u201cProcuraremos en todo momento que su presencia durante la movilizaci\u00f3n no estorbe, para ponerlo en t\u00e9rminos pr\u00e1cticos, que en ning\u00fan momento censure y que solamente se limite a acompa\u00f1ar y poder, si hubiera alguna situaci\u00f3n de riesgo para las manifestantes, poder actuar\u201d, puntualiz\u00f3 V\u00e1zquez Camacho.<\/p>\n\n\n\n<p>El jefe de la polic\u00eda detall\u00f3 que en caso de detectar a personas con objetos aptos para agredir o material explosivo o flamable se proceder\u00e1 al encauzamiento para no poner el riesgo al resto de manifestantes, se les retirar\u00e1n dicho art\u00edculos, y se permitir\u00e1 que contin\u00faen con su movilizaci\u00f3n, pues reiter\u00f3 el objetivo de garantizar el derecho a la expresi\u00f3n, pero tambi\u00e9n de salvaguardar el de las dem\u00e1s personas manifestantes que decidan no expresarse de tal manera.<\/p>\n\n\n\n<p>En el operativo participar\u00e1n elementos de la Subsecretar\u00eda de Control de Tr\u00e1nsito para los cierres viales correspondientes; adem\u00e1s de contar con el acompa\u00f1amiento de personal de diferentes instancias del gobierno de la ciudad, cuyo objetivo ser\u00e1 orientar y dialogar, hacer recomendaciones a las y los manifestantes, incluyendo a servidoras y servidores de la Secretar\u00eda de Gobierno, identificados con chalecos naranjas, e integrantes de \u00e1reas dedicadas o especializadas en temas de g\u00e9nero, as\u00ed como de la Secretar\u00eda de las Mujeres.<\/p>\n\n\n\n<p><\/p>\n","protected":false},"excerpt":{"rendered":"<p>Visitas: 27 Juan Ignacio Corro&nbsp; Tlalnepantla,&nbsp;&nbsp;Estado de M\u00e9xico, a 5 de marzo de 2026 A tres d\u00edas de conmemorarse el D\u00eda Internacional de la Mujer, conocido como el 8M, la mandataria capitalina record\u00f3 que se trata de una fecha emblem\u00e1tica en la capital, el pa\u00eds y a nivel mundial, por lo que convoc\u00f3 a una [&hellip;]<\/p>\n","protected":false},"author":5,"featured_media":16619,"comment_status":"open","ping_status":"open","sticky":false,"template":"","format":"standard","meta":{"site-sidebar-layout":"default","site-content-layout":"","ast-site-content-layout":"default","site-content-style":"default","site-sidebar-style":"default","ast-global-header-display":"","ast-banner-title-visibility":"","ast-main-header-display":"","ast-hfb-above-header-display":"","ast-hfb-below-header-display":"","ast-hfb-mobile-header-display":"","site-post-title":"","ast-breadcrumbs-content":"","ast-featured-img":"","footer-sml-layout":"","ast-disable-related-posts":"","theme-transparent-header-meta":"","adv-header-id-meta":"","stick-header-meta":"","header-above-stick-meta":"","header-main-stick-meta":"","header-below-stick-meta":"","astra-migrate-meta-layouts":"set","ast-page-background-enabled":"default","ast-page-background-meta":{"desktop":{"background-color":"var(--ast-global-color-4)","background-image":"","background-repeat":"repeat","background-position":"center center","background-size":"auto","background-attachment":"scroll","background-type":"","background-media":"","overlay-type":"","overlay-color":"","overlay-opacity":"","overlay-gradient":""},"tablet":{"background-color":"","background-image":"","background-repeat":"repeat","background-position":"center center","background-size":"auto","background-attachment":"scroll","background-type":"","background-media":"","overlay-type":"","overlay-color":"","overlay-opacity":"","overlay-gradient":""},"mobile":{"background-color":"","background-image":"","background-repeat":"repeat","background-position":"center center","background-size":"auto","background-attachment":"scroll","background-type":"","background-media":"","overlay-type":"","overlay-color":"","overlay-opacity":"","overlay-gradient":""}},"ast-content-background-meta":{"desktop":{"background-color":"var(--ast-global-color-5)","background-image":"","background-repeat":"repeat","background-position":"center center","background-size":"auto","background-attachment":"scroll","background-type":"","background-media":"","overlay-type":"","overlay-color":"","overlay-opacity":"","overlay-gradient":""},"tablet":{"background-color":"var(--ast-global-color-5)","background-image":"","background-repeat":"repeat","background-position":"center center","background-size":"auto","background-attachment":"scroll","background-type":"","background-media":"","overlay-type":"","overlay-color":"","overlay-opacity":"","overlay-gradient":""},"mobile":{"background-color":"var(--ast-global-color-5)","background-image":"","background-repeat":"repeat","background-position":"center center","background-size":"auto","background-attachment":"scroll","background-type":"","background-media":"","overlay-type":"","overlay-color":"","overlay-opacity":"","overlay-gradient":""}},"footnotes":""},"categories":[69,512,68],"tags":[526],"class_list":["post-16618","post","type-post","status-publish","format-standard","has-post-thumbnail","hentry","category-cdmx","category-metropoli","category-seguridad","tag-edomex"],"yoast_head":"<!-- This site is optimized with the Yoast SEO plugin v27.4 - https:\/\/yoast.com\/product\/yoast-seo-wordpress\/ -->\n<title>Llama Gob CDMX a manifestaci\u00f3n pacifica en 8M;\u00a0\u00a0no se pondr\u00e1n m\u00e1s polic\u00edas\u00a0 - Agencia252<\/title>\n<meta name=\"robots\" content=\"index, follow, max-snippet:-1, max-image-preview:large, max-video-preview:-1\" \/>\n<link rel=\"canonical\" href=\"https:\/\/agencia.252.com.mx\/home\/llama-gob-cdmx-a-manifestacion-pacifica-en-8m-no-se-pondran-mas-policias\/\" \/>\n<meta property=\"og:locale\" content=\"es_ES\" \/>\n<meta property=\"og:type\" content=\"article\" \/>\n<meta property=\"og:title\" content=\"Llama Gob CDMX a manifestaci\u00f3n pacifica en 8M;\u00a0\u00a0no se pondr\u00e1n m\u00e1s polic\u00edas\u00a0 - Agencia252\" \/>\n<meta property=\"og:description\" content=\"Visitas: 27 Juan Ignacio Corro&nbsp; Tlalnepantla,&nbsp;&nbsp;Estado de M\u00e9xico, a 5 de marzo de 2026 A tres d\u00edas de conmemorarse el D\u00eda Internacional de la Mujer, conocido como el 8M, la mandataria capitalina record\u00f3 que se trata de una fecha emblem\u00e1tica en la capital, el pa\u00eds y a nivel mundial, por lo que convoc\u00f3 a una [&hellip;]\" \/>\n<meta property=\"og:url\" content=\"https:\/\/agencia.252.com.mx\/home\/llama-gob-cdmx-a-manifestacion-pacifica-en-8m-no-se-pondran-mas-policias\/\" \/>\n<meta property=\"og:site_name\" content=\"Agencia252\" \/>\n<meta property=\"article:publisher\" content=\"https:\/\/www.facebook.com\/252Comunicacion\/\" \/>\n<meta property=\"article:author\" content=\"https:\/\/www.facebook.com\/jcorroherrera\/\" \/>\n<meta property=\"article:published_time\" content=\"2026-03-06T01:07:22+00:00\" \/>\n<meta property=\"article:modified_time\" content=\"2026-03-06T01:08:53+00:00\" \/>\n<meta property=\"og:image\" content=\"http:\/\/agencia.252.com.mx\/wp-content\/uploads\/2026\/03\/WhatsApp-Image-2026-03-05-at-2.31.29-PM.jpeg\" \/>\n\t<meta property=\"og:image:width\" content=\"2560\" \/>\n\t<meta property=\"og:image:height\" content=\"1706\" \/>\n\t<meta property=\"og:image:type\" content=\"image\/jpeg\" \/>\n<meta name=\"author\" content=\"Nacho Corro\" \/>\n<meta name=\"twitter:card\" content=\"summary_large_image\" \/>\n<meta name=\"twitter:creator\" content=\"@Juan Ignacio Corro Herrera\" \/>\n<meta name=\"twitter:site\" content=\"@252COMS\" \/>\n<meta name=\"twitter:label1\" content=\"Escrito por\" \/>\n\t<meta name=\"twitter:data1\" content=\"Nacho Corro\" \/>\n\t<meta name=\"twitter:label2\" content=\"Tiempo de lectura\" \/>\n\t<meta name=\"twitter:data2\" content=\"3 minutos\" \/>\n<script type=\"application\/ld+json\" class=\"yoast-schema-graph\">{\"@context\":\"https:\\\/\\\/schema.org\",\"@graph\":[{\"@type\":\"Article\",\"@id\":\"https:\\\/\\\/agencia.252.com.mx\\\/home\\\/llama-gob-cdmx-a-manifestacion-pacifica-en-8m-no-se-pondran-mas-policias\\\/#article\",\"isPartOf\":{\"@id\":\"https:\\\/\\\/agencia.252.com.mx\\\/home\\\/llama-gob-cdmx-a-manifestacion-pacifica-en-8m-no-se-pondran-mas-policias\\\/\"},\"author\":{\"name\":\"Nacho Corro\",\"@id\":\"https:\\\/\\\/agencia.252.com.mx\\\/home\\\/#\\\/schema\\\/person\\\/6b972021e9a92d45ade8c78d81509098\"},\"headline\":\"Llama Gob CDMX a manifestaci\u00f3n pacifica en 8M;\u00a0\u00a0no se pondr\u00e1n m\u00e1s polic\u00edas\u00a0\",\"datePublished\":\"2026-03-06T01:07:22+00:00\",\"dateModified\":\"2026-03-06T01:08:53+00:00\",\"mainEntityOfPage\":{\"@id\":\"https:\\\/\\\/agencia.252.com.mx\\\/home\\\/llama-gob-cdmx-a-manifestacion-pacifica-en-8m-no-se-pondran-mas-policias\\\/\"},\"wordCount\":619,\"commentCount\":0,\"publisher\":{\"@id\":\"https:\\\/\\\/agencia.252.com.mx\\\/home\\\/#organization\"},\"image\":{\"@id\":\"https:\\\/\\\/agencia.252.com.mx\\\/home\\\/llama-gob-cdmx-a-manifestacion-pacifica-en-8m-no-se-pondran-mas-policias\\\/#primaryimage\"},\"thumbnailUrl\":\"https:\\\/\\\/agencia.252.com.mx\\\/wp-content\\\/uploads\\\/2026\\\/03\\\/WhatsApp-Image-2026-03-05-at-2.31.29-PM.jpeg\",\"keywords\":[\"Edomex\"],\"articleSection\":[\"CDMX\",\"Metropoli\",\"Seguridad\"],\"inLanguage\":\"es\",\"potentialAction\":[{\"@type\":\"CommentAction\",\"name\":\"Comment\",\"target\":[\"https:\\\/\\\/agencia.252.com.mx\\\/home\\\/llama-gob-cdmx-a-manifestacion-pacifica-en-8m-no-se-pondran-mas-policias\\\/#respond\"]}]},{\"@type\":\"WebPage\",\"@id\":\"https:\\\/\\\/agencia.252.com.mx\\\/home\\\/llama-gob-cdmx-a-manifestacion-pacifica-en-8m-no-se-pondran-mas-policias\\\/\",\"url\":\"https:\\\/\\\/agencia.252.com.mx\\\/home\\\/llama-gob-cdmx-a-manifestacion-pacifica-en-8m-no-se-pondran-mas-policias\\\/\",\"name\":\"Llama Gob CDMX a manifestaci\u00f3n pacifica en 8M;\u00a0\u00a0no se pondr\u00e1n m\u00e1s polic\u00edas\u00a0 - Agencia252\",\"isPartOf\":{\"@id\":\"https:\\\/\\\/agencia.252.com.mx\\\/home\\\/#website\"},\"primaryImageOfPage\":{\"@id\":\"https:\\\/\\\/agencia.252.com.mx\\\/home\\\/llama-gob-cdmx-a-manifestacion-pacifica-en-8m-no-se-pondran-mas-policias\\\/#primaryimage\"},\"image\":{\"@id\":\"https:\\\/\\\/agencia.252.com.mx\\\/home\\\/llama-gob-cdmx-a-manifestacion-pacifica-en-8m-no-se-pondran-mas-policias\\\/#primaryimage\"},\"thumbnailUrl\":\"https:\\\/\\\/agencia.252.com.mx\\\/wp-content\\\/uploads\\\/2026\\\/03\\\/WhatsApp-Image-2026-03-05-at-2.31.29-PM.jpeg\",\"datePublished\":\"2026-03-06T01:07:22+00:00\",\"dateModified\":\"2026-03-06T01:08:53+00:00\",\"breadcrumb\":{\"@id\":\"https:\\\/\\\/agencia.252.com.mx\\\/home\\\/llama-gob-cdmx-a-manifestacion-pacifica-en-8m-no-se-pondran-mas-policias\\\/#breadcrumb\"},\"inLanguage\":\"es\",\"potentialAction\":[{\"@type\":\"ReadAction\",\"target\":[\"https:\\\/\\\/agencia.252.com.mx\\\/home\\\/llama-gob-cdmx-a-manifestacion-pacifica-en-8m-no-se-pondran-mas-policias\\\/\"]}]},{\"@type\":\"ImageObject\",\"inLanguage\":\"es\",\"@id\":\"https:\\\/\\\/agencia.252.com.mx\\\/home\\\/llama-gob-cdmx-a-manifestacion-pacifica-en-8m-no-se-pondran-mas-policias\\\/#primaryimage\",\"url\":\"https:\\\/\\\/agencia.252.com.mx\\\/wp-content\\\/uploads\\\/2026\\\/03\\\/WhatsApp-Image-2026-03-05-at-2.31.29-PM.jpeg\",\"contentUrl\":\"https:\\\/\\\/agencia.252.com.mx\\\/wp-content\\\/uploads\\\/2026\\\/03\\\/WhatsApp-Image-2026-03-05-at-2.31.29-PM.jpeg\",\"width\":2560,\"height\":1706},{\"@type\":\"BreadcrumbList\",\"@id\":\"https:\\\/\\\/agencia.252.com.mx\\\/home\\\/llama-gob-cdmx-a-manifestacion-pacifica-en-8m-no-se-pondran-mas-policias\\\/#breadcrumb\",\"itemListElement\":[{\"@type\":\"ListItem\",\"position\":1,\"name\":\"Portada\",\"item\":\"https:\\\/\\\/agencia.252.com.mx\\\/home\\\/\"},{\"@type\":\"ListItem\",\"position\":2,\"name\":\"Llama Gob CDMX a manifestaci\u00f3n pacifica en 8M;\u00a0\u00a0no se pondr\u00e1n m\u00e1s polic\u00edas\u00a0\"}]},{\"@type\":\"WebSite\",\"@id\":\"https:\\\/\\\/agencia.252.com.mx\\\/home\\\/#website\",\"url\":\"https:\\\/\\\/agencia.252.com.mx\\\/home\\\/\",\"name\":\"Agencia252\",\"description\":\"Tu espacio en la Red\",\"publisher\":{\"@id\":\"https:\\\/\\\/agencia.252.com.mx\\\/home\\\/#organization\"},\"potentialAction\":[{\"@type\":\"SearchAction\",\"target\":{\"@type\":\"EntryPoint\",\"urlTemplate\":\"https:\\\/\\\/agencia.252.com.mx\\\/home\\\/?s={search_term_string}\"},\"query-input\":{\"@type\":\"PropertyValueSpecification\",\"valueRequired\":true,\"valueName\":\"search_term_string\"}}],\"inLanguage\":\"es\"},{\"@type\":\"Organization\",\"@id\":\"https:\\\/\\\/agencia.252.com.mx\\\/home\\\/#organization\",\"name\":\"Agencia252\",\"url\":\"https:\\\/\\\/agencia.252.com.mx\\\/home\\\/\",\"logo\":{\"@type\":\"ImageObject\",\"inLanguage\":\"es\",\"@id\":\"https:\\\/\\\/agencia.252.com.mx\\\/home\\\/#\\\/schema\\\/logo\\\/image\\\/\",\"url\":\"https:\\\/\\\/agencia.252.com.mx\\\/wp-content\\\/uploads\\\/2023\\\/02\\\/cropped-ciruclo-agencia-e1677562404136.png\",\"contentUrl\":\"https:\\\/\\\/agencia.252.com.mx\\\/wp-content\\\/uploads\\\/2023\\\/02\\\/cropped-ciruclo-agencia-e1677562404136.png\",\"width\":512,\"height\":512,\"caption\":\"Agencia252\"},\"image\":{\"@id\":\"https:\\\/\\\/agencia.252.com.mx\\\/home\\\/#\\\/schema\\\/logo\\\/image\\\/\"},\"sameAs\":[\"https:\\\/\\\/www.facebook.com\\\/252Comunicacion\\\/\",\"https:\\\/\\\/x.com\\\/252COMS\"]},{\"@type\":\"Person\",\"@id\":\"https:\\\/\\\/agencia.252.com.mx\\\/home\\\/#\\\/schema\\\/person\\\/6b972021e9a92d45ade8c78d81509098\",\"name\":\"Nacho Corro\",\"image\":{\"@type\":\"ImageObject\",\"inLanguage\":\"es\",\"@id\":\"https:\\\/\\\/secure.gravatar.com\\\/avatar\\\/5db6df507cfe1307e192fbb498c6b85f1cf2ffd8b4cd37141b9eea588fcbd5a4?s=96&r=g\",\"url\":\"https:\\\/\\\/secure.gravatar.com\\\/avatar\\\/5db6df507cfe1307e192fbb498c6b85f1cf2ffd8b4cd37141b9eea588fcbd5a4?s=96&r=g\",\"contentUrl\":\"https:\\\/\\\/secure.gravatar.com\\\/avatar\\\/5db6df507cfe1307e192fbb498c6b85f1cf2ffd8b4cd37141b9eea588fcbd5a4?s=96&r=g\",\"caption\":\"Nacho Corro\"},\"description\":\"Comunicador Social, Periodista y Administraci\u00f3n P\u00fablica. Conversador pol\u00edtico, temas electorales y seguridad. Generador de contenidos digitales. Amante de la fotograf\u00eda\",\"sameAs\":[\"https:\\\/\\\/www.facebook.com\\\/jcorroherrera\\\/\",\"www.instagram.com\\\/nachocorro\\\/\",\"https:\\\/\\\/x.com\\\/Juan Ignacio Corro Herrera\"],\"url\":\"https:\\\/\\\/agencia.252.com.mx\\\/home\\\/author\\\/i-corro\\\/\"}]}<\/script>\n<!-- \/ Yoast SEO plugin. -->","yoast_head_json":{"title":"Llama Gob CDMX a manifestaci\u00f3n pacifica en 8M;\u00a0\u00a0no se pondr\u00e1n m\u00e1s polic\u00edas\u00a0 - Agencia252","robots":{"index":"index","follow":"follow","max-snippet":"max-snippet:-1","max-image-preview":"max-image-preview:large","max-video-preview":"max-video-preview:-1"},"canonical":"https:\/\/agencia.252.com.mx\/home\/llama-gob-cdmx-a-manifestacion-pacifica-en-8m-no-se-pondran-mas-policias\/","og_locale":"es_ES","og_type":"article","og_title":"Llama Gob CDMX a manifestaci\u00f3n pacifica en 8M;\u00a0\u00a0no se pondr\u00e1n m\u00e1s polic\u00edas\u00a0 - Agencia252","og_description":"Visitas: 27 Juan Ignacio Corro&nbsp; Tlalnepantla,&nbsp;&nbsp;Estado de M\u00e9xico, a 5 de marzo de 2026 A tres d\u00edas de conmemorarse el D\u00eda Internacional de la Mujer, conocido como el 8M, la mandataria capitalina record\u00f3 que se trata de una fecha emblem\u00e1tica en la capital, el pa\u00eds y a nivel mundial, por lo que convoc\u00f3 a una [&hellip;]","og_url":"https:\/\/agencia.252.com.mx\/home\/llama-gob-cdmx-a-manifestacion-pacifica-en-8m-no-se-pondran-mas-policias\/","og_site_name":"Agencia252","article_publisher":"https:\/\/www.facebook.com\/252Comunicacion\/","article_author":"https:\/\/www.facebook.com\/jcorroherrera\/","article_published_time":"2026-03-06T01:07:22+00:00","article_modified_time":"2026-03-06T01:08:53+00:00","og_image":[{"width":2560,"height":1706,"url":"http:\/\/agencia.252.com.mx\/wp-content\/uploads\/2026\/03\/WhatsApp-Image-2026-03-05-at-2.31.29-PM.jpeg","type":"image\/jpeg"}],"author":"Nacho Corro","twitter_card":"summary_large_image","twitter_creator":"@Juan Ignacio Corro Herrera","twitter_site":"@252COMS","twitter_misc":{"Escrito por":"Nacho Corro","Tiempo de lectura":"3 minutos"},"schema":{"@context":"https:\/\/schema.org","@graph":[{"@type":"Article","@id":"https:\/\/agencia.252.com.mx\/home\/llama-gob-cdmx-a-manifestacion-pacifica-en-8m-no-se-pondran-mas-policias\/#article","isPartOf":{"@id":"https:\/\/agencia.252.com.mx\/home\/llama-gob-cdmx-a-manifestacion-pacifica-en-8m-no-se-pondran-mas-policias\/"},"author":{"name":"Nacho Corro","@id":"https:\/\/agencia.252.com.mx\/home\/#\/schema\/person\/6b972021e9a92d45ade8c78d81509098"},"headline":"Llama Gob CDMX a manifestaci\u00f3n pacifica en 8M;\u00a0\u00a0no se pondr\u00e1n m\u00e1s polic\u00edas\u00a0","datePublished":"2026-03-06T01:07:22+00:00","dateModified":"2026-03-06T01:08:53+00:00","mainEntityOfPage":{"@id":"https:\/\/agencia.252.com.mx\/home\/llama-gob-cdmx-a-manifestacion-pacifica-en-8m-no-se-pondran-mas-policias\/"},"wordCount":619,"commentCount":0,"publisher":{"@id":"https:\/\/agencia.252.com.mx\/home\/#organization"},"image":{"@id":"https:\/\/agencia.252.com.mx\/home\/llama-gob-cdmx-a-manifestacion-pacifica-en-8m-no-se-pondran-mas-policias\/#primaryimage"},"thumbnailUrl":"https:\/\/agencia.252.com.mx\/wp-content\/uploads\/2026\/03\/WhatsApp-Image-2026-03-05-at-2.31.29-PM.jpeg","keywords":["Edomex"],"articleSection":["CDMX","Metropoli","Seguridad"],"inLanguage":"es","potentialAction":[{"@type":"CommentAction","name":"Comment","target":["https:\/\/agencia.252.com.mx\/home\/llama-gob-cdmx-a-manifestacion-pacifica-en-8m-no-se-pondran-mas-policias\/#respond"]}]},{"@type":"WebPage","@id":"https:\/\/agencia.252.com.mx\/home\/llama-gob-cdmx-a-manifestacion-pacifica-en-8m-no-se-pondran-mas-policias\/","url":"https:\/\/agencia.252.com.mx\/home\/llama-gob-cdmx-a-manifestacion-pacifica-en-8m-no-se-pondran-mas-policias\/","name":"Llama Gob CDMX a manifestaci\u00f3n pacifica en 8M;\u00a0\u00a0no se pondr\u00e1n m\u00e1s polic\u00edas\u00a0 - Agencia252","isPartOf":{"@id":"https:\/\/agencia.252.com.mx\/home\/#website"},"primaryImageOfPage":{"@id":"https:\/\/agencia.252.com.mx\/home\/llama-gob-cdmx-a-manifestacion-pacifica-en-8m-no-se-pondran-mas-policias\/#primaryimage"},"image":{"@id":"https:\/\/agencia.252.com.mx\/home\/llama-gob-cdmx-a-manifestacion-pacifica-en-8m-no-se-pondran-mas-policias\/#primaryimage"},"thumbnailUrl":"https:\/\/agencia.252.com.mx\/wp-content\/uploads\/2026\/03\/WhatsApp-Image-2026-03-05-at-2.31.29-PM.jpeg","datePublished":"2026-03-06T01:07:22+00:00","dateModified":"2026-03-06T01:08:53+00:00","breadcrumb":{"@id":"https:\/\/agencia.252.com.mx\/home\/llama-gob-cdmx-a-manifestacion-pacifica-en-8m-no-se-pondran-mas-policias\/#breadcrumb"},"inLanguage":"es","potentialAction":[{"@type":"ReadAction","target":["https:\/\/agencia.252.com.mx\/home\/llama-gob-cdmx-a-manifestacion-pacifica-en-8m-no-se-pondran-mas-policias\/"]}]},{"@type":"ImageObject","inLanguage":"es","@id":"https:\/\/agencia.252.com.mx\/home\/llama-gob-cdmx-a-manifestacion-pacifica-en-8m-no-se-pondran-mas-policias\/#primaryimage","url":"https:\/\/agencia.252.com.mx\/wp-content\/uploads\/2026\/03\/WhatsApp-Image-2026-03-05-at-2.31.29-PM.jpeg","contentUrl":"https:\/\/agencia.252.com.mx\/wp-content\/uploads\/2026\/03\/WhatsApp-Image-2026-03-05-at-2.31.29-PM.jpeg","width":2560,"height":1706},{"@type":"BreadcrumbList","@id":"https:\/\/agencia.252.com.mx\/home\/llama-gob-cdmx-a-manifestacion-pacifica-en-8m-no-se-pondran-mas-policias\/#breadcrumb","itemListElement":[{"@type":"ListItem","position":1,"name":"Portada","item":"https:\/\/agencia.252.com.mx\/home\/"},{"@type":"ListItem","position":2,"name":"Llama Gob CDMX a manifestaci\u00f3n pacifica en 8M;\u00a0\u00a0no se pondr\u00e1n m\u00e1s polic\u00edas\u00a0"}]},{"@type":"WebSite","@id":"https:\/\/agencia.252.com.mx\/home\/#website","url":"https:\/\/agencia.252.com.mx\/home\/","name":"Agencia252","description":"Tu espacio en la Red","publisher":{"@id":"https:\/\/agencia.252.com.mx\/home\/#organization"},"potentialAction":[{"@type":"SearchAction","target":{"@type":"EntryPoint","urlTemplate":"https:\/\/agencia.252.com.mx\/home\/?s={search_term_string}"},"query-input":{"@type":"PropertyValueSpecification","valueRequired":true,"valueName":"search_term_string"}}],"inLanguage":"es"},{"@type":"Organization","@id":"https:\/\/agencia.252.com.mx\/home\/#organization","name":"Agencia252","url":"https:\/\/agencia.252.com.mx\/home\/","logo":{"@type":"ImageObject","inLanguage":"es","@id":"https:\/\/agencia.252.com.mx\/home\/#\/schema\/logo\/image\/","url":"https:\/\/agencia.252.com.mx\/wp-content\/uploads\/2023\/02\/cropped-ciruclo-agencia-e1677562404136.png","contentUrl":"https:\/\/agencia.252.com.mx\/wp-content\/uploads\/2023\/02\/cropped-ciruclo-agencia-e1677562404136.png","width":512,"height":512,"caption":"Agencia252"},"image":{"@id":"https:\/\/agencia.252.com.mx\/home\/#\/schema\/logo\/image\/"},"sameAs":["https:\/\/www.facebook.com\/252Comunicacion\/","https:\/\/x.com\/252COMS"]},{"@type":"Person","@id":"https:\/\/agencia.252.com.mx\/home\/#\/schema\/person\/6b972021e9a92d45ade8c78d81509098","name":"Nacho Corro","image":{"@type":"ImageObject","inLanguage":"es","@id":"https:\/\/secure.gravatar.com\/avatar\/5db6df507cfe1307e192fbb498c6b85f1cf2ffd8b4cd37141b9eea588fcbd5a4?s=96&r=g","url":"https:\/\/secure.gravatar.com\/avatar\/5db6df507cfe1307e192fbb498c6b85f1cf2ffd8b4cd37141b9eea588fcbd5a4?s=96&r=g","contentUrl":"https:\/\/secure.gravatar.com\/avatar\/5db6df507cfe1307e192fbb498c6b85f1cf2ffd8b4cd37141b9eea588fcbd5a4?s=96&r=g","caption":"Nacho Corro"},"description":"Comunicador Social, Periodista y Administraci\u00f3n P\u00fablica. Conversador pol\u00edtico, temas electorales y seguridad. Generador de contenidos digitales. Amante de la fotograf\u00eda","sameAs":["https:\/\/www.facebook.com\/jcorroherrera\/","www.instagram.com\/nachocorro\/","https:\/\/x.com\/Juan Ignacio Corro Herrera"],"url":"https:\/\/agencia.252.com.mx\/home\/author\/i-corro\/"}]}},"_links":{"self":[{"href":"https:\/\/agencia.252.com.mx\/home\/wp-json\/wp\/v2\/posts\/16618","targetHints":{"allow":["GET"]}}],"collection":[{"href":"https:\/\/agencia.252.com.mx\/home\/wp-json\/wp\/v2\/posts"}],"about":[{"href":"https:\/\/agencia.252.com.mx\/home\/wp-json\/wp\/v2\/types\/post"}],"author":[{"embeddable":true,"href":"https:\/\/agencia.252.com.mx\/home\/wp-json\/wp\/v2\/users\/5"}],"replies":[{"embeddable":true,"href":"https:\/\/agencia.252.com.mx\/home\/wp-json\/wp\/v2\/comments?post=16618"}],"version-history":[{"count":1,"href":"https:\/\/agencia.252.com.mx\/home\/wp-json\/wp\/v2\/posts\/16618\/revisions"}],"predecessor-version":[{"id":16622,"href":"https:\/\/agencia.252.com.mx\/home\/wp-json\/wp\/v2\/posts\/16618\/revisions\/16622"}],"wp:featuredmedia":[{"embeddable":true,"href":"https:\/\/agencia.252.com.mx\/home\/wp-json\/wp\/v2\/media\/16619"}],"wp:attachment":[{"href":"https:\/\/agencia.252.com.mx\/home\/wp-json\/wp\/v2\/media?parent=16618"}],"wp:term":[{"taxonomy":"category","embeddable":true,"href":"https:\/\/agencia.252.com.mx\/home\/wp-json\/wp\/v2\/categories?post=16618"},{"taxonomy":"post_tag","embeddable":true,"href":"https:\/\/agencia.252.com.mx\/home\/wp-json\/wp\/v2\/tags?post=16618"}],"curies":[{"name":"wp","href":"https:\/\/api.w.org\/{rel}","templated":true}]}}