{"id":16518,"date":"2026-03-03T16:18:24","date_gmt":"2026-03-03T22:18:24","guid":{"rendered":"https:\/\/agencia.252.com.mx\/home\/?p=16518"},"modified":"2026-03-03T16:21:56","modified_gmt":"2026-03-03T22:21:56","slug":"presenta-gobierno-de-tlalnepantla-la-actualizacion-del-atlas-municipal-y-estrategias-de-prevencion","status":"publish","type":"post","link":"https:\/\/agencia.252.com.mx\/home\/presenta-gobierno-de-tlalnepantla-la-actualizacion-del-atlas-municipal-y-estrategias-de-prevencion\/","title":{"rendered":"Presenta gobierno de Tlalnepantla la Actualizaci\u00f3n del Atlas Municipal y Estrategias de Prevenci\u00f3n\u00a0"},"content":{"rendered":"<p>Visitas: 17<\/p>\n<ul class=\"wp-block-list\">\n<li><em>Presentaci\u00f3n del Atlas de Riesgos Municipal 2026 con validaci\u00f3n estatal<\/em><\/li>\n\n\n\n<li><em>Implementaci\u00f3n del Programa Sistem\u00e1tico de Prevenci\u00f3n para la Temporada de Estiaje<\/em><\/li>\n\n\n\n<li><em>Capacitaci\u00f3n continua a trav\u00e9s de programas dirigidos a sectores p\u00fablicos y privados<\/em><\/li>\n<\/ul>\n\n\n\n<p>Juan Ignacio Corro&nbsp;<\/p>\n\n\n\n<p class=\"has-text-align-right\">Tlalnepantla, Estado de M\u00e9xico, 03 marzo 2026&nbsp;<\/p>\n\n\n\n<p>El Atlas de Riesgos Municipal 2026, documento que identifica con exactitud los puntos de vulnerabilidad de Tlalnepantla, y cuya actualizaci\u00f3n retraso  Mara Pamela Arregu\u00edn V\u00e1zquez, Titular de la Direcci\u00f3n Municipal de Protecci\u00f3n Civil y Gesti\u00f3n Integral de Riesgos lo que le costo el cargo, fue presentado durante la sesi\u00f3n del Consejo Municipal de Protecci\u00f3n Civil.<\/p>\n\n\n\n<p>En dicha reuni\u00f3n se presentaron los avances estrat\u00e9gicos en materia de seguridad territorial y&nbsp;&nbsp;cuenta con el dictamen de congruencia de la Coordinaci\u00f3n General de Protecci\u00f3n Civil y Gesti\u00f3n Integral de Riesgos del Estado de M\u00e9xico, al integrar tambi\u00e9n los an\u00e1lisis detallados de fen\u00f3menos perturbadores mediante el uso de cartograf\u00eda y geom\u00e1tica avanzada.<\/p>\n\n\n\n<p>Gracias a esta herramienta t\u00e9cnica, la administraci\u00f3n municipal puede identificar con exactitud los puntos de vulnerabilidad y orientar de manera eficiente las pol\u00edticas de desarrollo urbano y atenci\u00f3n de emergencias para salvaguardar el patrimonio de las familias de Tlalnepantla.<\/p>\n\n\n\n<p>Bajo la visi\u00f3n de prevenci\u00f3n impulsada por el Presidente Raciel P\u00e9rez Cruz, se detallaron las acciones del Programa Sistem\u00e1tico para la Temporada de Estiaje, el cual prioriza la detecci\u00f3n temprana y el combate de incendios forestales y de pastizales.&nbsp;<\/p>\n\n\n\n<p>Esta estrategia se apoya en una estrecha colaboraci\u00f3n con organismos como Probosque y unidades de Protecci\u00f3n Civil de municipios colindantes, con una respuesta coordinada bajo el Sistema de Comando de Incidencias.&nbsp;<\/p>\n\n\n\n<p>El gobierno local ha enfatizado la importancia de estas medidas para reducir el impacto ambiental y proteger las zonas de interfaz donde la vegetaci\u00f3n colinda con los asentamientos humanos, fortaleciendo la resiliencia del municipio ante los efectos del cambio clim\u00e1tico y las condiciones de sequ\u00eda.<\/p>\n\n\n\n<p>Se inform\u00f3 sobre la consolidaci\u00f3n del Programa de Capacitaci\u00f3n 2026, el cual incluye esquemas de formaci\u00f3n para brigadistas de los sectores p\u00fablico, privado y social en temas de primeros auxilios, evacuaci\u00f3n y b\u00fasqueda y rescate.<\/p>\n\n\n\n<p>Como parte de esta cultura de autoprotecci\u00f3n, se han institucionalizado acciones de apoyo t\u00e9cnico a empresas para la elaboraci\u00f3n de sus Programas Espec\u00edficos de Protecci\u00f3n Civil, para garantizar que los entornos laborales cumplan con la normativa vigente.<\/p>\n\n\n\n<p><strong>No cumpli\u00f3 con las fechas del Atlas Municipal de Riesgo<\/strong><\/p>\n\n\n\n<p>De acuerdo con fuentes consultadas sobre la abrupta salida de Pamela Arregui en noviembre pasado y de lo cual no dio cuenta el gobierno de Tlalnepatla, revelan que se origin\u00f3 por el incumpimiento con las fechas de entrega de esta documento indispensable para conocer las \u00e1reas vulnerables de la localidad.&nbsp;<\/p>\n\n\n\n<p>Incluso llegaron extra\u00f1amientos por parte del gobierno del Estado de M\u00e9xico por la dilaci\u00f3n en la entrega del Atlas Municipal del Riesgos lo que, seg\u00fan afirman, \u201cmolesto mucho al alcalde Raciel P\u00e9rez por lo que termin\u00f3 con la relaci\u00f3n laboral\u201d, aun cuando desde los primeros meses se dieron a conocer presuntos acto de corrupci\u00f3n al interior de Protecci\u00f3n Civil y Bomberos.<\/p>\n\n\n\n<p>Otra de las causas, aducen, fue la debilidad e inconsistencia con la entrega del presupuesto 2026 del \u00e1rea&nbsp;&nbsp;para su presentacion y an\u00e1lisis en el Cabildo.<\/p>\n\n\n\n<p>A lo anterior se suman tambi\u00e9n el incumplimiento&nbsp;&nbsp;en la elaboraci\u00f3n y entrega de notificaciones de an\u00e1lisis de riesgos y\/o opiniones t\u00e9cnicas solicitadas por la ciudadania, ya sea por materiales diversos, estructuras, da\u00f1os en laderas o taludes por lluvias, entre otras mucgas causas; cuyos trabajos de manera no se realizaban.&nbsp;<\/p>\n\n\n\n<p>A todo ello se suma tambi\u00e9n la queja de los bomberos por los equipos de protecc\u00f3n reciente entregados, los cuales, afirman, \u201cson de muy mala calidad y ponen en peligro la vida de los bomberos\u201d, al advertir, seg\u00fan ellos, que no cumplen con las&nbsp;&nbsp;normas t\u00e9cnicas o llegaron incompletos, cuya gesti\u00f3n de compra le correspondio hacer a Pamela Arregu\u00edn.<\/p>\n","protected":false},"excerpt":{"rendered":"<p>Visitas: 17 Juan Ignacio Corro&nbsp; Tlalnepantla, Estado de M\u00e9xico, 03 marzo 2026&nbsp; El Atlas de Riesgos Municipal 2026, documento que identifica con exactitud los puntos de vulnerabilidad de Tlalnepantla, y cuya actualizaci\u00f3n retraso Mara Pamela Arregu\u00edn V\u00e1zquez, Titular de la Direcci\u00f3n Municipal de Protecci\u00f3n Civil y Gesti\u00f3n Integral de Riesgos lo que le costo el [&hellip;]<\/p>\n","protected":false},"author":5,"featured_media":16519,"comment_status":"open","ping_status":"open","sticky":false,"template":"","format":"standard","meta":{"site-sidebar-layout":"default","site-content-layout":"","ast-site-content-layout":"default","site-content-style":"default","site-sidebar-style":"default","ast-global-header-display":"","ast-banner-title-visibility":"","ast-main-header-display":"","ast-hfb-above-header-display":"","ast-hfb-below-header-display":"","ast-hfb-mobile-header-display":"","site-post-title":"","ast-breadcrumbs-content":"","ast-featured-img":"","footer-sml-layout":"","ast-disable-related-posts":"","theme-transparent-header-meta":"","adv-header-id-meta":"","stick-header-meta":"","header-above-stick-meta":"","header-main-stick-meta":"","header-below-stick-meta":"","astra-migrate-meta-layouts":"set","ast-page-background-enabled":"default","ast-page-background-meta":{"desktop":{"background-color":"var(--ast-global-color-4)","background-image":"","background-repeat":"repeat","background-position":"center center","background-size":"auto","background-attachment":"scroll","background-type":"","background-media":"","overlay-type":"","overlay-color":"","overlay-opacity":"","overlay-gradient":""},"tablet":{"background-color":"","background-image":"","background-repeat":"repeat","background-position":"center center","background-size":"auto","background-attachment":"scroll","background-type":"","background-media":"","overlay-type":"","overlay-color":"","overlay-opacity":"","overlay-gradient":""},"mobile":{"background-color":"","background-image":"","background-repeat":"repeat","background-position":"center center","background-size":"auto","background-attachment":"scroll","background-type":"","background-media":"","overlay-type":"","overlay-color":"","overlay-opacity":"","overlay-gradient":""}},"ast-content-background-meta":{"desktop":{"background-color":"var(--ast-global-color-5)","background-image":"","background-repeat":"repeat","background-position":"center center","background-size":"auto","background-attachment":"scroll","background-type":"","background-media":"","overlay-type":"","overlay-color":"","overlay-opacity":"","overlay-gradient":""},"tablet":{"background-color":"var(--ast-global-color-5)","background-image":"","background-repeat":"repeat","background-position":"center center","background-size":"auto","background-attachment":"scroll","background-type":"","background-media":"","overlay-type":"","overlay-color":"","overlay-opacity":"","overlay-gradient":""},"mobile":{"background-color":"var(--ast-global-color-5)","background-image":"","background-repeat":"repeat","background-position":"center center","background-size":"auto","background-attachment":"scroll","background-type":"","background-media":"","overlay-type":"","overlay-color":"","overlay-opacity":"","overlay-gradient":""}},"footnotes":""},"categories":[8,512,68,56],"tags":[526],"class_list":["post-16518","post","type-post","status-publish","format-standard","has-post-thumbnail","hentry","category-edomex","category-metropoli","category-seguridad","category-tlalnepantla","tag-edomex"],"yoast_head":"<!-- This site is optimized with the Yoast SEO plugin v27.4 - https:\/\/yoast.com\/product\/yoast-seo-wordpress\/ -->\n<title>Presenta gobierno de Tlalnepantla la Actualizaci\u00f3n del Atlas Municipal y Estrategias de Prevenci\u00f3n\u00a0 - Agencia252<\/title>\n<meta name=\"robots\" content=\"index, follow, max-snippet:-1, max-image-preview:large, max-video-preview:-1\" \/>\n<link rel=\"canonical\" href=\"https:\/\/agencia.252.com.mx\/home\/presenta-gobierno-de-tlalnepantla-la-actualizacion-del-atlas-municipal-y-estrategias-de-prevencion\/\" \/>\n<meta property=\"og:locale\" content=\"es_ES\" \/>\n<meta property=\"og:type\" content=\"article\" \/>\n<meta property=\"og:title\" content=\"Presenta gobierno de Tlalnepantla la Actualizaci\u00f3n del Atlas Municipal y Estrategias de Prevenci\u00f3n\u00a0 - Agencia252\" \/>\n<meta property=\"og:description\" content=\"Visitas: 17 Juan Ignacio Corro&nbsp; Tlalnepantla, Estado de M\u00e9xico, 03 marzo 2026&nbsp; El Atlas de Riesgos Municipal 2026, documento que identifica con exactitud los puntos de vulnerabilidad de Tlalnepantla, y cuya actualizaci\u00f3n retraso Mara Pamela Arregu\u00edn V\u00e1zquez, Titular de la Direcci\u00f3n Municipal de Protecci\u00f3n Civil y Gesti\u00f3n Integral de Riesgos lo que le costo el [&hellip;]\" \/>\n<meta property=\"og:url\" content=\"https:\/\/agencia.252.com.mx\/home\/presenta-gobierno-de-tlalnepantla-la-actualizacion-del-atlas-municipal-y-estrategias-de-prevencion\/\" \/>\n<meta property=\"og:site_name\" content=\"Agencia252\" \/>\n<meta property=\"article:publisher\" content=\"https:\/\/www.facebook.com\/252Comunicacion\/\" \/>\n<meta property=\"article:author\" content=\"https:\/\/www.facebook.com\/jcorroherrera\/\" \/>\n<meta property=\"article:published_time\" content=\"2026-03-03T22:18:24+00:00\" \/>\n<meta property=\"article:modified_time\" content=\"2026-03-03T22:21:56+00:00\" \/>\n<meta property=\"og:image\" content=\"http:\/\/agencia.252.com.mx\/wp-content\/uploads\/2026\/03\/WhatsApp-Image-2026-03-02-at-5.03.18-PM.jpeg\" \/>\n\t<meta property=\"og:image:width\" content=\"1237\" \/>\n\t<meta property=\"og:image:height\" content=\"681\" \/>\n\t<meta property=\"og:image:type\" content=\"image\/jpeg\" \/>\n<meta name=\"author\" content=\"Nacho Corro\" \/>\n<meta name=\"twitter:card\" content=\"summary_large_image\" \/>\n<meta name=\"twitter:creator\" content=\"@Juan Ignacio Corro Herrera\" \/>\n<meta name=\"twitter:site\" content=\"@252COMS\" \/>\n<meta name=\"twitter:label1\" content=\"Escrito por\" \/>\n\t<meta name=\"twitter:data1\" content=\"Nacho Corro\" \/>\n\t<meta name=\"twitter:label2\" content=\"Tiempo de lectura\" \/>\n\t<meta name=\"twitter:data2\" content=\"4 minutos\" \/>\n<script type=\"application\/ld+json\" class=\"yoast-schema-graph\">{\"@context\":\"https:\\\/\\\/schema.org\",\"@graph\":[{\"@type\":\"Article\",\"@id\":\"https:\\\/\\\/agencia.252.com.mx\\\/home\\\/presenta-gobierno-de-tlalnepantla-la-actualizacion-del-atlas-municipal-y-estrategias-de-prevencion\\\/#article\",\"isPartOf\":{\"@id\":\"https:\\\/\\\/agencia.252.com.mx\\\/home\\\/presenta-gobierno-de-tlalnepantla-la-actualizacion-del-atlas-municipal-y-estrategias-de-prevencion\\\/\"},\"author\":{\"name\":\"Nacho Corro\",\"@id\":\"https:\\\/\\\/agencia.252.com.mx\\\/home\\\/#\\\/schema\\\/person\\\/6b972021e9a92d45ade8c78d81509098\"},\"headline\":\"Presenta gobierno de Tlalnepantla la Actualizaci\u00f3n del Atlas Municipal y Estrategias de Prevenci\u00f3n\u00a0\",\"datePublished\":\"2026-03-03T22:18:24+00:00\",\"dateModified\":\"2026-03-03T22:21:56+00:00\",\"mainEntityOfPage\":{\"@id\":\"https:\\\/\\\/agencia.252.com.mx\\\/home\\\/presenta-gobierno-de-tlalnepantla-la-actualizacion-del-atlas-municipal-y-estrategias-de-prevencion\\\/\"},\"wordCount\":730,\"commentCount\":0,\"publisher\":{\"@id\":\"https:\\\/\\\/agencia.252.com.mx\\\/home\\\/#organization\"},\"image\":{\"@id\":\"https:\\\/\\\/agencia.252.com.mx\\\/home\\\/presenta-gobierno-de-tlalnepantla-la-actualizacion-del-atlas-municipal-y-estrategias-de-prevencion\\\/#primaryimage\"},\"thumbnailUrl\":\"https:\\\/\\\/agencia.252.com.mx\\\/wp-content\\\/uploads\\\/2026\\\/03\\\/WhatsApp-Image-2026-03-02-at-5.03.18-PM.jpeg\",\"keywords\":[\"Edomex\"],\"articleSection\":[\"Edomex\",\"Metropoli\",\"Seguridad\",\"Tlalnepantla\"],\"inLanguage\":\"es\",\"potentialAction\":[{\"@type\":\"CommentAction\",\"name\":\"Comment\",\"target\":[\"https:\\\/\\\/agencia.252.com.mx\\\/home\\\/presenta-gobierno-de-tlalnepantla-la-actualizacion-del-atlas-municipal-y-estrategias-de-prevencion\\\/#respond\"]}]},{\"@type\":\"WebPage\",\"@id\":\"https:\\\/\\\/agencia.252.com.mx\\\/home\\\/presenta-gobierno-de-tlalnepantla-la-actualizacion-del-atlas-municipal-y-estrategias-de-prevencion\\\/\",\"url\":\"https:\\\/\\\/agencia.252.com.mx\\\/home\\\/presenta-gobierno-de-tlalnepantla-la-actualizacion-del-atlas-municipal-y-estrategias-de-prevencion\\\/\",\"name\":\"Presenta gobierno de Tlalnepantla la Actualizaci\u00f3n del Atlas Municipal y Estrategias de Prevenci\u00f3n\u00a0 - Agencia252\",\"isPartOf\":{\"@id\":\"https:\\\/\\\/agencia.252.com.mx\\\/home\\\/#website\"},\"primaryImageOfPage\":{\"@id\":\"https:\\\/\\\/agencia.252.com.mx\\\/home\\\/presenta-gobierno-de-tlalnepantla-la-actualizacion-del-atlas-municipal-y-estrategias-de-prevencion\\\/#primaryimage\"},\"image\":{\"@id\":\"https:\\\/\\\/agencia.252.com.mx\\\/home\\\/presenta-gobierno-de-tlalnepantla-la-actualizacion-del-atlas-municipal-y-estrategias-de-prevencion\\\/#primaryimage\"},\"thumbnailUrl\":\"https:\\\/\\\/agencia.252.com.mx\\\/wp-content\\\/uploads\\\/2026\\\/03\\\/WhatsApp-Image-2026-03-02-at-5.03.18-PM.jpeg\",\"datePublished\":\"2026-03-03T22:18:24+00:00\",\"dateModified\":\"2026-03-03T22:21:56+00:00\",\"breadcrumb\":{\"@id\":\"https:\\\/\\\/agencia.252.com.mx\\\/home\\\/presenta-gobierno-de-tlalnepantla-la-actualizacion-del-atlas-municipal-y-estrategias-de-prevencion\\\/#breadcrumb\"},\"inLanguage\":\"es\",\"potentialAction\":[{\"@type\":\"ReadAction\",\"target\":[\"https:\\\/\\\/agencia.252.com.mx\\\/home\\\/presenta-gobierno-de-tlalnepantla-la-actualizacion-del-atlas-municipal-y-estrategias-de-prevencion\\\/\"]}]},{\"@type\":\"ImageObject\",\"inLanguage\":\"es\",\"@id\":\"https:\\\/\\\/agencia.252.com.mx\\\/home\\\/presenta-gobierno-de-tlalnepantla-la-actualizacion-del-atlas-municipal-y-estrategias-de-prevencion\\\/#primaryimage\",\"url\":\"https:\\\/\\\/agencia.252.com.mx\\\/wp-content\\\/uploads\\\/2026\\\/03\\\/WhatsApp-Image-2026-03-02-at-5.03.18-PM.jpeg\",\"contentUrl\":\"https:\\\/\\\/agencia.252.com.mx\\\/wp-content\\\/uploads\\\/2026\\\/03\\\/WhatsApp-Image-2026-03-02-at-5.03.18-PM.jpeg\",\"width\":1237,\"height\":681},{\"@type\":\"BreadcrumbList\",\"@id\":\"https:\\\/\\\/agencia.252.com.mx\\\/home\\\/presenta-gobierno-de-tlalnepantla-la-actualizacion-del-atlas-municipal-y-estrategias-de-prevencion\\\/#breadcrumb\",\"itemListElement\":[{\"@type\":\"ListItem\",\"position\":1,\"name\":\"Portada\",\"item\":\"https:\\\/\\\/agencia.252.com.mx\\\/home\\\/\"},{\"@type\":\"ListItem\",\"position\":2,\"name\":\"Presenta gobierno de Tlalnepantla la Actualizaci\u00f3n del Atlas Municipal y Estrategias de Prevenci\u00f3n\u00a0\"}]},{\"@type\":\"WebSite\",\"@id\":\"https:\\\/\\\/agencia.252.com.mx\\\/home\\\/#website\",\"url\":\"https:\\\/\\\/agencia.252.com.mx\\\/home\\\/\",\"name\":\"Agencia252\",\"description\":\"Tu espacio en la Red\",\"publisher\":{\"@id\":\"https:\\\/\\\/agencia.252.com.mx\\\/home\\\/#organization\"},\"potentialAction\":[{\"@type\":\"SearchAction\",\"target\":{\"@type\":\"EntryPoint\",\"urlTemplate\":\"https:\\\/\\\/agencia.252.com.mx\\\/home\\\/?s={search_term_string}\"},\"query-input\":{\"@type\":\"PropertyValueSpecification\",\"valueRequired\":true,\"valueName\":\"search_term_string\"}}],\"inLanguage\":\"es\"},{\"@type\":\"Organization\",\"@id\":\"https:\\\/\\\/agencia.252.com.mx\\\/home\\\/#organization\",\"name\":\"Agencia252\",\"url\":\"https:\\\/\\\/agencia.252.com.mx\\\/home\\\/\",\"logo\":{\"@type\":\"ImageObject\",\"inLanguage\":\"es\",\"@id\":\"https:\\\/\\\/agencia.252.com.mx\\\/home\\\/#\\\/schema\\\/logo\\\/image\\\/\",\"url\":\"https:\\\/\\\/agencia.252.com.mx\\\/wp-content\\\/uploads\\\/2023\\\/02\\\/cropped-ciruclo-agencia-e1677562404136.png\",\"contentUrl\":\"https:\\\/\\\/agencia.252.com.mx\\\/wp-content\\\/uploads\\\/2023\\\/02\\\/cropped-ciruclo-agencia-e1677562404136.png\",\"width\":512,\"height\":512,\"caption\":\"Agencia252\"},\"image\":{\"@id\":\"https:\\\/\\\/agencia.252.com.mx\\\/home\\\/#\\\/schema\\\/logo\\\/image\\\/\"},\"sameAs\":[\"https:\\\/\\\/www.facebook.com\\\/252Comunicacion\\\/\",\"https:\\\/\\\/x.com\\\/252COMS\"]},{\"@type\":\"Person\",\"@id\":\"https:\\\/\\\/agencia.252.com.mx\\\/home\\\/#\\\/schema\\\/person\\\/6b972021e9a92d45ade8c78d81509098\",\"name\":\"Nacho Corro\",\"image\":{\"@type\":\"ImageObject\",\"inLanguage\":\"es\",\"@id\":\"https:\\\/\\\/secure.gravatar.com\\\/avatar\\\/5db6df507cfe1307e192fbb498c6b85f1cf2ffd8b4cd37141b9eea588fcbd5a4?s=96&r=g\",\"url\":\"https:\\\/\\\/secure.gravatar.com\\\/avatar\\\/5db6df507cfe1307e192fbb498c6b85f1cf2ffd8b4cd37141b9eea588fcbd5a4?s=96&r=g\",\"contentUrl\":\"https:\\\/\\\/secure.gravatar.com\\\/avatar\\\/5db6df507cfe1307e192fbb498c6b85f1cf2ffd8b4cd37141b9eea588fcbd5a4?s=96&r=g\",\"caption\":\"Nacho Corro\"},\"description\":\"Comunicador Social, Periodista y Administraci\u00f3n P\u00fablica. Conversador pol\u00edtico, temas electorales y seguridad. Generador de contenidos digitales. Amante de la fotograf\u00eda\",\"sameAs\":[\"https:\\\/\\\/www.facebook.com\\\/jcorroherrera\\\/\",\"www.instagram.com\\\/nachocorro\\\/\",\"https:\\\/\\\/x.com\\\/Juan Ignacio Corro Herrera\"],\"url\":\"https:\\\/\\\/agencia.252.com.mx\\\/home\\\/author\\\/i-corro\\\/\"}]}<\/script>\n<!-- \/ Yoast SEO plugin. -->","yoast_head_json":{"title":"Presenta gobierno de Tlalnepantla la Actualizaci\u00f3n del Atlas Municipal y Estrategias de Prevenci\u00f3n\u00a0 - Agencia252","robots":{"index":"index","follow":"follow","max-snippet":"max-snippet:-1","max-image-preview":"max-image-preview:large","max-video-preview":"max-video-preview:-1"},"canonical":"https:\/\/agencia.252.com.mx\/home\/presenta-gobierno-de-tlalnepantla-la-actualizacion-del-atlas-municipal-y-estrategias-de-prevencion\/","og_locale":"es_ES","og_type":"article","og_title":"Presenta gobierno de Tlalnepantla la Actualizaci\u00f3n del Atlas Municipal y Estrategias de Prevenci\u00f3n\u00a0 - Agencia252","og_description":"Visitas: 17 Juan Ignacio Corro&nbsp; Tlalnepantla, Estado de M\u00e9xico, 03 marzo 2026&nbsp; El Atlas de Riesgos Municipal 2026, documento que identifica con exactitud los puntos de vulnerabilidad de Tlalnepantla, y cuya actualizaci\u00f3n retraso Mara Pamela Arregu\u00edn V\u00e1zquez, Titular de la Direcci\u00f3n Municipal de Protecci\u00f3n Civil y Gesti\u00f3n Integral de Riesgos lo que le costo el [&hellip;]","og_url":"https:\/\/agencia.252.com.mx\/home\/presenta-gobierno-de-tlalnepantla-la-actualizacion-del-atlas-municipal-y-estrategias-de-prevencion\/","og_site_name":"Agencia252","article_publisher":"https:\/\/www.facebook.com\/252Comunicacion\/","article_author":"https:\/\/www.facebook.com\/jcorroherrera\/","article_published_time":"2026-03-03T22:18:24+00:00","article_modified_time":"2026-03-03T22:21:56+00:00","og_image":[{"width":1237,"height":681,"url":"http:\/\/agencia.252.com.mx\/wp-content\/uploads\/2026\/03\/WhatsApp-Image-2026-03-02-at-5.03.18-PM.jpeg","type":"image\/jpeg"}],"author":"Nacho Corro","twitter_card":"summary_large_image","twitter_creator":"@Juan Ignacio Corro Herrera","twitter_site":"@252COMS","twitter_misc":{"Escrito por":"Nacho Corro","Tiempo de lectura":"4 minutos"},"schema":{"@context":"https:\/\/schema.org","@graph":[{"@type":"Article","@id":"https:\/\/agencia.252.com.mx\/home\/presenta-gobierno-de-tlalnepantla-la-actualizacion-del-atlas-municipal-y-estrategias-de-prevencion\/#article","isPartOf":{"@id":"https:\/\/agencia.252.com.mx\/home\/presenta-gobierno-de-tlalnepantla-la-actualizacion-del-atlas-municipal-y-estrategias-de-prevencion\/"},"author":{"name":"Nacho Corro","@id":"https:\/\/agencia.252.com.mx\/home\/#\/schema\/person\/6b972021e9a92d45ade8c78d81509098"},"headline":"Presenta gobierno de Tlalnepantla la Actualizaci\u00f3n del Atlas Municipal y Estrategias de Prevenci\u00f3n\u00a0","datePublished":"2026-03-03T22:18:24+00:00","dateModified":"2026-03-03T22:21:56+00:00","mainEntityOfPage":{"@id":"https:\/\/agencia.252.com.mx\/home\/presenta-gobierno-de-tlalnepantla-la-actualizacion-del-atlas-municipal-y-estrategias-de-prevencion\/"},"wordCount":730,"commentCount":0,"publisher":{"@id":"https:\/\/agencia.252.com.mx\/home\/#organization"},"image":{"@id":"https:\/\/agencia.252.com.mx\/home\/presenta-gobierno-de-tlalnepantla-la-actualizacion-del-atlas-municipal-y-estrategias-de-prevencion\/#primaryimage"},"thumbnailUrl":"https:\/\/agencia.252.com.mx\/wp-content\/uploads\/2026\/03\/WhatsApp-Image-2026-03-02-at-5.03.18-PM.jpeg","keywords":["Edomex"],"articleSection":["Edomex","Metropoli","Seguridad","Tlalnepantla"],"inLanguage":"es","potentialAction":[{"@type":"CommentAction","name":"Comment","target":["https:\/\/agencia.252.com.mx\/home\/presenta-gobierno-de-tlalnepantla-la-actualizacion-del-atlas-municipal-y-estrategias-de-prevencion\/#respond"]}]},{"@type":"WebPage","@id":"https:\/\/agencia.252.com.mx\/home\/presenta-gobierno-de-tlalnepantla-la-actualizacion-del-atlas-municipal-y-estrategias-de-prevencion\/","url":"https:\/\/agencia.252.com.mx\/home\/presenta-gobierno-de-tlalnepantla-la-actualizacion-del-atlas-municipal-y-estrategias-de-prevencion\/","name":"Presenta gobierno de Tlalnepantla la Actualizaci\u00f3n del Atlas Municipal y Estrategias de Prevenci\u00f3n\u00a0 - Agencia252","isPartOf":{"@id":"https:\/\/agencia.252.com.mx\/home\/#website"},"primaryImageOfPage":{"@id":"https:\/\/agencia.252.com.mx\/home\/presenta-gobierno-de-tlalnepantla-la-actualizacion-del-atlas-municipal-y-estrategias-de-prevencion\/#primaryimage"},"image":{"@id":"https:\/\/agencia.252.com.mx\/home\/presenta-gobierno-de-tlalnepantla-la-actualizacion-del-atlas-municipal-y-estrategias-de-prevencion\/#primaryimage"},"thumbnailUrl":"https:\/\/agencia.252.com.mx\/wp-content\/uploads\/2026\/03\/WhatsApp-Image-2026-03-02-at-5.03.18-PM.jpeg","datePublished":"2026-03-03T22:18:24+00:00","dateModified":"2026-03-03T22:21:56+00:00","breadcrumb":{"@id":"https:\/\/agencia.252.com.mx\/home\/presenta-gobierno-de-tlalnepantla-la-actualizacion-del-atlas-municipal-y-estrategias-de-prevencion\/#breadcrumb"},"inLanguage":"es","potentialAction":[{"@type":"ReadAction","target":["https:\/\/agencia.252.com.mx\/home\/presenta-gobierno-de-tlalnepantla-la-actualizacion-del-atlas-municipal-y-estrategias-de-prevencion\/"]}]},{"@type":"ImageObject","inLanguage":"es","@id":"https:\/\/agencia.252.com.mx\/home\/presenta-gobierno-de-tlalnepantla-la-actualizacion-del-atlas-municipal-y-estrategias-de-prevencion\/#primaryimage","url":"https:\/\/agencia.252.com.mx\/wp-content\/uploads\/2026\/03\/WhatsApp-Image-2026-03-02-at-5.03.18-PM.jpeg","contentUrl":"https:\/\/agencia.252.com.mx\/wp-content\/uploads\/2026\/03\/WhatsApp-Image-2026-03-02-at-5.03.18-PM.jpeg","width":1237,"height":681},{"@type":"BreadcrumbList","@id":"https:\/\/agencia.252.com.mx\/home\/presenta-gobierno-de-tlalnepantla-la-actualizacion-del-atlas-municipal-y-estrategias-de-prevencion\/#breadcrumb","itemListElement":[{"@type":"ListItem","position":1,"name":"Portada","item":"https:\/\/agencia.252.com.mx\/home\/"},{"@type":"ListItem","position":2,"name":"Presenta gobierno de Tlalnepantla la Actualizaci\u00f3n del Atlas Municipal y Estrategias de Prevenci\u00f3n\u00a0"}]},{"@type":"WebSite","@id":"https:\/\/agencia.252.com.mx\/home\/#website","url":"https:\/\/agencia.252.com.mx\/home\/","name":"Agencia252","description":"Tu espacio en la Red","publisher":{"@id":"https:\/\/agencia.252.com.mx\/home\/#organization"},"potentialAction":[{"@type":"SearchAction","target":{"@type":"EntryPoint","urlTemplate":"https:\/\/agencia.252.com.mx\/home\/?s={search_term_string}"},"query-input":{"@type":"PropertyValueSpecification","valueRequired":true,"valueName":"search_term_string"}}],"inLanguage":"es"},{"@type":"Organization","@id":"https:\/\/agencia.252.com.mx\/home\/#organization","name":"Agencia252","url":"https:\/\/agencia.252.com.mx\/home\/","logo":{"@type":"ImageObject","inLanguage":"es","@id":"https:\/\/agencia.252.com.mx\/home\/#\/schema\/logo\/image\/","url":"https:\/\/agencia.252.com.mx\/wp-content\/uploads\/2023\/02\/cropped-ciruclo-agencia-e1677562404136.png","contentUrl":"https:\/\/agencia.252.com.mx\/wp-content\/uploads\/2023\/02\/cropped-ciruclo-agencia-e1677562404136.png","width":512,"height":512,"caption":"Agencia252"},"image":{"@id":"https:\/\/agencia.252.com.mx\/home\/#\/schema\/logo\/image\/"},"sameAs":["https:\/\/www.facebook.com\/252Comunicacion\/","https:\/\/x.com\/252COMS"]},{"@type":"Person","@id":"https:\/\/agencia.252.com.mx\/home\/#\/schema\/person\/6b972021e9a92d45ade8c78d81509098","name":"Nacho Corro","image":{"@type":"ImageObject","inLanguage":"es","@id":"https:\/\/secure.gravatar.com\/avatar\/5db6df507cfe1307e192fbb498c6b85f1cf2ffd8b4cd37141b9eea588fcbd5a4?s=96&r=g","url":"https:\/\/secure.gravatar.com\/avatar\/5db6df507cfe1307e192fbb498c6b85f1cf2ffd8b4cd37141b9eea588fcbd5a4?s=96&r=g","contentUrl":"https:\/\/secure.gravatar.com\/avatar\/5db6df507cfe1307e192fbb498c6b85f1cf2ffd8b4cd37141b9eea588fcbd5a4?s=96&r=g","caption":"Nacho Corro"},"description":"Comunicador Social, Periodista y Administraci\u00f3n P\u00fablica. Conversador pol\u00edtico, temas electorales y seguridad. Generador de contenidos digitales. Amante de la fotograf\u00eda","sameAs":["https:\/\/www.facebook.com\/jcorroherrera\/","www.instagram.com\/nachocorro\/","https:\/\/x.com\/Juan Ignacio Corro Herrera"],"url":"https:\/\/agencia.252.com.mx\/home\/author\/i-corro\/"}]}},"_links":{"self":[{"href":"https:\/\/agencia.252.com.mx\/home\/wp-json\/wp\/v2\/posts\/16518","targetHints":{"allow":["GET"]}}],"collection":[{"href":"https:\/\/agencia.252.com.mx\/home\/wp-json\/wp\/v2\/posts"}],"about":[{"href":"https:\/\/agencia.252.com.mx\/home\/wp-json\/wp\/v2\/types\/post"}],"author":[{"embeddable":true,"href":"https:\/\/agencia.252.com.mx\/home\/wp-json\/wp\/v2\/users\/5"}],"replies":[{"embeddable":true,"href":"https:\/\/agencia.252.com.mx\/home\/wp-json\/wp\/v2\/comments?post=16518"}],"version-history":[{"count":2,"href":"https:\/\/agencia.252.com.mx\/home\/wp-json\/wp\/v2\/posts\/16518\/revisions"}],"predecessor-version":[{"id":16522,"href":"https:\/\/agencia.252.com.mx\/home\/wp-json\/wp\/v2\/posts\/16518\/revisions\/16522"}],"wp:featuredmedia":[{"embeddable":true,"href":"https:\/\/agencia.252.com.mx\/home\/wp-json\/wp\/v2\/media\/16519"}],"wp:attachment":[{"href":"https:\/\/agencia.252.com.mx\/home\/wp-json\/wp\/v2\/media?parent=16518"}],"wp:term":[{"taxonomy":"category","embeddable":true,"href":"https:\/\/agencia.252.com.mx\/home\/wp-json\/wp\/v2\/categories?post=16518"},{"taxonomy":"post_tag","embeddable":true,"href":"https:\/\/agencia.252.com.mx\/home\/wp-json\/wp\/v2\/tags?post=16518"}],"curies":[{"name":"wp","href":"https:\/\/api.w.org\/{rel}","templated":true}]}}