{"id":16510,"date":"2026-03-03T14:28:03","date_gmt":"2026-03-03T20:28:03","guid":{"rendered":"https:\/\/agencia.252.com.mx\/home\/?p=16510"},"modified":"2026-03-03T14:28:05","modified_gmt":"2026-03-03T20:28:05","slug":"modernizacion-de-escuelas-una-apuesta-por-la-educacion-de-las-y-los-ninos-de-atizapan","status":"publish","type":"post","link":"https:\/\/agencia.252.com.mx\/home\/modernizacion-de-escuelas-una-apuesta-por-la-educacion-de-las-y-los-ninos-de-atizapan\/","title":{"rendered":"Modernizaci\u00f3n de escuelas, una apuesta por la educaci\u00f3n de las y los ni\u00f1os de Atizap\u00e1n"},"content":{"rendered":"<p>Visitas: 10<\/p>\n<ul class=\"wp-block-list\">\n<li><em>Arcotechos, aulas digitales y n\u00facleos sanitarios para mejorar las instalaciones de las escuelas del municipio: Pedro Villegas\u00a0<\/em><\/li>\n<\/ul>\n\n\n\n<p>Juan Ignacio Corro&nbsp;<\/p>\n\n\n\n<p class=\"has-text-align-right\">Atizap\u00e1n, Estado de M\u00e9xico, 03 marzo 2026&nbsp;<\/p>\n\n\n\n<p>Pedro Rodr\u00edguez Villegas, Presidente Municipal de Atizap\u00e1n de Zaragoza, entreg\u00f3 un arcotecho en la primaria \u00abEmiliano Zapata\u00bb, que ayudar\u00e1 al alumnado a realizar actividades f\u00edsicas y c\u00edvicas con mayor seguridad y protecci\u00f3n ante las inclemencias del tiempo; lo anterior, en el marco del programa de obras en institucuones educativas p\u00fablicas de la localidad que contempla&nbsp;&nbsp;arcotechos, aulas digitales y n\u00facleos sanitarios.&nbsp;<\/p>\n\n\n\n<p>Con la presecia de la Presidenta Honoraria del Sistema Municipal DIF, Paty Ar\u00e9valo,&nbsp;&nbsp;el edil refiri\u00f3 que en esta escuela ya se han entregado tres obras, con lo que dicha instituci\u00f3n est\u00e1 creciendo,&nbsp;&nbsp;primero mejorando sus espacios, despu\u00e9s con su aula digital y ahora con un techado que ser\u00e1 de gran beneficio para la comunidad estudiantil.<\/p>\n\n\n\n<p>Durante su visita a la escuela de la colonia del mismo nombre, el Alcalde destac\u00f3 las obras y acciones que ha ejecutado en escuelas p\u00fablicas, impulsando as\u00ed una infraestructura digna y moderna que garantiza mejores condiciones para el aprendizaje de la ni\u00f1ez atizapense.<\/p>\n\n\n\n<p>Subray\u00f3 que el trabajo coordinado entre autoridades municipales y escolares es fundamental para que los planteles educativos de Atizap\u00e1n de Zaragoza se sigan modernizando y hagan frente a los retos tecnol\u00f3gicos actuales.<\/p>\n\n\n\n<p>Acompa\u00f1ado de integrantes del Cuerpo Edilicio y de directores de la presente Administraci\u00f3n, Pedro Rodr\u00edguez Villegas subray\u00f3 que es fundamental que los gobiernos municipales apuesten de manera permanente a la infraestructura escolar, ya que con el paso del tiempo los planteles requieren mantenimiento y rehabilitaci\u00f3n constante para seguir ofreciendo espacios seguros y funcionales.<\/p>\n","protected":false},"excerpt":{"rendered":"<p>Visitas: 10 Juan Ignacio Corro&nbsp; Atizap\u00e1n, Estado de M\u00e9xico, 03 marzo 2026&nbsp; Pedro Rodr\u00edguez Villegas, Presidente Municipal de Atizap\u00e1n de Zaragoza, entreg\u00f3 un arcotecho en la primaria \u00abEmiliano Zapata\u00bb, que ayudar\u00e1 al alumnado a realizar actividades f\u00edsicas y c\u00edvicas con mayor seguridad y protecci\u00f3n ante las inclemencias del tiempo; lo anterior, en el marco del [&hellip;]<\/p>\n","protected":false},"author":5,"featured_media":16516,"comment_status":"open","ping_status":"open","sticky":false,"template":"","format":"standard","meta":{"site-sidebar-layout":"default","site-content-layout":"","ast-site-content-layout":"default","site-content-style":"default","site-sidebar-style":"default","ast-global-header-display":"","ast-banner-title-visibility":"","ast-main-header-display":"","ast-hfb-above-header-display":"","ast-hfb-below-header-display":"","ast-hfb-mobile-header-display":"","site-post-title":"","ast-breadcrumbs-content":"","ast-featured-img":"","footer-sml-layout":"","ast-disable-related-posts":"","theme-transparent-header-meta":"","adv-header-id-meta":"","stick-header-meta":"","header-above-stick-meta":"","header-main-stick-meta":"","header-below-stick-meta":"","astra-migrate-meta-layouts":"set","ast-page-background-enabled":"default","ast-page-background-meta":{"desktop":{"background-color":"var(--ast-global-color-4)","background-image":"","background-repeat":"repeat","background-position":"center center","background-size":"auto","background-attachment":"scroll","background-type":"","background-media":"","overlay-type":"","overlay-color":"","overlay-opacity":"","overlay-gradient":""},"tablet":{"background-color":"","background-image":"","background-repeat":"repeat","background-position":"center center","background-size":"auto","background-attachment":"scroll","background-type":"","background-media":"","overlay-type":"","overlay-color":"","overlay-opacity":"","overlay-gradient":""},"mobile":{"background-color":"","background-image":"","background-repeat":"repeat","background-position":"center center","background-size":"auto","background-attachment":"scroll","background-type":"","background-media":"","overlay-type":"","overlay-color":"","overlay-opacity":"","overlay-gradient":""}},"ast-content-background-meta":{"desktop":{"background-color":"var(--ast-global-color-5)","background-image":"","background-repeat":"repeat","background-position":"center center","background-size":"auto","background-attachment":"scroll","background-type":"","background-media":"","overlay-type":"","overlay-color":"","overlay-opacity":"","overlay-gradient":""},"tablet":{"background-color":"var(--ast-global-color-5)","background-image":"","background-repeat":"repeat","background-position":"center center","background-size":"auto","background-attachment":"scroll","background-type":"","background-media":"","overlay-type":"","overlay-color":"","overlay-opacity":"","overlay-gradient":""},"mobile":{"background-color":"var(--ast-global-color-5)","background-image":"","background-repeat":"repeat","background-position":"center center","background-size":"auto","background-attachment":"scroll","background-type":"","background-media":"","overlay-type":"","overlay-color":"","overlay-opacity":"","overlay-gradient":""}},"footnotes":""},"categories":[58,8,512,68],"tags":[526],"class_list":["post-16510","post","type-post","status-publish","format-standard","has-post-thumbnail","hentry","category-atizapan","category-edomex","category-metropoli","category-seguridad","tag-edomex"],"yoast_head":"<!-- This site is optimized with the Yoast SEO plugin v27.4 - https:\/\/yoast.com\/product\/yoast-seo-wordpress\/ -->\n<title>Modernizaci\u00f3n de escuelas, una apuesta por la educaci\u00f3n de las y los ni\u00f1os de Atizap\u00e1n - Agencia252<\/title>\n<meta name=\"robots\" content=\"index, follow, max-snippet:-1, max-image-preview:large, max-video-preview:-1\" \/>\n<link rel=\"canonical\" href=\"https:\/\/agencia.252.com.mx\/home\/modernizacion-de-escuelas-una-apuesta-por-la-educacion-de-las-y-los-ninos-de-atizapan\/\" \/>\n<meta property=\"og:locale\" content=\"es_ES\" \/>\n<meta property=\"og:type\" content=\"article\" \/>\n<meta property=\"og:title\" content=\"Modernizaci\u00f3n de escuelas, una apuesta por la educaci\u00f3n de las y los ni\u00f1os de Atizap\u00e1n - Agencia252\" \/>\n<meta property=\"og:description\" content=\"Visitas: 10 Juan Ignacio Corro&nbsp; Atizap\u00e1n, Estado de M\u00e9xico, 03 marzo 2026&nbsp; Pedro Rodr\u00edguez Villegas, Presidente Municipal de Atizap\u00e1n de Zaragoza, entreg\u00f3 un arcotecho en la primaria \u00abEmiliano Zapata\u00bb, que ayudar\u00e1 al alumnado a realizar actividades f\u00edsicas y c\u00edvicas con mayor seguridad y protecci\u00f3n ante las inclemencias del tiempo; lo anterior, en el marco del [&hellip;]\" \/>\n<meta property=\"og:url\" content=\"https:\/\/agencia.252.com.mx\/home\/modernizacion-de-escuelas-una-apuesta-por-la-educacion-de-las-y-los-ninos-de-atizapan\/\" \/>\n<meta property=\"og:site_name\" content=\"Agencia252\" \/>\n<meta property=\"article:publisher\" content=\"https:\/\/www.facebook.com\/252Comunicacion\/\" \/>\n<meta property=\"article:author\" content=\"https:\/\/www.facebook.com\/jcorroherrera\/\" \/>\n<meta property=\"article:published_time\" content=\"2026-03-03T20:28:03+00:00\" \/>\n<meta property=\"article:modified_time\" content=\"2026-03-03T20:28:05+00:00\" \/>\n<meta property=\"og:image\" content=\"http:\/\/agencia.252.com.mx\/wp-content\/uploads\/2026\/03\/WhatsApp-Image-2026-03-03-at-9.27.34-AM.jpeg\" \/>\n\t<meta property=\"og:image:width\" content=\"1080\" \/>\n\t<meta property=\"og:image:height\" content=\"716\" \/>\n\t<meta property=\"og:image:type\" content=\"image\/jpeg\" \/>\n<meta name=\"author\" content=\"Nacho Corro\" \/>\n<meta name=\"twitter:card\" content=\"summary_large_image\" \/>\n<meta name=\"twitter:creator\" content=\"@Juan Ignacio Corro Herrera\" \/>\n<meta name=\"twitter:site\" content=\"@252COMS\" \/>\n<meta name=\"twitter:label1\" content=\"Escrito por\" \/>\n\t<meta name=\"twitter:data1\" content=\"Nacho Corro\" \/>\n\t<meta name=\"twitter:label2\" content=\"Tiempo de lectura\" \/>\n\t<meta name=\"twitter:data2\" content=\"2 minutos\" \/>\n<script type=\"application\/ld+json\" class=\"yoast-schema-graph\">{\"@context\":\"https:\\\/\\\/schema.org\",\"@graph\":[{\"@type\":\"Article\",\"@id\":\"https:\\\/\\\/agencia.252.com.mx\\\/home\\\/modernizacion-de-escuelas-una-apuesta-por-la-educacion-de-las-y-los-ninos-de-atizapan\\\/#article\",\"isPartOf\":{\"@id\":\"https:\\\/\\\/agencia.252.com.mx\\\/home\\\/modernizacion-de-escuelas-una-apuesta-por-la-educacion-de-las-y-los-ninos-de-atizapan\\\/\"},\"author\":{\"name\":\"Nacho Corro\",\"@id\":\"https:\\\/\\\/agencia.252.com.mx\\\/home\\\/#\\\/schema\\\/person\\\/6b972021e9a92d45ade8c78d81509098\"},\"headline\":\"Modernizaci\u00f3n de escuelas, una apuesta por la educaci\u00f3n de las y los ni\u00f1os de Atizap\u00e1n\",\"datePublished\":\"2026-03-03T20:28:03+00:00\",\"dateModified\":\"2026-03-03T20:28:05+00:00\",\"mainEntityOfPage\":{\"@id\":\"https:\\\/\\\/agencia.252.com.mx\\\/home\\\/modernizacion-de-escuelas-una-apuesta-por-la-educacion-de-las-y-los-ninos-de-atizapan\\\/\"},\"wordCount\":319,\"commentCount\":0,\"publisher\":{\"@id\":\"https:\\\/\\\/agencia.252.com.mx\\\/home\\\/#organization\"},\"image\":{\"@id\":\"https:\\\/\\\/agencia.252.com.mx\\\/home\\\/modernizacion-de-escuelas-una-apuesta-por-la-educacion-de-las-y-los-ninos-de-atizapan\\\/#primaryimage\"},\"thumbnailUrl\":\"https:\\\/\\\/agencia.252.com.mx\\\/wp-content\\\/uploads\\\/2026\\\/03\\\/WhatsApp-Image-2026-03-03-at-9.27.34-AM.jpeg\",\"keywords\":[\"Edomex\"],\"articleSection\":[\"Atizap\u00e1n\",\"Edomex\",\"Metropoli\",\"Seguridad\"],\"inLanguage\":\"es\",\"potentialAction\":[{\"@type\":\"CommentAction\",\"name\":\"Comment\",\"target\":[\"https:\\\/\\\/agencia.252.com.mx\\\/home\\\/modernizacion-de-escuelas-una-apuesta-por-la-educacion-de-las-y-los-ninos-de-atizapan\\\/#respond\"]}]},{\"@type\":\"WebPage\",\"@id\":\"https:\\\/\\\/agencia.252.com.mx\\\/home\\\/modernizacion-de-escuelas-una-apuesta-por-la-educacion-de-las-y-los-ninos-de-atizapan\\\/\",\"url\":\"https:\\\/\\\/agencia.252.com.mx\\\/home\\\/modernizacion-de-escuelas-una-apuesta-por-la-educacion-de-las-y-los-ninos-de-atizapan\\\/\",\"name\":\"Modernizaci\u00f3n de escuelas, una apuesta por la educaci\u00f3n de las y los ni\u00f1os de Atizap\u00e1n - Agencia252\",\"isPartOf\":{\"@id\":\"https:\\\/\\\/agencia.252.com.mx\\\/home\\\/#website\"},\"primaryImageOfPage\":{\"@id\":\"https:\\\/\\\/agencia.252.com.mx\\\/home\\\/modernizacion-de-escuelas-una-apuesta-por-la-educacion-de-las-y-los-ninos-de-atizapan\\\/#primaryimage\"},\"image\":{\"@id\":\"https:\\\/\\\/agencia.252.com.mx\\\/home\\\/modernizacion-de-escuelas-una-apuesta-por-la-educacion-de-las-y-los-ninos-de-atizapan\\\/#primaryimage\"},\"thumbnailUrl\":\"https:\\\/\\\/agencia.252.com.mx\\\/wp-content\\\/uploads\\\/2026\\\/03\\\/WhatsApp-Image-2026-03-03-at-9.27.34-AM.jpeg\",\"datePublished\":\"2026-03-03T20:28:03+00:00\",\"dateModified\":\"2026-03-03T20:28:05+00:00\",\"breadcrumb\":{\"@id\":\"https:\\\/\\\/agencia.252.com.mx\\\/home\\\/modernizacion-de-escuelas-una-apuesta-por-la-educacion-de-las-y-los-ninos-de-atizapan\\\/#breadcrumb\"},\"inLanguage\":\"es\",\"potentialAction\":[{\"@type\":\"ReadAction\",\"target\":[\"https:\\\/\\\/agencia.252.com.mx\\\/home\\\/modernizacion-de-escuelas-una-apuesta-por-la-educacion-de-las-y-los-ninos-de-atizapan\\\/\"]}]},{\"@type\":\"ImageObject\",\"inLanguage\":\"es\",\"@id\":\"https:\\\/\\\/agencia.252.com.mx\\\/home\\\/modernizacion-de-escuelas-una-apuesta-por-la-educacion-de-las-y-los-ninos-de-atizapan\\\/#primaryimage\",\"url\":\"https:\\\/\\\/agencia.252.com.mx\\\/wp-content\\\/uploads\\\/2026\\\/03\\\/WhatsApp-Image-2026-03-03-at-9.27.34-AM.jpeg\",\"contentUrl\":\"https:\\\/\\\/agencia.252.com.mx\\\/wp-content\\\/uploads\\\/2026\\\/03\\\/WhatsApp-Image-2026-03-03-at-9.27.34-AM.jpeg\",\"width\":1080,\"height\":716},{\"@type\":\"BreadcrumbList\",\"@id\":\"https:\\\/\\\/agencia.252.com.mx\\\/home\\\/modernizacion-de-escuelas-una-apuesta-por-la-educacion-de-las-y-los-ninos-de-atizapan\\\/#breadcrumb\",\"itemListElement\":[{\"@type\":\"ListItem\",\"position\":1,\"name\":\"Portada\",\"item\":\"https:\\\/\\\/agencia.252.com.mx\\\/home\\\/\"},{\"@type\":\"ListItem\",\"position\":2,\"name\":\"Modernizaci\u00f3n de escuelas, una apuesta por la educaci\u00f3n de las y los ni\u00f1os de Atizap\u00e1n\"}]},{\"@type\":\"WebSite\",\"@id\":\"https:\\\/\\\/agencia.252.com.mx\\\/home\\\/#website\",\"url\":\"https:\\\/\\\/agencia.252.com.mx\\\/home\\\/\",\"name\":\"Agencia252\",\"description\":\"Tu espacio en la Red\",\"publisher\":{\"@id\":\"https:\\\/\\\/agencia.252.com.mx\\\/home\\\/#organization\"},\"potentialAction\":[{\"@type\":\"SearchAction\",\"target\":{\"@type\":\"EntryPoint\",\"urlTemplate\":\"https:\\\/\\\/agencia.252.com.mx\\\/home\\\/?s={search_term_string}\"},\"query-input\":{\"@type\":\"PropertyValueSpecification\",\"valueRequired\":true,\"valueName\":\"search_term_string\"}}],\"inLanguage\":\"es\"},{\"@type\":\"Organization\",\"@id\":\"https:\\\/\\\/agencia.252.com.mx\\\/home\\\/#organization\",\"name\":\"Agencia252\",\"url\":\"https:\\\/\\\/agencia.252.com.mx\\\/home\\\/\",\"logo\":{\"@type\":\"ImageObject\",\"inLanguage\":\"es\",\"@id\":\"https:\\\/\\\/agencia.252.com.mx\\\/home\\\/#\\\/schema\\\/logo\\\/image\\\/\",\"url\":\"https:\\\/\\\/agencia.252.com.mx\\\/wp-content\\\/uploads\\\/2023\\\/02\\\/cropped-ciruclo-agencia-e1677562404136.png\",\"contentUrl\":\"https:\\\/\\\/agencia.252.com.mx\\\/wp-content\\\/uploads\\\/2023\\\/02\\\/cropped-ciruclo-agencia-e1677562404136.png\",\"width\":512,\"height\":512,\"caption\":\"Agencia252\"},\"image\":{\"@id\":\"https:\\\/\\\/agencia.252.com.mx\\\/home\\\/#\\\/schema\\\/logo\\\/image\\\/\"},\"sameAs\":[\"https:\\\/\\\/www.facebook.com\\\/252Comunicacion\\\/\",\"https:\\\/\\\/x.com\\\/252COMS\"]},{\"@type\":\"Person\",\"@id\":\"https:\\\/\\\/agencia.252.com.mx\\\/home\\\/#\\\/schema\\\/person\\\/6b972021e9a92d45ade8c78d81509098\",\"name\":\"Nacho Corro\",\"image\":{\"@type\":\"ImageObject\",\"inLanguage\":\"es\",\"@id\":\"https:\\\/\\\/secure.gravatar.com\\\/avatar\\\/5db6df507cfe1307e192fbb498c6b85f1cf2ffd8b4cd37141b9eea588fcbd5a4?s=96&r=g\",\"url\":\"https:\\\/\\\/secure.gravatar.com\\\/avatar\\\/5db6df507cfe1307e192fbb498c6b85f1cf2ffd8b4cd37141b9eea588fcbd5a4?s=96&r=g\",\"contentUrl\":\"https:\\\/\\\/secure.gravatar.com\\\/avatar\\\/5db6df507cfe1307e192fbb498c6b85f1cf2ffd8b4cd37141b9eea588fcbd5a4?s=96&r=g\",\"caption\":\"Nacho Corro\"},\"description\":\"Comunicador Social, Periodista y Administraci\u00f3n P\u00fablica. Conversador pol\u00edtico, temas electorales y seguridad. Generador de contenidos digitales. Amante de la fotograf\u00eda\",\"sameAs\":[\"https:\\\/\\\/www.facebook.com\\\/jcorroherrera\\\/\",\"www.instagram.com\\\/nachocorro\\\/\",\"https:\\\/\\\/x.com\\\/Juan Ignacio Corro Herrera\"],\"url\":\"https:\\\/\\\/agencia.252.com.mx\\\/home\\\/author\\\/i-corro\\\/\"}]}<\/script>\n<!-- \/ Yoast SEO plugin. -->","yoast_head_json":{"title":"Modernizaci\u00f3n de escuelas, una apuesta por la educaci\u00f3n de las y los ni\u00f1os de Atizap\u00e1n - Agencia252","robots":{"index":"index","follow":"follow","max-snippet":"max-snippet:-1","max-image-preview":"max-image-preview:large","max-video-preview":"max-video-preview:-1"},"canonical":"https:\/\/agencia.252.com.mx\/home\/modernizacion-de-escuelas-una-apuesta-por-la-educacion-de-las-y-los-ninos-de-atizapan\/","og_locale":"es_ES","og_type":"article","og_title":"Modernizaci\u00f3n de escuelas, una apuesta por la educaci\u00f3n de las y los ni\u00f1os de Atizap\u00e1n - Agencia252","og_description":"Visitas: 10 Juan Ignacio Corro&nbsp; Atizap\u00e1n, Estado de M\u00e9xico, 03 marzo 2026&nbsp; Pedro Rodr\u00edguez Villegas, Presidente Municipal de Atizap\u00e1n de Zaragoza, entreg\u00f3 un arcotecho en la primaria \u00abEmiliano Zapata\u00bb, que ayudar\u00e1 al alumnado a realizar actividades f\u00edsicas y c\u00edvicas con mayor seguridad y protecci\u00f3n ante las inclemencias del tiempo; lo anterior, en el marco del [&hellip;]","og_url":"https:\/\/agencia.252.com.mx\/home\/modernizacion-de-escuelas-una-apuesta-por-la-educacion-de-las-y-los-ninos-de-atizapan\/","og_site_name":"Agencia252","article_publisher":"https:\/\/www.facebook.com\/252Comunicacion\/","article_author":"https:\/\/www.facebook.com\/jcorroherrera\/","article_published_time":"2026-03-03T20:28:03+00:00","article_modified_time":"2026-03-03T20:28:05+00:00","og_image":[{"width":1080,"height":716,"url":"http:\/\/agencia.252.com.mx\/wp-content\/uploads\/2026\/03\/WhatsApp-Image-2026-03-03-at-9.27.34-AM.jpeg","type":"image\/jpeg"}],"author":"Nacho Corro","twitter_card":"summary_large_image","twitter_creator":"@Juan Ignacio Corro Herrera","twitter_site":"@252COMS","twitter_misc":{"Escrito por":"Nacho Corro","Tiempo de lectura":"2 minutos"},"schema":{"@context":"https:\/\/schema.org","@graph":[{"@type":"Article","@id":"https:\/\/agencia.252.com.mx\/home\/modernizacion-de-escuelas-una-apuesta-por-la-educacion-de-las-y-los-ninos-de-atizapan\/#article","isPartOf":{"@id":"https:\/\/agencia.252.com.mx\/home\/modernizacion-de-escuelas-una-apuesta-por-la-educacion-de-las-y-los-ninos-de-atizapan\/"},"author":{"name":"Nacho Corro","@id":"https:\/\/agencia.252.com.mx\/home\/#\/schema\/person\/6b972021e9a92d45ade8c78d81509098"},"headline":"Modernizaci\u00f3n de escuelas, una apuesta por la educaci\u00f3n de las y los ni\u00f1os de Atizap\u00e1n","datePublished":"2026-03-03T20:28:03+00:00","dateModified":"2026-03-03T20:28:05+00:00","mainEntityOfPage":{"@id":"https:\/\/agencia.252.com.mx\/home\/modernizacion-de-escuelas-una-apuesta-por-la-educacion-de-las-y-los-ninos-de-atizapan\/"},"wordCount":319,"commentCount":0,"publisher":{"@id":"https:\/\/agencia.252.com.mx\/home\/#organization"},"image":{"@id":"https:\/\/agencia.252.com.mx\/home\/modernizacion-de-escuelas-una-apuesta-por-la-educacion-de-las-y-los-ninos-de-atizapan\/#primaryimage"},"thumbnailUrl":"https:\/\/agencia.252.com.mx\/wp-content\/uploads\/2026\/03\/WhatsApp-Image-2026-03-03-at-9.27.34-AM.jpeg","keywords":["Edomex"],"articleSection":["Atizap\u00e1n","Edomex","Metropoli","Seguridad"],"inLanguage":"es","potentialAction":[{"@type":"CommentAction","name":"Comment","target":["https:\/\/agencia.252.com.mx\/home\/modernizacion-de-escuelas-una-apuesta-por-la-educacion-de-las-y-los-ninos-de-atizapan\/#respond"]}]},{"@type":"WebPage","@id":"https:\/\/agencia.252.com.mx\/home\/modernizacion-de-escuelas-una-apuesta-por-la-educacion-de-las-y-los-ninos-de-atizapan\/","url":"https:\/\/agencia.252.com.mx\/home\/modernizacion-de-escuelas-una-apuesta-por-la-educacion-de-las-y-los-ninos-de-atizapan\/","name":"Modernizaci\u00f3n de escuelas, una apuesta por la educaci\u00f3n de las y los ni\u00f1os de Atizap\u00e1n - Agencia252","isPartOf":{"@id":"https:\/\/agencia.252.com.mx\/home\/#website"},"primaryImageOfPage":{"@id":"https:\/\/agencia.252.com.mx\/home\/modernizacion-de-escuelas-una-apuesta-por-la-educacion-de-las-y-los-ninos-de-atizapan\/#primaryimage"},"image":{"@id":"https:\/\/agencia.252.com.mx\/home\/modernizacion-de-escuelas-una-apuesta-por-la-educacion-de-las-y-los-ninos-de-atizapan\/#primaryimage"},"thumbnailUrl":"https:\/\/agencia.252.com.mx\/wp-content\/uploads\/2026\/03\/WhatsApp-Image-2026-03-03-at-9.27.34-AM.jpeg","datePublished":"2026-03-03T20:28:03+00:00","dateModified":"2026-03-03T20:28:05+00:00","breadcrumb":{"@id":"https:\/\/agencia.252.com.mx\/home\/modernizacion-de-escuelas-una-apuesta-por-la-educacion-de-las-y-los-ninos-de-atizapan\/#breadcrumb"},"inLanguage":"es","potentialAction":[{"@type":"ReadAction","target":["https:\/\/agencia.252.com.mx\/home\/modernizacion-de-escuelas-una-apuesta-por-la-educacion-de-las-y-los-ninos-de-atizapan\/"]}]},{"@type":"ImageObject","inLanguage":"es","@id":"https:\/\/agencia.252.com.mx\/home\/modernizacion-de-escuelas-una-apuesta-por-la-educacion-de-las-y-los-ninos-de-atizapan\/#primaryimage","url":"https:\/\/agencia.252.com.mx\/wp-content\/uploads\/2026\/03\/WhatsApp-Image-2026-03-03-at-9.27.34-AM.jpeg","contentUrl":"https:\/\/agencia.252.com.mx\/wp-content\/uploads\/2026\/03\/WhatsApp-Image-2026-03-03-at-9.27.34-AM.jpeg","width":1080,"height":716},{"@type":"BreadcrumbList","@id":"https:\/\/agencia.252.com.mx\/home\/modernizacion-de-escuelas-una-apuesta-por-la-educacion-de-las-y-los-ninos-de-atizapan\/#breadcrumb","itemListElement":[{"@type":"ListItem","position":1,"name":"Portada","item":"https:\/\/agencia.252.com.mx\/home\/"},{"@type":"ListItem","position":2,"name":"Modernizaci\u00f3n de escuelas, una apuesta por la educaci\u00f3n de las y los ni\u00f1os de Atizap\u00e1n"}]},{"@type":"WebSite","@id":"https:\/\/agencia.252.com.mx\/home\/#website","url":"https:\/\/agencia.252.com.mx\/home\/","name":"Agencia252","description":"Tu espacio en la Red","publisher":{"@id":"https:\/\/agencia.252.com.mx\/home\/#organization"},"potentialAction":[{"@type":"SearchAction","target":{"@type":"EntryPoint","urlTemplate":"https:\/\/agencia.252.com.mx\/home\/?s={search_term_string}"},"query-input":{"@type":"PropertyValueSpecification","valueRequired":true,"valueName":"search_term_string"}}],"inLanguage":"es"},{"@type":"Organization","@id":"https:\/\/agencia.252.com.mx\/home\/#organization","name":"Agencia252","url":"https:\/\/agencia.252.com.mx\/home\/","logo":{"@type":"ImageObject","inLanguage":"es","@id":"https:\/\/agencia.252.com.mx\/home\/#\/schema\/logo\/image\/","url":"https:\/\/agencia.252.com.mx\/wp-content\/uploads\/2023\/02\/cropped-ciruclo-agencia-e1677562404136.png","contentUrl":"https:\/\/agencia.252.com.mx\/wp-content\/uploads\/2023\/02\/cropped-ciruclo-agencia-e1677562404136.png","width":512,"height":512,"caption":"Agencia252"},"image":{"@id":"https:\/\/agencia.252.com.mx\/home\/#\/schema\/logo\/image\/"},"sameAs":["https:\/\/www.facebook.com\/252Comunicacion\/","https:\/\/x.com\/252COMS"]},{"@type":"Person","@id":"https:\/\/agencia.252.com.mx\/home\/#\/schema\/person\/6b972021e9a92d45ade8c78d81509098","name":"Nacho Corro","image":{"@type":"ImageObject","inLanguage":"es","@id":"https:\/\/secure.gravatar.com\/avatar\/5db6df507cfe1307e192fbb498c6b85f1cf2ffd8b4cd37141b9eea588fcbd5a4?s=96&r=g","url":"https:\/\/secure.gravatar.com\/avatar\/5db6df507cfe1307e192fbb498c6b85f1cf2ffd8b4cd37141b9eea588fcbd5a4?s=96&r=g","contentUrl":"https:\/\/secure.gravatar.com\/avatar\/5db6df507cfe1307e192fbb498c6b85f1cf2ffd8b4cd37141b9eea588fcbd5a4?s=96&r=g","caption":"Nacho Corro"},"description":"Comunicador Social, Periodista y Administraci\u00f3n P\u00fablica. Conversador pol\u00edtico, temas electorales y seguridad. Generador de contenidos digitales. Amante de la fotograf\u00eda","sameAs":["https:\/\/www.facebook.com\/jcorroherrera\/","www.instagram.com\/nachocorro\/","https:\/\/x.com\/Juan Ignacio Corro Herrera"],"url":"https:\/\/agencia.252.com.mx\/home\/author\/i-corro\/"}]}},"_links":{"self":[{"href":"https:\/\/agencia.252.com.mx\/home\/wp-json\/wp\/v2\/posts\/16510","targetHints":{"allow":["GET"]}}],"collection":[{"href":"https:\/\/agencia.252.com.mx\/home\/wp-json\/wp\/v2\/posts"}],"about":[{"href":"https:\/\/agencia.252.com.mx\/home\/wp-json\/wp\/v2\/types\/post"}],"author":[{"embeddable":true,"href":"https:\/\/agencia.252.com.mx\/home\/wp-json\/wp\/v2\/users\/5"}],"replies":[{"embeddable":true,"href":"https:\/\/agencia.252.com.mx\/home\/wp-json\/wp\/v2\/comments?post=16510"}],"version-history":[{"count":1,"href":"https:\/\/agencia.252.com.mx\/home\/wp-json\/wp\/v2\/posts\/16510\/revisions"}],"predecessor-version":[{"id":16517,"href":"https:\/\/agencia.252.com.mx\/home\/wp-json\/wp\/v2\/posts\/16510\/revisions\/16517"}],"wp:featuredmedia":[{"embeddable":true,"href":"https:\/\/agencia.252.com.mx\/home\/wp-json\/wp\/v2\/media\/16516"}],"wp:attachment":[{"href":"https:\/\/agencia.252.com.mx\/home\/wp-json\/wp\/v2\/media?parent=16510"}],"wp:term":[{"taxonomy":"category","embeddable":true,"href":"https:\/\/agencia.252.com.mx\/home\/wp-json\/wp\/v2\/categories?post=16510"},{"taxonomy":"post_tag","embeddable":true,"href":"https:\/\/agencia.252.com.mx\/home\/wp-json\/wp\/v2\/tags?post=16510"}],"curies":[{"name":"wp","href":"https:\/\/api.w.org\/{rel}","templated":true}]}}