{"id":16503,"date":"2026-03-02T21:51:41","date_gmt":"2026-03-03T03:51:41","guid":{"rendered":"https:\/\/agencia.252.com.mx\/home\/?p=16503"},"modified":"2026-03-02T21:52:23","modified_gmt":"2026-03-03T03:52:23","slug":"tiene-ine-edomex-nuevo-vocal-ejecutivo-podria-ser-el-ultimo-de-concretarse-la-reforma-electoral","status":"publish","type":"post","link":"https:\/\/agencia.252.com.mx\/home\/tiene-ine-edomex-nuevo-vocal-ejecutivo-podria-ser-el-ultimo-de-concretarse-la-reforma-electoral\/","title":{"rendered":"Tiene INE Edomex nuevo Vocal Ejecutivo; podr\u00eda ser el \u00faltimo de concretarse la Reforma Electoral"},"content":{"rendered":"<p>Visitas: 30<\/p>\n<ul class=\"wp-block-list\">\n<li><em>Mart\u00edn Mart\u00ednez Cortazar rinde protesta como Vocal Ejecutivo del INE Estado de M\u00e9xico<\/em><\/li>\n<\/ul>\n\n\n\n<p>Juan Ignacio Corro&nbsp;<\/p>\n\n\n\n<p class=\"has-text-align-right\">Toluca, Estado de M\u00e9xico 02 marzo 2026<\/p>\n\n\n\n<p>La llegada del nuevo Vocal Ejecutivo del INE en el Estado de M\u00e9xico, posiblemente sea el \u00faltimo tras la eliminaci\u00f3n de la Juntas Locales y Juntas Distritales de acuerdo con la Reforma Electoral de la Presidenta Claudia Sheinbaum, por lo que asume el cargo con la incertidumbre&nbsp;&nbsp;de organizar los procesos electorales y la celebraci\u00f3n de la fecha de la judicial en 2027.&nbsp;<\/p>\n\n\n\n<p>Este martes, Mart\u00edn Mart\u00ednez Cortazar rindi\u00f3 protesta como Vocal Ejecutivo Local del INE en el Estado de M\u00e9xico, en el marco de los movimientos de adscripci\u00f3n y rotaci\u00f3n aprobados por la Junta General Ejecutiva en 17 entidades, cuyos cambios tienen como objetivo garantizar la continuidad administrativa y operativa del Instituto, as\u00ed como fortalecer su conducci\u00f3n territorial en las entidades federativas.<\/p>\n\n\n\n<figure class=\"wp-block-image alignright size-medium\"><img decoding=\"async\" width=\"300\" height=\"117\" src=\"https:\/\/agencia.252.com.mx\/wp-content\/uploads\/2026\/03\/WhatsApp-Image-2026-03-02-at-7.31.58-PM-300x117.jpeg\" alt=\"\" class=\"wp-image-16506\" srcset=\"https:\/\/agencia.252.com.mx\/wp-content\/uploads\/2026\/03\/WhatsApp-Image-2026-03-02-at-7.31.58-PM-300x117.jpeg 300w, https:\/\/agencia.252.com.mx\/wp-content\/uploads\/2026\/03\/WhatsApp-Image-2026-03-02-at-7.31.58-PM-1024x399.jpeg 1024w, https:\/\/agencia.252.com.mx\/wp-content\/uploads\/2026\/03\/WhatsApp-Image-2026-03-02-at-7.31.58-PM-768x300.jpeg 768w, https:\/\/agencia.252.com.mx\/wp-content\/uploads\/2026\/03\/WhatsApp-Image-2026-03-02-at-7.31.58-PM-1536x599.jpeg 1536w, https:\/\/agencia.252.com.mx\/wp-content\/uploads\/2026\/03\/WhatsApp-Image-2026-03-02-at-7.31.58-PM.jpeg 1600w\" sizes=\"(max-width: 300px) 100vw, 300px\" \/><\/figure>\n\n\n\n<p>El Edomex tiene el padr\u00f3n electoral m\u00e1s grande en la entidad con casi 9 millones de votantes y su reto principal es organizar las elecciones judiciales en 2027 en donde estar\u00e1n en juego m\u00e1s de 4 mil cargos judiciales; de no concretarse la reforma electoral la fecha de la elecci\u00f3n se empatar\u00eda con el proceso electivo de cargos populares lo que representar\u00eda un gran reto para las capacidades del Instituto.<\/p>\n\n\n\n<p>En el evento de toma de protesta virtual de las nuevas titulares de delegaciones estatales, la Consejera Presidenta del INE Guadalupe Taddei Zavala, afirm\u00f3 que la Vocal\u00eda Ejecutiva Local es una pieza fundamental en la organizaci\u00f3n de los procesos electorales, en la coordinaci\u00f3n de las Juntas Distritales y en la conducci\u00f3n de los trabajos que garantizan elecciones libres, aut\u00e9nticas y peri\u00f3dicas.&nbsp;<\/p>\n\n\n\n<p>Taddei Zavala se\u00f1al\u00f3 que desde cada Junta Local Ejecutiva se articula una parte esencial del trabajo del INE: la operaci\u00f3n t\u00e9cnica, la conducci\u00f3n administrativa, la coordinaci\u00f3n territorial y la relaci\u00f3n institucional que permiten cumplir puntualmente con las atribuciones del Instituto.&nbsp;<\/p>\n\n\n\n<p>La toma de protesta se realiz\u00f3 de manera simult\u00e1nea en 17 entidades federativas, en modalidad virtual, y estuvo a cargo de Guadalupe Taddei Zavala y de Claudia Arlett Espino, Consejera Presidenta y Secretaria Ejecutiva del INE.<\/p>\n\n\n\n<p>Durante su intervenci\u00f3n, Mart\u00ednez Cort\u00e1zar destac\u00f3 que la misi\u00f3n del INE es garantizar elecciones \u00edntegras y transparentes, administrando los recursos con eficiencia y fortaleciendo la confianza ciudadana mediante el trabajo coordinado con autoridades, partidos pol\u00edticos y organismos como el Instituto Electoral del Estado de M\u00e9xico y el Tribunal Electoral.<\/p>\n\n\n\n<p>Subray\u00f3 la importancia de mantener cercan\u00eda con la ciudadan\u00eda y agradeci\u00f3 el respaldo de su familia, se\u00f1alando como significativa coincidencia asumir el cargo el 2 de marzo, fecha en que se conmemora la fundaci\u00f3n del Estado de M\u00e9xico.<\/p>\n\n\n\n<p>En el Estado de M\u00e9xico la ceremonia se realiz\u00f3 en la sala de sesiones de la Junta Local Ejecutiva, con la presencia de quienes integran este \u00f3rgano colegiado en la entidad: Mar\u00eda de Lourdes Mart\u00ednez S\u00e1nchez, Vocal Secretaria; Liliana Mart\u00ednez D\u00edaz, Vocal de Organizaci\u00f3n Electoral; Abel Rub\u00e9n P\u00e9rez P\u00e9rez, Vocal del Registro Federal de Electores; e Iv\u00e1n \u00c1lvarez G\u00f3mez, Vocal de Capacitaci\u00f3n Electoral y Educaci\u00f3n C\u00edvica, as\u00ed como Consejeras Electorales del Instituto Electoral del Estado de M\u00e9xico (IEEM).<\/p>\n\n\n\n<p>Adem\u00e1s estuvieron presentes la presidencia de la Sala Regional Toluca del Tribunal Electoral del Poder Judicial de la Federaci\u00f3n; Fiscal\u00eda General de Justicia del Estado de M\u00e9xico; Dirigencias de partidos pol\u00edticos de la entidad; representaciones partidistas ante la Comisi\u00f3n Local de Vigilancia; Consejer\u00edas del Consejo Local del INE en el Estado de M\u00e9xico y las 40 Vocal\u00edas Ejecutivas Distritales.&nbsp;<\/p>\n\n\n\n<p>A partir de 1999, Martinez Cortazar&nbsp;&nbsp;ya como Vocal Ejecutivo de Junta Local Ejecutiva ha sido delegado en los estados de Tabasco, Chiapas, Michoac\u00e1n, M\u00e9xico, Sonora y recientemente, Oaxaca. Ahora, ha sido designado Vocal Ejecutivo de la Junta Local Ejecutiva en el Estado de M\u00e9xico mediante el acuerdo INE\/JGE11\/2026, aprobado por la junta general ejecutiva del Instituto Nacional Electoral en sesi\u00f3n ordinaria celebrada el 21 de enero del 2026, con efectos a partir del 01 de marzo del 2026.<\/p>\n\n\n\n<p>La Junta Local Ejecutiva del INE en el Estado de M\u00e9xico refrend\u00f3 su compromiso de continuar trabajando con profesionalismo y apego a los principios rectores de la funci\u00f3n electoral, en beneficio de la ciudadan\u00eda mexiquense y del fortalecimiento de la vida democr\u00e1tica.<\/p>\n\n\n\n<p>Las y los vocales titulares que entraron en funciones hoy son: Pablo Sergio Aispuro C\u00e1rdenas, en Baja California; Donaciano Mu\u00f1oz Loyola, en la Ciudad de M\u00e9xico; Mart\u00edn Mart\u00ednez Cortazar, en el Estado de M\u00e9xico; Ana Lilia P\u00e9rez Mendoza, en Guanajuato; Dagoberto Santos Trigo, en Guerrero; Joaqu\u00edn Rubio S\u00e1nchez, en Jalisco; Edgar Humberto Arias Alba, en Morelos; Elizabeth Tapia Qui\u00f1ones, en Nayarit; Claudia Rodr\u00edguez S\u00e1nchez, en Puebla; Sergio Iv\u00e1n Ru\u00edz Castellot, en Quintana Roo; Liliana D\u00edaz de Le\u00f3n Zapata, en San Luis Potos\u00ed; Sergio Bernal Rojas, en Tamaulipas, y Aracely Fr\u00edas L\u00f3pez, en Zacatecas.&nbsp;<\/p>\n","protected":false},"excerpt":{"rendered":"<p>Visitas: 30 Juan Ignacio Corro&nbsp; Toluca, Estado de M\u00e9xico 02 marzo 2026 La llegada del nuevo Vocal Ejecutivo del INE en el Estado de M\u00e9xico, posiblemente sea el \u00faltimo tras la eliminaci\u00f3n de la Juntas Locales y Juntas Distritales de acuerdo con la Reforma Electoral de la Presidenta Claudia Sheinbaum, por lo que asume el [&hellip;]<\/p>\n","protected":false},"author":5,"featured_media":16505,"comment_status":"open","ping_status":"open","sticky":false,"template":"","format":"standard","meta":{"site-sidebar-layout":"default","site-content-layout":"","ast-site-content-layout":"default","site-content-style":"default","site-sidebar-style":"default","ast-global-header-display":"","ast-banner-title-visibility":"","ast-main-header-display":"","ast-hfb-above-header-display":"","ast-hfb-below-header-display":"","ast-hfb-mobile-header-display":"","site-post-title":"","ast-breadcrumbs-content":"","ast-featured-img":"","footer-sml-layout":"","ast-disable-related-posts":"","theme-transparent-header-meta":"","adv-header-id-meta":"","stick-header-meta":"","header-above-stick-meta":"","header-main-stick-meta":"","header-below-stick-meta":"","astra-migrate-meta-layouts":"set","ast-page-background-enabled":"default","ast-page-background-meta":{"desktop":{"background-color":"var(--ast-global-color-4)","background-image":"","background-repeat":"repeat","background-position":"center center","background-size":"auto","background-attachment":"scroll","background-type":"","background-media":"","overlay-type":"","overlay-color":"","overlay-opacity":"","overlay-gradient":""},"tablet":{"background-color":"","background-image":"","background-repeat":"repeat","background-position":"center center","background-size":"auto","background-attachment":"scroll","background-type":"","background-media":"","overlay-type":"","overlay-color":"","overlay-opacity":"","overlay-gradient":""},"mobile":{"background-color":"","background-image":"","background-repeat":"repeat","background-position":"center center","background-size":"auto","background-attachment":"scroll","background-type":"","background-media":"","overlay-type":"","overlay-color":"","overlay-opacity":"","overlay-gradient":""}},"ast-content-background-meta":{"desktop":{"background-color":"var(--ast-global-color-5)","background-image":"","background-repeat":"repeat","background-position":"center center","background-size":"auto","background-attachment":"scroll","background-type":"","background-media":"","overlay-type":"","overlay-color":"","overlay-opacity":"","overlay-gradient":""},"tablet":{"background-color":"var(--ast-global-color-5)","background-image":"","background-repeat":"repeat","background-position":"center center","background-size":"auto","background-attachment":"scroll","background-type":"","background-media":"","overlay-type":"","overlay-color":"","overlay-opacity":"","overlay-gradient":""},"mobile":{"background-color":"var(--ast-global-color-5)","background-image":"","background-repeat":"repeat","background-position":"center center","background-size":"auto","background-attachment":"scroll","background-type":"","background-media":"","overlay-type":"","overlay-color":"","overlay-opacity":"","overlay-gradient":""}},"footnotes":""},"categories":[8,596,68],"tags":[526],"class_list":["post-16503","post","type-post","status-publish","format-standard","has-post-thumbnail","hentry","category-edomex","category-elecciones-2027","category-seguridad","tag-edomex"],"yoast_head":"<!-- This site is optimized with the Yoast SEO plugin v27.4 - https:\/\/yoast.com\/product\/yoast-seo-wordpress\/ -->\n<title>Tiene INE Edomex nuevo Vocal Ejecutivo; podr\u00eda ser el \u00faltimo de concretarse la Reforma Electoral - Agencia252<\/title>\n<meta name=\"robots\" content=\"index, follow, max-snippet:-1, max-image-preview:large, max-video-preview:-1\" \/>\n<link rel=\"canonical\" href=\"https:\/\/agencia.252.com.mx\/home\/tiene-ine-edomex-nuevo-vocal-ejecutivo-podria-ser-el-ultimo-de-concretarse-la-reforma-electoral\/\" \/>\n<meta property=\"og:locale\" content=\"es_ES\" \/>\n<meta property=\"og:type\" content=\"article\" \/>\n<meta property=\"og:title\" content=\"Tiene INE Edomex nuevo Vocal Ejecutivo; podr\u00eda ser el \u00faltimo de concretarse la Reforma Electoral - Agencia252\" \/>\n<meta property=\"og:description\" content=\"Visitas: 30 Juan Ignacio Corro&nbsp; Toluca, Estado de M\u00e9xico 02 marzo 2026 La llegada del nuevo Vocal Ejecutivo del INE en el Estado de M\u00e9xico, posiblemente sea el \u00faltimo tras la eliminaci\u00f3n de la Juntas Locales y Juntas Distritales de acuerdo con la Reforma Electoral de la Presidenta Claudia Sheinbaum, por lo que asume el [&hellip;]\" \/>\n<meta property=\"og:url\" content=\"https:\/\/agencia.252.com.mx\/home\/tiene-ine-edomex-nuevo-vocal-ejecutivo-podria-ser-el-ultimo-de-concretarse-la-reforma-electoral\/\" \/>\n<meta property=\"og:site_name\" content=\"Agencia252\" \/>\n<meta property=\"article:publisher\" content=\"https:\/\/www.facebook.com\/252Comunicacion\/\" \/>\n<meta property=\"article:author\" content=\"https:\/\/www.facebook.com\/jcorroherrera\/\" \/>\n<meta property=\"article:published_time\" content=\"2026-03-03T03:51:41+00:00\" \/>\n<meta property=\"article:modified_time\" content=\"2026-03-03T03:52:23+00:00\" \/>\n<meta property=\"og:image\" content=\"http:\/\/agencia.252.com.mx\/wp-content\/uploads\/2026\/03\/WhatsApp-Image-2026-03-02-at-7.31.58-PM-3.jpeg\" \/>\n\t<meta property=\"og:image:width\" content=\"1600\" \/>\n\t<meta property=\"og:image:height\" content=\"846\" \/>\n\t<meta property=\"og:image:type\" content=\"image\/jpeg\" \/>\n<meta name=\"author\" content=\"Nacho Corro\" \/>\n<meta name=\"twitter:card\" content=\"summary_large_image\" \/>\n<meta name=\"twitter:creator\" content=\"@Juan Ignacio Corro Herrera\" \/>\n<meta name=\"twitter:site\" content=\"@252COMS\" \/>\n<meta name=\"twitter:label1\" content=\"Escrito por\" \/>\n\t<meta name=\"twitter:data1\" content=\"Nacho Corro\" \/>\n\t<meta name=\"twitter:label2\" content=\"Tiempo de lectura\" \/>\n\t<meta name=\"twitter:data2\" content=\"5 minutos\" \/>\n<script type=\"application\/ld+json\" class=\"yoast-schema-graph\">{\"@context\":\"https:\\\/\\\/schema.org\",\"@graph\":[{\"@type\":\"Article\",\"@id\":\"https:\\\/\\\/agencia.252.com.mx\\\/home\\\/tiene-ine-edomex-nuevo-vocal-ejecutivo-podria-ser-el-ultimo-de-concretarse-la-reforma-electoral\\\/#article\",\"isPartOf\":{\"@id\":\"https:\\\/\\\/agencia.252.com.mx\\\/home\\\/tiene-ine-edomex-nuevo-vocal-ejecutivo-podria-ser-el-ultimo-de-concretarse-la-reforma-electoral\\\/\"},\"author\":{\"name\":\"Nacho Corro\",\"@id\":\"https:\\\/\\\/agencia.252.com.mx\\\/home\\\/#\\\/schema\\\/person\\\/6b972021e9a92d45ade8c78d81509098\"},\"headline\":\"Tiene INE Edomex nuevo Vocal Ejecutivo; podr\u00eda ser el \u00faltimo de concretarse la Reforma Electoral\",\"datePublished\":\"2026-03-03T03:51:41+00:00\",\"dateModified\":\"2026-03-03T03:52:23+00:00\",\"mainEntityOfPage\":{\"@id\":\"https:\\\/\\\/agencia.252.com.mx\\\/home\\\/tiene-ine-edomex-nuevo-vocal-ejecutivo-podria-ser-el-ultimo-de-concretarse-la-reforma-electoral\\\/\"},\"wordCount\":898,\"commentCount\":0,\"publisher\":{\"@id\":\"https:\\\/\\\/agencia.252.com.mx\\\/home\\\/#organization\"},\"image\":{\"@id\":\"https:\\\/\\\/agencia.252.com.mx\\\/home\\\/tiene-ine-edomex-nuevo-vocal-ejecutivo-podria-ser-el-ultimo-de-concretarse-la-reforma-electoral\\\/#primaryimage\"},\"thumbnailUrl\":\"https:\\\/\\\/agencia.252.com.mx\\\/wp-content\\\/uploads\\\/2026\\\/03\\\/WhatsApp-Image-2026-03-02-at-7.31.58-PM-3.jpeg\",\"keywords\":[\"Edomex\"],\"articleSection\":[\"Edomex\",\"Elecciones 2027\",\"Seguridad\"],\"inLanguage\":\"es\",\"potentialAction\":[{\"@type\":\"CommentAction\",\"name\":\"Comment\",\"target\":[\"https:\\\/\\\/agencia.252.com.mx\\\/home\\\/tiene-ine-edomex-nuevo-vocal-ejecutivo-podria-ser-el-ultimo-de-concretarse-la-reforma-electoral\\\/#respond\"]}]},{\"@type\":\"WebPage\",\"@id\":\"https:\\\/\\\/agencia.252.com.mx\\\/home\\\/tiene-ine-edomex-nuevo-vocal-ejecutivo-podria-ser-el-ultimo-de-concretarse-la-reforma-electoral\\\/\",\"url\":\"https:\\\/\\\/agencia.252.com.mx\\\/home\\\/tiene-ine-edomex-nuevo-vocal-ejecutivo-podria-ser-el-ultimo-de-concretarse-la-reforma-electoral\\\/\",\"name\":\"Tiene INE Edomex nuevo Vocal Ejecutivo; podr\u00eda ser el \u00faltimo de concretarse la Reforma Electoral - Agencia252\",\"isPartOf\":{\"@id\":\"https:\\\/\\\/agencia.252.com.mx\\\/home\\\/#website\"},\"primaryImageOfPage\":{\"@id\":\"https:\\\/\\\/agencia.252.com.mx\\\/home\\\/tiene-ine-edomex-nuevo-vocal-ejecutivo-podria-ser-el-ultimo-de-concretarse-la-reforma-electoral\\\/#primaryimage\"},\"image\":{\"@id\":\"https:\\\/\\\/agencia.252.com.mx\\\/home\\\/tiene-ine-edomex-nuevo-vocal-ejecutivo-podria-ser-el-ultimo-de-concretarse-la-reforma-electoral\\\/#primaryimage\"},\"thumbnailUrl\":\"https:\\\/\\\/agencia.252.com.mx\\\/wp-content\\\/uploads\\\/2026\\\/03\\\/WhatsApp-Image-2026-03-02-at-7.31.58-PM-3.jpeg\",\"datePublished\":\"2026-03-03T03:51:41+00:00\",\"dateModified\":\"2026-03-03T03:52:23+00:00\",\"breadcrumb\":{\"@id\":\"https:\\\/\\\/agencia.252.com.mx\\\/home\\\/tiene-ine-edomex-nuevo-vocal-ejecutivo-podria-ser-el-ultimo-de-concretarse-la-reforma-electoral\\\/#breadcrumb\"},\"inLanguage\":\"es\",\"potentialAction\":[{\"@type\":\"ReadAction\",\"target\":[\"https:\\\/\\\/agencia.252.com.mx\\\/home\\\/tiene-ine-edomex-nuevo-vocal-ejecutivo-podria-ser-el-ultimo-de-concretarse-la-reforma-electoral\\\/\"]}]},{\"@type\":\"ImageObject\",\"inLanguage\":\"es\",\"@id\":\"https:\\\/\\\/agencia.252.com.mx\\\/home\\\/tiene-ine-edomex-nuevo-vocal-ejecutivo-podria-ser-el-ultimo-de-concretarse-la-reforma-electoral\\\/#primaryimage\",\"url\":\"https:\\\/\\\/agencia.252.com.mx\\\/wp-content\\\/uploads\\\/2026\\\/03\\\/WhatsApp-Image-2026-03-02-at-7.31.58-PM-3.jpeg\",\"contentUrl\":\"https:\\\/\\\/agencia.252.com.mx\\\/wp-content\\\/uploads\\\/2026\\\/03\\\/WhatsApp-Image-2026-03-02-at-7.31.58-PM-3.jpeg\",\"width\":1600,\"height\":846},{\"@type\":\"BreadcrumbList\",\"@id\":\"https:\\\/\\\/agencia.252.com.mx\\\/home\\\/tiene-ine-edomex-nuevo-vocal-ejecutivo-podria-ser-el-ultimo-de-concretarse-la-reforma-electoral\\\/#breadcrumb\",\"itemListElement\":[{\"@type\":\"ListItem\",\"position\":1,\"name\":\"Portada\",\"item\":\"https:\\\/\\\/agencia.252.com.mx\\\/home\\\/\"},{\"@type\":\"ListItem\",\"position\":2,\"name\":\"Tiene INE Edomex nuevo Vocal Ejecutivo; podr\u00eda ser el \u00faltimo de concretarse la Reforma Electoral\"}]},{\"@type\":\"WebSite\",\"@id\":\"https:\\\/\\\/agencia.252.com.mx\\\/home\\\/#website\",\"url\":\"https:\\\/\\\/agencia.252.com.mx\\\/home\\\/\",\"name\":\"Agencia252\",\"description\":\"Tu espacio en la Red\",\"publisher\":{\"@id\":\"https:\\\/\\\/agencia.252.com.mx\\\/home\\\/#organization\"},\"potentialAction\":[{\"@type\":\"SearchAction\",\"target\":{\"@type\":\"EntryPoint\",\"urlTemplate\":\"https:\\\/\\\/agencia.252.com.mx\\\/home\\\/?s={search_term_string}\"},\"query-input\":{\"@type\":\"PropertyValueSpecification\",\"valueRequired\":true,\"valueName\":\"search_term_string\"}}],\"inLanguage\":\"es\"},{\"@type\":\"Organization\",\"@id\":\"https:\\\/\\\/agencia.252.com.mx\\\/home\\\/#organization\",\"name\":\"Agencia252\",\"url\":\"https:\\\/\\\/agencia.252.com.mx\\\/home\\\/\",\"logo\":{\"@type\":\"ImageObject\",\"inLanguage\":\"es\",\"@id\":\"https:\\\/\\\/agencia.252.com.mx\\\/home\\\/#\\\/schema\\\/logo\\\/image\\\/\",\"url\":\"https:\\\/\\\/agencia.252.com.mx\\\/wp-content\\\/uploads\\\/2023\\\/02\\\/cropped-ciruclo-agencia-e1677562404136.png\",\"contentUrl\":\"https:\\\/\\\/agencia.252.com.mx\\\/wp-content\\\/uploads\\\/2023\\\/02\\\/cropped-ciruclo-agencia-e1677562404136.png\",\"width\":512,\"height\":512,\"caption\":\"Agencia252\"},\"image\":{\"@id\":\"https:\\\/\\\/agencia.252.com.mx\\\/home\\\/#\\\/schema\\\/logo\\\/image\\\/\"},\"sameAs\":[\"https:\\\/\\\/www.facebook.com\\\/252Comunicacion\\\/\",\"https:\\\/\\\/x.com\\\/252COMS\"]},{\"@type\":\"Person\",\"@id\":\"https:\\\/\\\/agencia.252.com.mx\\\/home\\\/#\\\/schema\\\/person\\\/6b972021e9a92d45ade8c78d81509098\",\"name\":\"Nacho Corro\",\"image\":{\"@type\":\"ImageObject\",\"inLanguage\":\"es\",\"@id\":\"https:\\\/\\\/secure.gravatar.com\\\/avatar\\\/5db6df507cfe1307e192fbb498c6b85f1cf2ffd8b4cd37141b9eea588fcbd5a4?s=96&r=g\",\"url\":\"https:\\\/\\\/secure.gravatar.com\\\/avatar\\\/5db6df507cfe1307e192fbb498c6b85f1cf2ffd8b4cd37141b9eea588fcbd5a4?s=96&r=g\",\"contentUrl\":\"https:\\\/\\\/secure.gravatar.com\\\/avatar\\\/5db6df507cfe1307e192fbb498c6b85f1cf2ffd8b4cd37141b9eea588fcbd5a4?s=96&r=g\",\"caption\":\"Nacho Corro\"},\"description\":\"Comunicador Social, Periodista y Administraci\u00f3n P\u00fablica. Conversador pol\u00edtico, temas electorales y seguridad. Generador de contenidos digitales. Amante de la fotograf\u00eda\",\"sameAs\":[\"https:\\\/\\\/www.facebook.com\\\/jcorroherrera\\\/\",\"www.instagram.com\\\/nachocorro\\\/\",\"https:\\\/\\\/x.com\\\/Juan Ignacio Corro Herrera\"],\"url\":\"https:\\\/\\\/agencia.252.com.mx\\\/home\\\/author\\\/i-corro\\\/\"}]}<\/script>\n<!-- \/ Yoast SEO plugin. -->","yoast_head_json":{"title":"Tiene INE Edomex nuevo Vocal Ejecutivo; podr\u00eda ser el \u00faltimo de concretarse la Reforma Electoral - Agencia252","robots":{"index":"index","follow":"follow","max-snippet":"max-snippet:-1","max-image-preview":"max-image-preview:large","max-video-preview":"max-video-preview:-1"},"canonical":"https:\/\/agencia.252.com.mx\/home\/tiene-ine-edomex-nuevo-vocal-ejecutivo-podria-ser-el-ultimo-de-concretarse-la-reforma-electoral\/","og_locale":"es_ES","og_type":"article","og_title":"Tiene INE Edomex nuevo Vocal Ejecutivo; podr\u00eda ser el \u00faltimo de concretarse la Reforma Electoral - Agencia252","og_description":"Visitas: 30 Juan Ignacio Corro&nbsp; Toluca, Estado de M\u00e9xico 02 marzo 2026 La llegada del nuevo Vocal Ejecutivo del INE en el Estado de M\u00e9xico, posiblemente sea el \u00faltimo tras la eliminaci\u00f3n de la Juntas Locales y Juntas Distritales de acuerdo con la Reforma Electoral de la Presidenta Claudia Sheinbaum, por lo que asume el [&hellip;]","og_url":"https:\/\/agencia.252.com.mx\/home\/tiene-ine-edomex-nuevo-vocal-ejecutivo-podria-ser-el-ultimo-de-concretarse-la-reforma-electoral\/","og_site_name":"Agencia252","article_publisher":"https:\/\/www.facebook.com\/252Comunicacion\/","article_author":"https:\/\/www.facebook.com\/jcorroherrera\/","article_published_time":"2026-03-03T03:51:41+00:00","article_modified_time":"2026-03-03T03:52:23+00:00","og_image":[{"width":1600,"height":846,"url":"http:\/\/agencia.252.com.mx\/wp-content\/uploads\/2026\/03\/WhatsApp-Image-2026-03-02-at-7.31.58-PM-3.jpeg","type":"image\/jpeg"}],"author":"Nacho Corro","twitter_card":"summary_large_image","twitter_creator":"@Juan Ignacio Corro Herrera","twitter_site":"@252COMS","twitter_misc":{"Escrito por":"Nacho Corro","Tiempo de lectura":"5 minutos"},"schema":{"@context":"https:\/\/schema.org","@graph":[{"@type":"Article","@id":"https:\/\/agencia.252.com.mx\/home\/tiene-ine-edomex-nuevo-vocal-ejecutivo-podria-ser-el-ultimo-de-concretarse-la-reforma-electoral\/#article","isPartOf":{"@id":"https:\/\/agencia.252.com.mx\/home\/tiene-ine-edomex-nuevo-vocal-ejecutivo-podria-ser-el-ultimo-de-concretarse-la-reforma-electoral\/"},"author":{"name":"Nacho Corro","@id":"https:\/\/agencia.252.com.mx\/home\/#\/schema\/person\/6b972021e9a92d45ade8c78d81509098"},"headline":"Tiene INE Edomex nuevo Vocal Ejecutivo; podr\u00eda ser el \u00faltimo de concretarse la Reforma Electoral","datePublished":"2026-03-03T03:51:41+00:00","dateModified":"2026-03-03T03:52:23+00:00","mainEntityOfPage":{"@id":"https:\/\/agencia.252.com.mx\/home\/tiene-ine-edomex-nuevo-vocal-ejecutivo-podria-ser-el-ultimo-de-concretarse-la-reforma-electoral\/"},"wordCount":898,"commentCount":0,"publisher":{"@id":"https:\/\/agencia.252.com.mx\/home\/#organization"},"image":{"@id":"https:\/\/agencia.252.com.mx\/home\/tiene-ine-edomex-nuevo-vocal-ejecutivo-podria-ser-el-ultimo-de-concretarse-la-reforma-electoral\/#primaryimage"},"thumbnailUrl":"https:\/\/agencia.252.com.mx\/wp-content\/uploads\/2026\/03\/WhatsApp-Image-2026-03-02-at-7.31.58-PM-3.jpeg","keywords":["Edomex"],"articleSection":["Edomex","Elecciones 2027","Seguridad"],"inLanguage":"es","potentialAction":[{"@type":"CommentAction","name":"Comment","target":["https:\/\/agencia.252.com.mx\/home\/tiene-ine-edomex-nuevo-vocal-ejecutivo-podria-ser-el-ultimo-de-concretarse-la-reforma-electoral\/#respond"]}]},{"@type":"WebPage","@id":"https:\/\/agencia.252.com.mx\/home\/tiene-ine-edomex-nuevo-vocal-ejecutivo-podria-ser-el-ultimo-de-concretarse-la-reforma-electoral\/","url":"https:\/\/agencia.252.com.mx\/home\/tiene-ine-edomex-nuevo-vocal-ejecutivo-podria-ser-el-ultimo-de-concretarse-la-reforma-electoral\/","name":"Tiene INE Edomex nuevo Vocal Ejecutivo; podr\u00eda ser el \u00faltimo de concretarse la Reforma Electoral - Agencia252","isPartOf":{"@id":"https:\/\/agencia.252.com.mx\/home\/#website"},"primaryImageOfPage":{"@id":"https:\/\/agencia.252.com.mx\/home\/tiene-ine-edomex-nuevo-vocal-ejecutivo-podria-ser-el-ultimo-de-concretarse-la-reforma-electoral\/#primaryimage"},"image":{"@id":"https:\/\/agencia.252.com.mx\/home\/tiene-ine-edomex-nuevo-vocal-ejecutivo-podria-ser-el-ultimo-de-concretarse-la-reforma-electoral\/#primaryimage"},"thumbnailUrl":"https:\/\/agencia.252.com.mx\/wp-content\/uploads\/2026\/03\/WhatsApp-Image-2026-03-02-at-7.31.58-PM-3.jpeg","datePublished":"2026-03-03T03:51:41+00:00","dateModified":"2026-03-03T03:52:23+00:00","breadcrumb":{"@id":"https:\/\/agencia.252.com.mx\/home\/tiene-ine-edomex-nuevo-vocal-ejecutivo-podria-ser-el-ultimo-de-concretarse-la-reforma-electoral\/#breadcrumb"},"inLanguage":"es","potentialAction":[{"@type":"ReadAction","target":["https:\/\/agencia.252.com.mx\/home\/tiene-ine-edomex-nuevo-vocal-ejecutivo-podria-ser-el-ultimo-de-concretarse-la-reforma-electoral\/"]}]},{"@type":"ImageObject","inLanguage":"es","@id":"https:\/\/agencia.252.com.mx\/home\/tiene-ine-edomex-nuevo-vocal-ejecutivo-podria-ser-el-ultimo-de-concretarse-la-reforma-electoral\/#primaryimage","url":"https:\/\/agencia.252.com.mx\/wp-content\/uploads\/2026\/03\/WhatsApp-Image-2026-03-02-at-7.31.58-PM-3.jpeg","contentUrl":"https:\/\/agencia.252.com.mx\/wp-content\/uploads\/2026\/03\/WhatsApp-Image-2026-03-02-at-7.31.58-PM-3.jpeg","width":1600,"height":846},{"@type":"BreadcrumbList","@id":"https:\/\/agencia.252.com.mx\/home\/tiene-ine-edomex-nuevo-vocal-ejecutivo-podria-ser-el-ultimo-de-concretarse-la-reforma-electoral\/#breadcrumb","itemListElement":[{"@type":"ListItem","position":1,"name":"Portada","item":"https:\/\/agencia.252.com.mx\/home\/"},{"@type":"ListItem","position":2,"name":"Tiene INE Edomex nuevo Vocal Ejecutivo; podr\u00eda ser el \u00faltimo de concretarse la Reforma Electoral"}]},{"@type":"WebSite","@id":"https:\/\/agencia.252.com.mx\/home\/#website","url":"https:\/\/agencia.252.com.mx\/home\/","name":"Agencia252","description":"Tu espacio en la Red","publisher":{"@id":"https:\/\/agencia.252.com.mx\/home\/#organization"},"potentialAction":[{"@type":"SearchAction","target":{"@type":"EntryPoint","urlTemplate":"https:\/\/agencia.252.com.mx\/home\/?s={search_term_string}"},"query-input":{"@type":"PropertyValueSpecification","valueRequired":true,"valueName":"search_term_string"}}],"inLanguage":"es"},{"@type":"Organization","@id":"https:\/\/agencia.252.com.mx\/home\/#organization","name":"Agencia252","url":"https:\/\/agencia.252.com.mx\/home\/","logo":{"@type":"ImageObject","inLanguage":"es","@id":"https:\/\/agencia.252.com.mx\/home\/#\/schema\/logo\/image\/","url":"https:\/\/agencia.252.com.mx\/wp-content\/uploads\/2023\/02\/cropped-ciruclo-agencia-e1677562404136.png","contentUrl":"https:\/\/agencia.252.com.mx\/wp-content\/uploads\/2023\/02\/cropped-ciruclo-agencia-e1677562404136.png","width":512,"height":512,"caption":"Agencia252"},"image":{"@id":"https:\/\/agencia.252.com.mx\/home\/#\/schema\/logo\/image\/"},"sameAs":["https:\/\/www.facebook.com\/252Comunicacion\/","https:\/\/x.com\/252COMS"]},{"@type":"Person","@id":"https:\/\/agencia.252.com.mx\/home\/#\/schema\/person\/6b972021e9a92d45ade8c78d81509098","name":"Nacho Corro","image":{"@type":"ImageObject","inLanguage":"es","@id":"https:\/\/secure.gravatar.com\/avatar\/5db6df507cfe1307e192fbb498c6b85f1cf2ffd8b4cd37141b9eea588fcbd5a4?s=96&r=g","url":"https:\/\/secure.gravatar.com\/avatar\/5db6df507cfe1307e192fbb498c6b85f1cf2ffd8b4cd37141b9eea588fcbd5a4?s=96&r=g","contentUrl":"https:\/\/secure.gravatar.com\/avatar\/5db6df507cfe1307e192fbb498c6b85f1cf2ffd8b4cd37141b9eea588fcbd5a4?s=96&r=g","caption":"Nacho Corro"},"description":"Comunicador Social, Periodista y Administraci\u00f3n P\u00fablica. Conversador pol\u00edtico, temas electorales y seguridad. Generador de contenidos digitales. Amante de la fotograf\u00eda","sameAs":["https:\/\/www.facebook.com\/jcorroherrera\/","www.instagram.com\/nachocorro\/","https:\/\/x.com\/Juan Ignacio Corro Herrera"],"url":"https:\/\/agencia.252.com.mx\/home\/author\/i-corro\/"}]}},"_links":{"self":[{"href":"https:\/\/agencia.252.com.mx\/home\/wp-json\/wp\/v2\/posts\/16503","targetHints":{"allow":["GET"]}}],"collection":[{"href":"https:\/\/agencia.252.com.mx\/home\/wp-json\/wp\/v2\/posts"}],"about":[{"href":"https:\/\/agencia.252.com.mx\/home\/wp-json\/wp\/v2\/types\/post"}],"author":[{"embeddable":true,"href":"https:\/\/agencia.252.com.mx\/home\/wp-json\/wp\/v2\/users\/5"}],"replies":[{"embeddable":true,"href":"https:\/\/agencia.252.com.mx\/home\/wp-json\/wp\/v2\/comments?post=16503"}],"version-history":[{"count":3,"href":"https:\/\/agencia.252.com.mx\/home\/wp-json\/wp\/v2\/posts\/16503\/revisions"}],"predecessor-version":[{"id":16509,"href":"https:\/\/agencia.252.com.mx\/home\/wp-json\/wp\/v2\/posts\/16503\/revisions\/16509"}],"wp:featuredmedia":[{"embeddable":true,"href":"https:\/\/agencia.252.com.mx\/home\/wp-json\/wp\/v2\/media\/16505"}],"wp:attachment":[{"href":"https:\/\/agencia.252.com.mx\/home\/wp-json\/wp\/v2\/media?parent=16503"}],"wp:term":[{"taxonomy":"category","embeddable":true,"href":"https:\/\/agencia.252.com.mx\/home\/wp-json\/wp\/v2\/categories?post=16503"},{"taxonomy":"post_tag","embeddable":true,"href":"https:\/\/agencia.252.com.mx\/home\/wp-json\/wp\/v2\/tags?post=16503"}],"curies":[{"name":"wp","href":"https:\/\/api.w.org\/{rel}","templated":true}]}}