{"id":16488,"date":"2026-03-02T18:37:23","date_gmt":"2026-03-03T00:37:23","guid":{"rendered":"https:\/\/agencia.252.com.mx\/home\/?p=16488"},"modified":"2026-03-02T20:01:00","modified_gmt":"2026-03-03T02:01:00","slug":"usan-a-shakira-para-promover-el-mundial-en-mexico-y-demostrar-que-la-cdmx-esta-preparada-para-recibir-eventos-de-escala-global","status":"publish","type":"post","link":"https:\/\/agencia.252.com.mx\/home\/usan-a-shakira-para-promover-el-mundial-en-mexico-y-demostrar-que-la-cdmx-esta-preparada-para-recibir-eventos-de-escala-global\/","title":{"rendered":"Usan a Shakira para promover el mundial en M\u00e9xico y demostrar que la CDMX esta preparada para recibir eventos de escala global"},"content":{"rendered":"<p>Visitas: 30<\/p>\n<ul class=\"wp-block-list\">\n<li><em>Participan 6 mil 320 servidores p\u00fablicos y se instalaron 52 filtros de acceso,<\/em><\/li>\n\n\n\n<li><em>Se brindaron 129 atenciones m\u00e9dicas y se colocaron 23 pantallas en calles aleda\u00f1as<\/em><\/li>\n<\/ul>\n\n\n\n<p>Juan Ignacio Corro<\/p>\n\n\n\n<p class=\"has-text-align-right\">Ciudad de M\u00e9xico, a 2 de marzo de 2026<\/p>\n\n\n\n<p>Para Clara Brugada y el grupo Modelo, principal beneficiario por la venta de cervezas en la proxima copa de futbol, el objetivo del concierto masivo se origin\u00f3 para fortalecer la narrativa de que la capital est\u00e1 preparada para recibir eventos de escala global, como la Copa Mundial de la FIFA 2026.<\/p>\n\n\n\n<p>El hist\u00f3rico concierto de la cantante colombiana Shakira, en el Z\u00f3calo capitalino, confirm\u00f3 que la Ciudad de M\u00e9xico es un referente internacional de paz, seguridad y organizaci\u00f3n de espect\u00e1culos masivos, asegur\u00f3 la Jefa de Gobierno, Clara Brugada Molina, al destacar que la entidad est\u00e1 preparada para recibir eventos de escala global, como la Copa Mundial de la FIFA 2026.<\/p>\n\n\n\n<figure class=\"wp-block-image alignleft size-medium\"><img fetchpriority=\"high\" decoding=\"async\" width=\"200\" height=\"300\" src=\"https:\/\/agencia.252.com.mx\/wp-content\/uploads\/2026\/03\/WhatsApp-Image-2026-03-02-at-12.07.00-AM-200x300.jpeg\" alt=\"\" class=\"wp-image-16489\" srcset=\"https:\/\/agencia.252.com.mx\/wp-content\/uploads\/2026\/03\/WhatsApp-Image-2026-03-02-at-12.07.00-AM-200x300.jpeg 200w, https:\/\/agencia.252.com.mx\/wp-content\/uploads\/2026\/03\/WhatsApp-Image-2026-03-02-at-12.07.00-AM-683x1024.jpeg 683w, https:\/\/agencia.252.com.mx\/wp-content\/uploads\/2026\/03\/WhatsApp-Image-2026-03-02-at-12.07.00-AM-768x1151.jpeg 768w, https:\/\/agencia.252.com.mx\/wp-content\/uploads\/2026\/03\/WhatsApp-Image-2026-03-02-at-12.07.00-AM.jpeg 854w\" sizes=\"(max-width: 200px) 100vw, 200px\" \/><\/figure>\n\n\n\n<p>Al confundir los contextos de la geopol\u00edtica, Clara Brugada subray\u00f3 que mientras en otras partes del mundo hay guerras, ataques y odio,\u201d aqu\u00ed en la Ciudad de M\u00e9xico tenemos alegr\u00eda, cultura y construcci\u00f3n de paz\u201d, expres\u00f3.<\/p>\n\n\n\n<p>La titular del Ejecutivo local destac\u00f3 que, en contraste con los conflictos que ocurren en distintas regiones del planeta, la capital del pa\u00eds apuesta por la cultura y la convivencia social como herramientas para la construcci\u00f3n de paz.&nbsp;<\/p>\n\n\n\n<p>La mandataria capitalina reiter\u00f3 que el evento masivo de este domingo no implic\u00f3 gasto p\u00fablico, ya que fue financiado por Grupo Modelo, al que agradeci\u00f3 por hacer posible este concierto como un regalo para la poblaci\u00f3n<\/p>\n\n\n\n<p><strong>Sin costo el concierto de Shakira&nbsp;<\/strong><\/p>\n\n\n\n<p>Inform\u00f3 que la presentaci\u00f3n de la cantante colombiana gener\u00f3 una derrama econ\u00f3mica de 400 millones de pesos y una ocupaci\u00f3n hotelera del 90 por ciento<\/p>\n\n\n\n<p>Al hacer un balance de la presentaci\u00f3n de la artista internacional asegur\u00f3: \u201cle damos un 10 a la Ciudad de M\u00e9xico, un diez a la poblaci\u00f3n que asisti\u00f3 ayer\u201d.&nbsp;<\/p>\n\n\n\n<p>En conferencia de prensa, realizada en el Antiguo Palacio del Ayuntamiento, se\u00f1al\u00f3 que el concierto gratuito realizado el domingo 1 de marzo envi\u00f3 un mensaje claro al mundo y demostr\u00f3 que la ciudad puede congregar a cientos de miles de personas en un ambiente festivo, seguro y organizado.<\/p>\n\n\n\n<p>Brugada Molina agradeci\u00f3 a las y los capitalinos, as\u00ed como a visitantes nacionales y extranjeros, por apropiarse del espacio p\u00fablico y convertir la Plaza de la Constituci\u00f3n,&nbsp;&nbsp;y sitios emblem\u00e1ticos como la Alameda Central y el Monumento a la Revoluci\u00f3n, en una gran fiesta colectiva, familiar y pac\u00edfica.&nbsp;<\/p>\n\n\n\n<p>A\u00f1adi\u00f3 que la ciudad se consolida como un referente continental en materia cultural y art\u00edstica, con una pol\u00edtica orientada a democratizar el acceso a espect\u00e1culos de calidad y a fortalecer el tejido social mediante actividades masivas abiertas a toda la poblaci\u00f3n.<\/p>\n\n\n\n<p><strong>Asistieron 400 mil personas al concierto resguardados por 4 mil personas<\/strong><\/p>\n\n\n\n<p>M\u00e1s adelante, reconoci\u00f3 el trabajo coordinado de dependencias locales, principalmente del personal de seguridad, servicios urbanos y protecci\u00f3n civil, que permiti\u00f3 que el evento se desarrollara con saldo blanco, en un ambiente familiar y seguro.&nbsp;<\/p>\n\n\n\n<p>Asimismo, reconoci\u00f3 el comportamiento de las y los miles de asistentes a su presentaci\u00f3n en la Plaza de la Constituci\u00f3n, el cual calific\u00f3 con un 10.<\/p>\n\n\n\n<p>\u201cFue incre\u00edble ver que 400 mil personas se comportaron de la manera m\u00e1s pac\u00edfica, madura; viviendo, gozando del evento y adem\u00e1s siendo responsables respecto de lo que implica un evento de esta naturaleza. As\u00ed que un 10 a la poblaci\u00f3n que asisti\u00f3 al evento el d\u00eda de ayer\u201d, afirm\u00f3.<\/p>\n\n\n\n<p>Inform\u00f3 que participaron 6 mil 320 servidores p\u00fablicos, se instalaron 52 filtros de acceso, se brindaron 129 atenciones m\u00e9dicas y se colocaron 23 pantallas en calles aleda\u00f1as para ampliar el disfrute y acceso al concierto de todas y todos los asistentes.<\/p>\n\n\n\n<p>Indic\u00f3 que, de acuerdo con c\u00e1maras empresariales, la ocupaci\u00f3n hotelera alcanz\u00f3 90 por ciento y se gener\u00f3 una derrama econ\u00f3mica cercana a 400 millones de pesos, resultado de la llegada de visitantes que tambi\u00e9n recorrieron museos, parques y espacios p\u00fablicos.<\/p>\n\n\n\n<p>La mandataria capitalina subray\u00f3 que el evento masivo de este domingo no implic\u00f3 gasto p\u00fablico, ya que fue financiado por Grupo Modelo, al que agradeci\u00f3 por hacer posible la realizaci\u00f3n del concierto como un regalo para la poblaci\u00f3n.<\/p>\n\n\n\n<p>Tras el espect\u00e1culo, detall\u00f3, personal de la Secretar\u00eda de Obras y Servicios local despleg\u00f3 brigadas de limpieza que retiraron m\u00e1s de 200 metros c\u00fabicos de residuos durante la madrugada y dejaron la plancha del Z\u00f3calo capitalino en condiciones \u00f3ptimas pocas horas despu\u00e9s, esto como parte del protocolo posterior a eventos masivos.<\/p>\n\n\n\n<p>En su oportunidad, el secretario de Gobierno, C\u00e9sar Cravioto Romero, refiri\u00f3 que se realizaron m\u00e1s de 400 verificaciones a comercios y tiendas de conveniencia para garantizar el cumplimiento de medidas sobre la venta de alcohol, lo que contribuy\u00f3 a un desarrollo ordenado de la jornada.<\/p>\n\n\n\n<p>Por su parte, el titular de la Secretar\u00eda de Seguridad Ciudadana, Pablo V\u00e1zquez Camacho, destac\u00f3 que el operativo incluy\u00f3 4 mil 300 elementos de distintas \u00e1reas, entre ellas tr\u00e1nsito, ERUM, polic\u00eda tur\u00edstica, videovigilancia a\u00e9rea y unidades especializadas, logrando un desarrollo pac\u00edfico con incidencias menores.<\/p>\n\n\n\n<p>El subsecretario de Grandes Festivales Comunitarios, Argel G\u00f3mez Concheiro, agreg\u00f3 que el convenio firmado para la presentaci\u00f3n art\u00edstica estableci\u00f3 que la responsabilidad gubernamental se concentrar\u00eda en la log\u00edstica, seguridad y protecci\u00f3n civil, lo que permiti\u00f3 garantizar condiciones \u00f3ptimas para el disfrute de la ciudadan\u00eda.<\/p>\n","protected":false},"excerpt":{"rendered":"<p>Visitas: 30 Juan Ignacio Corro Ciudad de M\u00e9xico, a 2 de marzo de 2026 Para Clara Brugada y el grupo Modelo, principal beneficiario por la venta de cervezas en la proxima copa de futbol, el objetivo del concierto masivo se origin\u00f3 para fortalecer la narrativa de que la capital est\u00e1 preparada para recibir eventos de [&hellip;]<\/p>\n","protected":false},"author":5,"featured_media":16492,"comment_status":"open","ping_status":"open","sticky":false,"template":"","format":"standard","meta":{"site-sidebar-layout":"default","site-content-layout":"","ast-site-content-layout":"default","site-content-style":"default","site-sidebar-style":"default","ast-global-header-display":"","ast-banner-title-visibility":"","ast-main-header-display":"","ast-hfb-above-header-display":"","ast-hfb-below-header-display":"","ast-hfb-mobile-header-display":"","site-post-title":"","ast-breadcrumbs-content":"","ast-featured-img":"","footer-sml-layout":"","ast-disable-related-posts":"","theme-transparent-header-meta":"","adv-header-id-meta":"","stick-header-meta":"","header-above-stick-meta":"","header-main-stick-meta":"","header-below-stick-meta":"","astra-migrate-meta-layouts":"set","ast-page-background-enabled":"default","ast-page-background-meta":{"desktop":{"background-color":"var(--ast-global-color-4)","background-image":"","background-repeat":"repeat","background-position":"center center","background-size":"auto","background-attachment":"scroll","background-type":"","background-media":"","overlay-type":"","overlay-color":"","overlay-opacity":"","overlay-gradient":""},"tablet":{"background-color":"","background-image":"","background-repeat":"repeat","background-position":"center center","background-size":"auto","background-attachment":"scroll","background-type":"","background-media":"","overlay-type":"","overlay-color":"","overlay-opacity":"","overlay-gradient":""},"mobile":{"background-color":"","background-image":"","background-repeat":"repeat","background-position":"center center","background-size":"auto","background-attachment":"scroll","background-type":"","background-media":"","overlay-type":"","overlay-color":"","overlay-opacity":"","overlay-gradient":""}},"ast-content-background-meta":{"desktop":{"background-color":"var(--ast-global-color-5)","background-image":"","background-repeat":"repeat","background-position":"center center","background-size":"auto","background-attachment":"scroll","background-type":"","background-media":"","overlay-type":"","overlay-color":"","overlay-opacity":"","overlay-gradient":""},"tablet":{"background-color":"var(--ast-global-color-5)","background-image":"","background-repeat":"repeat","background-position":"center center","background-size":"auto","background-attachment":"scroll","background-type":"","background-media":"","overlay-type":"","overlay-color":"","overlay-opacity":"","overlay-gradient":""},"mobile":{"background-color":"var(--ast-global-color-5)","background-image":"","background-repeat":"repeat","background-position":"center center","background-size":"auto","background-attachment":"scroll","background-type":"","background-media":"","overlay-type":"","overlay-color":"","overlay-opacity":"","overlay-gradient":""}},"footnotes":""},"categories":[8,512,68],"tags":[526],"class_list":["post-16488","post","type-post","status-publish","format-standard","has-post-thumbnail","hentry","category-edomex","category-metropoli","category-seguridad","tag-edomex"],"yoast_head":"<!-- This site is optimized with the Yoast SEO plugin v27.4 - https:\/\/yoast.com\/product\/yoast-seo-wordpress\/ -->\n<title>Usan a Shakira para promover el mundial en M\u00e9xico y demostrar que la CDMX esta preparada para recibir eventos de escala global - Agencia252<\/title>\n<meta name=\"robots\" content=\"index, follow, max-snippet:-1, max-image-preview:large, max-video-preview:-1\" \/>\n<link rel=\"canonical\" href=\"https:\/\/agencia.252.com.mx\/home\/usan-a-shakira-para-promover-el-mundial-en-mexico-y-demostrar-que-la-cdmx-esta-preparada-para-recibir-eventos-de-escala-global\/\" \/>\n<meta property=\"og:locale\" content=\"es_ES\" \/>\n<meta property=\"og:type\" content=\"article\" \/>\n<meta property=\"og:title\" content=\"Usan a Shakira para promover el mundial en M\u00e9xico y demostrar que la CDMX esta preparada para recibir eventos de escala global - Agencia252\" \/>\n<meta property=\"og:description\" content=\"Visitas: 30 Juan Ignacio Corro Ciudad de M\u00e9xico, a 2 de marzo de 2026 Para Clara Brugada y el grupo Modelo, principal beneficiario por la venta de cervezas en la proxima copa de futbol, el objetivo del concierto masivo se origin\u00f3 para fortalecer la narrativa de que la capital est\u00e1 preparada para recibir eventos de [&hellip;]\" \/>\n<meta property=\"og:url\" content=\"https:\/\/agencia.252.com.mx\/home\/usan-a-shakira-para-promover-el-mundial-en-mexico-y-demostrar-que-la-cdmx-esta-preparada-para-recibir-eventos-de-escala-global\/\" \/>\n<meta property=\"og:site_name\" content=\"Agencia252\" \/>\n<meta property=\"article:publisher\" content=\"https:\/\/www.facebook.com\/252Comunicacion\/\" \/>\n<meta property=\"article:author\" content=\"https:\/\/www.facebook.com\/jcorroherrera\/\" \/>\n<meta property=\"article:published_time\" content=\"2026-03-03T00:37:23+00:00\" \/>\n<meta property=\"article:modified_time\" content=\"2026-03-03T02:01:00+00:00\" \/>\n<meta property=\"og:image\" content=\"http:\/\/agencia.252.com.mx\/wp-content\/uploads\/2026\/03\/WhatsApp-Image-2026-03-02-at-12.06.58-AM.jpeg\" \/>\n\t<meta property=\"og:image:width\" content=\"1280\" \/>\n\t<meta property=\"og:image:height\" content=\"854\" \/>\n\t<meta property=\"og:image:type\" content=\"image\/jpeg\" \/>\n<meta name=\"author\" content=\"Nacho Corro\" \/>\n<meta name=\"twitter:card\" content=\"summary_large_image\" \/>\n<meta name=\"twitter:creator\" content=\"@Juan Ignacio Corro Herrera\" \/>\n<meta name=\"twitter:site\" content=\"@252COMS\" \/>\n<meta name=\"twitter:label1\" content=\"Escrito por\" \/>\n\t<meta name=\"twitter:data1\" content=\"Nacho Corro\" \/>\n\t<meta name=\"twitter:label2\" content=\"Tiempo de lectura\" \/>\n\t<meta name=\"twitter:data2\" content=\"5 minutos\" \/>\n<script type=\"application\/ld+json\" class=\"yoast-schema-graph\">{\"@context\":\"https:\\\/\\\/schema.org\",\"@graph\":[{\"@type\":\"Article\",\"@id\":\"https:\\\/\\\/agencia.252.com.mx\\\/home\\\/usan-a-shakira-para-promover-el-mundial-en-mexico-y-demostrar-que-la-cdmx-esta-preparada-para-recibir-eventos-de-escala-global\\\/#article\",\"isPartOf\":{\"@id\":\"https:\\\/\\\/agencia.252.com.mx\\\/home\\\/usan-a-shakira-para-promover-el-mundial-en-mexico-y-demostrar-que-la-cdmx-esta-preparada-para-recibir-eventos-de-escala-global\\\/\"},\"author\":{\"name\":\"Nacho Corro\",\"@id\":\"https:\\\/\\\/agencia.252.com.mx\\\/home\\\/#\\\/schema\\\/person\\\/6b972021e9a92d45ade8c78d81509098\"},\"headline\":\"Usan a Shakira para promover el mundial en M\u00e9xico y demostrar que la CDMX esta preparada para recibir eventos de escala global\",\"datePublished\":\"2026-03-03T00:37:23+00:00\",\"dateModified\":\"2026-03-03T02:01:00+00:00\",\"mainEntityOfPage\":{\"@id\":\"https:\\\/\\\/agencia.252.com.mx\\\/home\\\/usan-a-shakira-para-promover-el-mundial-en-mexico-y-demostrar-que-la-cdmx-esta-preparada-para-recibir-eventos-de-escala-global\\\/\"},\"wordCount\":957,\"commentCount\":0,\"publisher\":{\"@id\":\"https:\\\/\\\/agencia.252.com.mx\\\/home\\\/#organization\"},\"image\":{\"@id\":\"https:\\\/\\\/agencia.252.com.mx\\\/home\\\/usan-a-shakira-para-promover-el-mundial-en-mexico-y-demostrar-que-la-cdmx-esta-preparada-para-recibir-eventos-de-escala-global\\\/#primaryimage\"},\"thumbnailUrl\":\"https:\\\/\\\/agencia.252.com.mx\\\/wp-content\\\/uploads\\\/2026\\\/03\\\/WhatsApp-Image-2026-03-02-at-12.06.58-AM.jpeg\",\"keywords\":[\"Edomex\"],\"articleSection\":[\"Edomex\",\"Metropoli\",\"Seguridad\"],\"inLanguage\":\"es\",\"potentialAction\":[{\"@type\":\"CommentAction\",\"name\":\"Comment\",\"target\":[\"https:\\\/\\\/agencia.252.com.mx\\\/home\\\/usan-a-shakira-para-promover-el-mundial-en-mexico-y-demostrar-que-la-cdmx-esta-preparada-para-recibir-eventos-de-escala-global\\\/#respond\"]}]},{\"@type\":\"WebPage\",\"@id\":\"https:\\\/\\\/agencia.252.com.mx\\\/home\\\/usan-a-shakira-para-promover-el-mundial-en-mexico-y-demostrar-que-la-cdmx-esta-preparada-para-recibir-eventos-de-escala-global\\\/\",\"url\":\"https:\\\/\\\/agencia.252.com.mx\\\/home\\\/usan-a-shakira-para-promover-el-mundial-en-mexico-y-demostrar-que-la-cdmx-esta-preparada-para-recibir-eventos-de-escala-global\\\/\",\"name\":\"Usan a Shakira para promover el mundial en M\u00e9xico y demostrar que la CDMX esta preparada para recibir eventos de escala global - Agencia252\",\"isPartOf\":{\"@id\":\"https:\\\/\\\/agencia.252.com.mx\\\/home\\\/#website\"},\"primaryImageOfPage\":{\"@id\":\"https:\\\/\\\/agencia.252.com.mx\\\/home\\\/usan-a-shakira-para-promover-el-mundial-en-mexico-y-demostrar-que-la-cdmx-esta-preparada-para-recibir-eventos-de-escala-global\\\/#primaryimage\"},\"image\":{\"@id\":\"https:\\\/\\\/agencia.252.com.mx\\\/home\\\/usan-a-shakira-para-promover-el-mundial-en-mexico-y-demostrar-que-la-cdmx-esta-preparada-para-recibir-eventos-de-escala-global\\\/#primaryimage\"},\"thumbnailUrl\":\"https:\\\/\\\/agencia.252.com.mx\\\/wp-content\\\/uploads\\\/2026\\\/03\\\/WhatsApp-Image-2026-03-02-at-12.06.58-AM.jpeg\",\"datePublished\":\"2026-03-03T00:37:23+00:00\",\"dateModified\":\"2026-03-03T02:01:00+00:00\",\"breadcrumb\":{\"@id\":\"https:\\\/\\\/agencia.252.com.mx\\\/home\\\/usan-a-shakira-para-promover-el-mundial-en-mexico-y-demostrar-que-la-cdmx-esta-preparada-para-recibir-eventos-de-escala-global\\\/#breadcrumb\"},\"inLanguage\":\"es\",\"potentialAction\":[{\"@type\":\"ReadAction\",\"target\":[\"https:\\\/\\\/agencia.252.com.mx\\\/home\\\/usan-a-shakira-para-promover-el-mundial-en-mexico-y-demostrar-que-la-cdmx-esta-preparada-para-recibir-eventos-de-escala-global\\\/\"]}]},{\"@type\":\"ImageObject\",\"inLanguage\":\"es\",\"@id\":\"https:\\\/\\\/agencia.252.com.mx\\\/home\\\/usan-a-shakira-para-promover-el-mundial-en-mexico-y-demostrar-que-la-cdmx-esta-preparada-para-recibir-eventos-de-escala-global\\\/#primaryimage\",\"url\":\"https:\\\/\\\/agencia.252.com.mx\\\/wp-content\\\/uploads\\\/2026\\\/03\\\/WhatsApp-Image-2026-03-02-at-12.06.58-AM.jpeg\",\"contentUrl\":\"https:\\\/\\\/agencia.252.com.mx\\\/wp-content\\\/uploads\\\/2026\\\/03\\\/WhatsApp-Image-2026-03-02-at-12.06.58-AM.jpeg\",\"width\":1280,\"height\":854},{\"@type\":\"BreadcrumbList\",\"@id\":\"https:\\\/\\\/agencia.252.com.mx\\\/home\\\/usan-a-shakira-para-promover-el-mundial-en-mexico-y-demostrar-que-la-cdmx-esta-preparada-para-recibir-eventos-de-escala-global\\\/#breadcrumb\",\"itemListElement\":[{\"@type\":\"ListItem\",\"position\":1,\"name\":\"Portada\",\"item\":\"https:\\\/\\\/agencia.252.com.mx\\\/home\\\/\"},{\"@type\":\"ListItem\",\"position\":2,\"name\":\"Usan a Shakira para promover el mundial en M\u00e9xico y demostrar que la CDMX esta preparada para recibir eventos de escala global\"}]},{\"@type\":\"WebSite\",\"@id\":\"https:\\\/\\\/agencia.252.com.mx\\\/home\\\/#website\",\"url\":\"https:\\\/\\\/agencia.252.com.mx\\\/home\\\/\",\"name\":\"Agencia252\",\"description\":\"Tu espacio en la Red\",\"publisher\":{\"@id\":\"https:\\\/\\\/agencia.252.com.mx\\\/home\\\/#organization\"},\"potentialAction\":[{\"@type\":\"SearchAction\",\"target\":{\"@type\":\"EntryPoint\",\"urlTemplate\":\"https:\\\/\\\/agencia.252.com.mx\\\/home\\\/?s={search_term_string}\"},\"query-input\":{\"@type\":\"PropertyValueSpecification\",\"valueRequired\":true,\"valueName\":\"search_term_string\"}}],\"inLanguage\":\"es\"},{\"@type\":\"Organization\",\"@id\":\"https:\\\/\\\/agencia.252.com.mx\\\/home\\\/#organization\",\"name\":\"Agencia252\",\"url\":\"https:\\\/\\\/agencia.252.com.mx\\\/home\\\/\",\"logo\":{\"@type\":\"ImageObject\",\"inLanguage\":\"es\",\"@id\":\"https:\\\/\\\/agencia.252.com.mx\\\/home\\\/#\\\/schema\\\/logo\\\/image\\\/\",\"url\":\"https:\\\/\\\/agencia.252.com.mx\\\/wp-content\\\/uploads\\\/2023\\\/02\\\/cropped-ciruclo-agencia-e1677562404136.png\",\"contentUrl\":\"https:\\\/\\\/agencia.252.com.mx\\\/wp-content\\\/uploads\\\/2023\\\/02\\\/cropped-ciruclo-agencia-e1677562404136.png\",\"width\":512,\"height\":512,\"caption\":\"Agencia252\"},\"image\":{\"@id\":\"https:\\\/\\\/agencia.252.com.mx\\\/home\\\/#\\\/schema\\\/logo\\\/image\\\/\"},\"sameAs\":[\"https:\\\/\\\/www.facebook.com\\\/252Comunicacion\\\/\",\"https:\\\/\\\/x.com\\\/252COMS\"]},{\"@type\":\"Person\",\"@id\":\"https:\\\/\\\/agencia.252.com.mx\\\/home\\\/#\\\/schema\\\/person\\\/6b972021e9a92d45ade8c78d81509098\",\"name\":\"Nacho Corro\",\"image\":{\"@type\":\"ImageObject\",\"inLanguage\":\"es\",\"@id\":\"https:\\\/\\\/secure.gravatar.com\\\/avatar\\\/5db6df507cfe1307e192fbb498c6b85f1cf2ffd8b4cd37141b9eea588fcbd5a4?s=96&r=g\",\"url\":\"https:\\\/\\\/secure.gravatar.com\\\/avatar\\\/5db6df507cfe1307e192fbb498c6b85f1cf2ffd8b4cd37141b9eea588fcbd5a4?s=96&r=g\",\"contentUrl\":\"https:\\\/\\\/secure.gravatar.com\\\/avatar\\\/5db6df507cfe1307e192fbb498c6b85f1cf2ffd8b4cd37141b9eea588fcbd5a4?s=96&r=g\",\"caption\":\"Nacho Corro\"},\"description\":\"Comunicador Social, Periodista y Administraci\u00f3n P\u00fablica. Conversador pol\u00edtico, temas electorales y seguridad. Generador de contenidos digitales. Amante de la fotograf\u00eda\",\"sameAs\":[\"https:\\\/\\\/www.facebook.com\\\/jcorroherrera\\\/\",\"www.instagram.com\\\/nachocorro\\\/\",\"https:\\\/\\\/x.com\\\/Juan Ignacio Corro Herrera\"],\"url\":\"https:\\\/\\\/agencia.252.com.mx\\\/home\\\/author\\\/i-corro\\\/\"}]}<\/script>\n<!-- \/ Yoast SEO plugin. -->","yoast_head_json":{"title":"Usan a Shakira para promover el mundial en M\u00e9xico y demostrar que la CDMX esta preparada para recibir eventos de escala global - Agencia252","robots":{"index":"index","follow":"follow","max-snippet":"max-snippet:-1","max-image-preview":"max-image-preview:large","max-video-preview":"max-video-preview:-1"},"canonical":"https:\/\/agencia.252.com.mx\/home\/usan-a-shakira-para-promover-el-mundial-en-mexico-y-demostrar-que-la-cdmx-esta-preparada-para-recibir-eventos-de-escala-global\/","og_locale":"es_ES","og_type":"article","og_title":"Usan a Shakira para promover el mundial en M\u00e9xico y demostrar que la CDMX esta preparada para recibir eventos de escala global - Agencia252","og_description":"Visitas: 30 Juan Ignacio Corro Ciudad de M\u00e9xico, a 2 de marzo de 2026 Para Clara Brugada y el grupo Modelo, principal beneficiario por la venta de cervezas en la proxima copa de futbol, el objetivo del concierto masivo se origin\u00f3 para fortalecer la narrativa de que la capital est\u00e1 preparada para recibir eventos de [&hellip;]","og_url":"https:\/\/agencia.252.com.mx\/home\/usan-a-shakira-para-promover-el-mundial-en-mexico-y-demostrar-que-la-cdmx-esta-preparada-para-recibir-eventos-de-escala-global\/","og_site_name":"Agencia252","article_publisher":"https:\/\/www.facebook.com\/252Comunicacion\/","article_author":"https:\/\/www.facebook.com\/jcorroherrera\/","article_published_time":"2026-03-03T00:37:23+00:00","article_modified_time":"2026-03-03T02:01:00+00:00","og_image":[{"width":1280,"height":854,"url":"http:\/\/agencia.252.com.mx\/wp-content\/uploads\/2026\/03\/WhatsApp-Image-2026-03-02-at-12.06.58-AM.jpeg","type":"image\/jpeg"}],"author":"Nacho Corro","twitter_card":"summary_large_image","twitter_creator":"@Juan Ignacio Corro Herrera","twitter_site":"@252COMS","twitter_misc":{"Escrito por":"Nacho Corro","Tiempo de lectura":"5 minutos"},"schema":{"@context":"https:\/\/schema.org","@graph":[{"@type":"Article","@id":"https:\/\/agencia.252.com.mx\/home\/usan-a-shakira-para-promover-el-mundial-en-mexico-y-demostrar-que-la-cdmx-esta-preparada-para-recibir-eventos-de-escala-global\/#article","isPartOf":{"@id":"https:\/\/agencia.252.com.mx\/home\/usan-a-shakira-para-promover-el-mundial-en-mexico-y-demostrar-que-la-cdmx-esta-preparada-para-recibir-eventos-de-escala-global\/"},"author":{"name":"Nacho Corro","@id":"https:\/\/agencia.252.com.mx\/home\/#\/schema\/person\/6b972021e9a92d45ade8c78d81509098"},"headline":"Usan a Shakira para promover el mundial en M\u00e9xico y demostrar que la CDMX esta preparada para recibir eventos de escala global","datePublished":"2026-03-03T00:37:23+00:00","dateModified":"2026-03-03T02:01:00+00:00","mainEntityOfPage":{"@id":"https:\/\/agencia.252.com.mx\/home\/usan-a-shakira-para-promover-el-mundial-en-mexico-y-demostrar-que-la-cdmx-esta-preparada-para-recibir-eventos-de-escala-global\/"},"wordCount":957,"commentCount":0,"publisher":{"@id":"https:\/\/agencia.252.com.mx\/home\/#organization"},"image":{"@id":"https:\/\/agencia.252.com.mx\/home\/usan-a-shakira-para-promover-el-mundial-en-mexico-y-demostrar-que-la-cdmx-esta-preparada-para-recibir-eventos-de-escala-global\/#primaryimage"},"thumbnailUrl":"https:\/\/agencia.252.com.mx\/wp-content\/uploads\/2026\/03\/WhatsApp-Image-2026-03-02-at-12.06.58-AM.jpeg","keywords":["Edomex"],"articleSection":["Edomex","Metropoli","Seguridad"],"inLanguage":"es","potentialAction":[{"@type":"CommentAction","name":"Comment","target":["https:\/\/agencia.252.com.mx\/home\/usan-a-shakira-para-promover-el-mundial-en-mexico-y-demostrar-que-la-cdmx-esta-preparada-para-recibir-eventos-de-escala-global\/#respond"]}]},{"@type":"WebPage","@id":"https:\/\/agencia.252.com.mx\/home\/usan-a-shakira-para-promover-el-mundial-en-mexico-y-demostrar-que-la-cdmx-esta-preparada-para-recibir-eventos-de-escala-global\/","url":"https:\/\/agencia.252.com.mx\/home\/usan-a-shakira-para-promover-el-mundial-en-mexico-y-demostrar-que-la-cdmx-esta-preparada-para-recibir-eventos-de-escala-global\/","name":"Usan a Shakira para promover el mundial en M\u00e9xico y demostrar que la CDMX esta preparada para recibir eventos de escala global - Agencia252","isPartOf":{"@id":"https:\/\/agencia.252.com.mx\/home\/#website"},"primaryImageOfPage":{"@id":"https:\/\/agencia.252.com.mx\/home\/usan-a-shakira-para-promover-el-mundial-en-mexico-y-demostrar-que-la-cdmx-esta-preparada-para-recibir-eventos-de-escala-global\/#primaryimage"},"image":{"@id":"https:\/\/agencia.252.com.mx\/home\/usan-a-shakira-para-promover-el-mundial-en-mexico-y-demostrar-que-la-cdmx-esta-preparada-para-recibir-eventos-de-escala-global\/#primaryimage"},"thumbnailUrl":"https:\/\/agencia.252.com.mx\/wp-content\/uploads\/2026\/03\/WhatsApp-Image-2026-03-02-at-12.06.58-AM.jpeg","datePublished":"2026-03-03T00:37:23+00:00","dateModified":"2026-03-03T02:01:00+00:00","breadcrumb":{"@id":"https:\/\/agencia.252.com.mx\/home\/usan-a-shakira-para-promover-el-mundial-en-mexico-y-demostrar-que-la-cdmx-esta-preparada-para-recibir-eventos-de-escala-global\/#breadcrumb"},"inLanguage":"es","potentialAction":[{"@type":"ReadAction","target":["https:\/\/agencia.252.com.mx\/home\/usan-a-shakira-para-promover-el-mundial-en-mexico-y-demostrar-que-la-cdmx-esta-preparada-para-recibir-eventos-de-escala-global\/"]}]},{"@type":"ImageObject","inLanguage":"es","@id":"https:\/\/agencia.252.com.mx\/home\/usan-a-shakira-para-promover-el-mundial-en-mexico-y-demostrar-que-la-cdmx-esta-preparada-para-recibir-eventos-de-escala-global\/#primaryimage","url":"https:\/\/agencia.252.com.mx\/wp-content\/uploads\/2026\/03\/WhatsApp-Image-2026-03-02-at-12.06.58-AM.jpeg","contentUrl":"https:\/\/agencia.252.com.mx\/wp-content\/uploads\/2026\/03\/WhatsApp-Image-2026-03-02-at-12.06.58-AM.jpeg","width":1280,"height":854},{"@type":"BreadcrumbList","@id":"https:\/\/agencia.252.com.mx\/home\/usan-a-shakira-para-promover-el-mundial-en-mexico-y-demostrar-que-la-cdmx-esta-preparada-para-recibir-eventos-de-escala-global\/#breadcrumb","itemListElement":[{"@type":"ListItem","position":1,"name":"Portada","item":"https:\/\/agencia.252.com.mx\/home\/"},{"@type":"ListItem","position":2,"name":"Usan a Shakira para promover el mundial en M\u00e9xico y demostrar que la CDMX esta preparada para recibir eventos de escala global"}]},{"@type":"WebSite","@id":"https:\/\/agencia.252.com.mx\/home\/#website","url":"https:\/\/agencia.252.com.mx\/home\/","name":"Agencia252","description":"Tu espacio en la Red","publisher":{"@id":"https:\/\/agencia.252.com.mx\/home\/#organization"},"potentialAction":[{"@type":"SearchAction","target":{"@type":"EntryPoint","urlTemplate":"https:\/\/agencia.252.com.mx\/home\/?s={search_term_string}"},"query-input":{"@type":"PropertyValueSpecification","valueRequired":true,"valueName":"search_term_string"}}],"inLanguage":"es"},{"@type":"Organization","@id":"https:\/\/agencia.252.com.mx\/home\/#organization","name":"Agencia252","url":"https:\/\/agencia.252.com.mx\/home\/","logo":{"@type":"ImageObject","inLanguage":"es","@id":"https:\/\/agencia.252.com.mx\/home\/#\/schema\/logo\/image\/","url":"https:\/\/agencia.252.com.mx\/wp-content\/uploads\/2023\/02\/cropped-ciruclo-agencia-e1677562404136.png","contentUrl":"https:\/\/agencia.252.com.mx\/wp-content\/uploads\/2023\/02\/cropped-ciruclo-agencia-e1677562404136.png","width":512,"height":512,"caption":"Agencia252"},"image":{"@id":"https:\/\/agencia.252.com.mx\/home\/#\/schema\/logo\/image\/"},"sameAs":["https:\/\/www.facebook.com\/252Comunicacion\/","https:\/\/x.com\/252COMS"]},{"@type":"Person","@id":"https:\/\/agencia.252.com.mx\/home\/#\/schema\/person\/6b972021e9a92d45ade8c78d81509098","name":"Nacho Corro","image":{"@type":"ImageObject","inLanguage":"es","@id":"https:\/\/secure.gravatar.com\/avatar\/5db6df507cfe1307e192fbb498c6b85f1cf2ffd8b4cd37141b9eea588fcbd5a4?s=96&r=g","url":"https:\/\/secure.gravatar.com\/avatar\/5db6df507cfe1307e192fbb498c6b85f1cf2ffd8b4cd37141b9eea588fcbd5a4?s=96&r=g","contentUrl":"https:\/\/secure.gravatar.com\/avatar\/5db6df507cfe1307e192fbb498c6b85f1cf2ffd8b4cd37141b9eea588fcbd5a4?s=96&r=g","caption":"Nacho Corro"},"description":"Comunicador Social, Periodista y Administraci\u00f3n P\u00fablica. Conversador pol\u00edtico, temas electorales y seguridad. Generador de contenidos digitales. Amante de la fotograf\u00eda","sameAs":["https:\/\/www.facebook.com\/jcorroherrera\/","www.instagram.com\/nachocorro\/","https:\/\/x.com\/Juan Ignacio Corro Herrera"],"url":"https:\/\/agencia.252.com.mx\/home\/author\/i-corro\/"}]}},"_links":{"self":[{"href":"https:\/\/agencia.252.com.mx\/home\/wp-json\/wp\/v2\/posts\/16488","targetHints":{"allow":["GET"]}}],"collection":[{"href":"https:\/\/agencia.252.com.mx\/home\/wp-json\/wp\/v2\/posts"}],"about":[{"href":"https:\/\/agencia.252.com.mx\/home\/wp-json\/wp\/v2\/types\/post"}],"author":[{"embeddable":true,"href":"https:\/\/agencia.252.com.mx\/home\/wp-json\/wp\/v2\/users\/5"}],"replies":[{"embeddable":true,"href":"https:\/\/agencia.252.com.mx\/home\/wp-json\/wp\/v2\/comments?post=16488"}],"version-history":[{"count":2,"href":"https:\/\/agencia.252.com.mx\/home\/wp-json\/wp\/v2\/posts\/16488\/revisions"}],"predecessor-version":[{"id":16494,"href":"https:\/\/agencia.252.com.mx\/home\/wp-json\/wp\/v2\/posts\/16488\/revisions\/16494"}],"wp:featuredmedia":[{"embeddable":true,"href":"https:\/\/agencia.252.com.mx\/home\/wp-json\/wp\/v2\/media\/16492"}],"wp:attachment":[{"href":"https:\/\/agencia.252.com.mx\/home\/wp-json\/wp\/v2\/media?parent=16488"}],"wp:term":[{"taxonomy":"category","embeddable":true,"href":"https:\/\/agencia.252.com.mx\/home\/wp-json\/wp\/v2\/categories?post=16488"},{"taxonomy":"post_tag","embeddable":true,"href":"https:\/\/agencia.252.com.mx\/home\/wp-json\/wp\/v2\/tags?post=16488"}],"curies":[{"name":"wp","href":"https:\/\/api.w.org\/{rel}","templated":true}]}}