{"id":16481,"date":"2026-03-02T15:56:04","date_gmt":"2026-03-02T21:56:04","guid":{"rendered":"https:\/\/agencia.252.com.mx\/home\/?p=16481"},"modified":"2026-03-02T15:56:05","modified_gmt":"2026-03-02T21:56:05","slug":"celebran-aniversario-202-de-la-fundacion-del-edomex-con-la-entrega-presea-estado-de-mexico-2025","status":"publish","type":"post","link":"https:\/\/agencia.252.com.mx\/home\/celebran-aniversario-202-de-la-fundacion-del-edomex-con-la-entrega-presea-estado-de-mexico-2025\/","title":{"rendered":"Celebran Aniversario 202 de la fundaci\u00f3n del Edom\u00e9x con la entrega Presea Estado de M\u00e9xico 2025\u00a0"},"content":{"rendered":"<p>Visitas: 15<\/p>\n<ul class=\"wp-block-list\">\n<li><em>En Texcoco, la Mandataria estatal otorg\u00f3 el m\u00e1ximo galard\u00f3n de la entidad a ocho mujeres, cinco hombres y tres instituciones p\u00fablicas<\/em><\/li>\n\n\n\n<li><em>Veneranda Mendoza, periodista de investigaci\u00f3n es galardonada con la presea Leona Vicario de Periodismo e Informaci\u00f3n<\/em> <\/li>\n<\/ul>\n\n\n\n<p>Juan Ignacio Corro<\/p>\n\n\n\n<p class=\"has-text-align-right\">Texcoco, Estado de M\u00e9xico, a 2 de marzo de 2026<\/p>\n\n\n\n<p>En conmemoraci\u00f3n del 202 aniversario de la fundaci\u00f3n del Estado de M\u00e9xico, la Gobernadora Delfina G\u00f3mez \u00c1lvarez entreg\u00f3 la Presea EdoM\u00e9x 2025 a ocho mujeres, cinco hombres y tres instituciones p\u00fablicas que han contribuido al bienestar e innovaci\u00f3n de la entidad.<\/p>\n\n\n\n<p>Durante la ceremonia solemne, celebrada en la Regi\u00f3n Oriente de la entidad, en el Centro Cultural Bicentenario, en Texcoco, el Secretario General de Gobierno, Horacio Duarte Olivares dio lectura al acuerdo legal y explic\u00f3 que este galard\u00f3n es el m\u00e1ximo reconocimiento otorgado por el gobierno del Estado de M\u00e9xico , as\u00ed como del pueblo mexiquense, a personas o instituciones que han ayudado a la entidad.<\/p>\n\n\n\n<p>El premio se divide en 15 categor\u00edas y fue entregado a:<\/p>\n\n\n\n<p>Presea Ciencia, Tecnolog\u00eda e Innovaci\u00f3n\u00a0el galardonado fue el Dr. Alfonso Xavier Iracheta Cenecorta, por sus aportaciones en la planeaci\u00f3n urbana y el desarrollo metropolitano, mediante la generaci\u00f3n de conocimiento cient\u00edfico aplicado a pol\u00edticas p\u00fablicas de vivienda, movilidad y ordenamiento territorial. Su trabajo ha renovado los enfoques del urbanismo en M\u00e9xico y Am\u00e9rica Latina.<\/p>\n\n\n\n<p>En Arte y Cultura la distinci\u00f3n la recibi\u00f3 Virginia Alba Dionicio, por preservar la cultura otom\u00ed mediante joyer\u00eda artesanal elaborada con ocoxal, fibra natural de pino. Su obra ha sido presentada en Alemania y Estados Unidos, y ha colaborado con Probosque en la promoci\u00f3n de este material forestal, asimismo impulsa la ense\u00f1anza de la lengua otom\u00ed.<\/p>\n\n\n\n<p>De Pedagog\u00eda y Docencia la reconocimiento lo recibi\u00f3 Ang\u00e9lica G\u00f3mez Hern\u00e1ndez, por sumar a la educaci\u00f3n durante 48 a\u00f1os como maestra, directora, supervisora y actual Encargada del Despacho del Sector Educativo en Ecatepec. Fund\u00f3 tres escuelas secundarias, impuls\u00f3 comunidades profesionales de aprendizaje y ha formado a docentes en programas estatales.<\/p>\n\n\n\n<p>\u00a0De Periodismo e Informaci\u00f3n\u00a0el premio fuer para Veneranda Mendoza Herrera, periodista de investigaci\u00f3n en el Estado de M\u00e9xico y corresponsal de la revista Proceso y agencia Aproa, en los que ha documentando el quehacer gubernamental, actos de corrupci\u00f3n y violaciones a derechos humanos. Su trabajo ha contribuido a la rendici\u00f3n de cuentas.<\/p>\n\n\n\n<p>Al M\u00e9rito C\u00edvico y Servicios a la Comunidad\u00a0el galard\u00f3n fue para la Universidad Aut\u00f3noma Metropolitana, Unidad Lerma,\u00a0<br>por su investigaci\u00f3n y vinculaci\u00f3n comunitaria, con proyectos de saneamiento de humedales, captaci\u00f3n de agua pluvial y agricultura sostenible en el Estado de M\u00e9xico.<\/p>\n\n\n\n<p>Al Trabajo\u00a0el premio fue para la enfermera Catalina Natividad Olvera Gonz\u00e1lez, por sus aportaciones a la seguridad y protecci\u00f3n civil durante diez a\u00f1os en el Parque Ecol\u00f3gico Zacango, donde ha coordinado acciones preventivas y protocolos de actuaci\u00f3n ante emergencias.<\/p>\n\n\n\n<p>A la Juventud\u00a0el galard\u00f3n fue para  Claudia Azucena Francisco Morales, por su investigaci\u00f3n en vacunas y bioterap\u00e9uticos, con participaci\u00f3n en el desarrollo de una inmunizaci\u00f3n contra el virus Nipah en el La Jolla Institute for Immunology. Fue seleccionada como la \u00fanica mujer mexicana en el curso de investigaci\u00f3n y desarrollo de vacunas en Corea del Sur.<\/p>\n\n\n\n<p>A la Contribuci\u00f3n en el Servicio P\u00fablico, Susana Libien D\u00edaz Gonz\u00e1lez recibi\u00f3 la condecoraci\u00f3n como servidora p\u00fablica durante m\u00e1s de 35 a\u00f1os en el Gobierno del Estado de M\u00e9xico. Impuls\u00f3 mecanismos de participaci\u00f3n ciudadana para la transparencia.<\/p>\n\n\n\n<p> Rosario N\u00fa\u00f1ez Flores, fue reconocida Al Impulso Econ\u00f3mico, por promover el arte textil como maestra artesana del rebozo en Tenancingo, rescatando y preservando t\u00e9cnicas ancestrales del empuntado y rapacejo tradicional.<\/p>\n\n\n\n<p>De la Preservaci\u00f3n del Ambiente y la Sostenibilidad de los Recursos Naturales\u00a0el premio fue a Ra\u00fal Dom\u00ednguez Vences<br>Por preservar el medio ambiente mediante emprendimientos agropecuarios sustentables en el sur del Estado de M\u00e9xico. Impuls\u00f3 t\u00e9cnicas de labranza de conservaci\u00f3n para regeneraci\u00f3n de suelos.<\/p>\n\n\n\n<p>A Quienes sin ser Mexiquenses Tengan M\u00e9ritos Eminentes o Relevantes, el reconocimiento se lo llevo Valeria Palacios Cruz,<br>por el desarrollo de soluciones tecnol\u00f3gicas con inteligencia artificial, rob\u00f3tica y drones para el monitoreo ambiental y atenci\u00f3n de emergencias.<\/p>\n\n\n\n<p>En tanto, el futbolista Jos\u00e9 Saturnino Cardozo Otaz\u00fa, fue reconocido por sus m\u00e9ritos deportivos como m\u00e1ximo goleador hist\u00f3rico del Deportivo Toluca, con 249 anotaciones y cuatro campeonatos de liga.<\/p>\n\n\n\n<p>A la Defensa de los Derechos Humanos\u00a0el galard\u00f3n lo recibi\u00f3 Rodolfo Ignacio G\u00f3mez, por la defensa de los derechos humanos como consultor de la UNESCO, impulsando el derecho a la educaci\u00f3n y la protecci\u00f3n de la infancia en contextos de violencia.<br>La Unidad de Rescate A\u00e9reo \u201cRel\u00e1mpagos\u201d fue reconocida en la categor\u00eda de a Seguridad, Protecci\u00f3n Ciudadana o Procuraci\u00f3n de Justicia\u00a0Por 31 a\u00f1os de servicio ininterrumpido, realizando m\u00e1s de 14 mil 500 operaciones de ambulancia a\u00e9rea, rescate en zonas de dif\u00edcil acceso, combate de incendios forestales y atenci\u00f3n a desastres.<\/p>\n\n\n\n<p>Al M\u00e9rito Agrario\u00a0el galard\u00f3n fue para Carlos Ju\u00e1rez Guzm\u00e1n, por sus aportaciones a la agricultura sustentable mediante la conservaci\u00f3n de semillas nativas de ma\u00edz y frijol en el Banco de Germoplasma, integrando el conocimiento tradicional mazahua con pr\u00e1cticas agroecol\u00f3gicas para la regeneraci\u00f3n de suelos y la soberan\u00eda alimentaria.<\/p>\n\n\n\n<p>Y en Medicina y Fomento a la Salud, el Banco de Tejidos fue condecorada  por contribuir a la salud mediante el suministro de m\u00e1s de 16 mil tejidos humanos a hospitales del pa\u00eds entre 2022 y 2025.<\/p>\n","protected":false},"excerpt":{"rendered":"<p>Visitas: 15 Juan Ignacio Corro Texcoco, Estado de M\u00e9xico, a 2 de marzo de 2026 En conmemoraci\u00f3n del 202 aniversario de la fundaci\u00f3n del Estado de M\u00e9xico, la Gobernadora Delfina G\u00f3mez \u00c1lvarez entreg\u00f3 la Presea EdoM\u00e9x 2025 a ocho mujeres, cinco hombres y tres instituciones p\u00fablicas que han contribuido al bienestar e innovaci\u00f3n de la [&hellip;]<\/p>\n","protected":false},"author":5,"featured_media":16482,"comment_status":"open","ping_status":"open","sticky":false,"template":"","format":"standard","meta":{"site-sidebar-layout":"default","site-content-layout":"","ast-site-content-layout":"default","site-content-style":"default","site-sidebar-style":"default","ast-global-header-display":"","ast-banner-title-visibility":"","ast-main-header-display":"","ast-hfb-above-header-display":"","ast-hfb-below-header-display":"","ast-hfb-mobile-header-display":"","site-post-title":"","ast-breadcrumbs-content":"","ast-featured-img":"","footer-sml-layout":"","ast-disable-related-posts":"","theme-transparent-header-meta":"","adv-header-id-meta":"","stick-header-meta":"","header-above-stick-meta":"","header-main-stick-meta":"","header-below-stick-meta":"","astra-migrate-meta-layouts":"set","ast-page-background-enabled":"default","ast-page-background-meta":{"desktop":{"background-color":"var(--ast-global-color-4)","background-image":"","background-repeat":"repeat","background-position":"center center","background-size":"auto","background-attachment":"scroll","background-type":"","background-media":"","overlay-type":"","overlay-color":"","overlay-opacity":"","overlay-gradient":""},"tablet":{"background-color":"","background-image":"","background-repeat":"repeat","background-position":"center center","background-size":"auto","background-attachment":"scroll","background-type":"","background-media":"","overlay-type":"","overlay-color":"","overlay-opacity":"","overlay-gradient":""},"mobile":{"background-color":"","background-image":"","background-repeat":"repeat","background-position":"center center","background-size":"auto","background-attachment":"scroll","background-type":"","background-media":"","overlay-type":"","overlay-color":"","overlay-opacity":"","overlay-gradient":""}},"ast-content-background-meta":{"desktop":{"background-color":"var(--ast-global-color-5)","background-image":"","background-repeat":"repeat","background-position":"center center","background-size":"auto","background-attachment":"scroll","background-type":"","background-media":"","overlay-type":"","overlay-color":"","overlay-opacity":"","overlay-gradient":""},"tablet":{"background-color":"var(--ast-global-color-5)","background-image":"","background-repeat":"repeat","background-position":"center center","background-size":"auto","background-attachment":"scroll","background-type":"","background-media":"","overlay-type":"","overlay-color":"","overlay-opacity":"","overlay-gradient":""},"mobile":{"background-color":"var(--ast-global-color-5)","background-image":"","background-repeat":"repeat","background-position":"center center","background-size":"auto","background-attachment":"scroll","background-type":"","background-media":"","overlay-type":"","overlay-color":"","overlay-opacity":"","overlay-gradient":""}},"footnotes":""},"categories":[8,68],"tags":[526],"class_list":["post-16481","post","type-post","status-publish","format-standard","has-post-thumbnail","hentry","category-edomex","category-seguridad","tag-edomex"],"yoast_head":"<!-- This site is optimized with the Yoast SEO plugin v27.4 - https:\/\/yoast.com\/product\/yoast-seo-wordpress\/ -->\n<title>Celebran Aniversario 202 de la fundaci\u00f3n del Edom\u00e9x con la entrega Presea Estado de M\u00e9xico 2025\u00a0 - Agencia252<\/title>\n<meta name=\"robots\" content=\"index, follow, max-snippet:-1, max-image-preview:large, max-video-preview:-1\" \/>\n<link rel=\"canonical\" href=\"https:\/\/agencia.252.com.mx\/home\/celebran-aniversario-202-de-la-fundacion-del-edomex-con-la-entrega-presea-estado-de-mexico-2025\/\" \/>\n<meta property=\"og:locale\" content=\"es_ES\" \/>\n<meta property=\"og:type\" content=\"article\" \/>\n<meta property=\"og:title\" content=\"Celebran Aniversario 202 de la fundaci\u00f3n del Edom\u00e9x con la entrega Presea Estado de M\u00e9xico 2025\u00a0 - Agencia252\" \/>\n<meta property=\"og:description\" content=\"Visitas: 15 Juan Ignacio Corro Texcoco, Estado de M\u00e9xico, a 2 de marzo de 2026 En conmemoraci\u00f3n del 202 aniversario de la fundaci\u00f3n del Estado de M\u00e9xico, la Gobernadora Delfina G\u00f3mez \u00c1lvarez entreg\u00f3 la Presea EdoM\u00e9x 2025 a ocho mujeres, cinco hombres y tres instituciones p\u00fablicas que han contribuido al bienestar e innovaci\u00f3n de la [&hellip;]\" \/>\n<meta property=\"og:url\" content=\"https:\/\/agencia.252.com.mx\/home\/celebran-aniversario-202-de-la-fundacion-del-edomex-con-la-entrega-presea-estado-de-mexico-2025\/\" \/>\n<meta property=\"og:site_name\" content=\"Agencia252\" \/>\n<meta property=\"article:publisher\" content=\"https:\/\/www.facebook.com\/252Comunicacion\/\" \/>\n<meta property=\"article:author\" content=\"https:\/\/www.facebook.com\/jcorroherrera\/\" \/>\n<meta property=\"article:published_time\" content=\"2026-03-02T21:56:04+00:00\" \/>\n<meta property=\"article:modified_time\" content=\"2026-03-02T21:56:05+00:00\" \/>\n<meta property=\"og:image\" content=\"http:\/\/agencia.252.com.mx\/wp-content\/uploads\/2026\/03\/w2_13566_1.jpeg\" \/>\n\t<meta property=\"og:image:width\" content=\"2560\" \/>\n\t<meta property=\"og:image:height\" content=\"1286\" \/>\n\t<meta property=\"og:image:type\" content=\"image\/jpeg\" \/>\n<meta name=\"author\" content=\"Nacho Corro\" \/>\n<meta name=\"twitter:card\" content=\"summary_large_image\" \/>\n<meta name=\"twitter:creator\" content=\"@Juan Ignacio Corro Herrera\" \/>\n<meta name=\"twitter:site\" content=\"@252COMS\" \/>\n<meta name=\"twitter:label1\" content=\"Escrito por\" \/>\n\t<meta name=\"twitter:data1\" content=\"Nacho Corro\" \/>\n\t<meta name=\"twitter:label2\" content=\"Tiempo de lectura\" \/>\n\t<meta name=\"twitter:data2\" content=\"5 minutos\" \/>\n<script type=\"application\/ld+json\" class=\"yoast-schema-graph\">{\"@context\":\"https:\\\/\\\/schema.org\",\"@graph\":[{\"@type\":\"Article\",\"@id\":\"https:\\\/\\\/agencia.252.com.mx\\\/home\\\/celebran-aniversario-202-de-la-fundacion-del-edomex-con-la-entrega-presea-estado-de-mexico-2025\\\/#article\",\"isPartOf\":{\"@id\":\"https:\\\/\\\/agencia.252.com.mx\\\/home\\\/celebran-aniversario-202-de-la-fundacion-del-edomex-con-la-entrega-presea-estado-de-mexico-2025\\\/\"},\"author\":{\"name\":\"Nacho Corro\",\"@id\":\"https:\\\/\\\/agencia.252.com.mx\\\/home\\\/#\\\/schema\\\/person\\\/6b972021e9a92d45ade8c78d81509098\"},\"headline\":\"Celebran Aniversario 202 de la fundaci\u00f3n del Edom\u00e9x con la entrega Presea Estado de M\u00e9xico 2025\u00a0\",\"datePublished\":\"2026-03-02T21:56:04+00:00\",\"dateModified\":\"2026-03-02T21:56:05+00:00\",\"mainEntityOfPage\":{\"@id\":\"https:\\\/\\\/agencia.252.com.mx\\\/home\\\/celebran-aniversario-202-de-la-fundacion-del-edomex-con-la-entrega-presea-estado-de-mexico-2025\\\/\"},\"wordCount\":991,\"commentCount\":0,\"publisher\":{\"@id\":\"https:\\\/\\\/agencia.252.com.mx\\\/home\\\/#organization\"},\"image\":{\"@id\":\"https:\\\/\\\/agencia.252.com.mx\\\/home\\\/celebran-aniversario-202-de-la-fundacion-del-edomex-con-la-entrega-presea-estado-de-mexico-2025\\\/#primaryimage\"},\"thumbnailUrl\":\"https:\\\/\\\/agencia.252.com.mx\\\/wp-content\\\/uploads\\\/2026\\\/03\\\/w2_13566_1.jpeg\",\"keywords\":[\"Edomex\"],\"articleSection\":[\"Edomex\",\"Seguridad\"],\"inLanguage\":\"es\",\"potentialAction\":[{\"@type\":\"CommentAction\",\"name\":\"Comment\",\"target\":[\"https:\\\/\\\/agencia.252.com.mx\\\/home\\\/celebran-aniversario-202-de-la-fundacion-del-edomex-con-la-entrega-presea-estado-de-mexico-2025\\\/#respond\"]}]},{\"@type\":\"WebPage\",\"@id\":\"https:\\\/\\\/agencia.252.com.mx\\\/home\\\/celebran-aniversario-202-de-la-fundacion-del-edomex-con-la-entrega-presea-estado-de-mexico-2025\\\/\",\"url\":\"https:\\\/\\\/agencia.252.com.mx\\\/home\\\/celebran-aniversario-202-de-la-fundacion-del-edomex-con-la-entrega-presea-estado-de-mexico-2025\\\/\",\"name\":\"Celebran Aniversario 202 de la fundaci\u00f3n del Edom\u00e9x con la entrega Presea Estado de M\u00e9xico 2025\u00a0 - Agencia252\",\"isPartOf\":{\"@id\":\"https:\\\/\\\/agencia.252.com.mx\\\/home\\\/#website\"},\"primaryImageOfPage\":{\"@id\":\"https:\\\/\\\/agencia.252.com.mx\\\/home\\\/celebran-aniversario-202-de-la-fundacion-del-edomex-con-la-entrega-presea-estado-de-mexico-2025\\\/#primaryimage\"},\"image\":{\"@id\":\"https:\\\/\\\/agencia.252.com.mx\\\/home\\\/celebran-aniversario-202-de-la-fundacion-del-edomex-con-la-entrega-presea-estado-de-mexico-2025\\\/#primaryimage\"},\"thumbnailUrl\":\"https:\\\/\\\/agencia.252.com.mx\\\/wp-content\\\/uploads\\\/2026\\\/03\\\/w2_13566_1.jpeg\",\"datePublished\":\"2026-03-02T21:56:04+00:00\",\"dateModified\":\"2026-03-02T21:56:05+00:00\",\"breadcrumb\":{\"@id\":\"https:\\\/\\\/agencia.252.com.mx\\\/home\\\/celebran-aniversario-202-de-la-fundacion-del-edomex-con-la-entrega-presea-estado-de-mexico-2025\\\/#breadcrumb\"},\"inLanguage\":\"es\",\"potentialAction\":[{\"@type\":\"ReadAction\",\"target\":[\"https:\\\/\\\/agencia.252.com.mx\\\/home\\\/celebran-aniversario-202-de-la-fundacion-del-edomex-con-la-entrega-presea-estado-de-mexico-2025\\\/\"]}]},{\"@type\":\"ImageObject\",\"inLanguage\":\"es\",\"@id\":\"https:\\\/\\\/agencia.252.com.mx\\\/home\\\/celebran-aniversario-202-de-la-fundacion-del-edomex-con-la-entrega-presea-estado-de-mexico-2025\\\/#primaryimage\",\"url\":\"https:\\\/\\\/agencia.252.com.mx\\\/wp-content\\\/uploads\\\/2026\\\/03\\\/w2_13566_1.jpeg\",\"contentUrl\":\"https:\\\/\\\/agencia.252.com.mx\\\/wp-content\\\/uploads\\\/2026\\\/03\\\/w2_13566_1.jpeg\",\"width\":2560,\"height\":1286},{\"@type\":\"BreadcrumbList\",\"@id\":\"https:\\\/\\\/agencia.252.com.mx\\\/home\\\/celebran-aniversario-202-de-la-fundacion-del-edomex-con-la-entrega-presea-estado-de-mexico-2025\\\/#breadcrumb\",\"itemListElement\":[{\"@type\":\"ListItem\",\"position\":1,\"name\":\"Portada\",\"item\":\"https:\\\/\\\/agencia.252.com.mx\\\/home\\\/\"},{\"@type\":\"ListItem\",\"position\":2,\"name\":\"Celebran Aniversario 202 de la fundaci\u00f3n del Edom\u00e9x con la entrega Presea Estado de M\u00e9xico 2025\u00a0\"}]},{\"@type\":\"WebSite\",\"@id\":\"https:\\\/\\\/agencia.252.com.mx\\\/home\\\/#website\",\"url\":\"https:\\\/\\\/agencia.252.com.mx\\\/home\\\/\",\"name\":\"Agencia252\",\"description\":\"Tu espacio en la Red\",\"publisher\":{\"@id\":\"https:\\\/\\\/agencia.252.com.mx\\\/home\\\/#organization\"},\"potentialAction\":[{\"@type\":\"SearchAction\",\"target\":{\"@type\":\"EntryPoint\",\"urlTemplate\":\"https:\\\/\\\/agencia.252.com.mx\\\/home\\\/?s={search_term_string}\"},\"query-input\":{\"@type\":\"PropertyValueSpecification\",\"valueRequired\":true,\"valueName\":\"search_term_string\"}}],\"inLanguage\":\"es\"},{\"@type\":\"Organization\",\"@id\":\"https:\\\/\\\/agencia.252.com.mx\\\/home\\\/#organization\",\"name\":\"Agencia252\",\"url\":\"https:\\\/\\\/agencia.252.com.mx\\\/home\\\/\",\"logo\":{\"@type\":\"ImageObject\",\"inLanguage\":\"es\",\"@id\":\"https:\\\/\\\/agencia.252.com.mx\\\/home\\\/#\\\/schema\\\/logo\\\/image\\\/\",\"url\":\"https:\\\/\\\/agencia.252.com.mx\\\/wp-content\\\/uploads\\\/2023\\\/02\\\/cropped-ciruclo-agencia-e1677562404136.png\",\"contentUrl\":\"https:\\\/\\\/agencia.252.com.mx\\\/wp-content\\\/uploads\\\/2023\\\/02\\\/cropped-ciruclo-agencia-e1677562404136.png\",\"width\":512,\"height\":512,\"caption\":\"Agencia252\"},\"image\":{\"@id\":\"https:\\\/\\\/agencia.252.com.mx\\\/home\\\/#\\\/schema\\\/logo\\\/image\\\/\"},\"sameAs\":[\"https:\\\/\\\/www.facebook.com\\\/252Comunicacion\\\/\",\"https:\\\/\\\/x.com\\\/252COMS\"]},{\"@type\":\"Person\",\"@id\":\"https:\\\/\\\/agencia.252.com.mx\\\/home\\\/#\\\/schema\\\/person\\\/6b972021e9a92d45ade8c78d81509098\",\"name\":\"Nacho Corro\",\"image\":{\"@type\":\"ImageObject\",\"inLanguage\":\"es\",\"@id\":\"https:\\\/\\\/secure.gravatar.com\\\/avatar\\\/5db6df507cfe1307e192fbb498c6b85f1cf2ffd8b4cd37141b9eea588fcbd5a4?s=96&r=g\",\"url\":\"https:\\\/\\\/secure.gravatar.com\\\/avatar\\\/5db6df507cfe1307e192fbb498c6b85f1cf2ffd8b4cd37141b9eea588fcbd5a4?s=96&r=g\",\"contentUrl\":\"https:\\\/\\\/secure.gravatar.com\\\/avatar\\\/5db6df507cfe1307e192fbb498c6b85f1cf2ffd8b4cd37141b9eea588fcbd5a4?s=96&r=g\",\"caption\":\"Nacho Corro\"},\"description\":\"Comunicador Social, Periodista y Administraci\u00f3n P\u00fablica. Conversador pol\u00edtico, temas electorales y seguridad. Generador de contenidos digitales. Amante de la fotograf\u00eda\",\"sameAs\":[\"https:\\\/\\\/www.facebook.com\\\/jcorroherrera\\\/\",\"www.instagram.com\\\/nachocorro\\\/\",\"https:\\\/\\\/x.com\\\/Juan Ignacio Corro Herrera\"],\"url\":\"https:\\\/\\\/agencia.252.com.mx\\\/home\\\/author\\\/i-corro\\\/\"}]}<\/script>\n<!-- \/ Yoast SEO plugin. -->","yoast_head_json":{"title":"Celebran Aniversario 202 de la fundaci\u00f3n del Edom\u00e9x con la entrega Presea Estado de M\u00e9xico 2025\u00a0 - Agencia252","robots":{"index":"index","follow":"follow","max-snippet":"max-snippet:-1","max-image-preview":"max-image-preview:large","max-video-preview":"max-video-preview:-1"},"canonical":"https:\/\/agencia.252.com.mx\/home\/celebran-aniversario-202-de-la-fundacion-del-edomex-con-la-entrega-presea-estado-de-mexico-2025\/","og_locale":"es_ES","og_type":"article","og_title":"Celebran Aniversario 202 de la fundaci\u00f3n del Edom\u00e9x con la entrega Presea Estado de M\u00e9xico 2025\u00a0 - Agencia252","og_description":"Visitas: 15 Juan Ignacio Corro Texcoco, Estado de M\u00e9xico, a 2 de marzo de 2026 En conmemoraci\u00f3n del 202 aniversario de la fundaci\u00f3n del Estado de M\u00e9xico, la Gobernadora Delfina G\u00f3mez \u00c1lvarez entreg\u00f3 la Presea EdoM\u00e9x 2025 a ocho mujeres, cinco hombres y tres instituciones p\u00fablicas que han contribuido al bienestar e innovaci\u00f3n de la [&hellip;]","og_url":"https:\/\/agencia.252.com.mx\/home\/celebran-aniversario-202-de-la-fundacion-del-edomex-con-la-entrega-presea-estado-de-mexico-2025\/","og_site_name":"Agencia252","article_publisher":"https:\/\/www.facebook.com\/252Comunicacion\/","article_author":"https:\/\/www.facebook.com\/jcorroherrera\/","article_published_time":"2026-03-02T21:56:04+00:00","article_modified_time":"2026-03-02T21:56:05+00:00","og_image":[{"width":2560,"height":1286,"url":"http:\/\/agencia.252.com.mx\/wp-content\/uploads\/2026\/03\/w2_13566_1.jpeg","type":"image\/jpeg"}],"author":"Nacho Corro","twitter_card":"summary_large_image","twitter_creator":"@Juan Ignacio Corro Herrera","twitter_site":"@252COMS","twitter_misc":{"Escrito por":"Nacho Corro","Tiempo de lectura":"5 minutos"},"schema":{"@context":"https:\/\/schema.org","@graph":[{"@type":"Article","@id":"https:\/\/agencia.252.com.mx\/home\/celebran-aniversario-202-de-la-fundacion-del-edomex-con-la-entrega-presea-estado-de-mexico-2025\/#article","isPartOf":{"@id":"https:\/\/agencia.252.com.mx\/home\/celebran-aniversario-202-de-la-fundacion-del-edomex-con-la-entrega-presea-estado-de-mexico-2025\/"},"author":{"name":"Nacho Corro","@id":"https:\/\/agencia.252.com.mx\/home\/#\/schema\/person\/6b972021e9a92d45ade8c78d81509098"},"headline":"Celebran Aniversario 202 de la fundaci\u00f3n del Edom\u00e9x con la entrega Presea Estado de M\u00e9xico 2025\u00a0","datePublished":"2026-03-02T21:56:04+00:00","dateModified":"2026-03-02T21:56:05+00:00","mainEntityOfPage":{"@id":"https:\/\/agencia.252.com.mx\/home\/celebran-aniversario-202-de-la-fundacion-del-edomex-con-la-entrega-presea-estado-de-mexico-2025\/"},"wordCount":991,"commentCount":0,"publisher":{"@id":"https:\/\/agencia.252.com.mx\/home\/#organization"},"image":{"@id":"https:\/\/agencia.252.com.mx\/home\/celebran-aniversario-202-de-la-fundacion-del-edomex-con-la-entrega-presea-estado-de-mexico-2025\/#primaryimage"},"thumbnailUrl":"https:\/\/agencia.252.com.mx\/wp-content\/uploads\/2026\/03\/w2_13566_1.jpeg","keywords":["Edomex"],"articleSection":["Edomex","Seguridad"],"inLanguage":"es","potentialAction":[{"@type":"CommentAction","name":"Comment","target":["https:\/\/agencia.252.com.mx\/home\/celebran-aniversario-202-de-la-fundacion-del-edomex-con-la-entrega-presea-estado-de-mexico-2025\/#respond"]}]},{"@type":"WebPage","@id":"https:\/\/agencia.252.com.mx\/home\/celebran-aniversario-202-de-la-fundacion-del-edomex-con-la-entrega-presea-estado-de-mexico-2025\/","url":"https:\/\/agencia.252.com.mx\/home\/celebran-aniversario-202-de-la-fundacion-del-edomex-con-la-entrega-presea-estado-de-mexico-2025\/","name":"Celebran Aniversario 202 de la fundaci\u00f3n del Edom\u00e9x con la entrega Presea Estado de M\u00e9xico 2025\u00a0 - Agencia252","isPartOf":{"@id":"https:\/\/agencia.252.com.mx\/home\/#website"},"primaryImageOfPage":{"@id":"https:\/\/agencia.252.com.mx\/home\/celebran-aniversario-202-de-la-fundacion-del-edomex-con-la-entrega-presea-estado-de-mexico-2025\/#primaryimage"},"image":{"@id":"https:\/\/agencia.252.com.mx\/home\/celebran-aniversario-202-de-la-fundacion-del-edomex-con-la-entrega-presea-estado-de-mexico-2025\/#primaryimage"},"thumbnailUrl":"https:\/\/agencia.252.com.mx\/wp-content\/uploads\/2026\/03\/w2_13566_1.jpeg","datePublished":"2026-03-02T21:56:04+00:00","dateModified":"2026-03-02T21:56:05+00:00","breadcrumb":{"@id":"https:\/\/agencia.252.com.mx\/home\/celebran-aniversario-202-de-la-fundacion-del-edomex-con-la-entrega-presea-estado-de-mexico-2025\/#breadcrumb"},"inLanguage":"es","potentialAction":[{"@type":"ReadAction","target":["https:\/\/agencia.252.com.mx\/home\/celebran-aniversario-202-de-la-fundacion-del-edomex-con-la-entrega-presea-estado-de-mexico-2025\/"]}]},{"@type":"ImageObject","inLanguage":"es","@id":"https:\/\/agencia.252.com.mx\/home\/celebran-aniversario-202-de-la-fundacion-del-edomex-con-la-entrega-presea-estado-de-mexico-2025\/#primaryimage","url":"https:\/\/agencia.252.com.mx\/wp-content\/uploads\/2026\/03\/w2_13566_1.jpeg","contentUrl":"https:\/\/agencia.252.com.mx\/wp-content\/uploads\/2026\/03\/w2_13566_1.jpeg","width":2560,"height":1286},{"@type":"BreadcrumbList","@id":"https:\/\/agencia.252.com.mx\/home\/celebran-aniversario-202-de-la-fundacion-del-edomex-con-la-entrega-presea-estado-de-mexico-2025\/#breadcrumb","itemListElement":[{"@type":"ListItem","position":1,"name":"Portada","item":"https:\/\/agencia.252.com.mx\/home\/"},{"@type":"ListItem","position":2,"name":"Celebran Aniversario 202 de la fundaci\u00f3n del Edom\u00e9x con la entrega Presea Estado de M\u00e9xico 2025\u00a0"}]},{"@type":"WebSite","@id":"https:\/\/agencia.252.com.mx\/home\/#website","url":"https:\/\/agencia.252.com.mx\/home\/","name":"Agencia252","description":"Tu espacio en la Red","publisher":{"@id":"https:\/\/agencia.252.com.mx\/home\/#organization"},"potentialAction":[{"@type":"SearchAction","target":{"@type":"EntryPoint","urlTemplate":"https:\/\/agencia.252.com.mx\/home\/?s={search_term_string}"},"query-input":{"@type":"PropertyValueSpecification","valueRequired":true,"valueName":"search_term_string"}}],"inLanguage":"es"},{"@type":"Organization","@id":"https:\/\/agencia.252.com.mx\/home\/#organization","name":"Agencia252","url":"https:\/\/agencia.252.com.mx\/home\/","logo":{"@type":"ImageObject","inLanguage":"es","@id":"https:\/\/agencia.252.com.mx\/home\/#\/schema\/logo\/image\/","url":"https:\/\/agencia.252.com.mx\/wp-content\/uploads\/2023\/02\/cropped-ciruclo-agencia-e1677562404136.png","contentUrl":"https:\/\/agencia.252.com.mx\/wp-content\/uploads\/2023\/02\/cropped-ciruclo-agencia-e1677562404136.png","width":512,"height":512,"caption":"Agencia252"},"image":{"@id":"https:\/\/agencia.252.com.mx\/home\/#\/schema\/logo\/image\/"},"sameAs":["https:\/\/www.facebook.com\/252Comunicacion\/","https:\/\/x.com\/252COMS"]},{"@type":"Person","@id":"https:\/\/agencia.252.com.mx\/home\/#\/schema\/person\/6b972021e9a92d45ade8c78d81509098","name":"Nacho Corro","image":{"@type":"ImageObject","inLanguage":"es","@id":"https:\/\/secure.gravatar.com\/avatar\/5db6df507cfe1307e192fbb498c6b85f1cf2ffd8b4cd37141b9eea588fcbd5a4?s=96&r=g","url":"https:\/\/secure.gravatar.com\/avatar\/5db6df507cfe1307e192fbb498c6b85f1cf2ffd8b4cd37141b9eea588fcbd5a4?s=96&r=g","contentUrl":"https:\/\/secure.gravatar.com\/avatar\/5db6df507cfe1307e192fbb498c6b85f1cf2ffd8b4cd37141b9eea588fcbd5a4?s=96&r=g","caption":"Nacho Corro"},"description":"Comunicador Social, Periodista y Administraci\u00f3n P\u00fablica. Conversador pol\u00edtico, temas electorales y seguridad. Generador de contenidos digitales. Amante de la fotograf\u00eda","sameAs":["https:\/\/www.facebook.com\/jcorroherrera\/","www.instagram.com\/nachocorro\/","https:\/\/x.com\/Juan Ignacio Corro Herrera"],"url":"https:\/\/agencia.252.com.mx\/home\/author\/i-corro\/"}]}},"_links":{"self":[{"href":"https:\/\/agencia.252.com.mx\/home\/wp-json\/wp\/v2\/posts\/16481","targetHints":{"allow":["GET"]}}],"collection":[{"href":"https:\/\/agencia.252.com.mx\/home\/wp-json\/wp\/v2\/posts"}],"about":[{"href":"https:\/\/agencia.252.com.mx\/home\/wp-json\/wp\/v2\/types\/post"}],"author":[{"embeddable":true,"href":"https:\/\/agencia.252.com.mx\/home\/wp-json\/wp\/v2\/users\/5"}],"replies":[{"embeddable":true,"href":"https:\/\/agencia.252.com.mx\/home\/wp-json\/wp\/v2\/comments?post=16481"}],"version-history":[{"count":1,"href":"https:\/\/agencia.252.com.mx\/home\/wp-json\/wp\/v2\/posts\/16481\/revisions"}],"predecessor-version":[{"id":16483,"href":"https:\/\/agencia.252.com.mx\/home\/wp-json\/wp\/v2\/posts\/16481\/revisions\/16483"}],"wp:featuredmedia":[{"embeddable":true,"href":"https:\/\/agencia.252.com.mx\/home\/wp-json\/wp\/v2\/media\/16482"}],"wp:attachment":[{"href":"https:\/\/agencia.252.com.mx\/home\/wp-json\/wp\/v2\/media?parent=16481"}],"wp:term":[{"taxonomy":"category","embeddable":true,"href":"https:\/\/agencia.252.com.mx\/home\/wp-json\/wp\/v2\/categories?post=16481"},{"taxonomy":"post_tag","embeddable":true,"href":"https:\/\/agencia.252.com.mx\/home\/wp-json\/wp\/v2\/tags?post=16481"}],"curies":[{"name":"wp","href":"https:\/\/api.w.org\/{rel}","templated":true}]}}