{"id":16478,"date":"2026-03-02T15:39:18","date_gmt":"2026-03-02T21:39:18","guid":{"rendered":"https:\/\/agencia.252.com.mx\/home\/?p=16478"},"modified":"2026-03-02T15:39:19","modified_gmt":"2026-03-02T21:39:19","slug":"preparan-primer-festival-de-primavera-2026","status":"publish","type":"post","link":"https:\/\/agencia.252.com.mx\/home\/preparan-primer-festival-de-primavera-2026\/","title":{"rendered":"Preparan Primer\u00a0\u00a0Festival de Primavera 2026"},"content":{"rendered":"<p>Visitas: 22<\/p>\n<ul class=\"wp-block-list\">\n<li><em>El festival se llevar\u00e1 a cabo en siete sedes en el Centro Hist\u00f3rico de la Ciudad de M\u00e9xico: Monumento a la Revoluci\u00f3n, Plaza Manuel Tols\u00e1, Dr. Mora, Kiosco Alameda, Terraza del Museo del Estanquillo, el Monumento a Beethoven y el Z\u00f3calo, adem\u00e1s de La Ca\u00f1ada en los Dinamos, al sur de la capital\u00a0<\/em><\/li>\n\n\n\n<li><em>En el Z\u00f3calo capitalino se realizar\u00e1 el 4to Gran Baile de Sonideras y Sonideros, en el que participar\u00e1n 12 proyectos que fueron seleccionados tras un sorteo, y participar\u00e1 el Sonido C\u00f3ndor a manera de homenaje a su trayectoria\u00a0<\/em><\/li>\n\n\n\n<li><em>Para ampliar la programaci\u00f3n, el domingo 22 de marzo se presentar\u00e1 el programa dominical\u00a0\u00a0\u201cCu\u00edcatl, la ciudad que suena\u201d en 14 sedes por toda la ciudad, en las que participar\u00e1n 25 grupos, 12 de ellos con fuerte presencia femenina, y 7 grupos internacionales de Argentina, Chile, Colombia, Estados Unidos, Hait\u00ed, con alrededor de 150 m\u00fasicos<\/em><\/li>\n<\/ul>\n\n\n\n<p>Juan Ignacio Corro<\/p>\n\n\n\n<p class=\"has-text-align-right\">Ciudad de M\u00e9xico, a 2 de marzo de 2026<\/p>\n\n\n\n<p>El s\u00e1bado 21 y domingo 22 de marzo, la capital se convertir\u00e1 en un epicentro musical con el festival Noche de Primavera 2026, organizado por el Gobierno de la Ciudad de M\u00e9xico, a trav\u00e9s de la Secretar\u00eda de Cultura, que tiene como objetivo acercar conciertos de entrada libre de diversos estilos musicales a espacios p\u00fablicos. Este a\u00f1o la jornada contar\u00e1 con 18 invitados internacionales, 20 sedes, 75 grupos y 450 artistas, en su mayor\u00eda mujeres.&nbsp;<\/p>\n\n\n\n<p>.La celebraci\u00f3n de la primavera comenzar\u00e1 el s\u00e1bado 21 de marzo en las tradicionales sedes en el Centro Hist\u00f3rico de la Ciudad de M\u00e9xico: Monumento a la Revoluci\u00f3n, Plaza Manuel Tols\u00e1, Dr. Mora, Kiosco Alameda, Terraza del Museo del Estanquillo, el Monumento a Beethoven y el Z\u00f3calo. As\u00ed como La Ca\u00f1ada en los Dinamos, que fue incluida en 2025 y se convirti\u00f3 en un \u00e9xito con el gran recibimiento de las y los capitalinos.\u00a0<\/p>\n\n\n\n<p>En la jornada destaca la participaci\u00f3n de 18 invitados internacionales de pa\u00edses como Alemania, Argentina, Canad\u00e1, Chile, Colombia, Corea, Estados Unidos, Filipinas, Francia, Marruecos, Italia y Nigeria.&nbsp;<\/p>\n\n\n\n<p>Z\u00f3calo capitalino &#8211; Gran Baile de Sonideros y Sonideras<\/p>\n\n\n\n<p>El s\u00e1bado 21 de marzo, en el Z\u00f3calo capitalino, se llevar\u00e1 a cabo el 4to Gran Baile de Sonideros y Sonideras, de 12 a 24 horas, con la participaci\u00f3n de 12 proyectos que fueron seleccionados por medio de un sorteo: Sonido Salsita la Chaparrita del Sabor;&nbsp;&nbsp;Sonido Gallito; Sonido Bongonee; Fiesta Tropical; Sonido ErreStar; Sonido 69. Sonido del amor; Sonido Gatubela; El junior ritmo y sorpresa; Alis Pedraza la Sabanera; Sonido Rumbero; Sonido Superestrella; y Sonido Fosterman\u00eda.&nbsp;<\/p>\n\n\n\n<p>Tambi\u00e9n habr\u00e1 dos invitados sonideros pertenecientes a la comunidad migrante que radica en los Estados Unidos y la participaci\u00f3n estelar de Sonido C\u00f3ndor a manera de reconocimiento por su trayectoria.<\/p>\n\n\n\n<p>A continuaci\u00f3n te compartimos al talento que podr\u00e1s disfrutar en cada sede el pr\u00f3ximo s\u00e1bado 21 de marzo:<\/p>\n\n\n\n<p>Monumento a la Revoluci\u00f3n &#8211; Rock cl\u00e1sico<\/p>\n\n\n\n<p>Los Lobos (EUA), Cecilia Toussaint, Guillermo Brise\u00f1o, la banda Kerigma y el solista Meme del Real.&nbsp;<\/p>\n\n\n\n<p>Monumento a Beethoven &#8211; Alternativo<\/p>\n\n\n\n<p>La Tremenda Korte, Santiago Motorizado de Argentina, Bella Litsa de Estados Unidos, los Hermanos Menores de Colombia y la banda de metal Black Panthera de Brasil.&nbsp;<\/p>\n\n\n\n<p>Kiosko Alameda &#8211; Fusi\u00f3n latina<\/p>\n\n\n\n<p>Amandititita, Pablito Mix, Pauli Bohemio, la China Sonidera y la banda Pi\u00f1ata Protest.&nbsp;<\/p>\n\n\n\n<p>Plaza Manuel Tols\u00e1 &#8211; Electr\u00f3nica&nbsp;<\/p>\n\n\n\n<p>Djs y productores musicales como Sickick, de Canad\u00e1, Retro Cassetta, de Marruecos; y los duetos Tarsius, de Filipinas, y Fat Hamster &amp; Kang New de Corea del Sur.&nbsp;<\/p>\n\n\n\n<p>Balc\u00f3n del Museo del Estanquillo&nbsp;&nbsp;&#8211; \u00d3pera&nbsp;<\/p>\n\n\n\n<p>Colectivos de poes\u00eda y exponentes del hip hop como el rapero mexicoestadounidense Xiuhtezcatl y Danger, uno de los \u00edconos del hip hop y el freestyle en M\u00e9xico para hacer de esa esquina un punto de expresi\u00f3n de la voz y la palabra.<\/p>\n\n\n\n<p>La Ca\u00f1ada en Los Dinamos &#8211; House &#8211; Techno&nbsp;<\/p>\n\n\n\n<p>Se realizar\u00e1 un rave y un campamento que iniciar\u00e1 el s\u00e1bado 21 de marzo a las 16 horas y terminar\u00e1 a las 6 de la ma\u00f1ana del d\u00eda siguiente. El dueto colombiano Dishype mantendr\u00e1 al p\u00fablico de pie en la madrugada. El resto del cartel lo integran Bluecommand, el dueto francomexicano Los eclipses, Sotomayor, Centavrvs, Evissimax&nbsp;&nbsp;y la japonesa Mari Sakurai.<\/p>\n\n\n\n<p>Para el domingo 22 de marzo y por instrucci\u00f3n de la jefa de Gobierno de territorializar y democratizar la cultura, la jornada de \u00abCu\u00edcatl: La Ciudad que Suena\u00bb se realizar\u00e1 en 14 sedes, con 25 grupos, 12 de ellos con fuerte presencia femenina, y 7 grupos internacionales de Argentina, Chile, Colombia, Estados Unidos, Hait\u00ed, con alrededor de 150 m\u00fasicos y g\u00e9neros musicales como Jazz, Rock, Electr\u00f3nica, Tradicional, Reggae, Ska, Metal, Experimental, Pop, Hip Hop y Reggaeton.<\/p>\n\n\n\n<p>Las sedes estar\u00e1n ser\u00e1n: Plaza San Jacinto (\u00c1lvaro Obreg\u00f3n), Parque Tezozomoc (Azcapotzalco), Jard\u00edn Santiago Xicot\u00e9ncatl (Benito Ju\u00e1rez), Deportivo El Cacalote (Cuajimalpa), Palacio Postal y Jard\u00edn Santiago de Tlatelolco (Cuauht\u00e9moc), Alameda Sur (Coyoac\u00e1n), Velaria Campamento 2 de Octubre (Iztacalco), UTOP\u00cdA Meyehualco (Iztapalapa), Foro Cultural Magdalena Contreras, Foro Alfonso Reyes en Chapultepec (Miguel Hidalgo), Plaza del Bolero (Tlalpan) y FARO Tl\u00e1huac.<\/p>\n\n\n\n<p>Los elencos para esta jornada del 22 de marzo son: Jeanette Macari, Celso Duarte, Laboratorios Moreno, F-MACK, Rockotitl\u00e1n Chilli Stars, Mirror Revelations, Luisa Almaguer, Ra La Culebra, Anti\u00e1nima, Electrify, She No More, Cemican, Mad Warriors, Fat Hamster &amp; Kang New, Jorjais, Xiuhtezcatl, Cinthya Morado, Yorka, Francisco Lelo De Larrea, Chechi de Marcos y Olivia Garc\u00eda.&nbsp;<\/p>\n\n\n\n<p>\u201cCu\u00edcatl: la ciudad que suena\u201d es una iniciativa del Gobierno de la Ciudad de M\u00e9xico, a trav\u00e9s de la Secretar\u00eda de Cultura, que lleva m\u00fasica en vivo al espacio p\u00fablico de manera gratuita, con el fin de apoyar a talento emergente y llevar cultura a todos los rincones de la capital.&nbsp;<\/p>\n\n\n\n<p>Para conocer todas las actividades de la Secretar\u00eda de Cultura capitalina consulta la Cartelera de la Ciudad de M\u00e9xico (<a href=\"https:\/\/cartelera.cdmx.gob.mx\/\">https:\/\/cartelera.cdmx.gob.mx\/<\/a>) y las redes sociales de la Secretar\u00eda de Cultura: Facebook, X, Instagram y YouTube.<\/p>\n","protected":false},"excerpt":{"rendered":"<p>Visitas: 22 Juan Ignacio Corro Ciudad de M\u00e9xico, a 2 de marzo de 2026 El s\u00e1bado 21 y domingo 22 de marzo, la capital se convertir\u00e1 en un epicentro musical con el festival Noche de Primavera 2026, organizado por el Gobierno de la Ciudad de M\u00e9xico, a trav\u00e9s de la Secretar\u00eda de Cultura, que tiene [&hellip;]<\/p>\n","protected":false},"author":5,"featured_media":16479,"comment_status":"open","ping_status":"open","sticky":false,"template":"","format":"standard","meta":{"site-sidebar-layout":"default","site-content-layout":"","ast-site-content-layout":"default","site-content-style":"default","site-sidebar-style":"default","ast-global-header-display":"","ast-banner-title-visibility":"","ast-main-header-display":"","ast-hfb-above-header-display":"","ast-hfb-below-header-display":"","ast-hfb-mobile-header-display":"","site-post-title":"","ast-breadcrumbs-content":"","ast-featured-img":"","footer-sml-layout":"","ast-disable-related-posts":"","theme-transparent-header-meta":"","adv-header-id-meta":"","stick-header-meta":"","header-above-stick-meta":"","header-main-stick-meta":"","header-below-stick-meta":"","astra-migrate-meta-layouts":"set","ast-page-background-enabled":"default","ast-page-background-meta":{"desktop":{"background-color":"var(--ast-global-color-4)","background-image":"","background-repeat":"repeat","background-position":"center center","background-size":"auto","background-attachment":"scroll","background-type":"","background-media":"","overlay-type":"","overlay-color":"","overlay-opacity":"","overlay-gradient":""},"tablet":{"background-color":"","background-image":"","background-repeat":"repeat","background-position":"center center","background-size":"auto","background-attachment":"scroll","background-type":"","background-media":"","overlay-type":"","overlay-color":"","overlay-opacity":"","overlay-gradient":""},"mobile":{"background-color":"","background-image":"","background-repeat":"repeat","background-position":"center center","background-size":"auto","background-attachment":"scroll","background-type":"","background-media":"","overlay-type":"","overlay-color":"","overlay-opacity":"","overlay-gradient":""}},"ast-content-background-meta":{"desktop":{"background-color":"var(--ast-global-color-5)","background-image":"","background-repeat":"repeat","background-position":"center center","background-size":"auto","background-attachment":"scroll","background-type":"","background-media":"","overlay-type":"","overlay-color":"","overlay-opacity":"","overlay-gradient":""},"tablet":{"background-color":"var(--ast-global-color-5)","background-image":"","background-repeat":"repeat","background-position":"center center","background-size":"auto","background-attachment":"scroll","background-type":"","background-media":"","overlay-type":"","overlay-color":"","overlay-opacity":"","overlay-gradient":""},"mobile":{"background-color":"var(--ast-global-color-5)","background-image":"","background-repeat":"repeat","background-position":"center center","background-size":"auto","background-attachment":"scroll","background-type":"","background-media":"","overlay-type":"","overlay-color":"","overlay-opacity":"","overlay-gradient":""}},"footnotes":""},"categories":[69,107,68],"tags":[535],"class_list":["post-16478","post","type-post","status-publish","format-standard","has-post-thumbnail","hentry","category-cdmx","category-cultura","category-seguridad","tag-cdmx"],"yoast_head":"<!-- This site is optimized with the Yoast SEO plugin v27.4 - https:\/\/yoast.com\/product\/yoast-seo-wordpress\/ -->\n<title>Preparan Primer\u00a0\u00a0Festival de Primavera 2026 - Agencia252<\/title>\n<meta name=\"robots\" content=\"index, follow, max-snippet:-1, max-image-preview:large, max-video-preview:-1\" \/>\n<link rel=\"canonical\" href=\"https:\/\/agencia.252.com.mx\/home\/preparan-primer-festival-de-primavera-2026\/\" \/>\n<meta property=\"og:locale\" content=\"es_ES\" \/>\n<meta property=\"og:type\" content=\"article\" \/>\n<meta property=\"og:title\" content=\"Preparan Primer\u00a0\u00a0Festival de Primavera 2026 - Agencia252\" \/>\n<meta property=\"og:description\" content=\"Visitas: 22 Juan Ignacio Corro Ciudad de M\u00e9xico, a 2 de marzo de 2026 El s\u00e1bado 21 y domingo 22 de marzo, la capital se convertir\u00e1 en un epicentro musical con el festival Noche de Primavera 2026, organizado por el Gobierno de la Ciudad de M\u00e9xico, a trav\u00e9s de la Secretar\u00eda de Cultura, que tiene [&hellip;]\" \/>\n<meta property=\"og:url\" content=\"https:\/\/agencia.252.com.mx\/home\/preparan-primer-festival-de-primavera-2026\/\" \/>\n<meta property=\"og:site_name\" content=\"Agencia252\" \/>\n<meta property=\"article:publisher\" content=\"https:\/\/www.facebook.com\/252Comunicacion\/\" \/>\n<meta property=\"article:author\" content=\"https:\/\/www.facebook.com\/jcorroherrera\/\" \/>\n<meta property=\"article:published_time\" content=\"2026-03-02T21:39:18+00:00\" \/>\n<meta property=\"article:modified_time\" content=\"2026-03-02T21:39:19+00:00\" \/>\n<meta property=\"og:image\" content=\"http:\/\/agencia.252.com.mx\/wp-content\/uploads\/2026\/03\/WhatsApp-Image-2026-03-02-at-2.12.13-PM.jpeg\" \/>\n\t<meta property=\"og:image:width\" content=\"2560\" \/>\n\t<meta property=\"og:image:height\" content=\"1706\" \/>\n\t<meta property=\"og:image:type\" content=\"image\/jpeg\" \/>\n<meta name=\"author\" content=\"Nacho Corro\" \/>\n<meta name=\"twitter:card\" content=\"summary_large_image\" \/>\n<meta name=\"twitter:creator\" content=\"@Juan Ignacio Corro Herrera\" \/>\n<meta name=\"twitter:site\" content=\"@252COMS\" \/>\n<meta name=\"twitter:label1\" content=\"Escrito por\" \/>\n\t<meta name=\"twitter:data1\" content=\"Nacho Corro\" \/>\n\t<meta name=\"twitter:label2\" content=\"Tiempo de lectura\" \/>\n\t<meta name=\"twitter:data2\" content=\"5 minutos\" \/>\n<script type=\"application\/ld+json\" class=\"yoast-schema-graph\">{\"@context\":\"https:\\\/\\\/schema.org\",\"@graph\":[{\"@type\":\"Article\",\"@id\":\"https:\\\/\\\/agencia.252.com.mx\\\/home\\\/preparan-primer-festival-de-primavera-2026\\\/#article\",\"isPartOf\":{\"@id\":\"https:\\\/\\\/agencia.252.com.mx\\\/home\\\/preparan-primer-festival-de-primavera-2026\\\/\"},\"author\":{\"name\":\"Nacho Corro\",\"@id\":\"https:\\\/\\\/agencia.252.com.mx\\\/home\\\/#\\\/schema\\\/person\\\/6b972021e9a92d45ade8c78d81509098\"},\"headline\":\"Preparan Primer\u00a0\u00a0Festival de Primavera 2026\",\"datePublished\":\"2026-03-02T21:39:18+00:00\",\"dateModified\":\"2026-03-02T21:39:19+00:00\",\"mainEntityOfPage\":{\"@id\":\"https:\\\/\\\/agencia.252.com.mx\\\/home\\\/preparan-primer-festival-de-primavera-2026\\\/\"},\"wordCount\":1043,\"commentCount\":0,\"publisher\":{\"@id\":\"https:\\\/\\\/agencia.252.com.mx\\\/home\\\/#organization\"},\"image\":{\"@id\":\"https:\\\/\\\/agencia.252.com.mx\\\/home\\\/preparan-primer-festival-de-primavera-2026\\\/#primaryimage\"},\"thumbnailUrl\":\"https:\\\/\\\/agencia.252.com.mx\\\/wp-content\\\/uploads\\\/2026\\\/03\\\/WhatsApp-Image-2026-03-02-at-2.12.13-PM.jpeg\",\"keywords\":[\"CDMX\"],\"articleSection\":[\"CDMX\",\"Cultura\",\"Seguridad\"],\"inLanguage\":\"es\",\"potentialAction\":[{\"@type\":\"CommentAction\",\"name\":\"Comment\",\"target\":[\"https:\\\/\\\/agencia.252.com.mx\\\/home\\\/preparan-primer-festival-de-primavera-2026\\\/#respond\"]}]},{\"@type\":\"WebPage\",\"@id\":\"https:\\\/\\\/agencia.252.com.mx\\\/home\\\/preparan-primer-festival-de-primavera-2026\\\/\",\"url\":\"https:\\\/\\\/agencia.252.com.mx\\\/home\\\/preparan-primer-festival-de-primavera-2026\\\/\",\"name\":\"Preparan Primer\u00a0\u00a0Festival de Primavera 2026 - Agencia252\",\"isPartOf\":{\"@id\":\"https:\\\/\\\/agencia.252.com.mx\\\/home\\\/#website\"},\"primaryImageOfPage\":{\"@id\":\"https:\\\/\\\/agencia.252.com.mx\\\/home\\\/preparan-primer-festival-de-primavera-2026\\\/#primaryimage\"},\"image\":{\"@id\":\"https:\\\/\\\/agencia.252.com.mx\\\/home\\\/preparan-primer-festival-de-primavera-2026\\\/#primaryimage\"},\"thumbnailUrl\":\"https:\\\/\\\/agencia.252.com.mx\\\/wp-content\\\/uploads\\\/2026\\\/03\\\/WhatsApp-Image-2026-03-02-at-2.12.13-PM.jpeg\",\"datePublished\":\"2026-03-02T21:39:18+00:00\",\"dateModified\":\"2026-03-02T21:39:19+00:00\",\"breadcrumb\":{\"@id\":\"https:\\\/\\\/agencia.252.com.mx\\\/home\\\/preparan-primer-festival-de-primavera-2026\\\/#breadcrumb\"},\"inLanguage\":\"es\",\"potentialAction\":[{\"@type\":\"ReadAction\",\"target\":[\"https:\\\/\\\/agencia.252.com.mx\\\/home\\\/preparan-primer-festival-de-primavera-2026\\\/\"]}]},{\"@type\":\"ImageObject\",\"inLanguage\":\"es\",\"@id\":\"https:\\\/\\\/agencia.252.com.mx\\\/home\\\/preparan-primer-festival-de-primavera-2026\\\/#primaryimage\",\"url\":\"https:\\\/\\\/agencia.252.com.mx\\\/wp-content\\\/uploads\\\/2026\\\/03\\\/WhatsApp-Image-2026-03-02-at-2.12.13-PM.jpeg\",\"contentUrl\":\"https:\\\/\\\/agencia.252.com.mx\\\/wp-content\\\/uploads\\\/2026\\\/03\\\/WhatsApp-Image-2026-03-02-at-2.12.13-PM.jpeg\",\"width\":2560,\"height\":1706},{\"@type\":\"BreadcrumbList\",\"@id\":\"https:\\\/\\\/agencia.252.com.mx\\\/home\\\/preparan-primer-festival-de-primavera-2026\\\/#breadcrumb\",\"itemListElement\":[{\"@type\":\"ListItem\",\"position\":1,\"name\":\"Portada\",\"item\":\"https:\\\/\\\/agencia.252.com.mx\\\/home\\\/\"},{\"@type\":\"ListItem\",\"position\":2,\"name\":\"Preparan Primer\u00a0\u00a0Festival de Primavera 2026\"}]},{\"@type\":\"WebSite\",\"@id\":\"https:\\\/\\\/agencia.252.com.mx\\\/home\\\/#website\",\"url\":\"https:\\\/\\\/agencia.252.com.mx\\\/home\\\/\",\"name\":\"Agencia252\",\"description\":\"Tu espacio en la Red\",\"publisher\":{\"@id\":\"https:\\\/\\\/agencia.252.com.mx\\\/home\\\/#organization\"},\"potentialAction\":[{\"@type\":\"SearchAction\",\"target\":{\"@type\":\"EntryPoint\",\"urlTemplate\":\"https:\\\/\\\/agencia.252.com.mx\\\/home\\\/?s={search_term_string}\"},\"query-input\":{\"@type\":\"PropertyValueSpecification\",\"valueRequired\":true,\"valueName\":\"search_term_string\"}}],\"inLanguage\":\"es\"},{\"@type\":\"Organization\",\"@id\":\"https:\\\/\\\/agencia.252.com.mx\\\/home\\\/#organization\",\"name\":\"Agencia252\",\"url\":\"https:\\\/\\\/agencia.252.com.mx\\\/home\\\/\",\"logo\":{\"@type\":\"ImageObject\",\"inLanguage\":\"es\",\"@id\":\"https:\\\/\\\/agencia.252.com.mx\\\/home\\\/#\\\/schema\\\/logo\\\/image\\\/\",\"url\":\"https:\\\/\\\/agencia.252.com.mx\\\/wp-content\\\/uploads\\\/2023\\\/02\\\/cropped-ciruclo-agencia-e1677562404136.png\",\"contentUrl\":\"https:\\\/\\\/agencia.252.com.mx\\\/wp-content\\\/uploads\\\/2023\\\/02\\\/cropped-ciruclo-agencia-e1677562404136.png\",\"width\":512,\"height\":512,\"caption\":\"Agencia252\"},\"image\":{\"@id\":\"https:\\\/\\\/agencia.252.com.mx\\\/home\\\/#\\\/schema\\\/logo\\\/image\\\/\"},\"sameAs\":[\"https:\\\/\\\/www.facebook.com\\\/252Comunicacion\\\/\",\"https:\\\/\\\/x.com\\\/252COMS\"]},{\"@type\":\"Person\",\"@id\":\"https:\\\/\\\/agencia.252.com.mx\\\/home\\\/#\\\/schema\\\/person\\\/6b972021e9a92d45ade8c78d81509098\",\"name\":\"Nacho Corro\",\"image\":{\"@type\":\"ImageObject\",\"inLanguage\":\"es\",\"@id\":\"https:\\\/\\\/secure.gravatar.com\\\/avatar\\\/5db6df507cfe1307e192fbb498c6b85f1cf2ffd8b4cd37141b9eea588fcbd5a4?s=96&r=g\",\"url\":\"https:\\\/\\\/secure.gravatar.com\\\/avatar\\\/5db6df507cfe1307e192fbb498c6b85f1cf2ffd8b4cd37141b9eea588fcbd5a4?s=96&r=g\",\"contentUrl\":\"https:\\\/\\\/secure.gravatar.com\\\/avatar\\\/5db6df507cfe1307e192fbb498c6b85f1cf2ffd8b4cd37141b9eea588fcbd5a4?s=96&r=g\",\"caption\":\"Nacho Corro\"},\"description\":\"Comunicador Social, Periodista y Administraci\u00f3n P\u00fablica. Conversador pol\u00edtico, temas electorales y seguridad. Generador de contenidos digitales. Amante de la fotograf\u00eda\",\"sameAs\":[\"https:\\\/\\\/www.facebook.com\\\/jcorroherrera\\\/\",\"www.instagram.com\\\/nachocorro\\\/\",\"https:\\\/\\\/x.com\\\/Juan Ignacio Corro Herrera\"],\"url\":\"https:\\\/\\\/agencia.252.com.mx\\\/home\\\/author\\\/i-corro\\\/\"}]}<\/script>\n<!-- \/ Yoast SEO plugin. -->","yoast_head_json":{"title":"Preparan Primer\u00a0\u00a0Festival de Primavera 2026 - Agencia252","robots":{"index":"index","follow":"follow","max-snippet":"max-snippet:-1","max-image-preview":"max-image-preview:large","max-video-preview":"max-video-preview:-1"},"canonical":"https:\/\/agencia.252.com.mx\/home\/preparan-primer-festival-de-primavera-2026\/","og_locale":"es_ES","og_type":"article","og_title":"Preparan Primer\u00a0\u00a0Festival de Primavera 2026 - Agencia252","og_description":"Visitas: 22 Juan Ignacio Corro Ciudad de M\u00e9xico, a 2 de marzo de 2026 El s\u00e1bado 21 y domingo 22 de marzo, la capital se convertir\u00e1 en un epicentro musical con el festival Noche de Primavera 2026, organizado por el Gobierno de la Ciudad de M\u00e9xico, a trav\u00e9s de la Secretar\u00eda de Cultura, que tiene [&hellip;]","og_url":"https:\/\/agencia.252.com.mx\/home\/preparan-primer-festival-de-primavera-2026\/","og_site_name":"Agencia252","article_publisher":"https:\/\/www.facebook.com\/252Comunicacion\/","article_author":"https:\/\/www.facebook.com\/jcorroherrera\/","article_published_time":"2026-03-02T21:39:18+00:00","article_modified_time":"2026-03-02T21:39:19+00:00","og_image":[{"width":2560,"height":1706,"url":"http:\/\/agencia.252.com.mx\/wp-content\/uploads\/2026\/03\/WhatsApp-Image-2026-03-02-at-2.12.13-PM.jpeg","type":"image\/jpeg"}],"author":"Nacho Corro","twitter_card":"summary_large_image","twitter_creator":"@Juan Ignacio Corro Herrera","twitter_site":"@252COMS","twitter_misc":{"Escrito por":"Nacho Corro","Tiempo de lectura":"5 minutos"},"schema":{"@context":"https:\/\/schema.org","@graph":[{"@type":"Article","@id":"https:\/\/agencia.252.com.mx\/home\/preparan-primer-festival-de-primavera-2026\/#article","isPartOf":{"@id":"https:\/\/agencia.252.com.mx\/home\/preparan-primer-festival-de-primavera-2026\/"},"author":{"name":"Nacho Corro","@id":"https:\/\/agencia.252.com.mx\/home\/#\/schema\/person\/6b972021e9a92d45ade8c78d81509098"},"headline":"Preparan Primer\u00a0\u00a0Festival de Primavera 2026","datePublished":"2026-03-02T21:39:18+00:00","dateModified":"2026-03-02T21:39:19+00:00","mainEntityOfPage":{"@id":"https:\/\/agencia.252.com.mx\/home\/preparan-primer-festival-de-primavera-2026\/"},"wordCount":1043,"commentCount":0,"publisher":{"@id":"https:\/\/agencia.252.com.mx\/home\/#organization"},"image":{"@id":"https:\/\/agencia.252.com.mx\/home\/preparan-primer-festival-de-primavera-2026\/#primaryimage"},"thumbnailUrl":"https:\/\/agencia.252.com.mx\/wp-content\/uploads\/2026\/03\/WhatsApp-Image-2026-03-02-at-2.12.13-PM.jpeg","keywords":["CDMX"],"articleSection":["CDMX","Cultura","Seguridad"],"inLanguage":"es","potentialAction":[{"@type":"CommentAction","name":"Comment","target":["https:\/\/agencia.252.com.mx\/home\/preparan-primer-festival-de-primavera-2026\/#respond"]}]},{"@type":"WebPage","@id":"https:\/\/agencia.252.com.mx\/home\/preparan-primer-festival-de-primavera-2026\/","url":"https:\/\/agencia.252.com.mx\/home\/preparan-primer-festival-de-primavera-2026\/","name":"Preparan Primer\u00a0\u00a0Festival de Primavera 2026 - Agencia252","isPartOf":{"@id":"https:\/\/agencia.252.com.mx\/home\/#website"},"primaryImageOfPage":{"@id":"https:\/\/agencia.252.com.mx\/home\/preparan-primer-festival-de-primavera-2026\/#primaryimage"},"image":{"@id":"https:\/\/agencia.252.com.mx\/home\/preparan-primer-festival-de-primavera-2026\/#primaryimage"},"thumbnailUrl":"https:\/\/agencia.252.com.mx\/wp-content\/uploads\/2026\/03\/WhatsApp-Image-2026-03-02-at-2.12.13-PM.jpeg","datePublished":"2026-03-02T21:39:18+00:00","dateModified":"2026-03-02T21:39:19+00:00","breadcrumb":{"@id":"https:\/\/agencia.252.com.mx\/home\/preparan-primer-festival-de-primavera-2026\/#breadcrumb"},"inLanguage":"es","potentialAction":[{"@type":"ReadAction","target":["https:\/\/agencia.252.com.mx\/home\/preparan-primer-festival-de-primavera-2026\/"]}]},{"@type":"ImageObject","inLanguage":"es","@id":"https:\/\/agencia.252.com.mx\/home\/preparan-primer-festival-de-primavera-2026\/#primaryimage","url":"https:\/\/agencia.252.com.mx\/wp-content\/uploads\/2026\/03\/WhatsApp-Image-2026-03-02-at-2.12.13-PM.jpeg","contentUrl":"https:\/\/agencia.252.com.mx\/wp-content\/uploads\/2026\/03\/WhatsApp-Image-2026-03-02-at-2.12.13-PM.jpeg","width":2560,"height":1706},{"@type":"BreadcrumbList","@id":"https:\/\/agencia.252.com.mx\/home\/preparan-primer-festival-de-primavera-2026\/#breadcrumb","itemListElement":[{"@type":"ListItem","position":1,"name":"Portada","item":"https:\/\/agencia.252.com.mx\/home\/"},{"@type":"ListItem","position":2,"name":"Preparan Primer\u00a0\u00a0Festival de Primavera 2026"}]},{"@type":"WebSite","@id":"https:\/\/agencia.252.com.mx\/home\/#website","url":"https:\/\/agencia.252.com.mx\/home\/","name":"Agencia252","description":"Tu espacio en la Red","publisher":{"@id":"https:\/\/agencia.252.com.mx\/home\/#organization"},"potentialAction":[{"@type":"SearchAction","target":{"@type":"EntryPoint","urlTemplate":"https:\/\/agencia.252.com.mx\/home\/?s={search_term_string}"},"query-input":{"@type":"PropertyValueSpecification","valueRequired":true,"valueName":"search_term_string"}}],"inLanguage":"es"},{"@type":"Organization","@id":"https:\/\/agencia.252.com.mx\/home\/#organization","name":"Agencia252","url":"https:\/\/agencia.252.com.mx\/home\/","logo":{"@type":"ImageObject","inLanguage":"es","@id":"https:\/\/agencia.252.com.mx\/home\/#\/schema\/logo\/image\/","url":"https:\/\/agencia.252.com.mx\/wp-content\/uploads\/2023\/02\/cropped-ciruclo-agencia-e1677562404136.png","contentUrl":"https:\/\/agencia.252.com.mx\/wp-content\/uploads\/2023\/02\/cropped-ciruclo-agencia-e1677562404136.png","width":512,"height":512,"caption":"Agencia252"},"image":{"@id":"https:\/\/agencia.252.com.mx\/home\/#\/schema\/logo\/image\/"},"sameAs":["https:\/\/www.facebook.com\/252Comunicacion\/","https:\/\/x.com\/252COMS"]},{"@type":"Person","@id":"https:\/\/agencia.252.com.mx\/home\/#\/schema\/person\/6b972021e9a92d45ade8c78d81509098","name":"Nacho Corro","image":{"@type":"ImageObject","inLanguage":"es","@id":"https:\/\/secure.gravatar.com\/avatar\/5db6df507cfe1307e192fbb498c6b85f1cf2ffd8b4cd37141b9eea588fcbd5a4?s=96&r=g","url":"https:\/\/secure.gravatar.com\/avatar\/5db6df507cfe1307e192fbb498c6b85f1cf2ffd8b4cd37141b9eea588fcbd5a4?s=96&r=g","contentUrl":"https:\/\/secure.gravatar.com\/avatar\/5db6df507cfe1307e192fbb498c6b85f1cf2ffd8b4cd37141b9eea588fcbd5a4?s=96&r=g","caption":"Nacho Corro"},"description":"Comunicador Social, Periodista y Administraci\u00f3n P\u00fablica. Conversador pol\u00edtico, temas electorales y seguridad. Generador de contenidos digitales. Amante de la fotograf\u00eda","sameAs":["https:\/\/www.facebook.com\/jcorroherrera\/","www.instagram.com\/nachocorro\/","https:\/\/x.com\/Juan Ignacio Corro Herrera"],"url":"https:\/\/agencia.252.com.mx\/home\/author\/i-corro\/"}]}},"_links":{"self":[{"href":"https:\/\/agencia.252.com.mx\/home\/wp-json\/wp\/v2\/posts\/16478","targetHints":{"allow":["GET"]}}],"collection":[{"href":"https:\/\/agencia.252.com.mx\/home\/wp-json\/wp\/v2\/posts"}],"about":[{"href":"https:\/\/agencia.252.com.mx\/home\/wp-json\/wp\/v2\/types\/post"}],"author":[{"embeddable":true,"href":"https:\/\/agencia.252.com.mx\/home\/wp-json\/wp\/v2\/users\/5"}],"replies":[{"embeddable":true,"href":"https:\/\/agencia.252.com.mx\/home\/wp-json\/wp\/v2\/comments?post=16478"}],"version-history":[{"count":1,"href":"https:\/\/agencia.252.com.mx\/home\/wp-json\/wp\/v2\/posts\/16478\/revisions"}],"predecessor-version":[{"id":16480,"href":"https:\/\/agencia.252.com.mx\/home\/wp-json\/wp\/v2\/posts\/16478\/revisions\/16480"}],"wp:featuredmedia":[{"embeddable":true,"href":"https:\/\/agencia.252.com.mx\/home\/wp-json\/wp\/v2\/media\/16479"}],"wp:attachment":[{"href":"https:\/\/agencia.252.com.mx\/home\/wp-json\/wp\/v2\/media?parent=16478"}],"wp:term":[{"taxonomy":"category","embeddable":true,"href":"https:\/\/agencia.252.com.mx\/home\/wp-json\/wp\/v2\/categories?post=16478"},{"taxonomy":"post_tag","embeddable":true,"href":"https:\/\/agencia.252.com.mx\/home\/wp-json\/wp\/v2\/tags?post=16478"}],"curies":[{"name":"wp","href":"https:\/\/api.w.org\/{rel}","templated":true}]}}