{"id":16473,"date":"2026-03-02T15:34:37","date_gmt":"2026-03-02T21:34:37","guid":{"rendered":"https:\/\/agencia.252.com.mx\/home\/?p=16473"},"modified":"2026-03-02T15:34:38","modified_gmt":"2026-03-02T21:34:38","slug":"suman-mas-de-un-millon-600-mil-las-vacunas-aplicadas-contra-el-sarampion-en-cdmx","status":"publish","type":"post","link":"https:\/\/agencia.252.com.mx\/home\/suman-mas-de-un-millon-600-mil-las-vacunas-aplicadas-contra-el-sarampion-en-cdmx\/","title":{"rendered":"Suman m\u00e1s de un mill\u00f3n 600 mil las vacunas aplicadas contra el sarampi\u00f3n en CDMX\u00a0"},"content":{"rendered":"<p>Visitas: 50<\/p>\n<ul class=\"wp-block-list\">\n<li><em>Casi 2 mil d\u00f3sis se aplicaron en los tres puestos de vacunaci\u00f3n que se instalaron alrededor del concierto de la cantante colombiana Shakira<\/em><\/li>\n\n\n\n<li><em>Febrero cerr\u00f3 con la entrega de 693 vacunas\u00a0<\/em><\/li>\n<\/ul>\n\n\n\n<p>Juan Ignacio Corro<\/p>\n\n\n\n<p class=\"has-text-align-right\">Ciudad de M\u00e9xico, a 2 de marzo de 2026<\/p>\n\n\n\n<p>La campa\u00f1a de vacunaci\u00f3n en esta capital, que arranc\u00f3 en agosto del a\u00f1o pasado, suma, al d\u00eda de hoy, un mill\u00f3n 614 mil 915 personas inoculadas, detall\u00f3 la Secretar\u00eda de Salud de la Ciudad de M\u00e9xico, la cual puntualiz\u00f3 que tan solo en febrero alcanzaron las 693 mil 829 dosis suministradas, y muestra un avance contra la prevenci\u00f3n de esta enfermedad.<\/p>\n\n\n\n<p>En conferencia de prensa, la titular de esa dependencia, Nadine Gasman Zilbermann, inform\u00f3 que se contin\u00faa en este 2026 con el operativo contra el sarampi\u00f3n, con el relanzamiento de la campa\u00f1a a inicio del pasado de febrero, donde tanto s\u00f3lo ayer, primer d\u00eda de marzo, se aplicaron 17 mil 291 dosis.<\/p>\n\n\n\n<figure class=\"wp-block-image alignright size-medium\"><img fetchpriority=\"high\" decoding=\"async\" width=\"300\" height=\"200\" src=\"https:\/\/agencia.252.com.mx\/wp-content\/uploads\/2026\/03\/WhatsApp-Image-2026-03-02-at-2.11.55-PM-300x200.jpeg\" alt=\"\" class=\"wp-image-16475\" srcset=\"https:\/\/agencia.252.com.mx\/wp-content\/uploads\/2026\/03\/WhatsApp-Image-2026-03-02-at-2.11.55-PM-300x200.jpeg 300w, https:\/\/agencia.252.com.mx\/wp-content\/uploads\/2026\/03\/WhatsApp-Image-2026-03-02-at-2.11.55-PM-1024x682.jpeg 1024w, https:\/\/agencia.252.com.mx\/wp-content\/uploads\/2026\/03\/WhatsApp-Image-2026-03-02-at-2.11.55-PM-768x512.jpeg 768w, https:\/\/agencia.252.com.mx\/wp-content\/uploads\/2026\/03\/WhatsApp-Image-2026-03-02-at-2.11.55-PM-1536x1024.jpeg 1536w, https:\/\/agencia.252.com.mx\/wp-content\/uploads\/2026\/03\/WhatsApp-Image-2026-03-02-at-2.11.55-PM-2048x1365.jpeg 2048w\" sizes=\"(max-width: 300px) 100vw, 300px\" \/><\/figure>\n\n\n\n<p>Precis\u00f3 que de esta \u00faltima cifra, casi 2 mil se aplicaron en los tres puestos de vacunaci\u00f3n que se instalaron alrededor del concierto de la cantante colombiana Shakira, detall\u00f3 Gasman Zilbermann, y reiter\u00f3 que existen 150 lugares m\u00e1s \u2013adem\u00e1s de los Centros de Salud\u2013 donde la ciudadan\u00eda puede acudir a ser inoculada.&nbsp;<\/p>\n\n\n\n<p>Con estas cifras reportadas, la titular de la dependencia de Salud p\u00fablica local record\u00f3 que la meta de dosis contra el sarampi\u00f3n en la capital es de 2 millones 40 mil, para que a finales de marzo se logre la inmunidad de reba\u00f1o; sin embargo, asever\u00f3 que el avance positivo no significa que se va a dejar de vacunar, sino que se mantendr\u00e1, aunque no de manera tan intensiva.<\/p>\n\n\n\n<p>Asimismo, Gasman Zylbermann report\u00f3 que en los puestos m\u00f3viles se ha vacunado a 544 mil 199 personas, puntos que operan en diferentes horarios, incluyendo las primeras semanas en la Central de Abasto.<\/p>\n\n\n\n<p>Del universo de personas vacunadas contra el sarampi\u00f3n el 21 por ciento corresponde a ni\u00f1as y ni\u00f1os menores de 10 a\u00f1os; el 73 por ciento a personas entre los 10 y los 49 a\u00f1os; mientras que en el 6 por ciento restante se encuentra conformado por otros grupos.&nbsp;<\/p>\n\n\n\n<p>En la Ciudad de M\u00e9xico, al d\u00eda de hoy, se reportan 418 casos confirmados por sarampi\u00f3n, 6 nuevos despu\u00e9s del fin de semana, 64 de los cuales tienen residencia en el Estado de M\u00e9xico.<\/p>\n\n\n\n<p>Cabe se\u00f1alar que 33 de los casos han requerido hospitalizaci\u00f3n, y al momento ninguno permanece en esta calidad. De \u00e9stos, el 69 por ciento reporta no tener un antecedente vacunal. Mientras que el n\u00famero de defunciones confirmadas se mantiene en uno, correspondiente a un menor de tres meses de edad con un diagn\u00f3stico post mortem; y dos m\u00e1s se encuentran en proceso de investigaci\u00f3n y dictaminaci\u00f3n de las causas.<\/p>\n\n\n\n<p>Las alcald\u00edas con mayor tasa de incidencia por cada 100 mil habitantes son Cuauht\u00e9moc con 11.3, Cuajimalpa con 8.0 y Gustavo A. Madero con 6.7; mientras que al considerar todas las demarcaciones el promedio total es de 4.6, similar a la media nacional.<br><br><strong><\/strong><\/p>\n","protected":false},"excerpt":{"rendered":"<p>Visitas: 50 Juan Ignacio Corro Ciudad de M\u00e9xico, a 2 de marzo de 2026 La campa\u00f1a de vacunaci\u00f3n en esta capital, que arranc\u00f3 en agosto del a\u00f1o pasado, suma, al d\u00eda de hoy, un mill\u00f3n 614 mil 915 personas inoculadas, detall\u00f3 la Secretar\u00eda de Salud de la Ciudad de M\u00e9xico, la cual puntualiz\u00f3 que tan [&hellip;]<\/p>\n","protected":false},"author":5,"featured_media":16476,"comment_status":"open","ping_status":"open","sticky":false,"template":"","format":"standard","meta":{"site-sidebar-layout":"default","site-content-layout":"","ast-site-content-layout":"default","site-content-style":"default","site-sidebar-style":"default","ast-global-header-display":"","ast-banner-title-visibility":"","ast-main-header-display":"","ast-hfb-above-header-display":"","ast-hfb-below-header-display":"","ast-hfb-mobile-header-display":"","site-post-title":"","ast-breadcrumbs-content":"","ast-featured-img":"","footer-sml-layout":"","ast-disable-related-posts":"","theme-transparent-header-meta":"","adv-header-id-meta":"","stick-header-meta":"","header-above-stick-meta":"","header-main-stick-meta":"","header-below-stick-meta":"","astra-migrate-meta-layouts":"set","ast-page-background-enabled":"default","ast-page-background-meta":{"desktop":{"background-color":"var(--ast-global-color-4)","background-image":"","background-repeat":"repeat","background-position":"center center","background-size":"auto","background-attachment":"scroll","background-type":"","background-media":"","overlay-type":"","overlay-color":"","overlay-opacity":"","overlay-gradient":""},"tablet":{"background-color":"","background-image":"","background-repeat":"repeat","background-position":"center center","background-size":"auto","background-attachment":"scroll","background-type":"","background-media":"","overlay-type":"","overlay-color":"","overlay-opacity":"","overlay-gradient":""},"mobile":{"background-color":"","background-image":"","background-repeat":"repeat","background-position":"center center","background-size":"auto","background-attachment":"scroll","background-type":"","background-media":"","overlay-type":"","overlay-color":"","overlay-opacity":"","overlay-gradient":""}},"ast-content-background-meta":{"desktop":{"background-color":"var(--ast-global-color-5)","background-image":"","background-repeat":"repeat","background-position":"center center","background-size":"auto","background-attachment":"scroll","background-type":"","background-media":"","overlay-type":"","overlay-color":"","overlay-opacity":"","overlay-gradient":""},"tablet":{"background-color":"var(--ast-global-color-5)","background-image":"","background-repeat":"repeat","background-position":"center center","background-size":"auto","background-attachment":"scroll","background-type":"","background-media":"","overlay-type":"","overlay-color":"","overlay-opacity":"","overlay-gradient":""},"mobile":{"background-color":"var(--ast-global-color-5)","background-image":"","background-repeat":"repeat","background-position":"center center","background-size":"auto","background-attachment":"scroll","background-type":"","background-media":"","overlay-type":"","overlay-color":"","overlay-opacity":"","overlay-gradient":""}},"footnotes":""},"categories":[69,512,200,68],"tags":[535],"class_list":["post-16473","post","type-post","status-publish","format-standard","has-post-thumbnail","hentry","category-cdmx","category-metropoli","category-salud","category-seguridad","tag-cdmx"],"yoast_head":"<!-- This site is optimized with the Yoast SEO plugin v27.4 - https:\/\/yoast.com\/product\/yoast-seo-wordpress\/ -->\n<title>Suman m\u00e1s de un mill\u00f3n 600 mil las vacunas aplicadas contra el sarampi\u00f3n en CDMX\u00a0 - Agencia252<\/title>\n<meta name=\"robots\" content=\"index, follow, max-snippet:-1, max-image-preview:large, max-video-preview:-1\" \/>\n<link rel=\"canonical\" href=\"https:\/\/agencia.252.com.mx\/home\/suman-mas-de-un-millon-600-mil-las-vacunas-aplicadas-contra-el-sarampion-en-cdmx\/\" \/>\n<meta property=\"og:locale\" content=\"es_ES\" \/>\n<meta property=\"og:type\" content=\"article\" \/>\n<meta property=\"og:title\" content=\"Suman m\u00e1s de un mill\u00f3n 600 mil las vacunas aplicadas contra el sarampi\u00f3n en CDMX\u00a0 - Agencia252\" \/>\n<meta property=\"og:description\" content=\"Visitas: 50 Juan Ignacio Corro Ciudad de M\u00e9xico, a 2 de marzo de 2026 La campa\u00f1a de vacunaci\u00f3n en esta capital, que arranc\u00f3 en agosto del a\u00f1o pasado, suma, al d\u00eda de hoy, un mill\u00f3n 614 mil 915 personas inoculadas, detall\u00f3 la Secretar\u00eda de Salud de la Ciudad de M\u00e9xico, la cual puntualiz\u00f3 que tan [&hellip;]\" \/>\n<meta property=\"og:url\" content=\"https:\/\/agencia.252.com.mx\/home\/suman-mas-de-un-millon-600-mil-las-vacunas-aplicadas-contra-el-sarampion-en-cdmx\/\" \/>\n<meta property=\"og:site_name\" content=\"Agencia252\" \/>\n<meta property=\"article:publisher\" content=\"https:\/\/www.facebook.com\/252Comunicacion\/\" \/>\n<meta property=\"article:author\" content=\"https:\/\/www.facebook.com\/jcorroherrera\/\" \/>\n<meta property=\"article:published_time\" content=\"2026-03-02T21:34:37+00:00\" \/>\n<meta property=\"article:modified_time\" content=\"2026-03-02T21:34:38+00:00\" \/>\n<meta property=\"og:image\" content=\"http:\/\/agencia.252.com.mx\/wp-content\/uploads\/2026\/03\/WhatsApp-Image-2026-03-02-at-2.11.56-PM.jpeg\" \/>\n\t<meta property=\"og:image:width\" content=\"2560\" \/>\n\t<meta property=\"og:image:height\" content=\"1706\" \/>\n\t<meta property=\"og:image:type\" content=\"image\/jpeg\" \/>\n<meta name=\"author\" content=\"Nacho Corro\" \/>\n<meta name=\"twitter:card\" content=\"summary_large_image\" \/>\n<meta name=\"twitter:creator\" content=\"@Juan Ignacio Corro Herrera\" \/>\n<meta name=\"twitter:site\" content=\"@252COMS\" \/>\n<meta name=\"twitter:label1\" content=\"Escrito por\" \/>\n\t<meta name=\"twitter:data1\" content=\"Nacho Corro\" \/>\n\t<meta name=\"twitter:label2\" content=\"Tiempo de lectura\" \/>\n\t<meta name=\"twitter:data2\" content=\"3 minutos\" \/>\n<script type=\"application\/ld+json\" class=\"yoast-schema-graph\">{\"@context\":\"https:\\\/\\\/schema.org\",\"@graph\":[{\"@type\":\"Article\",\"@id\":\"https:\\\/\\\/agencia.252.com.mx\\\/home\\\/suman-mas-de-un-millon-600-mil-las-vacunas-aplicadas-contra-el-sarampion-en-cdmx\\\/#article\",\"isPartOf\":{\"@id\":\"https:\\\/\\\/agencia.252.com.mx\\\/home\\\/suman-mas-de-un-millon-600-mil-las-vacunas-aplicadas-contra-el-sarampion-en-cdmx\\\/\"},\"author\":{\"name\":\"Nacho Corro\",\"@id\":\"https:\\\/\\\/agencia.252.com.mx\\\/home\\\/#\\\/schema\\\/person\\\/6b972021e9a92d45ade8c78d81509098\"},\"headline\":\"Suman m\u00e1s de un mill\u00f3n 600 mil las vacunas aplicadas contra el sarampi\u00f3n en CDMX\u00a0\",\"datePublished\":\"2026-03-02T21:34:37+00:00\",\"dateModified\":\"2026-03-02T21:34:38+00:00\",\"mainEntityOfPage\":{\"@id\":\"https:\\\/\\\/agencia.252.com.mx\\\/home\\\/suman-mas-de-un-millon-600-mil-las-vacunas-aplicadas-contra-el-sarampion-en-cdmx\\\/\"},\"wordCount\":531,\"commentCount\":0,\"publisher\":{\"@id\":\"https:\\\/\\\/agencia.252.com.mx\\\/home\\\/#organization\"},\"image\":{\"@id\":\"https:\\\/\\\/agencia.252.com.mx\\\/home\\\/suman-mas-de-un-millon-600-mil-las-vacunas-aplicadas-contra-el-sarampion-en-cdmx\\\/#primaryimage\"},\"thumbnailUrl\":\"https:\\\/\\\/agencia.252.com.mx\\\/wp-content\\\/uploads\\\/2026\\\/03\\\/WhatsApp-Image-2026-03-02-at-2.11.56-PM.jpeg\",\"keywords\":[\"CDMX\"],\"articleSection\":[\"CDMX\",\"Metropoli\",\"salud\",\"Seguridad\"],\"inLanguage\":\"es\",\"potentialAction\":[{\"@type\":\"CommentAction\",\"name\":\"Comment\",\"target\":[\"https:\\\/\\\/agencia.252.com.mx\\\/home\\\/suman-mas-de-un-millon-600-mil-las-vacunas-aplicadas-contra-el-sarampion-en-cdmx\\\/#respond\"]}]},{\"@type\":\"WebPage\",\"@id\":\"https:\\\/\\\/agencia.252.com.mx\\\/home\\\/suman-mas-de-un-millon-600-mil-las-vacunas-aplicadas-contra-el-sarampion-en-cdmx\\\/\",\"url\":\"https:\\\/\\\/agencia.252.com.mx\\\/home\\\/suman-mas-de-un-millon-600-mil-las-vacunas-aplicadas-contra-el-sarampion-en-cdmx\\\/\",\"name\":\"Suman m\u00e1s de un mill\u00f3n 600 mil las vacunas aplicadas contra el sarampi\u00f3n en CDMX\u00a0 - Agencia252\",\"isPartOf\":{\"@id\":\"https:\\\/\\\/agencia.252.com.mx\\\/home\\\/#website\"},\"primaryImageOfPage\":{\"@id\":\"https:\\\/\\\/agencia.252.com.mx\\\/home\\\/suman-mas-de-un-millon-600-mil-las-vacunas-aplicadas-contra-el-sarampion-en-cdmx\\\/#primaryimage\"},\"image\":{\"@id\":\"https:\\\/\\\/agencia.252.com.mx\\\/home\\\/suman-mas-de-un-millon-600-mil-las-vacunas-aplicadas-contra-el-sarampion-en-cdmx\\\/#primaryimage\"},\"thumbnailUrl\":\"https:\\\/\\\/agencia.252.com.mx\\\/wp-content\\\/uploads\\\/2026\\\/03\\\/WhatsApp-Image-2026-03-02-at-2.11.56-PM.jpeg\",\"datePublished\":\"2026-03-02T21:34:37+00:00\",\"dateModified\":\"2026-03-02T21:34:38+00:00\",\"breadcrumb\":{\"@id\":\"https:\\\/\\\/agencia.252.com.mx\\\/home\\\/suman-mas-de-un-millon-600-mil-las-vacunas-aplicadas-contra-el-sarampion-en-cdmx\\\/#breadcrumb\"},\"inLanguage\":\"es\",\"potentialAction\":[{\"@type\":\"ReadAction\",\"target\":[\"https:\\\/\\\/agencia.252.com.mx\\\/home\\\/suman-mas-de-un-millon-600-mil-las-vacunas-aplicadas-contra-el-sarampion-en-cdmx\\\/\"]}]},{\"@type\":\"ImageObject\",\"inLanguage\":\"es\",\"@id\":\"https:\\\/\\\/agencia.252.com.mx\\\/home\\\/suman-mas-de-un-millon-600-mil-las-vacunas-aplicadas-contra-el-sarampion-en-cdmx\\\/#primaryimage\",\"url\":\"https:\\\/\\\/agencia.252.com.mx\\\/wp-content\\\/uploads\\\/2026\\\/03\\\/WhatsApp-Image-2026-03-02-at-2.11.56-PM.jpeg\",\"contentUrl\":\"https:\\\/\\\/agencia.252.com.mx\\\/wp-content\\\/uploads\\\/2026\\\/03\\\/WhatsApp-Image-2026-03-02-at-2.11.56-PM.jpeg\",\"width\":2560,\"height\":1706},{\"@type\":\"BreadcrumbList\",\"@id\":\"https:\\\/\\\/agencia.252.com.mx\\\/home\\\/suman-mas-de-un-millon-600-mil-las-vacunas-aplicadas-contra-el-sarampion-en-cdmx\\\/#breadcrumb\",\"itemListElement\":[{\"@type\":\"ListItem\",\"position\":1,\"name\":\"Portada\",\"item\":\"https:\\\/\\\/agencia.252.com.mx\\\/home\\\/\"},{\"@type\":\"ListItem\",\"position\":2,\"name\":\"Suman m\u00e1s de un mill\u00f3n 600 mil las vacunas aplicadas contra el sarampi\u00f3n en CDMX\u00a0\"}]},{\"@type\":\"WebSite\",\"@id\":\"https:\\\/\\\/agencia.252.com.mx\\\/home\\\/#website\",\"url\":\"https:\\\/\\\/agencia.252.com.mx\\\/home\\\/\",\"name\":\"Agencia252\",\"description\":\"Tu espacio en la Red\",\"publisher\":{\"@id\":\"https:\\\/\\\/agencia.252.com.mx\\\/home\\\/#organization\"},\"potentialAction\":[{\"@type\":\"SearchAction\",\"target\":{\"@type\":\"EntryPoint\",\"urlTemplate\":\"https:\\\/\\\/agencia.252.com.mx\\\/home\\\/?s={search_term_string}\"},\"query-input\":{\"@type\":\"PropertyValueSpecification\",\"valueRequired\":true,\"valueName\":\"search_term_string\"}}],\"inLanguage\":\"es\"},{\"@type\":\"Organization\",\"@id\":\"https:\\\/\\\/agencia.252.com.mx\\\/home\\\/#organization\",\"name\":\"Agencia252\",\"url\":\"https:\\\/\\\/agencia.252.com.mx\\\/home\\\/\",\"logo\":{\"@type\":\"ImageObject\",\"inLanguage\":\"es\",\"@id\":\"https:\\\/\\\/agencia.252.com.mx\\\/home\\\/#\\\/schema\\\/logo\\\/image\\\/\",\"url\":\"https:\\\/\\\/agencia.252.com.mx\\\/wp-content\\\/uploads\\\/2023\\\/02\\\/cropped-ciruclo-agencia-e1677562404136.png\",\"contentUrl\":\"https:\\\/\\\/agencia.252.com.mx\\\/wp-content\\\/uploads\\\/2023\\\/02\\\/cropped-ciruclo-agencia-e1677562404136.png\",\"width\":512,\"height\":512,\"caption\":\"Agencia252\"},\"image\":{\"@id\":\"https:\\\/\\\/agencia.252.com.mx\\\/home\\\/#\\\/schema\\\/logo\\\/image\\\/\"},\"sameAs\":[\"https:\\\/\\\/www.facebook.com\\\/252Comunicacion\\\/\",\"https:\\\/\\\/x.com\\\/252COMS\"]},{\"@type\":\"Person\",\"@id\":\"https:\\\/\\\/agencia.252.com.mx\\\/home\\\/#\\\/schema\\\/person\\\/6b972021e9a92d45ade8c78d81509098\",\"name\":\"Nacho Corro\",\"image\":{\"@type\":\"ImageObject\",\"inLanguage\":\"es\",\"@id\":\"https:\\\/\\\/secure.gravatar.com\\\/avatar\\\/5db6df507cfe1307e192fbb498c6b85f1cf2ffd8b4cd37141b9eea588fcbd5a4?s=96&r=g\",\"url\":\"https:\\\/\\\/secure.gravatar.com\\\/avatar\\\/5db6df507cfe1307e192fbb498c6b85f1cf2ffd8b4cd37141b9eea588fcbd5a4?s=96&r=g\",\"contentUrl\":\"https:\\\/\\\/secure.gravatar.com\\\/avatar\\\/5db6df507cfe1307e192fbb498c6b85f1cf2ffd8b4cd37141b9eea588fcbd5a4?s=96&r=g\",\"caption\":\"Nacho Corro\"},\"description\":\"Comunicador Social, Periodista y Administraci\u00f3n P\u00fablica. Conversador pol\u00edtico, temas electorales y seguridad. Generador de contenidos digitales. Amante de la fotograf\u00eda\",\"sameAs\":[\"https:\\\/\\\/www.facebook.com\\\/jcorroherrera\\\/\",\"www.instagram.com\\\/nachocorro\\\/\",\"https:\\\/\\\/x.com\\\/Juan Ignacio Corro Herrera\"],\"url\":\"https:\\\/\\\/agencia.252.com.mx\\\/home\\\/author\\\/i-corro\\\/\"}]}<\/script>\n<!-- \/ Yoast SEO plugin. -->","yoast_head_json":{"title":"Suman m\u00e1s de un mill\u00f3n 600 mil las vacunas aplicadas contra el sarampi\u00f3n en CDMX\u00a0 - Agencia252","robots":{"index":"index","follow":"follow","max-snippet":"max-snippet:-1","max-image-preview":"max-image-preview:large","max-video-preview":"max-video-preview:-1"},"canonical":"https:\/\/agencia.252.com.mx\/home\/suman-mas-de-un-millon-600-mil-las-vacunas-aplicadas-contra-el-sarampion-en-cdmx\/","og_locale":"es_ES","og_type":"article","og_title":"Suman m\u00e1s de un mill\u00f3n 600 mil las vacunas aplicadas contra el sarampi\u00f3n en CDMX\u00a0 - Agencia252","og_description":"Visitas: 50 Juan Ignacio Corro Ciudad de M\u00e9xico, a 2 de marzo de 2026 La campa\u00f1a de vacunaci\u00f3n en esta capital, que arranc\u00f3 en agosto del a\u00f1o pasado, suma, al d\u00eda de hoy, un mill\u00f3n 614 mil 915 personas inoculadas, detall\u00f3 la Secretar\u00eda de Salud de la Ciudad de M\u00e9xico, la cual puntualiz\u00f3 que tan [&hellip;]","og_url":"https:\/\/agencia.252.com.mx\/home\/suman-mas-de-un-millon-600-mil-las-vacunas-aplicadas-contra-el-sarampion-en-cdmx\/","og_site_name":"Agencia252","article_publisher":"https:\/\/www.facebook.com\/252Comunicacion\/","article_author":"https:\/\/www.facebook.com\/jcorroherrera\/","article_published_time":"2026-03-02T21:34:37+00:00","article_modified_time":"2026-03-02T21:34:38+00:00","og_image":[{"width":2560,"height":1706,"url":"http:\/\/agencia.252.com.mx\/wp-content\/uploads\/2026\/03\/WhatsApp-Image-2026-03-02-at-2.11.56-PM.jpeg","type":"image\/jpeg"}],"author":"Nacho Corro","twitter_card":"summary_large_image","twitter_creator":"@Juan Ignacio Corro Herrera","twitter_site":"@252COMS","twitter_misc":{"Escrito por":"Nacho Corro","Tiempo de lectura":"3 minutos"},"schema":{"@context":"https:\/\/schema.org","@graph":[{"@type":"Article","@id":"https:\/\/agencia.252.com.mx\/home\/suman-mas-de-un-millon-600-mil-las-vacunas-aplicadas-contra-el-sarampion-en-cdmx\/#article","isPartOf":{"@id":"https:\/\/agencia.252.com.mx\/home\/suman-mas-de-un-millon-600-mil-las-vacunas-aplicadas-contra-el-sarampion-en-cdmx\/"},"author":{"name":"Nacho Corro","@id":"https:\/\/agencia.252.com.mx\/home\/#\/schema\/person\/6b972021e9a92d45ade8c78d81509098"},"headline":"Suman m\u00e1s de un mill\u00f3n 600 mil las vacunas aplicadas contra el sarampi\u00f3n en CDMX\u00a0","datePublished":"2026-03-02T21:34:37+00:00","dateModified":"2026-03-02T21:34:38+00:00","mainEntityOfPage":{"@id":"https:\/\/agencia.252.com.mx\/home\/suman-mas-de-un-millon-600-mil-las-vacunas-aplicadas-contra-el-sarampion-en-cdmx\/"},"wordCount":531,"commentCount":0,"publisher":{"@id":"https:\/\/agencia.252.com.mx\/home\/#organization"},"image":{"@id":"https:\/\/agencia.252.com.mx\/home\/suman-mas-de-un-millon-600-mil-las-vacunas-aplicadas-contra-el-sarampion-en-cdmx\/#primaryimage"},"thumbnailUrl":"https:\/\/agencia.252.com.mx\/wp-content\/uploads\/2026\/03\/WhatsApp-Image-2026-03-02-at-2.11.56-PM.jpeg","keywords":["CDMX"],"articleSection":["CDMX","Metropoli","salud","Seguridad"],"inLanguage":"es","potentialAction":[{"@type":"CommentAction","name":"Comment","target":["https:\/\/agencia.252.com.mx\/home\/suman-mas-de-un-millon-600-mil-las-vacunas-aplicadas-contra-el-sarampion-en-cdmx\/#respond"]}]},{"@type":"WebPage","@id":"https:\/\/agencia.252.com.mx\/home\/suman-mas-de-un-millon-600-mil-las-vacunas-aplicadas-contra-el-sarampion-en-cdmx\/","url":"https:\/\/agencia.252.com.mx\/home\/suman-mas-de-un-millon-600-mil-las-vacunas-aplicadas-contra-el-sarampion-en-cdmx\/","name":"Suman m\u00e1s de un mill\u00f3n 600 mil las vacunas aplicadas contra el sarampi\u00f3n en CDMX\u00a0 - Agencia252","isPartOf":{"@id":"https:\/\/agencia.252.com.mx\/home\/#website"},"primaryImageOfPage":{"@id":"https:\/\/agencia.252.com.mx\/home\/suman-mas-de-un-millon-600-mil-las-vacunas-aplicadas-contra-el-sarampion-en-cdmx\/#primaryimage"},"image":{"@id":"https:\/\/agencia.252.com.mx\/home\/suman-mas-de-un-millon-600-mil-las-vacunas-aplicadas-contra-el-sarampion-en-cdmx\/#primaryimage"},"thumbnailUrl":"https:\/\/agencia.252.com.mx\/wp-content\/uploads\/2026\/03\/WhatsApp-Image-2026-03-02-at-2.11.56-PM.jpeg","datePublished":"2026-03-02T21:34:37+00:00","dateModified":"2026-03-02T21:34:38+00:00","breadcrumb":{"@id":"https:\/\/agencia.252.com.mx\/home\/suman-mas-de-un-millon-600-mil-las-vacunas-aplicadas-contra-el-sarampion-en-cdmx\/#breadcrumb"},"inLanguage":"es","potentialAction":[{"@type":"ReadAction","target":["https:\/\/agencia.252.com.mx\/home\/suman-mas-de-un-millon-600-mil-las-vacunas-aplicadas-contra-el-sarampion-en-cdmx\/"]}]},{"@type":"ImageObject","inLanguage":"es","@id":"https:\/\/agencia.252.com.mx\/home\/suman-mas-de-un-millon-600-mil-las-vacunas-aplicadas-contra-el-sarampion-en-cdmx\/#primaryimage","url":"https:\/\/agencia.252.com.mx\/wp-content\/uploads\/2026\/03\/WhatsApp-Image-2026-03-02-at-2.11.56-PM.jpeg","contentUrl":"https:\/\/agencia.252.com.mx\/wp-content\/uploads\/2026\/03\/WhatsApp-Image-2026-03-02-at-2.11.56-PM.jpeg","width":2560,"height":1706},{"@type":"BreadcrumbList","@id":"https:\/\/agencia.252.com.mx\/home\/suman-mas-de-un-millon-600-mil-las-vacunas-aplicadas-contra-el-sarampion-en-cdmx\/#breadcrumb","itemListElement":[{"@type":"ListItem","position":1,"name":"Portada","item":"https:\/\/agencia.252.com.mx\/home\/"},{"@type":"ListItem","position":2,"name":"Suman m\u00e1s de un mill\u00f3n 600 mil las vacunas aplicadas contra el sarampi\u00f3n en CDMX\u00a0"}]},{"@type":"WebSite","@id":"https:\/\/agencia.252.com.mx\/home\/#website","url":"https:\/\/agencia.252.com.mx\/home\/","name":"Agencia252","description":"Tu espacio en la Red","publisher":{"@id":"https:\/\/agencia.252.com.mx\/home\/#organization"},"potentialAction":[{"@type":"SearchAction","target":{"@type":"EntryPoint","urlTemplate":"https:\/\/agencia.252.com.mx\/home\/?s={search_term_string}"},"query-input":{"@type":"PropertyValueSpecification","valueRequired":true,"valueName":"search_term_string"}}],"inLanguage":"es"},{"@type":"Organization","@id":"https:\/\/agencia.252.com.mx\/home\/#organization","name":"Agencia252","url":"https:\/\/agencia.252.com.mx\/home\/","logo":{"@type":"ImageObject","inLanguage":"es","@id":"https:\/\/agencia.252.com.mx\/home\/#\/schema\/logo\/image\/","url":"https:\/\/agencia.252.com.mx\/wp-content\/uploads\/2023\/02\/cropped-ciruclo-agencia-e1677562404136.png","contentUrl":"https:\/\/agencia.252.com.mx\/wp-content\/uploads\/2023\/02\/cropped-ciruclo-agencia-e1677562404136.png","width":512,"height":512,"caption":"Agencia252"},"image":{"@id":"https:\/\/agencia.252.com.mx\/home\/#\/schema\/logo\/image\/"},"sameAs":["https:\/\/www.facebook.com\/252Comunicacion\/","https:\/\/x.com\/252COMS"]},{"@type":"Person","@id":"https:\/\/agencia.252.com.mx\/home\/#\/schema\/person\/6b972021e9a92d45ade8c78d81509098","name":"Nacho Corro","image":{"@type":"ImageObject","inLanguage":"es","@id":"https:\/\/secure.gravatar.com\/avatar\/5db6df507cfe1307e192fbb498c6b85f1cf2ffd8b4cd37141b9eea588fcbd5a4?s=96&r=g","url":"https:\/\/secure.gravatar.com\/avatar\/5db6df507cfe1307e192fbb498c6b85f1cf2ffd8b4cd37141b9eea588fcbd5a4?s=96&r=g","contentUrl":"https:\/\/secure.gravatar.com\/avatar\/5db6df507cfe1307e192fbb498c6b85f1cf2ffd8b4cd37141b9eea588fcbd5a4?s=96&r=g","caption":"Nacho Corro"},"description":"Comunicador Social, Periodista y Administraci\u00f3n P\u00fablica. Conversador pol\u00edtico, temas electorales y seguridad. Generador de contenidos digitales. Amante de la fotograf\u00eda","sameAs":["https:\/\/www.facebook.com\/jcorroherrera\/","www.instagram.com\/nachocorro\/","https:\/\/x.com\/Juan Ignacio Corro Herrera"],"url":"https:\/\/agencia.252.com.mx\/home\/author\/i-corro\/"}]}},"_links":{"self":[{"href":"https:\/\/agencia.252.com.mx\/home\/wp-json\/wp\/v2\/posts\/16473","targetHints":{"allow":["GET"]}}],"collection":[{"href":"https:\/\/agencia.252.com.mx\/home\/wp-json\/wp\/v2\/posts"}],"about":[{"href":"https:\/\/agencia.252.com.mx\/home\/wp-json\/wp\/v2\/types\/post"}],"author":[{"embeddable":true,"href":"https:\/\/agencia.252.com.mx\/home\/wp-json\/wp\/v2\/users\/5"}],"replies":[{"embeddable":true,"href":"https:\/\/agencia.252.com.mx\/home\/wp-json\/wp\/v2\/comments?post=16473"}],"version-history":[{"count":1,"href":"https:\/\/agencia.252.com.mx\/home\/wp-json\/wp\/v2\/posts\/16473\/revisions"}],"predecessor-version":[{"id":16477,"href":"https:\/\/agencia.252.com.mx\/home\/wp-json\/wp\/v2\/posts\/16473\/revisions\/16477"}],"wp:featuredmedia":[{"embeddable":true,"href":"https:\/\/agencia.252.com.mx\/home\/wp-json\/wp\/v2\/media\/16476"}],"wp:attachment":[{"href":"https:\/\/agencia.252.com.mx\/home\/wp-json\/wp\/v2\/media?parent=16473"}],"wp:term":[{"taxonomy":"category","embeddable":true,"href":"https:\/\/agencia.252.com.mx\/home\/wp-json\/wp\/v2\/categories?post=16473"},{"taxonomy":"post_tag","embeddable":true,"href":"https:\/\/agencia.252.com.mx\/home\/wp-json\/wp\/v2\/tags?post=16473"}],"curies":[{"name":"wp","href":"https:\/\/api.w.org\/{rel}","templated":true}]}}