{"id":16461,"date":"2026-03-02T13:30:12","date_gmt":"2026-03-02T19:30:12","guid":{"rendered":"https:\/\/agencia.252.com.mx\/home\/?p=16461"},"modified":"2026-03-02T13:39:42","modified_gmt":"2026-03-02T19:39:42","slug":"a-un-mes-con-recoleccion-nocturna-de-basura-se-retiran-mas-de-750-toneladas-en-ecatepec","status":"publish","type":"post","link":"https:\/\/agencia.252.com.mx\/home\/a-un-mes-con-recoleccion-nocturna-de-basura-se-retiran-mas-de-750-toneladas-en-ecatepec\/","title":{"rendered":"A un mes, con recolecci\u00f3n nocturna de basura, se retiran m\u00e1s de 750 toneladas en Ecatepec"},"content":{"rendered":"<p>Visitas: 30<\/p>\n<ul class=\"wp-block-list\">\n<li><em>Las 20 rutas nocturnas gratuitas consolidan el orden en la zona alta<\/em><\/li>\n<\/ul>\n\n\n\n<ul class=\"wp-block-list\">\n<li><em>Con trabajo en territorio y escucha vecinal, el gobierno municipal fortalece la limpieza de calles, camellones y barrancas para prevenir inundaciones y proteger a la comunidad.<\/em><\/li>\n<\/ul>\n\n\n\n<p>Juan Ignacio Corro<\/p>\n\n\n\n<p class=\"has-text-align-right\">Ciudad de M\u00e9xico, a 2 de marzo de 2026<\/p>\n\n\n\n<p>A un mes de su implementaci\u00f3n, el programa gratuito de recolecci\u00f3n nocturna de basura del Gobierno de Ecatepec permiti\u00f3 retirar m\u00e1s de 750 toneladas de residuos, consolid\u00e1ndose como una estrategia clave de ordenamiento urbano y prevenci\u00f3n de inundaciones en la zona alta del municipio.<\/p>\n\n\n\n<p>Durante un recorrido de supervisi\u00f3n por la ruta Tablas del Pozo, la presidenta municipal, Azucena Cisneros Coss, reiter\u00f3 que el modelo de atenci\u00f3n desde territorio permite identificar necesidades prioritarias de la poblaci\u00f3n.<\/p>\n\n\n\n<figure class=\"wp-block-image alignleft size-medium\"><img fetchpriority=\"high\" decoding=\"async\" width=\"300\" height=\"225\" src=\"https:\/\/agencia.252.com.mx\/wp-content\/uploads\/2026\/03\/WhatsApp-Image-2026-03-01-at-3.00.04-PM-300x225.jpeg\" alt=\"\" class=\"wp-image-16464\" srcset=\"https:\/\/agencia.252.com.mx\/wp-content\/uploads\/2026\/03\/WhatsApp-Image-2026-03-01-at-3.00.04-PM-300x225.jpeg 300w, https:\/\/agencia.252.com.mx\/wp-content\/uploads\/2026\/03\/WhatsApp-Image-2026-03-01-at-3.00.04-PM-1024x768.jpeg 1024w, https:\/\/agencia.252.com.mx\/wp-content\/uploads\/2026\/03\/WhatsApp-Image-2026-03-01-at-3.00.04-PM-768x576.jpeg 768w, https:\/\/agencia.252.com.mx\/wp-content\/uploads\/2026\/03\/WhatsApp-Image-2026-03-01-at-3.00.04-PM-1536x1152.jpeg 1536w, https:\/\/agencia.252.com.mx\/wp-content\/uploads\/2026\/03\/WhatsApp-Image-2026-03-01-at-3.00.04-PM.jpeg 1600w\" sizes=\"(max-width: 300px) 100vw, 300px\" \/><\/figure>\n\n\n\n<p>\u201cEstamos aqu\u00ed y nos sirve tambi\u00e9n para ver todo lo que falta por hacer. Hay luz, hay servicios de basura ya gratuitos. Y yo supervisando y escuchando a los vecinos para saber qu\u00e9 m\u00e1s necesitan. El agua es prioridad para nosotros y este a\u00f1o vamos a resolver\u201d, afirm\u00f3 la alcaldesa.<\/p>\n\n\n\n<p>Cisneros Coss destac\u00f3 que el programa opera con 20 rutas nocturnas gratuitas y permanentes, que recorren 375 calles de 87 colonias de la Sierra de Guadalupe y otras zonas prioritarias, donde hist\u00f3ricamente se concentraban tiraderos clandestinos.<\/p>\n\n\n\n<p>Las 20 rutas nocturnas cubren principalmente colonias de la parte alta y comunidades estrat\u00e9gicas, entre ellas: Tablas del Pozo, Tulpetlac, Lomas de San Carlos, Atzolco, Izcalli Ecatepec, Tierra Blanca, San Andr\u00e9s de la Ca\u00f1ada, Santa Clara Coatitla, Xalostoc, San Crist\u00f3bal, Almarcigo Sur, Jardines de Santa Clara, Fuentes de Arag\u00f3n (zonas altas), La Preciosa, Benito Ju\u00e1rez Norte (parte alta), Hank Gonz\u00e1lez (zona alta), Luis Donaldo Colosio (zona alta), La Esperanza (zona alta), Nueva Arag\u00f3n (franja alta) y ampliaciones de la Sierra de Guadalupe.<\/p>\n\n\n\n<p>El servicio opera los d\u00edas lunes, mi\u00e9rcoles y viernes de 22:00 a 01:00 horas y se articula con jornadas permanentes de limpieza de camellones, barrancas y espacios p\u00fablicos, como parte del operativo preventivo rumbo a la temporada de lluvias.<\/p>\n\n\n\n<p>En los recorridos participan elementos de la Marina, polic\u00eda estatal, GOES, tr\u00e1nsito municipal y brigadas de Servicios P\u00fablicos, lo que refuerza la estrategia de proximidad y orden urbano.<\/p>\n\n\n\n<p>Vecinas y vecinos de la zona alta reconocieron el impacto del servicio nocturno gratuito, al se\u00f1alar que facilita la disposici\u00f3n de residuos despu\u00e9s de la jornada laboral y representa un alivio econ\u00f3mico para las familias.&nbsp;<\/p>\n\n\n\n<p>\u201cEst\u00e1 muy bien porque la gente ya se ha desocupado de todas sus actividades; esa es una ventaja para todos. Sigan trabajando de la misma manera para que esto vaya sumando; llevo 35 a\u00f1os viviendo aqu\u00ed y nunca hab\u00eda entrado un cami\u00f3n aqu\u00ed de Ecatepec\u201d, destac\u00f3 Miguel S\u00e1nchez Pineda, vecino de la comunidad.<\/p>\n\n\n\n<p>Mientras que Ximena, vecina de la colonia Tablas del Pozo, subray\u00f3 que el programa evita cobros excesivos que anteriormente realizaban recolectores particulares. \u201cAhorita ya estaban abusando mucho. Por ejemplo: (por) una bolsa ya te cobraban como 60 o 70 pesos y tampoco era una bolsa muy grande\u201d.&nbsp;<\/p>\n\n\n\n<p>El gobierno municipal insisti\u00f3 en que la recolecci\u00f3n nocturna ser\u00e1 permanente, con evaluaci\u00f3n semanal, para seguir fortaleciendo los servicios p\u00fablicos y la prevenci\u00f3n de riesgos en Ecatepec.<\/p>\n","protected":false},"excerpt":{"rendered":"<p>Visitas: 30 Juan Ignacio Corro Ciudad de M\u00e9xico, a 2 de marzo de 2026 A un mes de su implementaci\u00f3n, el programa gratuito de recolecci\u00f3n nocturna de basura del Gobierno de Ecatepec permiti\u00f3 retirar m\u00e1s de 750 toneladas de residuos, consolid\u00e1ndose como una estrategia clave de ordenamiento urbano y prevenci\u00f3n de inundaciones en la zona [&hellip;]<\/p>\n","protected":false},"author":5,"featured_media":16463,"comment_status":"open","ping_status":"open","sticky":false,"template":"","format":"standard","meta":{"site-sidebar-layout":"default","site-content-layout":"","ast-site-content-layout":"default","site-content-style":"default","site-sidebar-style":"default","ast-global-header-display":"","ast-banner-title-visibility":"","ast-main-header-display":"","ast-hfb-above-header-display":"","ast-hfb-below-header-display":"","ast-hfb-mobile-header-display":"","site-post-title":"","ast-breadcrumbs-content":"","ast-featured-img":"","footer-sml-layout":"","ast-disable-related-posts":"","theme-transparent-header-meta":"","adv-header-id-meta":"","stick-header-meta":"","header-above-stick-meta":"","header-main-stick-meta":"","header-below-stick-meta":"","astra-migrate-meta-layouts":"set","ast-page-background-enabled":"default","ast-page-background-meta":{"desktop":{"background-color":"var(--ast-global-color-4)","background-image":"","background-repeat":"repeat","background-position":"center center","background-size":"auto","background-attachment":"scroll","background-type":"","background-media":"","overlay-type":"","overlay-color":"","overlay-opacity":"","overlay-gradient":""},"tablet":{"background-color":"","background-image":"","background-repeat":"repeat","background-position":"center center","background-size":"auto","background-attachment":"scroll","background-type":"","background-media":"","overlay-type":"","overlay-color":"","overlay-opacity":"","overlay-gradient":""},"mobile":{"background-color":"","background-image":"","background-repeat":"repeat","background-position":"center center","background-size":"auto","background-attachment":"scroll","background-type":"","background-media":"","overlay-type":"","overlay-color":"","overlay-opacity":"","overlay-gradient":""}},"ast-content-background-meta":{"desktop":{"background-color":"var(--ast-global-color-5)","background-image":"","background-repeat":"repeat","background-position":"center center","background-size":"auto","background-attachment":"scroll","background-type":"","background-media":"","overlay-type":"","overlay-color":"","overlay-opacity":"","overlay-gradient":""},"tablet":{"background-color":"var(--ast-global-color-5)","background-image":"","background-repeat":"repeat","background-position":"center center","background-size":"auto","background-attachment":"scroll","background-type":"","background-media":"","overlay-type":"","overlay-color":"","overlay-opacity":"","overlay-gradient":""},"mobile":{"background-color":"var(--ast-global-color-5)","background-image":"","background-repeat":"repeat","background-position":"center center","background-size":"auto","background-attachment":"scroll","background-type":"","background-media":"","overlay-type":"","overlay-color":"","overlay-opacity":"","overlay-gradient":""}},"footnotes":""},"categories":[38,8,512,68],"tags":[526],"class_list":["post-16461","post","type-post","status-publish","format-standard","has-post-thumbnail","hentry","category-ecatepec","category-edomex","category-metropoli","category-seguridad","tag-edomex"],"yoast_head":"<!-- This site is optimized with the Yoast SEO plugin v27.4 - https:\/\/yoast.com\/product\/yoast-seo-wordpress\/ -->\n<title>A un mes, con recolecci\u00f3n nocturna de basura, se retiran m\u00e1s de 750 toneladas en Ecatepec - Agencia252<\/title>\n<meta name=\"robots\" content=\"index, follow, max-snippet:-1, max-image-preview:large, max-video-preview:-1\" \/>\n<link rel=\"canonical\" href=\"https:\/\/agencia.252.com.mx\/home\/a-un-mes-con-recoleccion-nocturna-de-basura-se-retiran-mas-de-750-toneladas-en-ecatepec\/\" \/>\n<meta property=\"og:locale\" content=\"es_ES\" \/>\n<meta property=\"og:type\" content=\"article\" \/>\n<meta property=\"og:title\" content=\"A un mes, con recolecci\u00f3n nocturna de basura, se retiran m\u00e1s de 750 toneladas en Ecatepec - Agencia252\" \/>\n<meta property=\"og:description\" content=\"Visitas: 30 Juan Ignacio Corro Ciudad de M\u00e9xico, a 2 de marzo de 2026 A un mes de su implementaci\u00f3n, el programa gratuito de recolecci\u00f3n nocturna de basura del Gobierno de Ecatepec permiti\u00f3 retirar m\u00e1s de 750 toneladas de residuos, consolid\u00e1ndose como una estrategia clave de ordenamiento urbano y prevenci\u00f3n de inundaciones en la zona [&hellip;]\" \/>\n<meta property=\"og:url\" content=\"https:\/\/agencia.252.com.mx\/home\/a-un-mes-con-recoleccion-nocturna-de-basura-se-retiran-mas-de-750-toneladas-en-ecatepec\/\" \/>\n<meta property=\"og:site_name\" content=\"Agencia252\" \/>\n<meta property=\"article:publisher\" content=\"https:\/\/www.facebook.com\/252Comunicacion\/\" \/>\n<meta property=\"article:author\" content=\"https:\/\/www.facebook.com\/jcorroherrera\/\" \/>\n<meta property=\"article:published_time\" content=\"2026-03-02T19:30:12+00:00\" \/>\n<meta property=\"article:modified_time\" content=\"2026-03-02T19:39:42+00:00\" \/>\n<meta property=\"og:image\" content=\"http:\/\/agencia.252.com.mx\/wp-content\/uploads\/2026\/03\/WhatsApp-Image-2026-03-01-at-3.00.04-PM-3.jpeg\" \/>\n\t<meta property=\"og:image:width\" content=\"1600\" \/>\n\t<meta property=\"og:image:height\" content=\"1066\" \/>\n\t<meta property=\"og:image:type\" content=\"image\/jpeg\" \/>\n<meta name=\"author\" content=\"Nacho Corro\" \/>\n<meta name=\"twitter:card\" content=\"summary_large_image\" \/>\n<meta name=\"twitter:creator\" content=\"@Juan Ignacio Corro Herrera\" \/>\n<meta name=\"twitter:site\" content=\"@252COMS\" \/>\n<meta name=\"twitter:label1\" content=\"Escrito por\" \/>\n\t<meta name=\"twitter:data1\" content=\"Nacho Corro\" \/>\n\t<meta name=\"twitter:label2\" content=\"Tiempo de lectura\" \/>\n\t<meta name=\"twitter:data2\" content=\"3 minutos\" \/>\n<script type=\"application\/ld+json\" class=\"yoast-schema-graph\">{\"@context\":\"https:\\\/\\\/schema.org\",\"@graph\":[{\"@type\":\"Article\",\"@id\":\"https:\\\/\\\/agencia.252.com.mx\\\/home\\\/a-un-mes-con-recoleccion-nocturna-de-basura-se-retiran-mas-de-750-toneladas-en-ecatepec\\\/#article\",\"isPartOf\":{\"@id\":\"https:\\\/\\\/agencia.252.com.mx\\\/home\\\/a-un-mes-con-recoleccion-nocturna-de-basura-se-retiran-mas-de-750-toneladas-en-ecatepec\\\/\"},\"author\":{\"name\":\"Nacho Corro\",\"@id\":\"https:\\\/\\\/agencia.252.com.mx\\\/home\\\/#\\\/schema\\\/person\\\/6b972021e9a92d45ade8c78d81509098\"},\"headline\":\"A un mes, con recolecci\u00f3n nocturna de basura, se retiran m\u00e1s de 750 toneladas en Ecatepec\",\"datePublished\":\"2026-03-02T19:30:12+00:00\",\"dateModified\":\"2026-03-02T19:39:42+00:00\",\"mainEntityOfPage\":{\"@id\":\"https:\\\/\\\/agencia.252.com.mx\\\/home\\\/a-un-mes-con-recoleccion-nocturna-de-basura-se-retiran-mas-de-750-toneladas-en-ecatepec\\\/\"},\"wordCount\":568,\"commentCount\":0,\"publisher\":{\"@id\":\"https:\\\/\\\/agencia.252.com.mx\\\/home\\\/#organization\"},\"image\":{\"@id\":\"https:\\\/\\\/agencia.252.com.mx\\\/home\\\/a-un-mes-con-recoleccion-nocturna-de-basura-se-retiran-mas-de-750-toneladas-en-ecatepec\\\/#primaryimage\"},\"thumbnailUrl\":\"https:\\\/\\\/agencia.252.com.mx\\\/wp-content\\\/uploads\\\/2026\\\/03\\\/WhatsApp-Image-2026-03-01-at-3.00.04-PM-3.jpeg\",\"keywords\":[\"Edomex\"],\"articleSection\":[\"Ecatepec\",\"Edomex\",\"Metropoli\",\"Seguridad\"],\"inLanguage\":\"es\",\"potentialAction\":[{\"@type\":\"CommentAction\",\"name\":\"Comment\",\"target\":[\"https:\\\/\\\/agencia.252.com.mx\\\/home\\\/a-un-mes-con-recoleccion-nocturna-de-basura-se-retiran-mas-de-750-toneladas-en-ecatepec\\\/#respond\"]}]},{\"@type\":\"WebPage\",\"@id\":\"https:\\\/\\\/agencia.252.com.mx\\\/home\\\/a-un-mes-con-recoleccion-nocturna-de-basura-se-retiran-mas-de-750-toneladas-en-ecatepec\\\/\",\"url\":\"https:\\\/\\\/agencia.252.com.mx\\\/home\\\/a-un-mes-con-recoleccion-nocturna-de-basura-se-retiran-mas-de-750-toneladas-en-ecatepec\\\/\",\"name\":\"A un mes, con recolecci\u00f3n nocturna de basura, se retiran m\u00e1s de 750 toneladas en Ecatepec - Agencia252\",\"isPartOf\":{\"@id\":\"https:\\\/\\\/agencia.252.com.mx\\\/home\\\/#website\"},\"primaryImageOfPage\":{\"@id\":\"https:\\\/\\\/agencia.252.com.mx\\\/home\\\/a-un-mes-con-recoleccion-nocturna-de-basura-se-retiran-mas-de-750-toneladas-en-ecatepec\\\/#primaryimage\"},\"image\":{\"@id\":\"https:\\\/\\\/agencia.252.com.mx\\\/home\\\/a-un-mes-con-recoleccion-nocturna-de-basura-se-retiran-mas-de-750-toneladas-en-ecatepec\\\/#primaryimage\"},\"thumbnailUrl\":\"https:\\\/\\\/agencia.252.com.mx\\\/wp-content\\\/uploads\\\/2026\\\/03\\\/WhatsApp-Image-2026-03-01-at-3.00.04-PM-3.jpeg\",\"datePublished\":\"2026-03-02T19:30:12+00:00\",\"dateModified\":\"2026-03-02T19:39:42+00:00\",\"breadcrumb\":{\"@id\":\"https:\\\/\\\/agencia.252.com.mx\\\/home\\\/a-un-mes-con-recoleccion-nocturna-de-basura-se-retiran-mas-de-750-toneladas-en-ecatepec\\\/#breadcrumb\"},\"inLanguage\":\"es\",\"potentialAction\":[{\"@type\":\"ReadAction\",\"target\":[\"https:\\\/\\\/agencia.252.com.mx\\\/home\\\/a-un-mes-con-recoleccion-nocturna-de-basura-se-retiran-mas-de-750-toneladas-en-ecatepec\\\/\"]}]},{\"@type\":\"ImageObject\",\"inLanguage\":\"es\",\"@id\":\"https:\\\/\\\/agencia.252.com.mx\\\/home\\\/a-un-mes-con-recoleccion-nocturna-de-basura-se-retiran-mas-de-750-toneladas-en-ecatepec\\\/#primaryimage\",\"url\":\"https:\\\/\\\/agencia.252.com.mx\\\/wp-content\\\/uploads\\\/2026\\\/03\\\/WhatsApp-Image-2026-03-01-at-3.00.04-PM-3.jpeg\",\"contentUrl\":\"https:\\\/\\\/agencia.252.com.mx\\\/wp-content\\\/uploads\\\/2026\\\/03\\\/WhatsApp-Image-2026-03-01-at-3.00.04-PM-3.jpeg\",\"width\":1600,\"height\":1066},{\"@type\":\"BreadcrumbList\",\"@id\":\"https:\\\/\\\/agencia.252.com.mx\\\/home\\\/a-un-mes-con-recoleccion-nocturna-de-basura-se-retiran-mas-de-750-toneladas-en-ecatepec\\\/#breadcrumb\",\"itemListElement\":[{\"@type\":\"ListItem\",\"position\":1,\"name\":\"Portada\",\"item\":\"https:\\\/\\\/agencia.252.com.mx\\\/home\\\/\"},{\"@type\":\"ListItem\",\"position\":2,\"name\":\"A un mes, con recolecci\u00f3n nocturna de basura, se retiran m\u00e1s de 750 toneladas en Ecatepec\"}]},{\"@type\":\"WebSite\",\"@id\":\"https:\\\/\\\/agencia.252.com.mx\\\/home\\\/#website\",\"url\":\"https:\\\/\\\/agencia.252.com.mx\\\/home\\\/\",\"name\":\"Agencia252\",\"description\":\"Tu espacio en la Red\",\"publisher\":{\"@id\":\"https:\\\/\\\/agencia.252.com.mx\\\/home\\\/#organization\"},\"potentialAction\":[{\"@type\":\"SearchAction\",\"target\":{\"@type\":\"EntryPoint\",\"urlTemplate\":\"https:\\\/\\\/agencia.252.com.mx\\\/home\\\/?s={search_term_string}\"},\"query-input\":{\"@type\":\"PropertyValueSpecification\",\"valueRequired\":true,\"valueName\":\"search_term_string\"}}],\"inLanguage\":\"es\"},{\"@type\":\"Organization\",\"@id\":\"https:\\\/\\\/agencia.252.com.mx\\\/home\\\/#organization\",\"name\":\"Agencia252\",\"url\":\"https:\\\/\\\/agencia.252.com.mx\\\/home\\\/\",\"logo\":{\"@type\":\"ImageObject\",\"inLanguage\":\"es\",\"@id\":\"https:\\\/\\\/agencia.252.com.mx\\\/home\\\/#\\\/schema\\\/logo\\\/image\\\/\",\"url\":\"https:\\\/\\\/agencia.252.com.mx\\\/wp-content\\\/uploads\\\/2023\\\/02\\\/cropped-ciruclo-agencia-e1677562404136.png\",\"contentUrl\":\"https:\\\/\\\/agencia.252.com.mx\\\/wp-content\\\/uploads\\\/2023\\\/02\\\/cropped-ciruclo-agencia-e1677562404136.png\",\"width\":512,\"height\":512,\"caption\":\"Agencia252\"},\"image\":{\"@id\":\"https:\\\/\\\/agencia.252.com.mx\\\/home\\\/#\\\/schema\\\/logo\\\/image\\\/\"},\"sameAs\":[\"https:\\\/\\\/www.facebook.com\\\/252Comunicacion\\\/\",\"https:\\\/\\\/x.com\\\/252COMS\"]},{\"@type\":\"Person\",\"@id\":\"https:\\\/\\\/agencia.252.com.mx\\\/home\\\/#\\\/schema\\\/person\\\/6b972021e9a92d45ade8c78d81509098\",\"name\":\"Nacho Corro\",\"image\":{\"@type\":\"ImageObject\",\"inLanguage\":\"es\",\"@id\":\"https:\\\/\\\/secure.gravatar.com\\\/avatar\\\/5db6df507cfe1307e192fbb498c6b85f1cf2ffd8b4cd37141b9eea588fcbd5a4?s=96&r=g\",\"url\":\"https:\\\/\\\/secure.gravatar.com\\\/avatar\\\/5db6df507cfe1307e192fbb498c6b85f1cf2ffd8b4cd37141b9eea588fcbd5a4?s=96&r=g\",\"contentUrl\":\"https:\\\/\\\/secure.gravatar.com\\\/avatar\\\/5db6df507cfe1307e192fbb498c6b85f1cf2ffd8b4cd37141b9eea588fcbd5a4?s=96&r=g\",\"caption\":\"Nacho Corro\"},\"description\":\"Comunicador Social, Periodista y Administraci\u00f3n P\u00fablica. Conversador pol\u00edtico, temas electorales y seguridad. Generador de contenidos digitales. Amante de la fotograf\u00eda\",\"sameAs\":[\"https:\\\/\\\/www.facebook.com\\\/jcorroherrera\\\/\",\"www.instagram.com\\\/nachocorro\\\/\",\"https:\\\/\\\/x.com\\\/Juan Ignacio Corro Herrera\"],\"url\":\"https:\\\/\\\/agencia.252.com.mx\\\/home\\\/author\\\/i-corro\\\/\"}]}<\/script>\n<!-- \/ Yoast SEO plugin. -->","yoast_head_json":{"title":"A un mes, con recolecci\u00f3n nocturna de basura, se retiran m\u00e1s de 750 toneladas en Ecatepec - Agencia252","robots":{"index":"index","follow":"follow","max-snippet":"max-snippet:-1","max-image-preview":"max-image-preview:large","max-video-preview":"max-video-preview:-1"},"canonical":"https:\/\/agencia.252.com.mx\/home\/a-un-mes-con-recoleccion-nocturna-de-basura-se-retiran-mas-de-750-toneladas-en-ecatepec\/","og_locale":"es_ES","og_type":"article","og_title":"A un mes, con recolecci\u00f3n nocturna de basura, se retiran m\u00e1s de 750 toneladas en Ecatepec - Agencia252","og_description":"Visitas: 30 Juan Ignacio Corro Ciudad de M\u00e9xico, a 2 de marzo de 2026 A un mes de su implementaci\u00f3n, el programa gratuito de recolecci\u00f3n nocturna de basura del Gobierno de Ecatepec permiti\u00f3 retirar m\u00e1s de 750 toneladas de residuos, consolid\u00e1ndose como una estrategia clave de ordenamiento urbano y prevenci\u00f3n de inundaciones en la zona [&hellip;]","og_url":"https:\/\/agencia.252.com.mx\/home\/a-un-mes-con-recoleccion-nocturna-de-basura-se-retiran-mas-de-750-toneladas-en-ecatepec\/","og_site_name":"Agencia252","article_publisher":"https:\/\/www.facebook.com\/252Comunicacion\/","article_author":"https:\/\/www.facebook.com\/jcorroherrera\/","article_published_time":"2026-03-02T19:30:12+00:00","article_modified_time":"2026-03-02T19:39:42+00:00","og_image":[{"width":1600,"height":1066,"url":"http:\/\/agencia.252.com.mx\/wp-content\/uploads\/2026\/03\/WhatsApp-Image-2026-03-01-at-3.00.04-PM-3.jpeg","type":"image\/jpeg"}],"author":"Nacho Corro","twitter_card":"summary_large_image","twitter_creator":"@Juan Ignacio Corro Herrera","twitter_site":"@252COMS","twitter_misc":{"Escrito por":"Nacho Corro","Tiempo de lectura":"3 minutos"},"schema":{"@context":"https:\/\/schema.org","@graph":[{"@type":"Article","@id":"https:\/\/agencia.252.com.mx\/home\/a-un-mes-con-recoleccion-nocturna-de-basura-se-retiran-mas-de-750-toneladas-en-ecatepec\/#article","isPartOf":{"@id":"https:\/\/agencia.252.com.mx\/home\/a-un-mes-con-recoleccion-nocturna-de-basura-se-retiran-mas-de-750-toneladas-en-ecatepec\/"},"author":{"name":"Nacho Corro","@id":"https:\/\/agencia.252.com.mx\/home\/#\/schema\/person\/6b972021e9a92d45ade8c78d81509098"},"headline":"A un mes, con recolecci\u00f3n nocturna de basura, se retiran m\u00e1s de 750 toneladas en Ecatepec","datePublished":"2026-03-02T19:30:12+00:00","dateModified":"2026-03-02T19:39:42+00:00","mainEntityOfPage":{"@id":"https:\/\/agencia.252.com.mx\/home\/a-un-mes-con-recoleccion-nocturna-de-basura-se-retiran-mas-de-750-toneladas-en-ecatepec\/"},"wordCount":568,"commentCount":0,"publisher":{"@id":"https:\/\/agencia.252.com.mx\/home\/#organization"},"image":{"@id":"https:\/\/agencia.252.com.mx\/home\/a-un-mes-con-recoleccion-nocturna-de-basura-se-retiran-mas-de-750-toneladas-en-ecatepec\/#primaryimage"},"thumbnailUrl":"https:\/\/agencia.252.com.mx\/wp-content\/uploads\/2026\/03\/WhatsApp-Image-2026-03-01-at-3.00.04-PM-3.jpeg","keywords":["Edomex"],"articleSection":["Ecatepec","Edomex","Metropoli","Seguridad"],"inLanguage":"es","potentialAction":[{"@type":"CommentAction","name":"Comment","target":["https:\/\/agencia.252.com.mx\/home\/a-un-mes-con-recoleccion-nocturna-de-basura-se-retiran-mas-de-750-toneladas-en-ecatepec\/#respond"]}]},{"@type":"WebPage","@id":"https:\/\/agencia.252.com.mx\/home\/a-un-mes-con-recoleccion-nocturna-de-basura-se-retiran-mas-de-750-toneladas-en-ecatepec\/","url":"https:\/\/agencia.252.com.mx\/home\/a-un-mes-con-recoleccion-nocturna-de-basura-se-retiran-mas-de-750-toneladas-en-ecatepec\/","name":"A un mes, con recolecci\u00f3n nocturna de basura, se retiran m\u00e1s de 750 toneladas en Ecatepec - Agencia252","isPartOf":{"@id":"https:\/\/agencia.252.com.mx\/home\/#website"},"primaryImageOfPage":{"@id":"https:\/\/agencia.252.com.mx\/home\/a-un-mes-con-recoleccion-nocturna-de-basura-se-retiran-mas-de-750-toneladas-en-ecatepec\/#primaryimage"},"image":{"@id":"https:\/\/agencia.252.com.mx\/home\/a-un-mes-con-recoleccion-nocturna-de-basura-se-retiran-mas-de-750-toneladas-en-ecatepec\/#primaryimage"},"thumbnailUrl":"https:\/\/agencia.252.com.mx\/wp-content\/uploads\/2026\/03\/WhatsApp-Image-2026-03-01-at-3.00.04-PM-3.jpeg","datePublished":"2026-03-02T19:30:12+00:00","dateModified":"2026-03-02T19:39:42+00:00","breadcrumb":{"@id":"https:\/\/agencia.252.com.mx\/home\/a-un-mes-con-recoleccion-nocturna-de-basura-se-retiran-mas-de-750-toneladas-en-ecatepec\/#breadcrumb"},"inLanguage":"es","potentialAction":[{"@type":"ReadAction","target":["https:\/\/agencia.252.com.mx\/home\/a-un-mes-con-recoleccion-nocturna-de-basura-se-retiran-mas-de-750-toneladas-en-ecatepec\/"]}]},{"@type":"ImageObject","inLanguage":"es","@id":"https:\/\/agencia.252.com.mx\/home\/a-un-mes-con-recoleccion-nocturna-de-basura-se-retiran-mas-de-750-toneladas-en-ecatepec\/#primaryimage","url":"https:\/\/agencia.252.com.mx\/wp-content\/uploads\/2026\/03\/WhatsApp-Image-2026-03-01-at-3.00.04-PM-3.jpeg","contentUrl":"https:\/\/agencia.252.com.mx\/wp-content\/uploads\/2026\/03\/WhatsApp-Image-2026-03-01-at-3.00.04-PM-3.jpeg","width":1600,"height":1066},{"@type":"BreadcrumbList","@id":"https:\/\/agencia.252.com.mx\/home\/a-un-mes-con-recoleccion-nocturna-de-basura-se-retiran-mas-de-750-toneladas-en-ecatepec\/#breadcrumb","itemListElement":[{"@type":"ListItem","position":1,"name":"Portada","item":"https:\/\/agencia.252.com.mx\/home\/"},{"@type":"ListItem","position":2,"name":"A un mes, con recolecci\u00f3n nocturna de basura, se retiran m\u00e1s de 750 toneladas en Ecatepec"}]},{"@type":"WebSite","@id":"https:\/\/agencia.252.com.mx\/home\/#website","url":"https:\/\/agencia.252.com.mx\/home\/","name":"Agencia252","description":"Tu espacio en la Red","publisher":{"@id":"https:\/\/agencia.252.com.mx\/home\/#organization"},"potentialAction":[{"@type":"SearchAction","target":{"@type":"EntryPoint","urlTemplate":"https:\/\/agencia.252.com.mx\/home\/?s={search_term_string}"},"query-input":{"@type":"PropertyValueSpecification","valueRequired":true,"valueName":"search_term_string"}}],"inLanguage":"es"},{"@type":"Organization","@id":"https:\/\/agencia.252.com.mx\/home\/#organization","name":"Agencia252","url":"https:\/\/agencia.252.com.mx\/home\/","logo":{"@type":"ImageObject","inLanguage":"es","@id":"https:\/\/agencia.252.com.mx\/home\/#\/schema\/logo\/image\/","url":"https:\/\/agencia.252.com.mx\/wp-content\/uploads\/2023\/02\/cropped-ciruclo-agencia-e1677562404136.png","contentUrl":"https:\/\/agencia.252.com.mx\/wp-content\/uploads\/2023\/02\/cropped-ciruclo-agencia-e1677562404136.png","width":512,"height":512,"caption":"Agencia252"},"image":{"@id":"https:\/\/agencia.252.com.mx\/home\/#\/schema\/logo\/image\/"},"sameAs":["https:\/\/www.facebook.com\/252Comunicacion\/","https:\/\/x.com\/252COMS"]},{"@type":"Person","@id":"https:\/\/agencia.252.com.mx\/home\/#\/schema\/person\/6b972021e9a92d45ade8c78d81509098","name":"Nacho Corro","image":{"@type":"ImageObject","inLanguage":"es","@id":"https:\/\/secure.gravatar.com\/avatar\/5db6df507cfe1307e192fbb498c6b85f1cf2ffd8b4cd37141b9eea588fcbd5a4?s=96&r=g","url":"https:\/\/secure.gravatar.com\/avatar\/5db6df507cfe1307e192fbb498c6b85f1cf2ffd8b4cd37141b9eea588fcbd5a4?s=96&r=g","contentUrl":"https:\/\/secure.gravatar.com\/avatar\/5db6df507cfe1307e192fbb498c6b85f1cf2ffd8b4cd37141b9eea588fcbd5a4?s=96&r=g","caption":"Nacho Corro"},"description":"Comunicador Social, Periodista y Administraci\u00f3n P\u00fablica. Conversador pol\u00edtico, temas electorales y seguridad. Generador de contenidos digitales. Amante de la fotograf\u00eda","sameAs":["https:\/\/www.facebook.com\/jcorroherrera\/","www.instagram.com\/nachocorro\/","https:\/\/x.com\/Juan Ignacio Corro Herrera"],"url":"https:\/\/agencia.252.com.mx\/home\/author\/i-corro\/"}]}},"_links":{"self":[{"href":"https:\/\/agencia.252.com.mx\/home\/wp-json\/wp\/v2\/posts\/16461","targetHints":{"allow":["GET"]}}],"collection":[{"href":"https:\/\/agencia.252.com.mx\/home\/wp-json\/wp\/v2\/posts"}],"about":[{"href":"https:\/\/agencia.252.com.mx\/home\/wp-json\/wp\/v2\/types\/post"}],"author":[{"embeddable":true,"href":"https:\/\/agencia.252.com.mx\/home\/wp-json\/wp\/v2\/users\/5"}],"replies":[{"embeddable":true,"href":"https:\/\/agencia.252.com.mx\/home\/wp-json\/wp\/v2\/comments?post=16461"}],"version-history":[{"count":2,"href":"https:\/\/agencia.252.com.mx\/home\/wp-json\/wp\/v2\/posts\/16461\/revisions"}],"predecessor-version":[{"id":16466,"href":"https:\/\/agencia.252.com.mx\/home\/wp-json\/wp\/v2\/posts\/16461\/revisions\/16466"}],"wp:featuredmedia":[{"embeddable":true,"href":"https:\/\/agencia.252.com.mx\/home\/wp-json\/wp\/v2\/media\/16463"}],"wp:attachment":[{"href":"https:\/\/agencia.252.com.mx\/home\/wp-json\/wp\/v2\/media?parent=16461"}],"wp:term":[{"taxonomy":"category","embeddable":true,"href":"https:\/\/agencia.252.com.mx\/home\/wp-json\/wp\/v2\/categories?post=16461"},{"taxonomy":"post_tag","embeddable":true,"href":"https:\/\/agencia.252.com.mx\/home\/wp-json\/wp\/v2\/tags?post=16461"}],"curies":[{"name":"wp","href":"https:\/\/api.w.org\/{rel}","templated":true}]}}