{"id":16449,"date":"2026-03-02T11:27:53","date_gmt":"2026-03-02T17:27:53","guid":{"rendered":"https:\/\/agencia.252.com.mx\/home\/?p=16449"},"modified":"2026-03-02T13:17:47","modified_gmt":"2026-03-02T19:17:47","slug":"editorial-no-nos-callaran","status":"publish","type":"post","link":"https:\/\/agencia.252.com.mx\/home\/editorial-no-nos-callaran\/","title":{"rendered":"Editorial  No nos callar\u00e1n"},"content":{"rendered":"<p>Visitas: 29<\/p>\n<p>La delincuencia y los grupos organizados en el pa\u00eds y, de manera particular en el Estado de M\u00e9xico, desean \u201cuna zona de silencio\u201d informativo. Las autoridades de los tres ordenes de gobierno seguramente no previnieron los efectos que podr\u00eda traer para el periodismo en M\u00e9xico los acontecimientos donde fue abatido El Mencho, y la cobertura de  actos criminales posteriores.<\/p>\n\n\n\n<p>Las amenazas en contra del gremio period\u00edstico ha comenzado en territorio mexiquense derivado de los hechos delictivos de la \u00faltima semana con el incremento de ejecuciones en la entidad, para los l\u00edderes y sus sicarios esta difusi\u00f3n les duele.<\/p>\n\n\n\n<p>Las agresiones y amenazas a las y los&nbsp;&nbsp;periodistas en M\u00e9xico han sido, por desgracia, un fen\u00f3meno persistente desde hace dos d\u00e9cadas, generado&nbsp;&nbsp;por un complejo entramado donde convergen el crimen organizado, la impunidad y la actuaci\u00f3n de autoridades de distintos niveles de gobierno. M\u00e9xico sigue siendo uno de los pa\u00edses m\u00e1s peligrosos para ejercer el periodismo en el mundo, especialmente para aquellos que cubren temas de seguridad, corrupci\u00f3n y pol\u00edtica local.<\/p>\n\n\n\n<p>La muerte de \u201cEl Mencho\u201d el domingo 22 de febrero en un exitoso operativo, seg\u00fan la narrativa gubernamental, dejo 25 elementos federales abatidos y una serie de da\u00f1os colaterales irremediables en vidas humanas, afectaciones a la salud, infraestructura, recursos materiales, entre otras, en los municipios de Tecamac, Coacalco, Huehuetoca, Los Reyes La Paz, Chalco.<\/p>\n\n\n\n<p>Este hecho demostr\u00f3 que las redes sociales son ya la principal fuente de informaci\u00f3n con sus diatribas: informaci\u00f3n y desinformaci\u00f3n.  La velocidad de la informaci\u00f3n en redes sociales&nbsp;super\u00f3 a los canales oficiales, generando una \u00abtormenta de mensajes\u00bb.<\/p>\n\n\n\n<p>El propio grupo delictivo utiliz\u00f3 la plataformas digitales para crear sus propias narrativas&nbsp;al propagar noticias falsas, buscando que su ola de violencia pareciera m\u00e1s grande y aterradora de lo que era en realidad.&nbsp;<\/p>\n\n\n\n<p>Las instancias gubernamentales han dejado crecer la desinformaci\u00f3n y noticias falsas en redes sociales sobre todo en temas de seguridad por la debilidad en su pol\u00edtica de difusi\u00f3n e informaci\u00f3n; desde una \u00f3ptima cr\u00edtica, el entorno digital ha llenado los grandes vac\u00edos dejados por las ineficientes pol\u00edticas de comunicaci\u00f3n social -si as\u00ed se deben seguir llamando-, para informar el d\u00eda a d\u00eda: las consecuencias, el acto, los hechos, las medidas preventivas o las acciones urgentes&nbsp;&nbsp;de corto y mediano plazo para resguardar a la poblaci\u00f3n.&nbsp;<\/p>\n\n\n\n<p>Un grupo de periodistas y comunicadores con experiencia en medios privados y \u00e1reas gubernamentales de comunicaci\u00f3n social hace ya casi 10 a\u00f1os vimos la necesidad de informar, desde la base digital, con veracidad, certeza y oportunidad sobre los fen\u00f3menos ya destacados, no obstante, esas debilidades&nbsp;&nbsp;que ya se ven\u00edan visualizando se han incrementado: el rumor, la vulnerabilidad ante la desinformaci\u00f3n,&nbsp;&nbsp;la viralizaci\u00f3n de noticias falsas y narrativas manipuladas y ahora, el uso de&nbsp;Inteligencia Artificial&nbsp;para crear&nbsp;deepfakes&nbsp;y textos sint\u00e9ticos, han erosionado la confianza de la audiencia en la autenticidad del contenido. Las oficinas de prensa callan.<\/p>\n\n\n\n<p>Agencia 252 ha tenido crecimiento sostenido y gradual enmarcado con una gran variedad de productos digitales, cuya base editorial central es el periodismo independiente -tan necesarios en estos d\u00edas-, sin aliados, ni ideolog\u00edas, cr\u00edtico y mordaz, al amparo de un equipo creativo profesional y capacitado de manera constante en todos los rubros.&nbsp;<\/p>\n\n\n\n<p>Hoy los grupos delictivos pretenden minar el trabajo de este equipo de periodistas, generar miedo, frenar el trabajo informativo, pero no lo lograran. La amenaza ayer recibida por un grupo criminal\u00a0\u00a0de cuatro letras no depredara nuestra libertad de prensa, ni mucho menos disminuir\u00e1 la actividad period\u00edstica.<\/p>\n\n\n\n<p>Estamos convencidos de que la desinformaci\u00f3n y las noticias falsas son la maldad digital porque buscan negar la realidad. Nuestra trabajo es descubrir y exhibir a delincuentes, a gobernantes, a pol\u00edticos en la red y en redes sociales\u00a0\u00a0que buscan promocionarse pero no informan y\u00a0desmitificar a las malditas y benditas redes sociales. Ese seguir\u00e1 siendo nuestro reto.\u00a0<\/p>\n","protected":false},"excerpt":{"rendered":"<p>Visitas: 29 La delincuencia y los grupos organizados en el pa\u00eds y, de manera particular en el Estado de M\u00e9xico, desean \u201cuna zona de silencio\u201d informativo. Las autoridades de los tres ordenes de gobierno seguramente no previnieron los efectos que podr\u00eda traer para el periodismo en M\u00e9xico los acontecimientos donde fue abatido El Mencho, y [&hellip;]<\/p>\n","protected":false},"author":5,"featured_media":16450,"comment_status":"open","ping_status":"open","sticky":false,"template":"","format":"standard","meta":{"site-sidebar-layout":"default","site-content-layout":"","ast-site-content-layout":"default","site-content-style":"default","site-sidebar-style":"default","ast-global-header-display":"","ast-banner-title-visibility":"","ast-main-header-display":"","ast-hfb-above-header-display":"","ast-hfb-below-header-display":"","ast-hfb-mobile-header-display":"","site-post-title":"","ast-breadcrumbs-content":"","ast-featured-img":"","footer-sml-layout":"","ast-disable-related-posts":"","theme-transparent-header-meta":"","adv-header-id-meta":"","stick-header-meta":"","header-above-stick-meta":"","header-main-stick-meta":"","header-below-stick-meta":"","astra-migrate-meta-layouts":"set","ast-page-background-enabled":"default","ast-page-background-meta":{"desktop":{"background-color":"var(--ast-global-color-4)","background-image":"","background-repeat":"repeat","background-position":"center center","background-size":"auto","background-attachment":"scroll","background-type":"","background-media":"","overlay-type":"","overlay-color":"","overlay-opacity":"","overlay-gradient":""},"tablet":{"background-color":"","background-image":"","background-repeat":"repeat","background-position":"center center","background-size":"auto","background-attachment":"scroll","background-type":"","background-media":"","overlay-type":"","overlay-color":"","overlay-opacity":"","overlay-gradient":""},"mobile":{"background-color":"","background-image":"","background-repeat":"repeat","background-position":"center center","background-size":"auto","background-attachment":"scroll","background-type":"","background-media":"","overlay-type":"","overlay-color":"","overlay-opacity":"","overlay-gradient":""}},"ast-content-background-meta":{"desktop":{"background-color":"var(--ast-global-color-5)","background-image":"","background-repeat":"repeat","background-position":"center center","background-size":"auto","background-attachment":"scroll","background-type":"","background-media":"","overlay-type":"","overlay-color":"","overlay-opacity":"","overlay-gradient":""},"tablet":{"background-color":"var(--ast-global-color-5)","background-image":"","background-repeat":"repeat","background-position":"center center","background-size":"auto","background-attachment":"scroll","background-type":"","background-media":"","overlay-type":"","overlay-color":"","overlay-opacity":"","overlay-gradient":""},"mobile":{"background-color":"var(--ast-global-color-5)","background-image":"","background-repeat":"repeat","background-position":"center center","background-size":"auto","background-attachment":"scroll","background-type":"","background-media":"","overlay-type":"","overlay-color":"","overlay-opacity":"","overlay-gradient":""}},"footnotes":""},"categories":[8,68],"tags":[526],"class_list":["post-16449","post","type-post","status-publish","format-standard","has-post-thumbnail","hentry","category-edomex","category-seguridad","tag-edomex"],"yoast_head":"<!-- This site is optimized with the Yoast SEO plugin v27.4 - https:\/\/yoast.com\/product\/yoast-seo-wordpress\/ -->\n<title>Editorial No nos callar\u00e1n - Agencia252<\/title>\n<meta name=\"robots\" content=\"index, follow, max-snippet:-1, max-image-preview:large, max-video-preview:-1\" \/>\n<link rel=\"canonical\" href=\"https:\/\/agencia.252.com.mx\/home\/editorial-no-nos-callaran\/\" \/>\n<meta property=\"og:locale\" content=\"es_ES\" \/>\n<meta property=\"og:type\" content=\"article\" \/>\n<meta property=\"og:title\" content=\"Editorial No nos callar\u00e1n - Agencia252\" \/>\n<meta property=\"og:description\" content=\"Visitas: 29 La delincuencia y los grupos organizados en el pa\u00eds y, de manera particular en el Estado de M\u00e9xico, desean \u201cuna zona de silencio\u201d informativo. Las autoridades de los tres ordenes de gobierno seguramente no previnieron los efectos que podr\u00eda traer para el periodismo en M\u00e9xico los acontecimientos donde fue abatido El Mencho, y [&hellip;]\" \/>\n<meta property=\"og:url\" content=\"https:\/\/agencia.252.com.mx\/home\/editorial-no-nos-callaran\/\" \/>\n<meta property=\"og:site_name\" content=\"Agencia252\" \/>\n<meta property=\"article:publisher\" content=\"https:\/\/www.facebook.com\/252Comunicacion\/\" \/>\n<meta property=\"article:author\" content=\"https:\/\/www.facebook.com\/jcorroherrera\/\" \/>\n<meta property=\"article:published_time\" content=\"2026-03-02T17:27:53+00:00\" \/>\n<meta property=\"article:modified_time\" content=\"2026-03-02T19:17:47+00:00\" \/>\n<meta property=\"og:image\" content=\"http:\/\/agencia.252.com.mx\/wp-content\/uploads\/2026\/03\/Captura-de-Pantalla-2026-02-27-a-las-16.07.32.png\" \/>\n\t<meta property=\"og:image:width\" content=\"1256\" \/>\n\t<meta property=\"og:image:height\" content=\"375\" \/>\n\t<meta property=\"og:image:type\" content=\"image\/png\" \/>\n<meta name=\"author\" content=\"Nacho Corro\" \/>\n<meta name=\"twitter:card\" content=\"summary_large_image\" \/>\n<meta name=\"twitter:creator\" content=\"@Juan Ignacio Corro Herrera\" \/>\n<meta name=\"twitter:site\" content=\"@252COMS\" \/>\n<meta name=\"twitter:label1\" content=\"Escrito por\" \/>\n\t<meta name=\"twitter:data1\" content=\"Nacho Corro\" \/>\n\t<meta name=\"twitter:label2\" content=\"Tiempo de lectura\" \/>\n\t<meta name=\"twitter:data2\" content=\"4 minutos\" \/>\n<script type=\"application\/ld+json\" class=\"yoast-schema-graph\">{\"@context\":\"https:\\\/\\\/schema.org\",\"@graph\":[{\"@type\":\"Article\",\"@id\":\"https:\\\/\\\/agencia.252.com.mx\\\/home\\\/editorial-no-nos-callaran\\\/#article\",\"isPartOf\":{\"@id\":\"https:\\\/\\\/agencia.252.com.mx\\\/home\\\/editorial-no-nos-callaran\\\/\"},\"author\":{\"name\":\"Nacho Corro\",\"@id\":\"https:\\\/\\\/agencia.252.com.mx\\\/home\\\/#\\\/schema\\\/person\\\/6b972021e9a92d45ade8c78d81509098\"},\"headline\":\"Editorial No nos callar\u00e1n\",\"datePublished\":\"2026-03-02T17:27:53+00:00\",\"dateModified\":\"2026-03-02T19:17:47+00:00\",\"mainEntityOfPage\":{\"@id\":\"https:\\\/\\\/agencia.252.com.mx\\\/home\\\/editorial-no-nos-callaran\\\/\"},\"wordCount\":703,\"commentCount\":0,\"publisher\":{\"@id\":\"https:\\\/\\\/agencia.252.com.mx\\\/home\\\/#organization\"},\"image\":{\"@id\":\"https:\\\/\\\/agencia.252.com.mx\\\/home\\\/editorial-no-nos-callaran\\\/#primaryimage\"},\"thumbnailUrl\":\"https:\\\/\\\/agencia.252.com.mx\\\/wp-content\\\/uploads\\\/2026\\\/03\\\/Captura-de-Pantalla-2026-02-27-a-las-16.07.32.png\",\"keywords\":[\"Edomex\"],\"articleSection\":[\"Edomex\",\"Seguridad\"],\"inLanguage\":\"es\",\"potentialAction\":[{\"@type\":\"CommentAction\",\"name\":\"Comment\",\"target\":[\"https:\\\/\\\/agencia.252.com.mx\\\/home\\\/editorial-no-nos-callaran\\\/#respond\"]}]},{\"@type\":\"WebPage\",\"@id\":\"https:\\\/\\\/agencia.252.com.mx\\\/home\\\/editorial-no-nos-callaran\\\/\",\"url\":\"https:\\\/\\\/agencia.252.com.mx\\\/home\\\/editorial-no-nos-callaran\\\/\",\"name\":\"Editorial No nos callar\u00e1n - Agencia252\",\"isPartOf\":{\"@id\":\"https:\\\/\\\/agencia.252.com.mx\\\/home\\\/#website\"},\"primaryImageOfPage\":{\"@id\":\"https:\\\/\\\/agencia.252.com.mx\\\/home\\\/editorial-no-nos-callaran\\\/#primaryimage\"},\"image\":{\"@id\":\"https:\\\/\\\/agencia.252.com.mx\\\/home\\\/editorial-no-nos-callaran\\\/#primaryimage\"},\"thumbnailUrl\":\"https:\\\/\\\/agencia.252.com.mx\\\/wp-content\\\/uploads\\\/2026\\\/03\\\/Captura-de-Pantalla-2026-02-27-a-las-16.07.32.png\",\"datePublished\":\"2026-03-02T17:27:53+00:00\",\"dateModified\":\"2026-03-02T19:17:47+00:00\",\"breadcrumb\":{\"@id\":\"https:\\\/\\\/agencia.252.com.mx\\\/home\\\/editorial-no-nos-callaran\\\/#breadcrumb\"},\"inLanguage\":\"es\",\"potentialAction\":[{\"@type\":\"ReadAction\",\"target\":[\"https:\\\/\\\/agencia.252.com.mx\\\/home\\\/editorial-no-nos-callaran\\\/\"]}]},{\"@type\":\"ImageObject\",\"inLanguage\":\"es\",\"@id\":\"https:\\\/\\\/agencia.252.com.mx\\\/home\\\/editorial-no-nos-callaran\\\/#primaryimage\",\"url\":\"https:\\\/\\\/agencia.252.com.mx\\\/wp-content\\\/uploads\\\/2026\\\/03\\\/Captura-de-Pantalla-2026-02-27-a-las-16.07.32.png\",\"contentUrl\":\"https:\\\/\\\/agencia.252.com.mx\\\/wp-content\\\/uploads\\\/2026\\\/03\\\/Captura-de-Pantalla-2026-02-27-a-las-16.07.32.png\",\"width\":1256,\"height\":375},{\"@type\":\"BreadcrumbList\",\"@id\":\"https:\\\/\\\/agencia.252.com.mx\\\/home\\\/editorial-no-nos-callaran\\\/#breadcrumb\",\"itemListElement\":[{\"@type\":\"ListItem\",\"position\":1,\"name\":\"Portada\",\"item\":\"https:\\\/\\\/agencia.252.com.mx\\\/home\\\/\"},{\"@type\":\"ListItem\",\"position\":2,\"name\":\"Editorial No nos callar\u00e1n\"}]},{\"@type\":\"WebSite\",\"@id\":\"https:\\\/\\\/agencia.252.com.mx\\\/home\\\/#website\",\"url\":\"https:\\\/\\\/agencia.252.com.mx\\\/home\\\/\",\"name\":\"Agencia252\",\"description\":\"Tu espacio en la Red\",\"publisher\":{\"@id\":\"https:\\\/\\\/agencia.252.com.mx\\\/home\\\/#organization\"},\"potentialAction\":[{\"@type\":\"SearchAction\",\"target\":{\"@type\":\"EntryPoint\",\"urlTemplate\":\"https:\\\/\\\/agencia.252.com.mx\\\/home\\\/?s={search_term_string}\"},\"query-input\":{\"@type\":\"PropertyValueSpecification\",\"valueRequired\":true,\"valueName\":\"search_term_string\"}}],\"inLanguage\":\"es\"},{\"@type\":\"Organization\",\"@id\":\"https:\\\/\\\/agencia.252.com.mx\\\/home\\\/#organization\",\"name\":\"Agencia252\",\"url\":\"https:\\\/\\\/agencia.252.com.mx\\\/home\\\/\",\"logo\":{\"@type\":\"ImageObject\",\"inLanguage\":\"es\",\"@id\":\"https:\\\/\\\/agencia.252.com.mx\\\/home\\\/#\\\/schema\\\/logo\\\/image\\\/\",\"url\":\"https:\\\/\\\/agencia.252.com.mx\\\/wp-content\\\/uploads\\\/2023\\\/02\\\/cropped-ciruclo-agencia-e1677562404136.png\",\"contentUrl\":\"https:\\\/\\\/agencia.252.com.mx\\\/wp-content\\\/uploads\\\/2023\\\/02\\\/cropped-ciruclo-agencia-e1677562404136.png\",\"width\":512,\"height\":512,\"caption\":\"Agencia252\"},\"image\":{\"@id\":\"https:\\\/\\\/agencia.252.com.mx\\\/home\\\/#\\\/schema\\\/logo\\\/image\\\/\"},\"sameAs\":[\"https:\\\/\\\/www.facebook.com\\\/252Comunicacion\\\/\",\"https:\\\/\\\/x.com\\\/252COMS\"]},{\"@type\":\"Person\",\"@id\":\"https:\\\/\\\/agencia.252.com.mx\\\/home\\\/#\\\/schema\\\/person\\\/6b972021e9a92d45ade8c78d81509098\",\"name\":\"Nacho Corro\",\"image\":{\"@type\":\"ImageObject\",\"inLanguage\":\"es\",\"@id\":\"https:\\\/\\\/secure.gravatar.com\\\/avatar\\\/5db6df507cfe1307e192fbb498c6b85f1cf2ffd8b4cd37141b9eea588fcbd5a4?s=96&r=g\",\"url\":\"https:\\\/\\\/secure.gravatar.com\\\/avatar\\\/5db6df507cfe1307e192fbb498c6b85f1cf2ffd8b4cd37141b9eea588fcbd5a4?s=96&r=g\",\"contentUrl\":\"https:\\\/\\\/secure.gravatar.com\\\/avatar\\\/5db6df507cfe1307e192fbb498c6b85f1cf2ffd8b4cd37141b9eea588fcbd5a4?s=96&r=g\",\"caption\":\"Nacho Corro\"},\"description\":\"Comunicador Social, Periodista y Administraci\u00f3n P\u00fablica. Conversador pol\u00edtico, temas electorales y seguridad. Generador de contenidos digitales. Amante de la fotograf\u00eda\",\"sameAs\":[\"https:\\\/\\\/www.facebook.com\\\/jcorroherrera\\\/\",\"www.instagram.com\\\/nachocorro\\\/\",\"https:\\\/\\\/x.com\\\/Juan Ignacio Corro Herrera\"],\"url\":\"https:\\\/\\\/agencia.252.com.mx\\\/home\\\/author\\\/i-corro\\\/\"}]}<\/script>\n<!-- \/ Yoast SEO plugin. -->","yoast_head_json":{"title":"Editorial No nos callar\u00e1n - Agencia252","robots":{"index":"index","follow":"follow","max-snippet":"max-snippet:-1","max-image-preview":"max-image-preview:large","max-video-preview":"max-video-preview:-1"},"canonical":"https:\/\/agencia.252.com.mx\/home\/editorial-no-nos-callaran\/","og_locale":"es_ES","og_type":"article","og_title":"Editorial No nos callar\u00e1n - Agencia252","og_description":"Visitas: 29 La delincuencia y los grupos organizados en el pa\u00eds y, de manera particular en el Estado de M\u00e9xico, desean \u201cuna zona de silencio\u201d informativo. Las autoridades de los tres ordenes de gobierno seguramente no previnieron los efectos que podr\u00eda traer para el periodismo en M\u00e9xico los acontecimientos donde fue abatido El Mencho, y [&hellip;]","og_url":"https:\/\/agencia.252.com.mx\/home\/editorial-no-nos-callaran\/","og_site_name":"Agencia252","article_publisher":"https:\/\/www.facebook.com\/252Comunicacion\/","article_author":"https:\/\/www.facebook.com\/jcorroherrera\/","article_published_time":"2026-03-02T17:27:53+00:00","article_modified_time":"2026-03-02T19:17:47+00:00","og_image":[{"width":1256,"height":375,"url":"http:\/\/agencia.252.com.mx\/wp-content\/uploads\/2026\/03\/Captura-de-Pantalla-2026-02-27-a-las-16.07.32.png","type":"image\/png"}],"author":"Nacho Corro","twitter_card":"summary_large_image","twitter_creator":"@Juan Ignacio Corro Herrera","twitter_site":"@252COMS","twitter_misc":{"Escrito por":"Nacho Corro","Tiempo de lectura":"4 minutos"},"schema":{"@context":"https:\/\/schema.org","@graph":[{"@type":"Article","@id":"https:\/\/agencia.252.com.mx\/home\/editorial-no-nos-callaran\/#article","isPartOf":{"@id":"https:\/\/agencia.252.com.mx\/home\/editorial-no-nos-callaran\/"},"author":{"name":"Nacho Corro","@id":"https:\/\/agencia.252.com.mx\/home\/#\/schema\/person\/6b972021e9a92d45ade8c78d81509098"},"headline":"Editorial No nos callar\u00e1n","datePublished":"2026-03-02T17:27:53+00:00","dateModified":"2026-03-02T19:17:47+00:00","mainEntityOfPage":{"@id":"https:\/\/agencia.252.com.mx\/home\/editorial-no-nos-callaran\/"},"wordCount":703,"commentCount":0,"publisher":{"@id":"https:\/\/agencia.252.com.mx\/home\/#organization"},"image":{"@id":"https:\/\/agencia.252.com.mx\/home\/editorial-no-nos-callaran\/#primaryimage"},"thumbnailUrl":"https:\/\/agencia.252.com.mx\/wp-content\/uploads\/2026\/03\/Captura-de-Pantalla-2026-02-27-a-las-16.07.32.png","keywords":["Edomex"],"articleSection":["Edomex","Seguridad"],"inLanguage":"es","potentialAction":[{"@type":"CommentAction","name":"Comment","target":["https:\/\/agencia.252.com.mx\/home\/editorial-no-nos-callaran\/#respond"]}]},{"@type":"WebPage","@id":"https:\/\/agencia.252.com.mx\/home\/editorial-no-nos-callaran\/","url":"https:\/\/agencia.252.com.mx\/home\/editorial-no-nos-callaran\/","name":"Editorial No nos callar\u00e1n - Agencia252","isPartOf":{"@id":"https:\/\/agencia.252.com.mx\/home\/#website"},"primaryImageOfPage":{"@id":"https:\/\/agencia.252.com.mx\/home\/editorial-no-nos-callaran\/#primaryimage"},"image":{"@id":"https:\/\/agencia.252.com.mx\/home\/editorial-no-nos-callaran\/#primaryimage"},"thumbnailUrl":"https:\/\/agencia.252.com.mx\/wp-content\/uploads\/2026\/03\/Captura-de-Pantalla-2026-02-27-a-las-16.07.32.png","datePublished":"2026-03-02T17:27:53+00:00","dateModified":"2026-03-02T19:17:47+00:00","breadcrumb":{"@id":"https:\/\/agencia.252.com.mx\/home\/editorial-no-nos-callaran\/#breadcrumb"},"inLanguage":"es","potentialAction":[{"@type":"ReadAction","target":["https:\/\/agencia.252.com.mx\/home\/editorial-no-nos-callaran\/"]}]},{"@type":"ImageObject","inLanguage":"es","@id":"https:\/\/agencia.252.com.mx\/home\/editorial-no-nos-callaran\/#primaryimage","url":"https:\/\/agencia.252.com.mx\/wp-content\/uploads\/2026\/03\/Captura-de-Pantalla-2026-02-27-a-las-16.07.32.png","contentUrl":"https:\/\/agencia.252.com.mx\/wp-content\/uploads\/2026\/03\/Captura-de-Pantalla-2026-02-27-a-las-16.07.32.png","width":1256,"height":375},{"@type":"BreadcrumbList","@id":"https:\/\/agencia.252.com.mx\/home\/editorial-no-nos-callaran\/#breadcrumb","itemListElement":[{"@type":"ListItem","position":1,"name":"Portada","item":"https:\/\/agencia.252.com.mx\/home\/"},{"@type":"ListItem","position":2,"name":"Editorial No nos callar\u00e1n"}]},{"@type":"WebSite","@id":"https:\/\/agencia.252.com.mx\/home\/#website","url":"https:\/\/agencia.252.com.mx\/home\/","name":"Agencia252","description":"Tu espacio en la Red","publisher":{"@id":"https:\/\/agencia.252.com.mx\/home\/#organization"},"potentialAction":[{"@type":"SearchAction","target":{"@type":"EntryPoint","urlTemplate":"https:\/\/agencia.252.com.mx\/home\/?s={search_term_string}"},"query-input":{"@type":"PropertyValueSpecification","valueRequired":true,"valueName":"search_term_string"}}],"inLanguage":"es"},{"@type":"Organization","@id":"https:\/\/agencia.252.com.mx\/home\/#organization","name":"Agencia252","url":"https:\/\/agencia.252.com.mx\/home\/","logo":{"@type":"ImageObject","inLanguage":"es","@id":"https:\/\/agencia.252.com.mx\/home\/#\/schema\/logo\/image\/","url":"https:\/\/agencia.252.com.mx\/wp-content\/uploads\/2023\/02\/cropped-ciruclo-agencia-e1677562404136.png","contentUrl":"https:\/\/agencia.252.com.mx\/wp-content\/uploads\/2023\/02\/cropped-ciruclo-agencia-e1677562404136.png","width":512,"height":512,"caption":"Agencia252"},"image":{"@id":"https:\/\/agencia.252.com.mx\/home\/#\/schema\/logo\/image\/"},"sameAs":["https:\/\/www.facebook.com\/252Comunicacion\/","https:\/\/x.com\/252COMS"]},{"@type":"Person","@id":"https:\/\/agencia.252.com.mx\/home\/#\/schema\/person\/6b972021e9a92d45ade8c78d81509098","name":"Nacho Corro","image":{"@type":"ImageObject","inLanguage":"es","@id":"https:\/\/secure.gravatar.com\/avatar\/5db6df507cfe1307e192fbb498c6b85f1cf2ffd8b4cd37141b9eea588fcbd5a4?s=96&r=g","url":"https:\/\/secure.gravatar.com\/avatar\/5db6df507cfe1307e192fbb498c6b85f1cf2ffd8b4cd37141b9eea588fcbd5a4?s=96&r=g","contentUrl":"https:\/\/secure.gravatar.com\/avatar\/5db6df507cfe1307e192fbb498c6b85f1cf2ffd8b4cd37141b9eea588fcbd5a4?s=96&r=g","caption":"Nacho Corro"},"description":"Comunicador Social, Periodista y Administraci\u00f3n P\u00fablica. Conversador pol\u00edtico, temas electorales y seguridad. Generador de contenidos digitales. Amante de la fotograf\u00eda","sameAs":["https:\/\/www.facebook.com\/jcorroherrera\/","www.instagram.com\/nachocorro\/","https:\/\/x.com\/Juan Ignacio Corro Herrera"],"url":"https:\/\/agencia.252.com.mx\/home\/author\/i-corro\/"}]}},"_links":{"self":[{"href":"https:\/\/agencia.252.com.mx\/home\/wp-json\/wp\/v2\/posts\/16449","targetHints":{"allow":["GET"]}}],"collection":[{"href":"https:\/\/agencia.252.com.mx\/home\/wp-json\/wp\/v2\/posts"}],"about":[{"href":"https:\/\/agencia.252.com.mx\/home\/wp-json\/wp\/v2\/types\/post"}],"author":[{"embeddable":true,"href":"https:\/\/agencia.252.com.mx\/home\/wp-json\/wp\/v2\/users\/5"}],"replies":[{"embeddable":true,"href":"https:\/\/agencia.252.com.mx\/home\/wp-json\/wp\/v2\/comments?post=16449"}],"version-history":[{"count":6,"href":"https:\/\/agencia.252.com.mx\/home\/wp-json\/wp\/v2\/posts\/16449\/revisions"}],"predecessor-version":[{"id":16460,"href":"https:\/\/agencia.252.com.mx\/home\/wp-json\/wp\/v2\/posts\/16449\/revisions\/16460"}],"wp:featuredmedia":[{"embeddable":true,"href":"https:\/\/agencia.252.com.mx\/home\/wp-json\/wp\/v2\/media\/16450"}],"wp:attachment":[{"href":"https:\/\/agencia.252.com.mx\/home\/wp-json\/wp\/v2\/media?parent=16449"}],"wp:term":[{"taxonomy":"category","embeddable":true,"href":"https:\/\/agencia.252.com.mx\/home\/wp-json\/wp\/v2\/categories?post=16449"},{"taxonomy":"post_tag","embeddable":true,"href":"https:\/\/agencia.252.com.mx\/home\/wp-json\/wp\/v2\/tags?post=16449"}],"curies":[{"name":"wp","href":"https:\/\/api.w.org\/{rel}","templated":true}]}}