{"id":16442,"date":"2026-03-01T16:38:07","date_gmt":"2026-03-01T22:38:07","guid":{"rendered":"https:\/\/agencia.252.com.mx\/home\/?p=16442"},"modified":"2026-03-02T09:13:57","modified_gmt":"2026-03-02T15:13:57","slug":"alcaldia-y-ssc-recuperan-espacios-publicos-en-primer-cuadro-de-coyoacan","status":"publish","type":"post","link":"https:\/\/agencia.252.com.mx\/home\/alcaldia-y-ssc-recuperan-espacios-publicos-en-primer-cuadro-de-coyoacan\/","title":{"rendered":"Alcald\u00eda y SSC recuperan espacios p\u00fablicos en primer cuadro de Coyoac\u00e1n"},"content":{"rendered":"<p>Visitas: 15<\/p>\n<ul class=\"wp-block-list\">\n<li><em>Se despliegan 31 equipos con elementos de Vialidad, de Escudo Coyoac\u00e1n y personal de v\u00eda p\u00fablica para recuperar espacios en el primer cuadro de la demarcaci\u00f3n.<\/em><\/li>\n\n\n\n<li><em>Se infracciona veh\u00edculos mal estacionados, se retiran motocicletas de lugares prohibidos para estacionamiento y se inhibe la presencia de los llamados \u201cfraneleros\u201d.<\/em><\/li>\n\n\n\n<li><em>\u201cTrabajamos en coordinaci\u00f3n porque ese es nuestro compromiso en el servicio p\u00fablico, dar resultados para todas y todos\u201d: Giovani Guti\u00e9rrez Aguilar.<\/em><\/li>\n<\/ul>\n\n\n\n<p>Juan Ignacio Corro<\/p>\n\n\n\n<p class=\"has-text-align-right\">Ciudad de M\u00e9xico, a 1 de marzo de 2026<\/p>\n\n\n\n<p>Con un despliegue de estado de fuerza de m\u00e1s de 31 equipos integrados por elementos de la Secretar\u00eda de Seguridad Ciudadana, de Vialidad, as\u00ed como de Escudo Coyoac\u00e1n y personal de v\u00eda p\u00fablica, se llev\u00f3 a cabo un dispositivo de seguridad para recuperar el espacio p\u00fablico, inhibir actos delictivos y aplicar infracciones por violaciones al reglamento de tr\u00e1nsito.<\/p>\n\n\n\n<p>Esta semana acudi\u00f3 personal de la SSC a la alcald\u00eda Coyoac\u00e1n en donde, de manera coordinada, se realiz\u00f3 una acci\u00f3n planeada para el retiro de bienes mostrencos, desalentar la presencia de los llamados franeleros, as\u00ed como retirar veh\u00edculos mal estacionados que obstru\u00edan rampas, accesos o el paso peatonal en las banquetas.<\/p>\n\n\n\n<figure class=\"wp-block-image alignright size-medium\"><img fetchpriority=\"high\" decoding=\"async\" width=\"300\" height=\"200\" src=\"https:\/\/agencia.252.com.mx\/wp-content\/uploads\/2026\/03\/WhatsApp-Image-2026-03-01-at-1.42.45-PM-300x200.jpeg\" alt=\"\" class=\"wp-image-16444\" srcset=\"https:\/\/agencia.252.com.mx\/wp-content\/uploads\/2026\/03\/WhatsApp-Image-2026-03-01-at-1.42.45-PM-300x200.jpeg 300w, https:\/\/agencia.252.com.mx\/wp-content\/uploads\/2026\/03\/WhatsApp-Image-2026-03-01-at-1.42.45-PM-1024x682.jpeg 1024w, https:\/\/agencia.252.com.mx\/wp-content\/uploads\/2026\/03\/WhatsApp-Image-2026-03-01-at-1.42.45-PM-768x512.jpeg 768w, https:\/\/agencia.252.com.mx\/wp-content\/uploads\/2026\/03\/WhatsApp-Image-2026-03-01-at-1.42.45-PM-1536x1023.jpeg 1536w, https:\/\/agencia.252.com.mx\/wp-content\/uploads\/2026\/03\/WhatsApp-Image-2026-03-01-at-1.42.45-PM.jpeg 1600w\" sizes=\"(max-width: 300px) 100vw, 300px\" \/><\/figure>\n\n\n\n<p>Fue en el pol\u00edgono que conforman las avenidas Miguel \u00c1ngel de Quevedo, Divisi\u00f3n del Norte, Av. Universidad y Av. Churubusco, se realizaron recorridos de manera transversal y se hizo especial \u00e9nfasis en el centro hist\u00f3rico de Coyoac\u00e1n en donde se realiz\u00f3 un \u201cbarrido\u201d de seguridad en donde se retiraron objetos que obstru\u00edan vialidades, pasos peatonales, rampas u objetos que ocupaban un carril y entorpec\u00edan el tr\u00e1nsito.<\/p>\n\n\n\n<p>En este dispositivo se cont\u00f3 con la presencia del director general de Control de Tr\u00e1nsito, Comisario Roberto Carlos R\u00edos Mart\u00ednez, con indicativo Rayo, as\u00ed como el Subinspector, \u00c1ngel Garc\u00eda Delgadillo, con indicativo Rayo 4-3 con 30 elementos m\u00e1s de personal y 10 unidades de la SSC.<\/p>\n\n\n\n<p>Por parte de la Polic\u00eda Auxiliar el oficial Edgar Miguel Anguiano Vel\u00e1zquez, segundo comandante del destacamento 2, con indicativo Alce 2-1 con un estado de fuerza de 25 elementos y 12 unidades.<\/p>\n\n\n\n<p>De igual manera particip\u00f3 la Polic\u00eda Auxiliar asignada a la demarcaci\u00f3n a cargo de la directora general de Seguridad Ciudadana, Aurora Monserrat Cruz Ram\u00edrez, con indicativo Hera.<\/p>\n\n\n\n<p>En total se retiraron mediante el uso de la g\u00f3ndola 40 motocicletas trasladadas al dep\u00f3sito vehicular, \u2018Fuerte de Loreto, as\u00ed como 5 juegos de placas retiradas, 50 amonestaciones verbales, as\u00ed como el retiro de una tonelada de enseres y acciones en todo el primer cuadro para inhibir la presencia de los llamados franeleros.<\/p>\n","protected":false},"excerpt":{"rendered":"<p>Visitas: 15 Juan Ignacio Corro Ciudad de M\u00e9xico, a 1 de marzo de 2026 Con un despliegue de estado de fuerza de m\u00e1s de 31 equipos integrados por elementos de la Secretar\u00eda de Seguridad Ciudadana, de Vialidad, as\u00ed como de Escudo Coyoac\u00e1n y personal de v\u00eda p\u00fablica, se llev\u00f3 a cabo un dispositivo de seguridad [&hellip;]<\/p>\n","protected":false},"author":5,"featured_media":16446,"comment_status":"open","ping_status":"open","sticky":false,"template":"","format":"standard","meta":{"site-sidebar-layout":"default","site-content-layout":"","ast-site-content-layout":"default","site-content-style":"default","site-sidebar-style":"default","ast-global-header-display":"","ast-banner-title-visibility":"","ast-main-header-display":"","ast-hfb-above-header-display":"","ast-hfb-below-header-display":"","ast-hfb-mobile-header-display":"","site-post-title":"","ast-breadcrumbs-content":"","ast-featured-img":"","footer-sml-layout":"","ast-disable-related-posts":"","theme-transparent-header-meta":"","adv-header-id-meta":"","stick-header-meta":"","header-above-stick-meta":"","header-main-stick-meta":"","header-below-stick-meta":"","astra-migrate-meta-layouts":"set","ast-page-background-enabled":"default","ast-page-background-meta":{"desktop":{"background-color":"var(--ast-global-color-4)","background-image":"","background-repeat":"repeat","background-position":"center center","background-size":"auto","background-attachment":"scroll","background-type":"","background-media":"","overlay-type":"","overlay-color":"","overlay-opacity":"","overlay-gradient":""},"tablet":{"background-color":"","background-image":"","background-repeat":"repeat","background-position":"center center","background-size":"auto","background-attachment":"scroll","background-type":"","background-media":"","overlay-type":"","overlay-color":"","overlay-opacity":"","overlay-gradient":""},"mobile":{"background-color":"","background-image":"","background-repeat":"repeat","background-position":"center center","background-size":"auto","background-attachment":"scroll","background-type":"","background-media":"","overlay-type":"","overlay-color":"","overlay-opacity":"","overlay-gradient":""}},"ast-content-background-meta":{"desktop":{"background-color":"var(--ast-global-color-5)","background-image":"","background-repeat":"repeat","background-position":"center center","background-size":"auto","background-attachment":"scroll","background-type":"","background-media":"","overlay-type":"","overlay-color":"","overlay-opacity":"","overlay-gradient":""},"tablet":{"background-color":"var(--ast-global-color-5)","background-image":"","background-repeat":"repeat","background-position":"center center","background-size":"auto","background-attachment":"scroll","background-type":"","background-media":"","overlay-type":"","overlay-color":"","overlay-opacity":"","overlay-gradient":""},"mobile":{"background-color":"var(--ast-global-color-5)","background-image":"","background-repeat":"repeat","background-position":"center center","background-size":"auto","background-attachment":"scroll","background-type":"","background-media":"","overlay-type":"","overlay-color":"","overlay-opacity":"","overlay-gradient":""}},"footnotes":""},"categories":[69,512,68],"tags":[535],"class_list":["post-16442","post","type-post","status-publish","format-standard","has-post-thumbnail","hentry","category-cdmx","category-metropoli","category-seguridad","tag-cdmx"],"yoast_head":"<!-- This site is optimized with the Yoast SEO plugin v27.4 - https:\/\/yoast.com\/product\/yoast-seo-wordpress\/ -->\n<title>Alcald\u00eda y SSC recuperan espacios p\u00fablicos en primer cuadro de Coyoac\u00e1n - Agencia252<\/title>\n<meta name=\"robots\" content=\"index, follow, max-snippet:-1, max-image-preview:large, max-video-preview:-1\" \/>\n<link rel=\"canonical\" href=\"https:\/\/agencia.252.com.mx\/home\/alcaldia-y-ssc-recuperan-espacios-publicos-en-primer-cuadro-de-coyoacan\/\" \/>\n<meta property=\"og:locale\" content=\"es_ES\" \/>\n<meta property=\"og:type\" content=\"article\" \/>\n<meta property=\"og:title\" content=\"Alcald\u00eda y SSC recuperan espacios p\u00fablicos en primer cuadro de Coyoac\u00e1n - Agencia252\" \/>\n<meta property=\"og:description\" content=\"Visitas: 15 Juan Ignacio Corro Ciudad de M\u00e9xico, a 1 de marzo de 2026 Con un despliegue de estado de fuerza de m\u00e1s de 31 equipos integrados por elementos de la Secretar\u00eda de Seguridad Ciudadana, de Vialidad, as\u00ed como de Escudo Coyoac\u00e1n y personal de v\u00eda p\u00fablica, se llev\u00f3 a cabo un dispositivo de seguridad [&hellip;]\" \/>\n<meta property=\"og:url\" content=\"https:\/\/agencia.252.com.mx\/home\/alcaldia-y-ssc-recuperan-espacios-publicos-en-primer-cuadro-de-coyoacan\/\" \/>\n<meta property=\"og:site_name\" content=\"Agencia252\" \/>\n<meta property=\"article:publisher\" content=\"https:\/\/www.facebook.com\/252Comunicacion\/\" \/>\n<meta property=\"article:author\" content=\"https:\/\/www.facebook.com\/jcorroherrera\/\" \/>\n<meta property=\"article:published_time\" content=\"2026-03-01T22:38:07+00:00\" \/>\n<meta property=\"article:modified_time\" content=\"2026-03-02T15:13:57+00:00\" \/>\n<meta property=\"og:image\" content=\"https:\/\/agencia.252.com.mx\/wp-content\/uploads\/2026\/03\/WhatsApp-Image-2026-03-01-at-1.42.48-PM.jpeg\" \/>\n\t<meta property=\"og:image:width\" content=\"1600\" \/>\n\t<meta property=\"og:image:height\" content=\"1066\" \/>\n\t<meta property=\"og:image:type\" content=\"image\/jpeg\" \/>\n<meta name=\"author\" content=\"Nacho Corro\" \/>\n<meta name=\"twitter:card\" content=\"summary_large_image\" \/>\n<meta name=\"twitter:creator\" content=\"@Juan Ignacio Corro Herrera\" \/>\n<meta name=\"twitter:site\" content=\"@252COMS\" \/>\n<meta name=\"twitter:label1\" content=\"Escrito por\" \/>\n\t<meta name=\"twitter:data1\" content=\"Nacho Corro\" \/>\n\t<meta name=\"twitter:label2\" content=\"Tiempo de lectura\" \/>\n\t<meta name=\"twitter:data2\" content=\"3 minutos\" \/>\n<script type=\"application\/ld+json\" class=\"yoast-schema-graph\">{\"@context\":\"https:\\\/\\\/schema.org\",\"@graph\":[{\"@type\":\"Article\",\"@id\":\"https:\\\/\\\/agencia.252.com.mx\\\/home\\\/alcaldia-y-ssc-recuperan-espacios-publicos-en-primer-cuadro-de-coyoacan\\\/#article\",\"isPartOf\":{\"@id\":\"https:\\\/\\\/agencia.252.com.mx\\\/home\\\/alcaldia-y-ssc-recuperan-espacios-publicos-en-primer-cuadro-de-coyoacan\\\/\"},\"author\":{\"name\":\"Nacho Corro\",\"@id\":\"https:\\\/\\\/agencia.252.com.mx\\\/home\\\/#\\\/schema\\\/person\\\/6b972021e9a92d45ade8c78d81509098\"},\"headline\":\"Alcald\u00eda y SSC recuperan espacios p\u00fablicos en primer cuadro de Coyoac\u00e1n\",\"datePublished\":\"2026-03-01T22:38:07+00:00\",\"dateModified\":\"2026-03-02T15:13:57+00:00\",\"mainEntityOfPage\":{\"@id\":\"https:\\\/\\\/agencia.252.com.mx\\\/home\\\/alcaldia-y-ssc-recuperan-espacios-publicos-en-primer-cuadro-de-coyoacan\\\/\"},\"wordCount\":456,\"commentCount\":0,\"publisher\":{\"@id\":\"https:\\\/\\\/agencia.252.com.mx\\\/home\\\/#organization\"},\"image\":{\"@id\":\"https:\\\/\\\/agencia.252.com.mx\\\/home\\\/alcaldia-y-ssc-recuperan-espacios-publicos-en-primer-cuadro-de-coyoacan\\\/#primaryimage\"},\"thumbnailUrl\":\"https:\\\/\\\/agencia.252.com.mx\\\/wp-content\\\/uploads\\\/2026\\\/03\\\/WhatsApp-Image-2026-03-01-at-1.42.48-PM.jpeg\",\"keywords\":[\"CDMX\"],\"articleSection\":[\"CDMX\",\"Metropoli\",\"Seguridad\"],\"inLanguage\":\"es\",\"potentialAction\":[{\"@type\":\"CommentAction\",\"name\":\"Comment\",\"target\":[\"https:\\\/\\\/agencia.252.com.mx\\\/home\\\/alcaldia-y-ssc-recuperan-espacios-publicos-en-primer-cuadro-de-coyoacan\\\/#respond\"]}]},{\"@type\":\"WebPage\",\"@id\":\"https:\\\/\\\/agencia.252.com.mx\\\/home\\\/alcaldia-y-ssc-recuperan-espacios-publicos-en-primer-cuadro-de-coyoacan\\\/\",\"url\":\"https:\\\/\\\/agencia.252.com.mx\\\/home\\\/alcaldia-y-ssc-recuperan-espacios-publicos-en-primer-cuadro-de-coyoacan\\\/\",\"name\":\"Alcald\u00eda y SSC recuperan espacios p\u00fablicos en primer cuadro de Coyoac\u00e1n - Agencia252\",\"isPartOf\":{\"@id\":\"https:\\\/\\\/agencia.252.com.mx\\\/home\\\/#website\"},\"primaryImageOfPage\":{\"@id\":\"https:\\\/\\\/agencia.252.com.mx\\\/home\\\/alcaldia-y-ssc-recuperan-espacios-publicos-en-primer-cuadro-de-coyoacan\\\/#primaryimage\"},\"image\":{\"@id\":\"https:\\\/\\\/agencia.252.com.mx\\\/home\\\/alcaldia-y-ssc-recuperan-espacios-publicos-en-primer-cuadro-de-coyoacan\\\/#primaryimage\"},\"thumbnailUrl\":\"https:\\\/\\\/agencia.252.com.mx\\\/wp-content\\\/uploads\\\/2026\\\/03\\\/WhatsApp-Image-2026-03-01-at-1.42.48-PM.jpeg\",\"datePublished\":\"2026-03-01T22:38:07+00:00\",\"dateModified\":\"2026-03-02T15:13:57+00:00\",\"breadcrumb\":{\"@id\":\"https:\\\/\\\/agencia.252.com.mx\\\/home\\\/alcaldia-y-ssc-recuperan-espacios-publicos-en-primer-cuadro-de-coyoacan\\\/#breadcrumb\"},\"inLanguage\":\"es\",\"potentialAction\":[{\"@type\":\"ReadAction\",\"target\":[\"https:\\\/\\\/agencia.252.com.mx\\\/home\\\/alcaldia-y-ssc-recuperan-espacios-publicos-en-primer-cuadro-de-coyoacan\\\/\"]}]},{\"@type\":\"ImageObject\",\"inLanguage\":\"es\",\"@id\":\"https:\\\/\\\/agencia.252.com.mx\\\/home\\\/alcaldia-y-ssc-recuperan-espacios-publicos-en-primer-cuadro-de-coyoacan\\\/#primaryimage\",\"url\":\"https:\\\/\\\/agencia.252.com.mx\\\/wp-content\\\/uploads\\\/2026\\\/03\\\/WhatsApp-Image-2026-03-01-at-1.42.48-PM.jpeg\",\"contentUrl\":\"https:\\\/\\\/agencia.252.com.mx\\\/wp-content\\\/uploads\\\/2026\\\/03\\\/WhatsApp-Image-2026-03-01-at-1.42.48-PM.jpeg\",\"width\":1600,\"height\":1066},{\"@type\":\"BreadcrumbList\",\"@id\":\"https:\\\/\\\/agencia.252.com.mx\\\/home\\\/alcaldia-y-ssc-recuperan-espacios-publicos-en-primer-cuadro-de-coyoacan\\\/#breadcrumb\",\"itemListElement\":[{\"@type\":\"ListItem\",\"position\":1,\"name\":\"Portada\",\"item\":\"https:\\\/\\\/agencia.252.com.mx\\\/home\\\/\"},{\"@type\":\"ListItem\",\"position\":2,\"name\":\"Alcald\u00eda y SSC recuperan espacios p\u00fablicos en primer cuadro de Coyoac\u00e1n\"}]},{\"@type\":\"WebSite\",\"@id\":\"https:\\\/\\\/agencia.252.com.mx\\\/home\\\/#website\",\"url\":\"https:\\\/\\\/agencia.252.com.mx\\\/home\\\/\",\"name\":\"Agencia252\",\"description\":\"Tu espacio en la Red\",\"publisher\":{\"@id\":\"https:\\\/\\\/agencia.252.com.mx\\\/home\\\/#organization\"},\"potentialAction\":[{\"@type\":\"SearchAction\",\"target\":{\"@type\":\"EntryPoint\",\"urlTemplate\":\"https:\\\/\\\/agencia.252.com.mx\\\/home\\\/?s={search_term_string}\"},\"query-input\":{\"@type\":\"PropertyValueSpecification\",\"valueRequired\":true,\"valueName\":\"search_term_string\"}}],\"inLanguage\":\"es\"},{\"@type\":\"Organization\",\"@id\":\"https:\\\/\\\/agencia.252.com.mx\\\/home\\\/#organization\",\"name\":\"Agencia252\",\"url\":\"https:\\\/\\\/agencia.252.com.mx\\\/home\\\/\",\"logo\":{\"@type\":\"ImageObject\",\"inLanguage\":\"es\",\"@id\":\"https:\\\/\\\/agencia.252.com.mx\\\/home\\\/#\\\/schema\\\/logo\\\/image\\\/\",\"url\":\"https:\\\/\\\/agencia.252.com.mx\\\/wp-content\\\/uploads\\\/2023\\\/02\\\/cropped-ciruclo-agencia-e1677562404136.png\",\"contentUrl\":\"https:\\\/\\\/agencia.252.com.mx\\\/wp-content\\\/uploads\\\/2023\\\/02\\\/cropped-ciruclo-agencia-e1677562404136.png\",\"width\":512,\"height\":512,\"caption\":\"Agencia252\"},\"image\":{\"@id\":\"https:\\\/\\\/agencia.252.com.mx\\\/home\\\/#\\\/schema\\\/logo\\\/image\\\/\"},\"sameAs\":[\"https:\\\/\\\/www.facebook.com\\\/252Comunicacion\\\/\",\"https:\\\/\\\/x.com\\\/252COMS\"]},{\"@type\":\"Person\",\"@id\":\"https:\\\/\\\/agencia.252.com.mx\\\/home\\\/#\\\/schema\\\/person\\\/6b972021e9a92d45ade8c78d81509098\",\"name\":\"Nacho Corro\",\"image\":{\"@type\":\"ImageObject\",\"inLanguage\":\"es\",\"@id\":\"https:\\\/\\\/secure.gravatar.com\\\/avatar\\\/5db6df507cfe1307e192fbb498c6b85f1cf2ffd8b4cd37141b9eea588fcbd5a4?s=96&r=g\",\"url\":\"https:\\\/\\\/secure.gravatar.com\\\/avatar\\\/5db6df507cfe1307e192fbb498c6b85f1cf2ffd8b4cd37141b9eea588fcbd5a4?s=96&r=g\",\"contentUrl\":\"https:\\\/\\\/secure.gravatar.com\\\/avatar\\\/5db6df507cfe1307e192fbb498c6b85f1cf2ffd8b4cd37141b9eea588fcbd5a4?s=96&r=g\",\"caption\":\"Nacho Corro\"},\"description\":\"Comunicador Social, Periodista y Administraci\u00f3n P\u00fablica. Conversador pol\u00edtico, temas electorales y seguridad. Generador de contenidos digitales. Amante de la fotograf\u00eda\",\"sameAs\":[\"https:\\\/\\\/www.facebook.com\\\/jcorroherrera\\\/\",\"www.instagram.com\\\/nachocorro\\\/\",\"https:\\\/\\\/x.com\\\/Juan Ignacio Corro Herrera\"],\"url\":\"https:\\\/\\\/agencia.252.com.mx\\\/home\\\/author\\\/i-corro\\\/\"}]}<\/script>\n<!-- \/ Yoast SEO plugin. -->","yoast_head_json":{"title":"Alcald\u00eda y SSC recuperan espacios p\u00fablicos en primer cuadro de Coyoac\u00e1n - Agencia252","robots":{"index":"index","follow":"follow","max-snippet":"max-snippet:-1","max-image-preview":"max-image-preview:large","max-video-preview":"max-video-preview:-1"},"canonical":"https:\/\/agencia.252.com.mx\/home\/alcaldia-y-ssc-recuperan-espacios-publicos-en-primer-cuadro-de-coyoacan\/","og_locale":"es_ES","og_type":"article","og_title":"Alcald\u00eda y SSC recuperan espacios p\u00fablicos en primer cuadro de Coyoac\u00e1n - Agencia252","og_description":"Visitas: 15 Juan Ignacio Corro Ciudad de M\u00e9xico, a 1 de marzo de 2026 Con un despliegue de estado de fuerza de m\u00e1s de 31 equipos integrados por elementos de la Secretar\u00eda de Seguridad Ciudadana, de Vialidad, as\u00ed como de Escudo Coyoac\u00e1n y personal de v\u00eda p\u00fablica, se llev\u00f3 a cabo un dispositivo de seguridad [&hellip;]","og_url":"https:\/\/agencia.252.com.mx\/home\/alcaldia-y-ssc-recuperan-espacios-publicos-en-primer-cuadro-de-coyoacan\/","og_site_name":"Agencia252","article_publisher":"https:\/\/www.facebook.com\/252Comunicacion\/","article_author":"https:\/\/www.facebook.com\/jcorroherrera\/","article_published_time":"2026-03-01T22:38:07+00:00","article_modified_time":"2026-03-02T15:13:57+00:00","og_image":[{"width":1600,"height":1066,"url":"https:\/\/agencia.252.com.mx\/wp-content\/uploads\/2026\/03\/WhatsApp-Image-2026-03-01-at-1.42.48-PM.jpeg","type":"image\/jpeg"}],"author":"Nacho Corro","twitter_card":"summary_large_image","twitter_creator":"@Juan Ignacio Corro Herrera","twitter_site":"@252COMS","twitter_misc":{"Escrito por":"Nacho Corro","Tiempo de lectura":"3 minutos"},"schema":{"@context":"https:\/\/schema.org","@graph":[{"@type":"Article","@id":"https:\/\/agencia.252.com.mx\/home\/alcaldia-y-ssc-recuperan-espacios-publicos-en-primer-cuadro-de-coyoacan\/#article","isPartOf":{"@id":"https:\/\/agencia.252.com.mx\/home\/alcaldia-y-ssc-recuperan-espacios-publicos-en-primer-cuadro-de-coyoacan\/"},"author":{"name":"Nacho Corro","@id":"https:\/\/agencia.252.com.mx\/home\/#\/schema\/person\/6b972021e9a92d45ade8c78d81509098"},"headline":"Alcald\u00eda y SSC recuperan espacios p\u00fablicos en primer cuadro de Coyoac\u00e1n","datePublished":"2026-03-01T22:38:07+00:00","dateModified":"2026-03-02T15:13:57+00:00","mainEntityOfPage":{"@id":"https:\/\/agencia.252.com.mx\/home\/alcaldia-y-ssc-recuperan-espacios-publicos-en-primer-cuadro-de-coyoacan\/"},"wordCount":456,"commentCount":0,"publisher":{"@id":"https:\/\/agencia.252.com.mx\/home\/#organization"},"image":{"@id":"https:\/\/agencia.252.com.mx\/home\/alcaldia-y-ssc-recuperan-espacios-publicos-en-primer-cuadro-de-coyoacan\/#primaryimage"},"thumbnailUrl":"https:\/\/agencia.252.com.mx\/wp-content\/uploads\/2026\/03\/WhatsApp-Image-2026-03-01-at-1.42.48-PM.jpeg","keywords":["CDMX"],"articleSection":["CDMX","Metropoli","Seguridad"],"inLanguage":"es","potentialAction":[{"@type":"CommentAction","name":"Comment","target":["https:\/\/agencia.252.com.mx\/home\/alcaldia-y-ssc-recuperan-espacios-publicos-en-primer-cuadro-de-coyoacan\/#respond"]}]},{"@type":"WebPage","@id":"https:\/\/agencia.252.com.mx\/home\/alcaldia-y-ssc-recuperan-espacios-publicos-en-primer-cuadro-de-coyoacan\/","url":"https:\/\/agencia.252.com.mx\/home\/alcaldia-y-ssc-recuperan-espacios-publicos-en-primer-cuadro-de-coyoacan\/","name":"Alcald\u00eda y SSC recuperan espacios p\u00fablicos en primer cuadro de Coyoac\u00e1n - Agencia252","isPartOf":{"@id":"https:\/\/agencia.252.com.mx\/home\/#website"},"primaryImageOfPage":{"@id":"https:\/\/agencia.252.com.mx\/home\/alcaldia-y-ssc-recuperan-espacios-publicos-en-primer-cuadro-de-coyoacan\/#primaryimage"},"image":{"@id":"https:\/\/agencia.252.com.mx\/home\/alcaldia-y-ssc-recuperan-espacios-publicos-en-primer-cuadro-de-coyoacan\/#primaryimage"},"thumbnailUrl":"https:\/\/agencia.252.com.mx\/wp-content\/uploads\/2026\/03\/WhatsApp-Image-2026-03-01-at-1.42.48-PM.jpeg","datePublished":"2026-03-01T22:38:07+00:00","dateModified":"2026-03-02T15:13:57+00:00","breadcrumb":{"@id":"https:\/\/agencia.252.com.mx\/home\/alcaldia-y-ssc-recuperan-espacios-publicos-en-primer-cuadro-de-coyoacan\/#breadcrumb"},"inLanguage":"es","potentialAction":[{"@type":"ReadAction","target":["https:\/\/agencia.252.com.mx\/home\/alcaldia-y-ssc-recuperan-espacios-publicos-en-primer-cuadro-de-coyoacan\/"]}]},{"@type":"ImageObject","inLanguage":"es","@id":"https:\/\/agencia.252.com.mx\/home\/alcaldia-y-ssc-recuperan-espacios-publicos-en-primer-cuadro-de-coyoacan\/#primaryimage","url":"https:\/\/agencia.252.com.mx\/wp-content\/uploads\/2026\/03\/WhatsApp-Image-2026-03-01-at-1.42.48-PM.jpeg","contentUrl":"https:\/\/agencia.252.com.mx\/wp-content\/uploads\/2026\/03\/WhatsApp-Image-2026-03-01-at-1.42.48-PM.jpeg","width":1600,"height":1066},{"@type":"BreadcrumbList","@id":"https:\/\/agencia.252.com.mx\/home\/alcaldia-y-ssc-recuperan-espacios-publicos-en-primer-cuadro-de-coyoacan\/#breadcrumb","itemListElement":[{"@type":"ListItem","position":1,"name":"Portada","item":"https:\/\/agencia.252.com.mx\/home\/"},{"@type":"ListItem","position":2,"name":"Alcald\u00eda y SSC recuperan espacios p\u00fablicos en primer cuadro de Coyoac\u00e1n"}]},{"@type":"WebSite","@id":"https:\/\/agencia.252.com.mx\/home\/#website","url":"https:\/\/agencia.252.com.mx\/home\/","name":"Agencia252","description":"Tu espacio en la Red","publisher":{"@id":"https:\/\/agencia.252.com.mx\/home\/#organization"},"potentialAction":[{"@type":"SearchAction","target":{"@type":"EntryPoint","urlTemplate":"https:\/\/agencia.252.com.mx\/home\/?s={search_term_string}"},"query-input":{"@type":"PropertyValueSpecification","valueRequired":true,"valueName":"search_term_string"}}],"inLanguage":"es"},{"@type":"Organization","@id":"https:\/\/agencia.252.com.mx\/home\/#organization","name":"Agencia252","url":"https:\/\/agencia.252.com.mx\/home\/","logo":{"@type":"ImageObject","inLanguage":"es","@id":"https:\/\/agencia.252.com.mx\/home\/#\/schema\/logo\/image\/","url":"https:\/\/agencia.252.com.mx\/wp-content\/uploads\/2023\/02\/cropped-ciruclo-agencia-e1677562404136.png","contentUrl":"https:\/\/agencia.252.com.mx\/wp-content\/uploads\/2023\/02\/cropped-ciruclo-agencia-e1677562404136.png","width":512,"height":512,"caption":"Agencia252"},"image":{"@id":"https:\/\/agencia.252.com.mx\/home\/#\/schema\/logo\/image\/"},"sameAs":["https:\/\/www.facebook.com\/252Comunicacion\/","https:\/\/x.com\/252COMS"]},{"@type":"Person","@id":"https:\/\/agencia.252.com.mx\/home\/#\/schema\/person\/6b972021e9a92d45ade8c78d81509098","name":"Nacho Corro","image":{"@type":"ImageObject","inLanguage":"es","@id":"https:\/\/secure.gravatar.com\/avatar\/5db6df507cfe1307e192fbb498c6b85f1cf2ffd8b4cd37141b9eea588fcbd5a4?s=96&r=g","url":"https:\/\/secure.gravatar.com\/avatar\/5db6df507cfe1307e192fbb498c6b85f1cf2ffd8b4cd37141b9eea588fcbd5a4?s=96&r=g","contentUrl":"https:\/\/secure.gravatar.com\/avatar\/5db6df507cfe1307e192fbb498c6b85f1cf2ffd8b4cd37141b9eea588fcbd5a4?s=96&r=g","caption":"Nacho Corro"},"description":"Comunicador Social, Periodista y Administraci\u00f3n P\u00fablica. Conversador pol\u00edtico, temas electorales y seguridad. Generador de contenidos digitales. Amante de la fotograf\u00eda","sameAs":["https:\/\/www.facebook.com\/jcorroherrera\/","www.instagram.com\/nachocorro\/","https:\/\/x.com\/Juan Ignacio Corro Herrera"],"url":"https:\/\/agencia.252.com.mx\/home\/author\/i-corro\/"}]}},"_links":{"self":[{"href":"https:\/\/agencia.252.com.mx\/home\/wp-json\/wp\/v2\/posts\/16442","targetHints":{"allow":["GET"]}}],"collection":[{"href":"https:\/\/agencia.252.com.mx\/home\/wp-json\/wp\/v2\/posts"}],"about":[{"href":"https:\/\/agencia.252.com.mx\/home\/wp-json\/wp\/v2\/types\/post"}],"author":[{"embeddable":true,"href":"https:\/\/agencia.252.com.mx\/home\/wp-json\/wp\/v2\/users\/5"}],"replies":[{"embeddable":true,"href":"https:\/\/agencia.252.com.mx\/home\/wp-json\/wp\/v2\/comments?post=16442"}],"version-history":[{"count":2,"href":"https:\/\/agencia.252.com.mx\/home\/wp-json\/wp\/v2\/posts\/16442\/revisions"}],"predecessor-version":[{"id":16448,"href":"https:\/\/agencia.252.com.mx\/home\/wp-json\/wp\/v2\/posts\/16442\/revisions\/16448"}],"wp:featuredmedia":[{"embeddable":true,"href":"https:\/\/agencia.252.com.mx\/home\/wp-json\/wp\/v2\/media\/16446"}],"wp:attachment":[{"href":"https:\/\/agencia.252.com.mx\/home\/wp-json\/wp\/v2\/media?parent=16442"}],"wp:term":[{"taxonomy":"category","embeddable":true,"href":"https:\/\/agencia.252.com.mx\/home\/wp-json\/wp\/v2\/categories?post=16442"},{"taxonomy":"post_tag","embeddable":true,"href":"https:\/\/agencia.252.com.mx\/home\/wp-json\/wp\/v2\/tags?post=16442"}],"curies":[{"name":"wp","href":"https:\/\/api.w.org\/{rel}","templated":true}]}}