{"id":16437,"date":"2026-03-01T16:30:11","date_gmt":"2026-03-01T22:30:11","guid":{"rendered":"https:\/\/agencia.252.com.mx\/home\/?p=16437"},"modified":"2026-03-01T16:30:13","modified_gmt":"2026-03-01T22:30:13","slug":"forma-issemym-personal-medico-con-especialidades-egresan-196-residentes","status":"publish","type":"post","link":"https:\/\/agencia.252.com.mx\/home\/forma-issemym-personal-medico-con-especialidades-egresan-196-residentes\/","title":{"rendered":"Forma ISSEMYM personal m\u00e9dico con especialidades; egresan 196 residentes"},"content":{"rendered":"<p>Visitas: 15<\/p>\n<ul class=\"wp-block-list\">\n<li><em>Su formaci\u00f3n apunta a especialidades clave para atender pacientes con c\u00e1ncer, enfermedades del adulto y adulto mayor, as\u00ed como mujeres embarazadas, ni\u00f1as, ni\u00f1os y beb\u00e9s.<\/em><\/li>\n<\/ul>\n\n\n\n<p>Juan Ignacio Corro<\/p>\n\n\n\n<p class=\"has-text-align-right\">Metepec, Estado de M\u00e9xico, a 1 de marzo de 2026<\/p>\n\n\n\n<p>Con el egreso de 196 m\u00e9dicos residentes de especialidad y programas de alta especialidad del Instituto de Seguridad Social del Estado de M\u00e9xico y Municipios (ISSEMYM), el Gobierno del Estado de M\u00e9xico avanza de manera significativa en la formaci\u00f3n de nuevos especialistas para fortalecer la atenci\u00f3n m\u00e9dica.<\/p>\n\n\n\n<p>Las y los egresados corresponden a \u00e1reas clave de la salud, dedicadas a la atenci\u00f3n de pacientes con c\u00e1ncer, enfermedades del adulto y adulto mayor, as\u00ed como mujeres embarazadas, ni\u00f1as, ni\u00f1os y beb\u00e9s. Entre ellas: anestesiolog\u00eda, cardiolog\u00eda, cirug\u00eda general, cirug\u00eda de t\u00f3rax, cirug\u00eda cr\u00e1neo facial, ginecolog\u00eda y obstetricia, urolog\u00eda, cirug\u00eda oncol\u00f3gica, imagenolog\u00eda diagn\u00f3stica y terap\u00e9utica, cirug\u00eda pedi\u00e1trica, cirug\u00eda de columna, cirug\u00eda pl\u00e1stica y reconstructiva, oncolog\u00eda m\u00e9dica, cardiolog\u00eda intervencionista, entre otras.<\/p>\n\n\n\n<figure class=\"wp-block-image alignright size-medium\"><img fetchpriority=\"high\" decoding=\"async\" width=\"300\" height=\"200\" src=\"https:\/\/agencia.252.com.mx\/wp-content\/uploads\/2026\/03\/w2_13558_5-300x200.jpeg\" alt=\"\" class=\"wp-image-16439\" srcset=\"https:\/\/agencia.252.com.mx\/wp-content\/uploads\/2026\/03\/w2_13558_5-300x200.jpeg 300w, https:\/\/agencia.252.com.mx\/wp-content\/uploads\/2026\/03\/w2_13558_5-1024x682.jpeg 1024w, https:\/\/agencia.252.com.mx\/wp-content\/uploads\/2026\/03\/w2_13558_5-768x512.jpeg 768w, https:\/\/agencia.252.com.mx\/wp-content\/uploads\/2026\/03\/w2_13558_5.jpeg 1280w\" sizes=\"(max-width: 300px) 100vw, 300px\" \/><\/figure>\n\n\n\n<p>El Director General del ISSEMYM, Ignacio Salgado Garc\u00eda, al presidir la ceremonia de graduaci\u00f3n, promoci\u00f3n 2026, en el \u201cTeatro Quimera de Metepec\u201d, se\u00f1al\u00f3 que, con 42 a\u00f1os de formar nuevas y nuevos especialistas, el Instituto se consolida como una instituci\u00f3n de excelencia acad\u00e9mica y m\u00e9dica.<\/p>\n\n\n\n<p>Destac\u00f3 que, las y los egresados se integran a un sistema de salud que hoy se fortalece con talento altamente capacitado y comprometido, \u201cHoy inicia una nueva etapa de mayor responsabilidad: el deber de cuidar la salud de la poblaci\u00f3n es una de las m\u00e1s altas responsabilidades que puede asumir a todo y cada uno de los seres humanos. En este camino, nos inspira la visi\u00f3n de nuestra Gobernadora Constitucional del Estado de M\u00e9xico, la Maestra Delfina G\u00f3mez \u00c1lvarez, quien ha hecho de El Poder de Servir no solo un lema, sino una convicci\u00f3n profunda\u201d.<\/p>\n\n\n\n<p>A la fecha, se cuenta con 660 m\u00e9dicos residentes en 24 especialidades y cinco posgrados de alta especialidad, con aval acad\u00e9mico de la m\u00e1xima casa de estudios del pa\u00eds, la Universidad Nacional Aut\u00f3noma de M\u00e9xico y de la Universidad Aut\u00f3noma del Estado de M\u00e9xico, regulados por la Comisi\u00f3n Interinstitucional para la Formaci\u00f3n de Recursos Humanos para la Salud.<\/p>\n\n\n\n<p>En siete sedes hospitalarias: Centro M\u00e9dico \u201cLic. Arturo Montiel Rojas\u201d, Centro M\u00e9dico ISSEMYM Ecatepec, Centro Oncol\u00f3gico Estatal, Hospital Regional Tlalnepantla, Hospital Materno Infantil, Hospital Regional Toluca y Hospital Regional Nezahualc\u00f3yotl.<\/p>\n\n\n\n<p>El evento cont\u00f3 con la destacada presencia de C\u00e9sar Humberto Botello Ort\u00edz, Director de Educaci\u00f3n e Investigaci\u00f3n en Salud; Ira\u00ed Albarr\u00e1n Segura, Presidenta Honoraria del Sistema Municipal DIF Metepec; Jos\u00e9 Alfreso Mercado Velasco, Director de Estudios Avanzados de la UAEM\u00e9x; Maricela Malv\u00e1ez Rosales del Consejo Mexiquense de Ciencia y Tecnolog\u00eda; as\u00ed como Estela Miguel Aguilar, m\u00e9dica residente de la Especialidad en Imagenolog\u00eda Diagn\u00f3stica y Terap\u00e9utica del Centro M\u00e9dico ISSEMYM Ecatepec.<\/p>\n","protected":false},"excerpt":{"rendered":"<p>Visitas: 15 Juan Ignacio Corro Metepec, Estado de M\u00e9xico, a 1 de marzo de 2026 Con el egreso de 196 m\u00e9dicos residentes de especialidad y programas de alta especialidad del Instituto de Seguridad Social del Estado de M\u00e9xico y Municipios (ISSEMYM), el Gobierno del Estado de M\u00e9xico avanza de manera significativa en la formaci\u00f3n de [&hellip;]<\/p>\n","protected":false},"author":5,"featured_media":16438,"comment_status":"open","ping_status":"open","sticky":false,"template":"","format":"standard","meta":{"site-sidebar-layout":"default","site-content-layout":"","ast-site-content-layout":"default","site-content-style":"default","site-sidebar-style":"default","ast-global-header-display":"","ast-banner-title-visibility":"","ast-main-header-display":"","ast-hfb-above-header-display":"","ast-hfb-below-header-display":"","ast-hfb-mobile-header-display":"","site-post-title":"","ast-breadcrumbs-content":"","ast-featured-img":"","footer-sml-layout":"","ast-disable-related-posts":"","theme-transparent-header-meta":"","adv-header-id-meta":"","stick-header-meta":"","header-above-stick-meta":"","header-main-stick-meta":"","header-below-stick-meta":"","astra-migrate-meta-layouts":"set","ast-page-background-enabled":"default","ast-page-background-meta":{"desktop":{"background-color":"var(--ast-global-color-4)","background-image":"","background-repeat":"repeat","background-position":"center center","background-size":"auto","background-attachment":"scroll","background-type":"","background-media":"","overlay-type":"","overlay-color":"","overlay-opacity":"","overlay-gradient":""},"tablet":{"background-color":"","background-image":"","background-repeat":"repeat","background-position":"center center","background-size":"auto","background-attachment":"scroll","background-type":"","background-media":"","overlay-type":"","overlay-color":"","overlay-opacity":"","overlay-gradient":""},"mobile":{"background-color":"","background-image":"","background-repeat":"repeat","background-position":"center center","background-size":"auto","background-attachment":"scroll","background-type":"","background-media":"","overlay-type":"","overlay-color":"","overlay-opacity":"","overlay-gradient":""}},"ast-content-background-meta":{"desktop":{"background-color":"var(--ast-global-color-5)","background-image":"","background-repeat":"repeat","background-position":"center center","background-size":"auto","background-attachment":"scroll","background-type":"","background-media":"","overlay-type":"","overlay-color":"","overlay-opacity":"","overlay-gradient":""},"tablet":{"background-color":"var(--ast-global-color-5)","background-image":"","background-repeat":"repeat","background-position":"center center","background-size":"auto","background-attachment":"scroll","background-type":"","background-media":"","overlay-type":"","overlay-color":"","overlay-opacity":"","overlay-gradient":""},"mobile":{"background-color":"var(--ast-global-color-5)","background-image":"","background-repeat":"repeat","background-position":"center center","background-size":"auto","background-attachment":"scroll","background-type":"","background-media":"","overlay-type":"","overlay-color":"","overlay-opacity":"","overlay-gradient":""}},"footnotes":""},"categories":[8,512,200,68],"tags":[526],"class_list":["post-16437","post","type-post","status-publish","format-standard","has-post-thumbnail","hentry","category-edomex","category-metropoli","category-salud","category-seguridad","tag-edomex"],"yoast_head":"<!-- This site is optimized with the Yoast SEO plugin v27.4 - https:\/\/yoast.com\/product\/yoast-seo-wordpress\/ -->\n<title>Forma ISSEMYM personal m\u00e9dico con especialidades; egresan 196 residentes - Agencia252<\/title>\n<meta name=\"robots\" content=\"index, follow, max-snippet:-1, max-image-preview:large, max-video-preview:-1\" \/>\n<link rel=\"canonical\" href=\"https:\/\/agencia.252.com.mx\/home\/forma-issemym-personal-medico-con-especialidades-egresan-196-residentes\/\" \/>\n<meta property=\"og:locale\" content=\"es_ES\" \/>\n<meta property=\"og:type\" content=\"article\" \/>\n<meta property=\"og:title\" content=\"Forma ISSEMYM personal m\u00e9dico con especialidades; egresan 196 residentes - Agencia252\" \/>\n<meta property=\"og:description\" content=\"Visitas: 15 Juan Ignacio Corro Metepec, Estado de M\u00e9xico, a 1 de marzo de 2026 Con el egreso de 196 m\u00e9dicos residentes de especialidad y programas de alta especialidad del Instituto de Seguridad Social del Estado de M\u00e9xico y Municipios (ISSEMYM), el Gobierno del Estado de M\u00e9xico avanza de manera significativa en la formaci\u00f3n de [&hellip;]\" \/>\n<meta property=\"og:url\" content=\"https:\/\/agencia.252.com.mx\/home\/forma-issemym-personal-medico-con-especialidades-egresan-196-residentes\/\" \/>\n<meta property=\"og:site_name\" content=\"Agencia252\" \/>\n<meta property=\"article:publisher\" content=\"https:\/\/www.facebook.com\/252Comunicacion\/\" \/>\n<meta property=\"article:author\" content=\"https:\/\/www.facebook.com\/jcorroherrera\/\" \/>\n<meta property=\"article:published_time\" content=\"2026-03-01T22:30:11+00:00\" \/>\n<meta property=\"article:modified_time\" content=\"2026-03-01T22:30:13+00:00\" \/>\n<meta property=\"og:image\" content=\"http:\/\/agencia.252.com.mx\/wp-content\/uploads\/2026\/03\/w2_13558_3.jpeg\" \/>\n\t<meta property=\"og:image:width\" content=\"1600\" \/>\n\t<meta property=\"og:image:height\" content=\"1066\" \/>\n\t<meta property=\"og:image:type\" content=\"image\/jpeg\" \/>\n<meta name=\"author\" content=\"Nacho Corro\" \/>\n<meta name=\"twitter:card\" content=\"summary_large_image\" \/>\n<meta name=\"twitter:creator\" content=\"@Juan Ignacio Corro Herrera\" \/>\n<meta name=\"twitter:site\" content=\"@252COMS\" \/>\n<meta name=\"twitter:label1\" content=\"Escrito por\" \/>\n\t<meta name=\"twitter:data1\" content=\"Nacho Corro\" \/>\n\t<meta name=\"twitter:label2\" content=\"Tiempo de lectura\" \/>\n\t<meta name=\"twitter:data2\" content=\"3 minutos\" \/>\n<script type=\"application\/ld+json\" class=\"yoast-schema-graph\">{\"@context\":\"https:\\\/\\\/schema.org\",\"@graph\":[{\"@type\":\"Article\",\"@id\":\"https:\\\/\\\/agencia.252.com.mx\\\/home\\\/forma-issemym-personal-medico-con-especialidades-egresan-196-residentes\\\/#article\",\"isPartOf\":{\"@id\":\"https:\\\/\\\/agencia.252.com.mx\\\/home\\\/forma-issemym-personal-medico-con-especialidades-egresan-196-residentes\\\/\"},\"author\":{\"name\":\"Nacho Corro\",\"@id\":\"https:\\\/\\\/agencia.252.com.mx\\\/home\\\/#\\\/schema\\\/person\\\/6b972021e9a92d45ade8c78d81509098\"},\"headline\":\"Forma ISSEMYM personal m\u00e9dico con especialidades; egresan 196 residentes\",\"datePublished\":\"2026-03-01T22:30:11+00:00\",\"dateModified\":\"2026-03-01T22:30:13+00:00\",\"mainEntityOfPage\":{\"@id\":\"https:\\\/\\\/agencia.252.com.mx\\\/home\\\/forma-issemym-personal-medico-con-especialidades-egresan-196-residentes\\\/\"},\"wordCount\":535,\"commentCount\":0,\"publisher\":{\"@id\":\"https:\\\/\\\/agencia.252.com.mx\\\/home\\\/#organization\"},\"image\":{\"@id\":\"https:\\\/\\\/agencia.252.com.mx\\\/home\\\/forma-issemym-personal-medico-con-especialidades-egresan-196-residentes\\\/#primaryimage\"},\"thumbnailUrl\":\"https:\\\/\\\/agencia.252.com.mx\\\/wp-content\\\/uploads\\\/2026\\\/03\\\/w2_13558_3.jpeg\",\"keywords\":[\"Edomex\"],\"articleSection\":[\"Edomex\",\"Metropoli\",\"salud\",\"Seguridad\"],\"inLanguage\":\"es\",\"potentialAction\":[{\"@type\":\"CommentAction\",\"name\":\"Comment\",\"target\":[\"https:\\\/\\\/agencia.252.com.mx\\\/home\\\/forma-issemym-personal-medico-con-especialidades-egresan-196-residentes\\\/#respond\"]}]},{\"@type\":\"WebPage\",\"@id\":\"https:\\\/\\\/agencia.252.com.mx\\\/home\\\/forma-issemym-personal-medico-con-especialidades-egresan-196-residentes\\\/\",\"url\":\"https:\\\/\\\/agencia.252.com.mx\\\/home\\\/forma-issemym-personal-medico-con-especialidades-egresan-196-residentes\\\/\",\"name\":\"Forma ISSEMYM personal m\u00e9dico con especialidades; egresan 196 residentes - Agencia252\",\"isPartOf\":{\"@id\":\"https:\\\/\\\/agencia.252.com.mx\\\/home\\\/#website\"},\"primaryImageOfPage\":{\"@id\":\"https:\\\/\\\/agencia.252.com.mx\\\/home\\\/forma-issemym-personal-medico-con-especialidades-egresan-196-residentes\\\/#primaryimage\"},\"image\":{\"@id\":\"https:\\\/\\\/agencia.252.com.mx\\\/home\\\/forma-issemym-personal-medico-con-especialidades-egresan-196-residentes\\\/#primaryimage\"},\"thumbnailUrl\":\"https:\\\/\\\/agencia.252.com.mx\\\/wp-content\\\/uploads\\\/2026\\\/03\\\/w2_13558_3.jpeg\",\"datePublished\":\"2026-03-01T22:30:11+00:00\",\"dateModified\":\"2026-03-01T22:30:13+00:00\",\"breadcrumb\":{\"@id\":\"https:\\\/\\\/agencia.252.com.mx\\\/home\\\/forma-issemym-personal-medico-con-especialidades-egresan-196-residentes\\\/#breadcrumb\"},\"inLanguage\":\"es\",\"potentialAction\":[{\"@type\":\"ReadAction\",\"target\":[\"https:\\\/\\\/agencia.252.com.mx\\\/home\\\/forma-issemym-personal-medico-con-especialidades-egresan-196-residentes\\\/\"]}]},{\"@type\":\"ImageObject\",\"inLanguage\":\"es\",\"@id\":\"https:\\\/\\\/agencia.252.com.mx\\\/home\\\/forma-issemym-personal-medico-con-especialidades-egresan-196-residentes\\\/#primaryimage\",\"url\":\"https:\\\/\\\/agencia.252.com.mx\\\/wp-content\\\/uploads\\\/2026\\\/03\\\/w2_13558_3.jpeg\",\"contentUrl\":\"https:\\\/\\\/agencia.252.com.mx\\\/wp-content\\\/uploads\\\/2026\\\/03\\\/w2_13558_3.jpeg\",\"width\":1600,\"height\":1066},{\"@type\":\"BreadcrumbList\",\"@id\":\"https:\\\/\\\/agencia.252.com.mx\\\/home\\\/forma-issemym-personal-medico-con-especialidades-egresan-196-residentes\\\/#breadcrumb\",\"itemListElement\":[{\"@type\":\"ListItem\",\"position\":1,\"name\":\"Portada\",\"item\":\"https:\\\/\\\/agencia.252.com.mx\\\/home\\\/\"},{\"@type\":\"ListItem\",\"position\":2,\"name\":\"Forma ISSEMYM personal m\u00e9dico con especialidades; egresan 196 residentes\"}]},{\"@type\":\"WebSite\",\"@id\":\"https:\\\/\\\/agencia.252.com.mx\\\/home\\\/#website\",\"url\":\"https:\\\/\\\/agencia.252.com.mx\\\/home\\\/\",\"name\":\"Agencia252\",\"description\":\"Tu espacio en la Red\",\"publisher\":{\"@id\":\"https:\\\/\\\/agencia.252.com.mx\\\/home\\\/#organization\"},\"potentialAction\":[{\"@type\":\"SearchAction\",\"target\":{\"@type\":\"EntryPoint\",\"urlTemplate\":\"https:\\\/\\\/agencia.252.com.mx\\\/home\\\/?s={search_term_string}\"},\"query-input\":{\"@type\":\"PropertyValueSpecification\",\"valueRequired\":true,\"valueName\":\"search_term_string\"}}],\"inLanguage\":\"es\"},{\"@type\":\"Organization\",\"@id\":\"https:\\\/\\\/agencia.252.com.mx\\\/home\\\/#organization\",\"name\":\"Agencia252\",\"url\":\"https:\\\/\\\/agencia.252.com.mx\\\/home\\\/\",\"logo\":{\"@type\":\"ImageObject\",\"inLanguage\":\"es\",\"@id\":\"https:\\\/\\\/agencia.252.com.mx\\\/home\\\/#\\\/schema\\\/logo\\\/image\\\/\",\"url\":\"https:\\\/\\\/agencia.252.com.mx\\\/wp-content\\\/uploads\\\/2023\\\/02\\\/cropped-ciruclo-agencia-e1677562404136.png\",\"contentUrl\":\"https:\\\/\\\/agencia.252.com.mx\\\/wp-content\\\/uploads\\\/2023\\\/02\\\/cropped-ciruclo-agencia-e1677562404136.png\",\"width\":512,\"height\":512,\"caption\":\"Agencia252\"},\"image\":{\"@id\":\"https:\\\/\\\/agencia.252.com.mx\\\/home\\\/#\\\/schema\\\/logo\\\/image\\\/\"},\"sameAs\":[\"https:\\\/\\\/www.facebook.com\\\/252Comunicacion\\\/\",\"https:\\\/\\\/x.com\\\/252COMS\"]},{\"@type\":\"Person\",\"@id\":\"https:\\\/\\\/agencia.252.com.mx\\\/home\\\/#\\\/schema\\\/person\\\/6b972021e9a92d45ade8c78d81509098\",\"name\":\"Nacho Corro\",\"image\":{\"@type\":\"ImageObject\",\"inLanguage\":\"es\",\"@id\":\"https:\\\/\\\/secure.gravatar.com\\\/avatar\\\/5db6df507cfe1307e192fbb498c6b85f1cf2ffd8b4cd37141b9eea588fcbd5a4?s=96&r=g\",\"url\":\"https:\\\/\\\/secure.gravatar.com\\\/avatar\\\/5db6df507cfe1307e192fbb498c6b85f1cf2ffd8b4cd37141b9eea588fcbd5a4?s=96&r=g\",\"contentUrl\":\"https:\\\/\\\/secure.gravatar.com\\\/avatar\\\/5db6df507cfe1307e192fbb498c6b85f1cf2ffd8b4cd37141b9eea588fcbd5a4?s=96&r=g\",\"caption\":\"Nacho Corro\"},\"description\":\"Comunicador Social, Periodista y Administraci\u00f3n P\u00fablica. Conversador pol\u00edtico, temas electorales y seguridad. Generador de contenidos digitales. Amante de la fotograf\u00eda\",\"sameAs\":[\"https:\\\/\\\/www.facebook.com\\\/jcorroherrera\\\/\",\"www.instagram.com\\\/nachocorro\\\/\",\"https:\\\/\\\/x.com\\\/Juan Ignacio Corro Herrera\"],\"url\":\"https:\\\/\\\/agencia.252.com.mx\\\/home\\\/author\\\/i-corro\\\/\"}]}<\/script>\n<!-- \/ Yoast SEO plugin. -->","yoast_head_json":{"title":"Forma ISSEMYM personal m\u00e9dico con especialidades; egresan 196 residentes - Agencia252","robots":{"index":"index","follow":"follow","max-snippet":"max-snippet:-1","max-image-preview":"max-image-preview:large","max-video-preview":"max-video-preview:-1"},"canonical":"https:\/\/agencia.252.com.mx\/home\/forma-issemym-personal-medico-con-especialidades-egresan-196-residentes\/","og_locale":"es_ES","og_type":"article","og_title":"Forma ISSEMYM personal m\u00e9dico con especialidades; egresan 196 residentes - Agencia252","og_description":"Visitas: 15 Juan Ignacio Corro Metepec, Estado de M\u00e9xico, a 1 de marzo de 2026 Con el egreso de 196 m\u00e9dicos residentes de especialidad y programas de alta especialidad del Instituto de Seguridad Social del Estado de M\u00e9xico y Municipios (ISSEMYM), el Gobierno del Estado de M\u00e9xico avanza de manera significativa en la formaci\u00f3n de [&hellip;]","og_url":"https:\/\/agencia.252.com.mx\/home\/forma-issemym-personal-medico-con-especialidades-egresan-196-residentes\/","og_site_name":"Agencia252","article_publisher":"https:\/\/www.facebook.com\/252Comunicacion\/","article_author":"https:\/\/www.facebook.com\/jcorroherrera\/","article_published_time":"2026-03-01T22:30:11+00:00","article_modified_time":"2026-03-01T22:30:13+00:00","og_image":[{"width":1600,"height":1066,"url":"http:\/\/agencia.252.com.mx\/wp-content\/uploads\/2026\/03\/w2_13558_3.jpeg","type":"image\/jpeg"}],"author":"Nacho Corro","twitter_card":"summary_large_image","twitter_creator":"@Juan Ignacio Corro Herrera","twitter_site":"@252COMS","twitter_misc":{"Escrito por":"Nacho Corro","Tiempo de lectura":"3 minutos"},"schema":{"@context":"https:\/\/schema.org","@graph":[{"@type":"Article","@id":"https:\/\/agencia.252.com.mx\/home\/forma-issemym-personal-medico-con-especialidades-egresan-196-residentes\/#article","isPartOf":{"@id":"https:\/\/agencia.252.com.mx\/home\/forma-issemym-personal-medico-con-especialidades-egresan-196-residentes\/"},"author":{"name":"Nacho Corro","@id":"https:\/\/agencia.252.com.mx\/home\/#\/schema\/person\/6b972021e9a92d45ade8c78d81509098"},"headline":"Forma ISSEMYM personal m\u00e9dico con especialidades; egresan 196 residentes","datePublished":"2026-03-01T22:30:11+00:00","dateModified":"2026-03-01T22:30:13+00:00","mainEntityOfPage":{"@id":"https:\/\/agencia.252.com.mx\/home\/forma-issemym-personal-medico-con-especialidades-egresan-196-residentes\/"},"wordCount":535,"commentCount":0,"publisher":{"@id":"https:\/\/agencia.252.com.mx\/home\/#organization"},"image":{"@id":"https:\/\/agencia.252.com.mx\/home\/forma-issemym-personal-medico-con-especialidades-egresan-196-residentes\/#primaryimage"},"thumbnailUrl":"https:\/\/agencia.252.com.mx\/wp-content\/uploads\/2026\/03\/w2_13558_3.jpeg","keywords":["Edomex"],"articleSection":["Edomex","Metropoli","salud","Seguridad"],"inLanguage":"es","potentialAction":[{"@type":"CommentAction","name":"Comment","target":["https:\/\/agencia.252.com.mx\/home\/forma-issemym-personal-medico-con-especialidades-egresan-196-residentes\/#respond"]}]},{"@type":"WebPage","@id":"https:\/\/agencia.252.com.mx\/home\/forma-issemym-personal-medico-con-especialidades-egresan-196-residentes\/","url":"https:\/\/agencia.252.com.mx\/home\/forma-issemym-personal-medico-con-especialidades-egresan-196-residentes\/","name":"Forma ISSEMYM personal m\u00e9dico con especialidades; egresan 196 residentes - Agencia252","isPartOf":{"@id":"https:\/\/agencia.252.com.mx\/home\/#website"},"primaryImageOfPage":{"@id":"https:\/\/agencia.252.com.mx\/home\/forma-issemym-personal-medico-con-especialidades-egresan-196-residentes\/#primaryimage"},"image":{"@id":"https:\/\/agencia.252.com.mx\/home\/forma-issemym-personal-medico-con-especialidades-egresan-196-residentes\/#primaryimage"},"thumbnailUrl":"https:\/\/agencia.252.com.mx\/wp-content\/uploads\/2026\/03\/w2_13558_3.jpeg","datePublished":"2026-03-01T22:30:11+00:00","dateModified":"2026-03-01T22:30:13+00:00","breadcrumb":{"@id":"https:\/\/agencia.252.com.mx\/home\/forma-issemym-personal-medico-con-especialidades-egresan-196-residentes\/#breadcrumb"},"inLanguage":"es","potentialAction":[{"@type":"ReadAction","target":["https:\/\/agencia.252.com.mx\/home\/forma-issemym-personal-medico-con-especialidades-egresan-196-residentes\/"]}]},{"@type":"ImageObject","inLanguage":"es","@id":"https:\/\/agencia.252.com.mx\/home\/forma-issemym-personal-medico-con-especialidades-egresan-196-residentes\/#primaryimage","url":"https:\/\/agencia.252.com.mx\/wp-content\/uploads\/2026\/03\/w2_13558_3.jpeg","contentUrl":"https:\/\/agencia.252.com.mx\/wp-content\/uploads\/2026\/03\/w2_13558_3.jpeg","width":1600,"height":1066},{"@type":"BreadcrumbList","@id":"https:\/\/agencia.252.com.mx\/home\/forma-issemym-personal-medico-con-especialidades-egresan-196-residentes\/#breadcrumb","itemListElement":[{"@type":"ListItem","position":1,"name":"Portada","item":"https:\/\/agencia.252.com.mx\/home\/"},{"@type":"ListItem","position":2,"name":"Forma ISSEMYM personal m\u00e9dico con especialidades; egresan 196 residentes"}]},{"@type":"WebSite","@id":"https:\/\/agencia.252.com.mx\/home\/#website","url":"https:\/\/agencia.252.com.mx\/home\/","name":"Agencia252","description":"Tu espacio en la Red","publisher":{"@id":"https:\/\/agencia.252.com.mx\/home\/#organization"},"potentialAction":[{"@type":"SearchAction","target":{"@type":"EntryPoint","urlTemplate":"https:\/\/agencia.252.com.mx\/home\/?s={search_term_string}"},"query-input":{"@type":"PropertyValueSpecification","valueRequired":true,"valueName":"search_term_string"}}],"inLanguage":"es"},{"@type":"Organization","@id":"https:\/\/agencia.252.com.mx\/home\/#organization","name":"Agencia252","url":"https:\/\/agencia.252.com.mx\/home\/","logo":{"@type":"ImageObject","inLanguage":"es","@id":"https:\/\/agencia.252.com.mx\/home\/#\/schema\/logo\/image\/","url":"https:\/\/agencia.252.com.mx\/wp-content\/uploads\/2023\/02\/cropped-ciruclo-agencia-e1677562404136.png","contentUrl":"https:\/\/agencia.252.com.mx\/wp-content\/uploads\/2023\/02\/cropped-ciruclo-agencia-e1677562404136.png","width":512,"height":512,"caption":"Agencia252"},"image":{"@id":"https:\/\/agencia.252.com.mx\/home\/#\/schema\/logo\/image\/"},"sameAs":["https:\/\/www.facebook.com\/252Comunicacion\/","https:\/\/x.com\/252COMS"]},{"@type":"Person","@id":"https:\/\/agencia.252.com.mx\/home\/#\/schema\/person\/6b972021e9a92d45ade8c78d81509098","name":"Nacho Corro","image":{"@type":"ImageObject","inLanguage":"es","@id":"https:\/\/secure.gravatar.com\/avatar\/5db6df507cfe1307e192fbb498c6b85f1cf2ffd8b4cd37141b9eea588fcbd5a4?s=96&r=g","url":"https:\/\/secure.gravatar.com\/avatar\/5db6df507cfe1307e192fbb498c6b85f1cf2ffd8b4cd37141b9eea588fcbd5a4?s=96&r=g","contentUrl":"https:\/\/secure.gravatar.com\/avatar\/5db6df507cfe1307e192fbb498c6b85f1cf2ffd8b4cd37141b9eea588fcbd5a4?s=96&r=g","caption":"Nacho Corro"},"description":"Comunicador Social, Periodista y Administraci\u00f3n P\u00fablica. Conversador pol\u00edtico, temas electorales y seguridad. Generador de contenidos digitales. Amante de la fotograf\u00eda","sameAs":["https:\/\/www.facebook.com\/jcorroherrera\/","www.instagram.com\/nachocorro\/","https:\/\/x.com\/Juan Ignacio Corro Herrera"],"url":"https:\/\/agencia.252.com.mx\/home\/author\/i-corro\/"}]}},"_links":{"self":[{"href":"https:\/\/agencia.252.com.mx\/home\/wp-json\/wp\/v2\/posts\/16437","targetHints":{"allow":["GET"]}}],"collection":[{"href":"https:\/\/agencia.252.com.mx\/home\/wp-json\/wp\/v2\/posts"}],"about":[{"href":"https:\/\/agencia.252.com.mx\/home\/wp-json\/wp\/v2\/types\/post"}],"author":[{"embeddable":true,"href":"https:\/\/agencia.252.com.mx\/home\/wp-json\/wp\/v2\/users\/5"}],"replies":[{"embeddable":true,"href":"https:\/\/agencia.252.com.mx\/home\/wp-json\/wp\/v2\/comments?post=16437"}],"version-history":[{"count":1,"href":"https:\/\/agencia.252.com.mx\/home\/wp-json\/wp\/v2\/posts\/16437\/revisions"}],"predecessor-version":[{"id":16441,"href":"https:\/\/agencia.252.com.mx\/home\/wp-json\/wp\/v2\/posts\/16437\/revisions\/16441"}],"wp:featuredmedia":[{"embeddable":true,"href":"https:\/\/agencia.252.com.mx\/home\/wp-json\/wp\/v2\/media\/16438"}],"wp:attachment":[{"href":"https:\/\/agencia.252.com.mx\/home\/wp-json\/wp\/v2\/media?parent=16437"}],"wp:term":[{"taxonomy":"category","embeddable":true,"href":"https:\/\/agencia.252.com.mx\/home\/wp-json\/wp\/v2\/categories?post=16437"},{"taxonomy":"post_tag","embeddable":true,"href":"https:\/\/agencia.252.com.mx\/home\/wp-json\/wp\/v2\/tags?post=16437"}],"curies":[{"name":"wp","href":"https:\/\/api.w.org\/{rel}","templated":true}]}}