{"id":16430,"date":"2026-03-01T14:09:52","date_gmt":"2026-03-01T20:09:52","guid":{"rendered":"https:\/\/agencia.252.com.mx\/home\/?p=16430"},"modified":"2026-03-01T14:10:48","modified_gmt":"2026-03-01T20:10:48","slug":"entrega-298-vehiculos-de-servicios-publicos-de-naucalpan-para-renovar-el-parque-vehicular","status":"publish","type":"post","link":"https:\/\/agencia.252.com.mx\/home\/entrega-298-vehiculos-de-servicios-publicos-de-naucalpan-para-renovar-el-parque-vehicular\/","title":{"rendered":"Entregan\u00a0298 unidades de Servicios P\u00fablicos de\u00a0Naucalpan, para renovar el parque vehicular\u00a0"},"content":{"rendered":"<p>Visitas: 14<\/p>\n<ul class=\"wp-block-list\">\n<li><em>Issac Montoya entrega unidades con una nueva crom\u00e1tica y equipados con 750 neum\u00e1ticos nuevos<\/em><\/li>\n\n\n\n<li><em>Se destinan para realizar labores de recolecci\u00f3n de desechos s\u00f3lidos, podas, bacheo, cambio de luminarias y en general trabajos que contribuyen a mantener en buen estado las calles<\/em><\/li>\n<\/ul>\n\n\n\n<p>Juan Ignacio Corro<\/p>\n\n\n\n<p>Naucalpan, M\u00e9x., a 1 de marzo de 2026<\/p>\n\n\n\n<p>El Alcalde Isaac Montoya M\u00e1rquez, entreg\u00f3 la renovaci\u00f3n de m\u00e1s de 298 veh\u00edculos de Servicios P\u00fablicos con nueva crom\u00e1tica y equipados con m\u00e1s de 750 neum\u00e1ticos nuevos, en beneficio de las y los trabajadores que acuden en las unidades a realizar labores de recolecci\u00f3n de desechos s\u00f3lidos, podas, bacheo, cambio de luminarias y en general trabajos que contribuyen a mantener en buen estado las calles y espacios p\u00fablicos dejando Huellas de la Transformaci\u00f3n en las comunidades.<\/p>\n\n\n\n<p>En presencia del Secretario General del SUTEYM Secci\u00f3n Naucalpan, Tom\u00e1s Palomares Parra y de Erick Palomares Parra, el Presidente Municipal recalc\u00f3 que junto con los trabajadores se comparten principios, pero tambi\u00e9n fines como dotarlos de las mejores herramientas y el objetivo m\u00e1ximo de llevar bienestar a las comunidades.<\/p>\n\n\n\n<figure class=\"wp-block-gallery has-nested-images columns-default is-cropped wp-block-gallery-1 is-layout-flex wp-block-gallery-is-layout-flex\">\n<figure class=\"wp-block-image size-large\"><img fetchpriority=\"high\" decoding=\"async\" width=\"1024\" height=\"577\" data-id=\"16433\" src=\"https:\/\/agencia.252.com.mx\/wp-content\/uploads\/2026\/03\/WhatsApp-Image-2026-03-01-at-12.57.06-PM-2-1024x577.jpeg\" alt=\"\" class=\"wp-image-16433\" srcset=\"https:\/\/agencia.252.com.mx\/wp-content\/uploads\/2026\/03\/WhatsApp-Image-2026-03-01-at-12.57.06-PM-2-1024x577.jpeg 1024w, https:\/\/agencia.252.com.mx\/wp-content\/uploads\/2026\/03\/WhatsApp-Image-2026-03-01-at-12.57.06-PM-2-300x169.jpeg 300w, https:\/\/agencia.252.com.mx\/wp-content\/uploads\/2026\/03\/WhatsApp-Image-2026-03-01-at-12.57.06-PM-2-768x433.jpeg 768w, https:\/\/agencia.252.com.mx\/wp-content\/uploads\/2026\/03\/WhatsApp-Image-2026-03-01-at-12.57.06-PM-2-1536x866.jpeg 1536w, https:\/\/agencia.252.com.mx\/wp-content\/uploads\/2026\/03\/WhatsApp-Image-2026-03-01-at-12.57.06-PM-2.jpeg 1600w\" sizes=\"(max-width: 1024px) 100vw, 1024px\" \/><\/figure>\n\n\n\n<figure class=\"wp-block-image size-large\"><img decoding=\"async\" width=\"1024\" height=\"682\" data-id=\"16432\" src=\"https:\/\/agencia.252.com.mx\/wp-content\/uploads\/2026\/03\/WhatsApp-Image-2026-03-01-at-12.57.07-PM-1024x682.jpeg\" alt=\"\" class=\"wp-image-16432\" srcset=\"https:\/\/agencia.252.com.mx\/wp-content\/uploads\/2026\/03\/WhatsApp-Image-2026-03-01-at-12.57.07-PM-1024x682.jpeg 1024w, https:\/\/agencia.252.com.mx\/wp-content\/uploads\/2026\/03\/WhatsApp-Image-2026-03-01-at-12.57.07-PM-300x200.jpeg 300w, https:\/\/agencia.252.com.mx\/wp-content\/uploads\/2026\/03\/WhatsApp-Image-2026-03-01-at-12.57.07-PM-768x512.jpeg 768w, https:\/\/agencia.252.com.mx\/wp-content\/uploads\/2026\/03\/WhatsApp-Image-2026-03-01-at-12.57.07-PM-1536x1023.jpeg 1536w, https:\/\/agencia.252.com.mx\/wp-content\/uploads\/2026\/03\/WhatsApp-Image-2026-03-01-at-12.57.07-PM.jpeg 1600w\" sizes=\"(max-width: 1024px) 100vw, 1024px\" \/><\/figure>\n<\/figure>\n\n\n\n<p>En el Parque Naucalli, donde se congregaron trabajadoras y trabajadores del SUTEYM, Montoya M\u00e1rquez agradeci\u00f3 el trabajo realizado que se refleja en el \u00e1nimo de las personas que han reconocido las diversas obras y Huellas de la Transformaci\u00f3n en parques, jardines y espacios p\u00fablicos.<\/p>\n\n\n\n<p>\u201cCompartimos principios, pero tambi\u00e9n compartimos fines y es lograr por un lado dignificar a nuestros trabajadores, nuestras trabajadoras, que cada vez cuenten con mejores elementos para desempe\u00f1ar su trabajo, pero lo m\u00e1s importante es que esto es un tema de que hay una lealtad compartida, un compromiso compartido, el prop\u00f3sito del bienestar general del pueblo, de los vecinos y las vecinas de Naucalpan\u201d afirm\u00f3 el Alcalde.<\/p>\n\n\n\n<p>Agreg\u00f3 que, se ha dado una buena gesti\u00f3n de los recursos y tambi\u00e9n se han destinado a obras que benefician al pueblo con la inversi\u00f3n de m\u00e1s de mil millones de pesos destinados a obra p\u00fablica, adem\u00e1s de apoyar proyectos como la reconstrucci\u00f3n del Perif\u00e9rico Norte y el Mexicable L\u00ednea 3, entre otros, proyectos encabezados por el Gobierno de la maestra Delfina G\u00f3mez \u00c1lvarez.<\/p>\n\n\n\n<p>Al respecto reiter\u00f3, \u201cse ha dado una buena gesti\u00f3n y destino a los recursos donde verdaderamente se requieren, que es la obra p\u00fablica, la seguridad y obra hidr\u00e1ulica. Tenemos un radar muy claro de las necesidades de las comunidades como ustedes lo tienen. Y eso nos ayuda a que estemos d\u00e1ndole prioridad a lo que verdaderamente las y los vecinos nos piden\u201d.<\/p>\n\n\n\n<p>Reiter\u00f3 su agradecimiento a los trabajadores del Suteym, de quienes dijo han laborado de una manera formidable con el programa Huellas de la Transformaci\u00f3n, con el que se llega a las comunidades, los fraccionamientos y los pueblos para llevar la justicia social que se les ha negado durante d\u00e9cadas.<\/p>\n\n\n\n<p>\u201cQuiero agradecerles de coraz\u00f3n el que me tengan la confianza, especialmente con Tom\u00e1s Palomares, con quien tenemos una nueva forma de hacer pol\u00edtica que requiere de una visi\u00f3n y una perspectiva distinta que es hasta generacional. Aqu\u00ed hay honor de por medio y lo vamos a cumplir para seguir dignificando a las y los trabajadores suteymistas, pero tambi\u00e9n para seguir dando resultados a Naucalpan en unidad en los principios y en unidad en los fines\u201d.<\/p>\n\n\n\n<p>Por su parte, Tomas Palomares Parra, felicit\u00f3 al Alcalde Isaac Montoya por su trabajo y tambi\u00e9n la labor de la Direcci\u00f3n de Servicios P\u00fablicos y darle un buen resultado, mencion\u00f3 que no es f\u00e1cil dotar de neum\u00e1ticos al parque vehicular, que sin duda se ve reflejado en el servicio que se presta a la comunidad.<\/p>\n\n\n\n<p>\u201cLa comunidad es la que debe ver que el municipio est\u00e1 haciendo las cosas bien y hasta hoy me parece que el presidente municipal lo est\u00e1 haciendo extraordinariamente bien con mucha obra en la calle cerca de la comunidad\u201d, dijo Palomares Parra.<\/p>\n\n\n\n<p>Entre las unidades enllantadas y que ahora lucen nueva crom\u00e1tica, se cuentan veh\u00edculos compactadores de desechos s\u00f3lidos, camiones de volteo, pipas, gr\u00faas y pick, entre otras.<\/p>\n","protected":false},"excerpt":{"rendered":"<p>Visitas: 14 Juan Ignacio Corro Naucalpan, M\u00e9x., a 1 de marzo de 2026 El Alcalde Isaac Montoya M\u00e1rquez, entreg\u00f3 la renovaci\u00f3n de m\u00e1s de 298 veh\u00edculos de Servicios P\u00fablicos con nueva crom\u00e1tica y equipados con m\u00e1s de 750 neum\u00e1ticos nuevos, en beneficio de las y los trabajadores que acuden en las unidades a realizar labores [&hellip;]<\/p>\n","protected":false},"author":5,"featured_media":16431,"comment_status":"open","ping_status":"open","sticky":false,"template":"","format":"standard","meta":{"site-sidebar-layout":"default","site-content-layout":"","ast-site-content-layout":"default","site-content-style":"default","site-sidebar-style":"default","ast-global-header-display":"","ast-banner-title-visibility":"","ast-main-header-display":"","ast-hfb-above-header-display":"","ast-hfb-below-header-display":"","ast-hfb-mobile-header-display":"","site-post-title":"","ast-breadcrumbs-content":"","ast-featured-img":"","footer-sml-layout":"","ast-disable-related-posts":"","theme-transparent-header-meta":"","adv-header-id-meta":"","stick-header-meta":"","header-above-stick-meta":"","header-main-stick-meta":"","header-below-stick-meta":"","astra-migrate-meta-layouts":"set","ast-page-background-enabled":"default","ast-page-background-meta":{"desktop":{"background-color":"var(--ast-global-color-4)","background-image":"","background-repeat":"repeat","background-position":"center center","background-size":"auto","background-attachment":"scroll","background-type":"","background-media":"","overlay-type":"","overlay-color":"","overlay-opacity":"","overlay-gradient":""},"tablet":{"background-color":"","background-image":"","background-repeat":"repeat","background-position":"center center","background-size":"auto","background-attachment":"scroll","background-type":"","background-media":"","overlay-type":"","overlay-color":"","overlay-opacity":"","overlay-gradient":""},"mobile":{"background-color":"","background-image":"","background-repeat":"repeat","background-position":"center center","background-size":"auto","background-attachment":"scroll","background-type":"","background-media":"","overlay-type":"","overlay-color":"","overlay-opacity":"","overlay-gradient":""}},"ast-content-background-meta":{"desktop":{"background-color":"var(--ast-global-color-5)","background-image":"","background-repeat":"repeat","background-position":"center center","background-size":"auto","background-attachment":"scroll","background-type":"","background-media":"","overlay-type":"","overlay-color":"","overlay-opacity":"","overlay-gradient":""},"tablet":{"background-color":"var(--ast-global-color-5)","background-image":"","background-repeat":"repeat","background-position":"center center","background-size":"auto","background-attachment":"scroll","background-type":"","background-media":"","overlay-type":"","overlay-color":"","overlay-opacity":"","overlay-gradient":""},"mobile":{"background-color":"var(--ast-global-color-5)","background-image":"","background-repeat":"repeat","background-position":"center center","background-size":"auto","background-attachment":"scroll","background-type":"","background-media":"","overlay-type":"","overlay-color":"","overlay-opacity":"","overlay-gradient":""}},"footnotes":""},"categories":[8,512,68],"tags":[526],"class_list":["post-16430","post","type-post","status-publish","format-standard","has-post-thumbnail","hentry","category-edomex","category-metropoli","category-seguridad","tag-edomex"],"yoast_head":"<!-- This site is optimized with the Yoast SEO plugin v27.4 - https:\/\/yoast.com\/product\/yoast-seo-wordpress\/ -->\n<title>Entregan\u00a0298 unidades de Servicios P\u00fablicos de\u00a0Naucalpan, para renovar el parque vehicular\u00a0 - Agencia252<\/title>\n<meta name=\"robots\" content=\"index, follow, max-snippet:-1, max-image-preview:large, max-video-preview:-1\" \/>\n<link rel=\"canonical\" href=\"https:\/\/agencia.252.com.mx\/home\/entrega-298-vehiculos-de-servicios-publicos-de-naucalpan-para-renovar-el-parque-vehicular\/\" \/>\n<meta property=\"og:locale\" content=\"es_ES\" \/>\n<meta property=\"og:type\" content=\"article\" \/>\n<meta property=\"og:title\" content=\"Entregan\u00a0298 unidades de Servicios P\u00fablicos de\u00a0Naucalpan, para renovar el parque vehicular\u00a0 - Agencia252\" \/>\n<meta property=\"og:description\" content=\"Visitas: 14 Juan Ignacio Corro Naucalpan, M\u00e9x., a 1 de marzo de 2026 El Alcalde Isaac Montoya M\u00e1rquez, entreg\u00f3 la renovaci\u00f3n de m\u00e1s de 298 veh\u00edculos de Servicios P\u00fablicos con nueva crom\u00e1tica y equipados con m\u00e1s de 750 neum\u00e1ticos nuevos, en beneficio de las y los trabajadores que acuden en las unidades a realizar labores [&hellip;]\" \/>\n<meta property=\"og:url\" content=\"https:\/\/agencia.252.com.mx\/home\/entrega-298-vehiculos-de-servicios-publicos-de-naucalpan-para-renovar-el-parque-vehicular\/\" \/>\n<meta property=\"og:site_name\" content=\"Agencia252\" \/>\n<meta property=\"article:publisher\" content=\"https:\/\/www.facebook.com\/252Comunicacion\/\" \/>\n<meta property=\"article:author\" content=\"https:\/\/www.facebook.com\/jcorroherrera\/\" \/>\n<meta property=\"article:published_time\" content=\"2026-03-01T20:09:52+00:00\" \/>\n<meta property=\"article:modified_time\" content=\"2026-03-01T20:10:48+00:00\" \/>\n<meta property=\"og:image\" content=\"http:\/\/agencia.252.com.mx\/wp-content\/uploads\/2026\/03\/WhatsApp-Image-2026-03-01-at-12.57.06-PM.jpeg\" \/>\n\t<meta property=\"og:image:width\" content=\"1600\" \/>\n\t<meta property=\"og:image:height\" content=\"902\" \/>\n\t<meta property=\"og:image:type\" content=\"image\/jpeg\" \/>\n<meta name=\"author\" content=\"Nacho Corro\" \/>\n<meta name=\"twitter:card\" content=\"summary_large_image\" \/>\n<meta name=\"twitter:creator\" content=\"@Juan Ignacio Corro Herrera\" \/>\n<meta name=\"twitter:site\" content=\"@252COMS\" \/>\n<meta name=\"twitter:label1\" content=\"Escrito por\" \/>\n\t<meta name=\"twitter:data1\" content=\"Nacho Corro\" \/>\n\t<meta name=\"twitter:label2\" content=\"Tiempo de lectura\" \/>\n\t<meta name=\"twitter:data2\" content=\"4 minutos\" \/>\n<script type=\"application\/ld+json\" class=\"yoast-schema-graph\">{\"@context\":\"https:\\\/\\\/schema.org\",\"@graph\":[{\"@type\":\"Article\",\"@id\":\"https:\\\/\\\/agencia.252.com.mx\\\/home\\\/entrega-298-vehiculos-de-servicios-publicos-de-naucalpan-para-renovar-el-parque-vehicular\\\/#article\",\"isPartOf\":{\"@id\":\"https:\\\/\\\/agencia.252.com.mx\\\/home\\\/entrega-298-vehiculos-de-servicios-publicos-de-naucalpan-para-renovar-el-parque-vehicular\\\/\"},\"author\":{\"name\":\"Nacho Corro\",\"@id\":\"https:\\\/\\\/agencia.252.com.mx\\\/home\\\/#\\\/schema\\\/person\\\/6b972021e9a92d45ade8c78d81509098\"},\"headline\":\"Entregan\u00a0298 unidades de Servicios P\u00fablicos de\u00a0Naucalpan, para renovar el parque vehicular\u00a0\",\"datePublished\":\"2026-03-01T20:09:52+00:00\",\"dateModified\":\"2026-03-01T20:10:48+00:00\",\"mainEntityOfPage\":{\"@id\":\"https:\\\/\\\/agencia.252.com.mx\\\/home\\\/entrega-298-vehiculos-de-servicios-publicos-de-naucalpan-para-renovar-el-parque-vehicular\\\/\"},\"wordCount\":725,\"commentCount\":0,\"publisher\":{\"@id\":\"https:\\\/\\\/agencia.252.com.mx\\\/home\\\/#organization\"},\"image\":{\"@id\":\"https:\\\/\\\/agencia.252.com.mx\\\/home\\\/entrega-298-vehiculos-de-servicios-publicos-de-naucalpan-para-renovar-el-parque-vehicular\\\/#primaryimage\"},\"thumbnailUrl\":\"https:\\\/\\\/agencia.252.com.mx\\\/wp-content\\\/uploads\\\/2026\\\/03\\\/WhatsApp-Image-2026-03-01-at-12.57.06-PM.jpeg\",\"keywords\":[\"Edomex\"],\"articleSection\":[\"Edomex\",\"Metropoli\",\"Seguridad\"],\"inLanguage\":\"es\",\"potentialAction\":[{\"@type\":\"CommentAction\",\"name\":\"Comment\",\"target\":[\"https:\\\/\\\/agencia.252.com.mx\\\/home\\\/entrega-298-vehiculos-de-servicios-publicos-de-naucalpan-para-renovar-el-parque-vehicular\\\/#respond\"]}]},{\"@type\":\"WebPage\",\"@id\":\"https:\\\/\\\/agencia.252.com.mx\\\/home\\\/entrega-298-vehiculos-de-servicios-publicos-de-naucalpan-para-renovar-el-parque-vehicular\\\/\",\"url\":\"https:\\\/\\\/agencia.252.com.mx\\\/home\\\/entrega-298-vehiculos-de-servicios-publicos-de-naucalpan-para-renovar-el-parque-vehicular\\\/\",\"name\":\"Entregan\u00a0298 unidades de Servicios P\u00fablicos de\u00a0Naucalpan, para renovar el parque vehicular\u00a0 - Agencia252\",\"isPartOf\":{\"@id\":\"https:\\\/\\\/agencia.252.com.mx\\\/home\\\/#website\"},\"primaryImageOfPage\":{\"@id\":\"https:\\\/\\\/agencia.252.com.mx\\\/home\\\/entrega-298-vehiculos-de-servicios-publicos-de-naucalpan-para-renovar-el-parque-vehicular\\\/#primaryimage\"},\"image\":{\"@id\":\"https:\\\/\\\/agencia.252.com.mx\\\/home\\\/entrega-298-vehiculos-de-servicios-publicos-de-naucalpan-para-renovar-el-parque-vehicular\\\/#primaryimage\"},\"thumbnailUrl\":\"https:\\\/\\\/agencia.252.com.mx\\\/wp-content\\\/uploads\\\/2026\\\/03\\\/WhatsApp-Image-2026-03-01-at-12.57.06-PM.jpeg\",\"datePublished\":\"2026-03-01T20:09:52+00:00\",\"dateModified\":\"2026-03-01T20:10:48+00:00\",\"breadcrumb\":{\"@id\":\"https:\\\/\\\/agencia.252.com.mx\\\/home\\\/entrega-298-vehiculos-de-servicios-publicos-de-naucalpan-para-renovar-el-parque-vehicular\\\/#breadcrumb\"},\"inLanguage\":\"es\",\"potentialAction\":[{\"@type\":\"ReadAction\",\"target\":[\"https:\\\/\\\/agencia.252.com.mx\\\/home\\\/entrega-298-vehiculos-de-servicios-publicos-de-naucalpan-para-renovar-el-parque-vehicular\\\/\"]}]},{\"@type\":\"ImageObject\",\"inLanguage\":\"es\",\"@id\":\"https:\\\/\\\/agencia.252.com.mx\\\/home\\\/entrega-298-vehiculos-de-servicios-publicos-de-naucalpan-para-renovar-el-parque-vehicular\\\/#primaryimage\",\"url\":\"https:\\\/\\\/agencia.252.com.mx\\\/wp-content\\\/uploads\\\/2026\\\/03\\\/WhatsApp-Image-2026-03-01-at-12.57.06-PM.jpeg\",\"contentUrl\":\"https:\\\/\\\/agencia.252.com.mx\\\/wp-content\\\/uploads\\\/2026\\\/03\\\/WhatsApp-Image-2026-03-01-at-12.57.06-PM.jpeg\",\"width\":1600,\"height\":902},{\"@type\":\"BreadcrumbList\",\"@id\":\"https:\\\/\\\/agencia.252.com.mx\\\/home\\\/entrega-298-vehiculos-de-servicios-publicos-de-naucalpan-para-renovar-el-parque-vehicular\\\/#breadcrumb\",\"itemListElement\":[{\"@type\":\"ListItem\",\"position\":1,\"name\":\"Portada\",\"item\":\"https:\\\/\\\/agencia.252.com.mx\\\/home\\\/\"},{\"@type\":\"ListItem\",\"position\":2,\"name\":\"Entregan\u00a0298 unidades de Servicios P\u00fablicos de\u00a0Naucalpan, para renovar el parque vehicular\u00a0\"}]},{\"@type\":\"WebSite\",\"@id\":\"https:\\\/\\\/agencia.252.com.mx\\\/home\\\/#website\",\"url\":\"https:\\\/\\\/agencia.252.com.mx\\\/home\\\/\",\"name\":\"Agencia252\",\"description\":\"Tu espacio en la Red\",\"publisher\":{\"@id\":\"https:\\\/\\\/agencia.252.com.mx\\\/home\\\/#organization\"},\"potentialAction\":[{\"@type\":\"SearchAction\",\"target\":{\"@type\":\"EntryPoint\",\"urlTemplate\":\"https:\\\/\\\/agencia.252.com.mx\\\/home\\\/?s={search_term_string}\"},\"query-input\":{\"@type\":\"PropertyValueSpecification\",\"valueRequired\":true,\"valueName\":\"search_term_string\"}}],\"inLanguage\":\"es\"},{\"@type\":\"Organization\",\"@id\":\"https:\\\/\\\/agencia.252.com.mx\\\/home\\\/#organization\",\"name\":\"Agencia252\",\"url\":\"https:\\\/\\\/agencia.252.com.mx\\\/home\\\/\",\"logo\":{\"@type\":\"ImageObject\",\"inLanguage\":\"es\",\"@id\":\"https:\\\/\\\/agencia.252.com.mx\\\/home\\\/#\\\/schema\\\/logo\\\/image\\\/\",\"url\":\"https:\\\/\\\/agencia.252.com.mx\\\/wp-content\\\/uploads\\\/2023\\\/02\\\/cropped-ciruclo-agencia-e1677562404136.png\",\"contentUrl\":\"https:\\\/\\\/agencia.252.com.mx\\\/wp-content\\\/uploads\\\/2023\\\/02\\\/cropped-ciruclo-agencia-e1677562404136.png\",\"width\":512,\"height\":512,\"caption\":\"Agencia252\"},\"image\":{\"@id\":\"https:\\\/\\\/agencia.252.com.mx\\\/home\\\/#\\\/schema\\\/logo\\\/image\\\/\"},\"sameAs\":[\"https:\\\/\\\/www.facebook.com\\\/252Comunicacion\\\/\",\"https:\\\/\\\/x.com\\\/252COMS\"]},{\"@type\":\"Person\",\"@id\":\"https:\\\/\\\/agencia.252.com.mx\\\/home\\\/#\\\/schema\\\/person\\\/6b972021e9a92d45ade8c78d81509098\",\"name\":\"Nacho Corro\",\"image\":{\"@type\":\"ImageObject\",\"inLanguage\":\"es\",\"@id\":\"https:\\\/\\\/secure.gravatar.com\\\/avatar\\\/5db6df507cfe1307e192fbb498c6b85f1cf2ffd8b4cd37141b9eea588fcbd5a4?s=96&r=g\",\"url\":\"https:\\\/\\\/secure.gravatar.com\\\/avatar\\\/5db6df507cfe1307e192fbb498c6b85f1cf2ffd8b4cd37141b9eea588fcbd5a4?s=96&r=g\",\"contentUrl\":\"https:\\\/\\\/secure.gravatar.com\\\/avatar\\\/5db6df507cfe1307e192fbb498c6b85f1cf2ffd8b4cd37141b9eea588fcbd5a4?s=96&r=g\",\"caption\":\"Nacho Corro\"},\"description\":\"Comunicador Social, Periodista y Administraci\u00f3n P\u00fablica. Conversador pol\u00edtico, temas electorales y seguridad. Generador de contenidos digitales. Amante de la fotograf\u00eda\",\"sameAs\":[\"https:\\\/\\\/www.facebook.com\\\/jcorroherrera\\\/\",\"www.instagram.com\\\/nachocorro\\\/\",\"https:\\\/\\\/x.com\\\/Juan Ignacio Corro Herrera\"],\"url\":\"https:\\\/\\\/agencia.252.com.mx\\\/home\\\/author\\\/i-corro\\\/\"}]}<\/script>\n<!-- \/ Yoast SEO plugin. -->","yoast_head_json":{"title":"Entregan\u00a0298 unidades de Servicios P\u00fablicos de\u00a0Naucalpan, para renovar el parque vehicular\u00a0 - Agencia252","robots":{"index":"index","follow":"follow","max-snippet":"max-snippet:-1","max-image-preview":"max-image-preview:large","max-video-preview":"max-video-preview:-1"},"canonical":"https:\/\/agencia.252.com.mx\/home\/entrega-298-vehiculos-de-servicios-publicos-de-naucalpan-para-renovar-el-parque-vehicular\/","og_locale":"es_ES","og_type":"article","og_title":"Entregan\u00a0298 unidades de Servicios P\u00fablicos de\u00a0Naucalpan, para renovar el parque vehicular\u00a0 - Agencia252","og_description":"Visitas: 14 Juan Ignacio Corro Naucalpan, M\u00e9x., a 1 de marzo de 2026 El Alcalde Isaac Montoya M\u00e1rquez, entreg\u00f3 la renovaci\u00f3n de m\u00e1s de 298 veh\u00edculos de Servicios P\u00fablicos con nueva crom\u00e1tica y equipados con m\u00e1s de 750 neum\u00e1ticos nuevos, en beneficio de las y los trabajadores que acuden en las unidades a realizar labores [&hellip;]","og_url":"https:\/\/agencia.252.com.mx\/home\/entrega-298-vehiculos-de-servicios-publicos-de-naucalpan-para-renovar-el-parque-vehicular\/","og_site_name":"Agencia252","article_publisher":"https:\/\/www.facebook.com\/252Comunicacion\/","article_author":"https:\/\/www.facebook.com\/jcorroherrera\/","article_published_time":"2026-03-01T20:09:52+00:00","article_modified_time":"2026-03-01T20:10:48+00:00","og_image":[{"width":1600,"height":902,"url":"http:\/\/agencia.252.com.mx\/wp-content\/uploads\/2026\/03\/WhatsApp-Image-2026-03-01-at-12.57.06-PM.jpeg","type":"image\/jpeg"}],"author":"Nacho Corro","twitter_card":"summary_large_image","twitter_creator":"@Juan Ignacio Corro Herrera","twitter_site":"@252COMS","twitter_misc":{"Escrito por":"Nacho Corro","Tiempo de lectura":"4 minutos"},"schema":{"@context":"https:\/\/schema.org","@graph":[{"@type":"Article","@id":"https:\/\/agencia.252.com.mx\/home\/entrega-298-vehiculos-de-servicios-publicos-de-naucalpan-para-renovar-el-parque-vehicular\/#article","isPartOf":{"@id":"https:\/\/agencia.252.com.mx\/home\/entrega-298-vehiculos-de-servicios-publicos-de-naucalpan-para-renovar-el-parque-vehicular\/"},"author":{"name":"Nacho Corro","@id":"https:\/\/agencia.252.com.mx\/home\/#\/schema\/person\/6b972021e9a92d45ade8c78d81509098"},"headline":"Entregan\u00a0298 unidades de Servicios P\u00fablicos de\u00a0Naucalpan, para renovar el parque vehicular\u00a0","datePublished":"2026-03-01T20:09:52+00:00","dateModified":"2026-03-01T20:10:48+00:00","mainEntityOfPage":{"@id":"https:\/\/agencia.252.com.mx\/home\/entrega-298-vehiculos-de-servicios-publicos-de-naucalpan-para-renovar-el-parque-vehicular\/"},"wordCount":725,"commentCount":0,"publisher":{"@id":"https:\/\/agencia.252.com.mx\/home\/#organization"},"image":{"@id":"https:\/\/agencia.252.com.mx\/home\/entrega-298-vehiculos-de-servicios-publicos-de-naucalpan-para-renovar-el-parque-vehicular\/#primaryimage"},"thumbnailUrl":"https:\/\/agencia.252.com.mx\/wp-content\/uploads\/2026\/03\/WhatsApp-Image-2026-03-01-at-12.57.06-PM.jpeg","keywords":["Edomex"],"articleSection":["Edomex","Metropoli","Seguridad"],"inLanguage":"es","potentialAction":[{"@type":"CommentAction","name":"Comment","target":["https:\/\/agencia.252.com.mx\/home\/entrega-298-vehiculos-de-servicios-publicos-de-naucalpan-para-renovar-el-parque-vehicular\/#respond"]}]},{"@type":"WebPage","@id":"https:\/\/agencia.252.com.mx\/home\/entrega-298-vehiculos-de-servicios-publicos-de-naucalpan-para-renovar-el-parque-vehicular\/","url":"https:\/\/agencia.252.com.mx\/home\/entrega-298-vehiculos-de-servicios-publicos-de-naucalpan-para-renovar-el-parque-vehicular\/","name":"Entregan\u00a0298 unidades de Servicios P\u00fablicos de\u00a0Naucalpan, para renovar el parque vehicular\u00a0 - Agencia252","isPartOf":{"@id":"https:\/\/agencia.252.com.mx\/home\/#website"},"primaryImageOfPage":{"@id":"https:\/\/agencia.252.com.mx\/home\/entrega-298-vehiculos-de-servicios-publicos-de-naucalpan-para-renovar-el-parque-vehicular\/#primaryimage"},"image":{"@id":"https:\/\/agencia.252.com.mx\/home\/entrega-298-vehiculos-de-servicios-publicos-de-naucalpan-para-renovar-el-parque-vehicular\/#primaryimage"},"thumbnailUrl":"https:\/\/agencia.252.com.mx\/wp-content\/uploads\/2026\/03\/WhatsApp-Image-2026-03-01-at-12.57.06-PM.jpeg","datePublished":"2026-03-01T20:09:52+00:00","dateModified":"2026-03-01T20:10:48+00:00","breadcrumb":{"@id":"https:\/\/agencia.252.com.mx\/home\/entrega-298-vehiculos-de-servicios-publicos-de-naucalpan-para-renovar-el-parque-vehicular\/#breadcrumb"},"inLanguage":"es","potentialAction":[{"@type":"ReadAction","target":["https:\/\/agencia.252.com.mx\/home\/entrega-298-vehiculos-de-servicios-publicos-de-naucalpan-para-renovar-el-parque-vehicular\/"]}]},{"@type":"ImageObject","inLanguage":"es","@id":"https:\/\/agencia.252.com.mx\/home\/entrega-298-vehiculos-de-servicios-publicos-de-naucalpan-para-renovar-el-parque-vehicular\/#primaryimage","url":"https:\/\/agencia.252.com.mx\/wp-content\/uploads\/2026\/03\/WhatsApp-Image-2026-03-01-at-12.57.06-PM.jpeg","contentUrl":"https:\/\/agencia.252.com.mx\/wp-content\/uploads\/2026\/03\/WhatsApp-Image-2026-03-01-at-12.57.06-PM.jpeg","width":1600,"height":902},{"@type":"BreadcrumbList","@id":"https:\/\/agencia.252.com.mx\/home\/entrega-298-vehiculos-de-servicios-publicos-de-naucalpan-para-renovar-el-parque-vehicular\/#breadcrumb","itemListElement":[{"@type":"ListItem","position":1,"name":"Portada","item":"https:\/\/agencia.252.com.mx\/home\/"},{"@type":"ListItem","position":2,"name":"Entregan\u00a0298 unidades de Servicios P\u00fablicos de\u00a0Naucalpan, para renovar el parque vehicular\u00a0"}]},{"@type":"WebSite","@id":"https:\/\/agencia.252.com.mx\/home\/#website","url":"https:\/\/agencia.252.com.mx\/home\/","name":"Agencia252","description":"Tu espacio en la Red","publisher":{"@id":"https:\/\/agencia.252.com.mx\/home\/#organization"},"potentialAction":[{"@type":"SearchAction","target":{"@type":"EntryPoint","urlTemplate":"https:\/\/agencia.252.com.mx\/home\/?s={search_term_string}"},"query-input":{"@type":"PropertyValueSpecification","valueRequired":true,"valueName":"search_term_string"}}],"inLanguage":"es"},{"@type":"Organization","@id":"https:\/\/agencia.252.com.mx\/home\/#organization","name":"Agencia252","url":"https:\/\/agencia.252.com.mx\/home\/","logo":{"@type":"ImageObject","inLanguage":"es","@id":"https:\/\/agencia.252.com.mx\/home\/#\/schema\/logo\/image\/","url":"https:\/\/agencia.252.com.mx\/wp-content\/uploads\/2023\/02\/cropped-ciruclo-agencia-e1677562404136.png","contentUrl":"https:\/\/agencia.252.com.mx\/wp-content\/uploads\/2023\/02\/cropped-ciruclo-agencia-e1677562404136.png","width":512,"height":512,"caption":"Agencia252"},"image":{"@id":"https:\/\/agencia.252.com.mx\/home\/#\/schema\/logo\/image\/"},"sameAs":["https:\/\/www.facebook.com\/252Comunicacion\/","https:\/\/x.com\/252COMS"]},{"@type":"Person","@id":"https:\/\/agencia.252.com.mx\/home\/#\/schema\/person\/6b972021e9a92d45ade8c78d81509098","name":"Nacho Corro","image":{"@type":"ImageObject","inLanguage":"es","@id":"https:\/\/secure.gravatar.com\/avatar\/5db6df507cfe1307e192fbb498c6b85f1cf2ffd8b4cd37141b9eea588fcbd5a4?s=96&r=g","url":"https:\/\/secure.gravatar.com\/avatar\/5db6df507cfe1307e192fbb498c6b85f1cf2ffd8b4cd37141b9eea588fcbd5a4?s=96&r=g","contentUrl":"https:\/\/secure.gravatar.com\/avatar\/5db6df507cfe1307e192fbb498c6b85f1cf2ffd8b4cd37141b9eea588fcbd5a4?s=96&r=g","caption":"Nacho Corro"},"description":"Comunicador Social, Periodista y Administraci\u00f3n P\u00fablica. Conversador pol\u00edtico, temas electorales y seguridad. Generador de contenidos digitales. Amante de la fotograf\u00eda","sameAs":["https:\/\/www.facebook.com\/jcorroherrera\/","www.instagram.com\/nachocorro\/","https:\/\/x.com\/Juan Ignacio Corro Herrera"],"url":"https:\/\/agencia.252.com.mx\/home\/author\/i-corro\/"}]}},"_links":{"self":[{"href":"https:\/\/agencia.252.com.mx\/home\/wp-json\/wp\/v2\/posts\/16430","targetHints":{"allow":["GET"]}}],"collection":[{"href":"https:\/\/agencia.252.com.mx\/home\/wp-json\/wp\/v2\/posts"}],"about":[{"href":"https:\/\/agencia.252.com.mx\/home\/wp-json\/wp\/v2\/types\/post"}],"author":[{"embeddable":true,"href":"https:\/\/agencia.252.com.mx\/home\/wp-json\/wp\/v2\/users\/5"}],"replies":[{"embeddable":true,"href":"https:\/\/agencia.252.com.mx\/home\/wp-json\/wp\/v2\/comments?post=16430"}],"version-history":[{"count":3,"href":"https:\/\/agencia.252.com.mx\/home\/wp-json\/wp\/v2\/posts\/16430\/revisions"}],"predecessor-version":[{"id":16436,"href":"https:\/\/agencia.252.com.mx\/home\/wp-json\/wp\/v2\/posts\/16430\/revisions\/16436"}],"wp:featuredmedia":[{"embeddable":true,"href":"https:\/\/agencia.252.com.mx\/home\/wp-json\/wp\/v2\/media\/16431"}],"wp:attachment":[{"href":"https:\/\/agencia.252.com.mx\/home\/wp-json\/wp\/v2\/media?parent=16430"}],"wp:term":[{"taxonomy":"category","embeddable":true,"href":"https:\/\/agencia.252.com.mx\/home\/wp-json\/wp\/v2\/categories?post=16430"},{"taxonomy":"post_tag","embeddable":true,"href":"https:\/\/agencia.252.com.mx\/home\/wp-json\/wp\/v2\/tags?post=16430"}],"curies":[{"name":"wp","href":"https:\/\/api.w.org\/{rel}","templated":true}]}}