{"id":16427,"date":"2026-03-01T13:56:44","date_gmt":"2026-03-01T19:56:44","guid":{"rendered":"https:\/\/agencia.252.com.mx\/home\/?p=16427"},"modified":"2026-03-01T13:56:45","modified_gmt":"2026-03-01T19:56:45","slug":"inaugura-gobierno-del-edomex-primer-modulo-de-humanizacion-en-hospital-de-alta-especialidad-en-zumpango-orienta-asesora-y-media-ante-inconformidades","status":"publish","type":"post","link":"https:\/\/agencia.252.com.mx\/home\/inaugura-gobierno-del-edomex-primer-modulo-de-humanizacion-en-hospital-de-alta-especialidad-en-zumpango-orienta-asesora-y-media-ante-inconformidades\/","title":{"rendered":"Inaugura Gobierno del EdoM\u00e9x primer M\u00f3dulo de Humanizaci\u00f3n en Hospital de Alta Especialidad en Zumpango; orienta, asesora y media ante inconformidades"},"content":{"rendered":"<p>Visitas: 45<\/p>\n<ul class=\"wp-block-list\">\n<li><em>El servicio est\u00e1 disponible para pacientes, familiares y personal administrativo.<\/em><\/li>\n<\/ul>\n\n\n\n<p>Juan Ignacio Corro<\/p>\n\n\n\n<p class=\"has-text-align-right\">Zumpango, M\u00e9x., a 1 de marzo de 2026<\/p>\n\n\n\n<p>El Gobierno del Estado de M\u00e9xico, a trav\u00e9s de la Secretar\u00eda de Salud, puso en operaci\u00f3n el primer M\u00f3dulo de Humanizaci\u00f3n de Atenci\u00f3n a la Salud en el Hospital Regional de Alta Especialidad de Zumpango, espacio destinado a brindar asesor\u00eda, informaci\u00f3n y acompa\u00f1amiento a quienes requieren atenci\u00f3n m\u00e9dica.<\/p>\n\n\n\n<p>El m\u00f3dulo cuenta con dos \u00e1reas: una dirigida a usuarios y familiares, y otra destinada al personal m\u00e9dico y administrativo. Su instalaci\u00f3n responde a la necesidad de consolidar servicios centrados en las personas, con atenci\u00f3n basada en la dignidad, el respeto y la confianza.<\/p>\n\n\n\n<p>Adem\u00e1s, la Secretar\u00eda de Salud inform\u00f3 que se prev\u00e9 la instalaci\u00f3n de al menos dos m\u00f3dulos adicionales en unidades m\u00e9dicas que actualmente permanecen bajo administraci\u00f3n estatal. La dependencia precis\u00f3 que el n\u00famero total y la ubicaci\u00f3n de los pr\u00f3ximos espacios se definir\u00e1n en coordinaci\u00f3n con IMSS-Bienestar, debido a que varias unidades ya se encuentran integradas a dicho esquema.<\/p>\n\n\n\n<p>Macarena Montoya Olvera, Secretaria de Salud estatal, se\u00f1al\u00f3 que esta acci\u00f3n forma parte de los Proyectos Prioritarios del Plan de Desarrollo del Estado de M\u00e9xico, al establecer un modelo de atenci\u00f3n que privilegia la calidez y la solidaridad en todos los niveles del sistema sanitario.<\/p>\n\n\n\n<p>En estos espacios, personal especializado orienta a las y los usuarios sobre los servicios y rutas de atenci\u00f3n, asesora a pacientes y familiares para comprender diagn\u00f3sticos y tratamientos, atiende dudas y reduce la incertidumbre. Tambi\u00e9n interviene ante inconformidades, eval\u00faa la satisfacci\u00f3n del usuario y canaliza los casos que requieren seguimiento ante las autoridades competentes, bajo un enfoque de acompa\u00f1amiento y soluci\u00f3n.<\/p>\n","protected":false},"excerpt":{"rendered":"<p>Visitas: 45 Juan Ignacio Corro Zumpango, M\u00e9x., a 1 de marzo de 2026 El Gobierno del Estado de M\u00e9xico, a trav\u00e9s de la Secretar\u00eda de Salud, puso en operaci\u00f3n el primer M\u00f3dulo de Humanizaci\u00f3n de Atenci\u00f3n a la Salud en el Hospital Regional de Alta Especialidad de Zumpango, espacio destinado a brindar asesor\u00eda, informaci\u00f3n y [&hellip;]<\/p>\n","protected":false},"author":5,"featured_media":16428,"comment_status":"open","ping_status":"open","sticky":false,"template":"","format":"standard","meta":{"site-sidebar-layout":"default","site-content-layout":"","ast-site-content-layout":"default","site-content-style":"default","site-sidebar-style":"default","ast-global-header-display":"","ast-banner-title-visibility":"","ast-main-header-display":"","ast-hfb-above-header-display":"","ast-hfb-below-header-display":"","ast-hfb-mobile-header-display":"","site-post-title":"","ast-breadcrumbs-content":"","ast-featured-img":"","footer-sml-layout":"","ast-disable-related-posts":"","theme-transparent-header-meta":"","adv-header-id-meta":"","stick-header-meta":"","header-above-stick-meta":"","header-main-stick-meta":"","header-below-stick-meta":"","astra-migrate-meta-layouts":"set","ast-page-background-enabled":"default","ast-page-background-meta":{"desktop":{"background-color":"var(--ast-global-color-4)","background-image":"","background-repeat":"repeat","background-position":"center center","background-size":"auto","background-attachment":"scroll","background-type":"","background-media":"","overlay-type":"","overlay-color":"","overlay-opacity":"","overlay-gradient":""},"tablet":{"background-color":"","background-image":"","background-repeat":"repeat","background-position":"center center","background-size":"auto","background-attachment":"scroll","background-type":"","background-media":"","overlay-type":"","overlay-color":"","overlay-opacity":"","overlay-gradient":""},"mobile":{"background-color":"","background-image":"","background-repeat":"repeat","background-position":"center center","background-size":"auto","background-attachment":"scroll","background-type":"","background-media":"","overlay-type":"","overlay-color":"","overlay-opacity":"","overlay-gradient":""}},"ast-content-background-meta":{"desktop":{"background-color":"var(--ast-global-color-5)","background-image":"","background-repeat":"repeat","background-position":"center center","background-size":"auto","background-attachment":"scroll","background-type":"","background-media":"","overlay-type":"","overlay-color":"","overlay-opacity":"","overlay-gradient":""},"tablet":{"background-color":"var(--ast-global-color-5)","background-image":"","background-repeat":"repeat","background-position":"center center","background-size":"auto","background-attachment":"scroll","background-type":"","background-media":"","overlay-type":"","overlay-color":"","overlay-opacity":"","overlay-gradient":""},"mobile":{"background-color":"var(--ast-global-color-5)","background-image":"","background-repeat":"repeat","background-position":"center center","background-size":"auto","background-attachment":"scroll","background-type":"","background-media":"","overlay-type":"","overlay-color":"","overlay-opacity":"","overlay-gradient":""}},"footnotes":""},"categories":[8,200,68],"tags":[526],"class_list":["post-16427","post","type-post","status-publish","format-standard","has-post-thumbnail","hentry","category-edomex","category-salud","category-seguridad","tag-edomex"],"yoast_head":"<!-- This site is optimized with the Yoast SEO plugin v27.4 - https:\/\/yoast.com\/product\/yoast-seo-wordpress\/ -->\n<title>Inaugura Gobierno del EdoM\u00e9x primer M\u00f3dulo de Humanizaci\u00f3n en Hospital de Alta Especialidad en Zumpango; orienta, asesora y media ante inconformidades - Agencia252<\/title>\n<meta name=\"robots\" content=\"index, follow, max-snippet:-1, max-image-preview:large, max-video-preview:-1\" \/>\n<link rel=\"canonical\" href=\"https:\/\/agencia.252.com.mx\/home\/inaugura-gobierno-del-edomex-primer-modulo-de-humanizacion-en-hospital-de-alta-especialidad-en-zumpango-orienta-asesora-y-media-ante-inconformidades\/\" \/>\n<meta property=\"og:locale\" content=\"es_ES\" \/>\n<meta property=\"og:type\" content=\"article\" \/>\n<meta property=\"og:title\" content=\"Inaugura Gobierno del EdoM\u00e9x primer M\u00f3dulo de Humanizaci\u00f3n en Hospital de Alta Especialidad en Zumpango; orienta, asesora y media ante inconformidades - Agencia252\" \/>\n<meta property=\"og:description\" content=\"Visitas: 45 Juan Ignacio Corro Zumpango, M\u00e9x., a 1 de marzo de 2026 El Gobierno del Estado de M\u00e9xico, a trav\u00e9s de la Secretar\u00eda de Salud, puso en operaci\u00f3n el primer M\u00f3dulo de Humanizaci\u00f3n de Atenci\u00f3n a la Salud en el Hospital Regional de Alta Especialidad de Zumpango, espacio destinado a brindar asesor\u00eda, informaci\u00f3n y [&hellip;]\" \/>\n<meta property=\"og:url\" content=\"https:\/\/agencia.252.com.mx\/home\/inaugura-gobierno-del-edomex-primer-modulo-de-humanizacion-en-hospital-de-alta-especialidad-en-zumpango-orienta-asesora-y-media-ante-inconformidades\/\" \/>\n<meta property=\"og:site_name\" content=\"Agencia252\" \/>\n<meta property=\"article:publisher\" content=\"https:\/\/www.facebook.com\/252Comunicacion\/\" \/>\n<meta property=\"article:author\" content=\"https:\/\/www.facebook.com\/jcorroherrera\/\" \/>\n<meta property=\"article:published_time\" content=\"2026-03-01T19:56:44+00:00\" \/>\n<meta property=\"article:modified_time\" content=\"2026-03-01T19:56:45+00:00\" \/>\n<meta property=\"og:image\" content=\"http:\/\/agencia.252.com.mx\/wp-content\/uploads\/2026\/03\/w2_13560_2.jpeg\" \/>\n\t<meta property=\"og:image:width\" content=\"1280\" \/>\n\t<meta property=\"og:image:height\" content=\"853\" \/>\n\t<meta property=\"og:image:type\" content=\"image\/jpeg\" \/>\n<meta name=\"author\" content=\"Nacho Corro\" \/>\n<meta name=\"twitter:card\" content=\"summary_large_image\" \/>\n<meta name=\"twitter:creator\" content=\"@Juan Ignacio Corro Herrera\" \/>\n<meta name=\"twitter:site\" content=\"@252COMS\" \/>\n<meta name=\"twitter:label1\" content=\"Escrito por\" \/>\n\t<meta name=\"twitter:data1\" content=\"Nacho Corro\" \/>\n\t<meta name=\"twitter:label2\" content=\"Tiempo de lectura\" \/>\n\t<meta name=\"twitter:data2\" content=\"2 minutos\" \/>\n<script type=\"application\/ld+json\" class=\"yoast-schema-graph\">{\"@context\":\"https:\\\/\\\/schema.org\",\"@graph\":[{\"@type\":\"Article\",\"@id\":\"https:\\\/\\\/agencia.252.com.mx\\\/home\\\/inaugura-gobierno-del-edomex-primer-modulo-de-humanizacion-en-hospital-de-alta-especialidad-en-zumpango-orienta-asesora-y-media-ante-inconformidades\\\/#article\",\"isPartOf\":{\"@id\":\"https:\\\/\\\/agencia.252.com.mx\\\/home\\\/inaugura-gobierno-del-edomex-primer-modulo-de-humanizacion-en-hospital-de-alta-especialidad-en-zumpango-orienta-asesora-y-media-ante-inconformidades\\\/\"},\"author\":{\"name\":\"Nacho Corro\",\"@id\":\"https:\\\/\\\/agencia.252.com.mx\\\/home\\\/#\\\/schema\\\/person\\\/6b972021e9a92d45ade8c78d81509098\"},\"headline\":\"Inaugura Gobierno del EdoM\u00e9x primer M\u00f3dulo de Humanizaci\u00f3n en Hospital de Alta Especialidad en Zumpango; orienta, asesora y media ante inconformidades\",\"datePublished\":\"2026-03-01T19:56:44+00:00\",\"dateModified\":\"2026-03-01T19:56:45+00:00\",\"mainEntityOfPage\":{\"@id\":\"https:\\\/\\\/agencia.252.com.mx\\\/home\\\/inaugura-gobierno-del-edomex-primer-modulo-de-humanizacion-en-hospital-de-alta-especialidad-en-zumpango-orienta-asesora-y-media-ante-inconformidades\\\/\"},\"wordCount\":338,\"commentCount\":0,\"publisher\":{\"@id\":\"https:\\\/\\\/agencia.252.com.mx\\\/home\\\/#organization\"},\"image\":{\"@id\":\"https:\\\/\\\/agencia.252.com.mx\\\/home\\\/inaugura-gobierno-del-edomex-primer-modulo-de-humanizacion-en-hospital-de-alta-especialidad-en-zumpango-orienta-asesora-y-media-ante-inconformidades\\\/#primaryimage\"},\"thumbnailUrl\":\"https:\\\/\\\/agencia.252.com.mx\\\/wp-content\\\/uploads\\\/2026\\\/03\\\/w2_13560_2.jpeg\",\"keywords\":[\"Edomex\"],\"articleSection\":[\"Edomex\",\"salud\",\"Seguridad\"],\"inLanguage\":\"es\",\"potentialAction\":[{\"@type\":\"CommentAction\",\"name\":\"Comment\",\"target\":[\"https:\\\/\\\/agencia.252.com.mx\\\/home\\\/inaugura-gobierno-del-edomex-primer-modulo-de-humanizacion-en-hospital-de-alta-especialidad-en-zumpango-orienta-asesora-y-media-ante-inconformidades\\\/#respond\"]}]},{\"@type\":\"WebPage\",\"@id\":\"https:\\\/\\\/agencia.252.com.mx\\\/home\\\/inaugura-gobierno-del-edomex-primer-modulo-de-humanizacion-en-hospital-de-alta-especialidad-en-zumpango-orienta-asesora-y-media-ante-inconformidades\\\/\",\"url\":\"https:\\\/\\\/agencia.252.com.mx\\\/home\\\/inaugura-gobierno-del-edomex-primer-modulo-de-humanizacion-en-hospital-de-alta-especialidad-en-zumpango-orienta-asesora-y-media-ante-inconformidades\\\/\",\"name\":\"Inaugura Gobierno del EdoM\u00e9x primer M\u00f3dulo de Humanizaci\u00f3n en Hospital de Alta Especialidad en Zumpango; orienta, asesora y media ante inconformidades - Agencia252\",\"isPartOf\":{\"@id\":\"https:\\\/\\\/agencia.252.com.mx\\\/home\\\/#website\"},\"primaryImageOfPage\":{\"@id\":\"https:\\\/\\\/agencia.252.com.mx\\\/home\\\/inaugura-gobierno-del-edomex-primer-modulo-de-humanizacion-en-hospital-de-alta-especialidad-en-zumpango-orienta-asesora-y-media-ante-inconformidades\\\/#primaryimage\"},\"image\":{\"@id\":\"https:\\\/\\\/agencia.252.com.mx\\\/home\\\/inaugura-gobierno-del-edomex-primer-modulo-de-humanizacion-en-hospital-de-alta-especialidad-en-zumpango-orienta-asesora-y-media-ante-inconformidades\\\/#primaryimage\"},\"thumbnailUrl\":\"https:\\\/\\\/agencia.252.com.mx\\\/wp-content\\\/uploads\\\/2026\\\/03\\\/w2_13560_2.jpeg\",\"datePublished\":\"2026-03-01T19:56:44+00:00\",\"dateModified\":\"2026-03-01T19:56:45+00:00\",\"breadcrumb\":{\"@id\":\"https:\\\/\\\/agencia.252.com.mx\\\/home\\\/inaugura-gobierno-del-edomex-primer-modulo-de-humanizacion-en-hospital-de-alta-especialidad-en-zumpango-orienta-asesora-y-media-ante-inconformidades\\\/#breadcrumb\"},\"inLanguage\":\"es\",\"potentialAction\":[{\"@type\":\"ReadAction\",\"target\":[\"https:\\\/\\\/agencia.252.com.mx\\\/home\\\/inaugura-gobierno-del-edomex-primer-modulo-de-humanizacion-en-hospital-de-alta-especialidad-en-zumpango-orienta-asesora-y-media-ante-inconformidades\\\/\"]}]},{\"@type\":\"ImageObject\",\"inLanguage\":\"es\",\"@id\":\"https:\\\/\\\/agencia.252.com.mx\\\/home\\\/inaugura-gobierno-del-edomex-primer-modulo-de-humanizacion-en-hospital-de-alta-especialidad-en-zumpango-orienta-asesora-y-media-ante-inconformidades\\\/#primaryimage\",\"url\":\"https:\\\/\\\/agencia.252.com.mx\\\/wp-content\\\/uploads\\\/2026\\\/03\\\/w2_13560_2.jpeg\",\"contentUrl\":\"https:\\\/\\\/agencia.252.com.mx\\\/wp-content\\\/uploads\\\/2026\\\/03\\\/w2_13560_2.jpeg\",\"width\":1280,\"height\":853},{\"@type\":\"BreadcrumbList\",\"@id\":\"https:\\\/\\\/agencia.252.com.mx\\\/home\\\/inaugura-gobierno-del-edomex-primer-modulo-de-humanizacion-en-hospital-de-alta-especialidad-en-zumpango-orienta-asesora-y-media-ante-inconformidades\\\/#breadcrumb\",\"itemListElement\":[{\"@type\":\"ListItem\",\"position\":1,\"name\":\"Portada\",\"item\":\"https:\\\/\\\/agencia.252.com.mx\\\/home\\\/\"},{\"@type\":\"ListItem\",\"position\":2,\"name\":\"Inaugura Gobierno del EdoM\u00e9x primer M\u00f3dulo de Humanizaci\u00f3n en Hospital de Alta Especialidad en Zumpango; orienta, asesora y media ante inconformidades\"}]},{\"@type\":\"WebSite\",\"@id\":\"https:\\\/\\\/agencia.252.com.mx\\\/home\\\/#website\",\"url\":\"https:\\\/\\\/agencia.252.com.mx\\\/home\\\/\",\"name\":\"Agencia252\",\"description\":\"Tu espacio en la Red\",\"publisher\":{\"@id\":\"https:\\\/\\\/agencia.252.com.mx\\\/home\\\/#organization\"},\"potentialAction\":[{\"@type\":\"SearchAction\",\"target\":{\"@type\":\"EntryPoint\",\"urlTemplate\":\"https:\\\/\\\/agencia.252.com.mx\\\/home\\\/?s={search_term_string}\"},\"query-input\":{\"@type\":\"PropertyValueSpecification\",\"valueRequired\":true,\"valueName\":\"search_term_string\"}}],\"inLanguage\":\"es\"},{\"@type\":\"Organization\",\"@id\":\"https:\\\/\\\/agencia.252.com.mx\\\/home\\\/#organization\",\"name\":\"Agencia252\",\"url\":\"https:\\\/\\\/agencia.252.com.mx\\\/home\\\/\",\"logo\":{\"@type\":\"ImageObject\",\"inLanguage\":\"es\",\"@id\":\"https:\\\/\\\/agencia.252.com.mx\\\/home\\\/#\\\/schema\\\/logo\\\/image\\\/\",\"url\":\"https:\\\/\\\/agencia.252.com.mx\\\/wp-content\\\/uploads\\\/2023\\\/02\\\/cropped-ciruclo-agencia-e1677562404136.png\",\"contentUrl\":\"https:\\\/\\\/agencia.252.com.mx\\\/wp-content\\\/uploads\\\/2023\\\/02\\\/cropped-ciruclo-agencia-e1677562404136.png\",\"width\":512,\"height\":512,\"caption\":\"Agencia252\"},\"image\":{\"@id\":\"https:\\\/\\\/agencia.252.com.mx\\\/home\\\/#\\\/schema\\\/logo\\\/image\\\/\"},\"sameAs\":[\"https:\\\/\\\/www.facebook.com\\\/252Comunicacion\\\/\",\"https:\\\/\\\/x.com\\\/252COMS\"]},{\"@type\":\"Person\",\"@id\":\"https:\\\/\\\/agencia.252.com.mx\\\/home\\\/#\\\/schema\\\/person\\\/6b972021e9a92d45ade8c78d81509098\",\"name\":\"Nacho Corro\",\"image\":{\"@type\":\"ImageObject\",\"inLanguage\":\"es\",\"@id\":\"https:\\\/\\\/secure.gravatar.com\\\/avatar\\\/5db6df507cfe1307e192fbb498c6b85f1cf2ffd8b4cd37141b9eea588fcbd5a4?s=96&r=g\",\"url\":\"https:\\\/\\\/secure.gravatar.com\\\/avatar\\\/5db6df507cfe1307e192fbb498c6b85f1cf2ffd8b4cd37141b9eea588fcbd5a4?s=96&r=g\",\"contentUrl\":\"https:\\\/\\\/secure.gravatar.com\\\/avatar\\\/5db6df507cfe1307e192fbb498c6b85f1cf2ffd8b4cd37141b9eea588fcbd5a4?s=96&r=g\",\"caption\":\"Nacho Corro\"},\"description\":\"Comunicador Social, Periodista y Administraci\u00f3n P\u00fablica. Conversador pol\u00edtico, temas electorales y seguridad. Generador de contenidos digitales. Amante de la fotograf\u00eda\",\"sameAs\":[\"https:\\\/\\\/www.facebook.com\\\/jcorroherrera\\\/\",\"www.instagram.com\\\/nachocorro\\\/\",\"https:\\\/\\\/x.com\\\/Juan Ignacio Corro Herrera\"],\"url\":\"https:\\\/\\\/agencia.252.com.mx\\\/home\\\/author\\\/i-corro\\\/\"}]}<\/script>\n<!-- \/ Yoast SEO plugin. -->","yoast_head_json":{"title":"Inaugura Gobierno del EdoM\u00e9x primer M\u00f3dulo de Humanizaci\u00f3n en Hospital de Alta Especialidad en Zumpango; orienta, asesora y media ante inconformidades - Agencia252","robots":{"index":"index","follow":"follow","max-snippet":"max-snippet:-1","max-image-preview":"max-image-preview:large","max-video-preview":"max-video-preview:-1"},"canonical":"https:\/\/agencia.252.com.mx\/home\/inaugura-gobierno-del-edomex-primer-modulo-de-humanizacion-en-hospital-de-alta-especialidad-en-zumpango-orienta-asesora-y-media-ante-inconformidades\/","og_locale":"es_ES","og_type":"article","og_title":"Inaugura Gobierno del EdoM\u00e9x primer M\u00f3dulo de Humanizaci\u00f3n en Hospital de Alta Especialidad en Zumpango; orienta, asesora y media ante inconformidades - Agencia252","og_description":"Visitas: 45 Juan Ignacio Corro Zumpango, M\u00e9x., a 1 de marzo de 2026 El Gobierno del Estado de M\u00e9xico, a trav\u00e9s de la Secretar\u00eda de Salud, puso en operaci\u00f3n el primer M\u00f3dulo de Humanizaci\u00f3n de Atenci\u00f3n a la Salud en el Hospital Regional de Alta Especialidad de Zumpango, espacio destinado a brindar asesor\u00eda, informaci\u00f3n y [&hellip;]","og_url":"https:\/\/agencia.252.com.mx\/home\/inaugura-gobierno-del-edomex-primer-modulo-de-humanizacion-en-hospital-de-alta-especialidad-en-zumpango-orienta-asesora-y-media-ante-inconformidades\/","og_site_name":"Agencia252","article_publisher":"https:\/\/www.facebook.com\/252Comunicacion\/","article_author":"https:\/\/www.facebook.com\/jcorroherrera\/","article_published_time":"2026-03-01T19:56:44+00:00","article_modified_time":"2026-03-01T19:56:45+00:00","og_image":[{"width":1280,"height":853,"url":"http:\/\/agencia.252.com.mx\/wp-content\/uploads\/2026\/03\/w2_13560_2.jpeg","type":"image\/jpeg"}],"author":"Nacho Corro","twitter_card":"summary_large_image","twitter_creator":"@Juan Ignacio Corro Herrera","twitter_site":"@252COMS","twitter_misc":{"Escrito por":"Nacho Corro","Tiempo de lectura":"2 minutos"},"schema":{"@context":"https:\/\/schema.org","@graph":[{"@type":"Article","@id":"https:\/\/agencia.252.com.mx\/home\/inaugura-gobierno-del-edomex-primer-modulo-de-humanizacion-en-hospital-de-alta-especialidad-en-zumpango-orienta-asesora-y-media-ante-inconformidades\/#article","isPartOf":{"@id":"https:\/\/agencia.252.com.mx\/home\/inaugura-gobierno-del-edomex-primer-modulo-de-humanizacion-en-hospital-de-alta-especialidad-en-zumpango-orienta-asesora-y-media-ante-inconformidades\/"},"author":{"name":"Nacho Corro","@id":"https:\/\/agencia.252.com.mx\/home\/#\/schema\/person\/6b972021e9a92d45ade8c78d81509098"},"headline":"Inaugura Gobierno del EdoM\u00e9x primer M\u00f3dulo de Humanizaci\u00f3n en Hospital de Alta Especialidad en Zumpango; orienta, asesora y media ante inconformidades","datePublished":"2026-03-01T19:56:44+00:00","dateModified":"2026-03-01T19:56:45+00:00","mainEntityOfPage":{"@id":"https:\/\/agencia.252.com.mx\/home\/inaugura-gobierno-del-edomex-primer-modulo-de-humanizacion-en-hospital-de-alta-especialidad-en-zumpango-orienta-asesora-y-media-ante-inconformidades\/"},"wordCount":338,"commentCount":0,"publisher":{"@id":"https:\/\/agencia.252.com.mx\/home\/#organization"},"image":{"@id":"https:\/\/agencia.252.com.mx\/home\/inaugura-gobierno-del-edomex-primer-modulo-de-humanizacion-en-hospital-de-alta-especialidad-en-zumpango-orienta-asesora-y-media-ante-inconformidades\/#primaryimage"},"thumbnailUrl":"https:\/\/agencia.252.com.mx\/wp-content\/uploads\/2026\/03\/w2_13560_2.jpeg","keywords":["Edomex"],"articleSection":["Edomex","salud","Seguridad"],"inLanguage":"es","potentialAction":[{"@type":"CommentAction","name":"Comment","target":["https:\/\/agencia.252.com.mx\/home\/inaugura-gobierno-del-edomex-primer-modulo-de-humanizacion-en-hospital-de-alta-especialidad-en-zumpango-orienta-asesora-y-media-ante-inconformidades\/#respond"]}]},{"@type":"WebPage","@id":"https:\/\/agencia.252.com.mx\/home\/inaugura-gobierno-del-edomex-primer-modulo-de-humanizacion-en-hospital-de-alta-especialidad-en-zumpango-orienta-asesora-y-media-ante-inconformidades\/","url":"https:\/\/agencia.252.com.mx\/home\/inaugura-gobierno-del-edomex-primer-modulo-de-humanizacion-en-hospital-de-alta-especialidad-en-zumpango-orienta-asesora-y-media-ante-inconformidades\/","name":"Inaugura Gobierno del EdoM\u00e9x primer M\u00f3dulo de Humanizaci\u00f3n en Hospital de Alta Especialidad en Zumpango; orienta, asesora y media ante inconformidades - Agencia252","isPartOf":{"@id":"https:\/\/agencia.252.com.mx\/home\/#website"},"primaryImageOfPage":{"@id":"https:\/\/agencia.252.com.mx\/home\/inaugura-gobierno-del-edomex-primer-modulo-de-humanizacion-en-hospital-de-alta-especialidad-en-zumpango-orienta-asesora-y-media-ante-inconformidades\/#primaryimage"},"image":{"@id":"https:\/\/agencia.252.com.mx\/home\/inaugura-gobierno-del-edomex-primer-modulo-de-humanizacion-en-hospital-de-alta-especialidad-en-zumpango-orienta-asesora-y-media-ante-inconformidades\/#primaryimage"},"thumbnailUrl":"https:\/\/agencia.252.com.mx\/wp-content\/uploads\/2026\/03\/w2_13560_2.jpeg","datePublished":"2026-03-01T19:56:44+00:00","dateModified":"2026-03-01T19:56:45+00:00","breadcrumb":{"@id":"https:\/\/agencia.252.com.mx\/home\/inaugura-gobierno-del-edomex-primer-modulo-de-humanizacion-en-hospital-de-alta-especialidad-en-zumpango-orienta-asesora-y-media-ante-inconformidades\/#breadcrumb"},"inLanguage":"es","potentialAction":[{"@type":"ReadAction","target":["https:\/\/agencia.252.com.mx\/home\/inaugura-gobierno-del-edomex-primer-modulo-de-humanizacion-en-hospital-de-alta-especialidad-en-zumpango-orienta-asesora-y-media-ante-inconformidades\/"]}]},{"@type":"ImageObject","inLanguage":"es","@id":"https:\/\/agencia.252.com.mx\/home\/inaugura-gobierno-del-edomex-primer-modulo-de-humanizacion-en-hospital-de-alta-especialidad-en-zumpango-orienta-asesora-y-media-ante-inconformidades\/#primaryimage","url":"https:\/\/agencia.252.com.mx\/wp-content\/uploads\/2026\/03\/w2_13560_2.jpeg","contentUrl":"https:\/\/agencia.252.com.mx\/wp-content\/uploads\/2026\/03\/w2_13560_2.jpeg","width":1280,"height":853},{"@type":"BreadcrumbList","@id":"https:\/\/agencia.252.com.mx\/home\/inaugura-gobierno-del-edomex-primer-modulo-de-humanizacion-en-hospital-de-alta-especialidad-en-zumpango-orienta-asesora-y-media-ante-inconformidades\/#breadcrumb","itemListElement":[{"@type":"ListItem","position":1,"name":"Portada","item":"https:\/\/agencia.252.com.mx\/home\/"},{"@type":"ListItem","position":2,"name":"Inaugura Gobierno del EdoM\u00e9x primer M\u00f3dulo de Humanizaci\u00f3n en Hospital de Alta Especialidad en Zumpango; orienta, asesora y media ante inconformidades"}]},{"@type":"WebSite","@id":"https:\/\/agencia.252.com.mx\/home\/#website","url":"https:\/\/agencia.252.com.mx\/home\/","name":"Agencia252","description":"Tu espacio en la Red","publisher":{"@id":"https:\/\/agencia.252.com.mx\/home\/#organization"},"potentialAction":[{"@type":"SearchAction","target":{"@type":"EntryPoint","urlTemplate":"https:\/\/agencia.252.com.mx\/home\/?s={search_term_string}"},"query-input":{"@type":"PropertyValueSpecification","valueRequired":true,"valueName":"search_term_string"}}],"inLanguage":"es"},{"@type":"Organization","@id":"https:\/\/agencia.252.com.mx\/home\/#organization","name":"Agencia252","url":"https:\/\/agencia.252.com.mx\/home\/","logo":{"@type":"ImageObject","inLanguage":"es","@id":"https:\/\/agencia.252.com.mx\/home\/#\/schema\/logo\/image\/","url":"https:\/\/agencia.252.com.mx\/wp-content\/uploads\/2023\/02\/cropped-ciruclo-agencia-e1677562404136.png","contentUrl":"https:\/\/agencia.252.com.mx\/wp-content\/uploads\/2023\/02\/cropped-ciruclo-agencia-e1677562404136.png","width":512,"height":512,"caption":"Agencia252"},"image":{"@id":"https:\/\/agencia.252.com.mx\/home\/#\/schema\/logo\/image\/"},"sameAs":["https:\/\/www.facebook.com\/252Comunicacion\/","https:\/\/x.com\/252COMS"]},{"@type":"Person","@id":"https:\/\/agencia.252.com.mx\/home\/#\/schema\/person\/6b972021e9a92d45ade8c78d81509098","name":"Nacho Corro","image":{"@type":"ImageObject","inLanguage":"es","@id":"https:\/\/secure.gravatar.com\/avatar\/5db6df507cfe1307e192fbb498c6b85f1cf2ffd8b4cd37141b9eea588fcbd5a4?s=96&r=g","url":"https:\/\/secure.gravatar.com\/avatar\/5db6df507cfe1307e192fbb498c6b85f1cf2ffd8b4cd37141b9eea588fcbd5a4?s=96&r=g","contentUrl":"https:\/\/secure.gravatar.com\/avatar\/5db6df507cfe1307e192fbb498c6b85f1cf2ffd8b4cd37141b9eea588fcbd5a4?s=96&r=g","caption":"Nacho Corro"},"description":"Comunicador Social, Periodista y Administraci\u00f3n P\u00fablica. Conversador pol\u00edtico, temas electorales y seguridad. Generador de contenidos digitales. Amante de la fotograf\u00eda","sameAs":["https:\/\/www.facebook.com\/jcorroherrera\/","www.instagram.com\/nachocorro\/","https:\/\/x.com\/Juan Ignacio Corro Herrera"],"url":"https:\/\/agencia.252.com.mx\/home\/author\/i-corro\/"}]}},"_links":{"self":[{"href":"https:\/\/agencia.252.com.mx\/home\/wp-json\/wp\/v2\/posts\/16427","targetHints":{"allow":["GET"]}}],"collection":[{"href":"https:\/\/agencia.252.com.mx\/home\/wp-json\/wp\/v2\/posts"}],"about":[{"href":"https:\/\/agencia.252.com.mx\/home\/wp-json\/wp\/v2\/types\/post"}],"author":[{"embeddable":true,"href":"https:\/\/agencia.252.com.mx\/home\/wp-json\/wp\/v2\/users\/5"}],"replies":[{"embeddable":true,"href":"https:\/\/agencia.252.com.mx\/home\/wp-json\/wp\/v2\/comments?post=16427"}],"version-history":[{"count":1,"href":"https:\/\/agencia.252.com.mx\/home\/wp-json\/wp\/v2\/posts\/16427\/revisions"}],"predecessor-version":[{"id":16429,"href":"https:\/\/agencia.252.com.mx\/home\/wp-json\/wp\/v2\/posts\/16427\/revisions\/16429"}],"wp:featuredmedia":[{"embeddable":true,"href":"https:\/\/agencia.252.com.mx\/home\/wp-json\/wp\/v2\/media\/16428"}],"wp:attachment":[{"href":"https:\/\/agencia.252.com.mx\/home\/wp-json\/wp\/v2\/media?parent=16427"}],"wp:term":[{"taxonomy":"category","embeddable":true,"href":"https:\/\/agencia.252.com.mx\/home\/wp-json\/wp\/v2\/categories?post=16427"},{"taxonomy":"post_tag","embeddable":true,"href":"https:\/\/agencia.252.com.mx\/home\/wp-json\/wp\/v2\/tags?post=16427"}],"curies":[{"name":"wp","href":"https:\/\/api.w.org\/{rel}","templated":true}]}}