{"id":16422,"date":"2026-03-01T13:36:01","date_gmt":"2026-03-01T19:36:01","guid":{"rendered":"https:\/\/agencia.252.com.mx\/home\/?p=16422"},"modified":"2026-03-01T13:36:02","modified_gmt":"2026-03-01T19:36:02","slug":"la-diversidad-es-una-causa-permanente-que-viene-mas-fuerte-y-comprometida-todos-los-dias-pri-edomex","status":"publish","type":"post","link":"https:\/\/agencia.252.com.mx\/home\/la-diversidad-es-una-causa-permanente-que-viene-mas-fuerte-y-comprometida-todos-los-dias-pri-edomex\/","title":{"rendered":"La Diversidad es una causa permanente que viene m\u00e1s fuerte y comprometida todos los d\u00edas: PRI Edomex"},"content":{"rendered":"<p>Visitas: 19<\/p>\n<ul class=\"wp-block-list\">\n<li><em>El PRI listo para enfrentar los desaf\u00edos que hoy tiene el pa\u00eds ante la falta de seguridad, el colapso del sector salud y la debacle de un gobierno que no cumpli\u00f3 con sus promesas: Cristina Ruiz\u00a0<\/em><\/li>\n<\/ul>\n\n\n\n<p>Juan Ignacio Corro<\/p>\n\n\n\n<p class=\"has-text-align-right\">Ecatepec, M\u00e9x., a 1 de marzo de 2026<\/p>\n\n\n\n<p>Al dejar en claro que el PRI est\u00e1 listo para competir y regresar con los buenos gobiernos que el pa\u00eds y el Estado de M\u00e9xico necesitan, la Presidenta del Comit\u00e9 Directivo Estatal (CDE), Cristina Ruiz Sandoval, reconoci\u00f3 el trabajo de sus liderazgos para trazar una ruta&nbsp;&nbsp;de organizaci\u00f3n territorial con el fin de ganar la confianza de los mexiquenses.&nbsp;&nbsp;&nbsp;<\/p>\n\n\n\n<p>En la toma de protesta de las estructuras de&nbsp;&nbsp;la Secretar\u00eda de Diversidad, Regi\u00f3n VIII&nbsp;&nbsp;integrada por 11 municipios, la dirigente estatal manifest\u00f3 la importancia de seguir cerca de la gente y abanderar sus causas&nbsp;&nbsp;sociales para enfrentar los desaf\u00edos que hoy tiene el pa\u00eds ante la falta de seguridad, el colapso del sector salud y la debacle de un gobierno que no cumpli\u00f3 con sus promesas.&nbsp;&nbsp;<\/p>\n\n\n\n<figure class=\"wp-block-image alignright size-medium\"><img fetchpriority=\"high\" decoding=\"async\" width=\"300\" height=\"180\" src=\"https:\/\/agencia.252.com.mx\/wp-content\/uploads\/2026\/03\/WhatsApp-Image-2026-03-01-at-12.54.37-PM-2-300x180.jpeg\" alt=\"\" class=\"wp-image-16423\" srcset=\"https:\/\/agencia.252.com.mx\/wp-content\/uploads\/2026\/03\/WhatsApp-Image-2026-03-01-at-12.54.37-PM-2-300x180.jpeg 300w, https:\/\/agencia.252.com.mx\/wp-content\/uploads\/2026\/03\/WhatsApp-Image-2026-03-01-at-12.54.37-PM-2-1024x614.jpeg 1024w, https:\/\/agencia.252.com.mx\/wp-content\/uploads\/2026\/03\/WhatsApp-Image-2026-03-01-at-12.54.37-PM-2-768x461.jpeg 768w, https:\/\/agencia.252.com.mx\/wp-content\/uploads\/2026\/03\/WhatsApp-Image-2026-03-01-at-12.54.37-PM-2-1536x922.jpeg 1536w, https:\/\/agencia.252.com.mx\/wp-content\/uploads\/2026\/03\/WhatsApp-Image-2026-03-01-at-12.54.37-PM-2.jpeg 1600w\" sizes=\"(max-width: 300px) 100vw, 300px\" \/><\/figure>\n\n\n\n<p>M\u00e9xico y nuestro querido Estado de M\u00e9xico nos necesita y debemos estar preparados para volver a ser mayor\u00eda en un solo frente com\u00fan con la ciudadan\u00eda, \u201cconstruyendo los bloques que arropan las causas, pues lamentablemente han destruido al pa\u00eds y prueba de ello es que el Estado es n\u00famero uno en cr\u00edmenes&nbsp;&nbsp;de odio y desapariciones\u201d, puntualiz\u00f3 la l\u00edder priista.&nbsp;&nbsp;&nbsp;<\/p>\n\n\n\n<p>Acompa\u00f1ada por el secretario de Diversidad, Gustavo L\u00f3pez Aldana, e integrantes de la dirigencia del CDE, Ruiz Sandoval llam\u00f3 a defender a la patria, \u201caunque la tarea no es f\u00e1cil estamos obligados a alzar la voz ante un gobierno que ha fallado y eso ser\u00e1 posible abanderando las causas de todos los sectores sociales y para ello vamos a construir los espacios en unidad&nbsp;&nbsp;porque el PRI se la juega con su militancia\u201d.&nbsp;&nbsp;&nbsp;<\/p>\n\n\n\n<p>Ante los liderazgos de Diversidad de los municipios de Izcalli, Cuautitl\u00e1n, Tultitl\u00e1n, Teoloyucan, Tepotzotl\u00e1n, Coyotepec, Melchor Ocampo, Coacalco, Huehuetoca, Villa del carb\u00f3n y Tultepec plante\u00f3 trabajar sobre una estrategia con las dirigencias seccionales que permitan atender los retos electorales de los siguientes meses \u201ccon \u00e1nimo y fe porque eso es lo que nos hace falta en estos momentos que vive M\u00e9xico\u201d.&nbsp;&nbsp;&nbsp;<\/p>\n\n\n\n<p>En el PRI, agreg\u00f3, estamos los mejores \u201clos que tenemos valores, lealtad, congruencia y gratitud que si vale en pol\u00edtica y la diversidad es un camino que vamos a recorrer juntos con un PRI que tiene mucha vida por delante y m\u00e1s amor\u201d.&nbsp;&nbsp;&nbsp;<\/p>\n\n\n\n<p>Gustavo L\u00f3pez Aldana sostuvo que la Diversidad es una causa permanente que viene m\u00e1s fuerte y comprometida todos los d\u00edas, as\u00ed \u201ccrecemos como comunidad y porque en el PRI caben todos los vamos a enfrentar el futuro con firmeza y decisi\u00f3n para bien de las nuevas generaciones hasta donde tope\u201d.<\/p>\n","protected":false},"excerpt":{"rendered":"<p>Visitas: 19 Juan Ignacio Corro Ecatepec, M\u00e9x., a 1 de marzo de 2026 Al dejar en claro que el PRI est\u00e1 listo para competir y regresar con los buenos gobiernos que el pa\u00eds y el Estado de M\u00e9xico necesitan, la Presidenta del Comit\u00e9 Directivo Estatal (CDE), Cristina Ruiz Sandoval, reconoci\u00f3 el trabajo de sus liderazgos [&hellip;]<\/p>\n","protected":false},"author":5,"featured_media":16424,"comment_status":"open","ping_status":"open","sticky":false,"template":"","format":"standard","meta":{"site-sidebar-layout":"default","site-content-layout":"","ast-site-content-layout":"default","site-content-style":"default","site-sidebar-style":"default","ast-global-header-display":"","ast-banner-title-visibility":"","ast-main-header-display":"","ast-hfb-above-header-display":"","ast-hfb-below-header-display":"","ast-hfb-mobile-header-display":"","site-post-title":"","ast-breadcrumbs-content":"","ast-featured-img":"","footer-sml-layout":"","ast-disable-related-posts":"","theme-transparent-header-meta":"","adv-header-id-meta":"","stick-header-meta":"","header-above-stick-meta":"","header-main-stick-meta":"","header-below-stick-meta":"","astra-migrate-meta-layouts":"set","ast-page-background-enabled":"default","ast-page-background-meta":{"desktop":{"background-color":"var(--ast-global-color-4)","background-image":"","background-repeat":"repeat","background-position":"center center","background-size":"auto","background-attachment":"scroll","background-type":"","background-media":"","overlay-type":"","overlay-color":"","overlay-opacity":"","overlay-gradient":""},"tablet":{"background-color":"","background-image":"","background-repeat":"repeat","background-position":"center center","background-size":"auto","background-attachment":"scroll","background-type":"","background-media":"","overlay-type":"","overlay-color":"","overlay-opacity":"","overlay-gradient":""},"mobile":{"background-color":"","background-image":"","background-repeat":"repeat","background-position":"center center","background-size":"auto","background-attachment":"scroll","background-type":"","background-media":"","overlay-type":"","overlay-color":"","overlay-opacity":"","overlay-gradient":""}},"ast-content-background-meta":{"desktop":{"background-color":"var(--ast-global-color-5)","background-image":"","background-repeat":"repeat","background-position":"center center","background-size":"auto","background-attachment":"scroll","background-type":"","background-media":"","overlay-type":"","overlay-color":"","overlay-opacity":"","overlay-gradient":""},"tablet":{"background-color":"var(--ast-global-color-5)","background-image":"","background-repeat":"repeat","background-position":"center center","background-size":"auto","background-attachment":"scroll","background-type":"","background-media":"","overlay-type":"","overlay-color":"","overlay-opacity":"","overlay-gradient":""},"mobile":{"background-color":"var(--ast-global-color-5)","background-image":"","background-repeat":"repeat","background-position":"center center","background-size":"auto","background-attachment":"scroll","background-type":"","background-media":"","overlay-type":"","overlay-color":"","overlay-opacity":"","overlay-gradient":""}},"footnotes":""},"categories":[8,512,68],"tags":[526],"class_list":["post-16422","post","type-post","status-publish","format-standard","has-post-thumbnail","hentry","category-edomex","category-metropoli","category-seguridad","tag-edomex"],"yoast_head":"<!-- This site is optimized with the Yoast SEO plugin v27.4 - https:\/\/yoast.com\/product\/yoast-seo-wordpress\/ -->\n<title>La Diversidad es una causa permanente que viene m\u00e1s fuerte y comprometida todos los d\u00edas: PRI Edomex - Agencia252<\/title>\n<meta name=\"robots\" content=\"index, follow, max-snippet:-1, max-image-preview:large, max-video-preview:-1\" \/>\n<link rel=\"canonical\" href=\"https:\/\/agencia.252.com.mx\/home\/la-diversidad-es-una-causa-permanente-que-viene-mas-fuerte-y-comprometida-todos-los-dias-pri-edomex\/\" \/>\n<meta property=\"og:locale\" content=\"es_ES\" \/>\n<meta property=\"og:type\" content=\"article\" \/>\n<meta property=\"og:title\" content=\"La Diversidad es una causa permanente que viene m\u00e1s fuerte y comprometida todos los d\u00edas: PRI Edomex - Agencia252\" \/>\n<meta property=\"og:description\" content=\"Visitas: 19 Juan Ignacio Corro Ecatepec, M\u00e9x., a 1 de marzo de 2026 Al dejar en claro que el PRI est\u00e1 listo para competir y regresar con los buenos gobiernos que el pa\u00eds y el Estado de M\u00e9xico necesitan, la Presidenta del Comit\u00e9 Directivo Estatal (CDE), Cristina Ruiz Sandoval, reconoci\u00f3 el trabajo de sus liderazgos [&hellip;]\" \/>\n<meta property=\"og:url\" content=\"https:\/\/agencia.252.com.mx\/home\/la-diversidad-es-una-causa-permanente-que-viene-mas-fuerte-y-comprometida-todos-los-dias-pri-edomex\/\" \/>\n<meta property=\"og:site_name\" content=\"Agencia252\" \/>\n<meta property=\"article:publisher\" content=\"https:\/\/www.facebook.com\/252Comunicacion\/\" \/>\n<meta property=\"article:author\" content=\"https:\/\/www.facebook.com\/jcorroherrera\/\" \/>\n<meta property=\"article:published_time\" content=\"2026-03-01T19:36:01+00:00\" \/>\n<meta property=\"article:modified_time\" content=\"2026-03-01T19:36:02+00:00\" \/>\n<meta property=\"og:image\" content=\"http:\/\/agencia.252.com.mx\/wp-content\/uploads\/2026\/03\/WhatsApp-Image-2026-03-01-at-12.54.37-PM.jpeg\" \/>\n\t<meta property=\"og:image:width\" content=\"1280\" \/>\n\t<meta property=\"og:image:height\" content=\"854\" \/>\n\t<meta property=\"og:image:type\" content=\"image\/jpeg\" \/>\n<meta name=\"author\" content=\"Nacho Corro\" \/>\n<meta name=\"twitter:card\" content=\"summary_large_image\" \/>\n<meta name=\"twitter:creator\" content=\"@Juan Ignacio Corro Herrera\" \/>\n<meta name=\"twitter:site\" content=\"@252COMS\" \/>\n<meta name=\"twitter:label1\" content=\"Escrito por\" \/>\n\t<meta name=\"twitter:data1\" content=\"Nacho Corro\" \/>\n\t<meta name=\"twitter:label2\" content=\"Tiempo de lectura\" \/>\n\t<meta name=\"twitter:data2\" content=\"3 minutos\" \/>\n<script type=\"application\/ld+json\" class=\"yoast-schema-graph\">{\"@context\":\"https:\\\/\\\/schema.org\",\"@graph\":[{\"@type\":\"Article\",\"@id\":\"https:\\\/\\\/agencia.252.com.mx\\\/home\\\/la-diversidad-es-una-causa-permanente-que-viene-mas-fuerte-y-comprometida-todos-los-dias-pri-edomex\\\/#article\",\"isPartOf\":{\"@id\":\"https:\\\/\\\/agencia.252.com.mx\\\/home\\\/la-diversidad-es-una-causa-permanente-que-viene-mas-fuerte-y-comprometida-todos-los-dias-pri-edomex\\\/\"},\"author\":{\"name\":\"Nacho Corro\",\"@id\":\"https:\\\/\\\/agencia.252.com.mx\\\/home\\\/#\\\/schema\\\/person\\\/6b972021e9a92d45ade8c78d81509098\"},\"headline\":\"La Diversidad es una causa permanente que viene m\u00e1s fuerte y comprometida todos los d\u00edas: PRI Edomex\",\"datePublished\":\"2026-03-01T19:36:01+00:00\",\"dateModified\":\"2026-03-01T19:36:02+00:00\",\"mainEntityOfPage\":{\"@id\":\"https:\\\/\\\/agencia.252.com.mx\\\/home\\\/la-diversidad-es-una-causa-permanente-que-viene-mas-fuerte-y-comprometida-todos-los-dias-pri-edomex\\\/\"},\"wordCount\":538,\"commentCount\":0,\"publisher\":{\"@id\":\"https:\\\/\\\/agencia.252.com.mx\\\/home\\\/#organization\"},\"image\":{\"@id\":\"https:\\\/\\\/agencia.252.com.mx\\\/home\\\/la-diversidad-es-una-causa-permanente-que-viene-mas-fuerte-y-comprometida-todos-los-dias-pri-edomex\\\/#primaryimage\"},\"thumbnailUrl\":\"https:\\\/\\\/agencia.252.com.mx\\\/wp-content\\\/uploads\\\/2026\\\/03\\\/WhatsApp-Image-2026-03-01-at-12.54.37-PM.jpeg\",\"keywords\":[\"Edomex\"],\"articleSection\":[\"Edomex\",\"Metropoli\",\"Seguridad\"],\"inLanguage\":\"es\",\"potentialAction\":[{\"@type\":\"CommentAction\",\"name\":\"Comment\",\"target\":[\"https:\\\/\\\/agencia.252.com.mx\\\/home\\\/la-diversidad-es-una-causa-permanente-que-viene-mas-fuerte-y-comprometida-todos-los-dias-pri-edomex\\\/#respond\"]}]},{\"@type\":\"WebPage\",\"@id\":\"https:\\\/\\\/agencia.252.com.mx\\\/home\\\/la-diversidad-es-una-causa-permanente-que-viene-mas-fuerte-y-comprometida-todos-los-dias-pri-edomex\\\/\",\"url\":\"https:\\\/\\\/agencia.252.com.mx\\\/home\\\/la-diversidad-es-una-causa-permanente-que-viene-mas-fuerte-y-comprometida-todos-los-dias-pri-edomex\\\/\",\"name\":\"La Diversidad es una causa permanente que viene m\u00e1s fuerte y comprometida todos los d\u00edas: PRI Edomex - Agencia252\",\"isPartOf\":{\"@id\":\"https:\\\/\\\/agencia.252.com.mx\\\/home\\\/#website\"},\"primaryImageOfPage\":{\"@id\":\"https:\\\/\\\/agencia.252.com.mx\\\/home\\\/la-diversidad-es-una-causa-permanente-que-viene-mas-fuerte-y-comprometida-todos-los-dias-pri-edomex\\\/#primaryimage\"},\"image\":{\"@id\":\"https:\\\/\\\/agencia.252.com.mx\\\/home\\\/la-diversidad-es-una-causa-permanente-que-viene-mas-fuerte-y-comprometida-todos-los-dias-pri-edomex\\\/#primaryimage\"},\"thumbnailUrl\":\"https:\\\/\\\/agencia.252.com.mx\\\/wp-content\\\/uploads\\\/2026\\\/03\\\/WhatsApp-Image-2026-03-01-at-12.54.37-PM.jpeg\",\"datePublished\":\"2026-03-01T19:36:01+00:00\",\"dateModified\":\"2026-03-01T19:36:02+00:00\",\"breadcrumb\":{\"@id\":\"https:\\\/\\\/agencia.252.com.mx\\\/home\\\/la-diversidad-es-una-causa-permanente-que-viene-mas-fuerte-y-comprometida-todos-los-dias-pri-edomex\\\/#breadcrumb\"},\"inLanguage\":\"es\",\"potentialAction\":[{\"@type\":\"ReadAction\",\"target\":[\"https:\\\/\\\/agencia.252.com.mx\\\/home\\\/la-diversidad-es-una-causa-permanente-que-viene-mas-fuerte-y-comprometida-todos-los-dias-pri-edomex\\\/\"]}]},{\"@type\":\"ImageObject\",\"inLanguage\":\"es\",\"@id\":\"https:\\\/\\\/agencia.252.com.mx\\\/home\\\/la-diversidad-es-una-causa-permanente-que-viene-mas-fuerte-y-comprometida-todos-los-dias-pri-edomex\\\/#primaryimage\",\"url\":\"https:\\\/\\\/agencia.252.com.mx\\\/wp-content\\\/uploads\\\/2026\\\/03\\\/WhatsApp-Image-2026-03-01-at-12.54.37-PM.jpeg\",\"contentUrl\":\"https:\\\/\\\/agencia.252.com.mx\\\/wp-content\\\/uploads\\\/2026\\\/03\\\/WhatsApp-Image-2026-03-01-at-12.54.37-PM.jpeg\",\"width\":1280,\"height\":854},{\"@type\":\"BreadcrumbList\",\"@id\":\"https:\\\/\\\/agencia.252.com.mx\\\/home\\\/la-diversidad-es-una-causa-permanente-que-viene-mas-fuerte-y-comprometida-todos-los-dias-pri-edomex\\\/#breadcrumb\",\"itemListElement\":[{\"@type\":\"ListItem\",\"position\":1,\"name\":\"Portada\",\"item\":\"https:\\\/\\\/agencia.252.com.mx\\\/home\\\/\"},{\"@type\":\"ListItem\",\"position\":2,\"name\":\"La Diversidad es una causa permanente que viene m\u00e1s fuerte y comprometida todos los d\u00edas: PRI Edomex\"}]},{\"@type\":\"WebSite\",\"@id\":\"https:\\\/\\\/agencia.252.com.mx\\\/home\\\/#website\",\"url\":\"https:\\\/\\\/agencia.252.com.mx\\\/home\\\/\",\"name\":\"Agencia252\",\"description\":\"Tu espacio en la Red\",\"publisher\":{\"@id\":\"https:\\\/\\\/agencia.252.com.mx\\\/home\\\/#organization\"},\"potentialAction\":[{\"@type\":\"SearchAction\",\"target\":{\"@type\":\"EntryPoint\",\"urlTemplate\":\"https:\\\/\\\/agencia.252.com.mx\\\/home\\\/?s={search_term_string}\"},\"query-input\":{\"@type\":\"PropertyValueSpecification\",\"valueRequired\":true,\"valueName\":\"search_term_string\"}}],\"inLanguage\":\"es\"},{\"@type\":\"Organization\",\"@id\":\"https:\\\/\\\/agencia.252.com.mx\\\/home\\\/#organization\",\"name\":\"Agencia252\",\"url\":\"https:\\\/\\\/agencia.252.com.mx\\\/home\\\/\",\"logo\":{\"@type\":\"ImageObject\",\"inLanguage\":\"es\",\"@id\":\"https:\\\/\\\/agencia.252.com.mx\\\/home\\\/#\\\/schema\\\/logo\\\/image\\\/\",\"url\":\"https:\\\/\\\/agencia.252.com.mx\\\/wp-content\\\/uploads\\\/2023\\\/02\\\/cropped-ciruclo-agencia-e1677562404136.png\",\"contentUrl\":\"https:\\\/\\\/agencia.252.com.mx\\\/wp-content\\\/uploads\\\/2023\\\/02\\\/cropped-ciruclo-agencia-e1677562404136.png\",\"width\":512,\"height\":512,\"caption\":\"Agencia252\"},\"image\":{\"@id\":\"https:\\\/\\\/agencia.252.com.mx\\\/home\\\/#\\\/schema\\\/logo\\\/image\\\/\"},\"sameAs\":[\"https:\\\/\\\/www.facebook.com\\\/252Comunicacion\\\/\",\"https:\\\/\\\/x.com\\\/252COMS\"]},{\"@type\":\"Person\",\"@id\":\"https:\\\/\\\/agencia.252.com.mx\\\/home\\\/#\\\/schema\\\/person\\\/6b972021e9a92d45ade8c78d81509098\",\"name\":\"Nacho Corro\",\"image\":{\"@type\":\"ImageObject\",\"inLanguage\":\"es\",\"@id\":\"https:\\\/\\\/secure.gravatar.com\\\/avatar\\\/5db6df507cfe1307e192fbb498c6b85f1cf2ffd8b4cd37141b9eea588fcbd5a4?s=96&r=g\",\"url\":\"https:\\\/\\\/secure.gravatar.com\\\/avatar\\\/5db6df507cfe1307e192fbb498c6b85f1cf2ffd8b4cd37141b9eea588fcbd5a4?s=96&r=g\",\"contentUrl\":\"https:\\\/\\\/secure.gravatar.com\\\/avatar\\\/5db6df507cfe1307e192fbb498c6b85f1cf2ffd8b4cd37141b9eea588fcbd5a4?s=96&r=g\",\"caption\":\"Nacho Corro\"},\"description\":\"Comunicador Social, Periodista y Administraci\u00f3n P\u00fablica. Conversador pol\u00edtico, temas electorales y seguridad. Generador de contenidos digitales. Amante de la fotograf\u00eda\",\"sameAs\":[\"https:\\\/\\\/www.facebook.com\\\/jcorroherrera\\\/\",\"www.instagram.com\\\/nachocorro\\\/\",\"https:\\\/\\\/x.com\\\/Juan Ignacio Corro Herrera\"],\"url\":\"https:\\\/\\\/agencia.252.com.mx\\\/home\\\/author\\\/i-corro\\\/\"}]}<\/script>\n<!-- \/ Yoast SEO plugin. -->","yoast_head_json":{"title":"La Diversidad es una causa permanente que viene m\u00e1s fuerte y comprometida todos los d\u00edas: PRI Edomex - Agencia252","robots":{"index":"index","follow":"follow","max-snippet":"max-snippet:-1","max-image-preview":"max-image-preview:large","max-video-preview":"max-video-preview:-1"},"canonical":"https:\/\/agencia.252.com.mx\/home\/la-diversidad-es-una-causa-permanente-que-viene-mas-fuerte-y-comprometida-todos-los-dias-pri-edomex\/","og_locale":"es_ES","og_type":"article","og_title":"La Diversidad es una causa permanente que viene m\u00e1s fuerte y comprometida todos los d\u00edas: PRI Edomex - Agencia252","og_description":"Visitas: 19 Juan Ignacio Corro Ecatepec, M\u00e9x., a 1 de marzo de 2026 Al dejar en claro que el PRI est\u00e1 listo para competir y regresar con los buenos gobiernos que el pa\u00eds y el Estado de M\u00e9xico necesitan, la Presidenta del Comit\u00e9 Directivo Estatal (CDE), Cristina Ruiz Sandoval, reconoci\u00f3 el trabajo de sus liderazgos [&hellip;]","og_url":"https:\/\/agencia.252.com.mx\/home\/la-diversidad-es-una-causa-permanente-que-viene-mas-fuerte-y-comprometida-todos-los-dias-pri-edomex\/","og_site_name":"Agencia252","article_publisher":"https:\/\/www.facebook.com\/252Comunicacion\/","article_author":"https:\/\/www.facebook.com\/jcorroherrera\/","article_published_time":"2026-03-01T19:36:01+00:00","article_modified_time":"2026-03-01T19:36:02+00:00","og_image":[{"width":1280,"height":854,"url":"http:\/\/agencia.252.com.mx\/wp-content\/uploads\/2026\/03\/WhatsApp-Image-2026-03-01-at-12.54.37-PM.jpeg","type":"image\/jpeg"}],"author":"Nacho Corro","twitter_card":"summary_large_image","twitter_creator":"@Juan Ignacio Corro Herrera","twitter_site":"@252COMS","twitter_misc":{"Escrito por":"Nacho Corro","Tiempo de lectura":"3 minutos"},"schema":{"@context":"https:\/\/schema.org","@graph":[{"@type":"Article","@id":"https:\/\/agencia.252.com.mx\/home\/la-diversidad-es-una-causa-permanente-que-viene-mas-fuerte-y-comprometida-todos-los-dias-pri-edomex\/#article","isPartOf":{"@id":"https:\/\/agencia.252.com.mx\/home\/la-diversidad-es-una-causa-permanente-que-viene-mas-fuerte-y-comprometida-todos-los-dias-pri-edomex\/"},"author":{"name":"Nacho Corro","@id":"https:\/\/agencia.252.com.mx\/home\/#\/schema\/person\/6b972021e9a92d45ade8c78d81509098"},"headline":"La Diversidad es una causa permanente que viene m\u00e1s fuerte y comprometida todos los d\u00edas: PRI Edomex","datePublished":"2026-03-01T19:36:01+00:00","dateModified":"2026-03-01T19:36:02+00:00","mainEntityOfPage":{"@id":"https:\/\/agencia.252.com.mx\/home\/la-diversidad-es-una-causa-permanente-que-viene-mas-fuerte-y-comprometida-todos-los-dias-pri-edomex\/"},"wordCount":538,"commentCount":0,"publisher":{"@id":"https:\/\/agencia.252.com.mx\/home\/#organization"},"image":{"@id":"https:\/\/agencia.252.com.mx\/home\/la-diversidad-es-una-causa-permanente-que-viene-mas-fuerte-y-comprometida-todos-los-dias-pri-edomex\/#primaryimage"},"thumbnailUrl":"https:\/\/agencia.252.com.mx\/wp-content\/uploads\/2026\/03\/WhatsApp-Image-2026-03-01-at-12.54.37-PM.jpeg","keywords":["Edomex"],"articleSection":["Edomex","Metropoli","Seguridad"],"inLanguage":"es","potentialAction":[{"@type":"CommentAction","name":"Comment","target":["https:\/\/agencia.252.com.mx\/home\/la-diversidad-es-una-causa-permanente-que-viene-mas-fuerte-y-comprometida-todos-los-dias-pri-edomex\/#respond"]}]},{"@type":"WebPage","@id":"https:\/\/agencia.252.com.mx\/home\/la-diversidad-es-una-causa-permanente-que-viene-mas-fuerte-y-comprometida-todos-los-dias-pri-edomex\/","url":"https:\/\/agencia.252.com.mx\/home\/la-diversidad-es-una-causa-permanente-que-viene-mas-fuerte-y-comprometida-todos-los-dias-pri-edomex\/","name":"La Diversidad es una causa permanente que viene m\u00e1s fuerte y comprometida todos los d\u00edas: PRI Edomex - Agencia252","isPartOf":{"@id":"https:\/\/agencia.252.com.mx\/home\/#website"},"primaryImageOfPage":{"@id":"https:\/\/agencia.252.com.mx\/home\/la-diversidad-es-una-causa-permanente-que-viene-mas-fuerte-y-comprometida-todos-los-dias-pri-edomex\/#primaryimage"},"image":{"@id":"https:\/\/agencia.252.com.mx\/home\/la-diversidad-es-una-causa-permanente-que-viene-mas-fuerte-y-comprometida-todos-los-dias-pri-edomex\/#primaryimage"},"thumbnailUrl":"https:\/\/agencia.252.com.mx\/wp-content\/uploads\/2026\/03\/WhatsApp-Image-2026-03-01-at-12.54.37-PM.jpeg","datePublished":"2026-03-01T19:36:01+00:00","dateModified":"2026-03-01T19:36:02+00:00","breadcrumb":{"@id":"https:\/\/agencia.252.com.mx\/home\/la-diversidad-es-una-causa-permanente-que-viene-mas-fuerte-y-comprometida-todos-los-dias-pri-edomex\/#breadcrumb"},"inLanguage":"es","potentialAction":[{"@type":"ReadAction","target":["https:\/\/agencia.252.com.mx\/home\/la-diversidad-es-una-causa-permanente-que-viene-mas-fuerte-y-comprometida-todos-los-dias-pri-edomex\/"]}]},{"@type":"ImageObject","inLanguage":"es","@id":"https:\/\/agencia.252.com.mx\/home\/la-diversidad-es-una-causa-permanente-que-viene-mas-fuerte-y-comprometida-todos-los-dias-pri-edomex\/#primaryimage","url":"https:\/\/agencia.252.com.mx\/wp-content\/uploads\/2026\/03\/WhatsApp-Image-2026-03-01-at-12.54.37-PM.jpeg","contentUrl":"https:\/\/agencia.252.com.mx\/wp-content\/uploads\/2026\/03\/WhatsApp-Image-2026-03-01-at-12.54.37-PM.jpeg","width":1280,"height":854},{"@type":"BreadcrumbList","@id":"https:\/\/agencia.252.com.mx\/home\/la-diversidad-es-una-causa-permanente-que-viene-mas-fuerte-y-comprometida-todos-los-dias-pri-edomex\/#breadcrumb","itemListElement":[{"@type":"ListItem","position":1,"name":"Portada","item":"https:\/\/agencia.252.com.mx\/home\/"},{"@type":"ListItem","position":2,"name":"La Diversidad es una causa permanente que viene m\u00e1s fuerte y comprometida todos los d\u00edas: PRI Edomex"}]},{"@type":"WebSite","@id":"https:\/\/agencia.252.com.mx\/home\/#website","url":"https:\/\/agencia.252.com.mx\/home\/","name":"Agencia252","description":"Tu espacio en la Red","publisher":{"@id":"https:\/\/agencia.252.com.mx\/home\/#organization"},"potentialAction":[{"@type":"SearchAction","target":{"@type":"EntryPoint","urlTemplate":"https:\/\/agencia.252.com.mx\/home\/?s={search_term_string}"},"query-input":{"@type":"PropertyValueSpecification","valueRequired":true,"valueName":"search_term_string"}}],"inLanguage":"es"},{"@type":"Organization","@id":"https:\/\/agencia.252.com.mx\/home\/#organization","name":"Agencia252","url":"https:\/\/agencia.252.com.mx\/home\/","logo":{"@type":"ImageObject","inLanguage":"es","@id":"https:\/\/agencia.252.com.mx\/home\/#\/schema\/logo\/image\/","url":"https:\/\/agencia.252.com.mx\/wp-content\/uploads\/2023\/02\/cropped-ciruclo-agencia-e1677562404136.png","contentUrl":"https:\/\/agencia.252.com.mx\/wp-content\/uploads\/2023\/02\/cropped-ciruclo-agencia-e1677562404136.png","width":512,"height":512,"caption":"Agencia252"},"image":{"@id":"https:\/\/agencia.252.com.mx\/home\/#\/schema\/logo\/image\/"},"sameAs":["https:\/\/www.facebook.com\/252Comunicacion\/","https:\/\/x.com\/252COMS"]},{"@type":"Person","@id":"https:\/\/agencia.252.com.mx\/home\/#\/schema\/person\/6b972021e9a92d45ade8c78d81509098","name":"Nacho Corro","image":{"@type":"ImageObject","inLanguage":"es","@id":"https:\/\/secure.gravatar.com\/avatar\/5db6df507cfe1307e192fbb498c6b85f1cf2ffd8b4cd37141b9eea588fcbd5a4?s=96&r=g","url":"https:\/\/secure.gravatar.com\/avatar\/5db6df507cfe1307e192fbb498c6b85f1cf2ffd8b4cd37141b9eea588fcbd5a4?s=96&r=g","contentUrl":"https:\/\/secure.gravatar.com\/avatar\/5db6df507cfe1307e192fbb498c6b85f1cf2ffd8b4cd37141b9eea588fcbd5a4?s=96&r=g","caption":"Nacho Corro"},"description":"Comunicador Social, Periodista y Administraci\u00f3n P\u00fablica. Conversador pol\u00edtico, temas electorales y seguridad. Generador de contenidos digitales. Amante de la fotograf\u00eda","sameAs":["https:\/\/www.facebook.com\/jcorroherrera\/","www.instagram.com\/nachocorro\/","https:\/\/x.com\/Juan Ignacio Corro Herrera"],"url":"https:\/\/agencia.252.com.mx\/home\/author\/i-corro\/"}]}},"_links":{"self":[{"href":"https:\/\/agencia.252.com.mx\/home\/wp-json\/wp\/v2\/posts\/16422","targetHints":{"allow":["GET"]}}],"collection":[{"href":"https:\/\/agencia.252.com.mx\/home\/wp-json\/wp\/v2\/posts"}],"about":[{"href":"https:\/\/agencia.252.com.mx\/home\/wp-json\/wp\/v2\/types\/post"}],"author":[{"embeddable":true,"href":"https:\/\/agencia.252.com.mx\/home\/wp-json\/wp\/v2\/users\/5"}],"replies":[{"embeddable":true,"href":"https:\/\/agencia.252.com.mx\/home\/wp-json\/wp\/v2\/comments?post=16422"}],"version-history":[{"count":1,"href":"https:\/\/agencia.252.com.mx\/home\/wp-json\/wp\/v2\/posts\/16422\/revisions"}],"predecessor-version":[{"id":16425,"href":"https:\/\/agencia.252.com.mx\/home\/wp-json\/wp\/v2\/posts\/16422\/revisions\/16425"}],"wp:featuredmedia":[{"embeddable":true,"href":"https:\/\/agencia.252.com.mx\/home\/wp-json\/wp\/v2\/media\/16424"}],"wp:attachment":[{"href":"https:\/\/agencia.252.com.mx\/home\/wp-json\/wp\/v2\/media?parent=16422"}],"wp:term":[{"taxonomy":"category","embeddable":true,"href":"https:\/\/agencia.252.com.mx\/home\/wp-json\/wp\/v2\/categories?post=16422"},{"taxonomy":"post_tag","embeddable":true,"href":"https:\/\/agencia.252.com.mx\/home\/wp-json\/wp\/v2\/tags?post=16422"}],"curies":[{"name":"wp","href":"https:\/\/api.w.org\/{rel}","templated":true}]}}