{"id":16409,"date":"2026-03-01T13:07:41","date_gmt":"2026-03-01T19:07:41","guid":{"rendered":"https:\/\/agencia.252.com.mx\/home\/?p=16409"},"modified":"2026-03-01T13:09:36","modified_gmt":"2026-03-01T19:09:36","slug":"trasladan-a-penal-de-nezahualcoyotl-a-9-extorsionadores-en-edomex-uno-de-ellos-ex-policia-de-la-fiscalia-capitalina","status":"publish","type":"post","link":"https:\/\/agencia.252.com.mx\/home\/trasladan-a-penal-de-nezahualcoyotl-a-9-extorsionadores-en-edomex-uno-de-ellos-ex-policia-de-la-fiscalia-capitalina\/","title":{"rendered":"Trasladan a penal de Nezahualc\u00f3yotl a 9 extorsionadores en Edomex; uno de ellos ex polic\u00eda de la fiscal\u00eda capitalina"},"content":{"rendered":"<p>Visitas: 32<\/p>\n<p>Juan Ignacio Corro<\/p>\n\n\n\n<p class=\"has-text-align-right\">Ecatepec, M\u00e9x., a 1 de marzo de 2026.\u00a0<\/p>\n\n\n\n<p>Omar \u201cN\u201d, de 39 a\u00f1os de edad, ex polic\u00eda de la fiscal\u00eda capitalina, ; Gerardo \u201cN\u201d, de 22 a\u00f1os; Erick Alejandro \u201cN\u201d, de 24 a\u00f1os; Jos\u00e9 Manuel \u201cN\u201d, de 23 a\u00f1os; Ageo Dami\u00e1n \u201cN\u201d, de 24; Sergio Ad\u00e1n \u201cN\u201d, de 27; Julia \u201cN\u201d, de 34; V\u00edctor Manuel \u201cN\u201d, de 35; Eduardo \u201cN\u201d, de 35, y Miguel \u00c0ngel \u201cN\u201d, de 23 a\u00f1os, fueron trasladados al penal de Nezahualc\u00f3yotl como probables responsables de los delitos de portaci\u00f3n de arma de fuego y extorsi\u00f3n.<\/p>\n\n\n\n<p>En apoyo a la Fiscal\u00eda General de la Rep\u00fablica, grupos especiales de la polic\u00eda municipal y&nbsp;&nbsp;Marina trasladaron al penal de Nezahualc\u00f3yotl a 10 personas como probables responsables de extorsi\u00f3n a una pareja.&nbsp;<\/p>\n\n\n\n<figure class=\"wp-block-gallery has-nested-images columns-default is-cropped wp-block-gallery-1 is-layout-flex wp-block-gallery-is-layout-flex\">\n<figure class=\"wp-block-image size-large\"><img fetchpriority=\"high\" decoding=\"async\" width=\"1024\" height=\"1024\" data-id=\"16412\" src=\"https:\/\/agencia.252.com.mx\/wp-content\/uploads\/2026\/03\/WhatsApp-Image-2026-02-28-at-3.43.03-PM-1024x1024.jpeg\" alt=\"\" class=\"wp-image-16412\" srcset=\"https:\/\/agencia.252.com.mx\/wp-content\/uploads\/2026\/03\/WhatsApp-Image-2026-02-28-at-3.43.03-PM-1024x1024.jpeg 1024w, https:\/\/agencia.252.com.mx\/wp-content\/uploads\/2026\/03\/WhatsApp-Image-2026-02-28-at-3.43.03-PM-300x300.jpeg 300w, https:\/\/agencia.252.com.mx\/wp-content\/uploads\/2026\/03\/WhatsApp-Image-2026-02-28-at-3.43.03-PM-150x150.jpeg 150w, https:\/\/agencia.252.com.mx\/wp-content\/uploads\/2026\/03\/WhatsApp-Image-2026-02-28-at-3.43.03-PM-768x768.jpeg 768w, https:\/\/agencia.252.com.mx\/wp-content\/uploads\/2026\/03\/WhatsApp-Image-2026-02-28-at-3.43.03-PM.jpeg 1289w\" sizes=\"(max-width: 1024px) 100vw, 1024px\" \/><\/figure>\n\n\n\n<figure class=\"wp-block-image size-large\"><img decoding=\"async\" width=\"576\" height=\"1024\" data-id=\"16416\" src=\"http:\/\/agencia.252.com.mx\/wp-content\/uploads\/2026\/03\/WhatsApp-Image-2026-02-28-at-3.43.01-PM-576x1024.jpeg\" alt=\"\" class=\"wp-image-16416\" srcset=\"https:\/\/agencia.252.com.mx\/wp-content\/uploads\/2026\/03\/WhatsApp-Image-2026-02-28-at-3.43.01-PM-576x1024.jpeg 576w, https:\/\/agencia.252.com.mx\/wp-content\/uploads\/2026\/03\/WhatsApp-Image-2026-02-28-at-3.43.01-PM-169x300.jpeg 169w, https:\/\/agencia.252.com.mx\/wp-content\/uploads\/2026\/03\/WhatsApp-Image-2026-02-28-at-3.43.01-PM-768x1366.jpeg 768w, https:\/\/agencia.252.com.mx\/wp-content\/uploads\/2026\/03\/WhatsApp-Image-2026-02-28-at-3.43.01-PM-864x1536.jpeg 864w, https:\/\/agencia.252.com.mx\/wp-content\/uploads\/2026\/03\/WhatsApp-Image-2026-02-28-at-3.43.01-PM.jpeg 899w\" sizes=\"(max-width: 576px) 100vw, 576px\" \/><\/figure>\n<\/figure>\n\n\n\n<p>Los sujetos, quienes viajaban en camionetas de alta gama, fueron detenidos el mi\u00e9rcoles por elementos del Sector 1 de la polic\u00eda municipal en avenidas de la colonia Luis Donaldo Colosio, tras ser se\u00f1alados por una pareja, a la que exigieron una fuerte cantidad de dinero para no hacerle da\u00f1o a su hijo.&nbsp;<\/p>\n\n\n\n<p>La reacci\u00f3n inmediata de los elementos de Sector 1 y grupos especiales de la polic\u00eda municipal con Marina permiti\u00f3 detener a nueve hombres y una mujer,&nbsp;&nbsp;a quienes les hallaron armas y 46 mil pesos en efectivo, al parecer producto de la extorsi\u00f3n.&nbsp;&nbsp;<\/p>\n\n\n\n<p>Los sujetos viajaban en camionetas de alta&nbsp;&nbsp;gama: Seat Cupra roja, con vidrios polarizados, sin placas; BMW X6 azul, Mercedes Benz color rojo sin placas y una motocicleta Vento sin placas.&nbsp;<\/p>\n\n\n\n<p>Tambi\u00e9n portaban un arma tipo escuadra negra Glock 25 calibre .380 mm, con cargador y 13 cartuchos \u00fatiles; un arma tipo escuadra Glock 19x caf\u00e9; calibre 9 mm con cargador con 18 cartuchos \u00fatiles; dos chalecos t\u00e1cticos con leyenda de la Fiscal\u00eda General de Justicia, un escudo y PDI, adem\u00e1s de 12 tel\u00e9fonos celulares y 46 mil pesos en efectivo.&nbsp;<\/p>\n","protected":false},"excerpt":{"rendered":"<p>Visitas: 32 Juan Ignacio Corro Ecatepec, M\u00e9x., a 1 de marzo de 2026.\u00a0 Omar \u201cN\u201d, de 39 a\u00f1os de edad, ex polic\u00eda de la fiscal\u00eda capitalina, ; Gerardo \u201cN\u201d, de 22 a\u00f1os; Erick Alejandro \u201cN\u201d, de 24 a\u00f1os; Jos\u00e9 Manuel \u201cN\u201d, de 23 a\u00f1os; Ageo Dami\u00e1n \u201cN\u201d, de 24; Sergio Ad\u00e1n \u201cN\u201d, de 27; Julia [&hellip;]<\/p>\n","protected":false},"author":5,"featured_media":16415,"comment_status":"open","ping_status":"open","sticky":false,"template":"","format":"standard","meta":{"site-sidebar-layout":"default","site-content-layout":"","ast-site-content-layout":"default","site-content-style":"default","site-sidebar-style":"default","ast-global-header-display":"","ast-banner-title-visibility":"","ast-main-header-display":"","ast-hfb-above-header-display":"","ast-hfb-below-header-display":"","ast-hfb-mobile-header-display":"","site-post-title":"","ast-breadcrumbs-content":"","ast-featured-img":"","footer-sml-layout":"","ast-disable-related-posts":"","theme-transparent-header-meta":"","adv-header-id-meta":"","stick-header-meta":"","header-above-stick-meta":"","header-main-stick-meta":"","header-below-stick-meta":"","astra-migrate-meta-layouts":"set","ast-page-background-enabled":"default","ast-page-background-meta":{"desktop":{"background-color":"var(--ast-global-color-4)","background-image":"","background-repeat":"repeat","background-position":"center center","background-size":"auto","background-attachment":"scroll","background-type":"","background-media":"","overlay-type":"","overlay-color":"","overlay-opacity":"","overlay-gradient":""},"tablet":{"background-color":"","background-image":"","background-repeat":"repeat","background-position":"center center","background-size":"auto","background-attachment":"scroll","background-type":"","background-media":"","overlay-type":"","overlay-color":"","overlay-opacity":"","overlay-gradient":""},"mobile":{"background-color":"","background-image":"","background-repeat":"repeat","background-position":"center center","background-size":"auto","background-attachment":"scroll","background-type":"","background-media":"","overlay-type":"","overlay-color":"","overlay-opacity":"","overlay-gradient":""}},"ast-content-background-meta":{"desktop":{"background-color":"var(--ast-global-color-5)","background-image":"","background-repeat":"repeat","background-position":"center center","background-size":"auto","background-attachment":"scroll","background-type":"","background-media":"","overlay-type":"","overlay-color":"","overlay-opacity":"","overlay-gradient":""},"tablet":{"background-color":"var(--ast-global-color-5)","background-image":"","background-repeat":"repeat","background-position":"center center","background-size":"auto","background-attachment":"scroll","background-type":"","background-media":"","overlay-type":"","overlay-color":"","overlay-opacity":"","overlay-gradient":""},"mobile":{"background-color":"var(--ast-global-color-5)","background-image":"","background-repeat":"repeat","background-position":"center center","background-size":"auto","background-attachment":"scroll","background-type":"","background-media":"","overlay-type":"","overlay-color":"","overlay-opacity":"","overlay-gradient":""}},"footnotes":""},"categories":[38,8,68],"tags":[],"class_list":["post-16409","post","type-post","status-publish","format-standard","has-post-thumbnail","hentry","category-ecatepec","category-edomex","category-seguridad"],"yoast_head":"<!-- This site is optimized with the Yoast SEO plugin v27.4 - https:\/\/yoast.com\/product\/yoast-seo-wordpress\/ -->\n<title>Trasladan a penal de Nezahualc\u00f3yotl a 9 extorsionadores en Edomex; uno de ellos ex polic\u00eda de la fiscal\u00eda capitalina - Agencia252<\/title>\n<meta name=\"robots\" content=\"index, follow, max-snippet:-1, max-image-preview:large, max-video-preview:-1\" \/>\n<link rel=\"canonical\" href=\"https:\/\/agencia.252.com.mx\/home\/trasladan-a-penal-de-nezahualcoyotl-a-9-extorsionadores-en-edomex-uno-de-ellos-ex-policia-de-la-fiscalia-capitalina\/\" \/>\n<meta property=\"og:locale\" content=\"es_ES\" \/>\n<meta property=\"og:type\" content=\"article\" \/>\n<meta property=\"og:title\" content=\"Trasladan a penal de Nezahualc\u00f3yotl a 9 extorsionadores en Edomex; uno de ellos ex polic\u00eda de la fiscal\u00eda capitalina - Agencia252\" \/>\n<meta property=\"og:description\" content=\"Visitas: 32 Juan Ignacio Corro Ecatepec, M\u00e9x., a 1 de marzo de 2026.\u00a0 Omar \u201cN\u201d, de 39 a\u00f1os de edad, ex polic\u00eda de la fiscal\u00eda capitalina, ; Gerardo \u201cN\u201d, de 22 a\u00f1os; Erick Alejandro \u201cN\u201d, de 24 a\u00f1os; Jos\u00e9 Manuel \u201cN\u201d, de 23 a\u00f1os; Ageo Dami\u00e1n \u201cN\u201d, de 24; Sergio Ad\u00e1n \u201cN\u201d, de 27; Julia [&hellip;]\" \/>\n<meta property=\"og:url\" content=\"https:\/\/agencia.252.com.mx\/home\/trasladan-a-penal-de-nezahualcoyotl-a-9-extorsionadores-en-edomex-uno-de-ellos-ex-policia-de-la-fiscalia-capitalina\/\" \/>\n<meta property=\"og:site_name\" content=\"Agencia252\" \/>\n<meta property=\"article:publisher\" content=\"https:\/\/www.facebook.com\/252Comunicacion\/\" \/>\n<meta property=\"article:author\" content=\"https:\/\/www.facebook.com\/jcorroherrera\/\" \/>\n<meta property=\"article:published_time\" content=\"2026-03-01T19:07:41+00:00\" \/>\n<meta property=\"article:modified_time\" content=\"2026-03-01T19:09:36+00:00\" \/>\n<meta property=\"og:image\" content=\"http:\/\/agencia.252.com.mx\/wp-content\/uploads\/2026\/03\/WhatsApp-Image-2026-02-28-at-3.43.00-PM.jpeg\" \/>\n\t<meta property=\"og:image:width\" content=\"1600\" \/>\n\t<meta property=\"og:image:height\" content=\"1600\" \/>\n\t<meta property=\"og:image:type\" content=\"image\/jpeg\" \/>\n<meta name=\"author\" content=\"Nacho Corro\" \/>\n<meta name=\"twitter:card\" content=\"summary_large_image\" \/>\n<meta name=\"twitter:creator\" content=\"@Juan Ignacio Corro Herrera\" \/>\n<meta name=\"twitter:site\" content=\"@252COMS\" \/>\n<meta name=\"twitter:label1\" content=\"Escrito por\" \/>\n\t<meta name=\"twitter:data1\" content=\"Nacho Corro\" \/>\n\t<meta name=\"twitter:label2\" content=\"Tiempo de lectura\" \/>\n\t<meta name=\"twitter:data2\" content=\"3 minutos\" \/>\n<script type=\"application\/ld+json\" class=\"yoast-schema-graph\">{\"@context\":\"https:\\\/\\\/schema.org\",\"@graph\":[{\"@type\":\"Article\",\"@id\":\"https:\\\/\\\/agencia.252.com.mx\\\/home\\\/trasladan-a-penal-de-nezahualcoyotl-a-9-extorsionadores-en-edomex-uno-de-ellos-ex-policia-de-la-fiscalia-capitalina\\\/#article\",\"isPartOf\":{\"@id\":\"https:\\\/\\\/agencia.252.com.mx\\\/home\\\/trasladan-a-penal-de-nezahualcoyotl-a-9-extorsionadores-en-edomex-uno-de-ellos-ex-policia-de-la-fiscalia-capitalina\\\/\"},\"author\":{\"name\":\"Nacho Corro\",\"@id\":\"https:\\\/\\\/agencia.252.com.mx\\\/home\\\/#\\\/schema\\\/person\\\/6b972021e9a92d45ade8c78d81509098\"},\"headline\":\"Trasladan a penal de Nezahualc\u00f3yotl a 9 extorsionadores en Edomex; uno de ellos ex polic\u00eda de la fiscal\u00eda capitalina\",\"datePublished\":\"2026-03-01T19:07:41+00:00\",\"dateModified\":\"2026-03-01T19:09:36+00:00\",\"mainEntityOfPage\":{\"@id\":\"https:\\\/\\\/agencia.252.com.mx\\\/home\\\/trasladan-a-penal-de-nezahualcoyotl-a-9-extorsionadores-en-edomex-uno-de-ellos-ex-policia-de-la-fiscalia-capitalina\\\/\"},\"wordCount\":351,\"commentCount\":0,\"publisher\":{\"@id\":\"https:\\\/\\\/agencia.252.com.mx\\\/home\\\/#organization\"},\"image\":{\"@id\":\"https:\\\/\\\/agencia.252.com.mx\\\/home\\\/trasladan-a-penal-de-nezahualcoyotl-a-9-extorsionadores-en-edomex-uno-de-ellos-ex-policia-de-la-fiscalia-capitalina\\\/#primaryimage\"},\"thumbnailUrl\":\"https:\\\/\\\/agencia.252.com.mx\\\/wp-content\\\/uploads\\\/2026\\\/03\\\/WhatsApp-Image-2026-02-28-at-3.43.00-PM.jpeg\",\"articleSection\":[\"Ecatepec\",\"Edomex\",\"Seguridad\"],\"inLanguage\":\"es\",\"potentialAction\":[{\"@type\":\"CommentAction\",\"name\":\"Comment\",\"target\":[\"https:\\\/\\\/agencia.252.com.mx\\\/home\\\/trasladan-a-penal-de-nezahualcoyotl-a-9-extorsionadores-en-edomex-uno-de-ellos-ex-policia-de-la-fiscalia-capitalina\\\/#respond\"]}]},{\"@type\":\"WebPage\",\"@id\":\"https:\\\/\\\/agencia.252.com.mx\\\/home\\\/trasladan-a-penal-de-nezahualcoyotl-a-9-extorsionadores-en-edomex-uno-de-ellos-ex-policia-de-la-fiscalia-capitalina\\\/\",\"url\":\"https:\\\/\\\/agencia.252.com.mx\\\/home\\\/trasladan-a-penal-de-nezahualcoyotl-a-9-extorsionadores-en-edomex-uno-de-ellos-ex-policia-de-la-fiscalia-capitalina\\\/\",\"name\":\"Trasladan a penal de Nezahualc\u00f3yotl a 9 extorsionadores en Edomex; uno de ellos ex polic\u00eda de la fiscal\u00eda capitalina - Agencia252\",\"isPartOf\":{\"@id\":\"https:\\\/\\\/agencia.252.com.mx\\\/home\\\/#website\"},\"primaryImageOfPage\":{\"@id\":\"https:\\\/\\\/agencia.252.com.mx\\\/home\\\/trasladan-a-penal-de-nezahualcoyotl-a-9-extorsionadores-en-edomex-uno-de-ellos-ex-policia-de-la-fiscalia-capitalina\\\/#primaryimage\"},\"image\":{\"@id\":\"https:\\\/\\\/agencia.252.com.mx\\\/home\\\/trasladan-a-penal-de-nezahualcoyotl-a-9-extorsionadores-en-edomex-uno-de-ellos-ex-policia-de-la-fiscalia-capitalina\\\/#primaryimage\"},\"thumbnailUrl\":\"https:\\\/\\\/agencia.252.com.mx\\\/wp-content\\\/uploads\\\/2026\\\/03\\\/WhatsApp-Image-2026-02-28-at-3.43.00-PM.jpeg\",\"datePublished\":\"2026-03-01T19:07:41+00:00\",\"dateModified\":\"2026-03-01T19:09:36+00:00\",\"breadcrumb\":{\"@id\":\"https:\\\/\\\/agencia.252.com.mx\\\/home\\\/trasladan-a-penal-de-nezahualcoyotl-a-9-extorsionadores-en-edomex-uno-de-ellos-ex-policia-de-la-fiscalia-capitalina\\\/#breadcrumb\"},\"inLanguage\":\"es\",\"potentialAction\":[{\"@type\":\"ReadAction\",\"target\":[\"https:\\\/\\\/agencia.252.com.mx\\\/home\\\/trasladan-a-penal-de-nezahualcoyotl-a-9-extorsionadores-en-edomex-uno-de-ellos-ex-policia-de-la-fiscalia-capitalina\\\/\"]}]},{\"@type\":\"ImageObject\",\"inLanguage\":\"es\",\"@id\":\"https:\\\/\\\/agencia.252.com.mx\\\/home\\\/trasladan-a-penal-de-nezahualcoyotl-a-9-extorsionadores-en-edomex-uno-de-ellos-ex-policia-de-la-fiscalia-capitalina\\\/#primaryimage\",\"url\":\"https:\\\/\\\/agencia.252.com.mx\\\/wp-content\\\/uploads\\\/2026\\\/03\\\/WhatsApp-Image-2026-02-28-at-3.43.00-PM.jpeg\",\"contentUrl\":\"https:\\\/\\\/agencia.252.com.mx\\\/wp-content\\\/uploads\\\/2026\\\/03\\\/WhatsApp-Image-2026-02-28-at-3.43.00-PM.jpeg\",\"width\":1600,\"height\":1600},{\"@type\":\"BreadcrumbList\",\"@id\":\"https:\\\/\\\/agencia.252.com.mx\\\/home\\\/trasladan-a-penal-de-nezahualcoyotl-a-9-extorsionadores-en-edomex-uno-de-ellos-ex-policia-de-la-fiscalia-capitalina\\\/#breadcrumb\",\"itemListElement\":[{\"@type\":\"ListItem\",\"position\":1,\"name\":\"Portada\",\"item\":\"https:\\\/\\\/agencia.252.com.mx\\\/home\\\/\"},{\"@type\":\"ListItem\",\"position\":2,\"name\":\"Trasladan a penal de Nezahualc\u00f3yotl a 9 extorsionadores en Edomex; uno de ellos ex polic\u00eda de la fiscal\u00eda capitalina\"}]},{\"@type\":\"WebSite\",\"@id\":\"https:\\\/\\\/agencia.252.com.mx\\\/home\\\/#website\",\"url\":\"https:\\\/\\\/agencia.252.com.mx\\\/home\\\/\",\"name\":\"Agencia252\",\"description\":\"Tu espacio en la Red\",\"publisher\":{\"@id\":\"https:\\\/\\\/agencia.252.com.mx\\\/home\\\/#organization\"},\"potentialAction\":[{\"@type\":\"SearchAction\",\"target\":{\"@type\":\"EntryPoint\",\"urlTemplate\":\"https:\\\/\\\/agencia.252.com.mx\\\/home\\\/?s={search_term_string}\"},\"query-input\":{\"@type\":\"PropertyValueSpecification\",\"valueRequired\":true,\"valueName\":\"search_term_string\"}}],\"inLanguage\":\"es\"},{\"@type\":\"Organization\",\"@id\":\"https:\\\/\\\/agencia.252.com.mx\\\/home\\\/#organization\",\"name\":\"Agencia252\",\"url\":\"https:\\\/\\\/agencia.252.com.mx\\\/home\\\/\",\"logo\":{\"@type\":\"ImageObject\",\"inLanguage\":\"es\",\"@id\":\"https:\\\/\\\/agencia.252.com.mx\\\/home\\\/#\\\/schema\\\/logo\\\/image\\\/\",\"url\":\"https:\\\/\\\/agencia.252.com.mx\\\/wp-content\\\/uploads\\\/2023\\\/02\\\/cropped-ciruclo-agencia-e1677562404136.png\",\"contentUrl\":\"https:\\\/\\\/agencia.252.com.mx\\\/wp-content\\\/uploads\\\/2023\\\/02\\\/cropped-ciruclo-agencia-e1677562404136.png\",\"width\":512,\"height\":512,\"caption\":\"Agencia252\"},\"image\":{\"@id\":\"https:\\\/\\\/agencia.252.com.mx\\\/home\\\/#\\\/schema\\\/logo\\\/image\\\/\"},\"sameAs\":[\"https:\\\/\\\/www.facebook.com\\\/252Comunicacion\\\/\",\"https:\\\/\\\/x.com\\\/252COMS\"]},{\"@type\":\"Person\",\"@id\":\"https:\\\/\\\/agencia.252.com.mx\\\/home\\\/#\\\/schema\\\/person\\\/6b972021e9a92d45ade8c78d81509098\",\"name\":\"Nacho Corro\",\"image\":{\"@type\":\"ImageObject\",\"inLanguage\":\"es\",\"@id\":\"https:\\\/\\\/secure.gravatar.com\\\/avatar\\\/5db6df507cfe1307e192fbb498c6b85f1cf2ffd8b4cd37141b9eea588fcbd5a4?s=96&r=g\",\"url\":\"https:\\\/\\\/secure.gravatar.com\\\/avatar\\\/5db6df507cfe1307e192fbb498c6b85f1cf2ffd8b4cd37141b9eea588fcbd5a4?s=96&r=g\",\"contentUrl\":\"https:\\\/\\\/secure.gravatar.com\\\/avatar\\\/5db6df507cfe1307e192fbb498c6b85f1cf2ffd8b4cd37141b9eea588fcbd5a4?s=96&r=g\",\"caption\":\"Nacho Corro\"},\"description\":\"Comunicador Social, Periodista y Administraci\u00f3n P\u00fablica. Conversador pol\u00edtico, temas electorales y seguridad. Generador de contenidos digitales. Amante de la fotograf\u00eda\",\"sameAs\":[\"https:\\\/\\\/www.facebook.com\\\/jcorroherrera\\\/\",\"www.instagram.com\\\/nachocorro\\\/\",\"https:\\\/\\\/x.com\\\/Juan Ignacio Corro Herrera\"],\"url\":\"https:\\\/\\\/agencia.252.com.mx\\\/home\\\/author\\\/i-corro\\\/\"}]}<\/script>\n<!-- \/ Yoast SEO plugin. -->","yoast_head_json":{"title":"Trasladan a penal de Nezahualc\u00f3yotl a 9 extorsionadores en Edomex; uno de ellos ex polic\u00eda de la fiscal\u00eda capitalina - Agencia252","robots":{"index":"index","follow":"follow","max-snippet":"max-snippet:-1","max-image-preview":"max-image-preview:large","max-video-preview":"max-video-preview:-1"},"canonical":"https:\/\/agencia.252.com.mx\/home\/trasladan-a-penal-de-nezahualcoyotl-a-9-extorsionadores-en-edomex-uno-de-ellos-ex-policia-de-la-fiscalia-capitalina\/","og_locale":"es_ES","og_type":"article","og_title":"Trasladan a penal de Nezahualc\u00f3yotl a 9 extorsionadores en Edomex; uno de ellos ex polic\u00eda de la fiscal\u00eda capitalina - Agencia252","og_description":"Visitas: 32 Juan Ignacio Corro Ecatepec, M\u00e9x., a 1 de marzo de 2026.\u00a0 Omar \u201cN\u201d, de 39 a\u00f1os de edad, ex polic\u00eda de la fiscal\u00eda capitalina, ; Gerardo \u201cN\u201d, de 22 a\u00f1os; Erick Alejandro \u201cN\u201d, de 24 a\u00f1os; Jos\u00e9 Manuel \u201cN\u201d, de 23 a\u00f1os; Ageo Dami\u00e1n \u201cN\u201d, de 24; Sergio Ad\u00e1n \u201cN\u201d, de 27; Julia [&hellip;]","og_url":"https:\/\/agencia.252.com.mx\/home\/trasladan-a-penal-de-nezahualcoyotl-a-9-extorsionadores-en-edomex-uno-de-ellos-ex-policia-de-la-fiscalia-capitalina\/","og_site_name":"Agencia252","article_publisher":"https:\/\/www.facebook.com\/252Comunicacion\/","article_author":"https:\/\/www.facebook.com\/jcorroherrera\/","article_published_time":"2026-03-01T19:07:41+00:00","article_modified_time":"2026-03-01T19:09:36+00:00","og_image":[{"width":1600,"height":1600,"url":"http:\/\/agencia.252.com.mx\/wp-content\/uploads\/2026\/03\/WhatsApp-Image-2026-02-28-at-3.43.00-PM.jpeg","type":"image\/jpeg"}],"author":"Nacho Corro","twitter_card":"summary_large_image","twitter_creator":"@Juan Ignacio Corro Herrera","twitter_site":"@252COMS","twitter_misc":{"Escrito por":"Nacho Corro","Tiempo de lectura":"3 minutos"},"schema":{"@context":"https:\/\/schema.org","@graph":[{"@type":"Article","@id":"https:\/\/agencia.252.com.mx\/home\/trasladan-a-penal-de-nezahualcoyotl-a-9-extorsionadores-en-edomex-uno-de-ellos-ex-policia-de-la-fiscalia-capitalina\/#article","isPartOf":{"@id":"https:\/\/agencia.252.com.mx\/home\/trasladan-a-penal-de-nezahualcoyotl-a-9-extorsionadores-en-edomex-uno-de-ellos-ex-policia-de-la-fiscalia-capitalina\/"},"author":{"name":"Nacho Corro","@id":"https:\/\/agencia.252.com.mx\/home\/#\/schema\/person\/6b972021e9a92d45ade8c78d81509098"},"headline":"Trasladan a penal de Nezahualc\u00f3yotl a 9 extorsionadores en Edomex; uno de ellos ex polic\u00eda de la fiscal\u00eda capitalina","datePublished":"2026-03-01T19:07:41+00:00","dateModified":"2026-03-01T19:09:36+00:00","mainEntityOfPage":{"@id":"https:\/\/agencia.252.com.mx\/home\/trasladan-a-penal-de-nezahualcoyotl-a-9-extorsionadores-en-edomex-uno-de-ellos-ex-policia-de-la-fiscalia-capitalina\/"},"wordCount":351,"commentCount":0,"publisher":{"@id":"https:\/\/agencia.252.com.mx\/home\/#organization"},"image":{"@id":"https:\/\/agencia.252.com.mx\/home\/trasladan-a-penal-de-nezahualcoyotl-a-9-extorsionadores-en-edomex-uno-de-ellos-ex-policia-de-la-fiscalia-capitalina\/#primaryimage"},"thumbnailUrl":"https:\/\/agencia.252.com.mx\/wp-content\/uploads\/2026\/03\/WhatsApp-Image-2026-02-28-at-3.43.00-PM.jpeg","articleSection":["Ecatepec","Edomex","Seguridad"],"inLanguage":"es","potentialAction":[{"@type":"CommentAction","name":"Comment","target":["https:\/\/agencia.252.com.mx\/home\/trasladan-a-penal-de-nezahualcoyotl-a-9-extorsionadores-en-edomex-uno-de-ellos-ex-policia-de-la-fiscalia-capitalina\/#respond"]}]},{"@type":"WebPage","@id":"https:\/\/agencia.252.com.mx\/home\/trasladan-a-penal-de-nezahualcoyotl-a-9-extorsionadores-en-edomex-uno-de-ellos-ex-policia-de-la-fiscalia-capitalina\/","url":"https:\/\/agencia.252.com.mx\/home\/trasladan-a-penal-de-nezahualcoyotl-a-9-extorsionadores-en-edomex-uno-de-ellos-ex-policia-de-la-fiscalia-capitalina\/","name":"Trasladan a penal de Nezahualc\u00f3yotl a 9 extorsionadores en Edomex; uno de ellos ex polic\u00eda de la fiscal\u00eda capitalina - Agencia252","isPartOf":{"@id":"https:\/\/agencia.252.com.mx\/home\/#website"},"primaryImageOfPage":{"@id":"https:\/\/agencia.252.com.mx\/home\/trasladan-a-penal-de-nezahualcoyotl-a-9-extorsionadores-en-edomex-uno-de-ellos-ex-policia-de-la-fiscalia-capitalina\/#primaryimage"},"image":{"@id":"https:\/\/agencia.252.com.mx\/home\/trasladan-a-penal-de-nezahualcoyotl-a-9-extorsionadores-en-edomex-uno-de-ellos-ex-policia-de-la-fiscalia-capitalina\/#primaryimage"},"thumbnailUrl":"https:\/\/agencia.252.com.mx\/wp-content\/uploads\/2026\/03\/WhatsApp-Image-2026-02-28-at-3.43.00-PM.jpeg","datePublished":"2026-03-01T19:07:41+00:00","dateModified":"2026-03-01T19:09:36+00:00","breadcrumb":{"@id":"https:\/\/agencia.252.com.mx\/home\/trasladan-a-penal-de-nezahualcoyotl-a-9-extorsionadores-en-edomex-uno-de-ellos-ex-policia-de-la-fiscalia-capitalina\/#breadcrumb"},"inLanguage":"es","potentialAction":[{"@type":"ReadAction","target":["https:\/\/agencia.252.com.mx\/home\/trasladan-a-penal-de-nezahualcoyotl-a-9-extorsionadores-en-edomex-uno-de-ellos-ex-policia-de-la-fiscalia-capitalina\/"]}]},{"@type":"ImageObject","inLanguage":"es","@id":"https:\/\/agencia.252.com.mx\/home\/trasladan-a-penal-de-nezahualcoyotl-a-9-extorsionadores-en-edomex-uno-de-ellos-ex-policia-de-la-fiscalia-capitalina\/#primaryimage","url":"https:\/\/agencia.252.com.mx\/wp-content\/uploads\/2026\/03\/WhatsApp-Image-2026-02-28-at-3.43.00-PM.jpeg","contentUrl":"https:\/\/agencia.252.com.mx\/wp-content\/uploads\/2026\/03\/WhatsApp-Image-2026-02-28-at-3.43.00-PM.jpeg","width":1600,"height":1600},{"@type":"BreadcrumbList","@id":"https:\/\/agencia.252.com.mx\/home\/trasladan-a-penal-de-nezahualcoyotl-a-9-extorsionadores-en-edomex-uno-de-ellos-ex-policia-de-la-fiscalia-capitalina\/#breadcrumb","itemListElement":[{"@type":"ListItem","position":1,"name":"Portada","item":"https:\/\/agencia.252.com.mx\/home\/"},{"@type":"ListItem","position":2,"name":"Trasladan a penal de Nezahualc\u00f3yotl a 9 extorsionadores en Edomex; uno de ellos ex polic\u00eda de la fiscal\u00eda capitalina"}]},{"@type":"WebSite","@id":"https:\/\/agencia.252.com.mx\/home\/#website","url":"https:\/\/agencia.252.com.mx\/home\/","name":"Agencia252","description":"Tu espacio en la Red","publisher":{"@id":"https:\/\/agencia.252.com.mx\/home\/#organization"},"potentialAction":[{"@type":"SearchAction","target":{"@type":"EntryPoint","urlTemplate":"https:\/\/agencia.252.com.mx\/home\/?s={search_term_string}"},"query-input":{"@type":"PropertyValueSpecification","valueRequired":true,"valueName":"search_term_string"}}],"inLanguage":"es"},{"@type":"Organization","@id":"https:\/\/agencia.252.com.mx\/home\/#organization","name":"Agencia252","url":"https:\/\/agencia.252.com.mx\/home\/","logo":{"@type":"ImageObject","inLanguage":"es","@id":"https:\/\/agencia.252.com.mx\/home\/#\/schema\/logo\/image\/","url":"https:\/\/agencia.252.com.mx\/wp-content\/uploads\/2023\/02\/cropped-ciruclo-agencia-e1677562404136.png","contentUrl":"https:\/\/agencia.252.com.mx\/wp-content\/uploads\/2023\/02\/cropped-ciruclo-agencia-e1677562404136.png","width":512,"height":512,"caption":"Agencia252"},"image":{"@id":"https:\/\/agencia.252.com.mx\/home\/#\/schema\/logo\/image\/"},"sameAs":["https:\/\/www.facebook.com\/252Comunicacion\/","https:\/\/x.com\/252COMS"]},{"@type":"Person","@id":"https:\/\/agencia.252.com.mx\/home\/#\/schema\/person\/6b972021e9a92d45ade8c78d81509098","name":"Nacho Corro","image":{"@type":"ImageObject","inLanguage":"es","@id":"https:\/\/secure.gravatar.com\/avatar\/5db6df507cfe1307e192fbb498c6b85f1cf2ffd8b4cd37141b9eea588fcbd5a4?s=96&r=g","url":"https:\/\/secure.gravatar.com\/avatar\/5db6df507cfe1307e192fbb498c6b85f1cf2ffd8b4cd37141b9eea588fcbd5a4?s=96&r=g","contentUrl":"https:\/\/secure.gravatar.com\/avatar\/5db6df507cfe1307e192fbb498c6b85f1cf2ffd8b4cd37141b9eea588fcbd5a4?s=96&r=g","caption":"Nacho Corro"},"description":"Comunicador Social, Periodista y Administraci\u00f3n P\u00fablica. Conversador pol\u00edtico, temas electorales y seguridad. Generador de contenidos digitales. Amante de la fotograf\u00eda","sameAs":["https:\/\/www.facebook.com\/jcorroherrera\/","www.instagram.com\/nachocorro\/","https:\/\/x.com\/Juan Ignacio Corro Herrera"],"url":"https:\/\/agencia.252.com.mx\/home\/author\/i-corro\/"}]}},"_links":{"self":[{"href":"https:\/\/agencia.252.com.mx\/home\/wp-json\/wp\/v2\/posts\/16409","targetHints":{"allow":["GET"]}}],"collection":[{"href":"https:\/\/agencia.252.com.mx\/home\/wp-json\/wp\/v2\/posts"}],"about":[{"href":"https:\/\/agencia.252.com.mx\/home\/wp-json\/wp\/v2\/types\/post"}],"author":[{"embeddable":true,"href":"https:\/\/agencia.252.com.mx\/home\/wp-json\/wp\/v2\/users\/5"}],"replies":[{"embeddable":true,"href":"https:\/\/agencia.252.com.mx\/home\/wp-json\/wp\/v2\/comments?post=16409"}],"version-history":[{"count":2,"href":"https:\/\/agencia.252.com.mx\/home\/wp-json\/wp\/v2\/posts\/16409\/revisions"}],"predecessor-version":[{"id":16417,"href":"https:\/\/agencia.252.com.mx\/home\/wp-json\/wp\/v2\/posts\/16409\/revisions\/16417"}],"wp:featuredmedia":[{"embeddable":true,"href":"https:\/\/agencia.252.com.mx\/home\/wp-json\/wp\/v2\/media\/16415"}],"wp:attachment":[{"href":"https:\/\/agencia.252.com.mx\/home\/wp-json\/wp\/v2\/media?parent=16409"}],"wp:term":[{"taxonomy":"category","embeddable":true,"href":"https:\/\/agencia.252.com.mx\/home\/wp-json\/wp\/v2\/categories?post=16409"},{"taxonomy":"post_tag","embeddable":true,"href":"https:\/\/agencia.252.com.mx\/home\/wp-json\/wp\/v2\/tags?post=16409"}],"curies":[{"name":"wp","href":"https:\/\/api.w.org\/{rel}","templated":true}]}}