{"id":16406,"date":"2026-02-28T15:19:15","date_gmt":"2026-02-28T21:19:15","guid":{"rendered":"https:\/\/agencia.252.com.mx\/home\/?p=16406"},"modified":"2026-02-28T15:19:16","modified_gmt":"2026-02-28T21:19:16","slug":"suscriben-naucalpan-y-universidad-iberoamericana-convenio-para-el-desarrollo-de-proyectos-diversos","status":"publish","type":"post","link":"https:\/\/agencia.252.com.mx\/home\/suscriben-naucalpan-y-universidad-iberoamericana-convenio-para-el-desarrollo-de-proyectos-diversos\/","title":{"rendered":"Suscriben Naucalpan y Universidad Iberoamericana convenio para el desarrollo de proyectos diversos\u00a0"},"content":{"rendered":"<p>Visitas: 13<\/p>\n<ul class=\"wp-block-list\">\n<li><em>Se\u00f1al\u00f3 a acad\u00e9micos y universitarios que Naucalpan necesita de su visi\u00f3n cr\u00edtica, de su \u00e9tica y de su creatividad.<\/em><\/li>\n\n\n\n<li><em>Con este acuerdo se buscar\u00e1 enriquecer proyectos como el saneamiento del R\u00edo Hondo y el Tren Ligero, entre otros.<\/em><\/li>\n<\/ul>\n\n\n\n<p>Juan Ignacio Corro&nbsp;<\/p>\n\n\n\n<p class=\"has-text-align-right\">Naucalpan, Estado de M\u00e9xico, 28 de febrero de 2026&nbsp;<\/p>\n\n\n\n<p>Este viernes, el Presidente Municipal de Naucalpan, Isaac Montoya M\u00e1rquez y la con la Universidad Iberoamericana Ciudad de M\u00e9xico, firmaron un Convenio de Colaboraci\u00f3n, a trav\u00e9s del cual se trabajar\u00e1 para desarrollar diversos proyectos de investigaci\u00f3n aplicada y diagn\u00f3sticos urbanos, co-creaci\u00f3n de laboratorios urbanos y proyectos pilotos.<\/p>\n\n\n\n<p>Adem\u00e1s el documento establece cooperaci\u00f3n en el dise\u00f1o de talleres con la comunidad para la atenci\u00f3n de problem\u00e1ticas espec\u00edficas, capacitaci\u00f3n y formaci\u00f3n para funcionarios p\u00fablicos, entre otros.<\/p>\n\n\n\n<p>Ante la comunidad universitaria afirm\u00f3, el edil de Naucalpan expres\u00f3 la necesidad de tener la visi\u00f3n cr\u00edtica, de la \u00e9tica y de la creatividad de la comunidad universitaria; por ello los exhort\u00f3 a participar en el cambio y la transformaci\u00f3n del municipio, al abrirles las puertas de la gesti\u00f3n p\u00fablica.<\/p>\n\n\n\n<p>Con este convenio, a trav\u00e9s del Departamento de Arquitectura, Urbanismo e Ingenier\u00eda Civil, el cual es dirigido por Celida Isabel G\u00f3mez G\u00e1mez, se buscar\u00e1 enriquecer proyectos como el saneamiento del R\u00edo Hondo y el Tren Ligero, entre otros.<\/p>\n\n\n\n<p>Tambi\u00e9n se contempla la coparticipaci\u00f3n en programas de servicio social y pr\u00e1cticas profesionales para estudiantes, proyectos de vinculaci\u00f3n en tesis y proyectos finales con problem\u00e1ticas locales, adem\u00e1s de proyectos y programas relacionados al uso de la tecnolog\u00eda e innovaci\u00f3n en la gesti\u00f3n urbana.<\/p>\n\n\n\n<p>La titular del Departamento de Arquitectura, Urbanismo e Ingenier\u00eda Civil, refiri\u00f3 que se abre una brecha para el desarrollo oportunidades y proyectos que permitan ser punta de lanza hacia la sostenibilidad, la resiliencia y tambi\u00e9n en la formaci\u00f3n acad\u00e9mica.<\/p>\n\n\n\n<p>El acuerdo entre el Gobierno de Naucalpan y la Universidad Iberoamericana Ciudad de M\u00e9xico, estar\u00e1 vigente hasta 31 de diciembre del a\u00f1o 2027 y fue firmado por el Alcalde de Naucalpan, Isaac Montoya M\u00e1rquez y el Vicerrector Acad\u00e9mico, Alejandro Anaya Mu\u00f1oz y como testigo, la Directora General de Vinculaci\u00f3n Universitaria, M\u00f3nica Maccise.<\/p>\n","protected":false},"excerpt":{"rendered":"<p>Visitas: 13 Juan Ignacio Corro&nbsp; Naucalpan, Estado de M\u00e9xico, 28 de febrero de 2026&nbsp; Este viernes, el Presidente Municipal de Naucalpan, Isaac Montoya M\u00e1rquez y la con la Universidad Iberoamericana Ciudad de M\u00e9xico, firmaron un Convenio de Colaboraci\u00f3n, a trav\u00e9s del cual se trabajar\u00e1 para desarrollar diversos proyectos de investigaci\u00f3n aplicada y diagn\u00f3sticos urbanos, co-creaci\u00f3n [&hellip;]<\/p>\n","protected":false},"author":5,"featured_media":16407,"comment_status":"open","ping_status":"open","sticky":false,"template":"","format":"standard","meta":{"site-sidebar-layout":"default","site-content-layout":"","ast-site-content-layout":"default","site-content-style":"default","site-sidebar-style":"default","ast-global-header-display":"","ast-banner-title-visibility":"","ast-main-header-display":"","ast-hfb-above-header-display":"","ast-hfb-below-header-display":"","ast-hfb-mobile-header-display":"","site-post-title":"","ast-breadcrumbs-content":"","ast-featured-img":"","footer-sml-layout":"","ast-disable-related-posts":"","theme-transparent-header-meta":"","adv-header-id-meta":"","stick-header-meta":"","header-above-stick-meta":"","header-main-stick-meta":"","header-below-stick-meta":"","astra-migrate-meta-layouts":"set","ast-page-background-enabled":"default","ast-page-background-meta":{"desktop":{"background-color":"var(--ast-global-color-4)","background-image":"","background-repeat":"repeat","background-position":"center center","background-size":"auto","background-attachment":"scroll","background-type":"","background-media":"","overlay-type":"","overlay-color":"","overlay-opacity":"","overlay-gradient":""},"tablet":{"background-color":"","background-image":"","background-repeat":"repeat","background-position":"center center","background-size":"auto","background-attachment":"scroll","background-type":"","background-media":"","overlay-type":"","overlay-color":"","overlay-opacity":"","overlay-gradient":""},"mobile":{"background-color":"","background-image":"","background-repeat":"repeat","background-position":"center center","background-size":"auto","background-attachment":"scroll","background-type":"","background-media":"","overlay-type":"","overlay-color":"","overlay-opacity":"","overlay-gradient":""}},"ast-content-background-meta":{"desktop":{"background-color":"var(--ast-global-color-5)","background-image":"","background-repeat":"repeat","background-position":"center center","background-size":"auto","background-attachment":"scroll","background-type":"","background-media":"","overlay-type":"","overlay-color":"","overlay-opacity":"","overlay-gradient":""},"tablet":{"background-color":"var(--ast-global-color-5)","background-image":"","background-repeat":"repeat","background-position":"center center","background-size":"auto","background-attachment":"scroll","background-type":"","background-media":"","overlay-type":"","overlay-color":"","overlay-opacity":"","overlay-gradient":""},"mobile":{"background-color":"var(--ast-global-color-5)","background-image":"","background-repeat":"repeat","background-position":"center center","background-size":"auto","background-attachment":"scroll","background-type":"","background-media":"","overlay-type":"","overlay-color":"","overlay-opacity":"","overlay-gradient":""}},"footnotes":""},"categories":[8,512,68],"tags":[526],"class_list":["post-16406","post","type-post","status-publish","format-standard","has-post-thumbnail","hentry","category-edomex","category-metropoli","category-seguridad","tag-edomex"],"yoast_head":"<!-- This site is optimized with the Yoast SEO plugin v27.4 - https:\/\/yoast.com\/product\/yoast-seo-wordpress\/ -->\n<title>Suscriben Naucalpan y Universidad Iberoamericana convenio para el desarrollo de proyectos diversos\u00a0 - Agencia252<\/title>\n<meta name=\"robots\" content=\"index, follow, max-snippet:-1, max-image-preview:large, max-video-preview:-1\" \/>\n<link rel=\"canonical\" href=\"https:\/\/agencia.252.com.mx\/home\/suscriben-naucalpan-y-universidad-iberoamericana-convenio-para-el-desarrollo-de-proyectos-diversos\/\" \/>\n<meta property=\"og:locale\" content=\"es_ES\" \/>\n<meta property=\"og:type\" content=\"article\" \/>\n<meta property=\"og:title\" content=\"Suscriben Naucalpan y Universidad Iberoamericana convenio para el desarrollo de proyectos diversos\u00a0 - Agencia252\" \/>\n<meta property=\"og:description\" content=\"Visitas: 13 Juan Ignacio Corro&nbsp; Naucalpan, Estado de M\u00e9xico, 28 de febrero de 2026&nbsp; Este viernes, el Presidente Municipal de Naucalpan, Isaac Montoya M\u00e1rquez y la con la Universidad Iberoamericana Ciudad de M\u00e9xico, firmaron un Convenio de Colaboraci\u00f3n, a trav\u00e9s del cual se trabajar\u00e1 para desarrollar diversos proyectos de investigaci\u00f3n aplicada y diagn\u00f3sticos urbanos, co-creaci\u00f3n [&hellip;]\" \/>\n<meta property=\"og:url\" content=\"https:\/\/agencia.252.com.mx\/home\/suscriben-naucalpan-y-universidad-iberoamericana-convenio-para-el-desarrollo-de-proyectos-diversos\/\" \/>\n<meta property=\"og:site_name\" content=\"Agencia252\" \/>\n<meta property=\"article:publisher\" content=\"https:\/\/www.facebook.com\/252Comunicacion\/\" \/>\n<meta property=\"article:author\" content=\"https:\/\/www.facebook.com\/jcorroherrera\/\" \/>\n<meta property=\"article:published_time\" content=\"2026-02-28T21:19:15+00:00\" \/>\n<meta property=\"article:modified_time\" content=\"2026-02-28T21:19:16+00:00\" \/>\n<meta property=\"og:image\" content=\"http:\/\/agencia.252.com.mx\/wp-content\/uploads\/2026\/02\/WhatsApp-Image-2026-02-27-at-5.09.30-PM.jpeg\" \/>\n\t<meta property=\"og:image:width\" content=\"1600\" \/>\n\t<meta property=\"og:image:height\" content=\"1060\" \/>\n\t<meta property=\"og:image:type\" content=\"image\/jpeg\" \/>\n<meta name=\"author\" content=\"Nacho Corro\" \/>\n<meta name=\"twitter:card\" content=\"summary_large_image\" \/>\n<meta name=\"twitter:creator\" content=\"@Juan Ignacio Corro Herrera\" \/>\n<meta name=\"twitter:site\" content=\"@252COMS\" \/>\n<meta name=\"twitter:label1\" content=\"Escrito por\" \/>\n\t<meta name=\"twitter:data1\" content=\"Nacho Corro\" \/>\n\t<meta name=\"twitter:label2\" content=\"Tiempo de lectura\" \/>\n\t<meta name=\"twitter:data2\" content=\"2 minutos\" \/>\n<script type=\"application\/ld+json\" class=\"yoast-schema-graph\">{\"@context\":\"https:\\\/\\\/schema.org\",\"@graph\":[{\"@type\":\"Article\",\"@id\":\"https:\\\/\\\/agencia.252.com.mx\\\/home\\\/suscriben-naucalpan-y-universidad-iberoamericana-convenio-para-el-desarrollo-de-proyectos-diversos\\\/#article\",\"isPartOf\":{\"@id\":\"https:\\\/\\\/agencia.252.com.mx\\\/home\\\/suscriben-naucalpan-y-universidad-iberoamericana-convenio-para-el-desarrollo-de-proyectos-diversos\\\/\"},\"author\":{\"name\":\"Nacho Corro\",\"@id\":\"https:\\\/\\\/agencia.252.com.mx\\\/home\\\/#\\\/schema\\\/person\\\/6b972021e9a92d45ade8c78d81509098\"},\"headline\":\"Suscriben Naucalpan y Universidad Iberoamericana convenio para el desarrollo de proyectos diversos\u00a0\",\"datePublished\":\"2026-02-28T21:19:15+00:00\",\"dateModified\":\"2026-02-28T21:19:16+00:00\",\"mainEntityOfPage\":{\"@id\":\"https:\\\/\\\/agencia.252.com.mx\\\/home\\\/suscriben-naucalpan-y-universidad-iberoamericana-convenio-para-el-desarrollo-de-proyectos-diversos\\\/\"},\"wordCount\":408,\"commentCount\":0,\"publisher\":{\"@id\":\"https:\\\/\\\/agencia.252.com.mx\\\/home\\\/#organization\"},\"image\":{\"@id\":\"https:\\\/\\\/agencia.252.com.mx\\\/home\\\/suscriben-naucalpan-y-universidad-iberoamericana-convenio-para-el-desarrollo-de-proyectos-diversos\\\/#primaryimage\"},\"thumbnailUrl\":\"https:\\\/\\\/agencia.252.com.mx\\\/wp-content\\\/uploads\\\/2026\\\/02\\\/WhatsApp-Image-2026-02-27-at-5.09.30-PM.jpeg\",\"keywords\":[\"Edomex\"],\"articleSection\":[\"Edomex\",\"Metropoli\",\"Seguridad\"],\"inLanguage\":\"es\",\"potentialAction\":[{\"@type\":\"CommentAction\",\"name\":\"Comment\",\"target\":[\"https:\\\/\\\/agencia.252.com.mx\\\/home\\\/suscriben-naucalpan-y-universidad-iberoamericana-convenio-para-el-desarrollo-de-proyectos-diversos\\\/#respond\"]}]},{\"@type\":\"WebPage\",\"@id\":\"https:\\\/\\\/agencia.252.com.mx\\\/home\\\/suscriben-naucalpan-y-universidad-iberoamericana-convenio-para-el-desarrollo-de-proyectos-diversos\\\/\",\"url\":\"https:\\\/\\\/agencia.252.com.mx\\\/home\\\/suscriben-naucalpan-y-universidad-iberoamericana-convenio-para-el-desarrollo-de-proyectos-diversos\\\/\",\"name\":\"Suscriben Naucalpan y Universidad Iberoamericana convenio para el desarrollo de proyectos diversos\u00a0 - Agencia252\",\"isPartOf\":{\"@id\":\"https:\\\/\\\/agencia.252.com.mx\\\/home\\\/#website\"},\"primaryImageOfPage\":{\"@id\":\"https:\\\/\\\/agencia.252.com.mx\\\/home\\\/suscriben-naucalpan-y-universidad-iberoamericana-convenio-para-el-desarrollo-de-proyectos-diversos\\\/#primaryimage\"},\"image\":{\"@id\":\"https:\\\/\\\/agencia.252.com.mx\\\/home\\\/suscriben-naucalpan-y-universidad-iberoamericana-convenio-para-el-desarrollo-de-proyectos-diversos\\\/#primaryimage\"},\"thumbnailUrl\":\"https:\\\/\\\/agencia.252.com.mx\\\/wp-content\\\/uploads\\\/2026\\\/02\\\/WhatsApp-Image-2026-02-27-at-5.09.30-PM.jpeg\",\"datePublished\":\"2026-02-28T21:19:15+00:00\",\"dateModified\":\"2026-02-28T21:19:16+00:00\",\"breadcrumb\":{\"@id\":\"https:\\\/\\\/agencia.252.com.mx\\\/home\\\/suscriben-naucalpan-y-universidad-iberoamericana-convenio-para-el-desarrollo-de-proyectos-diversos\\\/#breadcrumb\"},\"inLanguage\":\"es\",\"potentialAction\":[{\"@type\":\"ReadAction\",\"target\":[\"https:\\\/\\\/agencia.252.com.mx\\\/home\\\/suscriben-naucalpan-y-universidad-iberoamericana-convenio-para-el-desarrollo-de-proyectos-diversos\\\/\"]}]},{\"@type\":\"ImageObject\",\"inLanguage\":\"es\",\"@id\":\"https:\\\/\\\/agencia.252.com.mx\\\/home\\\/suscriben-naucalpan-y-universidad-iberoamericana-convenio-para-el-desarrollo-de-proyectos-diversos\\\/#primaryimage\",\"url\":\"https:\\\/\\\/agencia.252.com.mx\\\/wp-content\\\/uploads\\\/2026\\\/02\\\/WhatsApp-Image-2026-02-27-at-5.09.30-PM.jpeg\",\"contentUrl\":\"https:\\\/\\\/agencia.252.com.mx\\\/wp-content\\\/uploads\\\/2026\\\/02\\\/WhatsApp-Image-2026-02-27-at-5.09.30-PM.jpeg\",\"width\":1600,\"height\":1060},{\"@type\":\"BreadcrumbList\",\"@id\":\"https:\\\/\\\/agencia.252.com.mx\\\/home\\\/suscriben-naucalpan-y-universidad-iberoamericana-convenio-para-el-desarrollo-de-proyectos-diversos\\\/#breadcrumb\",\"itemListElement\":[{\"@type\":\"ListItem\",\"position\":1,\"name\":\"Portada\",\"item\":\"https:\\\/\\\/agencia.252.com.mx\\\/home\\\/\"},{\"@type\":\"ListItem\",\"position\":2,\"name\":\"Suscriben Naucalpan y Universidad Iberoamericana convenio para el desarrollo de proyectos diversos\u00a0\"}]},{\"@type\":\"WebSite\",\"@id\":\"https:\\\/\\\/agencia.252.com.mx\\\/home\\\/#website\",\"url\":\"https:\\\/\\\/agencia.252.com.mx\\\/home\\\/\",\"name\":\"Agencia252\",\"description\":\"Tu espacio en la Red\",\"publisher\":{\"@id\":\"https:\\\/\\\/agencia.252.com.mx\\\/home\\\/#organization\"},\"potentialAction\":[{\"@type\":\"SearchAction\",\"target\":{\"@type\":\"EntryPoint\",\"urlTemplate\":\"https:\\\/\\\/agencia.252.com.mx\\\/home\\\/?s={search_term_string}\"},\"query-input\":{\"@type\":\"PropertyValueSpecification\",\"valueRequired\":true,\"valueName\":\"search_term_string\"}}],\"inLanguage\":\"es\"},{\"@type\":\"Organization\",\"@id\":\"https:\\\/\\\/agencia.252.com.mx\\\/home\\\/#organization\",\"name\":\"Agencia252\",\"url\":\"https:\\\/\\\/agencia.252.com.mx\\\/home\\\/\",\"logo\":{\"@type\":\"ImageObject\",\"inLanguage\":\"es\",\"@id\":\"https:\\\/\\\/agencia.252.com.mx\\\/home\\\/#\\\/schema\\\/logo\\\/image\\\/\",\"url\":\"https:\\\/\\\/agencia.252.com.mx\\\/wp-content\\\/uploads\\\/2023\\\/02\\\/cropped-ciruclo-agencia-e1677562404136.png\",\"contentUrl\":\"https:\\\/\\\/agencia.252.com.mx\\\/wp-content\\\/uploads\\\/2023\\\/02\\\/cropped-ciruclo-agencia-e1677562404136.png\",\"width\":512,\"height\":512,\"caption\":\"Agencia252\"},\"image\":{\"@id\":\"https:\\\/\\\/agencia.252.com.mx\\\/home\\\/#\\\/schema\\\/logo\\\/image\\\/\"},\"sameAs\":[\"https:\\\/\\\/www.facebook.com\\\/252Comunicacion\\\/\",\"https:\\\/\\\/x.com\\\/252COMS\"]},{\"@type\":\"Person\",\"@id\":\"https:\\\/\\\/agencia.252.com.mx\\\/home\\\/#\\\/schema\\\/person\\\/6b972021e9a92d45ade8c78d81509098\",\"name\":\"Nacho Corro\",\"image\":{\"@type\":\"ImageObject\",\"inLanguage\":\"es\",\"@id\":\"https:\\\/\\\/secure.gravatar.com\\\/avatar\\\/5db6df507cfe1307e192fbb498c6b85f1cf2ffd8b4cd37141b9eea588fcbd5a4?s=96&r=g\",\"url\":\"https:\\\/\\\/secure.gravatar.com\\\/avatar\\\/5db6df507cfe1307e192fbb498c6b85f1cf2ffd8b4cd37141b9eea588fcbd5a4?s=96&r=g\",\"contentUrl\":\"https:\\\/\\\/secure.gravatar.com\\\/avatar\\\/5db6df507cfe1307e192fbb498c6b85f1cf2ffd8b4cd37141b9eea588fcbd5a4?s=96&r=g\",\"caption\":\"Nacho Corro\"},\"description\":\"Comunicador Social, Periodista y Administraci\u00f3n P\u00fablica. Conversador pol\u00edtico, temas electorales y seguridad. Generador de contenidos digitales. Amante de la fotograf\u00eda\",\"sameAs\":[\"https:\\\/\\\/www.facebook.com\\\/jcorroherrera\\\/\",\"www.instagram.com\\\/nachocorro\\\/\",\"https:\\\/\\\/x.com\\\/Juan Ignacio Corro Herrera\"],\"url\":\"https:\\\/\\\/agencia.252.com.mx\\\/home\\\/author\\\/i-corro\\\/\"}]}<\/script>\n<!-- \/ Yoast SEO plugin. -->","yoast_head_json":{"title":"Suscriben Naucalpan y Universidad Iberoamericana convenio para el desarrollo de proyectos diversos\u00a0 - Agencia252","robots":{"index":"index","follow":"follow","max-snippet":"max-snippet:-1","max-image-preview":"max-image-preview:large","max-video-preview":"max-video-preview:-1"},"canonical":"https:\/\/agencia.252.com.mx\/home\/suscriben-naucalpan-y-universidad-iberoamericana-convenio-para-el-desarrollo-de-proyectos-diversos\/","og_locale":"es_ES","og_type":"article","og_title":"Suscriben Naucalpan y Universidad Iberoamericana convenio para el desarrollo de proyectos diversos\u00a0 - Agencia252","og_description":"Visitas: 13 Juan Ignacio Corro&nbsp; Naucalpan, Estado de M\u00e9xico, 28 de febrero de 2026&nbsp; Este viernes, el Presidente Municipal de Naucalpan, Isaac Montoya M\u00e1rquez y la con la Universidad Iberoamericana Ciudad de M\u00e9xico, firmaron un Convenio de Colaboraci\u00f3n, a trav\u00e9s del cual se trabajar\u00e1 para desarrollar diversos proyectos de investigaci\u00f3n aplicada y diagn\u00f3sticos urbanos, co-creaci\u00f3n [&hellip;]","og_url":"https:\/\/agencia.252.com.mx\/home\/suscriben-naucalpan-y-universidad-iberoamericana-convenio-para-el-desarrollo-de-proyectos-diversos\/","og_site_name":"Agencia252","article_publisher":"https:\/\/www.facebook.com\/252Comunicacion\/","article_author":"https:\/\/www.facebook.com\/jcorroherrera\/","article_published_time":"2026-02-28T21:19:15+00:00","article_modified_time":"2026-02-28T21:19:16+00:00","og_image":[{"width":1600,"height":1060,"url":"http:\/\/agencia.252.com.mx\/wp-content\/uploads\/2026\/02\/WhatsApp-Image-2026-02-27-at-5.09.30-PM.jpeg","type":"image\/jpeg"}],"author":"Nacho Corro","twitter_card":"summary_large_image","twitter_creator":"@Juan Ignacio Corro Herrera","twitter_site":"@252COMS","twitter_misc":{"Escrito por":"Nacho Corro","Tiempo de lectura":"2 minutos"},"schema":{"@context":"https:\/\/schema.org","@graph":[{"@type":"Article","@id":"https:\/\/agencia.252.com.mx\/home\/suscriben-naucalpan-y-universidad-iberoamericana-convenio-para-el-desarrollo-de-proyectos-diversos\/#article","isPartOf":{"@id":"https:\/\/agencia.252.com.mx\/home\/suscriben-naucalpan-y-universidad-iberoamericana-convenio-para-el-desarrollo-de-proyectos-diversos\/"},"author":{"name":"Nacho Corro","@id":"https:\/\/agencia.252.com.mx\/home\/#\/schema\/person\/6b972021e9a92d45ade8c78d81509098"},"headline":"Suscriben Naucalpan y Universidad Iberoamericana convenio para el desarrollo de proyectos diversos\u00a0","datePublished":"2026-02-28T21:19:15+00:00","dateModified":"2026-02-28T21:19:16+00:00","mainEntityOfPage":{"@id":"https:\/\/agencia.252.com.mx\/home\/suscriben-naucalpan-y-universidad-iberoamericana-convenio-para-el-desarrollo-de-proyectos-diversos\/"},"wordCount":408,"commentCount":0,"publisher":{"@id":"https:\/\/agencia.252.com.mx\/home\/#organization"},"image":{"@id":"https:\/\/agencia.252.com.mx\/home\/suscriben-naucalpan-y-universidad-iberoamericana-convenio-para-el-desarrollo-de-proyectos-diversos\/#primaryimage"},"thumbnailUrl":"https:\/\/agencia.252.com.mx\/wp-content\/uploads\/2026\/02\/WhatsApp-Image-2026-02-27-at-5.09.30-PM.jpeg","keywords":["Edomex"],"articleSection":["Edomex","Metropoli","Seguridad"],"inLanguage":"es","potentialAction":[{"@type":"CommentAction","name":"Comment","target":["https:\/\/agencia.252.com.mx\/home\/suscriben-naucalpan-y-universidad-iberoamericana-convenio-para-el-desarrollo-de-proyectos-diversos\/#respond"]}]},{"@type":"WebPage","@id":"https:\/\/agencia.252.com.mx\/home\/suscriben-naucalpan-y-universidad-iberoamericana-convenio-para-el-desarrollo-de-proyectos-diversos\/","url":"https:\/\/agencia.252.com.mx\/home\/suscriben-naucalpan-y-universidad-iberoamericana-convenio-para-el-desarrollo-de-proyectos-diversos\/","name":"Suscriben Naucalpan y Universidad Iberoamericana convenio para el desarrollo de proyectos diversos\u00a0 - Agencia252","isPartOf":{"@id":"https:\/\/agencia.252.com.mx\/home\/#website"},"primaryImageOfPage":{"@id":"https:\/\/agencia.252.com.mx\/home\/suscriben-naucalpan-y-universidad-iberoamericana-convenio-para-el-desarrollo-de-proyectos-diversos\/#primaryimage"},"image":{"@id":"https:\/\/agencia.252.com.mx\/home\/suscriben-naucalpan-y-universidad-iberoamericana-convenio-para-el-desarrollo-de-proyectos-diversos\/#primaryimage"},"thumbnailUrl":"https:\/\/agencia.252.com.mx\/wp-content\/uploads\/2026\/02\/WhatsApp-Image-2026-02-27-at-5.09.30-PM.jpeg","datePublished":"2026-02-28T21:19:15+00:00","dateModified":"2026-02-28T21:19:16+00:00","breadcrumb":{"@id":"https:\/\/agencia.252.com.mx\/home\/suscriben-naucalpan-y-universidad-iberoamericana-convenio-para-el-desarrollo-de-proyectos-diversos\/#breadcrumb"},"inLanguage":"es","potentialAction":[{"@type":"ReadAction","target":["https:\/\/agencia.252.com.mx\/home\/suscriben-naucalpan-y-universidad-iberoamericana-convenio-para-el-desarrollo-de-proyectos-diversos\/"]}]},{"@type":"ImageObject","inLanguage":"es","@id":"https:\/\/agencia.252.com.mx\/home\/suscriben-naucalpan-y-universidad-iberoamericana-convenio-para-el-desarrollo-de-proyectos-diversos\/#primaryimage","url":"https:\/\/agencia.252.com.mx\/wp-content\/uploads\/2026\/02\/WhatsApp-Image-2026-02-27-at-5.09.30-PM.jpeg","contentUrl":"https:\/\/agencia.252.com.mx\/wp-content\/uploads\/2026\/02\/WhatsApp-Image-2026-02-27-at-5.09.30-PM.jpeg","width":1600,"height":1060},{"@type":"BreadcrumbList","@id":"https:\/\/agencia.252.com.mx\/home\/suscriben-naucalpan-y-universidad-iberoamericana-convenio-para-el-desarrollo-de-proyectos-diversos\/#breadcrumb","itemListElement":[{"@type":"ListItem","position":1,"name":"Portada","item":"https:\/\/agencia.252.com.mx\/home\/"},{"@type":"ListItem","position":2,"name":"Suscriben Naucalpan y Universidad Iberoamericana convenio para el desarrollo de proyectos diversos\u00a0"}]},{"@type":"WebSite","@id":"https:\/\/agencia.252.com.mx\/home\/#website","url":"https:\/\/agencia.252.com.mx\/home\/","name":"Agencia252","description":"Tu espacio en la Red","publisher":{"@id":"https:\/\/agencia.252.com.mx\/home\/#organization"},"potentialAction":[{"@type":"SearchAction","target":{"@type":"EntryPoint","urlTemplate":"https:\/\/agencia.252.com.mx\/home\/?s={search_term_string}"},"query-input":{"@type":"PropertyValueSpecification","valueRequired":true,"valueName":"search_term_string"}}],"inLanguage":"es"},{"@type":"Organization","@id":"https:\/\/agencia.252.com.mx\/home\/#organization","name":"Agencia252","url":"https:\/\/agencia.252.com.mx\/home\/","logo":{"@type":"ImageObject","inLanguage":"es","@id":"https:\/\/agencia.252.com.mx\/home\/#\/schema\/logo\/image\/","url":"https:\/\/agencia.252.com.mx\/wp-content\/uploads\/2023\/02\/cropped-ciruclo-agencia-e1677562404136.png","contentUrl":"https:\/\/agencia.252.com.mx\/wp-content\/uploads\/2023\/02\/cropped-ciruclo-agencia-e1677562404136.png","width":512,"height":512,"caption":"Agencia252"},"image":{"@id":"https:\/\/agencia.252.com.mx\/home\/#\/schema\/logo\/image\/"},"sameAs":["https:\/\/www.facebook.com\/252Comunicacion\/","https:\/\/x.com\/252COMS"]},{"@type":"Person","@id":"https:\/\/agencia.252.com.mx\/home\/#\/schema\/person\/6b972021e9a92d45ade8c78d81509098","name":"Nacho Corro","image":{"@type":"ImageObject","inLanguage":"es","@id":"https:\/\/secure.gravatar.com\/avatar\/5db6df507cfe1307e192fbb498c6b85f1cf2ffd8b4cd37141b9eea588fcbd5a4?s=96&r=g","url":"https:\/\/secure.gravatar.com\/avatar\/5db6df507cfe1307e192fbb498c6b85f1cf2ffd8b4cd37141b9eea588fcbd5a4?s=96&r=g","contentUrl":"https:\/\/secure.gravatar.com\/avatar\/5db6df507cfe1307e192fbb498c6b85f1cf2ffd8b4cd37141b9eea588fcbd5a4?s=96&r=g","caption":"Nacho Corro"},"description":"Comunicador Social, Periodista y Administraci\u00f3n P\u00fablica. Conversador pol\u00edtico, temas electorales y seguridad. Generador de contenidos digitales. Amante de la fotograf\u00eda","sameAs":["https:\/\/www.facebook.com\/jcorroherrera\/","www.instagram.com\/nachocorro\/","https:\/\/x.com\/Juan Ignacio Corro Herrera"],"url":"https:\/\/agencia.252.com.mx\/home\/author\/i-corro\/"}]}},"_links":{"self":[{"href":"https:\/\/agencia.252.com.mx\/home\/wp-json\/wp\/v2\/posts\/16406","targetHints":{"allow":["GET"]}}],"collection":[{"href":"https:\/\/agencia.252.com.mx\/home\/wp-json\/wp\/v2\/posts"}],"about":[{"href":"https:\/\/agencia.252.com.mx\/home\/wp-json\/wp\/v2\/types\/post"}],"author":[{"embeddable":true,"href":"https:\/\/agencia.252.com.mx\/home\/wp-json\/wp\/v2\/users\/5"}],"replies":[{"embeddable":true,"href":"https:\/\/agencia.252.com.mx\/home\/wp-json\/wp\/v2\/comments?post=16406"}],"version-history":[{"count":1,"href":"https:\/\/agencia.252.com.mx\/home\/wp-json\/wp\/v2\/posts\/16406\/revisions"}],"predecessor-version":[{"id":16408,"href":"https:\/\/agencia.252.com.mx\/home\/wp-json\/wp\/v2\/posts\/16406\/revisions\/16408"}],"wp:featuredmedia":[{"embeddable":true,"href":"https:\/\/agencia.252.com.mx\/home\/wp-json\/wp\/v2\/media\/16407"}],"wp:attachment":[{"href":"https:\/\/agencia.252.com.mx\/home\/wp-json\/wp\/v2\/media?parent=16406"}],"wp:term":[{"taxonomy":"category","embeddable":true,"href":"https:\/\/agencia.252.com.mx\/home\/wp-json\/wp\/v2\/categories?post=16406"},{"taxonomy":"post_tag","embeddable":true,"href":"https:\/\/agencia.252.com.mx\/home\/wp-json\/wp\/v2\/tags?post=16406"}],"curies":[{"name":"wp","href":"https:\/\/api.w.org\/{rel}","templated":true}]}}