{"id":16401,"date":"2026-02-28T12:28:39","date_gmt":"2026-02-28T18:28:39","guid":{"rendered":"https:\/\/agencia.252.com.mx\/home\/?p=16401"},"modified":"2026-02-28T12:28:40","modified_gmt":"2026-02-28T18:28:40","slug":"ecatepec-suma-4-kilometros-de-senderos-seguro","status":"publish","type":"post","link":"https:\/\/agencia.252.com.mx\/home\/ecatepec-suma-4-kilometros-de-senderos-seguro\/","title":{"rendered":"Ecatepec suma 4 kil\u00f3metros de Senderos Seguro"},"content":{"rendered":"<p>Visitas: 18<\/p>\n<ul class=\"wp-block-list\">\n<li><em>Azucena Cisneros supervisa avances de iluminaci\u00f3n y parques lineales<\/em><\/li>\n\n\n\n<li><em>El programa federal \u201cCamina Libre, Camina Segura\u00bb proyecta crear en el municipio 30 km de Senderos Seguros<\/em><\/li>\n<\/ul>\n\n\n\n<p>Juan Ignacio Corro&nbsp;<\/p>\n\n\n\n<p class=\"has-text-align-right\">Ecatepec, Estado de M\u00e9xico, 28 de febrero de 2026&nbsp;<\/p>\n\n\n\n<p>En poco m\u00e1s de 15 d\u00edas, el gobierno de Ecatepec sum\u00f3 cuatro kil\u00f3metros de Senderos Seguros, los cuales mejoran la movilidad y brindan mayor seguridad a la poblaci\u00f3n, sobre todo a mujeres y ni\u00f1as.<\/p>\n\n\n\n<p>La alcaldesa Azucena Cisneros Coss puso en marcha, el pasado 6 de febrero, un Sendero Seguro de 1.2 kil\u00f3metros lineales en avenida Ignacio L\u00f3pez Ray\u00f3n, fraccionamiento Las Am\u00e9ricas, que durante 17 a\u00f1os estuvo en total oscuridad y generaba temor entre la poblaci\u00f3n. El camell\u00f3n de la vialidad qued\u00f3 totalmente iluminado, por lo que el espacio fue recuperado para la comunidad, toda vez que alberga juegos infantiles, que los menores no utilizaban de noche debido a la oscuridad en la que estaba.<\/p>\n\n\n\n<p>El pasado 20 de febrero, la mun\u00edcipe entreg\u00f3 la repavimentaci\u00f3n de avenida Tecnol\u00f3gico y su continuaci\u00f3n Maravillas, donde se cre\u00f3 un Sendero Seguro de 2.5 kil\u00f3metros lineales con inversi\u00f3n de 40 millones de pesos, obra realizada en coordinaci\u00f3n con los gobiernos federal y estatal.<\/p>\n\n\n\n<p>Dicho Sendero Seguro se localiza frente al Tecnol\u00f3gico de Estudios Superiores de Ecatepec (TESE) y conecta las avenidas Central y R1, adem\u00e1s de que cruza las comunidades Valle de Arag\u00f3n, Jardines del Tepeyac, Valle de An\u00e1huac, Zapata y Valle de Guadalupe, entre otras. El pavimento destaca por un mural con la leyenda \u201cEcatepec Amor y Paz\u201d.<\/p>\n\n\n\n<figure class=\"wp-block-gallery has-nested-images columns-default is-cropped wp-block-gallery-1 is-layout-flex wp-block-gallery-is-layout-flex\">\n<figure class=\"wp-block-image size-large\"><img fetchpriority=\"high\" decoding=\"async\" width=\"1024\" height=\"767\" data-id=\"16403\" src=\"https:\/\/agencia.252.com.mx\/wp-content\/uploads\/2026\/02\/WhatsApp-Image-2026-02-27-at-3.44.08-PM-1024x767.jpeg\" alt=\"\" class=\"wp-image-16403\" srcset=\"https:\/\/agencia.252.com.mx\/wp-content\/uploads\/2026\/02\/WhatsApp-Image-2026-02-27-at-3.44.08-PM-1024x767.jpeg 1024w, https:\/\/agencia.252.com.mx\/wp-content\/uploads\/2026\/02\/WhatsApp-Image-2026-02-27-at-3.44.08-PM-300x225.jpeg 300w, https:\/\/agencia.252.com.mx\/wp-content\/uploads\/2026\/02\/WhatsApp-Image-2026-02-27-at-3.44.08-PM-768x576.jpeg 768w, https:\/\/agencia.252.com.mx\/wp-content\/uploads\/2026\/02\/WhatsApp-Image-2026-02-27-at-3.44.08-PM-1536x1151.jpeg 1536w, https:\/\/agencia.252.com.mx\/wp-content\/uploads\/2026\/02\/WhatsApp-Image-2026-02-27-at-3.44.08-PM.jpeg 1600w\" sizes=\"(max-width: 1024px) 100vw, 1024px\" \/><\/figure>\n\n\n\n<figure class=\"wp-block-image size-large\"><img decoding=\"async\" width=\"1024\" height=\"767\" data-id=\"16402\" src=\"https:\/\/agencia.252.com.mx\/wp-content\/uploads\/2026\/02\/WhatsApp-Image-2026-02-27-at-3.44.07-PM-1024x767.jpeg\" alt=\"\" class=\"wp-image-16402\" srcset=\"https:\/\/agencia.252.com.mx\/wp-content\/uploads\/2026\/02\/WhatsApp-Image-2026-02-27-at-3.44.07-PM-1024x767.jpeg 1024w, https:\/\/agencia.252.com.mx\/wp-content\/uploads\/2026\/02\/WhatsApp-Image-2026-02-27-at-3.44.07-PM-300x225.jpeg 300w, https:\/\/agencia.252.com.mx\/wp-content\/uploads\/2026\/02\/WhatsApp-Image-2026-02-27-at-3.44.07-PM-768x575.jpeg 768w, https:\/\/agencia.252.com.mx\/wp-content\/uploads\/2026\/02\/WhatsApp-Image-2026-02-27-at-3.44.07-PM.jpeg 1280w\" sizes=\"(max-width: 1024px) 100vw, 1024px\" \/><\/figure>\n<\/figure>\n\n\n\n<p>El Sendero Seguro m\u00e1s reciente fue puesto en marcha el pasado 25 de febrero, en las calles Mezquite y Guerrero, en Santa Clara Coatitla, de 370 metros lineales, que inicia justo en la estaci\u00f3n 1 Santa Clara de la L\u00ednea 1 del Mexicable, zona que anteriormente estaba en penumbras y representaba riesgos para los colonos.<\/p>\n\n\n\n<p>El gobierno de Ecatepec continuar\u00e1 con la creaci\u00f3n de otros Senderos Seguros en diferentes puntos de la localidad, para transformar el entorno urbano y que las mujeres caminen sin miedo en las noches.&nbsp;<\/p>\n\n\n\n<p>Mientras que el gobierno federal puso en marcha el programa \u201cCamina Libre, Camina Segura\u201d, que proyecta construir 30 kil\u00f3metros de Senderos Seguros en Ecatepec.<\/p>\n\n\n\n<p>De este modo, autoridades municipales y federales trabajan de manera coordinada en beneficio de las y los ecatepenses.<\/p>\n","protected":false},"excerpt":{"rendered":"<p>Visitas: 18 Juan Ignacio Corro&nbsp; Ecatepec, Estado de M\u00e9xico, 28 de febrero de 2026&nbsp; En poco m\u00e1s de 15 d\u00edas, el gobierno de Ecatepec sum\u00f3 cuatro kil\u00f3metros de Senderos Seguros, los cuales mejoran la movilidad y brindan mayor seguridad a la poblaci\u00f3n, sobre todo a mujeres y ni\u00f1as. La alcaldesa Azucena Cisneros Coss puso en [&hellip;]<\/p>\n","protected":false},"author":5,"featured_media":16404,"comment_status":"open","ping_status":"open","sticky":false,"template":"","format":"standard","meta":{"site-sidebar-layout":"default","site-content-layout":"","ast-site-content-layout":"default","site-content-style":"default","site-sidebar-style":"default","ast-global-header-display":"","ast-banner-title-visibility":"","ast-main-header-display":"","ast-hfb-above-header-display":"","ast-hfb-below-header-display":"","ast-hfb-mobile-header-display":"","site-post-title":"","ast-breadcrumbs-content":"","ast-featured-img":"","footer-sml-layout":"","ast-disable-related-posts":"","theme-transparent-header-meta":"","adv-header-id-meta":"","stick-header-meta":"","header-above-stick-meta":"","header-main-stick-meta":"","header-below-stick-meta":"","astra-migrate-meta-layouts":"set","ast-page-background-enabled":"default","ast-page-background-meta":{"desktop":{"background-color":"var(--ast-global-color-4)","background-image":"","background-repeat":"repeat","background-position":"center center","background-size":"auto","background-attachment":"scroll","background-type":"","background-media":"","overlay-type":"","overlay-color":"","overlay-opacity":"","overlay-gradient":""},"tablet":{"background-color":"","background-image":"","background-repeat":"repeat","background-position":"center center","background-size":"auto","background-attachment":"scroll","background-type":"","background-media":"","overlay-type":"","overlay-color":"","overlay-opacity":"","overlay-gradient":""},"mobile":{"background-color":"","background-image":"","background-repeat":"repeat","background-position":"center center","background-size":"auto","background-attachment":"scroll","background-type":"","background-media":"","overlay-type":"","overlay-color":"","overlay-opacity":"","overlay-gradient":""}},"ast-content-background-meta":{"desktop":{"background-color":"var(--ast-global-color-5)","background-image":"","background-repeat":"repeat","background-position":"center center","background-size":"auto","background-attachment":"scroll","background-type":"","background-media":"","overlay-type":"","overlay-color":"","overlay-opacity":"","overlay-gradient":""},"tablet":{"background-color":"var(--ast-global-color-5)","background-image":"","background-repeat":"repeat","background-position":"center center","background-size":"auto","background-attachment":"scroll","background-type":"","background-media":"","overlay-type":"","overlay-color":"","overlay-opacity":"","overlay-gradient":""},"mobile":{"background-color":"var(--ast-global-color-5)","background-image":"","background-repeat":"repeat","background-position":"center center","background-size":"auto","background-attachment":"scroll","background-type":"","background-media":"","overlay-type":"","overlay-color":"","overlay-opacity":"","overlay-gradient":""}},"footnotes":""},"categories":[38,8,512,68],"tags":[526],"class_list":["post-16401","post","type-post","status-publish","format-standard","has-post-thumbnail","hentry","category-ecatepec","category-edomex","category-metropoli","category-seguridad","tag-edomex"],"yoast_head":"<!-- This site is optimized with the Yoast SEO plugin v27.4 - https:\/\/yoast.com\/product\/yoast-seo-wordpress\/ -->\n<title>Ecatepec suma 4 kil\u00f3metros de Senderos Seguro - Agencia252<\/title>\n<meta name=\"robots\" content=\"index, follow, max-snippet:-1, max-image-preview:large, max-video-preview:-1\" \/>\n<link rel=\"canonical\" href=\"https:\/\/agencia.252.com.mx\/home\/ecatepec-suma-4-kilometros-de-senderos-seguro\/\" \/>\n<meta property=\"og:locale\" content=\"es_ES\" \/>\n<meta property=\"og:type\" content=\"article\" \/>\n<meta property=\"og:title\" content=\"Ecatepec suma 4 kil\u00f3metros de Senderos Seguro - Agencia252\" \/>\n<meta property=\"og:description\" content=\"Visitas: 18 Juan Ignacio Corro&nbsp; Ecatepec, Estado de M\u00e9xico, 28 de febrero de 2026&nbsp; En poco m\u00e1s de 15 d\u00edas, el gobierno de Ecatepec sum\u00f3 cuatro kil\u00f3metros de Senderos Seguros, los cuales mejoran la movilidad y brindan mayor seguridad a la poblaci\u00f3n, sobre todo a mujeres y ni\u00f1as. La alcaldesa Azucena Cisneros Coss puso en [&hellip;]\" \/>\n<meta property=\"og:url\" content=\"https:\/\/agencia.252.com.mx\/home\/ecatepec-suma-4-kilometros-de-senderos-seguro\/\" \/>\n<meta property=\"og:site_name\" content=\"Agencia252\" \/>\n<meta property=\"article:publisher\" content=\"https:\/\/www.facebook.com\/252Comunicacion\/\" \/>\n<meta property=\"article:author\" content=\"https:\/\/www.facebook.com\/jcorroherrera\/\" \/>\n<meta property=\"article:published_time\" content=\"2026-02-28T18:28:39+00:00\" \/>\n<meta property=\"article:modified_time\" content=\"2026-02-28T18:28:40+00:00\" \/>\n<meta property=\"og:image\" content=\"http:\/\/agencia.252.com.mx\/wp-content\/uploads\/2026\/02\/WhatsApp-Image-2026-02-27-at-3.44.06-PM.jpeg\" \/>\n\t<meta property=\"og:image:width\" content=\"1320\" \/>\n\t<meta property=\"og:image:height\" content=\"989\" \/>\n\t<meta property=\"og:image:type\" content=\"image\/jpeg\" \/>\n<meta name=\"author\" content=\"Nacho Corro\" \/>\n<meta name=\"twitter:card\" content=\"summary_large_image\" \/>\n<meta name=\"twitter:creator\" content=\"@Juan Ignacio Corro Herrera\" \/>\n<meta name=\"twitter:site\" content=\"@252COMS\" \/>\n<meta name=\"twitter:label1\" content=\"Escrito por\" \/>\n\t<meta name=\"twitter:data1\" content=\"Nacho Corro\" \/>\n\t<meta name=\"twitter:label2\" content=\"Tiempo de lectura\" \/>\n\t<meta name=\"twitter:data2\" content=\"3 minutos\" \/>\n<script type=\"application\/ld+json\" class=\"yoast-schema-graph\">{\"@context\":\"https:\\\/\\\/schema.org\",\"@graph\":[{\"@type\":\"Article\",\"@id\":\"https:\\\/\\\/agencia.252.com.mx\\\/home\\\/ecatepec-suma-4-kilometros-de-senderos-seguro\\\/#article\",\"isPartOf\":{\"@id\":\"https:\\\/\\\/agencia.252.com.mx\\\/home\\\/ecatepec-suma-4-kilometros-de-senderos-seguro\\\/\"},\"author\":{\"name\":\"Nacho Corro\",\"@id\":\"https:\\\/\\\/agencia.252.com.mx\\\/home\\\/#\\\/schema\\\/person\\\/6b972021e9a92d45ade8c78d81509098\"},\"headline\":\"Ecatepec suma 4 kil\u00f3metros de Senderos Seguro\",\"datePublished\":\"2026-02-28T18:28:39+00:00\",\"dateModified\":\"2026-02-28T18:28:40+00:00\",\"mainEntityOfPage\":{\"@id\":\"https:\\\/\\\/agencia.252.com.mx\\\/home\\\/ecatepec-suma-4-kilometros-de-senderos-seguro\\\/\"},\"wordCount\":408,\"commentCount\":0,\"publisher\":{\"@id\":\"https:\\\/\\\/agencia.252.com.mx\\\/home\\\/#organization\"},\"image\":{\"@id\":\"https:\\\/\\\/agencia.252.com.mx\\\/home\\\/ecatepec-suma-4-kilometros-de-senderos-seguro\\\/#primaryimage\"},\"thumbnailUrl\":\"https:\\\/\\\/agencia.252.com.mx\\\/wp-content\\\/uploads\\\/2026\\\/02\\\/WhatsApp-Image-2026-02-27-at-3.44.06-PM.jpeg\",\"keywords\":[\"Edomex\"],\"articleSection\":[\"Ecatepec\",\"Edomex\",\"Metropoli\",\"Seguridad\"],\"inLanguage\":\"es\",\"potentialAction\":[{\"@type\":\"CommentAction\",\"name\":\"Comment\",\"target\":[\"https:\\\/\\\/agencia.252.com.mx\\\/home\\\/ecatepec-suma-4-kilometros-de-senderos-seguro\\\/#respond\"]}]},{\"@type\":\"WebPage\",\"@id\":\"https:\\\/\\\/agencia.252.com.mx\\\/home\\\/ecatepec-suma-4-kilometros-de-senderos-seguro\\\/\",\"url\":\"https:\\\/\\\/agencia.252.com.mx\\\/home\\\/ecatepec-suma-4-kilometros-de-senderos-seguro\\\/\",\"name\":\"Ecatepec suma 4 kil\u00f3metros de Senderos Seguro - Agencia252\",\"isPartOf\":{\"@id\":\"https:\\\/\\\/agencia.252.com.mx\\\/home\\\/#website\"},\"primaryImageOfPage\":{\"@id\":\"https:\\\/\\\/agencia.252.com.mx\\\/home\\\/ecatepec-suma-4-kilometros-de-senderos-seguro\\\/#primaryimage\"},\"image\":{\"@id\":\"https:\\\/\\\/agencia.252.com.mx\\\/home\\\/ecatepec-suma-4-kilometros-de-senderos-seguro\\\/#primaryimage\"},\"thumbnailUrl\":\"https:\\\/\\\/agencia.252.com.mx\\\/wp-content\\\/uploads\\\/2026\\\/02\\\/WhatsApp-Image-2026-02-27-at-3.44.06-PM.jpeg\",\"datePublished\":\"2026-02-28T18:28:39+00:00\",\"dateModified\":\"2026-02-28T18:28:40+00:00\",\"breadcrumb\":{\"@id\":\"https:\\\/\\\/agencia.252.com.mx\\\/home\\\/ecatepec-suma-4-kilometros-de-senderos-seguro\\\/#breadcrumb\"},\"inLanguage\":\"es\",\"potentialAction\":[{\"@type\":\"ReadAction\",\"target\":[\"https:\\\/\\\/agencia.252.com.mx\\\/home\\\/ecatepec-suma-4-kilometros-de-senderos-seguro\\\/\"]}]},{\"@type\":\"ImageObject\",\"inLanguage\":\"es\",\"@id\":\"https:\\\/\\\/agencia.252.com.mx\\\/home\\\/ecatepec-suma-4-kilometros-de-senderos-seguro\\\/#primaryimage\",\"url\":\"https:\\\/\\\/agencia.252.com.mx\\\/wp-content\\\/uploads\\\/2026\\\/02\\\/WhatsApp-Image-2026-02-27-at-3.44.06-PM.jpeg\",\"contentUrl\":\"https:\\\/\\\/agencia.252.com.mx\\\/wp-content\\\/uploads\\\/2026\\\/02\\\/WhatsApp-Image-2026-02-27-at-3.44.06-PM.jpeg\",\"width\":1320,\"height\":989},{\"@type\":\"BreadcrumbList\",\"@id\":\"https:\\\/\\\/agencia.252.com.mx\\\/home\\\/ecatepec-suma-4-kilometros-de-senderos-seguro\\\/#breadcrumb\",\"itemListElement\":[{\"@type\":\"ListItem\",\"position\":1,\"name\":\"Portada\",\"item\":\"https:\\\/\\\/agencia.252.com.mx\\\/home\\\/\"},{\"@type\":\"ListItem\",\"position\":2,\"name\":\"Ecatepec suma 4 kil\u00f3metros de Senderos Seguro\"}]},{\"@type\":\"WebSite\",\"@id\":\"https:\\\/\\\/agencia.252.com.mx\\\/home\\\/#website\",\"url\":\"https:\\\/\\\/agencia.252.com.mx\\\/home\\\/\",\"name\":\"Agencia252\",\"description\":\"Tu espacio en la Red\",\"publisher\":{\"@id\":\"https:\\\/\\\/agencia.252.com.mx\\\/home\\\/#organization\"},\"potentialAction\":[{\"@type\":\"SearchAction\",\"target\":{\"@type\":\"EntryPoint\",\"urlTemplate\":\"https:\\\/\\\/agencia.252.com.mx\\\/home\\\/?s={search_term_string}\"},\"query-input\":{\"@type\":\"PropertyValueSpecification\",\"valueRequired\":true,\"valueName\":\"search_term_string\"}}],\"inLanguage\":\"es\"},{\"@type\":\"Organization\",\"@id\":\"https:\\\/\\\/agencia.252.com.mx\\\/home\\\/#organization\",\"name\":\"Agencia252\",\"url\":\"https:\\\/\\\/agencia.252.com.mx\\\/home\\\/\",\"logo\":{\"@type\":\"ImageObject\",\"inLanguage\":\"es\",\"@id\":\"https:\\\/\\\/agencia.252.com.mx\\\/home\\\/#\\\/schema\\\/logo\\\/image\\\/\",\"url\":\"https:\\\/\\\/agencia.252.com.mx\\\/wp-content\\\/uploads\\\/2023\\\/02\\\/cropped-ciruclo-agencia-e1677562404136.png\",\"contentUrl\":\"https:\\\/\\\/agencia.252.com.mx\\\/wp-content\\\/uploads\\\/2023\\\/02\\\/cropped-ciruclo-agencia-e1677562404136.png\",\"width\":512,\"height\":512,\"caption\":\"Agencia252\"},\"image\":{\"@id\":\"https:\\\/\\\/agencia.252.com.mx\\\/home\\\/#\\\/schema\\\/logo\\\/image\\\/\"},\"sameAs\":[\"https:\\\/\\\/www.facebook.com\\\/252Comunicacion\\\/\",\"https:\\\/\\\/x.com\\\/252COMS\"]},{\"@type\":\"Person\",\"@id\":\"https:\\\/\\\/agencia.252.com.mx\\\/home\\\/#\\\/schema\\\/person\\\/6b972021e9a92d45ade8c78d81509098\",\"name\":\"Nacho Corro\",\"image\":{\"@type\":\"ImageObject\",\"inLanguage\":\"es\",\"@id\":\"https:\\\/\\\/secure.gravatar.com\\\/avatar\\\/5db6df507cfe1307e192fbb498c6b85f1cf2ffd8b4cd37141b9eea588fcbd5a4?s=96&r=g\",\"url\":\"https:\\\/\\\/secure.gravatar.com\\\/avatar\\\/5db6df507cfe1307e192fbb498c6b85f1cf2ffd8b4cd37141b9eea588fcbd5a4?s=96&r=g\",\"contentUrl\":\"https:\\\/\\\/secure.gravatar.com\\\/avatar\\\/5db6df507cfe1307e192fbb498c6b85f1cf2ffd8b4cd37141b9eea588fcbd5a4?s=96&r=g\",\"caption\":\"Nacho Corro\"},\"description\":\"Comunicador Social, Periodista y Administraci\u00f3n P\u00fablica. Conversador pol\u00edtico, temas electorales y seguridad. Generador de contenidos digitales. Amante de la fotograf\u00eda\",\"sameAs\":[\"https:\\\/\\\/www.facebook.com\\\/jcorroherrera\\\/\",\"www.instagram.com\\\/nachocorro\\\/\",\"https:\\\/\\\/x.com\\\/Juan Ignacio Corro Herrera\"],\"url\":\"https:\\\/\\\/agencia.252.com.mx\\\/home\\\/author\\\/i-corro\\\/\"}]}<\/script>\n<!-- \/ Yoast SEO plugin. -->","yoast_head_json":{"title":"Ecatepec suma 4 kil\u00f3metros de Senderos Seguro - Agencia252","robots":{"index":"index","follow":"follow","max-snippet":"max-snippet:-1","max-image-preview":"max-image-preview:large","max-video-preview":"max-video-preview:-1"},"canonical":"https:\/\/agencia.252.com.mx\/home\/ecatepec-suma-4-kilometros-de-senderos-seguro\/","og_locale":"es_ES","og_type":"article","og_title":"Ecatepec suma 4 kil\u00f3metros de Senderos Seguro - Agencia252","og_description":"Visitas: 18 Juan Ignacio Corro&nbsp; Ecatepec, Estado de M\u00e9xico, 28 de febrero de 2026&nbsp; En poco m\u00e1s de 15 d\u00edas, el gobierno de Ecatepec sum\u00f3 cuatro kil\u00f3metros de Senderos Seguros, los cuales mejoran la movilidad y brindan mayor seguridad a la poblaci\u00f3n, sobre todo a mujeres y ni\u00f1as. La alcaldesa Azucena Cisneros Coss puso en [&hellip;]","og_url":"https:\/\/agencia.252.com.mx\/home\/ecatepec-suma-4-kilometros-de-senderos-seguro\/","og_site_name":"Agencia252","article_publisher":"https:\/\/www.facebook.com\/252Comunicacion\/","article_author":"https:\/\/www.facebook.com\/jcorroherrera\/","article_published_time":"2026-02-28T18:28:39+00:00","article_modified_time":"2026-02-28T18:28:40+00:00","og_image":[{"width":1320,"height":989,"url":"http:\/\/agencia.252.com.mx\/wp-content\/uploads\/2026\/02\/WhatsApp-Image-2026-02-27-at-3.44.06-PM.jpeg","type":"image\/jpeg"}],"author":"Nacho Corro","twitter_card":"summary_large_image","twitter_creator":"@Juan Ignacio Corro Herrera","twitter_site":"@252COMS","twitter_misc":{"Escrito por":"Nacho Corro","Tiempo de lectura":"3 minutos"},"schema":{"@context":"https:\/\/schema.org","@graph":[{"@type":"Article","@id":"https:\/\/agencia.252.com.mx\/home\/ecatepec-suma-4-kilometros-de-senderos-seguro\/#article","isPartOf":{"@id":"https:\/\/agencia.252.com.mx\/home\/ecatepec-suma-4-kilometros-de-senderos-seguro\/"},"author":{"name":"Nacho Corro","@id":"https:\/\/agencia.252.com.mx\/home\/#\/schema\/person\/6b972021e9a92d45ade8c78d81509098"},"headline":"Ecatepec suma 4 kil\u00f3metros de Senderos Seguro","datePublished":"2026-02-28T18:28:39+00:00","dateModified":"2026-02-28T18:28:40+00:00","mainEntityOfPage":{"@id":"https:\/\/agencia.252.com.mx\/home\/ecatepec-suma-4-kilometros-de-senderos-seguro\/"},"wordCount":408,"commentCount":0,"publisher":{"@id":"https:\/\/agencia.252.com.mx\/home\/#organization"},"image":{"@id":"https:\/\/agencia.252.com.mx\/home\/ecatepec-suma-4-kilometros-de-senderos-seguro\/#primaryimage"},"thumbnailUrl":"https:\/\/agencia.252.com.mx\/wp-content\/uploads\/2026\/02\/WhatsApp-Image-2026-02-27-at-3.44.06-PM.jpeg","keywords":["Edomex"],"articleSection":["Ecatepec","Edomex","Metropoli","Seguridad"],"inLanguage":"es","potentialAction":[{"@type":"CommentAction","name":"Comment","target":["https:\/\/agencia.252.com.mx\/home\/ecatepec-suma-4-kilometros-de-senderos-seguro\/#respond"]}]},{"@type":"WebPage","@id":"https:\/\/agencia.252.com.mx\/home\/ecatepec-suma-4-kilometros-de-senderos-seguro\/","url":"https:\/\/agencia.252.com.mx\/home\/ecatepec-suma-4-kilometros-de-senderos-seguro\/","name":"Ecatepec suma 4 kil\u00f3metros de Senderos Seguro - Agencia252","isPartOf":{"@id":"https:\/\/agencia.252.com.mx\/home\/#website"},"primaryImageOfPage":{"@id":"https:\/\/agencia.252.com.mx\/home\/ecatepec-suma-4-kilometros-de-senderos-seguro\/#primaryimage"},"image":{"@id":"https:\/\/agencia.252.com.mx\/home\/ecatepec-suma-4-kilometros-de-senderos-seguro\/#primaryimage"},"thumbnailUrl":"https:\/\/agencia.252.com.mx\/wp-content\/uploads\/2026\/02\/WhatsApp-Image-2026-02-27-at-3.44.06-PM.jpeg","datePublished":"2026-02-28T18:28:39+00:00","dateModified":"2026-02-28T18:28:40+00:00","breadcrumb":{"@id":"https:\/\/agencia.252.com.mx\/home\/ecatepec-suma-4-kilometros-de-senderos-seguro\/#breadcrumb"},"inLanguage":"es","potentialAction":[{"@type":"ReadAction","target":["https:\/\/agencia.252.com.mx\/home\/ecatepec-suma-4-kilometros-de-senderos-seguro\/"]}]},{"@type":"ImageObject","inLanguage":"es","@id":"https:\/\/agencia.252.com.mx\/home\/ecatepec-suma-4-kilometros-de-senderos-seguro\/#primaryimage","url":"https:\/\/agencia.252.com.mx\/wp-content\/uploads\/2026\/02\/WhatsApp-Image-2026-02-27-at-3.44.06-PM.jpeg","contentUrl":"https:\/\/agencia.252.com.mx\/wp-content\/uploads\/2026\/02\/WhatsApp-Image-2026-02-27-at-3.44.06-PM.jpeg","width":1320,"height":989},{"@type":"BreadcrumbList","@id":"https:\/\/agencia.252.com.mx\/home\/ecatepec-suma-4-kilometros-de-senderos-seguro\/#breadcrumb","itemListElement":[{"@type":"ListItem","position":1,"name":"Portada","item":"https:\/\/agencia.252.com.mx\/home\/"},{"@type":"ListItem","position":2,"name":"Ecatepec suma 4 kil\u00f3metros de Senderos Seguro"}]},{"@type":"WebSite","@id":"https:\/\/agencia.252.com.mx\/home\/#website","url":"https:\/\/agencia.252.com.mx\/home\/","name":"Agencia252","description":"Tu espacio en la Red","publisher":{"@id":"https:\/\/agencia.252.com.mx\/home\/#organization"},"potentialAction":[{"@type":"SearchAction","target":{"@type":"EntryPoint","urlTemplate":"https:\/\/agencia.252.com.mx\/home\/?s={search_term_string}"},"query-input":{"@type":"PropertyValueSpecification","valueRequired":true,"valueName":"search_term_string"}}],"inLanguage":"es"},{"@type":"Organization","@id":"https:\/\/agencia.252.com.mx\/home\/#organization","name":"Agencia252","url":"https:\/\/agencia.252.com.mx\/home\/","logo":{"@type":"ImageObject","inLanguage":"es","@id":"https:\/\/agencia.252.com.mx\/home\/#\/schema\/logo\/image\/","url":"https:\/\/agencia.252.com.mx\/wp-content\/uploads\/2023\/02\/cropped-ciruclo-agencia-e1677562404136.png","contentUrl":"https:\/\/agencia.252.com.mx\/wp-content\/uploads\/2023\/02\/cropped-ciruclo-agencia-e1677562404136.png","width":512,"height":512,"caption":"Agencia252"},"image":{"@id":"https:\/\/agencia.252.com.mx\/home\/#\/schema\/logo\/image\/"},"sameAs":["https:\/\/www.facebook.com\/252Comunicacion\/","https:\/\/x.com\/252COMS"]},{"@type":"Person","@id":"https:\/\/agencia.252.com.mx\/home\/#\/schema\/person\/6b972021e9a92d45ade8c78d81509098","name":"Nacho Corro","image":{"@type":"ImageObject","inLanguage":"es","@id":"https:\/\/secure.gravatar.com\/avatar\/5db6df507cfe1307e192fbb498c6b85f1cf2ffd8b4cd37141b9eea588fcbd5a4?s=96&r=g","url":"https:\/\/secure.gravatar.com\/avatar\/5db6df507cfe1307e192fbb498c6b85f1cf2ffd8b4cd37141b9eea588fcbd5a4?s=96&r=g","contentUrl":"https:\/\/secure.gravatar.com\/avatar\/5db6df507cfe1307e192fbb498c6b85f1cf2ffd8b4cd37141b9eea588fcbd5a4?s=96&r=g","caption":"Nacho Corro"},"description":"Comunicador Social, Periodista y Administraci\u00f3n P\u00fablica. Conversador pol\u00edtico, temas electorales y seguridad. Generador de contenidos digitales. Amante de la fotograf\u00eda","sameAs":["https:\/\/www.facebook.com\/jcorroherrera\/","www.instagram.com\/nachocorro\/","https:\/\/x.com\/Juan Ignacio Corro Herrera"],"url":"https:\/\/agencia.252.com.mx\/home\/author\/i-corro\/"}]}},"_links":{"self":[{"href":"https:\/\/agencia.252.com.mx\/home\/wp-json\/wp\/v2\/posts\/16401","targetHints":{"allow":["GET"]}}],"collection":[{"href":"https:\/\/agencia.252.com.mx\/home\/wp-json\/wp\/v2\/posts"}],"about":[{"href":"https:\/\/agencia.252.com.mx\/home\/wp-json\/wp\/v2\/types\/post"}],"author":[{"embeddable":true,"href":"https:\/\/agencia.252.com.mx\/home\/wp-json\/wp\/v2\/users\/5"}],"replies":[{"embeddable":true,"href":"https:\/\/agencia.252.com.mx\/home\/wp-json\/wp\/v2\/comments?post=16401"}],"version-history":[{"count":1,"href":"https:\/\/agencia.252.com.mx\/home\/wp-json\/wp\/v2\/posts\/16401\/revisions"}],"predecessor-version":[{"id":16405,"href":"https:\/\/agencia.252.com.mx\/home\/wp-json\/wp\/v2\/posts\/16401\/revisions\/16405"}],"wp:featuredmedia":[{"embeddable":true,"href":"https:\/\/agencia.252.com.mx\/home\/wp-json\/wp\/v2\/media\/16404"}],"wp:attachment":[{"href":"https:\/\/agencia.252.com.mx\/home\/wp-json\/wp\/v2\/media?parent=16401"}],"wp:term":[{"taxonomy":"category","embeddable":true,"href":"https:\/\/agencia.252.com.mx\/home\/wp-json\/wp\/v2\/categories?post=16401"},{"taxonomy":"post_tag","embeddable":true,"href":"https:\/\/agencia.252.com.mx\/home\/wp-json\/wp\/v2\/tags?post=16401"}],"curies":[{"name":"wp","href":"https:\/\/api.w.org\/{rel}","templated":true}]}}