{"id":16379,"date":"2026-02-27T11:52:55","date_gmt":"2026-02-27T17:52:55","guid":{"rendered":"https:\/\/agencia.252.com.mx\/home\/?p=16379"},"modified":"2026-02-27T11:56:49","modified_gmt":"2026-02-27T17:56:49","slug":"van-8-taludes-estabilizados-que-suman-casi-3-mil-metros-cuadrados-para-prevenir-desvales-de-tierra-en-huixquilucan","status":"publish","type":"post","link":"https:\/\/agencia.252.com.mx\/home\/van-8-taludes-estabilizados-que-suman-casi-3-mil-metros-cuadrados-para-prevenir-desvales-de-tierra-en-huixquilucan\/","title":{"rendered":"Van 8 taludes estabilizados que superan 5 mil metros cuadrados, para prevenir deslaves de tierra en Huixquilucan\u00a0"},"content":{"rendered":"<p>Visitas: 32<\/p>\n<ul class=\"wp-block-list\">\n<li><em>Romina Contreras, entreg\u00f3<\/em><em>\u00a0<\/em><em>la<\/em><em>\u00a0<\/em><em>estabilizaci\u00f3n del octavo talud en el territorio, ubicado en el fraccionamiento Parques de la Herradura; obras que, en conjunto, suman una inversi\u00f3n superior a 85 millones de pesos\u00a0<\/em><\/li>\n<\/ul>\n\n\n\n<p><em>Juan Ignacio Corro&nbsp;<\/em><\/p>\n\n\n\n<p class=\"has-text-align-right\"><em>Huixquilucan, Estado de M\u00e9xico, a 27 de febrero de 2026<\/em><\/p>\n\n\n\n<p>El Gobierno de Huixquilucan concluy\u00f3 la estabilizaci\u00f3n del \u00faltimo de los ocho taludes que se encontraban con vulnerabilidad en el municipio; obras que previenen el desgajamiento de tierra y piedras en terrenos inestables, sobre todo, ante la pr\u00f3xima temporada de lluvias.&nbsp;&nbsp;<\/p>\n\n\n\n<p>Al entregar la estabilizaci\u00f3n del talud ubicado en la calle Parque Santander, en el fraccionamiento Parques de la Herradura, la alcaldesa Romina Contreras Carrasco inform\u00f3 que en 2025&nbsp;&nbsp;comenzaron estos trabajos a lo largo y ancho del territorio para hacer m\u00e1s seguro el tr\u00e1nsito y proteger a la poblaci\u00f3n y, para ello, se destinaron m\u00e1s de 85 millones de pesos; cifra que contin\u00faa posicionando a Huixquilucan como uno de los municipios que m\u00e1s obra realiza y m\u00e1s inversi\u00f3n destina en este rubro.<\/p>\n\n\n\n<p>\u201cEste tipo de obras e inversi\u00f3n, las podemos hacer en Huixquilucan, gracias a las finanzas sanas con las que contamos; adem\u00e1s, es muy importante que la ciudadan\u00eda sepa que sus impuestos est\u00e1n yendo a lugares donde se necesitan, como lo es la estabilizaci\u00f3n del talud del Parque Santander, que, por las inclemencias del tiempo y el paso de los a\u00f1os, estaba en una situaci\u00f3n cr\u00edtica, pero estos trabajos ayudan a brindar mayor seguridad a la poblaci\u00f3n\u201d, refiri\u00f3 la alcaldesa Romina Contreras.<\/p>\n\n\n\n<p>La presidenta municipal explic\u00f3 que, en este caso, se estabilizaron aproximadamente tres mil 500 metros cuadrados de zona de talud para asegurar la parte alta y baja de este fraccionamiento, con una inversi\u00f3n mayor a 15.5 millones de pesos, toda vez que se realizaron diversos estudios para comenzar la construcci\u00f3n de esta estructura.<\/p>\n\n\n\n<p>En este marco, el representante de vecinos de la calle Parque Santander, Manuel Mondrag\u00f3n, expres\u00f3 que la estabilizaci\u00f3n de dicho talud tuvo una duraci\u00f3n de siete meses, por lo que destac\u00f3 el gran trabajo del Gobierno de Huixquilucan al escuchar sus inquietudes y dar una soluci\u00f3n que durar\u00e1 varios a\u00f1os.<\/p>\n\n\n\n<p>Asimismo, el vecino Miguel Castillo reconoci\u00f3 que, luego de 20 a\u00f1os, se logr\u00f3 la estabilizaci\u00f3n del talud, lo que brinda seguridad y tranquilidad a las familias que viven en los alrededores, pues, ahora, pueden caminar en las calles sin preocupaci\u00f3n por un posible deslave o ca\u00edda de piedras.<\/p>\n\n\n\n<p>Por \u00faltimo,&nbsp;la directora general de Infraestructura y Edificaci\u00f3n de Huixquilucan, Jessica Nabil Castillo Mart\u00ednez, agreg\u00f3 que, dentro de los trabajos, se utilizaron anclas de sumersi\u00f3n pac\u00edfica,&nbsp;dise\u00f1ados para estabilizar taludes&nbsp;de alta humedad, mismos&nbsp;que no requieren&nbsp;perforaciones, lo que minimiza el impacto ambiental.<\/p>\n\n\n\n<p>Con la inversi\u00f3n que super\u00f3 los 85 millones de pesos, el Gobierno de Huixquilucan estabiliz\u00f3 ocho taludes, ubicados en\u00a0la Avenida Crist\u00f3bal Col\u00f3n, en el paraje La Selva, Cuarto Cuartel; en la avenida Zacamulpa Sur, en Zacamulpa; en la calle Circuito Empresarial, en el Centro Urbano San Fernando-La Herradura Magnocentro; en Vista Real, en el fraccionamiento Lomas Country Club; en la calle Parque de C\u00e1diz, en el fraccionamiento Parques de la Herradura; en la calle Monte Himalaya, en Balcones de la Herradura;\u00a0en el Boulevard Loma Real, en el fraccionamiento Bosque Real\u00a0y en\u00a0Parque Santander, en\u00a0Parques de la Herradura, los cuales superan los 5 mil metros cuadrados.<\/p>\n","protected":false},"excerpt":{"rendered":"<p>Visitas: 32 Juan Ignacio Corro&nbsp; Huixquilucan, Estado de M\u00e9xico, a 27 de febrero de 2026 El Gobierno de Huixquilucan concluy\u00f3 la estabilizaci\u00f3n del \u00faltimo de los ocho taludes que se encontraban con vulnerabilidad en el municipio; obras que previenen el desgajamiento de tierra y piedras en terrenos inestables, sobre todo, ante la pr\u00f3xima temporada de [&hellip;]<\/p>\n","protected":false},"author":5,"featured_media":16380,"comment_status":"open","ping_status":"open","sticky":false,"template":"","format":"standard","meta":{"site-sidebar-layout":"default","site-content-layout":"","ast-site-content-layout":"default","site-content-style":"default","site-sidebar-style":"default","ast-global-header-display":"","ast-banner-title-visibility":"","ast-main-header-display":"","ast-hfb-above-header-display":"","ast-hfb-below-header-display":"","ast-hfb-mobile-header-display":"","site-post-title":"","ast-breadcrumbs-content":"","ast-featured-img":"","footer-sml-layout":"","ast-disable-related-posts":"","theme-transparent-header-meta":"","adv-header-id-meta":"","stick-header-meta":"","header-above-stick-meta":"","header-main-stick-meta":"","header-below-stick-meta":"","astra-migrate-meta-layouts":"set","ast-page-background-enabled":"default","ast-page-background-meta":{"desktop":{"background-color":"var(--ast-global-color-4)","background-image":"","background-repeat":"repeat","background-position":"center center","background-size":"auto","background-attachment":"scroll","background-type":"","background-media":"","overlay-type":"","overlay-color":"","overlay-opacity":"","overlay-gradient":""},"tablet":{"background-color":"","background-image":"","background-repeat":"repeat","background-position":"center center","background-size":"auto","background-attachment":"scroll","background-type":"","background-media":"","overlay-type":"","overlay-color":"","overlay-opacity":"","overlay-gradient":""},"mobile":{"background-color":"","background-image":"","background-repeat":"repeat","background-position":"center center","background-size":"auto","background-attachment":"scroll","background-type":"","background-media":"","overlay-type":"","overlay-color":"","overlay-opacity":"","overlay-gradient":""}},"ast-content-background-meta":{"desktop":{"background-color":"var(--ast-global-color-5)","background-image":"","background-repeat":"repeat","background-position":"center center","background-size":"auto","background-attachment":"scroll","background-type":"","background-media":"","overlay-type":"","overlay-color":"","overlay-opacity":"","overlay-gradient":""},"tablet":{"background-color":"var(--ast-global-color-5)","background-image":"","background-repeat":"repeat","background-position":"center center","background-size":"auto","background-attachment":"scroll","background-type":"","background-media":"","overlay-type":"","overlay-color":"","overlay-opacity":"","overlay-gradient":""},"mobile":{"background-color":"var(--ast-global-color-5)","background-image":"","background-repeat":"repeat","background-position":"center center","background-size":"auto","background-attachment":"scroll","background-type":"","background-media":"","overlay-type":"","overlay-color":"","overlay-opacity":"","overlay-gradient":""}},"footnotes":""},"categories":[8,283,512,68],"tags":[],"class_list":["post-16379","post","type-post","status-publish","format-standard","has-post-thumbnail","hentry","category-edomex","category-huixquilucan","category-metropoli","category-seguridad"],"yoast_head":"<!-- This site is optimized with the Yoast SEO plugin v27.4 - https:\/\/yoast.com\/product\/yoast-seo-wordpress\/ -->\n<title>Van 8 taludes estabilizados que superan 5 mil metros cuadrados, para prevenir deslaves de tierra en Huixquilucan\u00a0 - Agencia252<\/title>\n<meta name=\"robots\" content=\"index, follow, max-snippet:-1, max-image-preview:large, max-video-preview:-1\" \/>\n<link rel=\"canonical\" href=\"https:\/\/agencia.252.com.mx\/home\/van-8-taludes-estabilizados-que-suman-casi-3-mil-metros-cuadrados-para-prevenir-desvales-de-tierra-en-huixquilucan\/\" \/>\n<meta property=\"og:locale\" content=\"es_ES\" \/>\n<meta property=\"og:type\" content=\"article\" \/>\n<meta property=\"og:title\" content=\"Van 8 taludes estabilizados que superan 5 mil metros cuadrados, para prevenir deslaves de tierra en Huixquilucan\u00a0 - Agencia252\" \/>\n<meta property=\"og:description\" content=\"Visitas: 32 Juan Ignacio Corro&nbsp; Huixquilucan, Estado de M\u00e9xico, a 27 de febrero de 2026 El Gobierno de Huixquilucan concluy\u00f3 la estabilizaci\u00f3n del \u00faltimo de los ocho taludes que se encontraban con vulnerabilidad en el municipio; obras que previenen el desgajamiento de tierra y piedras en terrenos inestables, sobre todo, ante la pr\u00f3xima temporada de [&hellip;]\" \/>\n<meta property=\"og:url\" content=\"https:\/\/agencia.252.com.mx\/home\/van-8-taludes-estabilizados-que-suman-casi-3-mil-metros-cuadrados-para-prevenir-desvales-de-tierra-en-huixquilucan\/\" \/>\n<meta property=\"og:site_name\" content=\"Agencia252\" \/>\n<meta property=\"article:publisher\" content=\"https:\/\/www.facebook.com\/252Comunicacion\/\" \/>\n<meta property=\"article:author\" content=\"https:\/\/www.facebook.com\/jcorroherrera\/\" \/>\n<meta property=\"article:published_time\" content=\"2026-02-27T17:52:55+00:00\" \/>\n<meta property=\"article:modified_time\" content=\"2026-02-27T17:56:49+00:00\" \/>\n<meta property=\"og:image\" content=\"http:\/\/agencia.252.com.mx\/wp-content\/uploads\/2026\/02\/Huixquilucan-Romina-Contreras-C-049-2026-4-scaled.jpg\" \/>\n\t<meta property=\"og:image:width\" content=\"2560\" \/>\n\t<meta property=\"og:image:height\" content=\"1707\" \/>\n\t<meta property=\"og:image:type\" content=\"image\/jpeg\" \/>\n<meta name=\"author\" content=\"Nacho Corro\" \/>\n<meta name=\"twitter:card\" content=\"summary_large_image\" \/>\n<meta name=\"twitter:creator\" content=\"@Juan Ignacio Corro Herrera\" \/>\n<meta name=\"twitter:site\" content=\"@252COMS\" \/>\n<meta name=\"twitter:label1\" content=\"Escrito por\" \/>\n\t<meta name=\"twitter:data1\" content=\"Nacho Corro\" \/>\n\t<meta name=\"twitter:label2\" content=\"Tiempo de lectura\" \/>\n\t<meta name=\"twitter:data2\" content=\"3 minutos\" \/>\n<script type=\"application\/ld+json\" class=\"yoast-schema-graph\">{\"@context\":\"https:\\\/\\\/schema.org\",\"@graph\":[{\"@type\":\"Article\",\"@id\":\"https:\\\/\\\/agencia.252.com.mx\\\/home\\\/van-8-taludes-estabilizados-que-suman-casi-3-mil-metros-cuadrados-para-prevenir-desvales-de-tierra-en-huixquilucan\\\/#article\",\"isPartOf\":{\"@id\":\"https:\\\/\\\/agencia.252.com.mx\\\/home\\\/van-8-taludes-estabilizados-que-suman-casi-3-mil-metros-cuadrados-para-prevenir-desvales-de-tierra-en-huixquilucan\\\/\"},\"author\":{\"name\":\"Nacho Corro\",\"@id\":\"https:\\\/\\\/agencia.252.com.mx\\\/home\\\/#\\\/schema\\\/person\\\/6b972021e9a92d45ade8c78d81509098\"},\"headline\":\"Van 8 taludes estabilizados que superan 5 mil metros cuadrados, para prevenir deslaves de tierra en Huixquilucan\u00a0\",\"datePublished\":\"2026-02-27T17:52:55+00:00\",\"dateModified\":\"2026-02-27T17:56:49+00:00\",\"mainEntityOfPage\":{\"@id\":\"https:\\\/\\\/agencia.252.com.mx\\\/home\\\/van-8-taludes-estabilizados-que-suman-casi-3-mil-metros-cuadrados-para-prevenir-desvales-de-tierra-en-huixquilucan\\\/\"},\"wordCount\":612,\"commentCount\":0,\"publisher\":{\"@id\":\"https:\\\/\\\/agencia.252.com.mx\\\/home\\\/#organization\"},\"image\":{\"@id\":\"https:\\\/\\\/agencia.252.com.mx\\\/home\\\/van-8-taludes-estabilizados-que-suman-casi-3-mil-metros-cuadrados-para-prevenir-desvales-de-tierra-en-huixquilucan\\\/#primaryimage\"},\"thumbnailUrl\":\"https:\\\/\\\/agencia.252.com.mx\\\/wp-content\\\/uploads\\\/2026\\\/02\\\/Huixquilucan-Romina-Contreras-C-049-2026-4-scaled.jpg\",\"articleSection\":[\"Edomex\",\"huixquilucan\",\"Metropoli\",\"Seguridad\"],\"inLanguage\":\"es\",\"potentialAction\":[{\"@type\":\"CommentAction\",\"name\":\"Comment\",\"target\":[\"https:\\\/\\\/agencia.252.com.mx\\\/home\\\/van-8-taludes-estabilizados-que-suman-casi-3-mil-metros-cuadrados-para-prevenir-desvales-de-tierra-en-huixquilucan\\\/#respond\"]}]},{\"@type\":\"WebPage\",\"@id\":\"https:\\\/\\\/agencia.252.com.mx\\\/home\\\/van-8-taludes-estabilizados-que-suman-casi-3-mil-metros-cuadrados-para-prevenir-desvales-de-tierra-en-huixquilucan\\\/\",\"url\":\"https:\\\/\\\/agencia.252.com.mx\\\/home\\\/van-8-taludes-estabilizados-que-suman-casi-3-mil-metros-cuadrados-para-prevenir-desvales-de-tierra-en-huixquilucan\\\/\",\"name\":\"Van 8 taludes estabilizados que superan 5 mil metros cuadrados, para prevenir deslaves de tierra en Huixquilucan\u00a0 - Agencia252\",\"isPartOf\":{\"@id\":\"https:\\\/\\\/agencia.252.com.mx\\\/home\\\/#website\"},\"primaryImageOfPage\":{\"@id\":\"https:\\\/\\\/agencia.252.com.mx\\\/home\\\/van-8-taludes-estabilizados-que-suman-casi-3-mil-metros-cuadrados-para-prevenir-desvales-de-tierra-en-huixquilucan\\\/#primaryimage\"},\"image\":{\"@id\":\"https:\\\/\\\/agencia.252.com.mx\\\/home\\\/van-8-taludes-estabilizados-que-suman-casi-3-mil-metros-cuadrados-para-prevenir-desvales-de-tierra-en-huixquilucan\\\/#primaryimage\"},\"thumbnailUrl\":\"https:\\\/\\\/agencia.252.com.mx\\\/wp-content\\\/uploads\\\/2026\\\/02\\\/Huixquilucan-Romina-Contreras-C-049-2026-4-scaled.jpg\",\"datePublished\":\"2026-02-27T17:52:55+00:00\",\"dateModified\":\"2026-02-27T17:56:49+00:00\",\"breadcrumb\":{\"@id\":\"https:\\\/\\\/agencia.252.com.mx\\\/home\\\/van-8-taludes-estabilizados-que-suman-casi-3-mil-metros-cuadrados-para-prevenir-desvales-de-tierra-en-huixquilucan\\\/#breadcrumb\"},\"inLanguage\":\"es\",\"potentialAction\":[{\"@type\":\"ReadAction\",\"target\":[\"https:\\\/\\\/agencia.252.com.mx\\\/home\\\/van-8-taludes-estabilizados-que-suman-casi-3-mil-metros-cuadrados-para-prevenir-desvales-de-tierra-en-huixquilucan\\\/\"]}]},{\"@type\":\"ImageObject\",\"inLanguage\":\"es\",\"@id\":\"https:\\\/\\\/agencia.252.com.mx\\\/home\\\/van-8-taludes-estabilizados-que-suman-casi-3-mil-metros-cuadrados-para-prevenir-desvales-de-tierra-en-huixquilucan\\\/#primaryimage\",\"url\":\"https:\\\/\\\/agencia.252.com.mx\\\/wp-content\\\/uploads\\\/2026\\\/02\\\/Huixquilucan-Romina-Contreras-C-049-2026-4-scaled.jpg\",\"contentUrl\":\"https:\\\/\\\/agencia.252.com.mx\\\/wp-content\\\/uploads\\\/2026\\\/02\\\/Huixquilucan-Romina-Contreras-C-049-2026-4-scaled.jpg\",\"width\":2560,\"height\":1707},{\"@type\":\"BreadcrumbList\",\"@id\":\"https:\\\/\\\/agencia.252.com.mx\\\/home\\\/van-8-taludes-estabilizados-que-suman-casi-3-mil-metros-cuadrados-para-prevenir-desvales-de-tierra-en-huixquilucan\\\/#breadcrumb\",\"itemListElement\":[{\"@type\":\"ListItem\",\"position\":1,\"name\":\"Portada\",\"item\":\"https:\\\/\\\/agencia.252.com.mx\\\/home\\\/\"},{\"@type\":\"ListItem\",\"position\":2,\"name\":\"Van 8 taludes estabilizados que superan 5 mil metros cuadrados, para prevenir deslaves de tierra en Huixquilucan\u00a0\"}]},{\"@type\":\"WebSite\",\"@id\":\"https:\\\/\\\/agencia.252.com.mx\\\/home\\\/#website\",\"url\":\"https:\\\/\\\/agencia.252.com.mx\\\/home\\\/\",\"name\":\"Agencia252\",\"description\":\"Tu espacio en la Red\",\"publisher\":{\"@id\":\"https:\\\/\\\/agencia.252.com.mx\\\/home\\\/#organization\"},\"potentialAction\":[{\"@type\":\"SearchAction\",\"target\":{\"@type\":\"EntryPoint\",\"urlTemplate\":\"https:\\\/\\\/agencia.252.com.mx\\\/home\\\/?s={search_term_string}\"},\"query-input\":{\"@type\":\"PropertyValueSpecification\",\"valueRequired\":true,\"valueName\":\"search_term_string\"}}],\"inLanguage\":\"es\"},{\"@type\":\"Organization\",\"@id\":\"https:\\\/\\\/agencia.252.com.mx\\\/home\\\/#organization\",\"name\":\"Agencia252\",\"url\":\"https:\\\/\\\/agencia.252.com.mx\\\/home\\\/\",\"logo\":{\"@type\":\"ImageObject\",\"inLanguage\":\"es\",\"@id\":\"https:\\\/\\\/agencia.252.com.mx\\\/home\\\/#\\\/schema\\\/logo\\\/image\\\/\",\"url\":\"https:\\\/\\\/agencia.252.com.mx\\\/wp-content\\\/uploads\\\/2023\\\/02\\\/cropped-ciruclo-agencia-e1677562404136.png\",\"contentUrl\":\"https:\\\/\\\/agencia.252.com.mx\\\/wp-content\\\/uploads\\\/2023\\\/02\\\/cropped-ciruclo-agencia-e1677562404136.png\",\"width\":512,\"height\":512,\"caption\":\"Agencia252\"},\"image\":{\"@id\":\"https:\\\/\\\/agencia.252.com.mx\\\/home\\\/#\\\/schema\\\/logo\\\/image\\\/\"},\"sameAs\":[\"https:\\\/\\\/www.facebook.com\\\/252Comunicacion\\\/\",\"https:\\\/\\\/x.com\\\/252COMS\"]},{\"@type\":\"Person\",\"@id\":\"https:\\\/\\\/agencia.252.com.mx\\\/home\\\/#\\\/schema\\\/person\\\/6b972021e9a92d45ade8c78d81509098\",\"name\":\"Nacho Corro\",\"image\":{\"@type\":\"ImageObject\",\"inLanguage\":\"es\",\"@id\":\"https:\\\/\\\/secure.gravatar.com\\\/avatar\\\/5db6df507cfe1307e192fbb498c6b85f1cf2ffd8b4cd37141b9eea588fcbd5a4?s=96&r=g\",\"url\":\"https:\\\/\\\/secure.gravatar.com\\\/avatar\\\/5db6df507cfe1307e192fbb498c6b85f1cf2ffd8b4cd37141b9eea588fcbd5a4?s=96&r=g\",\"contentUrl\":\"https:\\\/\\\/secure.gravatar.com\\\/avatar\\\/5db6df507cfe1307e192fbb498c6b85f1cf2ffd8b4cd37141b9eea588fcbd5a4?s=96&r=g\",\"caption\":\"Nacho Corro\"},\"description\":\"Comunicador Social, Periodista y Administraci\u00f3n P\u00fablica. Conversador pol\u00edtico, temas electorales y seguridad. Generador de contenidos digitales. Amante de la fotograf\u00eda\",\"sameAs\":[\"https:\\\/\\\/www.facebook.com\\\/jcorroherrera\\\/\",\"www.instagram.com\\\/nachocorro\\\/\",\"https:\\\/\\\/x.com\\\/Juan Ignacio Corro Herrera\"],\"url\":\"https:\\\/\\\/agencia.252.com.mx\\\/home\\\/author\\\/i-corro\\\/\"}]}<\/script>\n<!-- \/ Yoast SEO plugin. -->","yoast_head_json":{"title":"Van 8 taludes estabilizados que superan 5 mil metros cuadrados, para prevenir deslaves de tierra en Huixquilucan\u00a0 - Agencia252","robots":{"index":"index","follow":"follow","max-snippet":"max-snippet:-1","max-image-preview":"max-image-preview:large","max-video-preview":"max-video-preview:-1"},"canonical":"https:\/\/agencia.252.com.mx\/home\/van-8-taludes-estabilizados-que-suman-casi-3-mil-metros-cuadrados-para-prevenir-desvales-de-tierra-en-huixquilucan\/","og_locale":"es_ES","og_type":"article","og_title":"Van 8 taludes estabilizados que superan 5 mil metros cuadrados, para prevenir deslaves de tierra en Huixquilucan\u00a0 - Agencia252","og_description":"Visitas: 32 Juan Ignacio Corro&nbsp; Huixquilucan, Estado de M\u00e9xico, a 27 de febrero de 2026 El Gobierno de Huixquilucan concluy\u00f3 la estabilizaci\u00f3n del \u00faltimo de los ocho taludes que se encontraban con vulnerabilidad en el municipio; obras que previenen el desgajamiento de tierra y piedras en terrenos inestables, sobre todo, ante la pr\u00f3xima temporada de [&hellip;]","og_url":"https:\/\/agencia.252.com.mx\/home\/van-8-taludes-estabilizados-que-suman-casi-3-mil-metros-cuadrados-para-prevenir-desvales-de-tierra-en-huixquilucan\/","og_site_name":"Agencia252","article_publisher":"https:\/\/www.facebook.com\/252Comunicacion\/","article_author":"https:\/\/www.facebook.com\/jcorroherrera\/","article_published_time":"2026-02-27T17:52:55+00:00","article_modified_time":"2026-02-27T17:56:49+00:00","og_image":[{"width":2560,"height":1707,"url":"http:\/\/agencia.252.com.mx\/wp-content\/uploads\/2026\/02\/Huixquilucan-Romina-Contreras-C-049-2026-4-scaled.jpg","type":"image\/jpeg"}],"author":"Nacho Corro","twitter_card":"summary_large_image","twitter_creator":"@Juan Ignacio Corro Herrera","twitter_site":"@252COMS","twitter_misc":{"Escrito por":"Nacho Corro","Tiempo de lectura":"3 minutos"},"schema":{"@context":"https:\/\/schema.org","@graph":[{"@type":"Article","@id":"https:\/\/agencia.252.com.mx\/home\/van-8-taludes-estabilizados-que-suman-casi-3-mil-metros-cuadrados-para-prevenir-desvales-de-tierra-en-huixquilucan\/#article","isPartOf":{"@id":"https:\/\/agencia.252.com.mx\/home\/van-8-taludes-estabilizados-que-suman-casi-3-mil-metros-cuadrados-para-prevenir-desvales-de-tierra-en-huixquilucan\/"},"author":{"name":"Nacho Corro","@id":"https:\/\/agencia.252.com.mx\/home\/#\/schema\/person\/6b972021e9a92d45ade8c78d81509098"},"headline":"Van 8 taludes estabilizados que superan 5 mil metros cuadrados, para prevenir deslaves de tierra en Huixquilucan\u00a0","datePublished":"2026-02-27T17:52:55+00:00","dateModified":"2026-02-27T17:56:49+00:00","mainEntityOfPage":{"@id":"https:\/\/agencia.252.com.mx\/home\/van-8-taludes-estabilizados-que-suman-casi-3-mil-metros-cuadrados-para-prevenir-desvales-de-tierra-en-huixquilucan\/"},"wordCount":612,"commentCount":0,"publisher":{"@id":"https:\/\/agencia.252.com.mx\/home\/#organization"},"image":{"@id":"https:\/\/agencia.252.com.mx\/home\/van-8-taludes-estabilizados-que-suman-casi-3-mil-metros-cuadrados-para-prevenir-desvales-de-tierra-en-huixquilucan\/#primaryimage"},"thumbnailUrl":"https:\/\/agencia.252.com.mx\/wp-content\/uploads\/2026\/02\/Huixquilucan-Romina-Contreras-C-049-2026-4-scaled.jpg","articleSection":["Edomex","huixquilucan","Metropoli","Seguridad"],"inLanguage":"es","potentialAction":[{"@type":"CommentAction","name":"Comment","target":["https:\/\/agencia.252.com.mx\/home\/van-8-taludes-estabilizados-que-suman-casi-3-mil-metros-cuadrados-para-prevenir-desvales-de-tierra-en-huixquilucan\/#respond"]}]},{"@type":"WebPage","@id":"https:\/\/agencia.252.com.mx\/home\/van-8-taludes-estabilizados-que-suman-casi-3-mil-metros-cuadrados-para-prevenir-desvales-de-tierra-en-huixquilucan\/","url":"https:\/\/agencia.252.com.mx\/home\/van-8-taludes-estabilizados-que-suman-casi-3-mil-metros-cuadrados-para-prevenir-desvales-de-tierra-en-huixquilucan\/","name":"Van 8 taludes estabilizados que superan 5 mil metros cuadrados, para prevenir deslaves de tierra en Huixquilucan\u00a0 - Agencia252","isPartOf":{"@id":"https:\/\/agencia.252.com.mx\/home\/#website"},"primaryImageOfPage":{"@id":"https:\/\/agencia.252.com.mx\/home\/van-8-taludes-estabilizados-que-suman-casi-3-mil-metros-cuadrados-para-prevenir-desvales-de-tierra-en-huixquilucan\/#primaryimage"},"image":{"@id":"https:\/\/agencia.252.com.mx\/home\/van-8-taludes-estabilizados-que-suman-casi-3-mil-metros-cuadrados-para-prevenir-desvales-de-tierra-en-huixquilucan\/#primaryimage"},"thumbnailUrl":"https:\/\/agencia.252.com.mx\/wp-content\/uploads\/2026\/02\/Huixquilucan-Romina-Contreras-C-049-2026-4-scaled.jpg","datePublished":"2026-02-27T17:52:55+00:00","dateModified":"2026-02-27T17:56:49+00:00","breadcrumb":{"@id":"https:\/\/agencia.252.com.mx\/home\/van-8-taludes-estabilizados-que-suman-casi-3-mil-metros-cuadrados-para-prevenir-desvales-de-tierra-en-huixquilucan\/#breadcrumb"},"inLanguage":"es","potentialAction":[{"@type":"ReadAction","target":["https:\/\/agencia.252.com.mx\/home\/van-8-taludes-estabilizados-que-suman-casi-3-mil-metros-cuadrados-para-prevenir-desvales-de-tierra-en-huixquilucan\/"]}]},{"@type":"ImageObject","inLanguage":"es","@id":"https:\/\/agencia.252.com.mx\/home\/van-8-taludes-estabilizados-que-suman-casi-3-mil-metros-cuadrados-para-prevenir-desvales-de-tierra-en-huixquilucan\/#primaryimage","url":"https:\/\/agencia.252.com.mx\/wp-content\/uploads\/2026\/02\/Huixquilucan-Romina-Contreras-C-049-2026-4-scaled.jpg","contentUrl":"https:\/\/agencia.252.com.mx\/wp-content\/uploads\/2026\/02\/Huixquilucan-Romina-Contreras-C-049-2026-4-scaled.jpg","width":2560,"height":1707},{"@type":"BreadcrumbList","@id":"https:\/\/agencia.252.com.mx\/home\/van-8-taludes-estabilizados-que-suman-casi-3-mil-metros-cuadrados-para-prevenir-desvales-de-tierra-en-huixquilucan\/#breadcrumb","itemListElement":[{"@type":"ListItem","position":1,"name":"Portada","item":"https:\/\/agencia.252.com.mx\/home\/"},{"@type":"ListItem","position":2,"name":"Van 8 taludes estabilizados que superan 5 mil metros cuadrados, para prevenir deslaves de tierra en Huixquilucan\u00a0"}]},{"@type":"WebSite","@id":"https:\/\/agencia.252.com.mx\/home\/#website","url":"https:\/\/agencia.252.com.mx\/home\/","name":"Agencia252","description":"Tu espacio en la Red","publisher":{"@id":"https:\/\/agencia.252.com.mx\/home\/#organization"},"potentialAction":[{"@type":"SearchAction","target":{"@type":"EntryPoint","urlTemplate":"https:\/\/agencia.252.com.mx\/home\/?s={search_term_string}"},"query-input":{"@type":"PropertyValueSpecification","valueRequired":true,"valueName":"search_term_string"}}],"inLanguage":"es"},{"@type":"Organization","@id":"https:\/\/agencia.252.com.mx\/home\/#organization","name":"Agencia252","url":"https:\/\/agencia.252.com.mx\/home\/","logo":{"@type":"ImageObject","inLanguage":"es","@id":"https:\/\/agencia.252.com.mx\/home\/#\/schema\/logo\/image\/","url":"https:\/\/agencia.252.com.mx\/wp-content\/uploads\/2023\/02\/cropped-ciruclo-agencia-e1677562404136.png","contentUrl":"https:\/\/agencia.252.com.mx\/wp-content\/uploads\/2023\/02\/cropped-ciruclo-agencia-e1677562404136.png","width":512,"height":512,"caption":"Agencia252"},"image":{"@id":"https:\/\/agencia.252.com.mx\/home\/#\/schema\/logo\/image\/"},"sameAs":["https:\/\/www.facebook.com\/252Comunicacion\/","https:\/\/x.com\/252COMS"]},{"@type":"Person","@id":"https:\/\/agencia.252.com.mx\/home\/#\/schema\/person\/6b972021e9a92d45ade8c78d81509098","name":"Nacho Corro","image":{"@type":"ImageObject","inLanguage":"es","@id":"https:\/\/secure.gravatar.com\/avatar\/5db6df507cfe1307e192fbb498c6b85f1cf2ffd8b4cd37141b9eea588fcbd5a4?s=96&r=g","url":"https:\/\/secure.gravatar.com\/avatar\/5db6df507cfe1307e192fbb498c6b85f1cf2ffd8b4cd37141b9eea588fcbd5a4?s=96&r=g","contentUrl":"https:\/\/secure.gravatar.com\/avatar\/5db6df507cfe1307e192fbb498c6b85f1cf2ffd8b4cd37141b9eea588fcbd5a4?s=96&r=g","caption":"Nacho Corro"},"description":"Comunicador Social, Periodista y Administraci\u00f3n P\u00fablica. Conversador pol\u00edtico, temas electorales y seguridad. Generador de contenidos digitales. Amante de la fotograf\u00eda","sameAs":["https:\/\/www.facebook.com\/jcorroherrera\/","www.instagram.com\/nachocorro\/","https:\/\/x.com\/Juan Ignacio Corro Herrera"],"url":"https:\/\/agencia.252.com.mx\/home\/author\/i-corro\/"}]}},"_links":{"self":[{"href":"https:\/\/agencia.252.com.mx\/home\/wp-json\/wp\/v2\/posts\/16379","targetHints":{"allow":["GET"]}}],"collection":[{"href":"https:\/\/agencia.252.com.mx\/home\/wp-json\/wp\/v2\/posts"}],"about":[{"href":"https:\/\/agencia.252.com.mx\/home\/wp-json\/wp\/v2\/types\/post"}],"author":[{"embeddable":true,"href":"https:\/\/agencia.252.com.mx\/home\/wp-json\/wp\/v2\/users\/5"}],"replies":[{"embeddable":true,"href":"https:\/\/agencia.252.com.mx\/home\/wp-json\/wp\/v2\/comments?post=16379"}],"version-history":[{"count":2,"href":"https:\/\/agencia.252.com.mx\/home\/wp-json\/wp\/v2\/posts\/16379\/revisions"}],"predecessor-version":[{"id":16384,"href":"https:\/\/agencia.252.com.mx\/home\/wp-json\/wp\/v2\/posts\/16379\/revisions\/16384"}],"wp:featuredmedia":[{"embeddable":true,"href":"https:\/\/agencia.252.com.mx\/home\/wp-json\/wp\/v2\/media\/16380"}],"wp:attachment":[{"href":"https:\/\/agencia.252.com.mx\/home\/wp-json\/wp\/v2\/media?parent=16379"}],"wp:term":[{"taxonomy":"category","embeddable":true,"href":"https:\/\/agencia.252.com.mx\/home\/wp-json\/wp\/v2\/categories?post=16379"},{"taxonomy":"post_tag","embeddable":true,"href":"https:\/\/agencia.252.com.mx\/home\/wp-json\/wp\/v2\/tags?post=16379"}],"curies":[{"name":"wp","href":"https:\/\/api.w.org\/{rel}","templated":true}]}}