{"id":16374,"date":"2026-02-26T22:31:00","date_gmt":"2026-02-27T04:31:00","guid":{"rendered":"https:\/\/agencia.252.com.mx\/home\/?p=16374"},"modified":"2026-02-26T22:39:37","modified_gmt":"2026-02-27T04:39:37","slug":"se-despide-joaquin-rubio-como-vocal-ejecutivo-del-ine-edomex-agradece-nueve-anos-y-medio-de-trabajo-conjunto","status":"publish","type":"post","link":"https:\/\/agencia.252.com.mx\/home\/se-despide-joaquin-rubio-como-vocal-ejecutivo-del-ine-edomex-agradece-nueve-anos-y-medio-de-trabajo-conjunto\/","title":{"rendered":"Se despide Joaqu\u00edn Rubio como Vocal Ejecutivo del INE Edomex; agradece nueve a\u00f1os y medio de trabajo conjunto"},"content":{"rendered":"<p>Visitas: 60<\/p>\n<ul class=\"wp-block-list\">\n<li><em>Pide fortalecer al INE Edom\u00e9x para consolidarlo como una de las instituciones m\u00e1s s\u00f3lidas del pa\u00eds\u00a0<\/em><\/li>\n\n\n\n<li><em>Reitera su gratitud al personal de las 40 Juntas Distritales Ejecutivas por su dedicaci\u00f3n y profesionalismo<\/em><\/li>\n<\/ul>\n\n\n\n<p><em>Juan Ignacio Corro&nbsp;<\/em><\/p>\n\n\n\n<p class=\"has-text-align-right\"><em>Naucalpan, Estado de M\u00e9xico, a 26 de febrero de 2026<\/em><\/p>\n\n\n\n<p>En el marco de la inminente <a href=\"https:\/\/www.facebook.com\/hashtag\/reformaelectoral?__eep__=6&amp;__cft__[0]=AZa9hCepp-8Rz9zBnTG-gtdKCeEhqo7It6rUtX_fER1zBOyYVgTSfgSKpN5Mki5fy8Y7pJmPXKVMy1e-Xc7ELG8_u3AL2YtkhaDaE_iqH132GFREChXKVkDukaY4jkfooiIkJVGZ2gr0QzvZOYpcqBCX&amp;__tn__=*NK-R\">ReformaElectoral<\/a> de la Presidenta de M\u00e9xico <a href=\"https:\/\/www.facebook.com\/ClaudiaSheinbaumPardo?__cft__[0]=AZa9hCepp-8Rz9zBnTG-gtdKCeEhqo7It6rUtX_fER1zBOyYVgTSfgSKpN5Mki5fy8Y7pJmPXKVMy1e-Xc7ELG8_u3AL2YtkhaDaE_iqH132GFREChXKVkDukaY4jkfooiIkJVGZ2gr0QzvZOYpcqBCX&amp;__tn__=-]K-R\">Claudia Sheinbaum Pardo<\/a> que contempla la propuesta de desaparici\u00f3n de las 32 Juntas Locales Ejecutivas del I<a href=\"https:\/\/www.facebook.com\/INEMexico?__cft__[0]=AZa9hCepp-8Rz9zBnTG-gtdKCeEhqo7It6rUtX_fER1zBOyYVgTSfgSKpN5Mki5fy8Y7pJmPXKVMy1e-Xc7ELG8_u3AL2YtkhaDaE_iqH132GFREChXKVkDukaY4jkfooiIkJVGZ2gr0QzvZOYpcqBCX&amp;__tn__=-]K-R\">INE M\u00e9xico<\/a> y 300 Juntas Distritales, el <a href=\"https:\/\/www.facebook.com\/hashtag\/ine?__eep__=6&amp;__cft__[0]=AZa9hCepp-8Rz9zBnTG-gtdKCeEhqo7It6rUtX_fER1zBOyYVgTSfgSKpN5Mki5fy8Y7pJmPXKVMy1e-Xc7ELG8_u3AL2YtkhaDaE_iqH132GFREChXKVkDukaY4jkfooiIkJVGZ2gr0QzvZOYpcqBCX&amp;__tn__=*NK-R\">INE<\/a> concret\u00f3 17 ajustes en las delegaciones de las entidades quienes asumiran funciones el pr\u00f3ximo 1 de marzo, entre ellos el relevo de Joaqu\u00edn Rubio como vocal en el INE Estado de M\u00e9xico y la pr\u00f3xima llegada de Mart\u00edn Martinez Cortazar, quien arriba de la Vocal\u00eda del INE en Oaxaca<br><br>A manera de despedida, Joaqu\u00edn Rubio, encabez\u00f3 una reuni\u00f3n virtual con personal de las 40 Juntas Distritales Ejecutivas, con el objetivo de expresar su agradecimiento por el compromiso, la entrega y el respaldo brindado durante los \u00faltimos nueve a\u00f1os y medio de trabajo en la entidad mexiquense.<\/p>\n\n\n\n<p>Durante el encuentro, destac\u00f3 que los logros alcanzados por la delegaci\u00f3n son resultado del trabajo en equipo de m\u00e1s de mil 600 integrantes, y subray\u00f3 que el reconocimiento como la mejor delegaci\u00f3n del pa\u00eds en el Proceso Electoral 2023-2024 es producto del profesionalismo, la convicci\u00f3n y la excelencia del personal en cada distrito.<\/p>\n\n\n\n<p>Rubio S\u00e1nchez hizo un llamado a mantener la unidad, la convicci\u00f3n y el compromiso ante los retos venideros. Se\u00f1al\u00f3 que el personal debe continuar desempe\u00f1ando sus funciones con responsabilidad y orgullo.<\/p>\n\n\n\n<p>Asimismo, reconoci\u00f3 la solidaridad demostrada por el personal en momentos complejos, como el apoyo brindado ante emergencias, entre ellas la colecta nacional tras el paso del hurac\u00e1n Otis, donde la entidad destac\u00f3 por su aportaci\u00f3n.<\/p>\n\n\n\n<p>El pasado 26 de enero, Junta General Ejecutiva (JGE) del INE aprob\u00f3 17 cambios de adscripci\u00f3n de personas titulares de las Vocal\u00edas Ejecutivas en sus Juntas Locales.&nbsp;<\/p>\n\n\n\n<p>Se trata de 17 movimientos vinculados con las entidades federativas de Baja California, Campeche, Chiapas, Ciudad de M\u00e9xico, Guanajuato, Guerrero, Jalisco, Estado de M\u00e9xico, Morelos, Nayarit, Puebla, Quer\u00e9taro, Quintana Roo, San Luis Potos\u00ed, Tamaulipas, Tlaxcala y Zacatecas, que entrar\u00e1n en vigor a partir del pr\u00f3ximo 1 de marzo.&nbsp;<\/p>\n\n\n\n<p>La Secretaria Ejecutiva del INE, Claudia Arlett Espino, asever\u00f3 que se trat\u00f3 de cambios necesarios para renovar y, con ello, apoyar \u201ceste gran trabajo que se hace de la organizaci\u00f3n de elecciones desde las entidades federativas\u201d, adem\u00e1s de que hubo otras ratificaciones para que en algunas delegaciones se impulsaran los liderazgos femeninos.&nbsp;<\/p>\n\n\n\n<p>En 2019, Joaquin Rubio estuvo como Delegado especial en Puebla, con la misi\u00f3n de organizar las elecciones extraordinarias de 2019 debido&nbsp;&nbsp;a una crisis pol\u00edtica y humana sin precedentes que oblig\u00f3 al INE a tomar el control total de las elecciones mediante su&nbsp; facultad de asunci\u00f3n.<\/p>\n\n\n\n<p>Ello por el conflicto post-electoral tras&nbsp;la victoria de la entonces gobernadora panista Martha Erika Alonso y que fue impugnada por Miguel Barbosa de Morena alegando fraude, por lo que se registraron enfrentamientos violentos, robo de urnas y una fuerte tensi\u00f3n entre simpatizantes del PAN y Morena.<\/p>\n\n\n\n<p>Tras la muerte en un accidente a\u00e9rero hah\u00eda desconfianza en el Instituto Electoral del Estado (IEE) de Puebla ante su imparcialidad durante el conteo de votos de 2018, lo que gener\u00f3 un ambiente de desconfianza social hacia la autoridad local, por ello el Consejo General del INE determin\u00f3, el 6 de febrero de 2019, que exist\u00edan condiciones extraordinarias que justificaban&nbsp;<a href=\"https:\/\/centralelectoral.ine.mx\/2019\/02\/06\/asume-ine-organizacion-total-elecciones-extraordinarias-puebla\/\" target=\"_blank\" rel=\"noreferrer noopener\">asumir la organizaci\u00f3n total<\/a>&nbsp;del proceso&nbsp;a la gubernatura cuya responsabilidad fue de Joaqu\u00edn Rubio, en la que resulto ganador el extinto Miguel Barbosa.&nbsp;<\/p>\n\n\n\n<p>Al termino de la elecci\u00f3n regres\u00f3 a la Junta Local del INE en el Edom\u00e9x<\/p>\n\n\n\n<p><strong>Destaca los logros alcanzados en 9 a\u00f1os de gesti\u00f3n en el Edomex&nbsp;<\/strong><\/p>\n\n\n\n<p>Durante el mensaje de cierre, Rubio S\u00e1nchez hizo un recuento de los principales resultados obtenidos en la entidad, entre ellos, el incremento en la participaci\u00f3n en la Consulta Infantil y Juvenil, que pas\u00f3 de 800 mil a casi 1.7 millones de participaciones, y la ampliaci\u00f3n y modernizaci\u00f3n de los M\u00f3dulos de Atenci\u00f3n Ciudadana, pasando de cinco a 38 con nueva imagen institucional.<\/p>\n\n\n\n<p>Asmismo, la instalaci\u00f3n del 100% de las casillas electorales en los procesos organizados y la realizaci\u00f3n de 82 auditor\u00edas desde 2017 sin observaciones.<\/p>\n\n\n\n<p>La implementaci\u00f3n del voto de las personas en prisi\u00f3n preventiva en los 20 centros penitenciarios y en el penal de m\u00e1xima seguridad del Estado de M\u00e9xico, destacando su desarrollo como prueba piloto durante el Proceso Electoral de Gubernatura 2022-2023 y su consolidaci\u00f3n en la Elecci\u00f3n Federal 2023-2024, lo que permiti\u00f3 fortalecer los mecanismos operativos y log\u00edsticos para este ejercicio.<\/p>\n\n\n\n<p>Finalmente, reiter\u00f3 que los resultados son reflejo de la disciplina, responsabilidad y compromiso colectivo de las 40 Juntas Distritales Ejecutivas, y concluy\u00f3 con un mensaje enf\u00e1tico de gratitud: \u201cMuchas, muchas, muchas gracias a todas, a todos y hasta siempre\u201d.<\/p>\n\n\n\n<p>Joaquin Rubio se va como Delegado del INE en Jalisco.<\/p>\n","protected":false},"excerpt":{"rendered":"<p>Visitas: 60 Juan Ignacio Corro&nbsp; Naucalpan, Estado de M\u00e9xico, a 26 de febrero de 2026 En el marco de la inminente ReformaElectoral de la Presidenta de M\u00e9xico Claudia Sheinbaum Pardo que contempla la propuesta de desaparici\u00f3n de las 32 Juntas Locales Ejecutivas del IINE M\u00e9xico y 300 Juntas Distritales, el INE concret\u00f3 17 ajustes en [&hellip;]<\/p>\n","protected":false},"author":5,"featured_media":16375,"comment_status":"open","ping_status":"open","sticky":false,"template":"","format":"standard","meta":{"site-sidebar-layout":"default","site-content-layout":"","ast-site-content-layout":"default","site-content-style":"default","site-sidebar-style":"default","ast-global-header-display":"","ast-banner-title-visibility":"","ast-main-header-display":"","ast-hfb-above-header-display":"","ast-hfb-below-header-display":"","ast-hfb-mobile-header-display":"","site-post-title":"","ast-breadcrumbs-content":"","ast-featured-img":"","footer-sml-layout":"","ast-disable-related-posts":"","theme-transparent-header-meta":"","adv-header-id-meta":"","stick-header-meta":"","header-above-stick-meta":"","header-main-stick-meta":"","header-below-stick-meta":"","astra-migrate-meta-layouts":"set","ast-page-background-enabled":"default","ast-page-background-meta":{"desktop":{"background-color":"var(--ast-global-color-4)","background-image":"","background-repeat":"repeat","background-position":"center center","background-size":"auto","background-attachment":"scroll","background-type":"","background-media":"","overlay-type":"","overlay-color":"","overlay-opacity":"","overlay-gradient":""},"tablet":{"background-color":"","background-image":"","background-repeat":"repeat","background-position":"center center","background-size":"auto","background-attachment":"scroll","background-type":"","background-media":"","overlay-type":"","overlay-color":"","overlay-opacity":"","overlay-gradient":""},"mobile":{"background-color":"","background-image":"","background-repeat":"repeat","background-position":"center center","background-size":"auto","background-attachment":"scroll","background-type":"","background-media":"","overlay-type":"","overlay-color":"","overlay-opacity":"","overlay-gradient":""}},"ast-content-background-meta":{"desktop":{"background-color":"var(--ast-global-color-5)","background-image":"","background-repeat":"repeat","background-position":"center center","background-size":"auto","background-attachment":"scroll","background-type":"","background-media":"","overlay-type":"","overlay-color":"","overlay-opacity":"","overlay-gradient":""},"tablet":{"background-color":"var(--ast-global-color-5)","background-image":"","background-repeat":"repeat","background-position":"center center","background-size":"auto","background-attachment":"scroll","background-type":"","background-media":"","overlay-type":"","overlay-color":"","overlay-opacity":"","overlay-gradient":""},"mobile":{"background-color":"var(--ast-global-color-5)","background-image":"","background-repeat":"repeat","background-position":"center center","background-size":"auto","background-attachment":"scroll","background-type":"","background-media":"","overlay-type":"","overlay-color":"","overlay-opacity":"","overlay-gradient":""}},"footnotes":""},"categories":[8,512,68,31],"tags":[526],"class_list":["post-16374","post","type-post","status-publish","format-standard","has-post-thumbnail","hentry","category-edomex","category-metropoli","category-seguridad","category-toluca","tag-edomex"],"yoast_head":"<!-- This site is optimized with the Yoast SEO plugin v27.4 - https:\/\/yoast.com\/product\/yoast-seo-wordpress\/ -->\n<title>Se despide Joaqu\u00edn Rubio como Vocal Ejecutivo del INE Edomex; agradece nueve a\u00f1os y medio de trabajo conjunto - Agencia252<\/title>\n<meta name=\"robots\" content=\"index, follow, max-snippet:-1, max-image-preview:large, max-video-preview:-1\" \/>\n<link rel=\"canonical\" href=\"https:\/\/agencia.252.com.mx\/home\/se-despide-joaquin-rubio-como-vocal-ejecutivo-del-ine-edomex-agradece-nueve-anos-y-medio-de-trabajo-conjunto\/\" \/>\n<meta property=\"og:locale\" content=\"es_ES\" \/>\n<meta property=\"og:type\" content=\"article\" \/>\n<meta property=\"og:title\" content=\"Se despide Joaqu\u00edn Rubio como Vocal Ejecutivo del INE Edomex; agradece nueve a\u00f1os y medio de trabajo conjunto - Agencia252\" \/>\n<meta property=\"og:description\" content=\"Visitas: 60 Juan Ignacio Corro&nbsp; Naucalpan, Estado de M\u00e9xico, a 26 de febrero de 2026 En el marco de la inminente ReformaElectoral de la Presidenta de M\u00e9xico Claudia Sheinbaum Pardo que contempla la propuesta de desaparici\u00f3n de las 32 Juntas Locales Ejecutivas del IINE M\u00e9xico y 300 Juntas Distritales, el INE concret\u00f3 17 ajustes en [&hellip;]\" \/>\n<meta property=\"og:url\" content=\"https:\/\/agencia.252.com.mx\/home\/se-despide-joaquin-rubio-como-vocal-ejecutivo-del-ine-edomex-agradece-nueve-anos-y-medio-de-trabajo-conjunto\/\" \/>\n<meta property=\"og:site_name\" content=\"Agencia252\" \/>\n<meta property=\"article:publisher\" content=\"https:\/\/www.facebook.com\/252Comunicacion\/\" \/>\n<meta property=\"article:author\" content=\"https:\/\/www.facebook.com\/jcorroherrera\/\" \/>\n<meta property=\"article:published_time\" content=\"2026-02-27T04:31:00+00:00\" \/>\n<meta property=\"article:modified_time\" content=\"2026-02-27T04:39:37+00:00\" \/>\n<meta property=\"og:image\" content=\"http:\/\/agencia.252.com.mx\/wp-content\/uploads\/2026\/02\/WhatsApp-Image-2026-02-24-at-4.58.09-PM-2.jpeg\" \/>\n\t<meta property=\"og:image:width\" content=\"1600\" \/>\n\t<meta property=\"og:image:height\" content=\"1117\" \/>\n\t<meta property=\"og:image:type\" content=\"image\/jpeg\" \/>\n<meta name=\"author\" content=\"Nacho Corro\" \/>\n<meta name=\"twitter:card\" content=\"summary_large_image\" \/>\n<meta name=\"twitter:creator\" content=\"@Juan Ignacio Corro Herrera\" \/>\n<meta name=\"twitter:site\" content=\"@252COMS\" \/>\n<meta name=\"twitter:label1\" content=\"Escrito por\" \/>\n\t<meta name=\"twitter:data1\" content=\"Nacho Corro\" \/>\n\t<meta name=\"twitter:label2\" content=\"Tiempo de lectura\" \/>\n\t<meta name=\"twitter:data2\" content=\"4 minutos\" \/>\n<script type=\"application\/ld+json\" class=\"yoast-schema-graph\">{\"@context\":\"https:\\\/\\\/schema.org\",\"@graph\":[{\"@type\":\"Article\",\"@id\":\"https:\\\/\\\/agencia.252.com.mx\\\/home\\\/se-despide-joaquin-rubio-como-vocal-ejecutivo-del-ine-edomex-agradece-nueve-anos-y-medio-de-trabajo-conjunto\\\/#article\",\"isPartOf\":{\"@id\":\"https:\\\/\\\/agencia.252.com.mx\\\/home\\\/se-despide-joaquin-rubio-como-vocal-ejecutivo-del-ine-edomex-agradece-nueve-anos-y-medio-de-trabajo-conjunto\\\/\"},\"author\":{\"name\":\"Nacho Corro\",\"@id\":\"https:\\\/\\\/agencia.252.com.mx\\\/home\\\/#\\\/schema\\\/person\\\/6b972021e9a92d45ade8c78d81509098\"},\"headline\":\"Se despide Joaqu\u00edn Rubio como Vocal Ejecutivo del INE Edomex; agradece nueve a\u00f1os y medio de trabajo conjunto\",\"datePublished\":\"2026-02-27T04:31:00+00:00\",\"dateModified\":\"2026-02-27T04:39:37+00:00\",\"mainEntityOfPage\":{\"@id\":\"https:\\\/\\\/agencia.252.com.mx\\\/home\\\/se-despide-joaquin-rubio-como-vocal-ejecutivo-del-ine-edomex-agradece-nueve-anos-y-medio-de-trabajo-conjunto\\\/\"},\"wordCount\":894,\"commentCount\":0,\"publisher\":{\"@id\":\"https:\\\/\\\/agencia.252.com.mx\\\/home\\\/#organization\"},\"image\":{\"@id\":\"https:\\\/\\\/agencia.252.com.mx\\\/home\\\/se-despide-joaquin-rubio-como-vocal-ejecutivo-del-ine-edomex-agradece-nueve-anos-y-medio-de-trabajo-conjunto\\\/#primaryimage\"},\"thumbnailUrl\":\"https:\\\/\\\/agencia.252.com.mx\\\/wp-content\\\/uploads\\\/2026\\\/02\\\/WhatsApp-Image-2026-02-24-at-4.58.09-PM-2.jpeg\",\"keywords\":[\"Edomex\"],\"articleSection\":[\"Edomex\",\"Metropoli\",\"Seguridad\",\"Toluca\"],\"inLanguage\":\"es\",\"potentialAction\":[{\"@type\":\"CommentAction\",\"name\":\"Comment\",\"target\":[\"https:\\\/\\\/agencia.252.com.mx\\\/home\\\/se-despide-joaquin-rubio-como-vocal-ejecutivo-del-ine-edomex-agradece-nueve-anos-y-medio-de-trabajo-conjunto\\\/#respond\"]}]},{\"@type\":\"WebPage\",\"@id\":\"https:\\\/\\\/agencia.252.com.mx\\\/home\\\/se-despide-joaquin-rubio-como-vocal-ejecutivo-del-ine-edomex-agradece-nueve-anos-y-medio-de-trabajo-conjunto\\\/\",\"url\":\"https:\\\/\\\/agencia.252.com.mx\\\/home\\\/se-despide-joaquin-rubio-como-vocal-ejecutivo-del-ine-edomex-agradece-nueve-anos-y-medio-de-trabajo-conjunto\\\/\",\"name\":\"Se despide Joaqu\u00edn Rubio como Vocal Ejecutivo del INE Edomex; agradece nueve a\u00f1os y medio de trabajo conjunto - Agencia252\",\"isPartOf\":{\"@id\":\"https:\\\/\\\/agencia.252.com.mx\\\/home\\\/#website\"},\"primaryImageOfPage\":{\"@id\":\"https:\\\/\\\/agencia.252.com.mx\\\/home\\\/se-despide-joaquin-rubio-como-vocal-ejecutivo-del-ine-edomex-agradece-nueve-anos-y-medio-de-trabajo-conjunto\\\/#primaryimage\"},\"image\":{\"@id\":\"https:\\\/\\\/agencia.252.com.mx\\\/home\\\/se-despide-joaquin-rubio-como-vocal-ejecutivo-del-ine-edomex-agradece-nueve-anos-y-medio-de-trabajo-conjunto\\\/#primaryimage\"},\"thumbnailUrl\":\"https:\\\/\\\/agencia.252.com.mx\\\/wp-content\\\/uploads\\\/2026\\\/02\\\/WhatsApp-Image-2026-02-24-at-4.58.09-PM-2.jpeg\",\"datePublished\":\"2026-02-27T04:31:00+00:00\",\"dateModified\":\"2026-02-27T04:39:37+00:00\",\"breadcrumb\":{\"@id\":\"https:\\\/\\\/agencia.252.com.mx\\\/home\\\/se-despide-joaquin-rubio-como-vocal-ejecutivo-del-ine-edomex-agradece-nueve-anos-y-medio-de-trabajo-conjunto\\\/#breadcrumb\"},\"inLanguage\":\"es\",\"potentialAction\":[{\"@type\":\"ReadAction\",\"target\":[\"https:\\\/\\\/agencia.252.com.mx\\\/home\\\/se-despide-joaquin-rubio-como-vocal-ejecutivo-del-ine-edomex-agradece-nueve-anos-y-medio-de-trabajo-conjunto\\\/\"]}]},{\"@type\":\"ImageObject\",\"inLanguage\":\"es\",\"@id\":\"https:\\\/\\\/agencia.252.com.mx\\\/home\\\/se-despide-joaquin-rubio-como-vocal-ejecutivo-del-ine-edomex-agradece-nueve-anos-y-medio-de-trabajo-conjunto\\\/#primaryimage\",\"url\":\"https:\\\/\\\/agencia.252.com.mx\\\/wp-content\\\/uploads\\\/2026\\\/02\\\/WhatsApp-Image-2026-02-24-at-4.58.09-PM-2.jpeg\",\"contentUrl\":\"https:\\\/\\\/agencia.252.com.mx\\\/wp-content\\\/uploads\\\/2026\\\/02\\\/WhatsApp-Image-2026-02-24-at-4.58.09-PM-2.jpeg\",\"width\":1600,\"height\":1117},{\"@type\":\"BreadcrumbList\",\"@id\":\"https:\\\/\\\/agencia.252.com.mx\\\/home\\\/se-despide-joaquin-rubio-como-vocal-ejecutivo-del-ine-edomex-agradece-nueve-anos-y-medio-de-trabajo-conjunto\\\/#breadcrumb\",\"itemListElement\":[{\"@type\":\"ListItem\",\"position\":1,\"name\":\"Portada\",\"item\":\"https:\\\/\\\/agencia.252.com.mx\\\/home\\\/\"},{\"@type\":\"ListItem\",\"position\":2,\"name\":\"Se despide Joaqu\u00edn Rubio como Vocal Ejecutivo del INE Edomex; agradece nueve a\u00f1os y medio de trabajo conjunto\"}]},{\"@type\":\"WebSite\",\"@id\":\"https:\\\/\\\/agencia.252.com.mx\\\/home\\\/#website\",\"url\":\"https:\\\/\\\/agencia.252.com.mx\\\/home\\\/\",\"name\":\"Agencia252\",\"description\":\"Tu espacio en la Red\",\"publisher\":{\"@id\":\"https:\\\/\\\/agencia.252.com.mx\\\/home\\\/#organization\"},\"potentialAction\":[{\"@type\":\"SearchAction\",\"target\":{\"@type\":\"EntryPoint\",\"urlTemplate\":\"https:\\\/\\\/agencia.252.com.mx\\\/home\\\/?s={search_term_string}\"},\"query-input\":{\"@type\":\"PropertyValueSpecification\",\"valueRequired\":true,\"valueName\":\"search_term_string\"}}],\"inLanguage\":\"es\"},{\"@type\":\"Organization\",\"@id\":\"https:\\\/\\\/agencia.252.com.mx\\\/home\\\/#organization\",\"name\":\"Agencia252\",\"url\":\"https:\\\/\\\/agencia.252.com.mx\\\/home\\\/\",\"logo\":{\"@type\":\"ImageObject\",\"inLanguage\":\"es\",\"@id\":\"https:\\\/\\\/agencia.252.com.mx\\\/home\\\/#\\\/schema\\\/logo\\\/image\\\/\",\"url\":\"https:\\\/\\\/agencia.252.com.mx\\\/wp-content\\\/uploads\\\/2023\\\/02\\\/cropped-ciruclo-agencia-e1677562404136.png\",\"contentUrl\":\"https:\\\/\\\/agencia.252.com.mx\\\/wp-content\\\/uploads\\\/2023\\\/02\\\/cropped-ciruclo-agencia-e1677562404136.png\",\"width\":512,\"height\":512,\"caption\":\"Agencia252\"},\"image\":{\"@id\":\"https:\\\/\\\/agencia.252.com.mx\\\/home\\\/#\\\/schema\\\/logo\\\/image\\\/\"},\"sameAs\":[\"https:\\\/\\\/www.facebook.com\\\/252Comunicacion\\\/\",\"https:\\\/\\\/x.com\\\/252COMS\"]},{\"@type\":\"Person\",\"@id\":\"https:\\\/\\\/agencia.252.com.mx\\\/home\\\/#\\\/schema\\\/person\\\/6b972021e9a92d45ade8c78d81509098\",\"name\":\"Nacho Corro\",\"image\":{\"@type\":\"ImageObject\",\"inLanguage\":\"es\",\"@id\":\"https:\\\/\\\/secure.gravatar.com\\\/avatar\\\/5db6df507cfe1307e192fbb498c6b85f1cf2ffd8b4cd37141b9eea588fcbd5a4?s=96&r=g\",\"url\":\"https:\\\/\\\/secure.gravatar.com\\\/avatar\\\/5db6df507cfe1307e192fbb498c6b85f1cf2ffd8b4cd37141b9eea588fcbd5a4?s=96&r=g\",\"contentUrl\":\"https:\\\/\\\/secure.gravatar.com\\\/avatar\\\/5db6df507cfe1307e192fbb498c6b85f1cf2ffd8b4cd37141b9eea588fcbd5a4?s=96&r=g\",\"caption\":\"Nacho Corro\"},\"description\":\"Comunicador Social, Periodista y Administraci\u00f3n P\u00fablica. Conversador pol\u00edtico, temas electorales y seguridad. Generador de contenidos digitales. Amante de la fotograf\u00eda\",\"sameAs\":[\"https:\\\/\\\/www.facebook.com\\\/jcorroherrera\\\/\",\"www.instagram.com\\\/nachocorro\\\/\",\"https:\\\/\\\/x.com\\\/Juan Ignacio Corro Herrera\"],\"url\":\"https:\\\/\\\/agencia.252.com.mx\\\/home\\\/author\\\/i-corro\\\/\"}]}<\/script>\n<!-- \/ Yoast SEO plugin. -->","yoast_head_json":{"title":"Se despide Joaqu\u00edn Rubio como Vocal Ejecutivo del INE Edomex; agradece nueve a\u00f1os y medio de trabajo conjunto - Agencia252","robots":{"index":"index","follow":"follow","max-snippet":"max-snippet:-1","max-image-preview":"max-image-preview:large","max-video-preview":"max-video-preview:-1"},"canonical":"https:\/\/agencia.252.com.mx\/home\/se-despide-joaquin-rubio-como-vocal-ejecutivo-del-ine-edomex-agradece-nueve-anos-y-medio-de-trabajo-conjunto\/","og_locale":"es_ES","og_type":"article","og_title":"Se despide Joaqu\u00edn Rubio como Vocal Ejecutivo del INE Edomex; agradece nueve a\u00f1os y medio de trabajo conjunto - Agencia252","og_description":"Visitas: 60 Juan Ignacio Corro&nbsp; Naucalpan, Estado de M\u00e9xico, a 26 de febrero de 2026 En el marco de la inminente ReformaElectoral de la Presidenta de M\u00e9xico Claudia Sheinbaum Pardo que contempla la propuesta de desaparici\u00f3n de las 32 Juntas Locales Ejecutivas del IINE M\u00e9xico y 300 Juntas Distritales, el INE concret\u00f3 17 ajustes en [&hellip;]","og_url":"https:\/\/agencia.252.com.mx\/home\/se-despide-joaquin-rubio-como-vocal-ejecutivo-del-ine-edomex-agradece-nueve-anos-y-medio-de-trabajo-conjunto\/","og_site_name":"Agencia252","article_publisher":"https:\/\/www.facebook.com\/252Comunicacion\/","article_author":"https:\/\/www.facebook.com\/jcorroherrera\/","article_published_time":"2026-02-27T04:31:00+00:00","article_modified_time":"2026-02-27T04:39:37+00:00","og_image":[{"width":1600,"height":1117,"url":"http:\/\/agencia.252.com.mx\/wp-content\/uploads\/2026\/02\/WhatsApp-Image-2026-02-24-at-4.58.09-PM-2.jpeg","type":"image\/jpeg"}],"author":"Nacho Corro","twitter_card":"summary_large_image","twitter_creator":"@Juan Ignacio Corro Herrera","twitter_site":"@252COMS","twitter_misc":{"Escrito por":"Nacho Corro","Tiempo de lectura":"4 minutos"},"schema":{"@context":"https:\/\/schema.org","@graph":[{"@type":"Article","@id":"https:\/\/agencia.252.com.mx\/home\/se-despide-joaquin-rubio-como-vocal-ejecutivo-del-ine-edomex-agradece-nueve-anos-y-medio-de-trabajo-conjunto\/#article","isPartOf":{"@id":"https:\/\/agencia.252.com.mx\/home\/se-despide-joaquin-rubio-como-vocal-ejecutivo-del-ine-edomex-agradece-nueve-anos-y-medio-de-trabajo-conjunto\/"},"author":{"name":"Nacho Corro","@id":"https:\/\/agencia.252.com.mx\/home\/#\/schema\/person\/6b972021e9a92d45ade8c78d81509098"},"headline":"Se despide Joaqu\u00edn Rubio como Vocal Ejecutivo del INE Edomex; agradece nueve a\u00f1os y medio de trabajo conjunto","datePublished":"2026-02-27T04:31:00+00:00","dateModified":"2026-02-27T04:39:37+00:00","mainEntityOfPage":{"@id":"https:\/\/agencia.252.com.mx\/home\/se-despide-joaquin-rubio-como-vocal-ejecutivo-del-ine-edomex-agradece-nueve-anos-y-medio-de-trabajo-conjunto\/"},"wordCount":894,"commentCount":0,"publisher":{"@id":"https:\/\/agencia.252.com.mx\/home\/#organization"},"image":{"@id":"https:\/\/agencia.252.com.mx\/home\/se-despide-joaquin-rubio-como-vocal-ejecutivo-del-ine-edomex-agradece-nueve-anos-y-medio-de-trabajo-conjunto\/#primaryimage"},"thumbnailUrl":"https:\/\/agencia.252.com.mx\/wp-content\/uploads\/2026\/02\/WhatsApp-Image-2026-02-24-at-4.58.09-PM-2.jpeg","keywords":["Edomex"],"articleSection":["Edomex","Metropoli","Seguridad","Toluca"],"inLanguage":"es","potentialAction":[{"@type":"CommentAction","name":"Comment","target":["https:\/\/agencia.252.com.mx\/home\/se-despide-joaquin-rubio-como-vocal-ejecutivo-del-ine-edomex-agradece-nueve-anos-y-medio-de-trabajo-conjunto\/#respond"]}]},{"@type":"WebPage","@id":"https:\/\/agencia.252.com.mx\/home\/se-despide-joaquin-rubio-como-vocal-ejecutivo-del-ine-edomex-agradece-nueve-anos-y-medio-de-trabajo-conjunto\/","url":"https:\/\/agencia.252.com.mx\/home\/se-despide-joaquin-rubio-como-vocal-ejecutivo-del-ine-edomex-agradece-nueve-anos-y-medio-de-trabajo-conjunto\/","name":"Se despide Joaqu\u00edn Rubio como Vocal Ejecutivo del INE Edomex; agradece nueve a\u00f1os y medio de trabajo conjunto - Agencia252","isPartOf":{"@id":"https:\/\/agencia.252.com.mx\/home\/#website"},"primaryImageOfPage":{"@id":"https:\/\/agencia.252.com.mx\/home\/se-despide-joaquin-rubio-como-vocal-ejecutivo-del-ine-edomex-agradece-nueve-anos-y-medio-de-trabajo-conjunto\/#primaryimage"},"image":{"@id":"https:\/\/agencia.252.com.mx\/home\/se-despide-joaquin-rubio-como-vocal-ejecutivo-del-ine-edomex-agradece-nueve-anos-y-medio-de-trabajo-conjunto\/#primaryimage"},"thumbnailUrl":"https:\/\/agencia.252.com.mx\/wp-content\/uploads\/2026\/02\/WhatsApp-Image-2026-02-24-at-4.58.09-PM-2.jpeg","datePublished":"2026-02-27T04:31:00+00:00","dateModified":"2026-02-27T04:39:37+00:00","breadcrumb":{"@id":"https:\/\/agencia.252.com.mx\/home\/se-despide-joaquin-rubio-como-vocal-ejecutivo-del-ine-edomex-agradece-nueve-anos-y-medio-de-trabajo-conjunto\/#breadcrumb"},"inLanguage":"es","potentialAction":[{"@type":"ReadAction","target":["https:\/\/agencia.252.com.mx\/home\/se-despide-joaquin-rubio-como-vocal-ejecutivo-del-ine-edomex-agradece-nueve-anos-y-medio-de-trabajo-conjunto\/"]}]},{"@type":"ImageObject","inLanguage":"es","@id":"https:\/\/agencia.252.com.mx\/home\/se-despide-joaquin-rubio-como-vocal-ejecutivo-del-ine-edomex-agradece-nueve-anos-y-medio-de-trabajo-conjunto\/#primaryimage","url":"https:\/\/agencia.252.com.mx\/wp-content\/uploads\/2026\/02\/WhatsApp-Image-2026-02-24-at-4.58.09-PM-2.jpeg","contentUrl":"https:\/\/agencia.252.com.mx\/wp-content\/uploads\/2026\/02\/WhatsApp-Image-2026-02-24-at-4.58.09-PM-2.jpeg","width":1600,"height":1117},{"@type":"BreadcrumbList","@id":"https:\/\/agencia.252.com.mx\/home\/se-despide-joaquin-rubio-como-vocal-ejecutivo-del-ine-edomex-agradece-nueve-anos-y-medio-de-trabajo-conjunto\/#breadcrumb","itemListElement":[{"@type":"ListItem","position":1,"name":"Portada","item":"https:\/\/agencia.252.com.mx\/home\/"},{"@type":"ListItem","position":2,"name":"Se despide Joaqu\u00edn Rubio como Vocal Ejecutivo del INE Edomex; agradece nueve a\u00f1os y medio de trabajo conjunto"}]},{"@type":"WebSite","@id":"https:\/\/agencia.252.com.mx\/home\/#website","url":"https:\/\/agencia.252.com.mx\/home\/","name":"Agencia252","description":"Tu espacio en la Red","publisher":{"@id":"https:\/\/agencia.252.com.mx\/home\/#organization"},"potentialAction":[{"@type":"SearchAction","target":{"@type":"EntryPoint","urlTemplate":"https:\/\/agencia.252.com.mx\/home\/?s={search_term_string}"},"query-input":{"@type":"PropertyValueSpecification","valueRequired":true,"valueName":"search_term_string"}}],"inLanguage":"es"},{"@type":"Organization","@id":"https:\/\/agencia.252.com.mx\/home\/#organization","name":"Agencia252","url":"https:\/\/agencia.252.com.mx\/home\/","logo":{"@type":"ImageObject","inLanguage":"es","@id":"https:\/\/agencia.252.com.mx\/home\/#\/schema\/logo\/image\/","url":"https:\/\/agencia.252.com.mx\/wp-content\/uploads\/2023\/02\/cropped-ciruclo-agencia-e1677562404136.png","contentUrl":"https:\/\/agencia.252.com.mx\/wp-content\/uploads\/2023\/02\/cropped-ciruclo-agencia-e1677562404136.png","width":512,"height":512,"caption":"Agencia252"},"image":{"@id":"https:\/\/agencia.252.com.mx\/home\/#\/schema\/logo\/image\/"},"sameAs":["https:\/\/www.facebook.com\/252Comunicacion\/","https:\/\/x.com\/252COMS"]},{"@type":"Person","@id":"https:\/\/agencia.252.com.mx\/home\/#\/schema\/person\/6b972021e9a92d45ade8c78d81509098","name":"Nacho Corro","image":{"@type":"ImageObject","inLanguage":"es","@id":"https:\/\/secure.gravatar.com\/avatar\/5db6df507cfe1307e192fbb498c6b85f1cf2ffd8b4cd37141b9eea588fcbd5a4?s=96&r=g","url":"https:\/\/secure.gravatar.com\/avatar\/5db6df507cfe1307e192fbb498c6b85f1cf2ffd8b4cd37141b9eea588fcbd5a4?s=96&r=g","contentUrl":"https:\/\/secure.gravatar.com\/avatar\/5db6df507cfe1307e192fbb498c6b85f1cf2ffd8b4cd37141b9eea588fcbd5a4?s=96&r=g","caption":"Nacho Corro"},"description":"Comunicador Social, Periodista y Administraci\u00f3n P\u00fablica. Conversador pol\u00edtico, temas electorales y seguridad. Generador de contenidos digitales. Amante de la fotograf\u00eda","sameAs":["https:\/\/www.facebook.com\/jcorroherrera\/","www.instagram.com\/nachocorro\/","https:\/\/x.com\/Juan Ignacio Corro Herrera"],"url":"https:\/\/agencia.252.com.mx\/home\/author\/i-corro\/"}]}},"_links":{"self":[{"href":"https:\/\/agencia.252.com.mx\/home\/wp-json\/wp\/v2\/posts\/16374","targetHints":{"allow":["GET"]}}],"collection":[{"href":"https:\/\/agencia.252.com.mx\/home\/wp-json\/wp\/v2\/posts"}],"about":[{"href":"https:\/\/agencia.252.com.mx\/home\/wp-json\/wp\/v2\/types\/post"}],"author":[{"embeddable":true,"href":"https:\/\/agencia.252.com.mx\/home\/wp-json\/wp\/v2\/users\/5"}],"replies":[{"embeddable":true,"href":"https:\/\/agencia.252.com.mx\/home\/wp-json\/wp\/v2\/comments?post=16374"}],"version-history":[{"count":2,"href":"https:\/\/agencia.252.com.mx\/home\/wp-json\/wp\/v2\/posts\/16374\/revisions"}],"predecessor-version":[{"id":16378,"href":"https:\/\/agencia.252.com.mx\/home\/wp-json\/wp\/v2\/posts\/16374\/revisions\/16378"}],"wp:featuredmedia":[{"embeddable":true,"href":"https:\/\/agencia.252.com.mx\/home\/wp-json\/wp\/v2\/media\/16375"}],"wp:attachment":[{"href":"https:\/\/agencia.252.com.mx\/home\/wp-json\/wp\/v2\/media?parent=16374"}],"wp:term":[{"taxonomy":"category","embeddable":true,"href":"https:\/\/agencia.252.com.mx\/home\/wp-json\/wp\/v2\/categories?post=16374"},{"taxonomy":"post_tag","embeddable":true,"href":"https:\/\/agencia.252.com.mx\/home\/wp-json\/wp\/v2\/tags?post=16374"}],"curies":[{"name":"wp","href":"https:\/\/api.w.org\/{rel}","templated":true}]}}