{"id":16366,"date":"2026-02-26T17:12:25","date_gmt":"2026-02-26T23:12:25","guid":{"rendered":"https:\/\/agencia.252.com.mx\/home\/?p=16366"},"modified":"2026-02-26T17:13:23","modified_gmt":"2026-02-26T23:13:23","slug":"mantiene-tlalnepantla-protocolos-de-actuacion-y-prevencion-ante-temporara-de-estiaje","status":"publish","type":"post","link":"https:\/\/agencia.252.com.mx\/home\/mantiene-tlalnepantla-protocolos-de-actuacion-y-prevencion-ante-temporara-de-estiaje\/","title":{"rendered":"Mantiene Tlalnepantla protocolos de actuaci\u00f3n y prevenci\u00f3n ante temporara de estiaje\u00a0"},"content":{"rendered":"<p>Visitas: 23<\/p>\n<ul class=\"wp-block-list\">\n<li><em>Cuerpo de Bomberos dispone de 93 elementos especializados, equipo tecnol\u00f3gico y drones de reconocimiento, para combatir incendios forestales.\u00a0\u00a0<\/em><\/li>\n\n\n\n<li><em>Durante el 2026 se han atendido 69 incendios. Se hace un llamado a la ciudadan\u00eda para evitar quemas de basura y reportar cualquier incidente de forma inmediata al 55-55-65-36-38.\u00a0<\/em><\/li>\n<\/ul>\n\n\n\n<p>Juan Ignacio Corro&nbsp;<\/p>\n\n\n\n<p class=\"has-text-align-right\">Tlalnepantla, Estado de M\u00e9xico, a 26 de febrero de 2026&nbsp;<\/p>\n\n\n\n<p>Para hacer frente a las incidencias propias de esta \u00e9poca, el gobierno de Tlalnepantla cuenta con un estado de fuerza compuesto por 93 bomberos equipados con protecci\u00f3n personal especializada, quienes est\u00e1n distribuidos en tres turnos para brindar atenci\u00f3n las 24 horas.&nbsp;<\/p>\n\n\n\n<p>Esta planeaci\u00f3n estrat\u00e9gica, proyectada para su plena operaci\u00f3n en 2026, busca optimizar los recursos t\u00e9cnicos y fortalecer la capacidad de reacci\u00f3n de las brigadas de emergencia, asegurando la continuidad de las operaciones bajo un enfoque de seguridad y sostenibilidad en todo el territorio municipal.\u00a0<\/p>\n\n\n\n<figure class=\"wp-block-image alignleft size-medium\"><img fetchpriority=\"high\" decoding=\"async\" width=\"225\" height=\"300\" src=\"https:\/\/agencia.252.com.mx\/wp-content\/uploads\/2026\/02\/WhatsApp-Image-2026-02-26-at-2.55.28-PM-225x300.jpeg\" alt=\"\" class=\"wp-image-16367\" srcset=\"https:\/\/agencia.252.com.mx\/wp-content\/uploads\/2026\/02\/WhatsApp-Image-2026-02-26-at-2.55.28-PM-225x300.jpeg 225w, https:\/\/agencia.252.com.mx\/wp-content\/uploads\/2026\/02\/WhatsApp-Image-2026-02-26-at-2.55.28-PM-768x1024.jpeg 768w, https:\/\/agencia.252.com.mx\/wp-content\/uploads\/2026\/02\/WhatsApp-Image-2026-02-26-at-2.55.28-PM-1152x1536.jpeg 1152w, https:\/\/agencia.252.com.mx\/wp-content\/uploads\/2026\/02\/WhatsApp-Image-2026-02-26-at-2.55.28-PM.jpeg 1200w\" sizes=\"(max-width: 225px) 100vw, 225px\" \/><\/figure>\n\n\n\n<p>\u00a0<\/p>\n\n\n\n<p>El equipo humano se apoya en una infraestructura t\u00e9cnica que incluye cuatro pipas con bombas de presi\u00f3n, tres camiones cisterna y tres camionetas de ataque r\u00e1pido, adem\u00e1s de herramientas de vanguardia como un dron de reconocimiento que permite realizar evaluaciones precisas de las zonas afectadas para un combate m\u00e1s efectivo del fuego.\u00a0<\/p>\n\n\n\n<p>Estas capacidades se concentran prioritariamente en las zonas de mayor riesgo identificadas, como la Sierra de Guadalupe en los sectores de Jardines del Recuerdo, Tenayo Norte, L\u00e1zaro C\u00e1rdenas y la Reserva Ecol\u00f3gica de Tepeolulco, as\u00ed como en el Vaso Regulador Carretas.<\/p>\n\n\n\n<p>La prevenci\u00f3n es un eje fundamental en la estrategia del alcalde, por lo que se exhorta a la poblaci\u00f3n a adoptar medidas responsables que reduzcan la posibilidad de siniestros.&nbsp;<\/p>\n\n\n\n<p>Se recomienda evitar el encendido de fogatas en zonas de pastizal, no arrojar colillas de cigarro o materiales encendidos en carreteras y abstenerse de realizar quemas de basura o residuos agr\u00edcolas que puedan salirse de control.<\/p>\n\n\n\n<p>Asimismo, es vital mantener limpios los predios, retirar maleza seca, ahorrar agua y mantenerse hidratado ante el aumento de las temperaturas.&nbsp;<\/p>\n\n\n\n<p>En caso de detectar cualquier conato de incendio, se solicita a los ciudadanos alejarse del \u00e1rea, alertar a personas vulnerables y realizar el reporte inmediato a Protecci\u00f3n Civil y Bomberos para permitir una intervenci\u00f3n temprana y proteger nuestro entorno natural.<\/p>\n","protected":false},"excerpt":{"rendered":"<p>Visitas: 23 Juan Ignacio Corro&nbsp; Tlalnepantla, Estado de M\u00e9xico, a 26 de febrero de 2026&nbsp; Para hacer frente a las incidencias propias de esta \u00e9poca, el gobierno de Tlalnepantla cuenta con un estado de fuerza compuesto por 93 bomberos equipados con protecci\u00f3n personal especializada, quienes est\u00e1n distribuidos en tres turnos para brindar atenci\u00f3n las 24 [&hellip;]<\/p>\n","protected":false},"author":5,"featured_media":16368,"comment_status":"open","ping_status":"open","sticky":false,"template":"","format":"standard","meta":{"site-sidebar-layout":"default","site-content-layout":"","ast-site-content-layout":"default","site-content-style":"default","site-sidebar-style":"default","ast-global-header-display":"","ast-banner-title-visibility":"","ast-main-header-display":"","ast-hfb-above-header-display":"","ast-hfb-below-header-display":"","ast-hfb-mobile-header-display":"","site-post-title":"","ast-breadcrumbs-content":"","ast-featured-img":"","footer-sml-layout":"","ast-disable-related-posts":"","theme-transparent-header-meta":"","adv-header-id-meta":"","stick-header-meta":"","header-above-stick-meta":"","header-main-stick-meta":"","header-below-stick-meta":"","astra-migrate-meta-layouts":"set","ast-page-background-enabled":"default","ast-page-background-meta":{"desktop":{"background-color":"var(--ast-global-color-4)","background-image":"","background-repeat":"repeat","background-position":"center center","background-size":"auto","background-attachment":"scroll","background-type":"","background-media":"","overlay-type":"","overlay-color":"","overlay-opacity":"","overlay-gradient":""},"tablet":{"background-color":"","background-image":"","background-repeat":"repeat","background-position":"center center","background-size":"auto","background-attachment":"scroll","background-type":"","background-media":"","overlay-type":"","overlay-color":"","overlay-opacity":"","overlay-gradient":""},"mobile":{"background-color":"","background-image":"","background-repeat":"repeat","background-position":"center center","background-size":"auto","background-attachment":"scroll","background-type":"","background-media":"","overlay-type":"","overlay-color":"","overlay-opacity":"","overlay-gradient":""}},"ast-content-background-meta":{"desktop":{"background-color":"var(--ast-global-color-5)","background-image":"","background-repeat":"repeat","background-position":"center center","background-size":"auto","background-attachment":"scroll","background-type":"","background-media":"","overlay-type":"","overlay-color":"","overlay-opacity":"","overlay-gradient":""},"tablet":{"background-color":"var(--ast-global-color-5)","background-image":"","background-repeat":"repeat","background-position":"center center","background-size":"auto","background-attachment":"scroll","background-type":"","background-media":"","overlay-type":"","overlay-color":"","overlay-opacity":"","overlay-gradient":""},"mobile":{"background-color":"var(--ast-global-color-5)","background-image":"","background-repeat":"repeat","background-position":"center center","background-size":"auto","background-attachment":"scroll","background-type":"","background-media":"","overlay-type":"","overlay-color":"","overlay-opacity":"","overlay-gradient":""}},"footnotes":""},"categories":[8,512,68,56],"tags":[526],"class_list":["post-16366","post","type-post","status-publish","format-standard","has-post-thumbnail","hentry","category-edomex","category-metropoli","category-seguridad","category-tlalnepantla","tag-edomex"],"yoast_head":"<!-- This site is optimized with the Yoast SEO plugin v27.4 - https:\/\/yoast.com\/product\/yoast-seo-wordpress\/ -->\n<title>Mantiene Tlalnepantla protocolos de actuaci\u00f3n y prevenci\u00f3n ante temporara de estiaje\u00a0 - Agencia252<\/title>\n<meta name=\"robots\" content=\"index, follow, max-snippet:-1, max-image-preview:large, max-video-preview:-1\" \/>\n<link rel=\"canonical\" href=\"https:\/\/agencia.252.com.mx\/home\/mantiene-tlalnepantla-protocolos-de-actuacion-y-prevencion-ante-temporara-de-estiaje\/\" \/>\n<meta property=\"og:locale\" content=\"es_ES\" \/>\n<meta property=\"og:type\" content=\"article\" \/>\n<meta property=\"og:title\" content=\"Mantiene Tlalnepantla protocolos de actuaci\u00f3n y prevenci\u00f3n ante temporara de estiaje\u00a0 - Agencia252\" \/>\n<meta property=\"og:description\" content=\"Visitas: 23 Juan Ignacio Corro&nbsp; Tlalnepantla, Estado de M\u00e9xico, a 26 de febrero de 2026&nbsp; Para hacer frente a las incidencias propias de esta \u00e9poca, el gobierno de Tlalnepantla cuenta con un estado de fuerza compuesto por 93 bomberos equipados con protecci\u00f3n personal especializada, quienes est\u00e1n distribuidos en tres turnos para brindar atenci\u00f3n las 24 [&hellip;]\" \/>\n<meta property=\"og:url\" content=\"https:\/\/agencia.252.com.mx\/home\/mantiene-tlalnepantla-protocolos-de-actuacion-y-prevencion-ante-temporara-de-estiaje\/\" \/>\n<meta property=\"og:site_name\" content=\"Agencia252\" \/>\n<meta property=\"article:publisher\" content=\"https:\/\/www.facebook.com\/252Comunicacion\/\" \/>\n<meta property=\"article:author\" content=\"https:\/\/www.facebook.com\/jcorroherrera\/\" \/>\n<meta property=\"article:published_time\" content=\"2026-02-26T23:12:25+00:00\" \/>\n<meta property=\"article:modified_time\" content=\"2026-02-26T23:13:23+00:00\" \/>\n<meta property=\"og:image\" content=\"http:\/\/agencia.252.com.mx\/wp-content\/uploads\/2026\/02\/WhatsApp-Image-2026-02-26-at-2.55.29-PM.jpeg\" \/>\n\t<meta property=\"og:image:width\" content=\"899\" \/>\n\t<meta property=\"og:image:height\" content=\"1599\" \/>\n\t<meta property=\"og:image:type\" content=\"image\/jpeg\" \/>\n<meta name=\"author\" content=\"Nacho Corro\" \/>\n<meta name=\"twitter:card\" content=\"summary_large_image\" \/>\n<meta name=\"twitter:creator\" content=\"@Juan Ignacio Corro Herrera\" \/>\n<meta name=\"twitter:site\" content=\"@252COMS\" \/>\n<meta name=\"twitter:label1\" content=\"Escrito por\" \/>\n\t<meta name=\"twitter:data1\" content=\"Nacho Corro\" \/>\n\t<meta name=\"twitter:label2\" content=\"Tiempo de lectura\" \/>\n\t<meta name=\"twitter:data2\" content=\"3 minutos\" \/>\n<script type=\"application\/ld+json\" class=\"yoast-schema-graph\">{\"@context\":\"https:\\\/\\\/schema.org\",\"@graph\":[{\"@type\":\"Article\",\"@id\":\"https:\\\/\\\/agencia.252.com.mx\\\/home\\\/mantiene-tlalnepantla-protocolos-de-actuacion-y-prevencion-ante-temporara-de-estiaje\\\/#article\",\"isPartOf\":{\"@id\":\"https:\\\/\\\/agencia.252.com.mx\\\/home\\\/mantiene-tlalnepantla-protocolos-de-actuacion-y-prevencion-ante-temporara-de-estiaje\\\/\"},\"author\":{\"name\":\"Nacho Corro\",\"@id\":\"https:\\\/\\\/agencia.252.com.mx\\\/home\\\/#\\\/schema\\\/person\\\/6b972021e9a92d45ade8c78d81509098\"},\"headline\":\"Mantiene Tlalnepantla protocolos de actuaci\u00f3n y prevenci\u00f3n ante temporara de estiaje\u00a0\",\"datePublished\":\"2026-02-26T23:12:25+00:00\",\"dateModified\":\"2026-02-26T23:13:23+00:00\",\"mainEntityOfPage\":{\"@id\":\"https:\\\/\\\/agencia.252.com.mx\\\/home\\\/mantiene-tlalnepantla-protocolos-de-actuacion-y-prevencion-ante-temporara-de-estiaje\\\/\"},\"wordCount\":401,\"commentCount\":0,\"publisher\":{\"@id\":\"https:\\\/\\\/agencia.252.com.mx\\\/home\\\/#organization\"},\"image\":{\"@id\":\"https:\\\/\\\/agencia.252.com.mx\\\/home\\\/mantiene-tlalnepantla-protocolos-de-actuacion-y-prevencion-ante-temporara-de-estiaje\\\/#primaryimage\"},\"thumbnailUrl\":\"https:\\\/\\\/agencia.252.com.mx\\\/wp-content\\\/uploads\\\/2026\\\/02\\\/WhatsApp-Image-2026-02-26-at-2.55.29-PM.jpeg\",\"keywords\":[\"Edomex\"],\"articleSection\":[\"Edomex\",\"Metropoli\",\"Seguridad\",\"Tlalnepantla\"],\"inLanguage\":\"es\",\"potentialAction\":[{\"@type\":\"CommentAction\",\"name\":\"Comment\",\"target\":[\"https:\\\/\\\/agencia.252.com.mx\\\/home\\\/mantiene-tlalnepantla-protocolos-de-actuacion-y-prevencion-ante-temporara-de-estiaje\\\/#respond\"]}]},{\"@type\":\"WebPage\",\"@id\":\"https:\\\/\\\/agencia.252.com.mx\\\/home\\\/mantiene-tlalnepantla-protocolos-de-actuacion-y-prevencion-ante-temporara-de-estiaje\\\/\",\"url\":\"https:\\\/\\\/agencia.252.com.mx\\\/home\\\/mantiene-tlalnepantla-protocolos-de-actuacion-y-prevencion-ante-temporara-de-estiaje\\\/\",\"name\":\"Mantiene Tlalnepantla protocolos de actuaci\u00f3n y prevenci\u00f3n ante temporara de estiaje\u00a0 - Agencia252\",\"isPartOf\":{\"@id\":\"https:\\\/\\\/agencia.252.com.mx\\\/home\\\/#website\"},\"primaryImageOfPage\":{\"@id\":\"https:\\\/\\\/agencia.252.com.mx\\\/home\\\/mantiene-tlalnepantla-protocolos-de-actuacion-y-prevencion-ante-temporara-de-estiaje\\\/#primaryimage\"},\"image\":{\"@id\":\"https:\\\/\\\/agencia.252.com.mx\\\/home\\\/mantiene-tlalnepantla-protocolos-de-actuacion-y-prevencion-ante-temporara-de-estiaje\\\/#primaryimage\"},\"thumbnailUrl\":\"https:\\\/\\\/agencia.252.com.mx\\\/wp-content\\\/uploads\\\/2026\\\/02\\\/WhatsApp-Image-2026-02-26-at-2.55.29-PM.jpeg\",\"datePublished\":\"2026-02-26T23:12:25+00:00\",\"dateModified\":\"2026-02-26T23:13:23+00:00\",\"breadcrumb\":{\"@id\":\"https:\\\/\\\/agencia.252.com.mx\\\/home\\\/mantiene-tlalnepantla-protocolos-de-actuacion-y-prevencion-ante-temporara-de-estiaje\\\/#breadcrumb\"},\"inLanguage\":\"es\",\"potentialAction\":[{\"@type\":\"ReadAction\",\"target\":[\"https:\\\/\\\/agencia.252.com.mx\\\/home\\\/mantiene-tlalnepantla-protocolos-de-actuacion-y-prevencion-ante-temporara-de-estiaje\\\/\"]}]},{\"@type\":\"ImageObject\",\"inLanguage\":\"es\",\"@id\":\"https:\\\/\\\/agencia.252.com.mx\\\/home\\\/mantiene-tlalnepantla-protocolos-de-actuacion-y-prevencion-ante-temporara-de-estiaje\\\/#primaryimage\",\"url\":\"https:\\\/\\\/agencia.252.com.mx\\\/wp-content\\\/uploads\\\/2026\\\/02\\\/WhatsApp-Image-2026-02-26-at-2.55.29-PM.jpeg\",\"contentUrl\":\"https:\\\/\\\/agencia.252.com.mx\\\/wp-content\\\/uploads\\\/2026\\\/02\\\/WhatsApp-Image-2026-02-26-at-2.55.29-PM.jpeg\",\"width\":899,\"height\":1599},{\"@type\":\"BreadcrumbList\",\"@id\":\"https:\\\/\\\/agencia.252.com.mx\\\/home\\\/mantiene-tlalnepantla-protocolos-de-actuacion-y-prevencion-ante-temporara-de-estiaje\\\/#breadcrumb\",\"itemListElement\":[{\"@type\":\"ListItem\",\"position\":1,\"name\":\"Portada\",\"item\":\"https:\\\/\\\/agencia.252.com.mx\\\/home\\\/\"},{\"@type\":\"ListItem\",\"position\":2,\"name\":\"Mantiene Tlalnepantla protocolos de actuaci\u00f3n y prevenci\u00f3n ante temporara de estiaje\u00a0\"}]},{\"@type\":\"WebSite\",\"@id\":\"https:\\\/\\\/agencia.252.com.mx\\\/home\\\/#website\",\"url\":\"https:\\\/\\\/agencia.252.com.mx\\\/home\\\/\",\"name\":\"Agencia252\",\"description\":\"Tu espacio en la Red\",\"publisher\":{\"@id\":\"https:\\\/\\\/agencia.252.com.mx\\\/home\\\/#organization\"},\"potentialAction\":[{\"@type\":\"SearchAction\",\"target\":{\"@type\":\"EntryPoint\",\"urlTemplate\":\"https:\\\/\\\/agencia.252.com.mx\\\/home\\\/?s={search_term_string}\"},\"query-input\":{\"@type\":\"PropertyValueSpecification\",\"valueRequired\":true,\"valueName\":\"search_term_string\"}}],\"inLanguage\":\"es\"},{\"@type\":\"Organization\",\"@id\":\"https:\\\/\\\/agencia.252.com.mx\\\/home\\\/#organization\",\"name\":\"Agencia252\",\"url\":\"https:\\\/\\\/agencia.252.com.mx\\\/home\\\/\",\"logo\":{\"@type\":\"ImageObject\",\"inLanguage\":\"es\",\"@id\":\"https:\\\/\\\/agencia.252.com.mx\\\/home\\\/#\\\/schema\\\/logo\\\/image\\\/\",\"url\":\"https:\\\/\\\/agencia.252.com.mx\\\/wp-content\\\/uploads\\\/2023\\\/02\\\/cropped-ciruclo-agencia-e1677562404136.png\",\"contentUrl\":\"https:\\\/\\\/agencia.252.com.mx\\\/wp-content\\\/uploads\\\/2023\\\/02\\\/cropped-ciruclo-agencia-e1677562404136.png\",\"width\":512,\"height\":512,\"caption\":\"Agencia252\"},\"image\":{\"@id\":\"https:\\\/\\\/agencia.252.com.mx\\\/home\\\/#\\\/schema\\\/logo\\\/image\\\/\"},\"sameAs\":[\"https:\\\/\\\/www.facebook.com\\\/252Comunicacion\\\/\",\"https:\\\/\\\/x.com\\\/252COMS\"]},{\"@type\":\"Person\",\"@id\":\"https:\\\/\\\/agencia.252.com.mx\\\/home\\\/#\\\/schema\\\/person\\\/6b972021e9a92d45ade8c78d81509098\",\"name\":\"Nacho Corro\",\"image\":{\"@type\":\"ImageObject\",\"inLanguage\":\"es\",\"@id\":\"https:\\\/\\\/secure.gravatar.com\\\/avatar\\\/5db6df507cfe1307e192fbb498c6b85f1cf2ffd8b4cd37141b9eea588fcbd5a4?s=96&r=g\",\"url\":\"https:\\\/\\\/secure.gravatar.com\\\/avatar\\\/5db6df507cfe1307e192fbb498c6b85f1cf2ffd8b4cd37141b9eea588fcbd5a4?s=96&r=g\",\"contentUrl\":\"https:\\\/\\\/secure.gravatar.com\\\/avatar\\\/5db6df507cfe1307e192fbb498c6b85f1cf2ffd8b4cd37141b9eea588fcbd5a4?s=96&r=g\",\"caption\":\"Nacho Corro\"},\"description\":\"Comunicador Social, Periodista y Administraci\u00f3n P\u00fablica. Conversador pol\u00edtico, temas electorales y seguridad. Generador de contenidos digitales. Amante de la fotograf\u00eda\",\"sameAs\":[\"https:\\\/\\\/www.facebook.com\\\/jcorroherrera\\\/\",\"www.instagram.com\\\/nachocorro\\\/\",\"https:\\\/\\\/x.com\\\/Juan Ignacio Corro Herrera\"],\"url\":\"https:\\\/\\\/agencia.252.com.mx\\\/home\\\/author\\\/i-corro\\\/\"}]}<\/script>\n<!-- \/ Yoast SEO plugin. -->","yoast_head_json":{"title":"Mantiene Tlalnepantla protocolos de actuaci\u00f3n y prevenci\u00f3n ante temporara de estiaje\u00a0 - Agencia252","robots":{"index":"index","follow":"follow","max-snippet":"max-snippet:-1","max-image-preview":"max-image-preview:large","max-video-preview":"max-video-preview:-1"},"canonical":"https:\/\/agencia.252.com.mx\/home\/mantiene-tlalnepantla-protocolos-de-actuacion-y-prevencion-ante-temporara-de-estiaje\/","og_locale":"es_ES","og_type":"article","og_title":"Mantiene Tlalnepantla protocolos de actuaci\u00f3n y prevenci\u00f3n ante temporara de estiaje\u00a0 - Agencia252","og_description":"Visitas: 23 Juan Ignacio Corro&nbsp; Tlalnepantla, Estado de M\u00e9xico, a 26 de febrero de 2026&nbsp; Para hacer frente a las incidencias propias de esta \u00e9poca, el gobierno de Tlalnepantla cuenta con un estado de fuerza compuesto por 93 bomberos equipados con protecci\u00f3n personal especializada, quienes est\u00e1n distribuidos en tres turnos para brindar atenci\u00f3n las 24 [&hellip;]","og_url":"https:\/\/agencia.252.com.mx\/home\/mantiene-tlalnepantla-protocolos-de-actuacion-y-prevencion-ante-temporara-de-estiaje\/","og_site_name":"Agencia252","article_publisher":"https:\/\/www.facebook.com\/252Comunicacion\/","article_author":"https:\/\/www.facebook.com\/jcorroherrera\/","article_published_time":"2026-02-26T23:12:25+00:00","article_modified_time":"2026-02-26T23:13:23+00:00","og_image":[{"width":899,"height":1599,"url":"http:\/\/agencia.252.com.mx\/wp-content\/uploads\/2026\/02\/WhatsApp-Image-2026-02-26-at-2.55.29-PM.jpeg","type":"image\/jpeg"}],"author":"Nacho Corro","twitter_card":"summary_large_image","twitter_creator":"@Juan Ignacio Corro Herrera","twitter_site":"@252COMS","twitter_misc":{"Escrito por":"Nacho Corro","Tiempo de lectura":"3 minutos"},"schema":{"@context":"https:\/\/schema.org","@graph":[{"@type":"Article","@id":"https:\/\/agencia.252.com.mx\/home\/mantiene-tlalnepantla-protocolos-de-actuacion-y-prevencion-ante-temporara-de-estiaje\/#article","isPartOf":{"@id":"https:\/\/agencia.252.com.mx\/home\/mantiene-tlalnepantla-protocolos-de-actuacion-y-prevencion-ante-temporara-de-estiaje\/"},"author":{"name":"Nacho Corro","@id":"https:\/\/agencia.252.com.mx\/home\/#\/schema\/person\/6b972021e9a92d45ade8c78d81509098"},"headline":"Mantiene Tlalnepantla protocolos de actuaci\u00f3n y prevenci\u00f3n ante temporara de estiaje\u00a0","datePublished":"2026-02-26T23:12:25+00:00","dateModified":"2026-02-26T23:13:23+00:00","mainEntityOfPage":{"@id":"https:\/\/agencia.252.com.mx\/home\/mantiene-tlalnepantla-protocolos-de-actuacion-y-prevencion-ante-temporara-de-estiaje\/"},"wordCount":401,"commentCount":0,"publisher":{"@id":"https:\/\/agencia.252.com.mx\/home\/#organization"},"image":{"@id":"https:\/\/agencia.252.com.mx\/home\/mantiene-tlalnepantla-protocolos-de-actuacion-y-prevencion-ante-temporara-de-estiaje\/#primaryimage"},"thumbnailUrl":"https:\/\/agencia.252.com.mx\/wp-content\/uploads\/2026\/02\/WhatsApp-Image-2026-02-26-at-2.55.29-PM.jpeg","keywords":["Edomex"],"articleSection":["Edomex","Metropoli","Seguridad","Tlalnepantla"],"inLanguage":"es","potentialAction":[{"@type":"CommentAction","name":"Comment","target":["https:\/\/agencia.252.com.mx\/home\/mantiene-tlalnepantla-protocolos-de-actuacion-y-prevencion-ante-temporara-de-estiaje\/#respond"]}]},{"@type":"WebPage","@id":"https:\/\/agencia.252.com.mx\/home\/mantiene-tlalnepantla-protocolos-de-actuacion-y-prevencion-ante-temporara-de-estiaje\/","url":"https:\/\/agencia.252.com.mx\/home\/mantiene-tlalnepantla-protocolos-de-actuacion-y-prevencion-ante-temporara-de-estiaje\/","name":"Mantiene Tlalnepantla protocolos de actuaci\u00f3n y prevenci\u00f3n ante temporara de estiaje\u00a0 - Agencia252","isPartOf":{"@id":"https:\/\/agencia.252.com.mx\/home\/#website"},"primaryImageOfPage":{"@id":"https:\/\/agencia.252.com.mx\/home\/mantiene-tlalnepantla-protocolos-de-actuacion-y-prevencion-ante-temporara-de-estiaje\/#primaryimage"},"image":{"@id":"https:\/\/agencia.252.com.mx\/home\/mantiene-tlalnepantla-protocolos-de-actuacion-y-prevencion-ante-temporara-de-estiaje\/#primaryimage"},"thumbnailUrl":"https:\/\/agencia.252.com.mx\/wp-content\/uploads\/2026\/02\/WhatsApp-Image-2026-02-26-at-2.55.29-PM.jpeg","datePublished":"2026-02-26T23:12:25+00:00","dateModified":"2026-02-26T23:13:23+00:00","breadcrumb":{"@id":"https:\/\/agencia.252.com.mx\/home\/mantiene-tlalnepantla-protocolos-de-actuacion-y-prevencion-ante-temporara-de-estiaje\/#breadcrumb"},"inLanguage":"es","potentialAction":[{"@type":"ReadAction","target":["https:\/\/agencia.252.com.mx\/home\/mantiene-tlalnepantla-protocolos-de-actuacion-y-prevencion-ante-temporara-de-estiaje\/"]}]},{"@type":"ImageObject","inLanguage":"es","@id":"https:\/\/agencia.252.com.mx\/home\/mantiene-tlalnepantla-protocolos-de-actuacion-y-prevencion-ante-temporara-de-estiaje\/#primaryimage","url":"https:\/\/agencia.252.com.mx\/wp-content\/uploads\/2026\/02\/WhatsApp-Image-2026-02-26-at-2.55.29-PM.jpeg","contentUrl":"https:\/\/agencia.252.com.mx\/wp-content\/uploads\/2026\/02\/WhatsApp-Image-2026-02-26-at-2.55.29-PM.jpeg","width":899,"height":1599},{"@type":"BreadcrumbList","@id":"https:\/\/agencia.252.com.mx\/home\/mantiene-tlalnepantla-protocolos-de-actuacion-y-prevencion-ante-temporara-de-estiaje\/#breadcrumb","itemListElement":[{"@type":"ListItem","position":1,"name":"Portada","item":"https:\/\/agencia.252.com.mx\/home\/"},{"@type":"ListItem","position":2,"name":"Mantiene Tlalnepantla protocolos de actuaci\u00f3n y prevenci\u00f3n ante temporara de estiaje\u00a0"}]},{"@type":"WebSite","@id":"https:\/\/agencia.252.com.mx\/home\/#website","url":"https:\/\/agencia.252.com.mx\/home\/","name":"Agencia252","description":"Tu espacio en la Red","publisher":{"@id":"https:\/\/agencia.252.com.mx\/home\/#organization"},"potentialAction":[{"@type":"SearchAction","target":{"@type":"EntryPoint","urlTemplate":"https:\/\/agencia.252.com.mx\/home\/?s={search_term_string}"},"query-input":{"@type":"PropertyValueSpecification","valueRequired":true,"valueName":"search_term_string"}}],"inLanguage":"es"},{"@type":"Organization","@id":"https:\/\/agencia.252.com.mx\/home\/#organization","name":"Agencia252","url":"https:\/\/agencia.252.com.mx\/home\/","logo":{"@type":"ImageObject","inLanguage":"es","@id":"https:\/\/agencia.252.com.mx\/home\/#\/schema\/logo\/image\/","url":"https:\/\/agencia.252.com.mx\/wp-content\/uploads\/2023\/02\/cropped-ciruclo-agencia-e1677562404136.png","contentUrl":"https:\/\/agencia.252.com.mx\/wp-content\/uploads\/2023\/02\/cropped-ciruclo-agencia-e1677562404136.png","width":512,"height":512,"caption":"Agencia252"},"image":{"@id":"https:\/\/agencia.252.com.mx\/home\/#\/schema\/logo\/image\/"},"sameAs":["https:\/\/www.facebook.com\/252Comunicacion\/","https:\/\/x.com\/252COMS"]},{"@type":"Person","@id":"https:\/\/agencia.252.com.mx\/home\/#\/schema\/person\/6b972021e9a92d45ade8c78d81509098","name":"Nacho Corro","image":{"@type":"ImageObject","inLanguage":"es","@id":"https:\/\/secure.gravatar.com\/avatar\/5db6df507cfe1307e192fbb498c6b85f1cf2ffd8b4cd37141b9eea588fcbd5a4?s=96&r=g","url":"https:\/\/secure.gravatar.com\/avatar\/5db6df507cfe1307e192fbb498c6b85f1cf2ffd8b4cd37141b9eea588fcbd5a4?s=96&r=g","contentUrl":"https:\/\/secure.gravatar.com\/avatar\/5db6df507cfe1307e192fbb498c6b85f1cf2ffd8b4cd37141b9eea588fcbd5a4?s=96&r=g","caption":"Nacho Corro"},"description":"Comunicador Social, Periodista y Administraci\u00f3n P\u00fablica. Conversador pol\u00edtico, temas electorales y seguridad. Generador de contenidos digitales. Amante de la fotograf\u00eda","sameAs":["https:\/\/www.facebook.com\/jcorroherrera\/","www.instagram.com\/nachocorro\/","https:\/\/x.com\/Juan Ignacio Corro Herrera"],"url":"https:\/\/agencia.252.com.mx\/home\/author\/i-corro\/"}]}},"_links":{"self":[{"href":"https:\/\/agencia.252.com.mx\/home\/wp-json\/wp\/v2\/posts\/16366","targetHints":{"allow":["GET"]}}],"collection":[{"href":"https:\/\/agencia.252.com.mx\/home\/wp-json\/wp\/v2\/posts"}],"about":[{"href":"https:\/\/agencia.252.com.mx\/home\/wp-json\/wp\/v2\/types\/post"}],"author":[{"embeddable":true,"href":"https:\/\/agencia.252.com.mx\/home\/wp-json\/wp\/v2\/users\/5"}],"replies":[{"embeddable":true,"href":"https:\/\/agencia.252.com.mx\/home\/wp-json\/wp\/v2\/comments?post=16366"}],"version-history":[{"count":1,"href":"https:\/\/agencia.252.com.mx\/home\/wp-json\/wp\/v2\/posts\/16366\/revisions"}],"predecessor-version":[{"id":16369,"href":"https:\/\/agencia.252.com.mx\/home\/wp-json\/wp\/v2\/posts\/16366\/revisions\/16369"}],"wp:featuredmedia":[{"embeddable":true,"href":"https:\/\/agencia.252.com.mx\/home\/wp-json\/wp\/v2\/media\/16368"}],"wp:attachment":[{"href":"https:\/\/agencia.252.com.mx\/home\/wp-json\/wp\/v2\/media?parent=16366"}],"wp:term":[{"taxonomy":"category","embeddable":true,"href":"https:\/\/agencia.252.com.mx\/home\/wp-json\/wp\/v2\/categories?post=16366"},{"taxonomy":"post_tag","embeddable":true,"href":"https:\/\/agencia.252.com.mx\/home\/wp-json\/wp\/v2\/tags?post=16366"}],"curies":[{"name":"wp","href":"https:\/\/api.w.org\/{rel}","templated":true}]}}