{"id":16351,"date":"2026-02-26T14:57:32","date_gmt":"2026-02-26T20:57:32","guid":{"rendered":"https:\/\/agencia.252.com.mx\/home\/?p=16351"},"modified":"2026-02-26T14:57:33","modified_gmt":"2026-02-26T20:57:33","slug":"12-policias-municipales-de-ecatepec-resultan-intoxicados-por-humo-al-apoyar-en-un-incendio","status":"publish","type":"post","link":"https:\/\/agencia.252.com.mx\/home\/12-policias-municipales-de-ecatepec-resultan-intoxicados-por-humo-al-apoyar-en-un-incendio\/","title":{"rendered":"12 polic\u00edas municipales de Ecatepec resultan intoxicados por humo al apoyar en un incendio\u00a0"},"content":{"rendered":"<p>Visitas: 23<\/p>\n<ul class=\"wp-block-list\">\n<li><em>Proteccion Civil atienden a polic\u00edas municipales quienes intervinieron para tratar de sofocar las llamas que se extend\u00edan en un inmueble previo a la llegada de bomberos<\/em><\/li>\n<\/ul>\n\n\n\n<p>Juan Ignacio Corro&nbsp;<\/p>\n\n\n\n<p class=\"has-text-align-right\">Ecatepec, Estado de M\u00e9xico, a 23 de febrero de 2026<\/p>\n\n\n\n<p>Polic\u00edas municipales del Sector 6 fueron atendidos por elementos de Protecci\u00f3n Civil, luego de que presentaron malestares por inhalar humo al apoyar para tratar de controlar el incendio en una casa habitaci\u00f3n, donde hab\u00eda riesgo por un tanque de gas en llamas, en la colonia Ampliaci\u00f3n Tulpetlac<em>.<\/em><\/p>\n\n\n\n<p>Unos 12 elementos de los sectores 5 y 6 acudieron ante llamados de auxilio por un incendio en avenida M\u00e9xico, e intervinieron para tratar de sofocar las llamas que se extend\u00edan en un inmueble previo a la llegada de bomberos<em>.<\/em><\/p>\n\n\n\n<p>Sin embargo, en el lugar hab\u00eda un cilindro de gas de 20 kilos que representaba riesgo de explosi\u00f3n, por lo que se dispusieron a enfriarlo hasta lograr retirarlo de la propiedad.<\/p>\n\n\n\n<p>Elementos de Bomberos intervinieron en el punto y sofocaron el fuego, aunque las llamas consumieron cuartos de 3&#215;3 metros, muebles, ropa en general, as\u00ed como el \u00e1rea de cocina y comedor; posteriormente realizaron trabajos de remoci\u00f3n.<\/p>\n\n\n\n<p>Debido a la exposici\u00f3n al humo al tratar de controlar el siniestro, los polic\u00edas Rodrigo Garc\u00eda Coxanteje y Daniel Vel\u00e1zquez Zayas del sector 6 presentaron malestares; este \u00faltimo registr\u00f3 taquicardia, por lo que ambos fueron atendidos por param\u00e9dicos, que les suministraron ox\u00edgeno y estabilizaron, sin que requirieran traslado hospitalario.<\/p>\n","protected":false},"excerpt":{"rendered":"<p>Visitas: 23 Juan Ignacio Corro&nbsp; Ecatepec, Estado de M\u00e9xico, a 23 de febrero de 2026 Polic\u00edas municipales del Sector 6 fueron atendidos por elementos de Protecci\u00f3n Civil, luego de que presentaron malestares por inhalar humo al apoyar para tratar de controlar el incendio en una casa habitaci\u00f3n, donde hab\u00eda riesgo por un tanque de gas [&hellip;]<\/p>\n","protected":false},"author":5,"featured_media":16353,"comment_status":"open","ping_status":"open","sticky":false,"template":"","format":"standard","meta":{"site-sidebar-layout":"default","site-content-layout":"","ast-site-content-layout":"default","site-content-style":"default","site-sidebar-style":"default","ast-global-header-display":"","ast-banner-title-visibility":"","ast-main-header-display":"","ast-hfb-above-header-display":"","ast-hfb-below-header-display":"","ast-hfb-mobile-header-display":"","site-post-title":"","ast-breadcrumbs-content":"","ast-featured-img":"","footer-sml-layout":"","ast-disable-related-posts":"","theme-transparent-header-meta":"","adv-header-id-meta":"","stick-header-meta":"","header-above-stick-meta":"","header-main-stick-meta":"","header-below-stick-meta":"","astra-migrate-meta-layouts":"set","ast-page-background-enabled":"default","ast-page-background-meta":{"desktop":{"background-color":"var(--ast-global-color-4)","background-image":"","background-repeat":"repeat","background-position":"center center","background-size":"auto","background-attachment":"scroll","background-type":"","background-media":"","overlay-type":"","overlay-color":"","overlay-opacity":"","overlay-gradient":""},"tablet":{"background-color":"","background-image":"","background-repeat":"repeat","background-position":"center center","background-size":"auto","background-attachment":"scroll","background-type":"","background-media":"","overlay-type":"","overlay-color":"","overlay-opacity":"","overlay-gradient":""},"mobile":{"background-color":"","background-image":"","background-repeat":"repeat","background-position":"center center","background-size":"auto","background-attachment":"scroll","background-type":"","background-media":"","overlay-type":"","overlay-color":"","overlay-opacity":"","overlay-gradient":""}},"ast-content-background-meta":{"desktop":{"background-color":"var(--ast-global-color-5)","background-image":"","background-repeat":"repeat","background-position":"center center","background-size":"auto","background-attachment":"scroll","background-type":"","background-media":"","overlay-type":"","overlay-color":"","overlay-opacity":"","overlay-gradient":""},"tablet":{"background-color":"var(--ast-global-color-5)","background-image":"","background-repeat":"repeat","background-position":"center center","background-size":"auto","background-attachment":"scroll","background-type":"","background-media":"","overlay-type":"","overlay-color":"","overlay-opacity":"","overlay-gradient":""},"mobile":{"background-color":"var(--ast-global-color-5)","background-image":"","background-repeat":"repeat","background-position":"center center","background-size":"auto","background-attachment":"scroll","background-type":"","background-media":"","overlay-type":"","overlay-color":"","overlay-opacity":"","overlay-gradient":""}},"footnotes":""},"categories":[38,8,512,68],"tags":[526],"class_list":["post-16351","post","type-post","status-publish","format-standard","has-post-thumbnail","hentry","category-ecatepec","category-edomex","category-metropoli","category-seguridad","tag-edomex"],"yoast_head":"<!-- This site is optimized with the Yoast SEO plugin v27.4 - https:\/\/yoast.com\/product\/yoast-seo-wordpress\/ -->\n<title>12 polic\u00edas municipales de Ecatepec resultan intoxicados por humo al apoyar en un incendio\u00a0 - Agencia252<\/title>\n<meta name=\"robots\" content=\"index, follow, max-snippet:-1, max-image-preview:large, max-video-preview:-1\" \/>\n<link rel=\"canonical\" href=\"https:\/\/agencia.252.com.mx\/home\/12-policias-municipales-de-ecatepec-resultan-intoxicados-por-humo-al-apoyar-en-un-incendio\/\" \/>\n<meta property=\"og:locale\" content=\"es_ES\" \/>\n<meta property=\"og:type\" content=\"article\" \/>\n<meta property=\"og:title\" content=\"12 polic\u00edas municipales de Ecatepec resultan intoxicados por humo al apoyar en un incendio\u00a0 - Agencia252\" \/>\n<meta property=\"og:description\" content=\"Visitas: 23 Juan Ignacio Corro&nbsp; Ecatepec, Estado de M\u00e9xico, a 23 de febrero de 2026 Polic\u00edas municipales del Sector 6 fueron atendidos por elementos de Protecci\u00f3n Civil, luego de que presentaron malestares por inhalar humo al apoyar para tratar de controlar el incendio en una casa habitaci\u00f3n, donde hab\u00eda riesgo por un tanque de gas [&hellip;]\" \/>\n<meta property=\"og:url\" content=\"https:\/\/agencia.252.com.mx\/home\/12-policias-municipales-de-ecatepec-resultan-intoxicados-por-humo-al-apoyar-en-un-incendio\/\" \/>\n<meta property=\"og:site_name\" content=\"Agencia252\" \/>\n<meta property=\"article:publisher\" content=\"https:\/\/www.facebook.com\/252Comunicacion\/\" \/>\n<meta property=\"article:author\" content=\"https:\/\/www.facebook.com\/jcorroherrera\/\" \/>\n<meta property=\"article:published_time\" content=\"2026-02-26T20:57:32+00:00\" \/>\n<meta property=\"article:modified_time\" content=\"2026-02-26T20:57:33+00:00\" \/>\n<meta property=\"og:image\" content=\"http:\/\/agencia.252.com.mx\/wp-content\/uploads\/2026\/02\/WhatsApp-Image-2026-02-26-at-12.52.38-PM.jpeg\" \/>\n\t<meta property=\"og:image:width\" content=\"480\" \/>\n\t<meta property=\"og:image:height\" content=\"848\" \/>\n\t<meta property=\"og:image:type\" content=\"image\/jpeg\" \/>\n<meta name=\"author\" content=\"Nacho Corro\" \/>\n<meta name=\"twitter:card\" content=\"summary_large_image\" \/>\n<meta name=\"twitter:creator\" content=\"@Juan Ignacio Corro Herrera\" \/>\n<meta name=\"twitter:site\" content=\"@252COMS\" \/>\n<meta name=\"twitter:label1\" content=\"Escrito por\" \/>\n\t<meta name=\"twitter:data1\" content=\"Nacho Corro\" \/>\n\t<meta name=\"twitter:label2\" content=\"Tiempo de lectura\" \/>\n\t<meta name=\"twitter:data2\" content=\"2 minutos\" \/>\n<script type=\"application\/ld+json\" class=\"yoast-schema-graph\">{\"@context\":\"https:\\\/\\\/schema.org\",\"@graph\":[{\"@type\":\"Article\",\"@id\":\"https:\\\/\\\/agencia.252.com.mx\\\/home\\\/12-policias-municipales-de-ecatepec-resultan-intoxicados-por-humo-al-apoyar-en-un-incendio\\\/#article\",\"isPartOf\":{\"@id\":\"https:\\\/\\\/agencia.252.com.mx\\\/home\\\/12-policias-municipales-de-ecatepec-resultan-intoxicados-por-humo-al-apoyar-en-un-incendio\\\/\"},\"author\":{\"name\":\"Nacho Corro\",\"@id\":\"https:\\\/\\\/agencia.252.com.mx\\\/home\\\/#\\\/schema\\\/person\\\/6b972021e9a92d45ade8c78d81509098\"},\"headline\":\"12 polic\u00edas municipales de Ecatepec resultan intoxicados por humo al apoyar en un incendio\u00a0\",\"datePublished\":\"2026-02-26T20:57:32+00:00\",\"dateModified\":\"2026-02-26T20:57:33+00:00\",\"mainEntityOfPage\":{\"@id\":\"https:\\\/\\\/agencia.252.com.mx\\\/home\\\/12-policias-municipales-de-ecatepec-resultan-intoxicados-por-humo-al-apoyar-en-un-incendio\\\/\"},\"wordCount\":268,\"commentCount\":0,\"publisher\":{\"@id\":\"https:\\\/\\\/agencia.252.com.mx\\\/home\\\/#organization\"},\"image\":{\"@id\":\"https:\\\/\\\/agencia.252.com.mx\\\/home\\\/12-policias-municipales-de-ecatepec-resultan-intoxicados-por-humo-al-apoyar-en-un-incendio\\\/#primaryimage\"},\"thumbnailUrl\":\"https:\\\/\\\/agencia.252.com.mx\\\/wp-content\\\/uploads\\\/2026\\\/02\\\/WhatsApp-Image-2026-02-26-at-12.52.38-PM.jpeg\",\"keywords\":[\"Edomex\"],\"articleSection\":[\"Ecatepec\",\"Edomex\",\"Metropoli\",\"Seguridad\"],\"inLanguage\":\"es\",\"potentialAction\":[{\"@type\":\"CommentAction\",\"name\":\"Comment\",\"target\":[\"https:\\\/\\\/agencia.252.com.mx\\\/home\\\/12-policias-municipales-de-ecatepec-resultan-intoxicados-por-humo-al-apoyar-en-un-incendio\\\/#respond\"]}]},{\"@type\":\"WebPage\",\"@id\":\"https:\\\/\\\/agencia.252.com.mx\\\/home\\\/12-policias-municipales-de-ecatepec-resultan-intoxicados-por-humo-al-apoyar-en-un-incendio\\\/\",\"url\":\"https:\\\/\\\/agencia.252.com.mx\\\/home\\\/12-policias-municipales-de-ecatepec-resultan-intoxicados-por-humo-al-apoyar-en-un-incendio\\\/\",\"name\":\"12 polic\u00edas municipales de Ecatepec resultan intoxicados por humo al apoyar en un incendio\u00a0 - Agencia252\",\"isPartOf\":{\"@id\":\"https:\\\/\\\/agencia.252.com.mx\\\/home\\\/#website\"},\"primaryImageOfPage\":{\"@id\":\"https:\\\/\\\/agencia.252.com.mx\\\/home\\\/12-policias-municipales-de-ecatepec-resultan-intoxicados-por-humo-al-apoyar-en-un-incendio\\\/#primaryimage\"},\"image\":{\"@id\":\"https:\\\/\\\/agencia.252.com.mx\\\/home\\\/12-policias-municipales-de-ecatepec-resultan-intoxicados-por-humo-al-apoyar-en-un-incendio\\\/#primaryimage\"},\"thumbnailUrl\":\"https:\\\/\\\/agencia.252.com.mx\\\/wp-content\\\/uploads\\\/2026\\\/02\\\/WhatsApp-Image-2026-02-26-at-12.52.38-PM.jpeg\",\"datePublished\":\"2026-02-26T20:57:32+00:00\",\"dateModified\":\"2026-02-26T20:57:33+00:00\",\"breadcrumb\":{\"@id\":\"https:\\\/\\\/agencia.252.com.mx\\\/home\\\/12-policias-municipales-de-ecatepec-resultan-intoxicados-por-humo-al-apoyar-en-un-incendio\\\/#breadcrumb\"},\"inLanguage\":\"es\",\"potentialAction\":[{\"@type\":\"ReadAction\",\"target\":[\"https:\\\/\\\/agencia.252.com.mx\\\/home\\\/12-policias-municipales-de-ecatepec-resultan-intoxicados-por-humo-al-apoyar-en-un-incendio\\\/\"]}]},{\"@type\":\"ImageObject\",\"inLanguage\":\"es\",\"@id\":\"https:\\\/\\\/agencia.252.com.mx\\\/home\\\/12-policias-municipales-de-ecatepec-resultan-intoxicados-por-humo-al-apoyar-en-un-incendio\\\/#primaryimage\",\"url\":\"https:\\\/\\\/agencia.252.com.mx\\\/wp-content\\\/uploads\\\/2026\\\/02\\\/WhatsApp-Image-2026-02-26-at-12.52.38-PM.jpeg\",\"contentUrl\":\"https:\\\/\\\/agencia.252.com.mx\\\/wp-content\\\/uploads\\\/2026\\\/02\\\/WhatsApp-Image-2026-02-26-at-12.52.38-PM.jpeg\",\"width\":480,\"height\":848},{\"@type\":\"BreadcrumbList\",\"@id\":\"https:\\\/\\\/agencia.252.com.mx\\\/home\\\/12-policias-municipales-de-ecatepec-resultan-intoxicados-por-humo-al-apoyar-en-un-incendio\\\/#breadcrumb\",\"itemListElement\":[{\"@type\":\"ListItem\",\"position\":1,\"name\":\"Portada\",\"item\":\"https:\\\/\\\/agencia.252.com.mx\\\/home\\\/\"},{\"@type\":\"ListItem\",\"position\":2,\"name\":\"12 polic\u00edas municipales de Ecatepec resultan intoxicados por humo al apoyar en un incendio\u00a0\"}]},{\"@type\":\"WebSite\",\"@id\":\"https:\\\/\\\/agencia.252.com.mx\\\/home\\\/#website\",\"url\":\"https:\\\/\\\/agencia.252.com.mx\\\/home\\\/\",\"name\":\"Agencia252\",\"description\":\"Tu espacio en la Red\",\"publisher\":{\"@id\":\"https:\\\/\\\/agencia.252.com.mx\\\/home\\\/#organization\"},\"potentialAction\":[{\"@type\":\"SearchAction\",\"target\":{\"@type\":\"EntryPoint\",\"urlTemplate\":\"https:\\\/\\\/agencia.252.com.mx\\\/home\\\/?s={search_term_string}\"},\"query-input\":{\"@type\":\"PropertyValueSpecification\",\"valueRequired\":true,\"valueName\":\"search_term_string\"}}],\"inLanguage\":\"es\"},{\"@type\":\"Organization\",\"@id\":\"https:\\\/\\\/agencia.252.com.mx\\\/home\\\/#organization\",\"name\":\"Agencia252\",\"url\":\"https:\\\/\\\/agencia.252.com.mx\\\/home\\\/\",\"logo\":{\"@type\":\"ImageObject\",\"inLanguage\":\"es\",\"@id\":\"https:\\\/\\\/agencia.252.com.mx\\\/home\\\/#\\\/schema\\\/logo\\\/image\\\/\",\"url\":\"https:\\\/\\\/agencia.252.com.mx\\\/wp-content\\\/uploads\\\/2023\\\/02\\\/cropped-ciruclo-agencia-e1677562404136.png\",\"contentUrl\":\"https:\\\/\\\/agencia.252.com.mx\\\/wp-content\\\/uploads\\\/2023\\\/02\\\/cropped-ciruclo-agencia-e1677562404136.png\",\"width\":512,\"height\":512,\"caption\":\"Agencia252\"},\"image\":{\"@id\":\"https:\\\/\\\/agencia.252.com.mx\\\/home\\\/#\\\/schema\\\/logo\\\/image\\\/\"},\"sameAs\":[\"https:\\\/\\\/www.facebook.com\\\/252Comunicacion\\\/\",\"https:\\\/\\\/x.com\\\/252COMS\"]},{\"@type\":\"Person\",\"@id\":\"https:\\\/\\\/agencia.252.com.mx\\\/home\\\/#\\\/schema\\\/person\\\/6b972021e9a92d45ade8c78d81509098\",\"name\":\"Nacho Corro\",\"image\":{\"@type\":\"ImageObject\",\"inLanguage\":\"es\",\"@id\":\"https:\\\/\\\/secure.gravatar.com\\\/avatar\\\/5db6df507cfe1307e192fbb498c6b85f1cf2ffd8b4cd37141b9eea588fcbd5a4?s=96&r=g\",\"url\":\"https:\\\/\\\/secure.gravatar.com\\\/avatar\\\/5db6df507cfe1307e192fbb498c6b85f1cf2ffd8b4cd37141b9eea588fcbd5a4?s=96&r=g\",\"contentUrl\":\"https:\\\/\\\/secure.gravatar.com\\\/avatar\\\/5db6df507cfe1307e192fbb498c6b85f1cf2ffd8b4cd37141b9eea588fcbd5a4?s=96&r=g\",\"caption\":\"Nacho Corro\"},\"description\":\"Comunicador Social, Periodista y Administraci\u00f3n P\u00fablica. Conversador pol\u00edtico, temas electorales y seguridad. Generador de contenidos digitales. Amante de la fotograf\u00eda\",\"sameAs\":[\"https:\\\/\\\/www.facebook.com\\\/jcorroherrera\\\/\",\"www.instagram.com\\\/nachocorro\\\/\",\"https:\\\/\\\/x.com\\\/Juan Ignacio Corro Herrera\"],\"url\":\"https:\\\/\\\/agencia.252.com.mx\\\/home\\\/author\\\/i-corro\\\/\"}]}<\/script>\n<!-- \/ Yoast SEO plugin. -->","yoast_head_json":{"title":"12 polic\u00edas municipales de Ecatepec resultan intoxicados por humo al apoyar en un incendio\u00a0 - Agencia252","robots":{"index":"index","follow":"follow","max-snippet":"max-snippet:-1","max-image-preview":"max-image-preview:large","max-video-preview":"max-video-preview:-1"},"canonical":"https:\/\/agencia.252.com.mx\/home\/12-policias-municipales-de-ecatepec-resultan-intoxicados-por-humo-al-apoyar-en-un-incendio\/","og_locale":"es_ES","og_type":"article","og_title":"12 polic\u00edas municipales de Ecatepec resultan intoxicados por humo al apoyar en un incendio\u00a0 - Agencia252","og_description":"Visitas: 23 Juan Ignacio Corro&nbsp; Ecatepec, Estado de M\u00e9xico, a 23 de febrero de 2026 Polic\u00edas municipales del Sector 6 fueron atendidos por elementos de Protecci\u00f3n Civil, luego de que presentaron malestares por inhalar humo al apoyar para tratar de controlar el incendio en una casa habitaci\u00f3n, donde hab\u00eda riesgo por un tanque de gas [&hellip;]","og_url":"https:\/\/agencia.252.com.mx\/home\/12-policias-municipales-de-ecatepec-resultan-intoxicados-por-humo-al-apoyar-en-un-incendio\/","og_site_name":"Agencia252","article_publisher":"https:\/\/www.facebook.com\/252Comunicacion\/","article_author":"https:\/\/www.facebook.com\/jcorroherrera\/","article_published_time":"2026-02-26T20:57:32+00:00","article_modified_time":"2026-02-26T20:57:33+00:00","og_image":[{"width":480,"height":848,"url":"http:\/\/agencia.252.com.mx\/wp-content\/uploads\/2026\/02\/WhatsApp-Image-2026-02-26-at-12.52.38-PM.jpeg","type":"image\/jpeg"}],"author":"Nacho Corro","twitter_card":"summary_large_image","twitter_creator":"@Juan Ignacio Corro Herrera","twitter_site":"@252COMS","twitter_misc":{"Escrito por":"Nacho Corro","Tiempo de lectura":"2 minutos"},"schema":{"@context":"https:\/\/schema.org","@graph":[{"@type":"Article","@id":"https:\/\/agencia.252.com.mx\/home\/12-policias-municipales-de-ecatepec-resultan-intoxicados-por-humo-al-apoyar-en-un-incendio\/#article","isPartOf":{"@id":"https:\/\/agencia.252.com.mx\/home\/12-policias-municipales-de-ecatepec-resultan-intoxicados-por-humo-al-apoyar-en-un-incendio\/"},"author":{"name":"Nacho Corro","@id":"https:\/\/agencia.252.com.mx\/home\/#\/schema\/person\/6b972021e9a92d45ade8c78d81509098"},"headline":"12 polic\u00edas municipales de Ecatepec resultan intoxicados por humo al apoyar en un incendio\u00a0","datePublished":"2026-02-26T20:57:32+00:00","dateModified":"2026-02-26T20:57:33+00:00","mainEntityOfPage":{"@id":"https:\/\/agencia.252.com.mx\/home\/12-policias-municipales-de-ecatepec-resultan-intoxicados-por-humo-al-apoyar-en-un-incendio\/"},"wordCount":268,"commentCount":0,"publisher":{"@id":"https:\/\/agencia.252.com.mx\/home\/#organization"},"image":{"@id":"https:\/\/agencia.252.com.mx\/home\/12-policias-municipales-de-ecatepec-resultan-intoxicados-por-humo-al-apoyar-en-un-incendio\/#primaryimage"},"thumbnailUrl":"https:\/\/agencia.252.com.mx\/wp-content\/uploads\/2026\/02\/WhatsApp-Image-2026-02-26-at-12.52.38-PM.jpeg","keywords":["Edomex"],"articleSection":["Ecatepec","Edomex","Metropoli","Seguridad"],"inLanguage":"es","potentialAction":[{"@type":"CommentAction","name":"Comment","target":["https:\/\/agencia.252.com.mx\/home\/12-policias-municipales-de-ecatepec-resultan-intoxicados-por-humo-al-apoyar-en-un-incendio\/#respond"]}]},{"@type":"WebPage","@id":"https:\/\/agencia.252.com.mx\/home\/12-policias-municipales-de-ecatepec-resultan-intoxicados-por-humo-al-apoyar-en-un-incendio\/","url":"https:\/\/agencia.252.com.mx\/home\/12-policias-municipales-de-ecatepec-resultan-intoxicados-por-humo-al-apoyar-en-un-incendio\/","name":"12 polic\u00edas municipales de Ecatepec resultan intoxicados por humo al apoyar en un incendio\u00a0 - Agencia252","isPartOf":{"@id":"https:\/\/agencia.252.com.mx\/home\/#website"},"primaryImageOfPage":{"@id":"https:\/\/agencia.252.com.mx\/home\/12-policias-municipales-de-ecatepec-resultan-intoxicados-por-humo-al-apoyar-en-un-incendio\/#primaryimage"},"image":{"@id":"https:\/\/agencia.252.com.mx\/home\/12-policias-municipales-de-ecatepec-resultan-intoxicados-por-humo-al-apoyar-en-un-incendio\/#primaryimage"},"thumbnailUrl":"https:\/\/agencia.252.com.mx\/wp-content\/uploads\/2026\/02\/WhatsApp-Image-2026-02-26-at-12.52.38-PM.jpeg","datePublished":"2026-02-26T20:57:32+00:00","dateModified":"2026-02-26T20:57:33+00:00","breadcrumb":{"@id":"https:\/\/agencia.252.com.mx\/home\/12-policias-municipales-de-ecatepec-resultan-intoxicados-por-humo-al-apoyar-en-un-incendio\/#breadcrumb"},"inLanguage":"es","potentialAction":[{"@type":"ReadAction","target":["https:\/\/agencia.252.com.mx\/home\/12-policias-municipales-de-ecatepec-resultan-intoxicados-por-humo-al-apoyar-en-un-incendio\/"]}]},{"@type":"ImageObject","inLanguage":"es","@id":"https:\/\/agencia.252.com.mx\/home\/12-policias-municipales-de-ecatepec-resultan-intoxicados-por-humo-al-apoyar-en-un-incendio\/#primaryimage","url":"https:\/\/agencia.252.com.mx\/wp-content\/uploads\/2026\/02\/WhatsApp-Image-2026-02-26-at-12.52.38-PM.jpeg","contentUrl":"https:\/\/agencia.252.com.mx\/wp-content\/uploads\/2026\/02\/WhatsApp-Image-2026-02-26-at-12.52.38-PM.jpeg","width":480,"height":848},{"@type":"BreadcrumbList","@id":"https:\/\/agencia.252.com.mx\/home\/12-policias-municipales-de-ecatepec-resultan-intoxicados-por-humo-al-apoyar-en-un-incendio\/#breadcrumb","itemListElement":[{"@type":"ListItem","position":1,"name":"Portada","item":"https:\/\/agencia.252.com.mx\/home\/"},{"@type":"ListItem","position":2,"name":"12 polic\u00edas municipales de Ecatepec resultan intoxicados por humo al apoyar en un incendio\u00a0"}]},{"@type":"WebSite","@id":"https:\/\/agencia.252.com.mx\/home\/#website","url":"https:\/\/agencia.252.com.mx\/home\/","name":"Agencia252","description":"Tu espacio en la Red","publisher":{"@id":"https:\/\/agencia.252.com.mx\/home\/#organization"},"potentialAction":[{"@type":"SearchAction","target":{"@type":"EntryPoint","urlTemplate":"https:\/\/agencia.252.com.mx\/home\/?s={search_term_string}"},"query-input":{"@type":"PropertyValueSpecification","valueRequired":true,"valueName":"search_term_string"}}],"inLanguage":"es"},{"@type":"Organization","@id":"https:\/\/agencia.252.com.mx\/home\/#organization","name":"Agencia252","url":"https:\/\/agencia.252.com.mx\/home\/","logo":{"@type":"ImageObject","inLanguage":"es","@id":"https:\/\/agencia.252.com.mx\/home\/#\/schema\/logo\/image\/","url":"https:\/\/agencia.252.com.mx\/wp-content\/uploads\/2023\/02\/cropped-ciruclo-agencia-e1677562404136.png","contentUrl":"https:\/\/agencia.252.com.mx\/wp-content\/uploads\/2023\/02\/cropped-ciruclo-agencia-e1677562404136.png","width":512,"height":512,"caption":"Agencia252"},"image":{"@id":"https:\/\/agencia.252.com.mx\/home\/#\/schema\/logo\/image\/"},"sameAs":["https:\/\/www.facebook.com\/252Comunicacion\/","https:\/\/x.com\/252COMS"]},{"@type":"Person","@id":"https:\/\/agencia.252.com.mx\/home\/#\/schema\/person\/6b972021e9a92d45ade8c78d81509098","name":"Nacho Corro","image":{"@type":"ImageObject","inLanguage":"es","@id":"https:\/\/secure.gravatar.com\/avatar\/5db6df507cfe1307e192fbb498c6b85f1cf2ffd8b4cd37141b9eea588fcbd5a4?s=96&r=g","url":"https:\/\/secure.gravatar.com\/avatar\/5db6df507cfe1307e192fbb498c6b85f1cf2ffd8b4cd37141b9eea588fcbd5a4?s=96&r=g","contentUrl":"https:\/\/secure.gravatar.com\/avatar\/5db6df507cfe1307e192fbb498c6b85f1cf2ffd8b4cd37141b9eea588fcbd5a4?s=96&r=g","caption":"Nacho Corro"},"description":"Comunicador Social, Periodista y Administraci\u00f3n P\u00fablica. Conversador pol\u00edtico, temas electorales y seguridad. Generador de contenidos digitales. Amante de la fotograf\u00eda","sameAs":["https:\/\/www.facebook.com\/jcorroherrera\/","www.instagram.com\/nachocorro\/","https:\/\/x.com\/Juan Ignacio Corro Herrera"],"url":"https:\/\/agencia.252.com.mx\/home\/author\/i-corro\/"}]}},"_links":{"self":[{"href":"https:\/\/agencia.252.com.mx\/home\/wp-json\/wp\/v2\/posts\/16351","targetHints":{"allow":["GET"]}}],"collection":[{"href":"https:\/\/agencia.252.com.mx\/home\/wp-json\/wp\/v2\/posts"}],"about":[{"href":"https:\/\/agencia.252.com.mx\/home\/wp-json\/wp\/v2\/types\/post"}],"author":[{"embeddable":true,"href":"https:\/\/agencia.252.com.mx\/home\/wp-json\/wp\/v2\/users\/5"}],"replies":[{"embeddable":true,"href":"https:\/\/agencia.252.com.mx\/home\/wp-json\/wp\/v2\/comments?post=16351"}],"version-history":[{"count":1,"href":"https:\/\/agencia.252.com.mx\/home\/wp-json\/wp\/v2\/posts\/16351\/revisions"}],"predecessor-version":[{"id":16354,"href":"https:\/\/agencia.252.com.mx\/home\/wp-json\/wp\/v2\/posts\/16351\/revisions\/16354"}],"wp:featuredmedia":[{"embeddable":true,"href":"https:\/\/agencia.252.com.mx\/home\/wp-json\/wp\/v2\/media\/16353"}],"wp:attachment":[{"href":"https:\/\/agencia.252.com.mx\/home\/wp-json\/wp\/v2\/media?parent=16351"}],"wp:term":[{"taxonomy":"category","embeddable":true,"href":"https:\/\/agencia.252.com.mx\/home\/wp-json\/wp\/v2\/categories?post=16351"},{"taxonomy":"post_tag","embeddable":true,"href":"https:\/\/agencia.252.com.mx\/home\/wp-json\/wp\/v2\/tags?post=16351"}],"curies":[{"name":"wp","href":"https:\/\/api.w.org\/{rel}","templated":true}]}}