{"id":16328,"date":"2026-02-25T19:54:39","date_gmt":"2026-02-26T01:54:39","guid":{"rendered":"https:\/\/agencia.252.com.mx\/home\/?p=16328"},"modified":"2026-02-25T19:54:40","modified_gmt":"2026-02-26T01:54:40","slug":"exhorta-congreso-mexiquense-a-retirar-de-la-via-publica-cables-en-desuso","status":"publish","type":"post","link":"https:\/\/agencia.252.com.mx\/home\/exhorta-congreso-mexiquense-a-retirar-de-la-via-publica-cables-en-desuso\/","title":{"rendered":"Exhorta Congreso mexiquense a retirar de la v\u00eda p\u00fablica cables en desuso"},"content":{"rendered":"<p>Visitas: 13<\/p>\n<ul class=\"wp-block-list\">\n<li><em>El Congreso mexiquense exhort\u00f3 a los ayuntamientos a suscribir convenios de coordinaci\u00f3n y colaboraci\u00f3n con empresas concesionarias, autorizadas o proveedoras de servicios de telecomunicaciones, con la finalidad de ordenar y liberar el espacio p\u00fablico ocupado por infraestructura de este tipo.\u00a0<\/em><\/li>\n<\/ul>\n\n\n\n<p>Juan Ignacio Corro&nbsp;<\/p>\n\n\n\n<p class=\"has-text-align-right\">Toluca, Estado de M\u00e9xico, a 25 de febrero de 2026<\/p>\n\n\n\n<p>Ante la contaminaci\u00f3n visual y los riesgos derivados de la instalaci\u00f3n excesiva y desordenada de cables de telefon\u00eda, internet y televisi\u00f3n en calles y avenidas, el Congreso mexiquense exhort\u00f3 a los ayuntamientos a firmar convenios con las empresas del sector para ordenar y limpiar el espacio p\u00fablico, priorizando el retiro del cableado en desuso.<\/p>\n\n\n\n<p>En sesi\u00f3n deliberante, la diputada Mar\u00eda Jos\u00e9 P\u00e9rez Dom\u00ednguez&nbsp;&nbsp;de Morena, la legisladora indic\u00f3 que se ha generalizado la pr\u00e1ctica de no retirar los cables de contratos cancelados, lo que genera acumulaci\u00f3n y saturaci\u00f3n en postes, deteriora la imagen urbana y aumenta el riesgo de fallas el\u00e9ctricas y t\u00e9cnicas relacionadas con el servicio.<\/p>\n\n\n\n<p>En este sentido, subray\u00f3 que esta situaci\u00f3n afecta la calidad de vida de la poblaci\u00f3n, pues la contaminaci\u00f3n visual puede elevar los niveles de estr\u00e9s y repercutir en la salud f\u00edsica y emocional.&nbsp;<\/p>\n\n\n\n<p>Record\u00f3 que el pasado 16 de julio se public\u00f3 en el Diario Oficial de la Federaci\u00f3n la Ley en Materia de Telecomunicaciones y Radiodifusi\u00f3n, la cual considera de inter\u00e9s general y utilidad p\u00fablica la instalaci\u00f3n, despliegue, operaci\u00f3n, mantenimiento y retiro de infraestructura destinada a redes p\u00fablicas de telecomunicaciones.&nbsp;<\/p>\n\n\n\n<p>Precis\u00f3 que, si bien su aplicaci\u00f3n es competencia federal, el ordenamiento establece el respeto a las disposiciones estatales y municipales en materia de desarrollo urbano, y prev\u00e9 el reordenamiento, retiro o soterramiento de infraestructura conforme a los lineamientos que emita la autoridad reguladora, obligatorios para las empresas del sector.&nbsp;<\/p>\n\n\n\n<p>No obstante, sostuvo que el cableado en desuso puede considerarse residuo s\u00f3lido urbano por su impacto visual y ambiental, por lo que los municipios tendr\u00edan competencia para implementar acciones de retiro y disposici\u00f3n final, contribuyendo al mantenimiento y embellecimiento de los centros de poblaci\u00f3n.<\/p>\n","protected":false},"excerpt":{"rendered":"<p>Visitas: 13 Juan Ignacio Corro&nbsp; Toluca, Estado de M\u00e9xico, a 25 de febrero de 2026 Ante la contaminaci\u00f3n visual y los riesgos derivados de la instalaci\u00f3n excesiva y desordenada de cables de telefon\u00eda, internet y televisi\u00f3n en calles y avenidas, el Congreso mexiquense exhort\u00f3 a los ayuntamientos a firmar convenios con las empresas del sector [&hellip;]<\/p>\n","protected":false},"author":5,"featured_media":16329,"comment_status":"open","ping_status":"open","sticky":false,"template":"","format":"standard","meta":{"site-sidebar-layout":"default","site-content-layout":"","ast-site-content-layout":"default","site-content-style":"default","site-sidebar-style":"default","ast-global-header-display":"","ast-banner-title-visibility":"","ast-main-header-display":"","ast-hfb-above-header-display":"","ast-hfb-below-header-display":"","ast-hfb-mobile-header-display":"","site-post-title":"","ast-breadcrumbs-content":"","ast-featured-img":"","footer-sml-layout":"","ast-disable-related-posts":"","theme-transparent-header-meta":"","adv-header-id-meta":"","stick-header-meta":"","header-above-stick-meta":"","header-main-stick-meta":"","header-below-stick-meta":"","astra-migrate-meta-layouts":"set","ast-page-background-enabled":"default","ast-page-background-meta":{"desktop":{"background-color":"var(--ast-global-color-4)","background-image":"","background-repeat":"repeat","background-position":"center center","background-size":"auto","background-attachment":"scroll","background-type":"","background-media":"","overlay-type":"","overlay-color":"","overlay-opacity":"","overlay-gradient":""},"tablet":{"background-color":"","background-image":"","background-repeat":"repeat","background-position":"center center","background-size":"auto","background-attachment":"scroll","background-type":"","background-media":"","overlay-type":"","overlay-color":"","overlay-opacity":"","overlay-gradient":""},"mobile":{"background-color":"","background-image":"","background-repeat":"repeat","background-position":"center center","background-size":"auto","background-attachment":"scroll","background-type":"","background-media":"","overlay-type":"","overlay-color":"","overlay-opacity":"","overlay-gradient":""}},"ast-content-background-meta":{"desktop":{"background-color":"var(--ast-global-color-5)","background-image":"","background-repeat":"repeat","background-position":"center center","background-size":"auto","background-attachment":"scroll","background-type":"","background-media":"","overlay-type":"","overlay-color":"","overlay-opacity":"","overlay-gradient":""},"tablet":{"background-color":"var(--ast-global-color-5)","background-image":"","background-repeat":"repeat","background-position":"center center","background-size":"auto","background-attachment":"scroll","background-type":"","background-media":"","overlay-type":"","overlay-color":"","overlay-opacity":"","overlay-gradient":""},"mobile":{"background-color":"var(--ast-global-color-5)","background-image":"","background-repeat":"repeat","background-position":"center center","background-size":"auto","background-attachment":"scroll","background-type":"","background-media":"","overlay-type":"","overlay-color":"","overlay-opacity":"","overlay-gradient":""}},"footnotes":""},"categories":[110,94,8,68,31],"tags":[526],"class_list":["post-16328","post","type-post","status-publish","format-standard","has-post-thumbnail","hentry","category-congreso","category-congreso-edomex","category-edomex","category-seguridad","category-toluca","tag-edomex"],"yoast_head":"<!-- This site is optimized with the Yoast SEO plugin v27.4 - https:\/\/yoast.com\/product\/yoast-seo-wordpress\/ -->\n<title>Exhorta Congreso mexiquense a retirar de la v\u00eda p\u00fablica cables en desuso - Agencia252<\/title>\n<meta name=\"robots\" content=\"index, follow, max-snippet:-1, max-image-preview:large, max-video-preview:-1\" \/>\n<link rel=\"canonical\" href=\"https:\/\/agencia.252.com.mx\/home\/exhorta-congreso-mexiquense-a-retirar-de-la-via-publica-cables-en-desuso\/\" \/>\n<meta property=\"og:locale\" content=\"es_ES\" \/>\n<meta property=\"og:type\" content=\"article\" \/>\n<meta property=\"og:title\" content=\"Exhorta Congreso mexiquense a retirar de la v\u00eda p\u00fablica cables en desuso - Agencia252\" \/>\n<meta property=\"og:description\" content=\"Visitas: 13 Juan Ignacio Corro&nbsp; Toluca, Estado de M\u00e9xico, a 25 de febrero de 2026 Ante la contaminaci\u00f3n visual y los riesgos derivados de la instalaci\u00f3n excesiva y desordenada de cables de telefon\u00eda, internet y televisi\u00f3n en calles y avenidas, el Congreso mexiquense exhort\u00f3 a los ayuntamientos a firmar convenios con las empresas del sector [&hellip;]\" \/>\n<meta property=\"og:url\" content=\"https:\/\/agencia.252.com.mx\/home\/exhorta-congreso-mexiquense-a-retirar-de-la-via-publica-cables-en-desuso\/\" \/>\n<meta property=\"og:site_name\" content=\"Agencia252\" \/>\n<meta property=\"article:publisher\" content=\"https:\/\/www.facebook.com\/252Comunicacion\/\" \/>\n<meta property=\"article:author\" content=\"https:\/\/www.facebook.com\/jcorroherrera\/\" \/>\n<meta property=\"article:published_time\" content=\"2026-02-26T01:54:39+00:00\" \/>\n<meta property=\"article:modified_time\" content=\"2026-02-26T01:54:40+00:00\" \/>\n<meta property=\"og:image\" content=\"http:\/\/agencia.252.com.mx\/wp-content\/uploads\/2026\/02\/Unknowndvasvs.jpeg\" \/>\n\t<meta property=\"og:image:width\" content=\"1445\" \/>\n\t<meta property=\"og:image:height\" content=\"977\" \/>\n\t<meta property=\"og:image:type\" content=\"image\/jpeg\" \/>\n<meta name=\"author\" content=\"Nacho Corro\" \/>\n<meta name=\"twitter:card\" content=\"summary_large_image\" \/>\n<meta name=\"twitter:creator\" content=\"@Juan Ignacio Corro Herrera\" \/>\n<meta name=\"twitter:site\" content=\"@252COMS\" \/>\n<meta name=\"twitter:label1\" content=\"Escrito por\" \/>\n\t<meta name=\"twitter:data1\" content=\"Nacho Corro\" \/>\n\t<meta name=\"twitter:label2\" content=\"Tiempo de lectura\" \/>\n\t<meta name=\"twitter:data2\" content=\"2 minutos\" \/>\n<script type=\"application\/ld+json\" class=\"yoast-schema-graph\">{\"@context\":\"https:\\\/\\\/schema.org\",\"@graph\":[{\"@type\":\"Article\",\"@id\":\"https:\\\/\\\/agencia.252.com.mx\\\/home\\\/exhorta-congreso-mexiquense-a-retirar-de-la-via-publica-cables-en-desuso\\\/#article\",\"isPartOf\":{\"@id\":\"https:\\\/\\\/agencia.252.com.mx\\\/home\\\/exhorta-congreso-mexiquense-a-retirar-de-la-via-publica-cables-en-desuso\\\/\"},\"author\":{\"name\":\"Nacho Corro\",\"@id\":\"https:\\\/\\\/agencia.252.com.mx\\\/home\\\/#\\\/schema\\\/person\\\/6b972021e9a92d45ade8c78d81509098\"},\"headline\":\"Exhorta Congreso mexiquense a retirar de la v\u00eda p\u00fablica cables en desuso\",\"datePublished\":\"2026-02-26T01:54:39+00:00\",\"dateModified\":\"2026-02-26T01:54:40+00:00\",\"mainEntityOfPage\":{\"@id\":\"https:\\\/\\\/agencia.252.com.mx\\\/home\\\/exhorta-congreso-mexiquense-a-retirar-de-la-via-publica-cables-en-desuso\\\/\"},\"wordCount\":386,\"commentCount\":0,\"publisher\":{\"@id\":\"https:\\\/\\\/agencia.252.com.mx\\\/home\\\/#organization\"},\"image\":{\"@id\":\"https:\\\/\\\/agencia.252.com.mx\\\/home\\\/exhorta-congreso-mexiquense-a-retirar-de-la-via-publica-cables-en-desuso\\\/#primaryimage\"},\"thumbnailUrl\":\"https:\\\/\\\/agencia.252.com.mx\\\/wp-content\\\/uploads\\\/2026\\\/02\\\/Unknowndvasvs.jpeg\",\"keywords\":[\"Edomex\"],\"articleSection\":[\"Congreso\",\"Congreso Edomex\",\"Edomex\",\"Seguridad\",\"Toluca\"],\"inLanguage\":\"es\",\"potentialAction\":[{\"@type\":\"CommentAction\",\"name\":\"Comment\",\"target\":[\"https:\\\/\\\/agencia.252.com.mx\\\/home\\\/exhorta-congreso-mexiquense-a-retirar-de-la-via-publica-cables-en-desuso\\\/#respond\"]}]},{\"@type\":\"WebPage\",\"@id\":\"https:\\\/\\\/agencia.252.com.mx\\\/home\\\/exhorta-congreso-mexiquense-a-retirar-de-la-via-publica-cables-en-desuso\\\/\",\"url\":\"https:\\\/\\\/agencia.252.com.mx\\\/home\\\/exhorta-congreso-mexiquense-a-retirar-de-la-via-publica-cables-en-desuso\\\/\",\"name\":\"Exhorta Congreso mexiquense a retirar de la v\u00eda p\u00fablica cables en desuso - Agencia252\",\"isPartOf\":{\"@id\":\"https:\\\/\\\/agencia.252.com.mx\\\/home\\\/#website\"},\"primaryImageOfPage\":{\"@id\":\"https:\\\/\\\/agencia.252.com.mx\\\/home\\\/exhorta-congreso-mexiquense-a-retirar-de-la-via-publica-cables-en-desuso\\\/#primaryimage\"},\"image\":{\"@id\":\"https:\\\/\\\/agencia.252.com.mx\\\/home\\\/exhorta-congreso-mexiquense-a-retirar-de-la-via-publica-cables-en-desuso\\\/#primaryimage\"},\"thumbnailUrl\":\"https:\\\/\\\/agencia.252.com.mx\\\/wp-content\\\/uploads\\\/2026\\\/02\\\/Unknowndvasvs.jpeg\",\"datePublished\":\"2026-02-26T01:54:39+00:00\",\"dateModified\":\"2026-02-26T01:54:40+00:00\",\"breadcrumb\":{\"@id\":\"https:\\\/\\\/agencia.252.com.mx\\\/home\\\/exhorta-congreso-mexiquense-a-retirar-de-la-via-publica-cables-en-desuso\\\/#breadcrumb\"},\"inLanguage\":\"es\",\"potentialAction\":[{\"@type\":\"ReadAction\",\"target\":[\"https:\\\/\\\/agencia.252.com.mx\\\/home\\\/exhorta-congreso-mexiquense-a-retirar-de-la-via-publica-cables-en-desuso\\\/\"]}]},{\"@type\":\"ImageObject\",\"inLanguage\":\"es\",\"@id\":\"https:\\\/\\\/agencia.252.com.mx\\\/home\\\/exhorta-congreso-mexiquense-a-retirar-de-la-via-publica-cables-en-desuso\\\/#primaryimage\",\"url\":\"https:\\\/\\\/agencia.252.com.mx\\\/wp-content\\\/uploads\\\/2026\\\/02\\\/Unknowndvasvs.jpeg\",\"contentUrl\":\"https:\\\/\\\/agencia.252.com.mx\\\/wp-content\\\/uploads\\\/2026\\\/02\\\/Unknowndvasvs.jpeg\",\"width\":1445,\"height\":977},{\"@type\":\"BreadcrumbList\",\"@id\":\"https:\\\/\\\/agencia.252.com.mx\\\/home\\\/exhorta-congreso-mexiquense-a-retirar-de-la-via-publica-cables-en-desuso\\\/#breadcrumb\",\"itemListElement\":[{\"@type\":\"ListItem\",\"position\":1,\"name\":\"Portada\",\"item\":\"https:\\\/\\\/agencia.252.com.mx\\\/home\\\/\"},{\"@type\":\"ListItem\",\"position\":2,\"name\":\"Exhorta Congreso mexiquense a retirar de la v\u00eda p\u00fablica cables en desuso\"}]},{\"@type\":\"WebSite\",\"@id\":\"https:\\\/\\\/agencia.252.com.mx\\\/home\\\/#website\",\"url\":\"https:\\\/\\\/agencia.252.com.mx\\\/home\\\/\",\"name\":\"Agencia252\",\"description\":\"Tu espacio en la Red\",\"publisher\":{\"@id\":\"https:\\\/\\\/agencia.252.com.mx\\\/home\\\/#organization\"},\"potentialAction\":[{\"@type\":\"SearchAction\",\"target\":{\"@type\":\"EntryPoint\",\"urlTemplate\":\"https:\\\/\\\/agencia.252.com.mx\\\/home\\\/?s={search_term_string}\"},\"query-input\":{\"@type\":\"PropertyValueSpecification\",\"valueRequired\":true,\"valueName\":\"search_term_string\"}}],\"inLanguage\":\"es\"},{\"@type\":\"Organization\",\"@id\":\"https:\\\/\\\/agencia.252.com.mx\\\/home\\\/#organization\",\"name\":\"Agencia252\",\"url\":\"https:\\\/\\\/agencia.252.com.mx\\\/home\\\/\",\"logo\":{\"@type\":\"ImageObject\",\"inLanguage\":\"es\",\"@id\":\"https:\\\/\\\/agencia.252.com.mx\\\/home\\\/#\\\/schema\\\/logo\\\/image\\\/\",\"url\":\"https:\\\/\\\/agencia.252.com.mx\\\/wp-content\\\/uploads\\\/2023\\\/02\\\/cropped-ciruclo-agencia-e1677562404136.png\",\"contentUrl\":\"https:\\\/\\\/agencia.252.com.mx\\\/wp-content\\\/uploads\\\/2023\\\/02\\\/cropped-ciruclo-agencia-e1677562404136.png\",\"width\":512,\"height\":512,\"caption\":\"Agencia252\"},\"image\":{\"@id\":\"https:\\\/\\\/agencia.252.com.mx\\\/home\\\/#\\\/schema\\\/logo\\\/image\\\/\"},\"sameAs\":[\"https:\\\/\\\/www.facebook.com\\\/252Comunicacion\\\/\",\"https:\\\/\\\/x.com\\\/252COMS\"]},{\"@type\":\"Person\",\"@id\":\"https:\\\/\\\/agencia.252.com.mx\\\/home\\\/#\\\/schema\\\/person\\\/6b972021e9a92d45ade8c78d81509098\",\"name\":\"Nacho Corro\",\"image\":{\"@type\":\"ImageObject\",\"inLanguage\":\"es\",\"@id\":\"https:\\\/\\\/secure.gravatar.com\\\/avatar\\\/5db6df507cfe1307e192fbb498c6b85f1cf2ffd8b4cd37141b9eea588fcbd5a4?s=96&r=g\",\"url\":\"https:\\\/\\\/secure.gravatar.com\\\/avatar\\\/5db6df507cfe1307e192fbb498c6b85f1cf2ffd8b4cd37141b9eea588fcbd5a4?s=96&r=g\",\"contentUrl\":\"https:\\\/\\\/secure.gravatar.com\\\/avatar\\\/5db6df507cfe1307e192fbb498c6b85f1cf2ffd8b4cd37141b9eea588fcbd5a4?s=96&r=g\",\"caption\":\"Nacho Corro\"},\"description\":\"Comunicador Social, Periodista y Administraci\u00f3n P\u00fablica. Conversador pol\u00edtico, temas electorales y seguridad. Generador de contenidos digitales. Amante de la fotograf\u00eda\",\"sameAs\":[\"https:\\\/\\\/www.facebook.com\\\/jcorroherrera\\\/\",\"www.instagram.com\\\/nachocorro\\\/\",\"https:\\\/\\\/x.com\\\/Juan Ignacio Corro Herrera\"],\"url\":\"https:\\\/\\\/agencia.252.com.mx\\\/home\\\/author\\\/i-corro\\\/\"}]}<\/script>\n<!-- \/ Yoast SEO plugin. -->","yoast_head_json":{"title":"Exhorta Congreso mexiquense a retirar de la v\u00eda p\u00fablica cables en desuso - Agencia252","robots":{"index":"index","follow":"follow","max-snippet":"max-snippet:-1","max-image-preview":"max-image-preview:large","max-video-preview":"max-video-preview:-1"},"canonical":"https:\/\/agencia.252.com.mx\/home\/exhorta-congreso-mexiquense-a-retirar-de-la-via-publica-cables-en-desuso\/","og_locale":"es_ES","og_type":"article","og_title":"Exhorta Congreso mexiquense a retirar de la v\u00eda p\u00fablica cables en desuso - Agencia252","og_description":"Visitas: 13 Juan Ignacio Corro&nbsp; Toluca, Estado de M\u00e9xico, a 25 de febrero de 2026 Ante la contaminaci\u00f3n visual y los riesgos derivados de la instalaci\u00f3n excesiva y desordenada de cables de telefon\u00eda, internet y televisi\u00f3n en calles y avenidas, el Congreso mexiquense exhort\u00f3 a los ayuntamientos a firmar convenios con las empresas del sector [&hellip;]","og_url":"https:\/\/agencia.252.com.mx\/home\/exhorta-congreso-mexiquense-a-retirar-de-la-via-publica-cables-en-desuso\/","og_site_name":"Agencia252","article_publisher":"https:\/\/www.facebook.com\/252Comunicacion\/","article_author":"https:\/\/www.facebook.com\/jcorroherrera\/","article_published_time":"2026-02-26T01:54:39+00:00","article_modified_time":"2026-02-26T01:54:40+00:00","og_image":[{"width":1445,"height":977,"url":"http:\/\/agencia.252.com.mx\/wp-content\/uploads\/2026\/02\/Unknowndvasvs.jpeg","type":"image\/jpeg"}],"author":"Nacho Corro","twitter_card":"summary_large_image","twitter_creator":"@Juan Ignacio Corro Herrera","twitter_site":"@252COMS","twitter_misc":{"Escrito por":"Nacho Corro","Tiempo de lectura":"2 minutos"},"schema":{"@context":"https:\/\/schema.org","@graph":[{"@type":"Article","@id":"https:\/\/agencia.252.com.mx\/home\/exhorta-congreso-mexiquense-a-retirar-de-la-via-publica-cables-en-desuso\/#article","isPartOf":{"@id":"https:\/\/agencia.252.com.mx\/home\/exhorta-congreso-mexiquense-a-retirar-de-la-via-publica-cables-en-desuso\/"},"author":{"name":"Nacho Corro","@id":"https:\/\/agencia.252.com.mx\/home\/#\/schema\/person\/6b972021e9a92d45ade8c78d81509098"},"headline":"Exhorta Congreso mexiquense a retirar de la v\u00eda p\u00fablica cables en desuso","datePublished":"2026-02-26T01:54:39+00:00","dateModified":"2026-02-26T01:54:40+00:00","mainEntityOfPage":{"@id":"https:\/\/agencia.252.com.mx\/home\/exhorta-congreso-mexiquense-a-retirar-de-la-via-publica-cables-en-desuso\/"},"wordCount":386,"commentCount":0,"publisher":{"@id":"https:\/\/agencia.252.com.mx\/home\/#organization"},"image":{"@id":"https:\/\/agencia.252.com.mx\/home\/exhorta-congreso-mexiquense-a-retirar-de-la-via-publica-cables-en-desuso\/#primaryimage"},"thumbnailUrl":"https:\/\/agencia.252.com.mx\/wp-content\/uploads\/2026\/02\/Unknowndvasvs.jpeg","keywords":["Edomex"],"articleSection":["Congreso","Congreso Edomex","Edomex","Seguridad","Toluca"],"inLanguage":"es","potentialAction":[{"@type":"CommentAction","name":"Comment","target":["https:\/\/agencia.252.com.mx\/home\/exhorta-congreso-mexiquense-a-retirar-de-la-via-publica-cables-en-desuso\/#respond"]}]},{"@type":"WebPage","@id":"https:\/\/agencia.252.com.mx\/home\/exhorta-congreso-mexiquense-a-retirar-de-la-via-publica-cables-en-desuso\/","url":"https:\/\/agencia.252.com.mx\/home\/exhorta-congreso-mexiquense-a-retirar-de-la-via-publica-cables-en-desuso\/","name":"Exhorta Congreso mexiquense a retirar de la v\u00eda p\u00fablica cables en desuso - Agencia252","isPartOf":{"@id":"https:\/\/agencia.252.com.mx\/home\/#website"},"primaryImageOfPage":{"@id":"https:\/\/agencia.252.com.mx\/home\/exhorta-congreso-mexiquense-a-retirar-de-la-via-publica-cables-en-desuso\/#primaryimage"},"image":{"@id":"https:\/\/agencia.252.com.mx\/home\/exhorta-congreso-mexiquense-a-retirar-de-la-via-publica-cables-en-desuso\/#primaryimage"},"thumbnailUrl":"https:\/\/agencia.252.com.mx\/wp-content\/uploads\/2026\/02\/Unknowndvasvs.jpeg","datePublished":"2026-02-26T01:54:39+00:00","dateModified":"2026-02-26T01:54:40+00:00","breadcrumb":{"@id":"https:\/\/agencia.252.com.mx\/home\/exhorta-congreso-mexiquense-a-retirar-de-la-via-publica-cables-en-desuso\/#breadcrumb"},"inLanguage":"es","potentialAction":[{"@type":"ReadAction","target":["https:\/\/agencia.252.com.mx\/home\/exhorta-congreso-mexiquense-a-retirar-de-la-via-publica-cables-en-desuso\/"]}]},{"@type":"ImageObject","inLanguage":"es","@id":"https:\/\/agencia.252.com.mx\/home\/exhorta-congreso-mexiquense-a-retirar-de-la-via-publica-cables-en-desuso\/#primaryimage","url":"https:\/\/agencia.252.com.mx\/wp-content\/uploads\/2026\/02\/Unknowndvasvs.jpeg","contentUrl":"https:\/\/agencia.252.com.mx\/wp-content\/uploads\/2026\/02\/Unknowndvasvs.jpeg","width":1445,"height":977},{"@type":"BreadcrumbList","@id":"https:\/\/agencia.252.com.mx\/home\/exhorta-congreso-mexiquense-a-retirar-de-la-via-publica-cables-en-desuso\/#breadcrumb","itemListElement":[{"@type":"ListItem","position":1,"name":"Portada","item":"https:\/\/agencia.252.com.mx\/home\/"},{"@type":"ListItem","position":2,"name":"Exhorta Congreso mexiquense a retirar de la v\u00eda p\u00fablica cables en desuso"}]},{"@type":"WebSite","@id":"https:\/\/agencia.252.com.mx\/home\/#website","url":"https:\/\/agencia.252.com.mx\/home\/","name":"Agencia252","description":"Tu espacio en la Red","publisher":{"@id":"https:\/\/agencia.252.com.mx\/home\/#organization"},"potentialAction":[{"@type":"SearchAction","target":{"@type":"EntryPoint","urlTemplate":"https:\/\/agencia.252.com.mx\/home\/?s={search_term_string}"},"query-input":{"@type":"PropertyValueSpecification","valueRequired":true,"valueName":"search_term_string"}}],"inLanguage":"es"},{"@type":"Organization","@id":"https:\/\/agencia.252.com.mx\/home\/#organization","name":"Agencia252","url":"https:\/\/agencia.252.com.mx\/home\/","logo":{"@type":"ImageObject","inLanguage":"es","@id":"https:\/\/agencia.252.com.mx\/home\/#\/schema\/logo\/image\/","url":"https:\/\/agencia.252.com.mx\/wp-content\/uploads\/2023\/02\/cropped-ciruclo-agencia-e1677562404136.png","contentUrl":"https:\/\/agencia.252.com.mx\/wp-content\/uploads\/2023\/02\/cropped-ciruclo-agencia-e1677562404136.png","width":512,"height":512,"caption":"Agencia252"},"image":{"@id":"https:\/\/agencia.252.com.mx\/home\/#\/schema\/logo\/image\/"},"sameAs":["https:\/\/www.facebook.com\/252Comunicacion\/","https:\/\/x.com\/252COMS"]},{"@type":"Person","@id":"https:\/\/agencia.252.com.mx\/home\/#\/schema\/person\/6b972021e9a92d45ade8c78d81509098","name":"Nacho Corro","image":{"@type":"ImageObject","inLanguage":"es","@id":"https:\/\/secure.gravatar.com\/avatar\/5db6df507cfe1307e192fbb498c6b85f1cf2ffd8b4cd37141b9eea588fcbd5a4?s=96&r=g","url":"https:\/\/secure.gravatar.com\/avatar\/5db6df507cfe1307e192fbb498c6b85f1cf2ffd8b4cd37141b9eea588fcbd5a4?s=96&r=g","contentUrl":"https:\/\/secure.gravatar.com\/avatar\/5db6df507cfe1307e192fbb498c6b85f1cf2ffd8b4cd37141b9eea588fcbd5a4?s=96&r=g","caption":"Nacho Corro"},"description":"Comunicador Social, Periodista y Administraci\u00f3n P\u00fablica. Conversador pol\u00edtico, temas electorales y seguridad. Generador de contenidos digitales. Amante de la fotograf\u00eda","sameAs":["https:\/\/www.facebook.com\/jcorroherrera\/","www.instagram.com\/nachocorro\/","https:\/\/x.com\/Juan Ignacio Corro Herrera"],"url":"https:\/\/agencia.252.com.mx\/home\/author\/i-corro\/"}]}},"_links":{"self":[{"href":"https:\/\/agencia.252.com.mx\/home\/wp-json\/wp\/v2\/posts\/16328","targetHints":{"allow":["GET"]}}],"collection":[{"href":"https:\/\/agencia.252.com.mx\/home\/wp-json\/wp\/v2\/posts"}],"about":[{"href":"https:\/\/agencia.252.com.mx\/home\/wp-json\/wp\/v2\/types\/post"}],"author":[{"embeddable":true,"href":"https:\/\/agencia.252.com.mx\/home\/wp-json\/wp\/v2\/users\/5"}],"replies":[{"embeddable":true,"href":"https:\/\/agencia.252.com.mx\/home\/wp-json\/wp\/v2\/comments?post=16328"}],"version-history":[{"count":1,"href":"https:\/\/agencia.252.com.mx\/home\/wp-json\/wp\/v2\/posts\/16328\/revisions"}],"predecessor-version":[{"id":16330,"href":"https:\/\/agencia.252.com.mx\/home\/wp-json\/wp\/v2\/posts\/16328\/revisions\/16330"}],"wp:featuredmedia":[{"embeddable":true,"href":"https:\/\/agencia.252.com.mx\/home\/wp-json\/wp\/v2\/media\/16329"}],"wp:attachment":[{"href":"https:\/\/agencia.252.com.mx\/home\/wp-json\/wp\/v2\/media?parent=16328"}],"wp:term":[{"taxonomy":"category","embeddable":true,"href":"https:\/\/agencia.252.com.mx\/home\/wp-json\/wp\/v2\/categories?post=16328"},{"taxonomy":"post_tag","embeddable":true,"href":"https:\/\/agencia.252.com.mx\/home\/wp-json\/wp\/v2\/tags?post=16328"}],"curies":[{"name":"wp","href":"https:\/\/api.w.org\/{rel}","templated":true}]}}