{"id":16324,"date":"2026-02-25T19:14:32","date_gmt":"2026-02-26T01:14:32","guid":{"rendered":"https:\/\/agencia.252.com.mx\/home\/?p=16324"},"modified":"2026-02-25T19:45:26","modified_gmt":"2026-02-26T01:45:26","slug":"el-pan-en-el-senado-propone-penas-mas-severas-por-venta-y-transportacion-de-pirotecnica-ilegal","status":"publish","type":"post","link":"https:\/\/agencia.252.com.mx\/home\/el-pan-en-el-senado-propone-penas-mas-severas-por-venta-y-transportacion-de-pirotecnica-ilegal\/","title":{"rendered":"El PAN en el Senado propone penas m\u00e1s severas por venta y transportaci\u00f3n de pirotecnica ilegal"},"content":{"rendered":"<p>Visitas: 32<\/p>\n<ul class=\"wp-block-list\">\n<li><em>El vicecoordinador del Grupo Parlamentario del PAN urgi\u00f3 a actualizar la Ley Federal de Armas de Fuego y Explosivos con un enfoque de seguridad y gesti\u00f3n integral de riesgos, especialmente, en zonas densamente pobladas, adem\u00e1s de armonizar las agravantes<\/em><\/li>\n\n\n\n<li><em>La iniciativa prohibir\u00eda que se utilice cualquier veh\u00edculo motorizado o ferroviario para la movilizaci\u00f3n de pirotecnia; se establecer\u00eda como obligatorio el uso de licencia o permiso para quien traslade o resguarde estos artefactos y se establecen nuevas sanciones<\/em><\/li>\n<\/ul>\n\n\n\n<p>Juan Ignacio Corro&nbsp;<\/p>\n\n\n\n<p class=\"has-text-align-right\">Huixquilucan, Estado de M\u00e9xico, a 25 de febrero de 2026<\/p>\n\n\n\n<p>A fin de evitar m\u00e1s accidentes relacionados con la pirotecnia, el vicecoordinador del Grupo Parlamentario del Partido Acci\u00f3n Nacional (PAN) en el Senado de la Rep\u00fablica, Enrique Vargas del Villar, present\u00f3 una iniciativa de ley para reformar la Ley Federal de Armas de Fuego y Explosivos, con la intenci\u00f3n de establecer como agravante la venta y transportaci\u00f3n de estos artefactos, especialmente, cuando se ponga en riesgo a terceros y se realice en zonas urbanas o exista reincidencia sobre esta actividad.<\/p>\n\n\n\n<p>El senador por el Estado de M\u00e9xico explic\u00f3 que, a pesar de que la pirotecnia es considerada un arte y una actividad tradicional y cultural, su uso recreativo, venta, transporte y manejo sin permisos oficiales, representa un riesgo grave para la seguridad p\u00fablica, la integridad f\u00edsica y el patrimonio de familias enteras que viven en zonas de alta densidad poblacional, pues tan solo, entre 2006 y 2024, se han registrado m\u00e1s de 630 accidentes relacionados con esta actividad en el pa\u00eds.<\/p>\n\n\n\n<figure class=\"wp-block-image alignleft size-medium\"><img fetchpriority=\"high\" decoding=\"async\" width=\"273\" height=\"300\" src=\"https:\/\/agencia.252.com.mx\/wp-content\/uploads\/2026\/02\/ENRIQUE-VARGAS-SENADOR-1-273x300.jpeg\" alt=\"\" class=\"wp-image-16325\" srcset=\"https:\/\/agencia.252.com.mx\/wp-content\/uploads\/2026\/02\/ENRIQUE-VARGAS-SENADOR-1-273x300.jpeg 273w, https:\/\/agencia.252.com.mx\/wp-content\/uploads\/2026\/02\/ENRIQUE-VARGAS-SENADOR-1.jpeg 753w\" sizes=\"(max-width: 273px) 100vw, 273px\" \/><\/figure>\n\n\n\n<p>Asegur\u00f3 que en M\u00e9xico, se estima que existen alrededor de 40 mil negocios clandestinos dedicados a actividades pirot\u00e9cnicas y solo dos mil operan con permisos vigentes de la Secretar\u00eda de la Defensa Nacional (Sedena).<\/p>\n\n\n\n<p>Lamento que no hay un control estricto lo que contribuye a que estas pr\u00e1cticas sigan causando da\u00f1os materiales y en las personas, pues la actual regulaci\u00f3n federal tiene bases dispersas en normas t\u00e9cnicas y reglamentos, y no existe un marco sancionatorio espec\u00edfico con la suficiencia y claridad necesarias para prevenir y castigar la venta y transportaci\u00f3n ilegal de estos productos y la afectaci\u00f3n que implican, se\u00f1al\u00f3.<\/p>\n\n\n\n<p>El senador panista, Enrique Vargas, detall\u00f3 que la ley federal en la materia no prev\u00e9 sanciones espec\u00edficas con agravantes claras para quienes realicen la venta o transportaci\u00f3n ilegal de pirotecnia que ponga en riesgo a terceros, a la ni\u00f1ez, adolescencia o se realice en zonas urbanas densas, por lo que, actualmente, estas conductas se sancionan solo de manera administrativa o con penas que no resultan disuasivas ni proporcionales al riesgo social que representan, por lo que, dijo, es necesario actualizarla con un enfoque de seguridad p\u00fablica y de gesti\u00f3n integral de riesgos, para evitar que se convierta en una amenaza permanente.<\/p>\n\n\n\n<p>\u201cLa ausencia de una actualizaci\u00f3n normativa robusta ha dejado vac\u00edos legales que favorecen la impunidad en la comercializaci\u00f3n il\u00edcita y en el transporte inadecuado de pirotecnia, lo que exige acci\u00f3n legislativa urgente desde el \u00e1mbito federal, estatal y municipal. Para Acci\u00f3n Nacional, la seguridad de las familias mexicanas, la protecci\u00f3n de la vida humana y el fortalecimiento del Estado de derecho constituyen prioridades irrenunciables de la funci\u00f3n legislativa\u201d, apunt\u00f3.<\/p>\n\n\n\n<p>Por lo anterior, el legislador Enrique Vargas consider\u00f3 necesario armonizar las agravantes penales y que \u00e9stas sean proporcionales al da\u00f1o potencial que podr\u00eda originar su mal uso, adem\u00e1s de establecer una regulaci\u00f3n en el \u00e1mbito estatal para su venta y distribuci\u00f3n, especialmente, en sitios o lugares densamente poblados o transitados, como mercados y centros comerciales.<\/p>\n\n\n\n<p>\u201cNo se pretende criminalizar las tradiciones ni las actividades productivas que se realizan dentro de la legalidad y bajo supervisi\u00f3n de la autoridad; por el contrario, se busca diferenciar con claridad entre la actividad regulada y el comercio clandestino que opera al margen de la ley, que evade controles de seguridad y que convierte calles, mercados y colonias en potenciales zonas de desastre. Esta reforma fortalece la responsabilidad del Estado para prevenir tragedias, cerrar espacios a la impunidad y enviar un mensaje firme: en M\u00e9xico, la seguridad de las personas, ni\u00f1as, ni\u00f1os y adolescentes est\u00e1 por encima de la ilegalidad\u201d, agreg\u00f3.<\/p>\n\n\n\n<p>De acuerdo con la iniciativa presentada, quedar\u00eda prohibido que se utilice cualquier medio de transporte motorizado o ferroviario para la movilizaci\u00f3n de pirotecnia; se establecer\u00eda como obligatorio que las personas que transporten estos artefactos deber\u00e1n de contar con la licencia o permiso correspondiente de la Defensa Nacional, lo que deber\u00e1 suceder tambi\u00e9n con quienes almacenen estos objetos, y se establecer\u00edan penas de cuatro a seis a\u00f1os de prisi\u00f3n y una multa de diez a 300 Unidades de Medida y Actualizaci\u00f3n (UMAs) para quien o quienes fabriquen, vendan, transporten, almacenen o comercialicen artificios y materiales pirot\u00e9cnicos sujetos a control, sin permiso de la autoridad.<\/p>\n","protected":false},"excerpt":{"rendered":"<p>Visitas: 32 Juan Ignacio Corro&nbsp; Huixquilucan, Estado de M\u00e9xico, a 25 de febrero de 2026 A fin de evitar m\u00e1s accidentes relacionados con la pirotecnia, el vicecoordinador del Grupo Parlamentario del Partido Acci\u00f3n Nacional (PAN) en el Senado de la Rep\u00fablica, Enrique Vargas del Villar, present\u00f3 una iniciativa de ley para reformar la Ley Federal [&hellip;]<\/p>\n","protected":false},"author":5,"featured_media":14029,"comment_status":"open","ping_status":"open","sticky":false,"template":"","format":"standard","meta":{"site-sidebar-layout":"default","site-content-layout":"","ast-site-content-layout":"default","site-content-style":"default","site-sidebar-style":"default","ast-global-header-display":"","ast-banner-title-visibility":"","ast-main-header-display":"","ast-hfb-above-header-display":"","ast-hfb-below-header-display":"","ast-hfb-mobile-header-display":"","site-post-title":"","ast-breadcrumbs-content":"","ast-featured-img":"","footer-sml-layout":"","ast-disable-related-posts":"","theme-transparent-header-meta":"","adv-header-id-meta":"","stick-header-meta":"","header-above-stick-meta":"","header-main-stick-meta":"","header-below-stick-meta":"","astra-migrate-meta-layouts":"set","ast-page-background-enabled":"default","ast-page-background-meta":{"desktop":{"background-color":"var(--ast-global-color-4)","background-image":"","background-repeat":"repeat","background-position":"center center","background-size":"auto","background-attachment":"scroll","background-type":"","background-media":"","overlay-type":"","overlay-color":"","overlay-opacity":"","overlay-gradient":""},"tablet":{"background-color":"","background-image":"","background-repeat":"repeat","background-position":"center center","background-size":"auto","background-attachment":"scroll","background-type":"","background-media":"","overlay-type":"","overlay-color":"","overlay-opacity":"","overlay-gradient":""},"mobile":{"background-color":"","background-image":"","background-repeat":"repeat","background-position":"center center","background-size":"auto","background-attachment":"scroll","background-type":"","background-media":"","overlay-type":"","overlay-color":"","overlay-opacity":"","overlay-gradient":""}},"ast-content-background-meta":{"desktop":{"background-color":"var(--ast-global-color-5)","background-image":"","background-repeat":"repeat","background-position":"center center","background-size":"auto","background-attachment":"scroll","background-type":"","background-media":"","overlay-type":"","overlay-color":"","overlay-opacity":"","overlay-gradient":""},"tablet":{"background-color":"var(--ast-global-color-5)","background-image":"","background-repeat":"repeat","background-position":"center center","background-size":"auto","background-attachment":"scroll","background-type":"","background-media":"","overlay-type":"","overlay-color":"","overlay-opacity":"","overlay-gradient":""},"mobile":{"background-color":"var(--ast-global-color-5)","background-image":"","background-repeat":"repeat","background-position":"center center","background-size":"auto","background-attachment":"scroll","background-type":"","background-media":"","overlay-type":"","overlay-color":"","overlay-opacity":"","overlay-gradient":""}},"footnotes":""},"categories":[69,8,512,458,68],"tags":[535],"class_list":["post-16324","post","type-post","status-publish","format-standard","has-post-thumbnail","hentry","category-cdmx","category-edomex","category-metropoli","category-nacional","category-seguridad","tag-cdmx"],"yoast_head":"<!-- This site is optimized with the Yoast SEO plugin v27.4 - https:\/\/yoast.com\/product\/yoast-seo-wordpress\/ -->\n<title>El PAN en el Senado propone penas m\u00e1s severas por venta y transportaci\u00f3n de pirotecnica ilegal - Agencia252<\/title>\n<meta name=\"robots\" content=\"index, follow, max-snippet:-1, max-image-preview:large, max-video-preview:-1\" \/>\n<link rel=\"canonical\" href=\"https:\/\/agencia.252.com.mx\/home\/el-pan-en-el-senado-propone-penas-mas-severas-por-venta-y-transportacion-de-pirotecnica-ilegal\/\" \/>\n<meta property=\"og:locale\" content=\"es_ES\" \/>\n<meta property=\"og:type\" content=\"article\" \/>\n<meta property=\"og:title\" content=\"El PAN en el Senado propone penas m\u00e1s severas por venta y transportaci\u00f3n de pirotecnica ilegal - Agencia252\" \/>\n<meta property=\"og:description\" content=\"Visitas: 32 Juan Ignacio Corro&nbsp; Huixquilucan, Estado de M\u00e9xico, a 25 de febrero de 2026 A fin de evitar m\u00e1s accidentes relacionados con la pirotecnia, el vicecoordinador del Grupo Parlamentario del Partido Acci\u00f3n Nacional (PAN) en el Senado de la Rep\u00fablica, Enrique Vargas del Villar, present\u00f3 una iniciativa de ley para reformar la Ley Federal [&hellip;]\" \/>\n<meta property=\"og:url\" content=\"https:\/\/agencia.252.com.mx\/home\/el-pan-en-el-senado-propone-penas-mas-severas-por-venta-y-transportacion-de-pirotecnica-ilegal\/\" \/>\n<meta property=\"og:site_name\" content=\"Agencia252\" \/>\n<meta property=\"article:publisher\" content=\"https:\/\/www.facebook.com\/252Comunicacion\/\" \/>\n<meta property=\"article:author\" content=\"https:\/\/www.facebook.com\/jcorroherrera\/\" \/>\n<meta property=\"article:published_time\" content=\"2026-02-26T01:14:32+00:00\" \/>\n<meta property=\"article:modified_time\" content=\"2026-02-26T01:45:26+00:00\" \/>\n<meta property=\"og:image\" content=\"http:\/\/agencia.252.com.mx\/wp-content\/uploads\/2025\/12\/WhatsApp-Image-2025-12-18-at-19.58.26-1.jpeg\" \/>\n\t<meta property=\"og:image:width\" content=\"1280\" \/>\n\t<meta property=\"og:image:height\" content=\"960\" \/>\n\t<meta property=\"og:image:type\" content=\"image\/jpeg\" \/>\n<meta name=\"author\" content=\"Nacho Corro\" \/>\n<meta name=\"twitter:card\" content=\"summary_large_image\" \/>\n<meta name=\"twitter:creator\" content=\"@Juan Ignacio Corro Herrera\" \/>\n<meta name=\"twitter:site\" content=\"@252COMS\" \/>\n<meta name=\"twitter:label1\" content=\"Escrito por\" \/>\n\t<meta name=\"twitter:data1\" content=\"Nacho Corro\" \/>\n\t<meta name=\"twitter:label2\" content=\"Tiempo de lectura\" \/>\n\t<meta name=\"twitter:data2\" content=\"4 minutos\" \/>\n<script type=\"application\/ld+json\" class=\"yoast-schema-graph\">{\"@context\":\"https:\\\/\\\/schema.org\",\"@graph\":[{\"@type\":\"Article\",\"@id\":\"https:\\\/\\\/agencia.252.com.mx\\\/home\\\/el-pan-en-el-senado-propone-penas-mas-severas-por-venta-y-transportacion-de-pirotecnica-ilegal\\\/#article\",\"isPartOf\":{\"@id\":\"https:\\\/\\\/agencia.252.com.mx\\\/home\\\/el-pan-en-el-senado-propone-penas-mas-severas-por-venta-y-transportacion-de-pirotecnica-ilegal\\\/\"},\"author\":{\"name\":\"Nacho Corro\",\"@id\":\"https:\\\/\\\/agencia.252.com.mx\\\/home\\\/#\\\/schema\\\/person\\\/6b972021e9a92d45ade8c78d81509098\"},\"headline\":\"El PAN en el Senado propone penas m\u00e1s severas por venta y transportaci\u00f3n de pirotecnica ilegal\",\"datePublished\":\"2026-02-26T01:14:32+00:00\",\"dateModified\":\"2026-02-26T01:45:26+00:00\",\"mainEntityOfPage\":{\"@id\":\"https:\\\/\\\/agencia.252.com.mx\\\/home\\\/el-pan-en-el-senado-propone-penas-mas-severas-por-venta-y-transportacion-de-pirotecnica-ilegal\\\/\"},\"wordCount\":852,\"commentCount\":0,\"publisher\":{\"@id\":\"https:\\\/\\\/agencia.252.com.mx\\\/home\\\/#organization\"},\"image\":{\"@id\":\"https:\\\/\\\/agencia.252.com.mx\\\/home\\\/el-pan-en-el-senado-propone-penas-mas-severas-por-venta-y-transportacion-de-pirotecnica-ilegal\\\/#primaryimage\"},\"thumbnailUrl\":\"https:\\\/\\\/agencia.252.com.mx\\\/wp-content\\\/uploads\\\/2025\\\/12\\\/WhatsApp-Image-2025-12-18-at-19.58.26-1.jpeg\",\"keywords\":[\"CDMX\"],\"articleSection\":[\"CDMX\",\"Edomex\",\"Metropoli\",\"Nacional\",\"Seguridad\"],\"inLanguage\":\"es\",\"potentialAction\":[{\"@type\":\"CommentAction\",\"name\":\"Comment\",\"target\":[\"https:\\\/\\\/agencia.252.com.mx\\\/home\\\/el-pan-en-el-senado-propone-penas-mas-severas-por-venta-y-transportacion-de-pirotecnica-ilegal\\\/#respond\"]}]},{\"@type\":\"WebPage\",\"@id\":\"https:\\\/\\\/agencia.252.com.mx\\\/home\\\/el-pan-en-el-senado-propone-penas-mas-severas-por-venta-y-transportacion-de-pirotecnica-ilegal\\\/\",\"url\":\"https:\\\/\\\/agencia.252.com.mx\\\/home\\\/el-pan-en-el-senado-propone-penas-mas-severas-por-venta-y-transportacion-de-pirotecnica-ilegal\\\/\",\"name\":\"El PAN en el Senado propone penas m\u00e1s severas por venta y transportaci\u00f3n de pirotecnica ilegal - Agencia252\",\"isPartOf\":{\"@id\":\"https:\\\/\\\/agencia.252.com.mx\\\/home\\\/#website\"},\"primaryImageOfPage\":{\"@id\":\"https:\\\/\\\/agencia.252.com.mx\\\/home\\\/el-pan-en-el-senado-propone-penas-mas-severas-por-venta-y-transportacion-de-pirotecnica-ilegal\\\/#primaryimage\"},\"image\":{\"@id\":\"https:\\\/\\\/agencia.252.com.mx\\\/home\\\/el-pan-en-el-senado-propone-penas-mas-severas-por-venta-y-transportacion-de-pirotecnica-ilegal\\\/#primaryimage\"},\"thumbnailUrl\":\"https:\\\/\\\/agencia.252.com.mx\\\/wp-content\\\/uploads\\\/2025\\\/12\\\/WhatsApp-Image-2025-12-18-at-19.58.26-1.jpeg\",\"datePublished\":\"2026-02-26T01:14:32+00:00\",\"dateModified\":\"2026-02-26T01:45:26+00:00\",\"breadcrumb\":{\"@id\":\"https:\\\/\\\/agencia.252.com.mx\\\/home\\\/el-pan-en-el-senado-propone-penas-mas-severas-por-venta-y-transportacion-de-pirotecnica-ilegal\\\/#breadcrumb\"},\"inLanguage\":\"es\",\"potentialAction\":[{\"@type\":\"ReadAction\",\"target\":[\"https:\\\/\\\/agencia.252.com.mx\\\/home\\\/el-pan-en-el-senado-propone-penas-mas-severas-por-venta-y-transportacion-de-pirotecnica-ilegal\\\/\"]}]},{\"@type\":\"ImageObject\",\"inLanguage\":\"es\",\"@id\":\"https:\\\/\\\/agencia.252.com.mx\\\/home\\\/el-pan-en-el-senado-propone-penas-mas-severas-por-venta-y-transportacion-de-pirotecnica-ilegal\\\/#primaryimage\",\"url\":\"https:\\\/\\\/agencia.252.com.mx\\\/wp-content\\\/uploads\\\/2025\\\/12\\\/WhatsApp-Image-2025-12-18-at-19.58.26-1.jpeg\",\"contentUrl\":\"https:\\\/\\\/agencia.252.com.mx\\\/wp-content\\\/uploads\\\/2025\\\/12\\\/WhatsApp-Image-2025-12-18-at-19.58.26-1.jpeg\",\"width\":1280,\"height\":960},{\"@type\":\"BreadcrumbList\",\"@id\":\"https:\\\/\\\/agencia.252.com.mx\\\/home\\\/el-pan-en-el-senado-propone-penas-mas-severas-por-venta-y-transportacion-de-pirotecnica-ilegal\\\/#breadcrumb\",\"itemListElement\":[{\"@type\":\"ListItem\",\"position\":1,\"name\":\"Portada\",\"item\":\"https:\\\/\\\/agencia.252.com.mx\\\/home\\\/\"},{\"@type\":\"ListItem\",\"position\":2,\"name\":\"El PAN en el Senado propone penas m\u00e1s severas por venta y transportaci\u00f3n de pirotecnica ilegal\"}]},{\"@type\":\"WebSite\",\"@id\":\"https:\\\/\\\/agencia.252.com.mx\\\/home\\\/#website\",\"url\":\"https:\\\/\\\/agencia.252.com.mx\\\/home\\\/\",\"name\":\"Agencia252\",\"description\":\"Tu espacio en la Red\",\"publisher\":{\"@id\":\"https:\\\/\\\/agencia.252.com.mx\\\/home\\\/#organization\"},\"potentialAction\":[{\"@type\":\"SearchAction\",\"target\":{\"@type\":\"EntryPoint\",\"urlTemplate\":\"https:\\\/\\\/agencia.252.com.mx\\\/home\\\/?s={search_term_string}\"},\"query-input\":{\"@type\":\"PropertyValueSpecification\",\"valueRequired\":true,\"valueName\":\"search_term_string\"}}],\"inLanguage\":\"es\"},{\"@type\":\"Organization\",\"@id\":\"https:\\\/\\\/agencia.252.com.mx\\\/home\\\/#organization\",\"name\":\"Agencia252\",\"url\":\"https:\\\/\\\/agencia.252.com.mx\\\/home\\\/\",\"logo\":{\"@type\":\"ImageObject\",\"inLanguage\":\"es\",\"@id\":\"https:\\\/\\\/agencia.252.com.mx\\\/home\\\/#\\\/schema\\\/logo\\\/image\\\/\",\"url\":\"https:\\\/\\\/agencia.252.com.mx\\\/wp-content\\\/uploads\\\/2023\\\/02\\\/cropped-ciruclo-agencia-e1677562404136.png\",\"contentUrl\":\"https:\\\/\\\/agencia.252.com.mx\\\/wp-content\\\/uploads\\\/2023\\\/02\\\/cropped-ciruclo-agencia-e1677562404136.png\",\"width\":512,\"height\":512,\"caption\":\"Agencia252\"},\"image\":{\"@id\":\"https:\\\/\\\/agencia.252.com.mx\\\/home\\\/#\\\/schema\\\/logo\\\/image\\\/\"},\"sameAs\":[\"https:\\\/\\\/www.facebook.com\\\/252Comunicacion\\\/\",\"https:\\\/\\\/x.com\\\/252COMS\"]},{\"@type\":\"Person\",\"@id\":\"https:\\\/\\\/agencia.252.com.mx\\\/home\\\/#\\\/schema\\\/person\\\/6b972021e9a92d45ade8c78d81509098\",\"name\":\"Nacho Corro\",\"image\":{\"@type\":\"ImageObject\",\"inLanguage\":\"es\",\"@id\":\"https:\\\/\\\/secure.gravatar.com\\\/avatar\\\/5db6df507cfe1307e192fbb498c6b85f1cf2ffd8b4cd37141b9eea588fcbd5a4?s=96&r=g\",\"url\":\"https:\\\/\\\/secure.gravatar.com\\\/avatar\\\/5db6df507cfe1307e192fbb498c6b85f1cf2ffd8b4cd37141b9eea588fcbd5a4?s=96&r=g\",\"contentUrl\":\"https:\\\/\\\/secure.gravatar.com\\\/avatar\\\/5db6df507cfe1307e192fbb498c6b85f1cf2ffd8b4cd37141b9eea588fcbd5a4?s=96&r=g\",\"caption\":\"Nacho Corro\"},\"description\":\"Comunicador Social, Periodista y Administraci\u00f3n P\u00fablica. Conversador pol\u00edtico, temas electorales y seguridad. Generador de contenidos digitales. Amante de la fotograf\u00eda\",\"sameAs\":[\"https:\\\/\\\/www.facebook.com\\\/jcorroherrera\\\/\",\"www.instagram.com\\\/nachocorro\\\/\",\"https:\\\/\\\/x.com\\\/Juan Ignacio Corro Herrera\"],\"url\":\"https:\\\/\\\/agencia.252.com.mx\\\/home\\\/author\\\/i-corro\\\/\"}]}<\/script>\n<!-- \/ Yoast SEO plugin. -->","yoast_head_json":{"title":"El PAN en el Senado propone penas m\u00e1s severas por venta y transportaci\u00f3n de pirotecnica ilegal - Agencia252","robots":{"index":"index","follow":"follow","max-snippet":"max-snippet:-1","max-image-preview":"max-image-preview:large","max-video-preview":"max-video-preview:-1"},"canonical":"https:\/\/agencia.252.com.mx\/home\/el-pan-en-el-senado-propone-penas-mas-severas-por-venta-y-transportacion-de-pirotecnica-ilegal\/","og_locale":"es_ES","og_type":"article","og_title":"El PAN en el Senado propone penas m\u00e1s severas por venta y transportaci\u00f3n de pirotecnica ilegal - Agencia252","og_description":"Visitas: 32 Juan Ignacio Corro&nbsp; Huixquilucan, Estado de M\u00e9xico, a 25 de febrero de 2026 A fin de evitar m\u00e1s accidentes relacionados con la pirotecnia, el vicecoordinador del Grupo Parlamentario del Partido Acci\u00f3n Nacional (PAN) en el Senado de la Rep\u00fablica, Enrique Vargas del Villar, present\u00f3 una iniciativa de ley para reformar la Ley Federal [&hellip;]","og_url":"https:\/\/agencia.252.com.mx\/home\/el-pan-en-el-senado-propone-penas-mas-severas-por-venta-y-transportacion-de-pirotecnica-ilegal\/","og_site_name":"Agencia252","article_publisher":"https:\/\/www.facebook.com\/252Comunicacion\/","article_author":"https:\/\/www.facebook.com\/jcorroherrera\/","article_published_time":"2026-02-26T01:14:32+00:00","article_modified_time":"2026-02-26T01:45:26+00:00","og_image":[{"width":1280,"height":960,"url":"http:\/\/agencia.252.com.mx\/wp-content\/uploads\/2025\/12\/WhatsApp-Image-2025-12-18-at-19.58.26-1.jpeg","type":"image\/jpeg"}],"author":"Nacho Corro","twitter_card":"summary_large_image","twitter_creator":"@Juan Ignacio Corro Herrera","twitter_site":"@252COMS","twitter_misc":{"Escrito por":"Nacho Corro","Tiempo de lectura":"4 minutos"},"schema":{"@context":"https:\/\/schema.org","@graph":[{"@type":"Article","@id":"https:\/\/agencia.252.com.mx\/home\/el-pan-en-el-senado-propone-penas-mas-severas-por-venta-y-transportacion-de-pirotecnica-ilegal\/#article","isPartOf":{"@id":"https:\/\/agencia.252.com.mx\/home\/el-pan-en-el-senado-propone-penas-mas-severas-por-venta-y-transportacion-de-pirotecnica-ilegal\/"},"author":{"name":"Nacho Corro","@id":"https:\/\/agencia.252.com.mx\/home\/#\/schema\/person\/6b972021e9a92d45ade8c78d81509098"},"headline":"El PAN en el Senado propone penas m\u00e1s severas por venta y transportaci\u00f3n de pirotecnica ilegal","datePublished":"2026-02-26T01:14:32+00:00","dateModified":"2026-02-26T01:45:26+00:00","mainEntityOfPage":{"@id":"https:\/\/agencia.252.com.mx\/home\/el-pan-en-el-senado-propone-penas-mas-severas-por-venta-y-transportacion-de-pirotecnica-ilegal\/"},"wordCount":852,"commentCount":0,"publisher":{"@id":"https:\/\/agencia.252.com.mx\/home\/#organization"},"image":{"@id":"https:\/\/agencia.252.com.mx\/home\/el-pan-en-el-senado-propone-penas-mas-severas-por-venta-y-transportacion-de-pirotecnica-ilegal\/#primaryimage"},"thumbnailUrl":"https:\/\/agencia.252.com.mx\/wp-content\/uploads\/2025\/12\/WhatsApp-Image-2025-12-18-at-19.58.26-1.jpeg","keywords":["CDMX"],"articleSection":["CDMX","Edomex","Metropoli","Nacional","Seguridad"],"inLanguage":"es","potentialAction":[{"@type":"CommentAction","name":"Comment","target":["https:\/\/agencia.252.com.mx\/home\/el-pan-en-el-senado-propone-penas-mas-severas-por-venta-y-transportacion-de-pirotecnica-ilegal\/#respond"]}]},{"@type":"WebPage","@id":"https:\/\/agencia.252.com.mx\/home\/el-pan-en-el-senado-propone-penas-mas-severas-por-venta-y-transportacion-de-pirotecnica-ilegal\/","url":"https:\/\/agencia.252.com.mx\/home\/el-pan-en-el-senado-propone-penas-mas-severas-por-venta-y-transportacion-de-pirotecnica-ilegal\/","name":"El PAN en el Senado propone penas m\u00e1s severas por venta y transportaci\u00f3n de pirotecnica ilegal - Agencia252","isPartOf":{"@id":"https:\/\/agencia.252.com.mx\/home\/#website"},"primaryImageOfPage":{"@id":"https:\/\/agencia.252.com.mx\/home\/el-pan-en-el-senado-propone-penas-mas-severas-por-venta-y-transportacion-de-pirotecnica-ilegal\/#primaryimage"},"image":{"@id":"https:\/\/agencia.252.com.mx\/home\/el-pan-en-el-senado-propone-penas-mas-severas-por-venta-y-transportacion-de-pirotecnica-ilegal\/#primaryimage"},"thumbnailUrl":"https:\/\/agencia.252.com.mx\/wp-content\/uploads\/2025\/12\/WhatsApp-Image-2025-12-18-at-19.58.26-1.jpeg","datePublished":"2026-02-26T01:14:32+00:00","dateModified":"2026-02-26T01:45:26+00:00","breadcrumb":{"@id":"https:\/\/agencia.252.com.mx\/home\/el-pan-en-el-senado-propone-penas-mas-severas-por-venta-y-transportacion-de-pirotecnica-ilegal\/#breadcrumb"},"inLanguage":"es","potentialAction":[{"@type":"ReadAction","target":["https:\/\/agencia.252.com.mx\/home\/el-pan-en-el-senado-propone-penas-mas-severas-por-venta-y-transportacion-de-pirotecnica-ilegal\/"]}]},{"@type":"ImageObject","inLanguage":"es","@id":"https:\/\/agencia.252.com.mx\/home\/el-pan-en-el-senado-propone-penas-mas-severas-por-venta-y-transportacion-de-pirotecnica-ilegal\/#primaryimage","url":"https:\/\/agencia.252.com.mx\/wp-content\/uploads\/2025\/12\/WhatsApp-Image-2025-12-18-at-19.58.26-1.jpeg","contentUrl":"https:\/\/agencia.252.com.mx\/wp-content\/uploads\/2025\/12\/WhatsApp-Image-2025-12-18-at-19.58.26-1.jpeg","width":1280,"height":960},{"@type":"BreadcrumbList","@id":"https:\/\/agencia.252.com.mx\/home\/el-pan-en-el-senado-propone-penas-mas-severas-por-venta-y-transportacion-de-pirotecnica-ilegal\/#breadcrumb","itemListElement":[{"@type":"ListItem","position":1,"name":"Portada","item":"https:\/\/agencia.252.com.mx\/home\/"},{"@type":"ListItem","position":2,"name":"El PAN en el Senado propone penas m\u00e1s severas por venta y transportaci\u00f3n de pirotecnica ilegal"}]},{"@type":"WebSite","@id":"https:\/\/agencia.252.com.mx\/home\/#website","url":"https:\/\/agencia.252.com.mx\/home\/","name":"Agencia252","description":"Tu espacio en la Red","publisher":{"@id":"https:\/\/agencia.252.com.mx\/home\/#organization"},"potentialAction":[{"@type":"SearchAction","target":{"@type":"EntryPoint","urlTemplate":"https:\/\/agencia.252.com.mx\/home\/?s={search_term_string}"},"query-input":{"@type":"PropertyValueSpecification","valueRequired":true,"valueName":"search_term_string"}}],"inLanguage":"es"},{"@type":"Organization","@id":"https:\/\/agencia.252.com.mx\/home\/#organization","name":"Agencia252","url":"https:\/\/agencia.252.com.mx\/home\/","logo":{"@type":"ImageObject","inLanguage":"es","@id":"https:\/\/agencia.252.com.mx\/home\/#\/schema\/logo\/image\/","url":"https:\/\/agencia.252.com.mx\/wp-content\/uploads\/2023\/02\/cropped-ciruclo-agencia-e1677562404136.png","contentUrl":"https:\/\/agencia.252.com.mx\/wp-content\/uploads\/2023\/02\/cropped-ciruclo-agencia-e1677562404136.png","width":512,"height":512,"caption":"Agencia252"},"image":{"@id":"https:\/\/agencia.252.com.mx\/home\/#\/schema\/logo\/image\/"},"sameAs":["https:\/\/www.facebook.com\/252Comunicacion\/","https:\/\/x.com\/252COMS"]},{"@type":"Person","@id":"https:\/\/agencia.252.com.mx\/home\/#\/schema\/person\/6b972021e9a92d45ade8c78d81509098","name":"Nacho Corro","image":{"@type":"ImageObject","inLanguage":"es","@id":"https:\/\/secure.gravatar.com\/avatar\/5db6df507cfe1307e192fbb498c6b85f1cf2ffd8b4cd37141b9eea588fcbd5a4?s=96&r=g","url":"https:\/\/secure.gravatar.com\/avatar\/5db6df507cfe1307e192fbb498c6b85f1cf2ffd8b4cd37141b9eea588fcbd5a4?s=96&r=g","contentUrl":"https:\/\/secure.gravatar.com\/avatar\/5db6df507cfe1307e192fbb498c6b85f1cf2ffd8b4cd37141b9eea588fcbd5a4?s=96&r=g","caption":"Nacho Corro"},"description":"Comunicador Social, Periodista y Administraci\u00f3n P\u00fablica. Conversador pol\u00edtico, temas electorales y seguridad. Generador de contenidos digitales. Amante de la fotograf\u00eda","sameAs":["https:\/\/www.facebook.com\/jcorroherrera\/","www.instagram.com\/nachocorro\/","https:\/\/x.com\/Juan Ignacio Corro Herrera"],"url":"https:\/\/agencia.252.com.mx\/home\/author\/i-corro\/"}]}},"_links":{"self":[{"href":"https:\/\/agencia.252.com.mx\/home\/wp-json\/wp\/v2\/posts\/16324","targetHints":{"allow":["GET"]}}],"collection":[{"href":"https:\/\/agencia.252.com.mx\/home\/wp-json\/wp\/v2\/posts"}],"about":[{"href":"https:\/\/agencia.252.com.mx\/home\/wp-json\/wp\/v2\/types\/post"}],"author":[{"embeddable":true,"href":"https:\/\/agencia.252.com.mx\/home\/wp-json\/wp\/v2\/users\/5"}],"replies":[{"embeddable":true,"href":"https:\/\/agencia.252.com.mx\/home\/wp-json\/wp\/v2\/comments?post=16324"}],"version-history":[{"count":1,"href":"https:\/\/agencia.252.com.mx\/home\/wp-json\/wp\/v2\/posts\/16324\/revisions"}],"predecessor-version":[{"id":16327,"href":"https:\/\/agencia.252.com.mx\/home\/wp-json\/wp\/v2\/posts\/16324\/revisions\/16327"}],"wp:featuredmedia":[{"embeddable":true,"href":"https:\/\/agencia.252.com.mx\/home\/wp-json\/wp\/v2\/media\/14029"}],"wp:attachment":[{"href":"https:\/\/agencia.252.com.mx\/home\/wp-json\/wp\/v2\/media?parent=16324"}],"wp:term":[{"taxonomy":"category","embeddable":true,"href":"https:\/\/agencia.252.com.mx\/home\/wp-json\/wp\/v2\/categories?post=16324"},{"taxonomy":"post_tag","embeddable":true,"href":"https:\/\/agencia.252.com.mx\/home\/wp-json\/wp\/v2\/tags?post=16324"}],"curies":[{"name":"wp","href":"https:\/\/api.w.org\/{rel}","templated":true}]}}