{"id":16316,"date":"2026-02-25T17:12:16","date_gmt":"2026-02-25T23:12:16","guid":{"rendered":"https:\/\/agencia.252.com.mx\/home\/?p=16316"},"modified":"2026-02-25T17:12:17","modified_gmt":"2026-02-25T23:12:17","slug":"atrae-ecatepec-a-nuevas-empresas","status":"publish","type":"post","link":"https:\/\/agencia.252.com.mx\/home\/atrae-ecatepec-a-nuevas-empresas\/","title":{"rendered":"Atrae Ecatepec a nuevas empresas"},"content":{"rendered":"<p>Visitas: 22<\/p>\n<ul class=\"wp-block-list\">\n<li><em>En 2025 capt\u00f3 inversi\u00f3n de 800 millones de pesos, con mil 786 fuentes de trabajo<\/em><\/li>\n\n\n\n<li><em>Realiza Jornada del Empleo<\/em><\/li>\n<\/ul>\n\n\n\n<p>Juan Ignacio Corro&nbsp;<\/p>\n\n\n\n<p class=\"has-text-align-right\">Ecatepec, Estado de M\u00e9xico, a 25 de febrero de 2026<\/p>\n\n\n\n<p>En 2025, Ecatepec capt\u00f3 800 millones de pesos de inversi\u00f3n con la instalaci\u00f3n de unas 75 empresas que generaron mil 786 empleos, inform\u00f3 Ang\u00e9lica Quijano Hern\u00e1ndez, directora de Desarrollo Econ\u00f3mico del gobierno municipal.<\/p>\n\n\n\n<p>Durante la Jornada del Empleo realizada en el exterior del palacio municipal, que reuni\u00f3 a decenas de solicitantes, Quijano Hern\u00e1ndez detall\u00f3 que este a\u00f1o se asentar\u00e1n grandes empresas en Ecatepec, como Coca Cola (Femsa), que construye un Centro de Distribuci\u00f3n que ofrecer\u00e1 mil 100 empleos, y Galletas Mari\u00e1n, con tres mil fuentes de trabajo.<\/p>\n\n\n\n<figure class=\"wp-block-gallery has-nested-images columns-default is-cropped wp-block-gallery-1 is-layout-flex wp-block-gallery-is-layout-flex\">\n<figure class=\"wp-block-image size-large\"><img fetchpriority=\"high\" decoding=\"async\" width=\"1024\" height=\"585\" data-id=\"16317\" src=\"https:\/\/agencia.252.com.mx\/wp-content\/uploads\/2026\/02\/WhatsApp-Image-2026-02-24-at-2.55.15-PM-3-1024x585.jpeg\" alt=\"\" class=\"wp-image-16317\" srcset=\"https:\/\/agencia.252.com.mx\/wp-content\/uploads\/2026\/02\/WhatsApp-Image-2026-02-24-at-2.55.15-PM-3-1024x585.jpeg 1024w, https:\/\/agencia.252.com.mx\/wp-content\/uploads\/2026\/02\/WhatsApp-Image-2026-02-24-at-2.55.15-PM-3-300x171.jpeg 300w, https:\/\/agencia.252.com.mx\/wp-content\/uploads\/2026\/02\/WhatsApp-Image-2026-02-24-at-2.55.15-PM-3-768x439.jpeg 768w, https:\/\/agencia.252.com.mx\/wp-content\/uploads\/2026\/02\/WhatsApp-Image-2026-02-24-at-2.55.15-PM-3-1536x877.jpeg 1536w, https:\/\/agencia.252.com.mx\/wp-content\/uploads\/2026\/02\/WhatsApp-Image-2026-02-24-at-2.55.15-PM-3.jpeg 1599w\" sizes=\"(max-width: 1024px) 100vw, 1024px\" \/><\/figure>\n\n\n\n<figure class=\"wp-block-image size-large\"><img decoding=\"async\" width=\"1024\" height=\"975\" data-id=\"16318\" src=\"https:\/\/agencia.252.com.mx\/wp-content\/uploads\/2026\/02\/WhatsApp-Image-2026-02-24-at-2.55.15-PM-1024x975.jpeg\" alt=\"\" class=\"wp-image-16318\" srcset=\"https:\/\/agencia.252.com.mx\/wp-content\/uploads\/2026\/02\/WhatsApp-Image-2026-02-24-at-2.55.15-PM-1024x975.jpeg 1024w, https:\/\/agencia.252.com.mx\/wp-content\/uploads\/2026\/02\/WhatsApp-Image-2026-02-24-at-2.55.15-PM-300x286.jpeg 300w, https:\/\/agencia.252.com.mx\/wp-content\/uploads\/2026\/02\/WhatsApp-Image-2026-02-24-at-2.55.15-PM-768x731.jpeg 768w, https:\/\/agencia.252.com.mx\/wp-content\/uploads\/2026\/02\/WhatsApp-Image-2026-02-24-at-2.55.15-PM.jpeg 1395w\" sizes=\"(max-width: 1024px) 100vw, 1024px\" \/><\/figure>\n<\/figure>\n\n\n\n<p>Asegur\u00f3 que la alcaldesa Azucena Cisneros Coss impulsa la actividad econ\u00f3mica y \u201chan llegado nuevas inversiones, con la confianza de que aqu\u00ed en Ecatepec van a encontrar mano de obra calificada e incentivos fiscales, entre otras muchas cosas que les estamos brindando\u201d.<\/p>\n\n\n\n<p>Quijano Hern\u00e1ndez detall\u00f3 que el municipio tiene unas 92 mil unidades econ\u00f3micas, entre comercios y peque\u00f1as y grandes empresas, lo que lo ubica entre los m\u00e1s importantes de la entidad en desarrollo econ\u00f3mico.<\/p>\n\n\n\n<p>Este d\u00eda se realiz\u00f3 la Jornada del Empleo Ecatepec 2026, que continuar\u00e1 el 25 de febrero, donde cinco importantes empresas ofrecen vacantes a habitantes de la localidad, adem\u00e1s de que este a\u00f1o efectuar\u00e1n ferias itinerantes para acercar las vacantes a las diferentes regiones del municipio.<\/p>\n\n\n\n<p>En la Jornada del Empleo participan Coca Cola (Femsa), Kimberly Clark, Transportes ADO, Grupo Reyma y Tiendas Neto, que atendieron a decenas de solicitantes.<\/p>\n\n\n\n<p>Julio Eduardo Flores Guti\u00e9rrez, de 25 a\u00f1os de edad y habitante de la colonia Los Bordos, egresado de la licenciatura en Pedagog\u00eda, consider\u00f3 acertado que el gobierno municipal realice este tipo de eventos, pues ha tenido dificultades para conseguir trabajo, sobre todo porque en la mayor\u00eda de empresas exigen experiencia.<\/p>\n\n\n\n<p>Jos\u00e9 Ricardo S\u00e1nchez Garc\u00eda, de 37 a\u00f1os de edad y vecino de la colonia Luis Donaldo Colosio, relat\u00f3 que se enter\u00f3 v\u00eda WhatsApp&nbsp;&nbsp;vecinal sobre la Jornada del Empleo y \u201cvenimos a probar suerte\u201d.<\/p>\n","protected":false},"excerpt":{"rendered":"<p>Visitas: 22 Juan Ignacio Corro&nbsp; Ecatepec, Estado de M\u00e9xico, a 25 de febrero de 2026 En 2025, Ecatepec capt\u00f3 800 millones de pesos de inversi\u00f3n con la instalaci\u00f3n de unas 75 empresas que generaron mil 786 empleos, inform\u00f3 Ang\u00e9lica Quijano Hern\u00e1ndez, directora de Desarrollo Econ\u00f3mico del gobierno municipal. Durante la Jornada del Empleo realizada en [&hellip;]<\/p>\n","protected":false},"author":5,"featured_media":16317,"comment_status":"open","ping_status":"open","sticky":false,"template":"","format":"standard","meta":{"site-sidebar-layout":"default","site-content-layout":"","ast-site-content-layout":"default","site-content-style":"default","site-sidebar-style":"default","ast-global-header-display":"","ast-banner-title-visibility":"","ast-main-header-display":"","ast-hfb-above-header-display":"","ast-hfb-below-header-display":"","ast-hfb-mobile-header-display":"","site-post-title":"","ast-breadcrumbs-content":"","ast-featured-img":"","footer-sml-layout":"","ast-disable-related-posts":"","theme-transparent-header-meta":"","adv-header-id-meta":"","stick-header-meta":"","header-above-stick-meta":"","header-main-stick-meta":"","header-below-stick-meta":"","astra-migrate-meta-layouts":"set","ast-page-background-enabled":"default","ast-page-background-meta":{"desktop":{"background-color":"var(--ast-global-color-4)","background-image":"","background-repeat":"repeat","background-position":"center center","background-size":"auto","background-attachment":"scroll","background-type":"","background-media":"","overlay-type":"","overlay-color":"","overlay-opacity":"","overlay-gradient":""},"tablet":{"background-color":"","background-image":"","background-repeat":"repeat","background-position":"center center","background-size":"auto","background-attachment":"scroll","background-type":"","background-media":"","overlay-type":"","overlay-color":"","overlay-opacity":"","overlay-gradient":""},"mobile":{"background-color":"","background-image":"","background-repeat":"repeat","background-position":"center center","background-size":"auto","background-attachment":"scroll","background-type":"","background-media":"","overlay-type":"","overlay-color":"","overlay-opacity":"","overlay-gradient":""}},"ast-content-background-meta":{"desktop":{"background-color":"var(--ast-global-color-5)","background-image":"","background-repeat":"repeat","background-position":"center center","background-size":"auto","background-attachment":"scroll","background-type":"","background-media":"","overlay-type":"","overlay-color":"","overlay-opacity":"","overlay-gradient":""},"tablet":{"background-color":"var(--ast-global-color-5)","background-image":"","background-repeat":"repeat","background-position":"center center","background-size":"auto","background-attachment":"scroll","background-type":"","background-media":"","overlay-type":"","overlay-color":"","overlay-opacity":"","overlay-gradient":""},"mobile":{"background-color":"var(--ast-global-color-5)","background-image":"","background-repeat":"repeat","background-position":"center center","background-size":"auto","background-attachment":"scroll","background-type":"","background-media":"","overlay-type":"","overlay-color":"","overlay-opacity":"","overlay-gradient":""}},"footnotes":""},"categories":[38,8,512],"tags":[526],"class_list":["post-16316","post","type-post","status-publish","format-standard","has-post-thumbnail","hentry","category-ecatepec","category-edomex","category-metropoli","tag-edomex"],"yoast_head":"<!-- This site is optimized with the Yoast SEO plugin v27.4 - https:\/\/yoast.com\/product\/yoast-seo-wordpress\/ -->\n<title>Atrae Ecatepec a nuevas empresas - Agencia252<\/title>\n<meta name=\"robots\" content=\"index, follow, max-snippet:-1, max-image-preview:large, max-video-preview:-1\" \/>\n<link rel=\"canonical\" href=\"https:\/\/agencia.252.com.mx\/home\/atrae-ecatepec-a-nuevas-empresas\/\" \/>\n<meta property=\"og:locale\" content=\"es_ES\" \/>\n<meta property=\"og:type\" content=\"article\" \/>\n<meta property=\"og:title\" content=\"Atrae Ecatepec a nuevas empresas - Agencia252\" \/>\n<meta property=\"og:description\" content=\"Visitas: 22 Juan Ignacio Corro&nbsp; Ecatepec, Estado de M\u00e9xico, a 25 de febrero de 2026 En 2025, Ecatepec capt\u00f3 800 millones de pesos de inversi\u00f3n con la instalaci\u00f3n de unas 75 empresas que generaron mil 786 empleos, inform\u00f3 Ang\u00e9lica Quijano Hern\u00e1ndez, directora de Desarrollo Econ\u00f3mico del gobierno municipal. Durante la Jornada del Empleo realizada en [&hellip;]\" \/>\n<meta property=\"og:url\" content=\"https:\/\/agencia.252.com.mx\/home\/atrae-ecatepec-a-nuevas-empresas\/\" \/>\n<meta property=\"og:site_name\" content=\"Agencia252\" \/>\n<meta property=\"article:publisher\" content=\"https:\/\/www.facebook.com\/252Comunicacion\/\" \/>\n<meta property=\"article:author\" content=\"https:\/\/www.facebook.com\/jcorroherrera\/\" \/>\n<meta property=\"article:published_time\" content=\"2026-02-25T23:12:16+00:00\" \/>\n<meta property=\"article:modified_time\" content=\"2026-02-25T23:12:17+00:00\" \/>\n<meta property=\"og:image\" content=\"http:\/\/agencia.252.com.mx\/wp-content\/uploads\/2026\/02\/WhatsApp-Image-2026-02-24-at-2.55.15-PM-3.jpeg\" \/>\n\t<meta property=\"og:image:width\" content=\"1599\" \/>\n\t<meta property=\"og:image:height\" content=\"913\" \/>\n\t<meta property=\"og:image:type\" content=\"image\/jpeg\" \/>\n<meta name=\"author\" content=\"Nacho Corro\" \/>\n<meta name=\"twitter:card\" content=\"summary_large_image\" \/>\n<meta name=\"twitter:creator\" content=\"@Juan Ignacio Corro Herrera\" \/>\n<meta name=\"twitter:site\" content=\"@252COMS\" \/>\n<meta name=\"twitter:label1\" content=\"Escrito por\" \/>\n\t<meta name=\"twitter:data1\" content=\"Nacho Corro\" \/>\n\t<meta name=\"twitter:label2\" content=\"Tiempo de lectura\" \/>\n\t<meta name=\"twitter:data2\" content=\"3 minutos\" \/>\n<script type=\"application\/ld+json\" class=\"yoast-schema-graph\">{\"@context\":\"https:\\\/\\\/schema.org\",\"@graph\":[{\"@type\":\"Article\",\"@id\":\"https:\\\/\\\/agencia.252.com.mx\\\/home\\\/atrae-ecatepec-a-nuevas-empresas\\\/#article\",\"isPartOf\":{\"@id\":\"https:\\\/\\\/agencia.252.com.mx\\\/home\\\/atrae-ecatepec-a-nuevas-empresas\\\/\"},\"author\":{\"name\":\"Nacho Corro\",\"@id\":\"https:\\\/\\\/agencia.252.com.mx\\\/home\\\/#\\\/schema\\\/person\\\/6b972021e9a92d45ade8c78d81509098\"},\"headline\":\"Atrae Ecatepec a nuevas empresas\",\"datePublished\":\"2026-02-25T23:12:16+00:00\",\"dateModified\":\"2026-02-25T23:12:17+00:00\",\"mainEntityOfPage\":{\"@id\":\"https:\\\/\\\/agencia.252.com.mx\\\/home\\\/atrae-ecatepec-a-nuevas-empresas\\\/\"},\"wordCount\":370,\"commentCount\":0,\"publisher\":{\"@id\":\"https:\\\/\\\/agencia.252.com.mx\\\/home\\\/#organization\"},\"image\":{\"@id\":\"https:\\\/\\\/agencia.252.com.mx\\\/home\\\/atrae-ecatepec-a-nuevas-empresas\\\/#primaryimage\"},\"thumbnailUrl\":\"https:\\\/\\\/agencia.252.com.mx\\\/wp-content\\\/uploads\\\/2026\\\/02\\\/WhatsApp-Image-2026-02-24-at-2.55.15-PM-3.jpeg\",\"keywords\":[\"Edomex\"],\"articleSection\":[\"Ecatepec\",\"Edomex\",\"Metropoli\"],\"inLanguage\":\"es\",\"potentialAction\":[{\"@type\":\"CommentAction\",\"name\":\"Comment\",\"target\":[\"https:\\\/\\\/agencia.252.com.mx\\\/home\\\/atrae-ecatepec-a-nuevas-empresas\\\/#respond\"]}]},{\"@type\":\"WebPage\",\"@id\":\"https:\\\/\\\/agencia.252.com.mx\\\/home\\\/atrae-ecatepec-a-nuevas-empresas\\\/\",\"url\":\"https:\\\/\\\/agencia.252.com.mx\\\/home\\\/atrae-ecatepec-a-nuevas-empresas\\\/\",\"name\":\"Atrae Ecatepec a nuevas empresas - Agencia252\",\"isPartOf\":{\"@id\":\"https:\\\/\\\/agencia.252.com.mx\\\/home\\\/#website\"},\"primaryImageOfPage\":{\"@id\":\"https:\\\/\\\/agencia.252.com.mx\\\/home\\\/atrae-ecatepec-a-nuevas-empresas\\\/#primaryimage\"},\"image\":{\"@id\":\"https:\\\/\\\/agencia.252.com.mx\\\/home\\\/atrae-ecatepec-a-nuevas-empresas\\\/#primaryimage\"},\"thumbnailUrl\":\"https:\\\/\\\/agencia.252.com.mx\\\/wp-content\\\/uploads\\\/2026\\\/02\\\/WhatsApp-Image-2026-02-24-at-2.55.15-PM-3.jpeg\",\"datePublished\":\"2026-02-25T23:12:16+00:00\",\"dateModified\":\"2026-02-25T23:12:17+00:00\",\"breadcrumb\":{\"@id\":\"https:\\\/\\\/agencia.252.com.mx\\\/home\\\/atrae-ecatepec-a-nuevas-empresas\\\/#breadcrumb\"},\"inLanguage\":\"es\",\"potentialAction\":[{\"@type\":\"ReadAction\",\"target\":[\"https:\\\/\\\/agencia.252.com.mx\\\/home\\\/atrae-ecatepec-a-nuevas-empresas\\\/\"]}]},{\"@type\":\"ImageObject\",\"inLanguage\":\"es\",\"@id\":\"https:\\\/\\\/agencia.252.com.mx\\\/home\\\/atrae-ecatepec-a-nuevas-empresas\\\/#primaryimage\",\"url\":\"https:\\\/\\\/agencia.252.com.mx\\\/wp-content\\\/uploads\\\/2026\\\/02\\\/WhatsApp-Image-2026-02-24-at-2.55.15-PM-3.jpeg\",\"contentUrl\":\"https:\\\/\\\/agencia.252.com.mx\\\/wp-content\\\/uploads\\\/2026\\\/02\\\/WhatsApp-Image-2026-02-24-at-2.55.15-PM-3.jpeg\",\"width\":1599,\"height\":913},{\"@type\":\"BreadcrumbList\",\"@id\":\"https:\\\/\\\/agencia.252.com.mx\\\/home\\\/atrae-ecatepec-a-nuevas-empresas\\\/#breadcrumb\",\"itemListElement\":[{\"@type\":\"ListItem\",\"position\":1,\"name\":\"Portada\",\"item\":\"https:\\\/\\\/agencia.252.com.mx\\\/home\\\/\"},{\"@type\":\"ListItem\",\"position\":2,\"name\":\"Atrae Ecatepec a nuevas empresas\"}]},{\"@type\":\"WebSite\",\"@id\":\"https:\\\/\\\/agencia.252.com.mx\\\/home\\\/#website\",\"url\":\"https:\\\/\\\/agencia.252.com.mx\\\/home\\\/\",\"name\":\"Agencia252\",\"description\":\"Tu espacio en la Red\",\"publisher\":{\"@id\":\"https:\\\/\\\/agencia.252.com.mx\\\/home\\\/#organization\"},\"potentialAction\":[{\"@type\":\"SearchAction\",\"target\":{\"@type\":\"EntryPoint\",\"urlTemplate\":\"https:\\\/\\\/agencia.252.com.mx\\\/home\\\/?s={search_term_string}\"},\"query-input\":{\"@type\":\"PropertyValueSpecification\",\"valueRequired\":true,\"valueName\":\"search_term_string\"}}],\"inLanguage\":\"es\"},{\"@type\":\"Organization\",\"@id\":\"https:\\\/\\\/agencia.252.com.mx\\\/home\\\/#organization\",\"name\":\"Agencia252\",\"url\":\"https:\\\/\\\/agencia.252.com.mx\\\/home\\\/\",\"logo\":{\"@type\":\"ImageObject\",\"inLanguage\":\"es\",\"@id\":\"https:\\\/\\\/agencia.252.com.mx\\\/home\\\/#\\\/schema\\\/logo\\\/image\\\/\",\"url\":\"https:\\\/\\\/agencia.252.com.mx\\\/wp-content\\\/uploads\\\/2023\\\/02\\\/cropped-ciruclo-agencia-e1677562404136.png\",\"contentUrl\":\"https:\\\/\\\/agencia.252.com.mx\\\/wp-content\\\/uploads\\\/2023\\\/02\\\/cropped-ciruclo-agencia-e1677562404136.png\",\"width\":512,\"height\":512,\"caption\":\"Agencia252\"},\"image\":{\"@id\":\"https:\\\/\\\/agencia.252.com.mx\\\/home\\\/#\\\/schema\\\/logo\\\/image\\\/\"},\"sameAs\":[\"https:\\\/\\\/www.facebook.com\\\/252Comunicacion\\\/\",\"https:\\\/\\\/x.com\\\/252COMS\"]},{\"@type\":\"Person\",\"@id\":\"https:\\\/\\\/agencia.252.com.mx\\\/home\\\/#\\\/schema\\\/person\\\/6b972021e9a92d45ade8c78d81509098\",\"name\":\"Nacho Corro\",\"image\":{\"@type\":\"ImageObject\",\"inLanguage\":\"es\",\"@id\":\"https:\\\/\\\/secure.gravatar.com\\\/avatar\\\/5db6df507cfe1307e192fbb498c6b85f1cf2ffd8b4cd37141b9eea588fcbd5a4?s=96&r=g\",\"url\":\"https:\\\/\\\/secure.gravatar.com\\\/avatar\\\/5db6df507cfe1307e192fbb498c6b85f1cf2ffd8b4cd37141b9eea588fcbd5a4?s=96&r=g\",\"contentUrl\":\"https:\\\/\\\/secure.gravatar.com\\\/avatar\\\/5db6df507cfe1307e192fbb498c6b85f1cf2ffd8b4cd37141b9eea588fcbd5a4?s=96&r=g\",\"caption\":\"Nacho Corro\"},\"description\":\"Comunicador Social, Periodista y Administraci\u00f3n P\u00fablica. Conversador pol\u00edtico, temas electorales y seguridad. Generador de contenidos digitales. Amante de la fotograf\u00eda\",\"sameAs\":[\"https:\\\/\\\/www.facebook.com\\\/jcorroherrera\\\/\",\"www.instagram.com\\\/nachocorro\\\/\",\"https:\\\/\\\/x.com\\\/Juan Ignacio Corro Herrera\"],\"url\":\"https:\\\/\\\/agencia.252.com.mx\\\/home\\\/author\\\/i-corro\\\/\"}]}<\/script>\n<!-- \/ Yoast SEO plugin. -->","yoast_head_json":{"title":"Atrae Ecatepec a nuevas empresas - Agencia252","robots":{"index":"index","follow":"follow","max-snippet":"max-snippet:-1","max-image-preview":"max-image-preview:large","max-video-preview":"max-video-preview:-1"},"canonical":"https:\/\/agencia.252.com.mx\/home\/atrae-ecatepec-a-nuevas-empresas\/","og_locale":"es_ES","og_type":"article","og_title":"Atrae Ecatepec a nuevas empresas - Agencia252","og_description":"Visitas: 22 Juan Ignacio Corro&nbsp; Ecatepec, Estado de M\u00e9xico, a 25 de febrero de 2026 En 2025, Ecatepec capt\u00f3 800 millones de pesos de inversi\u00f3n con la instalaci\u00f3n de unas 75 empresas que generaron mil 786 empleos, inform\u00f3 Ang\u00e9lica Quijano Hern\u00e1ndez, directora de Desarrollo Econ\u00f3mico del gobierno municipal. Durante la Jornada del Empleo realizada en [&hellip;]","og_url":"https:\/\/agencia.252.com.mx\/home\/atrae-ecatepec-a-nuevas-empresas\/","og_site_name":"Agencia252","article_publisher":"https:\/\/www.facebook.com\/252Comunicacion\/","article_author":"https:\/\/www.facebook.com\/jcorroherrera\/","article_published_time":"2026-02-25T23:12:16+00:00","article_modified_time":"2026-02-25T23:12:17+00:00","og_image":[{"width":1599,"height":913,"url":"http:\/\/agencia.252.com.mx\/wp-content\/uploads\/2026\/02\/WhatsApp-Image-2026-02-24-at-2.55.15-PM-3.jpeg","type":"image\/jpeg"}],"author":"Nacho Corro","twitter_card":"summary_large_image","twitter_creator":"@Juan Ignacio Corro Herrera","twitter_site":"@252COMS","twitter_misc":{"Escrito por":"Nacho Corro","Tiempo de lectura":"3 minutos"},"schema":{"@context":"https:\/\/schema.org","@graph":[{"@type":"Article","@id":"https:\/\/agencia.252.com.mx\/home\/atrae-ecatepec-a-nuevas-empresas\/#article","isPartOf":{"@id":"https:\/\/agencia.252.com.mx\/home\/atrae-ecatepec-a-nuevas-empresas\/"},"author":{"name":"Nacho Corro","@id":"https:\/\/agencia.252.com.mx\/home\/#\/schema\/person\/6b972021e9a92d45ade8c78d81509098"},"headline":"Atrae Ecatepec a nuevas empresas","datePublished":"2026-02-25T23:12:16+00:00","dateModified":"2026-02-25T23:12:17+00:00","mainEntityOfPage":{"@id":"https:\/\/agencia.252.com.mx\/home\/atrae-ecatepec-a-nuevas-empresas\/"},"wordCount":370,"commentCount":0,"publisher":{"@id":"https:\/\/agencia.252.com.mx\/home\/#organization"},"image":{"@id":"https:\/\/agencia.252.com.mx\/home\/atrae-ecatepec-a-nuevas-empresas\/#primaryimage"},"thumbnailUrl":"https:\/\/agencia.252.com.mx\/wp-content\/uploads\/2026\/02\/WhatsApp-Image-2026-02-24-at-2.55.15-PM-3.jpeg","keywords":["Edomex"],"articleSection":["Ecatepec","Edomex","Metropoli"],"inLanguage":"es","potentialAction":[{"@type":"CommentAction","name":"Comment","target":["https:\/\/agencia.252.com.mx\/home\/atrae-ecatepec-a-nuevas-empresas\/#respond"]}]},{"@type":"WebPage","@id":"https:\/\/agencia.252.com.mx\/home\/atrae-ecatepec-a-nuevas-empresas\/","url":"https:\/\/agencia.252.com.mx\/home\/atrae-ecatepec-a-nuevas-empresas\/","name":"Atrae Ecatepec a nuevas empresas - Agencia252","isPartOf":{"@id":"https:\/\/agencia.252.com.mx\/home\/#website"},"primaryImageOfPage":{"@id":"https:\/\/agencia.252.com.mx\/home\/atrae-ecatepec-a-nuevas-empresas\/#primaryimage"},"image":{"@id":"https:\/\/agencia.252.com.mx\/home\/atrae-ecatepec-a-nuevas-empresas\/#primaryimage"},"thumbnailUrl":"https:\/\/agencia.252.com.mx\/wp-content\/uploads\/2026\/02\/WhatsApp-Image-2026-02-24-at-2.55.15-PM-3.jpeg","datePublished":"2026-02-25T23:12:16+00:00","dateModified":"2026-02-25T23:12:17+00:00","breadcrumb":{"@id":"https:\/\/agencia.252.com.mx\/home\/atrae-ecatepec-a-nuevas-empresas\/#breadcrumb"},"inLanguage":"es","potentialAction":[{"@type":"ReadAction","target":["https:\/\/agencia.252.com.mx\/home\/atrae-ecatepec-a-nuevas-empresas\/"]}]},{"@type":"ImageObject","inLanguage":"es","@id":"https:\/\/agencia.252.com.mx\/home\/atrae-ecatepec-a-nuevas-empresas\/#primaryimage","url":"https:\/\/agencia.252.com.mx\/wp-content\/uploads\/2026\/02\/WhatsApp-Image-2026-02-24-at-2.55.15-PM-3.jpeg","contentUrl":"https:\/\/agencia.252.com.mx\/wp-content\/uploads\/2026\/02\/WhatsApp-Image-2026-02-24-at-2.55.15-PM-3.jpeg","width":1599,"height":913},{"@type":"BreadcrumbList","@id":"https:\/\/agencia.252.com.mx\/home\/atrae-ecatepec-a-nuevas-empresas\/#breadcrumb","itemListElement":[{"@type":"ListItem","position":1,"name":"Portada","item":"https:\/\/agencia.252.com.mx\/home\/"},{"@type":"ListItem","position":2,"name":"Atrae Ecatepec a nuevas empresas"}]},{"@type":"WebSite","@id":"https:\/\/agencia.252.com.mx\/home\/#website","url":"https:\/\/agencia.252.com.mx\/home\/","name":"Agencia252","description":"Tu espacio en la Red","publisher":{"@id":"https:\/\/agencia.252.com.mx\/home\/#organization"},"potentialAction":[{"@type":"SearchAction","target":{"@type":"EntryPoint","urlTemplate":"https:\/\/agencia.252.com.mx\/home\/?s={search_term_string}"},"query-input":{"@type":"PropertyValueSpecification","valueRequired":true,"valueName":"search_term_string"}}],"inLanguage":"es"},{"@type":"Organization","@id":"https:\/\/agencia.252.com.mx\/home\/#organization","name":"Agencia252","url":"https:\/\/agencia.252.com.mx\/home\/","logo":{"@type":"ImageObject","inLanguage":"es","@id":"https:\/\/agencia.252.com.mx\/home\/#\/schema\/logo\/image\/","url":"https:\/\/agencia.252.com.mx\/wp-content\/uploads\/2023\/02\/cropped-ciruclo-agencia-e1677562404136.png","contentUrl":"https:\/\/agencia.252.com.mx\/wp-content\/uploads\/2023\/02\/cropped-ciruclo-agencia-e1677562404136.png","width":512,"height":512,"caption":"Agencia252"},"image":{"@id":"https:\/\/agencia.252.com.mx\/home\/#\/schema\/logo\/image\/"},"sameAs":["https:\/\/www.facebook.com\/252Comunicacion\/","https:\/\/x.com\/252COMS"]},{"@type":"Person","@id":"https:\/\/agencia.252.com.mx\/home\/#\/schema\/person\/6b972021e9a92d45ade8c78d81509098","name":"Nacho Corro","image":{"@type":"ImageObject","inLanguage":"es","@id":"https:\/\/secure.gravatar.com\/avatar\/5db6df507cfe1307e192fbb498c6b85f1cf2ffd8b4cd37141b9eea588fcbd5a4?s=96&r=g","url":"https:\/\/secure.gravatar.com\/avatar\/5db6df507cfe1307e192fbb498c6b85f1cf2ffd8b4cd37141b9eea588fcbd5a4?s=96&r=g","contentUrl":"https:\/\/secure.gravatar.com\/avatar\/5db6df507cfe1307e192fbb498c6b85f1cf2ffd8b4cd37141b9eea588fcbd5a4?s=96&r=g","caption":"Nacho Corro"},"description":"Comunicador Social, Periodista y Administraci\u00f3n P\u00fablica. Conversador pol\u00edtico, temas electorales y seguridad. Generador de contenidos digitales. Amante de la fotograf\u00eda","sameAs":["https:\/\/www.facebook.com\/jcorroherrera\/","www.instagram.com\/nachocorro\/","https:\/\/x.com\/Juan Ignacio Corro Herrera"],"url":"https:\/\/agencia.252.com.mx\/home\/author\/i-corro\/"}]}},"_links":{"self":[{"href":"https:\/\/agencia.252.com.mx\/home\/wp-json\/wp\/v2\/posts\/16316","targetHints":{"allow":["GET"]}}],"collection":[{"href":"https:\/\/agencia.252.com.mx\/home\/wp-json\/wp\/v2\/posts"}],"about":[{"href":"https:\/\/agencia.252.com.mx\/home\/wp-json\/wp\/v2\/types\/post"}],"author":[{"embeddable":true,"href":"https:\/\/agencia.252.com.mx\/home\/wp-json\/wp\/v2\/users\/5"}],"replies":[{"embeddable":true,"href":"https:\/\/agencia.252.com.mx\/home\/wp-json\/wp\/v2\/comments?post=16316"}],"version-history":[{"count":1,"href":"https:\/\/agencia.252.com.mx\/home\/wp-json\/wp\/v2\/posts\/16316\/revisions"}],"predecessor-version":[{"id":16319,"href":"https:\/\/agencia.252.com.mx\/home\/wp-json\/wp\/v2\/posts\/16316\/revisions\/16319"}],"wp:featuredmedia":[{"embeddable":true,"href":"https:\/\/agencia.252.com.mx\/home\/wp-json\/wp\/v2\/media\/16317"}],"wp:attachment":[{"href":"https:\/\/agencia.252.com.mx\/home\/wp-json\/wp\/v2\/media?parent=16316"}],"wp:term":[{"taxonomy":"category","embeddable":true,"href":"https:\/\/agencia.252.com.mx\/home\/wp-json\/wp\/v2\/categories?post=16316"},{"taxonomy":"post_tag","embeddable":true,"href":"https:\/\/agencia.252.com.mx\/home\/wp-json\/wp\/v2\/tags?post=16316"}],"curies":[{"name":"wp","href":"https:\/\/api.w.org\/{rel}","templated":true}]}}