{"id":16309,"date":"2026-02-25T15:29:46","date_gmt":"2026-02-25T21:29:46","guid":{"rendered":"https:\/\/agencia.252.com.mx\/home\/?p=16309"},"modified":"2026-02-25T15:29:47","modified_gmt":"2026-02-25T21:29:47","slug":"fortalecer-la-educacion-desde-el-hogar-fundamental-para-abonar-a-la-seguridad-afirma-pedro-rodriguez","status":"publish","type":"post","link":"https:\/\/agencia.252.com.mx\/home\/fortalecer-la-educacion-desde-el-hogar-fundamental-para-abonar-a-la-seguridad-afirma-pedro-rodriguez\/","title":{"rendered":"Fortalecer la educaci\u00f3n desde el hogar, fundamental para abonar a la seguridad afirma Pedro Rodriguez"},"content":{"rendered":"<p>Visitas: 18<\/p>\n<ul class=\"wp-block-list\">\n<li><em>El alejamiento de los padres de familia para con sus hijos son motivo para la creaci\u00f3n de posibles delincuentes<\/em><\/li>\n<\/ul>\n\n\n\n<p>Juan Ignacio Corro&nbsp;<\/p>\n\n\n\n<p class=\"has-text-align-right\">Atizap\u00e1n, Estado de M\u00e9xico, a 25 de febrero de 2026<\/p>\n\n\n\n<p>Para el alcalde de Atizap\u00e1n Pedro Rodriguez el alejamiento de los padres de familia para con sus hijos son motivo para la creaci\u00f3n de posibles delincuentes, por lo que exhort\u00f3 a los padres de familia a mantenerse cercanos a sus hijos, a fin de fortalecer la seguridad desde el n\u00facleo familiar<\/p>\n\n\n\n<p>Al entregar la construcci\u00f3n de un arcotecho en la Preparatoria Oficial y en el Jard\u00edn de Ni\u00f1os Anexa a la Normal, el Presidente Municipal, Pedro Rodr\u00edguez Villegas, el edil diserto sobre relaci\u00f3n de la seguridad y&nbsp;&nbsp;la familia.<\/p>\n\n\n\n<p>\u201cA veces nos quejamos de la falta de seguridad; yo solo les recuerdo que detr\u00e1s de cada delincuente existe una familia que no supo formar adecuadamente a sus hijos, porque la formaci\u00f3n desde el hogar es primordial para que ni\u00f1as, ni\u00f1os y j\u00f3venes se conviertan en adultos respetuosos, responsables y cumplidos con sus obligaciones\u201d, afirm\u00f3 el Alcalde.<\/p>\n\n\n\n<p>Acompa\u00f1ado de la Presidenta Honoraria del DIF, Paty Ar\u00e9valo, Pedro Rodr\u00edguez destac\u00f3 que desde el gobierno se han impulsado acciones que abonan a la formaci\u00f3n de la ni\u00f1ez y juventud, tales como becas educativas y una mejor infraestructura para garantizar una educaci\u00f3n de calidad.<\/p>\n\n\n\n<p>Ejemplo de ello es este centro educativo, donde adem\u00e1s de los nuevos arcotechos con los que las y los estudiantes podr\u00e1n desarrollar sus actividades f\u00edsicas protegidos del sol, previamente se entregaron dos aulas digitales en la secundaria, una en la preparatoria y una m\u00e1s en la Normal, adem\u00e1s de computadoras para el turno matutino.<\/p>\n\n\n\n<p>\u201cEstoy muy contento de estar aqu\u00ed entregando obras que benefician a todas y todos ustedes. Ya tuvimos la oportunidad, en fechas anteriores, de apoyar a este plantel y hoy regresamos para continuar respaldando a la educaci\u00f3n, porque somos un gobierno comprometido con ella\u201d, se\u00f1al\u00f3 el Alcalde.<\/p>\n","protected":false},"excerpt":{"rendered":"<p>Visitas: 18 Juan Ignacio Corro&nbsp; Atizap\u00e1n, Estado de M\u00e9xico, a 25 de febrero de 2026 Para el alcalde de Atizap\u00e1n Pedro Rodriguez el alejamiento de los padres de familia para con sus hijos son motivo para la creaci\u00f3n de posibles delincuentes, por lo que exhort\u00f3 a los padres de familia a mantenerse cercanos a sus [&hellip;]<\/p>\n","protected":false},"author":5,"featured_media":16310,"comment_status":"open","ping_status":"open","sticky":false,"template":"","format":"standard","meta":{"site-sidebar-layout":"default","site-content-layout":"","ast-site-content-layout":"default","site-content-style":"default","site-sidebar-style":"default","ast-global-header-display":"","ast-banner-title-visibility":"","ast-main-header-display":"","ast-hfb-above-header-display":"","ast-hfb-below-header-display":"","ast-hfb-mobile-header-display":"","site-post-title":"","ast-breadcrumbs-content":"","ast-featured-img":"","footer-sml-layout":"","ast-disable-related-posts":"","theme-transparent-header-meta":"","adv-header-id-meta":"","stick-header-meta":"","header-above-stick-meta":"","header-main-stick-meta":"","header-below-stick-meta":"","astra-migrate-meta-layouts":"set","ast-page-background-enabled":"default","ast-page-background-meta":{"desktop":{"background-color":"var(--ast-global-color-4)","background-image":"","background-repeat":"repeat","background-position":"center center","background-size":"auto","background-attachment":"scroll","background-type":"","background-media":"","overlay-type":"","overlay-color":"","overlay-opacity":"","overlay-gradient":""},"tablet":{"background-color":"","background-image":"","background-repeat":"repeat","background-position":"center center","background-size":"auto","background-attachment":"scroll","background-type":"","background-media":"","overlay-type":"","overlay-color":"","overlay-opacity":"","overlay-gradient":""},"mobile":{"background-color":"","background-image":"","background-repeat":"repeat","background-position":"center center","background-size":"auto","background-attachment":"scroll","background-type":"","background-media":"","overlay-type":"","overlay-color":"","overlay-opacity":"","overlay-gradient":""}},"ast-content-background-meta":{"desktop":{"background-color":"var(--ast-global-color-5)","background-image":"","background-repeat":"repeat","background-position":"center center","background-size":"auto","background-attachment":"scroll","background-type":"","background-media":"","overlay-type":"","overlay-color":"","overlay-opacity":"","overlay-gradient":""},"tablet":{"background-color":"var(--ast-global-color-5)","background-image":"","background-repeat":"repeat","background-position":"center center","background-size":"auto","background-attachment":"scroll","background-type":"","background-media":"","overlay-type":"","overlay-color":"","overlay-opacity":"","overlay-gradient":""},"mobile":{"background-color":"var(--ast-global-color-5)","background-image":"","background-repeat":"repeat","background-position":"center center","background-size":"auto","background-attachment":"scroll","background-type":"","background-media":"","overlay-type":"","overlay-color":"","overlay-opacity":"","overlay-gradient":""}},"footnotes":""},"categories":[58,8,512],"tags":[526],"class_list":["post-16309","post","type-post","status-publish","format-standard","has-post-thumbnail","hentry","category-atizapan","category-edomex","category-metropoli","tag-edomex"],"yoast_head":"<!-- This site is optimized with the Yoast SEO plugin v27.4 - https:\/\/yoast.com\/product\/yoast-seo-wordpress\/ -->\n<title>Fortalecer la educaci\u00f3n desde el hogar, fundamental para abonar a la seguridad afirma Pedro Rodriguez - Agencia252<\/title>\n<meta name=\"robots\" content=\"index, follow, max-snippet:-1, max-image-preview:large, max-video-preview:-1\" \/>\n<link rel=\"canonical\" href=\"https:\/\/agencia.252.com.mx\/home\/fortalecer-la-educacion-desde-el-hogar-fundamental-para-abonar-a-la-seguridad-afirma-pedro-rodriguez\/\" \/>\n<meta property=\"og:locale\" content=\"es_ES\" \/>\n<meta property=\"og:type\" content=\"article\" \/>\n<meta property=\"og:title\" content=\"Fortalecer la educaci\u00f3n desde el hogar, fundamental para abonar a la seguridad afirma Pedro Rodriguez - Agencia252\" \/>\n<meta property=\"og:description\" content=\"Visitas: 18 Juan Ignacio Corro&nbsp; Atizap\u00e1n, Estado de M\u00e9xico, a 25 de febrero de 2026 Para el alcalde de Atizap\u00e1n Pedro Rodriguez el alejamiento de los padres de familia para con sus hijos son motivo para la creaci\u00f3n de posibles delincuentes, por lo que exhort\u00f3 a los padres de familia a mantenerse cercanos a sus [&hellip;]\" \/>\n<meta property=\"og:url\" content=\"https:\/\/agencia.252.com.mx\/home\/fortalecer-la-educacion-desde-el-hogar-fundamental-para-abonar-a-la-seguridad-afirma-pedro-rodriguez\/\" \/>\n<meta property=\"og:site_name\" content=\"Agencia252\" \/>\n<meta property=\"article:publisher\" content=\"https:\/\/www.facebook.com\/252Comunicacion\/\" \/>\n<meta property=\"article:author\" content=\"https:\/\/www.facebook.com\/jcorroherrera\/\" \/>\n<meta property=\"article:published_time\" content=\"2026-02-25T21:29:46+00:00\" \/>\n<meta property=\"article:modified_time\" content=\"2026-02-25T21:29:47+00:00\" \/>\n<meta property=\"og:image\" content=\"http:\/\/agencia.252.com.mx\/wp-content\/uploads\/2026\/02\/WhatsApp-Image-2026-02-25-at-2.01.21-PM.jpeg\" \/>\n\t<meta property=\"og:image:width\" content=\"1080\" \/>\n\t<meta property=\"og:image:height\" content=\"720\" \/>\n\t<meta property=\"og:image:type\" content=\"image\/jpeg\" \/>\n<meta name=\"author\" content=\"Nacho Corro\" \/>\n<meta name=\"twitter:card\" content=\"summary_large_image\" \/>\n<meta name=\"twitter:creator\" content=\"@Juan Ignacio Corro Herrera\" \/>\n<meta name=\"twitter:site\" content=\"@252COMS\" \/>\n<meta name=\"twitter:label1\" content=\"Escrito por\" \/>\n\t<meta name=\"twitter:data1\" content=\"Nacho Corro\" \/>\n\t<meta name=\"twitter:label2\" content=\"Tiempo de lectura\" \/>\n\t<meta name=\"twitter:data2\" content=\"2 minutos\" \/>\n<script type=\"application\/ld+json\" class=\"yoast-schema-graph\">{\"@context\":\"https:\\\/\\\/schema.org\",\"@graph\":[{\"@type\":\"Article\",\"@id\":\"https:\\\/\\\/agencia.252.com.mx\\\/home\\\/fortalecer-la-educacion-desde-el-hogar-fundamental-para-abonar-a-la-seguridad-afirma-pedro-rodriguez\\\/#article\",\"isPartOf\":{\"@id\":\"https:\\\/\\\/agencia.252.com.mx\\\/home\\\/fortalecer-la-educacion-desde-el-hogar-fundamental-para-abonar-a-la-seguridad-afirma-pedro-rodriguez\\\/\"},\"author\":{\"name\":\"Nacho Corro\",\"@id\":\"https:\\\/\\\/agencia.252.com.mx\\\/home\\\/#\\\/schema\\\/person\\\/6b972021e9a92d45ade8c78d81509098\"},\"headline\":\"Fortalecer la educaci\u00f3n desde el hogar, fundamental para abonar a la seguridad afirma Pedro Rodriguez\",\"datePublished\":\"2026-02-25T21:29:46+00:00\",\"dateModified\":\"2026-02-25T21:29:47+00:00\",\"mainEntityOfPage\":{\"@id\":\"https:\\\/\\\/agencia.252.com.mx\\\/home\\\/fortalecer-la-educacion-desde-el-hogar-fundamental-para-abonar-a-la-seguridad-afirma-pedro-rodriguez\\\/\"},\"wordCount\":368,\"commentCount\":0,\"publisher\":{\"@id\":\"https:\\\/\\\/agencia.252.com.mx\\\/home\\\/#organization\"},\"image\":{\"@id\":\"https:\\\/\\\/agencia.252.com.mx\\\/home\\\/fortalecer-la-educacion-desde-el-hogar-fundamental-para-abonar-a-la-seguridad-afirma-pedro-rodriguez\\\/#primaryimage\"},\"thumbnailUrl\":\"https:\\\/\\\/agencia.252.com.mx\\\/wp-content\\\/uploads\\\/2026\\\/02\\\/WhatsApp-Image-2026-02-25-at-2.01.21-PM.jpeg\",\"keywords\":[\"Edomex\"],\"articleSection\":[\"Atizap\u00e1n\",\"Edomex\",\"Metropoli\"],\"inLanguage\":\"es\",\"potentialAction\":[{\"@type\":\"CommentAction\",\"name\":\"Comment\",\"target\":[\"https:\\\/\\\/agencia.252.com.mx\\\/home\\\/fortalecer-la-educacion-desde-el-hogar-fundamental-para-abonar-a-la-seguridad-afirma-pedro-rodriguez\\\/#respond\"]}]},{\"@type\":\"WebPage\",\"@id\":\"https:\\\/\\\/agencia.252.com.mx\\\/home\\\/fortalecer-la-educacion-desde-el-hogar-fundamental-para-abonar-a-la-seguridad-afirma-pedro-rodriguez\\\/\",\"url\":\"https:\\\/\\\/agencia.252.com.mx\\\/home\\\/fortalecer-la-educacion-desde-el-hogar-fundamental-para-abonar-a-la-seguridad-afirma-pedro-rodriguez\\\/\",\"name\":\"Fortalecer la educaci\u00f3n desde el hogar, fundamental para abonar a la seguridad afirma Pedro Rodriguez - Agencia252\",\"isPartOf\":{\"@id\":\"https:\\\/\\\/agencia.252.com.mx\\\/home\\\/#website\"},\"primaryImageOfPage\":{\"@id\":\"https:\\\/\\\/agencia.252.com.mx\\\/home\\\/fortalecer-la-educacion-desde-el-hogar-fundamental-para-abonar-a-la-seguridad-afirma-pedro-rodriguez\\\/#primaryimage\"},\"image\":{\"@id\":\"https:\\\/\\\/agencia.252.com.mx\\\/home\\\/fortalecer-la-educacion-desde-el-hogar-fundamental-para-abonar-a-la-seguridad-afirma-pedro-rodriguez\\\/#primaryimage\"},\"thumbnailUrl\":\"https:\\\/\\\/agencia.252.com.mx\\\/wp-content\\\/uploads\\\/2026\\\/02\\\/WhatsApp-Image-2026-02-25-at-2.01.21-PM.jpeg\",\"datePublished\":\"2026-02-25T21:29:46+00:00\",\"dateModified\":\"2026-02-25T21:29:47+00:00\",\"breadcrumb\":{\"@id\":\"https:\\\/\\\/agencia.252.com.mx\\\/home\\\/fortalecer-la-educacion-desde-el-hogar-fundamental-para-abonar-a-la-seguridad-afirma-pedro-rodriguez\\\/#breadcrumb\"},\"inLanguage\":\"es\",\"potentialAction\":[{\"@type\":\"ReadAction\",\"target\":[\"https:\\\/\\\/agencia.252.com.mx\\\/home\\\/fortalecer-la-educacion-desde-el-hogar-fundamental-para-abonar-a-la-seguridad-afirma-pedro-rodriguez\\\/\"]}]},{\"@type\":\"ImageObject\",\"inLanguage\":\"es\",\"@id\":\"https:\\\/\\\/agencia.252.com.mx\\\/home\\\/fortalecer-la-educacion-desde-el-hogar-fundamental-para-abonar-a-la-seguridad-afirma-pedro-rodriguez\\\/#primaryimage\",\"url\":\"https:\\\/\\\/agencia.252.com.mx\\\/wp-content\\\/uploads\\\/2026\\\/02\\\/WhatsApp-Image-2026-02-25-at-2.01.21-PM.jpeg\",\"contentUrl\":\"https:\\\/\\\/agencia.252.com.mx\\\/wp-content\\\/uploads\\\/2026\\\/02\\\/WhatsApp-Image-2026-02-25-at-2.01.21-PM.jpeg\",\"width\":1080,\"height\":720},{\"@type\":\"BreadcrumbList\",\"@id\":\"https:\\\/\\\/agencia.252.com.mx\\\/home\\\/fortalecer-la-educacion-desde-el-hogar-fundamental-para-abonar-a-la-seguridad-afirma-pedro-rodriguez\\\/#breadcrumb\",\"itemListElement\":[{\"@type\":\"ListItem\",\"position\":1,\"name\":\"Portada\",\"item\":\"https:\\\/\\\/agencia.252.com.mx\\\/home\\\/\"},{\"@type\":\"ListItem\",\"position\":2,\"name\":\"Fortalecer la educaci\u00f3n desde el hogar, fundamental para abonar a la seguridad afirma Pedro Rodriguez\"}]},{\"@type\":\"WebSite\",\"@id\":\"https:\\\/\\\/agencia.252.com.mx\\\/home\\\/#website\",\"url\":\"https:\\\/\\\/agencia.252.com.mx\\\/home\\\/\",\"name\":\"Agencia252\",\"description\":\"Tu espacio en la Red\",\"publisher\":{\"@id\":\"https:\\\/\\\/agencia.252.com.mx\\\/home\\\/#organization\"},\"potentialAction\":[{\"@type\":\"SearchAction\",\"target\":{\"@type\":\"EntryPoint\",\"urlTemplate\":\"https:\\\/\\\/agencia.252.com.mx\\\/home\\\/?s={search_term_string}\"},\"query-input\":{\"@type\":\"PropertyValueSpecification\",\"valueRequired\":true,\"valueName\":\"search_term_string\"}}],\"inLanguage\":\"es\"},{\"@type\":\"Organization\",\"@id\":\"https:\\\/\\\/agencia.252.com.mx\\\/home\\\/#organization\",\"name\":\"Agencia252\",\"url\":\"https:\\\/\\\/agencia.252.com.mx\\\/home\\\/\",\"logo\":{\"@type\":\"ImageObject\",\"inLanguage\":\"es\",\"@id\":\"https:\\\/\\\/agencia.252.com.mx\\\/home\\\/#\\\/schema\\\/logo\\\/image\\\/\",\"url\":\"https:\\\/\\\/agencia.252.com.mx\\\/wp-content\\\/uploads\\\/2023\\\/02\\\/cropped-ciruclo-agencia-e1677562404136.png\",\"contentUrl\":\"https:\\\/\\\/agencia.252.com.mx\\\/wp-content\\\/uploads\\\/2023\\\/02\\\/cropped-ciruclo-agencia-e1677562404136.png\",\"width\":512,\"height\":512,\"caption\":\"Agencia252\"},\"image\":{\"@id\":\"https:\\\/\\\/agencia.252.com.mx\\\/home\\\/#\\\/schema\\\/logo\\\/image\\\/\"},\"sameAs\":[\"https:\\\/\\\/www.facebook.com\\\/252Comunicacion\\\/\",\"https:\\\/\\\/x.com\\\/252COMS\"]},{\"@type\":\"Person\",\"@id\":\"https:\\\/\\\/agencia.252.com.mx\\\/home\\\/#\\\/schema\\\/person\\\/6b972021e9a92d45ade8c78d81509098\",\"name\":\"Nacho Corro\",\"image\":{\"@type\":\"ImageObject\",\"inLanguage\":\"es\",\"@id\":\"https:\\\/\\\/secure.gravatar.com\\\/avatar\\\/5db6df507cfe1307e192fbb498c6b85f1cf2ffd8b4cd37141b9eea588fcbd5a4?s=96&r=g\",\"url\":\"https:\\\/\\\/secure.gravatar.com\\\/avatar\\\/5db6df507cfe1307e192fbb498c6b85f1cf2ffd8b4cd37141b9eea588fcbd5a4?s=96&r=g\",\"contentUrl\":\"https:\\\/\\\/secure.gravatar.com\\\/avatar\\\/5db6df507cfe1307e192fbb498c6b85f1cf2ffd8b4cd37141b9eea588fcbd5a4?s=96&r=g\",\"caption\":\"Nacho Corro\"},\"description\":\"Comunicador Social, Periodista y Administraci\u00f3n P\u00fablica. Conversador pol\u00edtico, temas electorales y seguridad. Generador de contenidos digitales. Amante de la fotograf\u00eda\",\"sameAs\":[\"https:\\\/\\\/www.facebook.com\\\/jcorroherrera\\\/\",\"www.instagram.com\\\/nachocorro\\\/\",\"https:\\\/\\\/x.com\\\/Juan Ignacio Corro Herrera\"],\"url\":\"https:\\\/\\\/agencia.252.com.mx\\\/home\\\/author\\\/i-corro\\\/\"}]}<\/script>\n<!-- \/ Yoast SEO plugin. -->","yoast_head_json":{"title":"Fortalecer la educaci\u00f3n desde el hogar, fundamental para abonar a la seguridad afirma Pedro Rodriguez - Agencia252","robots":{"index":"index","follow":"follow","max-snippet":"max-snippet:-1","max-image-preview":"max-image-preview:large","max-video-preview":"max-video-preview:-1"},"canonical":"https:\/\/agencia.252.com.mx\/home\/fortalecer-la-educacion-desde-el-hogar-fundamental-para-abonar-a-la-seguridad-afirma-pedro-rodriguez\/","og_locale":"es_ES","og_type":"article","og_title":"Fortalecer la educaci\u00f3n desde el hogar, fundamental para abonar a la seguridad afirma Pedro Rodriguez - Agencia252","og_description":"Visitas: 18 Juan Ignacio Corro&nbsp; Atizap\u00e1n, Estado de M\u00e9xico, a 25 de febrero de 2026 Para el alcalde de Atizap\u00e1n Pedro Rodriguez el alejamiento de los padres de familia para con sus hijos son motivo para la creaci\u00f3n de posibles delincuentes, por lo que exhort\u00f3 a los padres de familia a mantenerse cercanos a sus [&hellip;]","og_url":"https:\/\/agencia.252.com.mx\/home\/fortalecer-la-educacion-desde-el-hogar-fundamental-para-abonar-a-la-seguridad-afirma-pedro-rodriguez\/","og_site_name":"Agencia252","article_publisher":"https:\/\/www.facebook.com\/252Comunicacion\/","article_author":"https:\/\/www.facebook.com\/jcorroherrera\/","article_published_time":"2026-02-25T21:29:46+00:00","article_modified_time":"2026-02-25T21:29:47+00:00","og_image":[{"width":1080,"height":720,"url":"http:\/\/agencia.252.com.mx\/wp-content\/uploads\/2026\/02\/WhatsApp-Image-2026-02-25-at-2.01.21-PM.jpeg","type":"image\/jpeg"}],"author":"Nacho Corro","twitter_card":"summary_large_image","twitter_creator":"@Juan Ignacio Corro Herrera","twitter_site":"@252COMS","twitter_misc":{"Escrito por":"Nacho Corro","Tiempo de lectura":"2 minutos"},"schema":{"@context":"https:\/\/schema.org","@graph":[{"@type":"Article","@id":"https:\/\/agencia.252.com.mx\/home\/fortalecer-la-educacion-desde-el-hogar-fundamental-para-abonar-a-la-seguridad-afirma-pedro-rodriguez\/#article","isPartOf":{"@id":"https:\/\/agencia.252.com.mx\/home\/fortalecer-la-educacion-desde-el-hogar-fundamental-para-abonar-a-la-seguridad-afirma-pedro-rodriguez\/"},"author":{"name":"Nacho Corro","@id":"https:\/\/agencia.252.com.mx\/home\/#\/schema\/person\/6b972021e9a92d45ade8c78d81509098"},"headline":"Fortalecer la educaci\u00f3n desde el hogar, fundamental para abonar a la seguridad afirma Pedro Rodriguez","datePublished":"2026-02-25T21:29:46+00:00","dateModified":"2026-02-25T21:29:47+00:00","mainEntityOfPage":{"@id":"https:\/\/agencia.252.com.mx\/home\/fortalecer-la-educacion-desde-el-hogar-fundamental-para-abonar-a-la-seguridad-afirma-pedro-rodriguez\/"},"wordCount":368,"commentCount":0,"publisher":{"@id":"https:\/\/agencia.252.com.mx\/home\/#organization"},"image":{"@id":"https:\/\/agencia.252.com.mx\/home\/fortalecer-la-educacion-desde-el-hogar-fundamental-para-abonar-a-la-seguridad-afirma-pedro-rodriguez\/#primaryimage"},"thumbnailUrl":"https:\/\/agencia.252.com.mx\/wp-content\/uploads\/2026\/02\/WhatsApp-Image-2026-02-25-at-2.01.21-PM.jpeg","keywords":["Edomex"],"articleSection":["Atizap\u00e1n","Edomex","Metropoli"],"inLanguage":"es","potentialAction":[{"@type":"CommentAction","name":"Comment","target":["https:\/\/agencia.252.com.mx\/home\/fortalecer-la-educacion-desde-el-hogar-fundamental-para-abonar-a-la-seguridad-afirma-pedro-rodriguez\/#respond"]}]},{"@type":"WebPage","@id":"https:\/\/agencia.252.com.mx\/home\/fortalecer-la-educacion-desde-el-hogar-fundamental-para-abonar-a-la-seguridad-afirma-pedro-rodriguez\/","url":"https:\/\/agencia.252.com.mx\/home\/fortalecer-la-educacion-desde-el-hogar-fundamental-para-abonar-a-la-seguridad-afirma-pedro-rodriguez\/","name":"Fortalecer la educaci\u00f3n desde el hogar, fundamental para abonar a la seguridad afirma Pedro Rodriguez - Agencia252","isPartOf":{"@id":"https:\/\/agencia.252.com.mx\/home\/#website"},"primaryImageOfPage":{"@id":"https:\/\/agencia.252.com.mx\/home\/fortalecer-la-educacion-desde-el-hogar-fundamental-para-abonar-a-la-seguridad-afirma-pedro-rodriguez\/#primaryimage"},"image":{"@id":"https:\/\/agencia.252.com.mx\/home\/fortalecer-la-educacion-desde-el-hogar-fundamental-para-abonar-a-la-seguridad-afirma-pedro-rodriguez\/#primaryimage"},"thumbnailUrl":"https:\/\/agencia.252.com.mx\/wp-content\/uploads\/2026\/02\/WhatsApp-Image-2026-02-25-at-2.01.21-PM.jpeg","datePublished":"2026-02-25T21:29:46+00:00","dateModified":"2026-02-25T21:29:47+00:00","breadcrumb":{"@id":"https:\/\/agencia.252.com.mx\/home\/fortalecer-la-educacion-desde-el-hogar-fundamental-para-abonar-a-la-seguridad-afirma-pedro-rodriguez\/#breadcrumb"},"inLanguage":"es","potentialAction":[{"@type":"ReadAction","target":["https:\/\/agencia.252.com.mx\/home\/fortalecer-la-educacion-desde-el-hogar-fundamental-para-abonar-a-la-seguridad-afirma-pedro-rodriguez\/"]}]},{"@type":"ImageObject","inLanguage":"es","@id":"https:\/\/agencia.252.com.mx\/home\/fortalecer-la-educacion-desde-el-hogar-fundamental-para-abonar-a-la-seguridad-afirma-pedro-rodriguez\/#primaryimage","url":"https:\/\/agencia.252.com.mx\/wp-content\/uploads\/2026\/02\/WhatsApp-Image-2026-02-25-at-2.01.21-PM.jpeg","contentUrl":"https:\/\/agencia.252.com.mx\/wp-content\/uploads\/2026\/02\/WhatsApp-Image-2026-02-25-at-2.01.21-PM.jpeg","width":1080,"height":720},{"@type":"BreadcrumbList","@id":"https:\/\/agencia.252.com.mx\/home\/fortalecer-la-educacion-desde-el-hogar-fundamental-para-abonar-a-la-seguridad-afirma-pedro-rodriguez\/#breadcrumb","itemListElement":[{"@type":"ListItem","position":1,"name":"Portada","item":"https:\/\/agencia.252.com.mx\/home\/"},{"@type":"ListItem","position":2,"name":"Fortalecer la educaci\u00f3n desde el hogar, fundamental para abonar a la seguridad afirma Pedro Rodriguez"}]},{"@type":"WebSite","@id":"https:\/\/agencia.252.com.mx\/home\/#website","url":"https:\/\/agencia.252.com.mx\/home\/","name":"Agencia252","description":"Tu espacio en la Red","publisher":{"@id":"https:\/\/agencia.252.com.mx\/home\/#organization"},"potentialAction":[{"@type":"SearchAction","target":{"@type":"EntryPoint","urlTemplate":"https:\/\/agencia.252.com.mx\/home\/?s={search_term_string}"},"query-input":{"@type":"PropertyValueSpecification","valueRequired":true,"valueName":"search_term_string"}}],"inLanguage":"es"},{"@type":"Organization","@id":"https:\/\/agencia.252.com.mx\/home\/#organization","name":"Agencia252","url":"https:\/\/agencia.252.com.mx\/home\/","logo":{"@type":"ImageObject","inLanguage":"es","@id":"https:\/\/agencia.252.com.mx\/home\/#\/schema\/logo\/image\/","url":"https:\/\/agencia.252.com.mx\/wp-content\/uploads\/2023\/02\/cropped-ciruclo-agencia-e1677562404136.png","contentUrl":"https:\/\/agencia.252.com.mx\/wp-content\/uploads\/2023\/02\/cropped-ciruclo-agencia-e1677562404136.png","width":512,"height":512,"caption":"Agencia252"},"image":{"@id":"https:\/\/agencia.252.com.mx\/home\/#\/schema\/logo\/image\/"},"sameAs":["https:\/\/www.facebook.com\/252Comunicacion\/","https:\/\/x.com\/252COMS"]},{"@type":"Person","@id":"https:\/\/agencia.252.com.mx\/home\/#\/schema\/person\/6b972021e9a92d45ade8c78d81509098","name":"Nacho Corro","image":{"@type":"ImageObject","inLanguage":"es","@id":"https:\/\/secure.gravatar.com\/avatar\/5db6df507cfe1307e192fbb498c6b85f1cf2ffd8b4cd37141b9eea588fcbd5a4?s=96&r=g","url":"https:\/\/secure.gravatar.com\/avatar\/5db6df507cfe1307e192fbb498c6b85f1cf2ffd8b4cd37141b9eea588fcbd5a4?s=96&r=g","contentUrl":"https:\/\/secure.gravatar.com\/avatar\/5db6df507cfe1307e192fbb498c6b85f1cf2ffd8b4cd37141b9eea588fcbd5a4?s=96&r=g","caption":"Nacho Corro"},"description":"Comunicador Social, Periodista y Administraci\u00f3n P\u00fablica. Conversador pol\u00edtico, temas electorales y seguridad. Generador de contenidos digitales. Amante de la fotograf\u00eda","sameAs":["https:\/\/www.facebook.com\/jcorroherrera\/","www.instagram.com\/nachocorro\/","https:\/\/x.com\/Juan Ignacio Corro Herrera"],"url":"https:\/\/agencia.252.com.mx\/home\/author\/i-corro\/"}]}},"_links":{"self":[{"href":"https:\/\/agencia.252.com.mx\/home\/wp-json\/wp\/v2\/posts\/16309","targetHints":{"allow":["GET"]}}],"collection":[{"href":"https:\/\/agencia.252.com.mx\/home\/wp-json\/wp\/v2\/posts"}],"about":[{"href":"https:\/\/agencia.252.com.mx\/home\/wp-json\/wp\/v2\/types\/post"}],"author":[{"embeddable":true,"href":"https:\/\/agencia.252.com.mx\/home\/wp-json\/wp\/v2\/users\/5"}],"replies":[{"embeddable":true,"href":"https:\/\/agencia.252.com.mx\/home\/wp-json\/wp\/v2\/comments?post=16309"}],"version-history":[{"count":1,"href":"https:\/\/agencia.252.com.mx\/home\/wp-json\/wp\/v2\/posts\/16309\/revisions"}],"predecessor-version":[{"id":16312,"href":"https:\/\/agencia.252.com.mx\/home\/wp-json\/wp\/v2\/posts\/16309\/revisions\/16312"}],"wp:featuredmedia":[{"embeddable":true,"href":"https:\/\/agencia.252.com.mx\/home\/wp-json\/wp\/v2\/media\/16310"}],"wp:attachment":[{"href":"https:\/\/agencia.252.com.mx\/home\/wp-json\/wp\/v2\/media?parent=16309"}],"wp:term":[{"taxonomy":"category","embeddable":true,"href":"https:\/\/agencia.252.com.mx\/home\/wp-json\/wp\/v2\/categories?post=16309"},{"taxonomy":"post_tag","embeddable":true,"href":"https:\/\/agencia.252.com.mx\/home\/wp-json\/wp\/v2\/tags?post=16309"}],"curies":[{"name":"wp","href":"https:\/\/api.w.org\/{rel}","templated":true}]}}