{"id":16301,"date":"2026-02-25T10:42:53","date_gmt":"2026-02-25T16:42:53","guid":{"rendered":"https:\/\/agencia.252.com.mx\/home\/?p=16301"},"modified":"2026-02-25T11:02:14","modified_gmt":"2026-02-25T17:02:14","slug":"sheinbaum-advierte-a-opositores-y-aliados-sobre-su-reforma-electoral-que-la-apoye-quien-la-quiera-apoyar","status":"publish","type":"post","link":"https:\/\/agencia.252.com.mx\/home\/sheinbaum-advierte-a-opositores-y-aliados-sobre-su-reforma-electoral-que-la-apoye-quien-la-quiera-apoyar\/","title":{"rendered":"Sheinbaum advierte a opositores y aliados sobre su reforma electoral: \u00abque la apoye quien la quiera apoyar\u00bb"},"content":{"rendered":"<p>Visitas: 40<\/p>\n<ul class=\"wp-block-list\">\n<li><em>No queremos convertir a Morena en un partido de Estado, sentencia\u00a0<\/em><\/li>\n\n\n\n<li>Se\u00a0<em>reitera<\/em>\u00a0que la prohibici\u00f3n de heredar cargos de elecci\u00f3n popular a familiares; y la No Reelecci\u00f3n consecutiva inmediata en todos los cargos de elecci\u00f3n popular a partir de 2030<\/li>\n\n\n\n<li><em>La reforma electoral confirma un decremento del 25% en el costo total de las elecciones<\/em><\/li>\n\n\n\n<li><em>Pretende reducir el n\u00famero de regidur\u00edas en los municipios, hasta un m\u00e1ximo de quince, seg\u00fan la poblaci\u00f3n<\/em>.<\/li>\n<\/ul>\n\n\n\n<p>Juan Ignacio Corro&nbsp;<\/p>\n\n\n\n<p class=\"has-text-align-right\">Ciudad de M\u00e9xico, a 25 de febrero de 2026<\/p>\n\n\n\n<p>La Presidenta Claudia Sheinbaum present\u00f3 esta ma\u00f1ana su propuesta de Reforma Electoral, que incluye la permanencia de los Organismos P\u00fablicos Locales Electorales, la reducci\u00f3n de un 25 por ciento del costo de las elecciones, la disminuci\u00f3n de 132 a 92 la Lista de Representaci\u00f3n Proporcional para integrar la C\u00e1mara de Senadores y que las y los aspirantes plurinominales a la C\u00e1mara de Diputados deban hacer campa\u00f1a.\u00a0<\/p>\n\n\n\n<figure class=\"wp-block-image alignleft size-medium\"><img fetchpriority=\"high\" decoding=\"async\" width=\"300\" height=\"200\" src=\"https:\/\/agencia.252.com.mx\/wp-content\/uploads\/2026\/02\/WhatsApp-Image-2026-02-25-at-9.31.46-AM-2-300x200.jpeg\" alt=\"\" class=\"wp-image-16303\" srcset=\"https:\/\/agencia.252.com.mx\/wp-content\/uploads\/2026\/02\/WhatsApp-Image-2026-02-25-at-9.31.46-AM-2-300x200.jpeg 300w, https:\/\/agencia.252.com.mx\/wp-content\/uploads\/2026\/02\/WhatsApp-Image-2026-02-25-at-9.31.46-AM-2-1024x682.jpeg 1024w, https:\/\/agencia.252.com.mx\/wp-content\/uploads\/2026\/02\/WhatsApp-Image-2026-02-25-at-9.31.46-AM-2-768x512.jpeg 768w, https:\/\/agencia.252.com.mx\/wp-content\/uploads\/2026\/02\/WhatsApp-Image-2026-02-25-at-9.31.46-AM-2-1536x1024.jpeg 1536w, https:\/\/agencia.252.com.mx\/wp-content\/uploads\/2026\/02\/WhatsApp-Image-2026-02-25-at-9.31.46-AM-2-2048x1365.jpeg 2048w\" sizes=\"(max-width: 300px) 100vw, 300px\" \/><\/figure>\n\n\n\n<p>En su disertaci\u00f3n durante La Ma\u00f1anera la presidenta envio un mensaje claro a la oposici\u00f3n y a sus aliados: \u201cQue la apoyen quien la quiera apoyar\u201d, al advertir que ese documento forma parte de sus 100 compromisos de campa\u00f1a; aunque sentenci\u00f3 que no pretende&nbsp;&nbsp;convertir a Morena en un partido de Estado.<\/p>\n\n\n\n<p>En su participaci\u00f3n, Rosa Icela Rodr\u00edguez Vel\u00e1zquez, titular de la Secretar\u00eda de Gobernaci\u00f3n, expuso que la iniciativa de reforma constitucional en materia electoral se basa en cuatro ejes fundamentales y diez puntos espec\u00edficos para fortalecer la democracia en M\u00e9xico.<\/p>\n\n\n\n<p>Con relaci\u00f3n al primer ejer sobre el Fortalecimiento de la Representaci\u00f3n Ciudadana en el Congreso de la Uni\u00f3n, la propuesta para conformar la C\u00e1mara de Diputados establece que los 500 diputados sean electos por votaci\u00f3n directa. De estos, 300 ser\u00e1n por mayor\u00eda relativa (distrito electoral) y 200 por representaci\u00f3n proporcional, manteniendo la f\u00f3rmula vigente de la Ley General de Instituciones y Procedimientos Electorales.&nbsp;<\/p>\n\n\n\n<p>Se busca que los 200 diputados por representaci\u00f3n proporcional tambi\u00e9n cuenten con el respaldo directo de la ciudadan\u00eda.<\/p>\n\n\n\n<p>Con relaci\u00f3n a la C\u00e1mara de Senadores, el documento afirma que se integrar\u00e1 por 95 senadores de mayor\u00eda relativa y 32 de primera minor\u00eda.<\/p>\n\n\n\n<p>La Diputaci\u00f3n Migrante se facilitar\u00e1 el voto para los mexicanos residentes en el extranjero, contemplando ocho diputaciones migrantes.<\/p>\n\n\n\n<p>Un segundo eje es la Reducci\u00f3n del Costo de las Elecciones, la reforma confirma un decremento del 25% en el costo total de las elecciones: Esto se lograr\u00e1 mediante la reducci\u00f3n de recursos para el INE , partidos pol\u00edticos y de los (Organismos P\u00fablicos Locales Electorales (OPLES) y tribunales electorales.<\/p>\n\n\n\n<p>De igual forma, la reducci\u00f3n de sueldos y bonos con la disminuci\u00f3n de los salarios de consejeros y altos mandos del INE, respetando el art\u00edculo 127 constitucional (nadie gana m\u00e1s que el Presidente).<\/p>\n\n\n\n<figure class=\"wp-block-image alignright size-medium\"><img decoding=\"async\" width=\"300\" height=\"200\" src=\"https:\/\/agencia.252.com.mx\/wp-content\/uploads\/2026\/02\/WhatsApp-Image-2026-02-25-at-9.31.47-AM-300x200.jpeg\" alt=\"\" class=\"wp-image-16305\" srcset=\"https:\/\/agencia.252.com.mx\/wp-content\/uploads\/2026\/02\/WhatsApp-Image-2026-02-25-at-9.31.47-AM-300x200.jpeg 300w, https:\/\/agencia.252.com.mx\/wp-content\/uploads\/2026\/02\/WhatsApp-Image-2026-02-25-at-9.31.47-AM-1024x682.jpeg 1024w, https:\/\/agencia.252.com.mx\/wp-content\/uploads\/2026\/02\/WhatsApp-Image-2026-02-25-at-9.31.47-AM-768x512.jpeg 768w, https:\/\/agencia.252.com.mx\/wp-content\/uploads\/2026\/02\/WhatsApp-Image-2026-02-25-at-9.31.47-AM-1536x1024.jpeg 1536w, https:\/\/agencia.252.com.mx\/wp-content\/uploads\/2026\/02\/WhatsApp-Image-2026-02-25-at-9.31.47-AM-2048x1365.jpeg 2048w\" sizes=\"(max-width: 300px) 100vw, 300px\" \/><\/figure>\n\n\n\n<p>La eliminaci\u00f3n de duplicidad de funciones para buscar optimizar la operaci\u00f3n de los \u00f3rganos electorales.<\/p>\n\n\n\n<p>A la vez la reducci\u00f3n del gasto en Congresos para disminuir el gasto en el Congreso Federal y los congresos locales.<\/p>\n\n\n\n<p>La reducci\u00f3n de regidur\u00edas para limitar el n\u00famero de estas posiciones en los municipios, hasta un m\u00e1ximo de quince, seg\u00fan la poblaci\u00f3n.<\/p>\n\n\n\n<p>Y la reducci\u00f3n de tiempos de radio y televisi\u00f3n para quedar de 48 a 35 minutos diarios por emisora en periodo electoral.<\/p>\n\n\n\n<p>En un tercer eje se determina&nbsp;&nbsp;una mayor fiscalizaci\u00f3n de los recursos para tener ccceso oportuno a operaciones financieras: El INE tendr\u00e1 acceso a las transacciones financieras de partidos y candidatos.<\/p>\n\n\n\n<p>Asimismo, la prohibici\u00f3n de aportaciones en efectivo para que los recursos se manejen dentro del sistema financiero; y el uso de tecnolog\u00edas para mejorar la fiscalizaci\u00f3n de recursos.<\/p>\n\n\n\n<p>El eje 4 se denomina el Fortalecimiento de la Democracia Directa y Participativa, para el cual se incorporan nuevos instrumentos con el objeto de que la ciudadan\u00eda intervenga m\u00e1s en la toma de decisiones a nivel federal, estatal y municipal.<\/p>\n\n\n\n<p>Se mencionan el refer\u00e9ndum, plebiscito, consulta popular y revocaci\u00f3n de mandato como mecanismos a fortalecer; y la implementaci\u00f3n del uso de tecnolog\u00edas como el voto electr\u00f3nico para los instrumentos de democracia participativa.<\/p>\n\n\n\n<p>La reforma tambi\u00e9n incluye la regulaci\u00f3n de la Inteligencia Artificial para regular su uso y prohibir bots y otros mecanismos artificiales en redes sociales durante las elecciones.<\/p>\n\n\n\n<p>Los resultados preliminares oficiales iniciar\u00e1n al t\u00e9rmino de la jornada electoral, yendo directamente a los resultados preliminares oficiales.<\/p>\n\n\n\n<p>Se reitera que la prohibici\u00f3n de heredar cargos de elecci\u00f3n popular a familiares; y la No Reelecci\u00f3n consecutiva inmediata en todos los cargos de elecci\u00f3n popular a partir de 2030.<\/p>\n","protected":false},"excerpt":{"rendered":"<p>Visitas: 40 Juan Ignacio Corro&nbsp; Ciudad de M\u00e9xico, a 25 de febrero de 2026 La Presidenta Claudia Sheinbaum present\u00f3 esta ma\u00f1ana su propuesta de Reforma Electoral, que incluye la permanencia de los Organismos P\u00fablicos Locales Electorales, la reducci\u00f3n de un 25 por ciento del costo de las elecciones, la disminuci\u00f3n de 132 a 92 la [&hellip;]<\/p>\n","protected":false},"author":5,"featured_media":16302,"comment_status":"open","ping_status":"open","sticky":false,"template":"","format":"standard","meta":{"site-sidebar-layout":"default","site-content-layout":"","ast-site-content-layout":"default","site-content-style":"default","site-sidebar-style":"default","ast-global-header-display":"","ast-banner-title-visibility":"","ast-main-header-display":"","ast-hfb-above-header-display":"","ast-hfb-below-header-display":"","ast-hfb-mobile-header-display":"","site-post-title":"","ast-breadcrumbs-content":"","ast-featured-img":"","footer-sml-layout":"","ast-disable-related-posts":"","theme-transparent-header-meta":"","adv-header-id-meta":"","stick-header-meta":"","header-above-stick-meta":"","header-main-stick-meta":"","header-below-stick-meta":"","astra-migrate-meta-layouts":"set","ast-page-background-enabled":"default","ast-page-background-meta":{"desktop":{"background-color":"var(--ast-global-color-4)","background-image":"","background-repeat":"repeat","background-position":"center center","background-size":"auto","background-attachment":"scroll","background-type":"","background-media":"","overlay-type":"","overlay-color":"","overlay-opacity":"","overlay-gradient":""},"tablet":{"background-color":"","background-image":"","background-repeat":"repeat","background-position":"center center","background-size":"auto","background-attachment":"scroll","background-type":"","background-media":"","overlay-type":"","overlay-color":"","overlay-opacity":"","overlay-gradient":""},"mobile":{"background-color":"","background-image":"","background-repeat":"repeat","background-position":"center center","background-size":"auto","background-attachment":"scroll","background-type":"","background-media":"","overlay-type":"","overlay-color":"","overlay-opacity":"","overlay-gradient":""}},"ast-content-background-meta":{"desktop":{"background-color":"var(--ast-global-color-5)","background-image":"","background-repeat":"repeat","background-position":"center center","background-size":"auto","background-attachment":"scroll","background-type":"","background-media":"","overlay-type":"","overlay-color":"","overlay-opacity":"","overlay-gradient":""},"tablet":{"background-color":"var(--ast-global-color-5)","background-image":"","background-repeat":"repeat","background-position":"center center","background-size":"auto","background-attachment":"scroll","background-type":"","background-media":"","overlay-type":"","overlay-color":"","overlay-opacity":"","overlay-gradient":""},"mobile":{"background-color":"var(--ast-global-color-5)","background-image":"","background-repeat":"repeat","background-position":"center center","background-size":"auto","background-attachment":"scroll","background-type":"","background-media":"","overlay-type":"","overlay-color":"","overlay-opacity":"","overlay-gradient":""}},"footnotes":""},"categories":[69,458,68],"tags":[535,569],"class_list":["post-16301","post","type-post","status-publish","format-standard","has-post-thumbnail","hentry","category-cdmx","category-nacional","category-seguridad","tag-cdmx","tag-estados"],"yoast_head":"<!-- This site is optimized with the Yoast SEO plugin v27.4 - https:\/\/yoast.com\/product\/yoast-seo-wordpress\/ -->\n<title>Sheinbaum advierte a opositores y aliados sobre su reforma electoral: &quot;que la apoye quien la quiera apoyar&quot; - Agencia252<\/title>\n<meta name=\"robots\" content=\"index, follow, max-snippet:-1, max-image-preview:large, max-video-preview:-1\" \/>\n<link rel=\"canonical\" href=\"https:\/\/agencia.252.com.mx\/home\/sheinbaum-advierte-a-opositores-y-aliados-sobre-su-reforma-electoral-que-la-apoye-quien-la-quiera-apoyar\/\" \/>\n<meta property=\"og:locale\" content=\"es_ES\" \/>\n<meta property=\"og:type\" content=\"article\" \/>\n<meta property=\"og:title\" content=\"Sheinbaum advierte a opositores y aliados sobre su reforma electoral: &quot;que la apoye quien la quiera apoyar&quot; - Agencia252\" \/>\n<meta property=\"og:description\" content=\"Visitas: 40 Juan Ignacio Corro&nbsp; Ciudad de M\u00e9xico, a 25 de febrero de 2026 La Presidenta Claudia Sheinbaum present\u00f3 esta ma\u00f1ana su propuesta de Reforma Electoral, que incluye la permanencia de los Organismos P\u00fablicos Locales Electorales, la reducci\u00f3n de un 25 por ciento del costo de las elecciones, la disminuci\u00f3n de 132 a 92 la [&hellip;]\" \/>\n<meta property=\"og:url\" content=\"https:\/\/agencia.252.com.mx\/home\/sheinbaum-advierte-a-opositores-y-aliados-sobre-su-reforma-electoral-que-la-apoye-quien-la-quiera-apoyar\/\" \/>\n<meta property=\"og:site_name\" content=\"Agencia252\" \/>\n<meta property=\"article:publisher\" content=\"https:\/\/www.facebook.com\/252Comunicacion\/\" \/>\n<meta property=\"article:author\" content=\"https:\/\/www.facebook.com\/jcorroherrera\/\" \/>\n<meta property=\"article:published_time\" content=\"2026-02-25T16:42:53+00:00\" \/>\n<meta property=\"article:modified_time\" content=\"2026-02-25T17:02:14+00:00\" \/>\n<meta property=\"og:image\" content=\"http:\/\/agencia.252.com.mx\/wp-content\/uploads\/2026\/02\/WhatsApp-Image-2026-02-25-at-9.31.46-AM.jpeg\" \/>\n\t<meta property=\"og:image:width\" content=\"2560\" \/>\n\t<meta property=\"og:image:height\" content=\"1706\" \/>\n\t<meta property=\"og:image:type\" content=\"image\/jpeg\" \/>\n<meta name=\"author\" content=\"Nacho Corro\" \/>\n<meta name=\"twitter:card\" content=\"summary_large_image\" \/>\n<meta name=\"twitter:creator\" content=\"@Juan Ignacio Corro Herrera\" \/>\n<meta name=\"twitter:site\" content=\"@252COMS\" \/>\n<meta name=\"twitter:label1\" content=\"Escrito por\" \/>\n\t<meta name=\"twitter:data1\" content=\"Nacho Corro\" \/>\n\t<meta name=\"twitter:label2\" content=\"Tiempo de lectura\" \/>\n\t<meta name=\"twitter:data2\" content=\"4 minutos\" \/>\n<script type=\"application\/ld+json\" class=\"yoast-schema-graph\">{\"@context\":\"https:\\\/\\\/schema.org\",\"@graph\":[{\"@type\":\"Article\",\"@id\":\"https:\\\/\\\/agencia.252.com.mx\\\/home\\\/sheinbaum-advierte-a-opositores-y-aliados-sobre-su-reforma-electoral-que-la-apoye-quien-la-quiera-apoyar\\\/#article\",\"isPartOf\":{\"@id\":\"https:\\\/\\\/agencia.252.com.mx\\\/home\\\/sheinbaum-advierte-a-opositores-y-aliados-sobre-su-reforma-electoral-que-la-apoye-quien-la-quiera-apoyar\\\/\"},\"author\":{\"name\":\"Nacho Corro\",\"@id\":\"https:\\\/\\\/agencia.252.com.mx\\\/home\\\/#\\\/schema\\\/person\\\/6b972021e9a92d45ade8c78d81509098\"},\"headline\":\"Sheinbaum advierte a opositores y aliados sobre su reforma electoral: \u00abque la apoye quien la quiera apoyar\u00bb\",\"datePublished\":\"2026-02-25T16:42:53+00:00\",\"dateModified\":\"2026-02-25T17:02:14+00:00\",\"mainEntityOfPage\":{\"@id\":\"https:\\\/\\\/agencia.252.com.mx\\\/home\\\/sheinbaum-advierte-a-opositores-y-aliados-sobre-su-reforma-electoral-que-la-apoye-quien-la-quiera-apoyar\\\/\"},\"wordCount\":820,\"commentCount\":0,\"publisher\":{\"@id\":\"https:\\\/\\\/agencia.252.com.mx\\\/home\\\/#organization\"},\"image\":{\"@id\":\"https:\\\/\\\/agencia.252.com.mx\\\/home\\\/sheinbaum-advierte-a-opositores-y-aliados-sobre-su-reforma-electoral-que-la-apoye-quien-la-quiera-apoyar\\\/#primaryimage\"},\"thumbnailUrl\":\"https:\\\/\\\/agencia.252.com.mx\\\/wp-content\\\/uploads\\\/2026\\\/02\\\/WhatsApp-Image-2026-02-25-at-9.31.46-AM.jpeg\",\"keywords\":[\"CDMX\",\"Estados\"],\"articleSection\":[\"CDMX\",\"Nacional\",\"Seguridad\"],\"inLanguage\":\"es\",\"potentialAction\":[{\"@type\":\"CommentAction\",\"name\":\"Comment\",\"target\":[\"https:\\\/\\\/agencia.252.com.mx\\\/home\\\/sheinbaum-advierte-a-opositores-y-aliados-sobre-su-reforma-electoral-que-la-apoye-quien-la-quiera-apoyar\\\/#respond\"]}]},{\"@type\":\"WebPage\",\"@id\":\"https:\\\/\\\/agencia.252.com.mx\\\/home\\\/sheinbaum-advierte-a-opositores-y-aliados-sobre-su-reforma-electoral-que-la-apoye-quien-la-quiera-apoyar\\\/\",\"url\":\"https:\\\/\\\/agencia.252.com.mx\\\/home\\\/sheinbaum-advierte-a-opositores-y-aliados-sobre-su-reforma-electoral-que-la-apoye-quien-la-quiera-apoyar\\\/\",\"name\":\"Sheinbaum advierte a opositores y aliados sobre su reforma electoral: \\\"que la apoye quien la quiera apoyar\\\" - Agencia252\",\"isPartOf\":{\"@id\":\"https:\\\/\\\/agencia.252.com.mx\\\/home\\\/#website\"},\"primaryImageOfPage\":{\"@id\":\"https:\\\/\\\/agencia.252.com.mx\\\/home\\\/sheinbaum-advierte-a-opositores-y-aliados-sobre-su-reforma-electoral-que-la-apoye-quien-la-quiera-apoyar\\\/#primaryimage\"},\"image\":{\"@id\":\"https:\\\/\\\/agencia.252.com.mx\\\/home\\\/sheinbaum-advierte-a-opositores-y-aliados-sobre-su-reforma-electoral-que-la-apoye-quien-la-quiera-apoyar\\\/#primaryimage\"},\"thumbnailUrl\":\"https:\\\/\\\/agencia.252.com.mx\\\/wp-content\\\/uploads\\\/2026\\\/02\\\/WhatsApp-Image-2026-02-25-at-9.31.46-AM.jpeg\",\"datePublished\":\"2026-02-25T16:42:53+00:00\",\"dateModified\":\"2026-02-25T17:02:14+00:00\",\"breadcrumb\":{\"@id\":\"https:\\\/\\\/agencia.252.com.mx\\\/home\\\/sheinbaum-advierte-a-opositores-y-aliados-sobre-su-reforma-electoral-que-la-apoye-quien-la-quiera-apoyar\\\/#breadcrumb\"},\"inLanguage\":\"es\",\"potentialAction\":[{\"@type\":\"ReadAction\",\"target\":[\"https:\\\/\\\/agencia.252.com.mx\\\/home\\\/sheinbaum-advierte-a-opositores-y-aliados-sobre-su-reforma-electoral-que-la-apoye-quien-la-quiera-apoyar\\\/\"]}]},{\"@type\":\"ImageObject\",\"inLanguage\":\"es\",\"@id\":\"https:\\\/\\\/agencia.252.com.mx\\\/home\\\/sheinbaum-advierte-a-opositores-y-aliados-sobre-su-reforma-electoral-que-la-apoye-quien-la-quiera-apoyar\\\/#primaryimage\",\"url\":\"https:\\\/\\\/agencia.252.com.mx\\\/wp-content\\\/uploads\\\/2026\\\/02\\\/WhatsApp-Image-2026-02-25-at-9.31.46-AM.jpeg\",\"contentUrl\":\"https:\\\/\\\/agencia.252.com.mx\\\/wp-content\\\/uploads\\\/2026\\\/02\\\/WhatsApp-Image-2026-02-25-at-9.31.46-AM.jpeg\",\"width\":2560,\"height\":1706},{\"@type\":\"BreadcrumbList\",\"@id\":\"https:\\\/\\\/agencia.252.com.mx\\\/home\\\/sheinbaum-advierte-a-opositores-y-aliados-sobre-su-reforma-electoral-que-la-apoye-quien-la-quiera-apoyar\\\/#breadcrumb\",\"itemListElement\":[{\"@type\":\"ListItem\",\"position\":1,\"name\":\"Portada\",\"item\":\"https:\\\/\\\/agencia.252.com.mx\\\/home\\\/\"},{\"@type\":\"ListItem\",\"position\":2,\"name\":\"Sheinbaum advierte a opositores y aliados sobre su reforma electoral: \u00abque la apoye quien la quiera apoyar\u00bb\"}]},{\"@type\":\"WebSite\",\"@id\":\"https:\\\/\\\/agencia.252.com.mx\\\/home\\\/#website\",\"url\":\"https:\\\/\\\/agencia.252.com.mx\\\/home\\\/\",\"name\":\"Agencia252\",\"description\":\"Tu espacio en la Red\",\"publisher\":{\"@id\":\"https:\\\/\\\/agencia.252.com.mx\\\/home\\\/#organization\"},\"potentialAction\":[{\"@type\":\"SearchAction\",\"target\":{\"@type\":\"EntryPoint\",\"urlTemplate\":\"https:\\\/\\\/agencia.252.com.mx\\\/home\\\/?s={search_term_string}\"},\"query-input\":{\"@type\":\"PropertyValueSpecification\",\"valueRequired\":true,\"valueName\":\"search_term_string\"}}],\"inLanguage\":\"es\"},{\"@type\":\"Organization\",\"@id\":\"https:\\\/\\\/agencia.252.com.mx\\\/home\\\/#organization\",\"name\":\"Agencia252\",\"url\":\"https:\\\/\\\/agencia.252.com.mx\\\/home\\\/\",\"logo\":{\"@type\":\"ImageObject\",\"inLanguage\":\"es\",\"@id\":\"https:\\\/\\\/agencia.252.com.mx\\\/home\\\/#\\\/schema\\\/logo\\\/image\\\/\",\"url\":\"https:\\\/\\\/agencia.252.com.mx\\\/wp-content\\\/uploads\\\/2023\\\/02\\\/cropped-ciruclo-agencia-e1677562404136.png\",\"contentUrl\":\"https:\\\/\\\/agencia.252.com.mx\\\/wp-content\\\/uploads\\\/2023\\\/02\\\/cropped-ciruclo-agencia-e1677562404136.png\",\"width\":512,\"height\":512,\"caption\":\"Agencia252\"},\"image\":{\"@id\":\"https:\\\/\\\/agencia.252.com.mx\\\/home\\\/#\\\/schema\\\/logo\\\/image\\\/\"},\"sameAs\":[\"https:\\\/\\\/www.facebook.com\\\/252Comunicacion\\\/\",\"https:\\\/\\\/x.com\\\/252COMS\"]},{\"@type\":\"Person\",\"@id\":\"https:\\\/\\\/agencia.252.com.mx\\\/home\\\/#\\\/schema\\\/person\\\/6b972021e9a92d45ade8c78d81509098\",\"name\":\"Nacho Corro\",\"image\":{\"@type\":\"ImageObject\",\"inLanguage\":\"es\",\"@id\":\"https:\\\/\\\/secure.gravatar.com\\\/avatar\\\/5db6df507cfe1307e192fbb498c6b85f1cf2ffd8b4cd37141b9eea588fcbd5a4?s=96&r=g\",\"url\":\"https:\\\/\\\/secure.gravatar.com\\\/avatar\\\/5db6df507cfe1307e192fbb498c6b85f1cf2ffd8b4cd37141b9eea588fcbd5a4?s=96&r=g\",\"contentUrl\":\"https:\\\/\\\/secure.gravatar.com\\\/avatar\\\/5db6df507cfe1307e192fbb498c6b85f1cf2ffd8b4cd37141b9eea588fcbd5a4?s=96&r=g\",\"caption\":\"Nacho Corro\"},\"description\":\"Comunicador Social, Periodista y Administraci\u00f3n P\u00fablica. Conversador pol\u00edtico, temas electorales y seguridad. Generador de contenidos digitales. Amante de la fotograf\u00eda\",\"sameAs\":[\"https:\\\/\\\/www.facebook.com\\\/jcorroherrera\\\/\",\"www.instagram.com\\\/nachocorro\\\/\",\"https:\\\/\\\/x.com\\\/Juan Ignacio Corro Herrera\"],\"url\":\"https:\\\/\\\/agencia.252.com.mx\\\/home\\\/author\\\/i-corro\\\/\"}]}<\/script>\n<!-- \/ Yoast SEO plugin. -->","yoast_head_json":{"title":"Sheinbaum advierte a opositores y aliados sobre su reforma electoral: \"que la apoye quien la quiera apoyar\" - Agencia252","robots":{"index":"index","follow":"follow","max-snippet":"max-snippet:-1","max-image-preview":"max-image-preview:large","max-video-preview":"max-video-preview:-1"},"canonical":"https:\/\/agencia.252.com.mx\/home\/sheinbaum-advierte-a-opositores-y-aliados-sobre-su-reforma-electoral-que-la-apoye-quien-la-quiera-apoyar\/","og_locale":"es_ES","og_type":"article","og_title":"Sheinbaum advierte a opositores y aliados sobre su reforma electoral: \"que la apoye quien la quiera apoyar\" - Agencia252","og_description":"Visitas: 40 Juan Ignacio Corro&nbsp; Ciudad de M\u00e9xico, a 25 de febrero de 2026 La Presidenta Claudia Sheinbaum present\u00f3 esta ma\u00f1ana su propuesta de Reforma Electoral, que incluye la permanencia de los Organismos P\u00fablicos Locales Electorales, la reducci\u00f3n de un 25 por ciento del costo de las elecciones, la disminuci\u00f3n de 132 a 92 la [&hellip;]","og_url":"https:\/\/agencia.252.com.mx\/home\/sheinbaum-advierte-a-opositores-y-aliados-sobre-su-reforma-electoral-que-la-apoye-quien-la-quiera-apoyar\/","og_site_name":"Agencia252","article_publisher":"https:\/\/www.facebook.com\/252Comunicacion\/","article_author":"https:\/\/www.facebook.com\/jcorroherrera\/","article_published_time":"2026-02-25T16:42:53+00:00","article_modified_time":"2026-02-25T17:02:14+00:00","og_image":[{"width":2560,"height":1706,"url":"http:\/\/agencia.252.com.mx\/wp-content\/uploads\/2026\/02\/WhatsApp-Image-2026-02-25-at-9.31.46-AM.jpeg","type":"image\/jpeg"}],"author":"Nacho Corro","twitter_card":"summary_large_image","twitter_creator":"@Juan Ignacio Corro Herrera","twitter_site":"@252COMS","twitter_misc":{"Escrito por":"Nacho Corro","Tiempo de lectura":"4 minutos"},"schema":{"@context":"https:\/\/schema.org","@graph":[{"@type":"Article","@id":"https:\/\/agencia.252.com.mx\/home\/sheinbaum-advierte-a-opositores-y-aliados-sobre-su-reforma-electoral-que-la-apoye-quien-la-quiera-apoyar\/#article","isPartOf":{"@id":"https:\/\/agencia.252.com.mx\/home\/sheinbaum-advierte-a-opositores-y-aliados-sobre-su-reforma-electoral-que-la-apoye-quien-la-quiera-apoyar\/"},"author":{"name":"Nacho Corro","@id":"https:\/\/agencia.252.com.mx\/home\/#\/schema\/person\/6b972021e9a92d45ade8c78d81509098"},"headline":"Sheinbaum advierte a opositores y aliados sobre su reforma electoral: \u00abque la apoye quien la quiera apoyar\u00bb","datePublished":"2026-02-25T16:42:53+00:00","dateModified":"2026-02-25T17:02:14+00:00","mainEntityOfPage":{"@id":"https:\/\/agencia.252.com.mx\/home\/sheinbaum-advierte-a-opositores-y-aliados-sobre-su-reforma-electoral-que-la-apoye-quien-la-quiera-apoyar\/"},"wordCount":820,"commentCount":0,"publisher":{"@id":"https:\/\/agencia.252.com.mx\/home\/#organization"},"image":{"@id":"https:\/\/agencia.252.com.mx\/home\/sheinbaum-advierte-a-opositores-y-aliados-sobre-su-reforma-electoral-que-la-apoye-quien-la-quiera-apoyar\/#primaryimage"},"thumbnailUrl":"https:\/\/agencia.252.com.mx\/wp-content\/uploads\/2026\/02\/WhatsApp-Image-2026-02-25-at-9.31.46-AM.jpeg","keywords":["CDMX","Estados"],"articleSection":["CDMX","Nacional","Seguridad"],"inLanguage":"es","potentialAction":[{"@type":"CommentAction","name":"Comment","target":["https:\/\/agencia.252.com.mx\/home\/sheinbaum-advierte-a-opositores-y-aliados-sobre-su-reforma-electoral-que-la-apoye-quien-la-quiera-apoyar\/#respond"]}]},{"@type":"WebPage","@id":"https:\/\/agencia.252.com.mx\/home\/sheinbaum-advierte-a-opositores-y-aliados-sobre-su-reforma-electoral-que-la-apoye-quien-la-quiera-apoyar\/","url":"https:\/\/agencia.252.com.mx\/home\/sheinbaum-advierte-a-opositores-y-aliados-sobre-su-reforma-electoral-que-la-apoye-quien-la-quiera-apoyar\/","name":"Sheinbaum advierte a opositores y aliados sobre su reforma electoral: \"que la apoye quien la quiera apoyar\" - Agencia252","isPartOf":{"@id":"https:\/\/agencia.252.com.mx\/home\/#website"},"primaryImageOfPage":{"@id":"https:\/\/agencia.252.com.mx\/home\/sheinbaum-advierte-a-opositores-y-aliados-sobre-su-reforma-electoral-que-la-apoye-quien-la-quiera-apoyar\/#primaryimage"},"image":{"@id":"https:\/\/agencia.252.com.mx\/home\/sheinbaum-advierte-a-opositores-y-aliados-sobre-su-reforma-electoral-que-la-apoye-quien-la-quiera-apoyar\/#primaryimage"},"thumbnailUrl":"https:\/\/agencia.252.com.mx\/wp-content\/uploads\/2026\/02\/WhatsApp-Image-2026-02-25-at-9.31.46-AM.jpeg","datePublished":"2026-02-25T16:42:53+00:00","dateModified":"2026-02-25T17:02:14+00:00","breadcrumb":{"@id":"https:\/\/agencia.252.com.mx\/home\/sheinbaum-advierte-a-opositores-y-aliados-sobre-su-reforma-electoral-que-la-apoye-quien-la-quiera-apoyar\/#breadcrumb"},"inLanguage":"es","potentialAction":[{"@type":"ReadAction","target":["https:\/\/agencia.252.com.mx\/home\/sheinbaum-advierte-a-opositores-y-aliados-sobre-su-reforma-electoral-que-la-apoye-quien-la-quiera-apoyar\/"]}]},{"@type":"ImageObject","inLanguage":"es","@id":"https:\/\/agencia.252.com.mx\/home\/sheinbaum-advierte-a-opositores-y-aliados-sobre-su-reforma-electoral-que-la-apoye-quien-la-quiera-apoyar\/#primaryimage","url":"https:\/\/agencia.252.com.mx\/wp-content\/uploads\/2026\/02\/WhatsApp-Image-2026-02-25-at-9.31.46-AM.jpeg","contentUrl":"https:\/\/agencia.252.com.mx\/wp-content\/uploads\/2026\/02\/WhatsApp-Image-2026-02-25-at-9.31.46-AM.jpeg","width":2560,"height":1706},{"@type":"BreadcrumbList","@id":"https:\/\/agencia.252.com.mx\/home\/sheinbaum-advierte-a-opositores-y-aliados-sobre-su-reforma-electoral-que-la-apoye-quien-la-quiera-apoyar\/#breadcrumb","itemListElement":[{"@type":"ListItem","position":1,"name":"Portada","item":"https:\/\/agencia.252.com.mx\/home\/"},{"@type":"ListItem","position":2,"name":"Sheinbaum advierte a opositores y aliados sobre su reforma electoral: \u00abque la apoye quien la quiera apoyar\u00bb"}]},{"@type":"WebSite","@id":"https:\/\/agencia.252.com.mx\/home\/#website","url":"https:\/\/agencia.252.com.mx\/home\/","name":"Agencia252","description":"Tu espacio en la Red","publisher":{"@id":"https:\/\/agencia.252.com.mx\/home\/#organization"},"potentialAction":[{"@type":"SearchAction","target":{"@type":"EntryPoint","urlTemplate":"https:\/\/agencia.252.com.mx\/home\/?s={search_term_string}"},"query-input":{"@type":"PropertyValueSpecification","valueRequired":true,"valueName":"search_term_string"}}],"inLanguage":"es"},{"@type":"Organization","@id":"https:\/\/agencia.252.com.mx\/home\/#organization","name":"Agencia252","url":"https:\/\/agencia.252.com.mx\/home\/","logo":{"@type":"ImageObject","inLanguage":"es","@id":"https:\/\/agencia.252.com.mx\/home\/#\/schema\/logo\/image\/","url":"https:\/\/agencia.252.com.mx\/wp-content\/uploads\/2023\/02\/cropped-ciruclo-agencia-e1677562404136.png","contentUrl":"https:\/\/agencia.252.com.mx\/wp-content\/uploads\/2023\/02\/cropped-ciruclo-agencia-e1677562404136.png","width":512,"height":512,"caption":"Agencia252"},"image":{"@id":"https:\/\/agencia.252.com.mx\/home\/#\/schema\/logo\/image\/"},"sameAs":["https:\/\/www.facebook.com\/252Comunicacion\/","https:\/\/x.com\/252COMS"]},{"@type":"Person","@id":"https:\/\/agencia.252.com.mx\/home\/#\/schema\/person\/6b972021e9a92d45ade8c78d81509098","name":"Nacho Corro","image":{"@type":"ImageObject","inLanguage":"es","@id":"https:\/\/secure.gravatar.com\/avatar\/5db6df507cfe1307e192fbb498c6b85f1cf2ffd8b4cd37141b9eea588fcbd5a4?s=96&r=g","url":"https:\/\/secure.gravatar.com\/avatar\/5db6df507cfe1307e192fbb498c6b85f1cf2ffd8b4cd37141b9eea588fcbd5a4?s=96&r=g","contentUrl":"https:\/\/secure.gravatar.com\/avatar\/5db6df507cfe1307e192fbb498c6b85f1cf2ffd8b4cd37141b9eea588fcbd5a4?s=96&r=g","caption":"Nacho Corro"},"description":"Comunicador Social, Periodista y Administraci\u00f3n P\u00fablica. Conversador pol\u00edtico, temas electorales y seguridad. Generador de contenidos digitales. Amante de la fotograf\u00eda","sameAs":["https:\/\/www.facebook.com\/jcorroherrera\/","www.instagram.com\/nachocorro\/","https:\/\/x.com\/Juan Ignacio Corro Herrera"],"url":"https:\/\/agencia.252.com.mx\/home\/author\/i-corro\/"}]}},"_links":{"self":[{"href":"https:\/\/agencia.252.com.mx\/home\/wp-json\/wp\/v2\/posts\/16301","targetHints":{"allow":["GET"]}}],"collection":[{"href":"https:\/\/agencia.252.com.mx\/home\/wp-json\/wp\/v2\/posts"}],"about":[{"href":"https:\/\/agencia.252.com.mx\/home\/wp-json\/wp\/v2\/types\/post"}],"author":[{"embeddable":true,"href":"https:\/\/agencia.252.com.mx\/home\/wp-json\/wp\/v2\/users\/5"}],"replies":[{"embeddable":true,"href":"https:\/\/agencia.252.com.mx\/home\/wp-json\/wp\/v2\/comments?post=16301"}],"version-history":[{"count":2,"href":"https:\/\/agencia.252.com.mx\/home\/wp-json\/wp\/v2\/posts\/16301\/revisions"}],"predecessor-version":[{"id":16308,"href":"https:\/\/agencia.252.com.mx\/home\/wp-json\/wp\/v2\/posts\/16301\/revisions\/16308"}],"wp:featuredmedia":[{"embeddable":true,"href":"https:\/\/agencia.252.com.mx\/home\/wp-json\/wp\/v2\/media\/16302"}],"wp:attachment":[{"href":"https:\/\/agencia.252.com.mx\/home\/wp-json\/wp\/v2\/media?parent=16301"}],"wp:term":[{"taxonomy":"category","embeddable":true,"href":"https:\/\/agencia.252.com.mx\/home\/wp-json\/wp\/v2\/categories?post=16301"},{"taxonomy":"post_tag","embeddable":true,"href":"https:\/\/agencia.252.com.mx\/home\/wp-json\/wp\/v2\/tags?post=16301"}],"curies":[{"name":"wp","href":"https:\/\/api.w.org\/{rel}","templated":true}]}}