{"id":16296,"date":"2026-02-24T20:23:10","date_gmt":"2026-02-25T02:23:10","guid":{"rendered":"https:\/\/agencia.252.com.mx\/home\/?p=16296"},"modified":"2026-02-24T20:23:11","modified_gmt":"2026-02-25T02:23:11","slug":"presupuesto-de-tlalnepantla-2026-garantiza-fortalecer-la-seguridad-la-obra-publica-y-la-movilidad","status":"publish","type":"post","link":"https:\/\/agencia.252.com.mx\/home\/presupuesto-de-tlalnepantla-2026-garantiza-fortalecer-la-seguridad-la-obra-publica-y-la-movilidad\/","title":{"rendered":"Presupuesto de Tlalnepantla 2026 garantiza fortalecer la seguridad, la obra p\u00fablica y la movilidad\u00a0"},"content":{"rendered":"<p>Visitas: 32<\/p>\n<ul class=\"wp-block-list\">\n<li><em>El Cuerpo Edilicio autoriz\u00f3 un monto superior a los 6 mil millones de pesos, enfocado en el bienestar social y la eficiencia administrativa.<\/em><\/li>\n\n\n\n<li><em>La gesti\u00f3n del Presidente Municipal, Raciel P\u00e9rez Cruz, destaca por la transparencia y el manejo responsable de las finanzas p\u00fablicas en favor de la ciudadan\u00eda.<\/em><\/li>\n<\/ul>\n\n\n\n<p>Juan Ignacio Corro&nbsp;<\/p>\n\n\n\n<p class=\"has-text-align-right\">Tlalnepantla, Estado de M\u00e9xico, a 24 de febrero de 2026<\/p>\n\n\n\n<p>El Cuerpo Edilicio del Honorable Ayuntamiento de Tlalnepantla que preside Raciel P\u00e9rez Cruz, aprob\u00f3 por unanimidad la Ley de Ingresos y el Presupuesto de Egresos definitivo para el Ejercicio Fiscal 2026, el cual asciende a la cantidad de $6,372,794,926.86 (Seis mil trescientos setenta y dos millones setecientos noventa y cuatro mil novecientos veintis\u00e9is pesos).<\/p>\n\n\n\n<p>Este paquete financiero aprobado por unanimidad en la D\u00e9cima Quinta Sesi\u00f3n extraordinaria del Ayuntamiento, es el resultado de un an\u00e1lisis exhaustivo, responsable y transparente realizado por las comisiones hacendarias, garantizando que cada peso sea destinado a fortalecer el desarrollo integral de la ciudad y a mejorar la calidad de vida de sus habitantes.<\/p>\n\n\n\n<p>La administraci\u00f3n encabezada por el Presidente Municipal, Raciel P\u00e9rez Cruz, ha demostrado una adecuada gesti\u00f3n de los recursos p\u00fablicos, manteniendo un equilibrio presupuestario y criterios de responsabilidad hacendaria que permiten proyectar un futuro s\u00f3lido para Tlalnepantla.&nbsp;<\/p>\n\n\n\n<p>El presupuesto no solo representa la voluntad pol\u00edtica de todas las fuerzas presentes en el Cabildo, sino que refleja una visi\u00f3n estrat\u00e9gica con un profundo sentido social, dise\u00f1ada para atender de forma \u00f3ptima las demandas de las comunidades m\u00e1s vulnerables y potenciar los servicios que demanda la ciudadan\u00eda.<\/p>\n\n\n\n<p>Dentro de las prioridades establecidas para este a\u00f1o, se contempla un incremento significativo en el rubro de seguridad p\u00fablica, mediante la adquisici\u00f3n de mejor equipamiento, tecnolog\u00eda de vanguardia y capacitaci\u00f3n constante para los elementos policiales.<\/p>\n\n\n\n<p>Asimismo, se destinar\u00e1n recursos considerables a la obra p\u00fablica, enfoc\u00e1ndose en la pavimentaci\u00f3n de calles, la rehabilitaci\u00f3n de alumbrado p\u00fablico y la creaci\u00f3n de senderos seguros, lo que contribuir\u00e1 a una movilidad m\u00e1s eficiente y a un entorno urbano m\u00e1s digno para las familias del municipio.<\/p>\n","protected":false},"excerpt":{"rendered":"<p>Visitas: 32 Juan Ignacio Corro&nbsp; Tlalnepantla, Estado de M\u00e9xico, a 24 de febrero de 2026 El Cuerpo Edilicio del Honorable Ayuntamiento de Tlalnepantla que preside Raciel P\u00e9rez Cruz, aprob\u00f3 por unanimidad la Ley de Ingresos y el Presupuesto de Egresos definitivo para el Ejercicio Fiscal 2026, el cual asciende a la cantidad de $6,372,794,926.86 (Seis [&hellip;]<\/p>\n","protected":false},"author":5,"featured_media":16297,"comment_status":"open","ping_status":"open","sticky":false,"template":"","format":"standard","meta":{"site-sidebar-layout":"default","site-content-layout":"","ast-site-content-layout":"default","site-content-style":"default","site-sidebar-style":"default","ast-global-header-display":"","ast-banner-title-visibility":"","ast-main-header-display":"","ast-hfb-above-header-display":"","ast-hfb-below-header-display":"","ast-hfb-mobile-header-display":"","site-post-title":"","ast-breadcrumbs-content":"","ast-featured-img":"","footer-sml-layout":"","ast-disable-related-posts":"","theme-transparent-header-meta":"","adv-header-id-meta":"","stick-header-meta":"","header-above-stick-meta":"","header-main-stick-meta":"","header-below-stick-meta":"","astra-migrate-meta-layouts":"set","ast-page-background-enabled":"default","ast-page-background-meta":{"desktop":{"background-color":"var(--ast-global-color-4)","background-image":"","background-repeat":"repeat","background-position":"center center","background-size":"auto","background-attachment":"scroll","background-type":"","background-media":"","overlay-type":"","overlay-color":"","overlay-opacity":"","overlay-gradient":""},"tablet":{"background-color":"","background-image":"","background-repeat":"repeat","background-position":"center center","background-size":"auto","background-attachment":"scroll","background-type":"","background-media":"","overlay-type":"","overlay-color":"","overlay-opacity":"","overlay-gradient":""},"mobile":{"background-color":"","background-image":"","background-repeat":"repeat","background-position":"center center","background-size":"auto","background-attachment":"scroll","background-type":"","background-media":"","overlay-type":"","overlay-color":"","overlay-opacity":"","overlay-gradient":""}},"ast-content-background-meta":{"desktop":{"background-color":"var(--ast-global-color-5)","background-image":"","background-repeat":"repeat","background-position":"center center","background-size":"auto","background-attachment":"scroll","background-type":"","background-media":"","overlay-type":"","overlay-color":"","overlay-opacity":"","overlay-gradient":""},"tablet":{"background-color":"var(--ast-global-color-5)","background-image":"","background-repeat":"repeat","background-position":"center center","background-size":"auto","background-attachment":"scroll","background-type":"","background-media":"","overlay-type":"","overlay-color":"","overlay-opacity":"","overlay-gradient":""},"mobile":{"background-color":"var(--ast-global-color-5)","background-image":"","background-repeat":"repeat","background-position":"center center","background-size":"auto","background-attachment":"scroll","background-type":"","background-media":"","overlay-type":"","overlay-color":"","overlay-opacity":"","overlay-gradient":""}},"footnotes":""},"categories":[8,512,68,56],"tags":[],"class_list":["post-16296","post","type-post","status-publish","format-standard","has-post-thumbnail","hentry","category-edomex","category-metropoli","category-seguridad","category-tlalnepantla"],"yoast_head":"<!-- This site is optimized with the Yoast SEO plugin v27.4 - https:\/\/yoast.com\/product\/yoast-seo-wordpress\/ -->\n<title>Presupuesto de Tlalnepantla 2026 garantiza fortalecer la seguridad, la obra p\u00fablica y la movilidad\u00a0 - Agencia252<\/title>\n<meta name=\"robots\" content=\"index, follow, max-snippet:-1, max-image-preview:large, max-video-preview:-1\" \/>\n<link rel=\"canonical\" href=\"https:\/\/agencia.252.com.mx\/home\/presupuesto-de-tlalnepantla-2026-garantiza-fortalecer-la-seguridad-la-obra-publica-y-la-movilidad\/\" \/>\n<meta property=\"og:locale\" content=\"es_ES\" \/>\n<meta property=\"og:type\" content=\"article\" \/>\n<meta property=\"og:title\" content=\"Presupuesto de Tlalnepantla 2026 garantiza fortalecer la seguridad, la obra p\u00fablica y la movilidad\u00a0 - Agencia252\" \/>\n<meta property=\"og:description\" content=\"Visitas: 32 Juan Ignacio Corro&nbsp; Tlalnepantla, Estado de M\u00e9xico, a 24 de febrero de 2026 El Cuerpo Edilicio del Honorable Ayuntamiento de Tlalnepantla que preside Raciel P\u00e9rez Cruz, aprob\u00f3 por unanimidad la Ley de Ingresos y el Presupuesto de Egresos definitivo para el Ejercicio Fiscal 2026, el cual asciende a la cantidad de $6,372,794,926.86 (Seis [&hellip;]\" \/>\n<meta property=\"og:url\" content=\"https:\/\/agencia.252.com.mx\/home\/presupuesto-de-tlalnepantla-2026-garantiza-fortalecer-la-seguridad-la-obra-publica-y-la-movilidad\/\" \/>\n<meta property=\"og:site_name\" content=\"Agencia252\" \/>\n<meta property=\"article:publisher\" content=\"https:\/\/www.facebook.com\/252Comunicacion\/\" \/>\n<meta property=\"article:author\" content=\"https:\/\/www.facebook.com\/jcorroherrera\/\" \/>\n<meta property=\"article:published_time\" content=\"2026-02-25T02:23:10+00:00\" \/>\n<meta property=\"article:modified_time\" content=\"2026-02-25T02:23:11+00:00\" \/>\n<meta property=\"og:image\" content=\"http:\/\/agencia.252.com.mx\/wp-content\/uploads\/2026\/02\/WhatsApp-Image-2026-02-24-at-3.07.42-PM.jpeg\" \/>\n\t<meta property=\"og:image:width\" content=\"1280\" \/>\n\t<meta property=\"og:image:height\" content=\"854\" \/>\n\t<meta property=\"og:image:type\" content=\"image\/jpeg\" \/>\n<meta name=\"author\" content=\"Nacho Corro\" \/>\n<meta name=\"twitter:card\" content=\"summary_large_image\" \/>\n<meta name=\"twitter:creator\" content=\"@Juan Ignacio Corro Herrera\" \/>\n<meta name=\"twitter:site\" content=\"@252COMS\" \/>\n<meta name=\"twitter:label1\" content=\"Escrito por\" \/>\n\t<meta name=\"twitter:data1\" content=\"Nacho Corro\" \/>\n\t<meta name=\"twitter:label2\" content=\"Tiempo de lectura\" \/>\n\t<meta name=\"twitter:data2\" content=\"2 minutos\" \/>\n<script type=\"application\/ld+json\" class=\"yoast-schema-graph\">{\"@context\":\"https:\\\/\\\/schema.org\",\"@graph\":[{\"@type\":\"Article\",\"@id\":\"https:\\\/\\\/agencia.252.com.mx\\\/home\\\/presupuesto-de-tlalnepantla-2026-garantiza-fortalecer-la-seguridad-la-obra-publica-y-la-movilidad\\\/#article\",\"isPartOf\":{\"@id\":\"https:\\\/\\\/agencia.252.com.mx\\\/home\\\/presupuesto-de-tlalnepantla-2026-garantiza-fortalecer-la-seguridad-la-obra-publica-y-la-movilidad\\\/\"},\"author\":{\"name\":\"Nacho Corro\",\"@id\":\"https:\\\/\\\/agencia.252.com.mx\\\/home\\\/#\\\/schema\\\/person\\\/6b972021e9a92d45ade8c78d81509098\"},\"headline\":\"Presupuesto de Tlalnepantla 2026 garantiza fortalecer la seguridad, la obra p\u00fablica y la movilidad\u00a0\",\"datePublished\":\"2026-02-25T02:23:10+00:00\",\"dateModified\":\"2026-02-25T02:23:11+00:00\",\"mainEntityOfPage\":{\"@id\":\"https:\\\/\\\/agencia.252.com.mx\\\/home\\\/presupuesto-de-tlalnepantla-2026-garantiza-fortalecer-la-seguridad-la-obra-publica-y-la-movilidad\\\/\"},\"wordCount\":379,\"commentCount\":0,\"publisher\":{\"@id\":\"https:\\\/\\\/agencia.252.com.mx\\\/home\\\/#organization\"},\"image\":{\"@id\":\"https:\\\/\\\/agencia.252.com.mx\\\/home\\\/presupuesto-de-tlalnepantla-2026-garantiza-fortalecer-la-seguridad-la-obra-publica-y-la-movilidad\\\/#primaryimage\"},\"thumbnailUrl\":\"https:\\\/\\\/agencia.252.com.mx\\\/wp-content\\\/uploads\\\/2026\\\/02\\\/WhatsApp-Image-2026-02-24-at-3.07.42-PM.jpeg\",\"articleSection\":[\"Edomex\",\"Metropoli\",\"Seguridad\",\"Tlalnepantla\"],\"inLanguage\":\"es\",\"potentialAction\":[{\"@type\":\"CommentAction\",\"name\":\"Comment\",\"target\":[\"https:\\\/\\\/agencia.252.com.mx\\\/home\\\/presupuesto-de-tlalnepantla-2026-garantiza-fortalecer-la-seguridad-la-obra-publica-y-la-movilidad\\\/#respond\"]}]},{\"@type\":\"WebPage\",\"@id\":\"https:\\\/\\\/agencia.252.com.mx\\\/home\\\/presupuesto-de-tlalnepantla-2026-garantiza-fortalecer-la-seguridad-la-obra-publica-y-la-movilidad\\\/\",\"url\":\"https:\\\/\\\/agencia.252.com.mx\\\/home\\\/presupuesto-de-tlalnepantla-2026-garantiza-fortalecer-la-seguridad-la-obra-publica-y-la-movilidad\\\/\",\"name\":\"Presupuesto de Tlalnepantla 2026 garantiza fortalecer la seguridad, la obra p\u00fablica y la movilidad\u00a0 - Agencia252\",\"isPartOf\":{\"@id\":\"https:\\\/\\\/agencia.252.com.mx\\\/home\\\/#website\"},\"primaryImageOfPage\":{\"@id\":\"https:\\\/\\\/agencia.252.com.mx\\\/home\\\/presupuesto-de-tlalnepantla-2026-garantiza-fortalecer-la-seguridad-la-obra-publica-y-la-movilidad\\\/#primaryimage\"},\"image\":{\"@id\":\"https:\\\/\\\/agencia.252.com.mx\\\/home\\\/presupuesto-de-tlalnepantla-2026-garantiza-fortalecer-la-seguridad-la-obra-publica-y-la-movilidad\\\/#primaryimage\"},\"thumbnailUrl\":\"https:\\\/\\\/agencia.252.com.mx\\\/wp-content\\\/uploads\\\/2026\\\/02\\\/WhatsApp-Image-2026-02-24-at-3.07.42-PM.jpeg\",\"datePublished\":\"2026-02-25T02:23:10+00:00\",\"dateModified\":\"2026-02-25T02:23:11+00:00\",\"breadcrumb\":{\"@id\":\"https:\\\/\\\/agencia.252.com.mx\\\/home\\\/presupuesto-de-tlalnepantla-2026-garantiza-fortalecer-la-seguridad-la-obra-publica-y-la-movilidad\\\/#breadcrumb\"},\"inLanguage\":\"es\",\"potentialAction\":[{\"@type\":\"ReadAction\",\"target\":[\"https:\\\/\\\/agencia.252.com.mx\\\/home\\\/presupuesto-de-tlalnepantla-2026-garantiza-fortalecer-la-seguridad-la-obra-publica-y-la-movilidad\\\/\"]}]},{\"@type\":\"ImageObject\",\"inLanguage\":\"es\",\"@id\":\"https:\\\/\\\/agencia.252.com.mx\\\/home\\\/presupuesto-de-tlalnepantla-2026-garantiza-fortalecer-la-seguridad-la-obra-publica-y-la-movilidad\\\/#primaryimage\",\"url\":\"https:\\\/\\\/agencia.252.com.mx\\\/wp-content\\\/uploads\\\/2026\\\/02\\\/WhatsApp-Image-2026-02-24-at-3.07.42-PM.jpeg\",\"contentUrl\":\"https:\\\/\\\/agencia.252.com.mx\\\/wp-content\\\/uploads\\\/2026\\\/02\\\/WhatsApp-Image-2026-02-24-at-3.07.42-PM.jpeg\",\"width\":1280,\"height\":854},{\"@type\":\"BreadcrumbList\",\"@id\":\"https:\\\/\\\/agencia.252.com.mx\\\/home\\\/presupuesto-de-tlalnepantla-2026-garantiza-fortalecer-la-seguridad-la-obra-publica-y-la-movilidad\\\/#breadcrumb\",\"itemListElement\":[{\"@type\":\"ListItem\",\"position\":1,\"name\":\"Portada\",\"item\":\"https:\\\/\\\/agencia.252.com.mx\\\/home\\\/\"},{\"@type\":\"ListItem\",\"position\":2,\"name\":\"Presupuesto de Tlalnepantla 2026 garantiza fortalecer la seguridad, la obra p\u00fablica y la movilidad\u00a0\"}]},{\"@type\":\"WebSite\",\"@id\":\"https:\\\/\\\/agencia.252.com.mx\\\/home\\\/#website\",\"url\":\"https:\\\/\\\/agencia.252.com.mx\\\/home\\\/\",\"name\":\"Agencia252\",\"description\":\"Tu espacio en la Red\",\"publisher\":{\"@id\":\"https:\\\/\\\/agencia.252.com.mx\\\/home\\\/#organization\"},\"potentialAction\":[{\"@type\":\"SearchAction\",\"target\":{\"@type\":\"EntryPoint\",\"urlTemplate\":\"https:\\\/\\\/agencia.252.com.mx\\\/home\\\/?s={search_term_string}\"},\"query-input\":{\"@type\":\"PropertyValueSpecification\",\"valueRequired\":true,\"valueName\":\"search_term_string\"}}],\"inLanguage\":\"es\"},{\"@type\":\"Organization\",\"@id\":\"https:\\\/\\\/agencia.252.com.mx\\\/home\\\/#organization\",\"name\":\"Agencia252\",\"url\":\"https:\\\/\\\/agencia.252.com.mx\\\/home\\\/\",\"logo\":{\"@type\":\"ImageObject\",\"inLanguage\":\"es\",\"@id\":\"https:\\\/\\\/agencia.252.com.mx\\\/home\\\/#\\\/schema\\\/logo\\\/image\\\/\",\"url\":\"https:\\\/\\\/agencia.252.com.mx\\\/wp-content\\\/uploads\\\/2023\\\/02\\\/cropped-ciruclo-agencia-e1677562404136.png\",\"contentUrl\":\"https:\\\/\\\/agencia.252.com.mx\\\/wp-content\\\/uploads\\\/2023\\\/02\\\/cropped-ciruclo-agencia-e1677562404136.png\",\"width\":512,\"height\":512,\"caption\":\"Agencia252\"},\"image\":{\"@id\":\"https:\\\/\\\/agencia.252.com.mx\\\/home\\\/#\\\/schema\\\/logo\\\/image\\\/\"},\"sameAs\":[\"https:\\\/\\\/www.facebook.com\\\/252Comunicacion\\\/\",\"https:\\\/\\\/x.com\\\/252COMS\"]},{\"@type\":\"Person\",\"@id\":\"https:\\\/\\\/agencia.252.com.mx\\\/home\\\/#\\\/schema\\\/person\\\/6b972021e9a92d45ade8c78d81509098\",\"name\":\"Nacho Corro\",\"image\":{\"@type\":\"ImageObject\",\"inLanguage\":\"es\",\"@id\":\"https:\\\/\\\/secure.gravatar.com\\\/avatar\\\/5db6df507cfe1307e192fbb498c6b85f1cf2ffd8b4cd37141b9eea588fcbd5a4?s=96&r=g\",\"url\":\"https:\\\/\\\/secure.gravatar.com\\\/avatar\\\/5db6df507cfe1307e192fbb498c6b85f1cf2ffd8b4cd37141b9eea588fcbd5a4?s=96&r=g\",\"contentUrl\":\"https:\\\/\\\/secure.gravatar.com\\\/avatar\\\/5db6df507cfe1307e192fbb498c6b85f1cf2ffd8b4cd37141b9eea588fcbd5a4?s=96&r=g\",\"caption\":\"Nacho Corro\"},\"description\":\"Comunicador Social, Periodista y Administraci\u00f3n P\u00fablica. Conversador pol\u00edtico, temas electorales y seguridad. Generador de contenidos digitales. Amante de la fotograf\u00eda\",\"sameAs\":[\"https:\\\/\\\/www.facebook.com\\\/jcorroherrera\\\/\",\"www.instagram.com\\\/nachocorro\\\/\",\"https:\\\/\\\/x.com\\\/Juan Ignacio Corro Herrera\"],\"url\":\"https:\\\/\\\/agencia.252.com.mx\\\/home\\\/author\\\/i-corro\\\/\"}]}<\/script>\n<!-- \/ Yoast SEO plugin. -->","yoast_head_json":{"title":"Presupuesto de Tlalnepantla 2026 garantiza fortalecer la seguridad, la obra p\u00fablica y la movilidad\u00a0 - Agencia252","robots":{"index":"index","follow":"follow","max-snippet":"max-snippet:-1","max-image-preview":"max-image-preview:large","max-video-preview":"max-video-preview:-1"},"canonical":"https:\/\/agencia.252.com.mx\/home\/presupuesto-de-tlalnepantla-2026-garantiza-fortalecer-la-seguridad-la-obra-publica-y-la-movilidad\/","og_locale":"es_ES","og_type":"article","og_title":"Presupuesto de Tlalnepantla 2026 garantiza fortalecer la seguridad, la obra p\u00fablica y la movilidad\u00a0 - Agencia252","og_description":"Visitas: 32 Juan Ignacio Corro&nbsp; Tlalnepantla, Estado de M\u00e9xico, a 24 de febrero de 2026 El Cuerpo Edilicio del Honorable Ayuntamiento de Tlalnepantla que preside Raciel P\u00e9rez Cruz, aprob\u00f3 por unanimidad la Ley de Ingresos y el Presupuesto de Egresos definitivo para el Ejercicio Fiscal 2026, el cual asciende a la cantidad de $6,372,794,926.86 (Seis [&hellip;]","og_url":"https:\/\/agencia.252.com.mx\/home\/presupuesto-de-tlalnepantla-2026-garantiza-fortalecer-la-seguridad-la-obra-publica-y-la-movilidad\/","og_site_name":"Agencia252","article_publisher":"https:\/\/www.facebook.com\/252Comunicacion\/","article_author":"https:\/\/www.facebook.com\/jcorroherrera\/","article_published_time":"2026-02-25T02:23:10+00:00","article_modified_time":"2026-02-25T02:23:11+00:00","og_image":[{"width":1280,"height":854,"url":"http:\/\/agencia.252.com.mx\/wp-content\/uploads\/2026\/02\/WhatsApp-Image-2026-02-24-at-3.07.42-PM.jpeg","type":"image\/jpeg"}],"author":"Nacho Corro","twitter_card":"summary_large_image","twitter_creator":"@Juan Ignacio Corro Herrera","twitter_site":"@252COMS","twitter_misc":{"Escrito por":"Nacho Corro","Tiempo de lectura":"2 minutos"},"schema":{"@context":"https:\/\/schema.org","@graph":[{"@type":"Article","@id":"https:\/\/agencia.252.com.mx\/home\/presupuesto-de-tlalnepantla-2026-garantiza-fortalecer-la-seguridad-la-obra-publica-y-la-movilidad\/#article","isPartOf":{"@id":"https:\/\/agencia.252.com.mx\/home\/presupuesto-de-tlalnepantla-2026-garantiza-fortalecer-la-seguridad-la-obra-publica-y-la-movilidad\/"},"author":{"name":"Nacho Corro","@id":"https:\/\/agencia.252.com.mx\/home\/#\/schema\/person\/6b972021e9a92d45ade8c78d81509098"},"headline":"Presupuesto de Tlalnepantla 2026 garantiza fortalecer la seguridad, la obra p\u00fablica y la movilidad\u00a0","datePublished":"2026-02-25T02:23:10+00:00","dateModified":"2026-02-25T02:23:11+00:00","mainEntityOfPage":{"@id":"https:\/\/agencia.252.com.mx\/home\/presupuesto-de-tlalnepantla-2026-garantiza-fortalecer-la-seguridad-la-obra-publica-y-la-movilidad\/"},"wordCount":379,"commentCount":0,"publisher":{"@id":"https:\/\/agencia.252.com.mx\/home\/#organization"},"image":{"@id":"https:\/\/agencia.252.com.mx\/home\/presupuesto-de-tlalnepantla-2026-garantiza-fortalecer-la-seguridad-la-obra-publica-y-la-movilidad\/#primaryimage"},"thumbnailUrl":"https:\/\/agencia.252.com.mx\/wp-content\/uploads\/2026\/02\/WhatsApp-Image-2026-02-24-at-3.07.42-PM.jpeg","articleSection":["Edomex","Metropoli","Seguridad","Tlalnepantla"],"inLanguage":"es","potentialAction":[{"@type":"CommentAction","name":"Comment","target":["https:\/\/agencia.252.com.mx\/home\/presupuesto-de-tlalnepantla-2026-garantiza-fortalecer-la-seguridad-la-obra-publica-y-la-movilidad\/#respond"]}]},{"@type":"WebPage","@id":"https:\/\/agencia.252.com.mx\/home\/presupuesto-de-tlalnepantla-2026-garantiza-fortalecer-la-seguridad-la-obra-publica-y-la-movilidad\/","url":"https:\/\/agencia.252.com.mx\/home\/presupuesto-de-tlalnepantla-2026-garantiza-fortalecer-la-seguridad-la-obra-publica-y-la-movilidad\/","name":"Presupuesto de Tlalnepantla 2026 garantiza fortalecer la seguridad, la obra p\u00fablica y la movilidad\u00a0 - Agencia252","isPartOf":{"@id":"https:\/\/agencia.252.com.mx\/home\/#website"},"primaryImageOfPage":{"@id":"https:\/\/agencia.252.com.mx\/home\/presupuesto-de-tlalnepantla-2026-garantiza-fortalecer-la-seguridad-la-obra-publica-y-la-movilidad\/#primaryimage"},"image":{"@id":"https:\/\/agencia.252.com.mx\/home\/presupuesto-de-tlalnepantla-2026-garantiza-fortalecer-la-seguridad-la-obra-publica-y-la-movilidad\/#primaryimage"},"thumbnailUrl":"https:\/\/agencia.252.com.mx\/wp-content\/uploads\/2026\/02\/WhatsApp-Image-2026-02-24-at-3.07.42-PM.jpeg","datePublished":"2026-02-25T02:23:10+00:00","dateModified":"2026-02-25T02:23:11+00:00","breadcrumb":{"@id":"https:\/\/agencia.252.com.mx\/home\/presupuesto-de-tlalnepantla-2026-garantiza-fortalecer-la-seguridad-la-obra-publica-y-la-movilidad\/#breadcrumb"},"inLanguage":"es","potentialAction":[{"@type":"ReadAction","target":["https:\/\/agencia.252.com.mx\/home\/presupuesto-de-tlalnepantla-2026-garantiza-fortalecer-la-seguridad-la-obra-publica-y-la-movilidad\/"]}]},{"@type":"ImageObject","inLanguage":"es","@id":"https:\/\/agencia.252.com.mx\/home\/presupuesto-de-tlalnepantla-2026-garantiza-fortalecer-la-seguridad-la-obra-publica-y-la-movilidad\/#primaryimage","url":"https:\/\/agencia.252.com.mx\/wp-content\/uploads\/2026\/02\/WhatsApp-Image-2026-02-24-at-3.07.42-PM.jpeg","contentUrl":"https:\/\/agencia.252.com.mx\/wp-content\/uploads\/2026\/02\/WhatsApp-Image-2026-02-24-at-3.07.42-PM.jpeg","width":1280,"height":854},{"@type":"BreadcrumbList","@id":"https:\/\/agencia.252.com.mx\/home\/presupuesto-de-tlalnepantla-2026-garantiza-fortalecer-la-seguridad-la-obra-publica-y-la-movilidad\/#breadcrumb","itemListElement":[{"@type":"ListItem","position":1,"name":"Portada","item":"https:\/\/agencia.252.com.mx\/home\/"},{"@type":"ListItem","position":2,"name":"Presupuesto de Tlalnepantla 2026 garantiza fortalecer la seguridad, la obra p\u00fablica y la movilidad\u00a0"}]},{"@type":"WebSite","@id":"https:\/\/agencia.252.com.mx\/home\/#website","url":"https:\/\/agencia.252.com.mx\/home\/","name":"Agencia252","description":"Tu espacio en la Red","publisher":{"@id":"https:\/\/agencia.252.com.mx\/home\/#organization"},"potentialAction":[{"@type":"SearchAction","target":{"@type":"EntryPoint","urlTemplate":"https:\/\/agencia.252.com.mx\/home\/?s={search_term_string}"},"query-input":{"@type":"PropertyValueSpecification","valueRequired":true,"valueName":"search_term_string"}}],"inLanguage":"es"},{"@type":"Organization","@id":"https:\/\/agencia.252.com.mx\/home\/#organization","name":"Agencia252","url":"https:\/\/agencia.252.com.mx\/home\/","logo":{"@type":"ImageObject","inLanguage":"es","@id":"https:\/\/agencia.252.com.mx\/home\/#\/schema\/logo\/image\/","url":"https:\/\/agencia.252.com.mx\/wp-content\/uploads\/2023\/02\/cropped-ciruclo-agencia-e1677562404136.png","contentUrl":"https:\/\/agencia.252.com.mx\/wp-content\/uploads\/2023\/02\/cropped-ciruclo-agencia-e1677562404136.png","width":512,"height":512,"caption":"Agencia252"},"image":{"@id":"https:\/\/agencia.252.com.mx\/home\/#\/schema\/logo\/image\/"},"sameAs":["https:\/\/www.facebook.com\/252Comunicacion\/","https:\/\/x.com\/252COMS"]},{"@type":"Person","@id":"https:\/\/agencia.252.com.mx\/home\/#\/schema\/person\/6b972021e9a92d45ade8c78d81509098","name":"Nacho Corro","image":{"@type":"ImageObject","inLanguage":"es","@id":"https:\/\/secure.gravatar.com\/avatar\/5db6df507cfe1307e192fbb498c6b85f1cf2ffd8b4cd37141b9eea588fcbd5a4?s=96&r=g","url":"https:\/\/secure.gravatar.com\/avatar\/5db6df507cfe1307e192fbb498c6b85f1cf2ffd8b4cd37141b9eea588fcbd5a4?s=96&r=g","contentUrl":"https:\/\/secure.gravatar.com\/avatar\/5db6df507cfe1307e192fbb498c6b85f1cf2ffd8b4cd37141b9eea588fcbd5a4?s=96&r=g","caption":"Nacho Corro"},"description":"Comunicador Social, Periodista y Administraci\u00f3n P\u00fablica. Conversador pol\u00edtico, temas electorales y seguridad. Generador de contenidos digitales. Amante de la fotograf\u00eda","sameAs":["https:\/\/www.facebook.com\/jcorroherrera\/","www.instagram.com\/nachocorro\/","https:\/\/x.com\/Juan Ignacio Corro Herrera"],"url":"https:\/\/agencia.252.com.mx\/home\/author\/i-corro\/"}]}},"_links":{"self":[{"href":"https:\/\/agencia.252.com.mx\/home\/wp-json\/wp\/v2\/posts\/16296","targetHints":{"allow":["GET"]}}],"collection":[{"href":"https:\/\/agencia.252.com.mx\/home\/wp-json\/wp\/v2\/posts"}],"about":[{"href":"https:\/\/agencia.252.com.mx\/home\/wp-json\/wp\/v2\/types\/post"}],"author":[{"embeddable":true,"href":"https:\/\/agencia.252.com.mx\/home\/wp-json\/wp\/v2\/users\/5"}],"replies":[{"embeddable":true,"href":"https:\/\/agencia.252.com.mx\/home\/wp-json\/wp\/v2\/comments?post=16296"}],"version-history":[{"count":1,"href":"https:\/\/agencia.252.com.mx\/home\/wp-json\/wp\/v2\/posts\/16296\/revisions"}],"predecessor-version":[{"id":16298,"href":"https:\/\/agencia.252.com.mx\/home\/wp-json\/wp\/v2\/posts\/16296\/revisions\/16298"}],"wp:featuredmedia":[{"embeddable":true,"href":"https:\/\/agencia.252.com.mx\/home\/wp-json\/wp\/v2\/media\/16297"}],"wp:attachment":[{"href":"https:\/\/agencia.252.com.mx\/home\/wp-json\/wp\/v2\/media?parent=16296"}],"wp:term":[{"taxonomy":"category","embeddable":true,"href":"https:\/\/agencia.252.com.mx\/home\/wp-json\/wp\/v2\/categories?post=16296"},{"taxonomy":"post_tag","embeddable":true,"href":"https:\/\/agencia.252.com.mx\/home\/wp-json\/wp\/v2\/tags?post=16296"}],"curies":[{"name":"wp","href":"https:\/\/api.w.org\/{rel}","templated":true}]}}