{"id":15651,"date":"2026-02-05T16:07:24","date_gmt":"2026-02-05T22:07:24","guid":{"rendered":"https:\/\/agencia.252.com.mx\/home\/?p=15651"},"modified":"2026-02-05T16:07:26","modified_gmt":"2026-02-05T22:07:26","slug":"el-bando-municipal-2026-consolida-el-cambio-en-ecatepec-azucena-cisneros","status":"publish","type":"post","link":"https:\/\/agencia.252.com.mx\/home\/el-bando-municipal-2026-consolida-el-cambio-en-ecatepec-azucena-cisneros\/","title":{"rendered":"El Bando Municipal 2026 consolida el cambio en Ecatepec: Azucena Cisneros"},"content":{"rendered":"<p>Visitas: 18<\/p>\n<ul class=\"wp-block-list\">\n<li><em>Marca el a\u00f1o de las obras, con combate a la corrupci\u00f3n y presencia permanente en territorio<\/em><\/li>\n\n\n\n<li><em>La transformaci\u00f3n se ve y se siente: Agua, seguridad y calles en orden<\/em><\/li>\n<\/ul>\n\n\n\n<p>Juan Ignacio Corro<\/p>\n\n\n\n<p class=\"has-text-align-right\">Ecatepec, Estado de M\u00e9xico, a 4 de febrero de 2026<\/p>\n\n\n\n<p>Este a\u00f1o se consolidar\u00e1 el cambio en Ecatepec con obras, servicios y sobre todo con agua potable por la red, afirm\u00f3 la alcaldesa Azucena Cisneros Coss durante la ceremonia de promulgaci\u00f3n del Bando Municipal 2026, documento base de la pol\u00edtica de la transformaci\u00f3n que ya est\u00e1 en marcha en el municipio.<\/p>\n\n\n\n<figure class=\"wp-block-image alignright size-medium\"><img fetchpriority=\"high\" decoding=\"async\" width=\"300\" height=\"172\" src=\"https:\/\/agencia.252.com.mx\/wp-content\/uploads\/2026\/02\/WhatsApp-Image-2026-02-05-at-15.04.45-1-300x172.jpeg\" alt=\"\" class=\"wp-image-15653\" srcset=\"https:\/\/agencia.252.com.mx\/wp-content\/uploads\/2026\/02\/WhatsApp-Image-2026-02-05-at-15.04.45-1-300x172.jpeg 300w, https:\/\/agencia.252.com.mx\/wp-content\/uploads\/2026\/02\/WhatsApp-Image-2026-02-05-at-15.04.45-1-1024x586.jpeg 1024w, https:\/\/agencia.252.com.mx\/wp-content\/uploads\/2026\/02\/WhatsApp-Image-2026-02-05-at-15.04.45-1-768x439.jpeg 768w, https:\/\/agencia.252.com.mx\/wp-content\/uploads\/2026\/02\/WhatsApp-Image-2026-02-05-at-15.04.45-1.jpeg 1280w\" sizes=\"(max-width: 300px) 100vw, 300px\" \/><\/figure>\n\n\n\n<p>Ante integrantes de Consejos de Participaci\u00f3n Ciudadana (Copacis), delegados y poblaci\u00f3n en general, as\u00ed como representantes empresariales, del comercio y de diversas iglesias, Cisneros Coss asegur\u00f3 que Ecatepec volver\u00e1 a ser el municipio del agua que alguna vez fue y ser\u00e1n visibles las obras hidr\u00e1ulicas m\u00e1s importantes de los \u00faltimos a\u00f1os, orientadas a regresar el suministro por la red a la comunidad.<\/p>\n\n\n\n<p>El nuevo Bando Municipal destaca la historia, tradici\u00f3n e identidad del municipio, pues reconoce a Santa Mar\u00eda Tulpetlac como la primera localidad ind\u00edgena de Ecatepec, devuelve a San Crist\u00f3bal su car\u00e1cter de pueblo originario y declara a San Juan Alcahuacan como sitio de inter\u00e9s hist\u00f3rico.<\/p>\n\n\n\n<p>Cisneros Coss agreg\u00f3 que el documento parte de la convicci\u00f3n de devolver al pueblo lo que por a\u00f1os le fue robado, como servicios, dignidad y confianza, lo que es posible con honestidad y combate a la corrupci\u00f3n, ya que regresa los recursos en obras, maquinaria, calles iluminadas, pavimento y servicios, adem\u00e1s de fortalecer una pol\u00edtica clara de seguridad con proximidad.<\/p>\n\n\n\n<p>El Bando, que re\u00fane las normas jur\u00eddicas y administrativas que rigen a partir de hoy la vida p\u00fablica de Ecatepec, \u201cno es un documento t\u00e9cnico, es la base pol\u00edtica de una transformaci\u00f3n que hace un a\u00f1o se puso en marcha. Por eso hoy decimos con claridad (\u2026) el cambio empieza a sentirse y a vivirse en Ecatepec. No como discurso, sino como una pol\u00edtica p\u00fablica\u201d.<\/p>\n\n\n\n<p>Reiter\u00f3 que ser\u00e1 el a\u00f1o de la consolidaci\u00f3n de la transformaci\u00f3n, con obras y combate a la corrupci\u00f3n. \u201cNuestro legado es claro: queremos que Ecatepec vuelva a ser el municipio del agua\u201d.<\/p>\n\n\n\n<p>Mencion\u00f3 que Ecatepec recuper\u00f3 caudal con nueve pozos rehabilitados por el gobierno municipal y 24 con apoyo de la presidenta Claudia Sheinbaum Pardo y la gobernadora Delfina G\u00f3mez \u00c1lvarez, por lo que colonias que carecen del servicio desde hace varios a\u00f1os e incluso d\u00e9cadas volver\u00e1n a contar con el l\u00edquido por la red.<\/p>\n\n\n\n<p>La alcaldesa anunci\u00f3 que realizar\u00e1n m\u00e1s de dos mil obras, entre ellas las hidr\u00e1ulicas, 230 acciones de drenaje y la rehabilitaci\u00f3n de m\u00e1s de 20 kil\u00f3metros de vialidades, como la recuperaci\u00f3n plena de avenida R1 que beneficiar\u00e1 a m\u00e1s de 28 comunidades, adem\u00e1s de repavimentaciones en colonias.<\/p>\n\n\n\n<p>Detall\u00f3 que el Bando tambi\u00e9n consolida una pol\u00edtica clara de seguridad con proximidad social. \u201cLa tranquilidad se construye en la calle, junto al pueblo. Hay tranquilidad con calles iluminadas, hay tranquilidad con calles pavimentadas, hay tranquilidad cuando hay orden, prevenci\u00f3n y presencia institucional, cuando hay gobernanza, cuando estamos presentes en cada rinc\u00f3n, en cada lugar en cada colonia, en cada barranca y ahora tambi\u00e9n en cada camell\u00f3n a lo largo y ancho de este municipio\u201d, refiri\u00f3.<\/p>\n\n\n\n<p>Previo a la ceremonia se realiz\u00f3 la sesi\u00f3n solemne de Cabildo de Promulgaci\u00f3n y Publicaci\u00f3n del Bando de Ecatepec, por lo que Cisneros Coss agradeci\u00f3 a s\u00edndicos y regidores por el trabajo realizado en beneficio de la poblaci\u00f3n y adelant\u00f3 que los Copacis, delegados y la poblaci\u00f3n en general ser\u00e1n parte fundamental este a\u00f1o para los trabajos y acciones que se efectuar\u00e1n en sus comunidades.<\/p>\n\n\n\n<p>\u201cHoy Ecatepec est\u00e1 recuperando su rumbo. Y este 2026 no es un a\u00f1o m\u00e1s, es el a\u00f1o de la consolidaci\u00f3n del cambio. El Bando Municipal expresa con claridad c\u00f3mo entendemos gobernar Ecatepec, con valores firmes, con una sola l\u00ednea de acci\u00f3n y con un compromiso inquebrantable con el pueblo\u201d, explic\u00f3.<\/p>\n\n\n\n<p>Antes, en la primera sesi\u00f3n extraordinaria de este a\u00f1o, el Cabildo aprob\u00f3 la desincorporaci\u00f3n de predios en la Secci\u00f3n Lagos de Jardines de Morelos y en Chiconautl\u00e1n 3000 II, que ser\u00e1n donados al IMSS para la construcci\u00f3n de una Unidad M\u00e9dica de Hemodi\u00e1lisis y al gobierno federal para la Universidad Nacional Rosario Castellanos, respectivamente.<\/p>\n","protected":false},"excerpt":{"rendered":"<p>Visitas: 18 Juan Ignacio Corro Ecatepec, Estado de M\u00e9xico, a 4 de febrero de 2026 Este a\u00f1o se consolidar\u00e1 el cambio en Ecatepec con obras, servicios y sobre todo con agua potable por la red, afirm\u00f3 la alcaldesa Azucena Cisneros Coss durante la ceremonia de promulgaci\u00f3n del Bando Municipal 2026, documento base de la pol\u00edtica [&hellip;]<\/p>\n","protected":false},"author":5,"featured_media":15653,"comment_status":"open","ping_status":"open","sticky":false,"template":"","format":"standard","meta":{"site-sidebar-layout":"default","site-content-layout":"","ast-site-content-layout":"default","site-content-style":"default","site-sidebar-style":"default","ast-global-header-display":"","ast-banner-title-visibility":"","ast-main-header-display":"","ast-hfb-above-header-display":"","ast-hfb-below-header-display":"","ast-hfb-mobile-header-display":"","site-post-title":"","ast-breadcrumbs-content":"","ast-featured-img":"","footer-sml-layout":"","ast-disable-related-posts":"","theme-transparent-header-meta":"","adv-header-id-meta":"","stick-header-meta":"","header-above-stick-meta":"","header-main-stick-meta":"","header-below-stick-meta":"","astra-migrate-meta-layouts":"set","ast-page-background-enabled":"default","ast-page-background-meta":{"desktop":{"background-color":"var(--ast-global-color-4)","background-image":"","background-repeat":"repeat","background-position":"center center","background-size":"auto","background-attachment":"scroll","background-type":"","background-media":"","overlay-type":"","overlay-color":"","overlay-opacity":"","overlay-gradient":""},"tablet":{"background-color":"","background-image":"","background-repeat":"repeat","background-position":"center center","background-size":"auto","background-attachment":"scroll","background-type":"","background-media":"","overlay-type":"","overlay-color":"","overlay-opacity":"","overlay-gradient":""},"mobile":{"background-color":"","background-image":"","background-repeat":"repeat","background-position":"center center","background-size":"auto","background-attachment":"scroll","background-type":"","background-media":"","overlay-type":"","overlay-color":"","overlay-opacity":"","overlay-gradient":""}},"ast-content-background-meta":{"desktop":{"background-color":"var(--ast-global-color-5)","background-image":"","background-repeat":"repeat","background-position":"center center","background-size":"auto","background-attachment":"scroll","background-type":"","background-media":"","overlay-type":"","overlay-color":"","overlay-opacity":"","overlay-gradient":""},"tablet":{"background-color":"var(--ast-global-color-5)","background-image":"","background-repeat":"repeat","background-position":"center center","background-size":"auto","background-attachment":"scroll","background-type":"","background-media":"","overlay-type":"","overlay-color":"","overlay-opacity":"","overlay-gradient":""},"mobile":{"background-color":"var(--ast-global-color-5)","background-image":"","background-repeat":"repeat","background-position":"center center","background-size":"auto","background-attachment":"scroll","background-type":"","background-media":"","overlay-type":"","overlay-color":"","overlay-opacity":"","overlay-gradient":""}},"footnotes":""},"categories":[38,8,68],"tags":[526],"class_list":["post-15651","post","type-post","status-publish","format-standard","has-post-thumbnail","hentry","category-ecatepec","category-edomex","category-seguridad","tag-edomex"],"yoast_head":"<!-- This site is optimized with the Yoast SEO plugin v27.4 - https:\/\/yoast.com\/product\/yoast-seo-wordpress\/ -->\n<title>El Bando Municipal 2026 consolida el cambio en Ecatepec: Azucena Cisneros - Agencia252<\/title>\n<meta name=\"robots\" content=\"index, follow, max-snippet:-1, max-image-preview:large, max-video-preview:-1\" \/>\n<link rel=\"canonical\" href=\"https:\/\/agencia.252.com.mx\/home\/el-bando-municipal-2026-consolida-el-cambio-en-ecatepec-azucena-cisneros\/\" \/>\n<meta property=\"og:locale\" content=\"es_ES\" \/>\n<meta property=\"og:type\" content=\"article\" \/>\n<meta property=\"og:title\" content=\"El Bando Municipal 2026 consolida el cambio en Ecatepec: Azucena Cisneros - Agencia252\" \/>\n<meta property=\"og:description\" content=\"Visitas: 18 Juan Ignacio Corro Ecatepec, Estado de M\u00e9xico, a 4 de febrero de 2026 Este a\u00f1o se consolidar\u00e1 el cambio en Ecatepec con obras, servicios y sobre todo con agua potable por la red, afirm\u00f3 la alcaldesa Azucena Cisneros Coss durante la ceremonia de promulgaci\u00f3n del Bando Municipal 2026, documento base de la pol\u00edtica [&hellip;]\" \/>\n<meta property=\"og:url\" content=\"https:\/\/agencia.252.com.mx\/home\/el-bando-municipal-2026-consolida-el-cambio-en-ecatepec-azucena-cisneros\/\" \/>\n<meta property=\"og:site_name\" content=\"Agencia252\" \/>\n<meta property=\"article:publisher\" content=\"https:\/\/www.facebook.com\/252Comunicacion\/\" \/>\n<meta property=\"article:author\" content=\"https:\/\/www.facebook.com\/jcorroherrera\/\" \/>\n<meta property=\"article:published_time\" content=\"2026-02-05T22:07:24+00:00\" \/>\n<meta property=\"article:modified_time\" content=\"2026-02-05T22:07:26+00:00\" \/>\n<meta property=\"og:image\" content=\"http:\/\/agencia.252.com.mx\/wp-content\/uploads\/2026\/02\/WhatsApp-Image-2026-02-05-at-15.04.45-1.jpeg\" \/>\n\t<meta property=\"og:image:width\" content=\"1280\" \/>\n\t<meta property=\"og:image:height\" content=\"732\" \/>\n\t<meta property=\"og:image:type\" content=\"image\/jpeg\" \/>\n<meta name=\"author\" content=\"Nacho Corro\" \/>\n<meta name=\"twitter:card\" content=\"summary_large_image\" \/>\n<meta name=\"twitter:creator\" content=\"@Juan Ignacio Corro Herrera\" \/>\n<meta name=\"twitter:site\" content=\"@252COMS\" \/>\n<meta name=\"twitter:label1\" content=\"Escrito por\" \/>\n\t<meta name=\"twitter:data1\" content=\"Nacho Corro\" \/>\n\t<meta name=\"twitter:label2\" content=\"Tiempo de lectura\" \/>\n\t<meta name=\"twitter:data2\" content=\"4 minutos\" \/>\n<script type=\"application\/ld+json\" class=\"yoast-schema-graph\">{\"@context\":\"https:\\\/\\\/schema.org\",\"@graph\":[{\"@type\":\"Article\",\"@id\":\"https:\\\/\\\/agencia.252.com.mx\\\/home\\\/el-bando-municipal-2026-consolida-el-cambio-en-ecatepec-azucena-cisneros\\\/#article\",\"isPartOf\":{\"@id\":\"https:\\\/\\\/agencia.252.com.mx\\\/home\\\/el-bando-municipal-2026-consolida-el-cambio-en-ecatepec-azucena-cisneros\\\/\"},\"author\":{\"name\":\"Nacho Corro\",\"@id\":\"https:\\\/\\\/agencia.252.com.mx\\\/home\\\/#\\\/schema\\\/person\\\/6b972021e9a92d45ade8c78d81509098\"},\"headline\":\"El Bando Municipal 2026 consolida el cambio en Ecatepec: Azucena Cisneros\",\"datePublished\":\"2026-02-05T22:07:24+00:00\",\"dateModified\":\"2026-02-05T22:07:26+00:00\",\"mainEntityOfPage\":{\"@id\":\"https:\\\/\\\/agencia.252.com.mx\\\/home\\\/el-bando-municipal-2026-consolida-el-cambio-en-ecatepec-azucena-cisneros\\\/\"},\"wordCount\":786,\"commentCount\":0,\"publisher\":{\"@id\":\"https:\\\/\\\/agencia.252.com.mx\\\/home\\\/#organization\"},\"image\":{\"@id\":\"https:\\\/\\\/agencia.252.com.mx\\\/home\\\/el-bando-municipal-2026-consolida-el-cambio-en-ecatepec-azucena-cisneros\\\/#primaryimage\"},\"thumbnailUrl\":\"https:\\\/\\\/agencia.252.com.mx\\\/wp-content\\\/uploads\\\/2026\\\/02\\\/WhatsApp-Image-2026-02-05-at-15.04.45-1.jpeg\",\"keywords\":[\"Edomex\"],\"articleSection\":[\"Ecatepec\",\"Edomex\",\"Seguridad\"],\"inLanguage\":\"es\",\"potentialAction\":[{\"@type\":\"CommentAction\",\"name\":\"Comment\",\"target\":[\"https:\\\/\\\/agencia.252.com.mx\\\/home\\\/el-bando-municipal-2026-consolida-el-cambio-en-ecatepec-azucena-cisneros\\\/#respond\"]}]},{\"@type\":\"WebPage\",\"@id\":\"https:\\\/\\\/agencia.252.com.mx\\\/home\\\/el-bando-municipal-2026-consolida-el-cambio-en-ecatepec-azucena-cisneros\\\/\",\"url\":\"https:\\\/\\\/agencia.252.com.mx\\\/home\\\/el-bando-municipal-2026-consolida-el-cambio-en-ecatepec-azucena-cisneros\\\/\",\"name\":\"El Bando Municipal 2026 consolida el cambio en Ecatepec: Azucena Cisneros - Agencia252\",\"isPartOf\":{\"@id\":\"https:\\\/\\\/agencia.252.com.mx\\\/home\\\/#website\"},\"primaryImageOfPage\":{\"@id\":\"https:\\\/\\\/agencia.252.com.mx\\\/home\\\/el-bando-municipal-2026-consolida-el-cambio-en-ecatepec-azucena-cisneros\\\/#primaryimage\"},\"image\":{\"@id\":\"https:\\\/\\\/agencia.252.com.mx\\\/home\\\/el-bando-municipal-2026-consolida-el-cambio-en-ecatepec-azucena-cisneros\\\/#primaryimage\"},\"thumbnailUrl\":\"https:\\\/\\\/agencia.252.com.mx\\\/wp-content\\\/uploads\\\/2026\\\/02\\\/WhatsApp-Image-2026-02-05-at-15.04.45-1.jpeg\",\"datePublished\":\"2026-02-05T22:07:24+00:00\",\"dateModified\":\"2026-02-05T22:07:26+00:00\",\"breadcrumb\":{\"@id\":\"https:\\\/\\\/agencia.252.com.mx\\\/home\\\/el-bando-municipal-2026-consolida-el-cambio-en-ecatepec-azucena-cisneros\\\/#breadcrumb\"},\"inLanguage\":\"es\",\"potentialAction\":[{\"@type\":\"ReadAction\",\"target\":[\"https:\\\/\\\/agencia.252.com.mx\\\/home\\\/el-bando-municipal-2026-consolida-el-cambio-en-ecatepec-azucena-cisneros\\\/\"]}]},{\"@type\":\"ImageObject\",\"inLanguage\":\"es\",\"@id\":\"https:\\\/\\\/agencia.252.com.mx\\\/home\\\/el-bando-municipal-2026-consolida-el-cambio-en-ecatepec-azucena-cisneros\\\/#primaryimage\",\"url\":\"https:\\\/\\\/agencia.252.com.mx\\\/wp-content\\\/uploads\\\/2026\\\/02\\\/WhatsApp-Image-2026-02-05-at-15.04.45-1.jpeg\",\"contentUrl\":\"https:\\\/\\\/agencia.252.com.mx\\\/wp-content\\\/uploads\\\/2026\\\/02\\\/WhatsApp-Image-2026-02-05-at-15.04.45-1.jpeg\",\"width\":1280,\"height\":732},{\"@type\":\"BreadcrumbList\",\"@id\":\"https:\\\/\\\/agencia.252.com.mx\\\/home\\\/el-bando-municipal-2026-consolida-el-cambio-en-ecatepec-azucena-cisneros\\\/#breadcrumb\",\"itemListElement\":[{\"@type\":\"ListItem\",\"position\":1,\"name\":\"Portada\",\"item\":\"https:\\\/\\\/agencia.252.com.mx\\\/home\\\/\"},{\"@type\":\"ListItem\",\"position\":2,\"name\":\"El Bando Municipal 2026 consolida el cambio en Ecatepec: Azucena Cisneros\"}]},{\"@type\":\"WebSite\",\"@id\":\"https:\\\/\\\/agencia.252.com.mx\\\/home\\\/#website\",\"url\":\"https:\\\/\\\/agencia.252.com.mx\\\/home\\\/\",\"name\":\"Agencia252\",\"description\":\"Tu espacio en la Red\",\"publisher\":{\"@id\":\"https:\\\/\\\/agencia.252.com.mx\\\/home\\\/#organization\"},\"potentialAction\":[{\"@type\":\"SearchAction\",\"target\":{\"@type\":\"EntryPoint\",\"urlTemplate\":\"https:\\\/\\\/agencia.252.com.mx\\\/home\\\/?s={search_term_string}\"},\"query-input\":{\"@type\":\"PropertyValueSpecification\",\"valueRequired\":true,\"valueName\":\"search_term_string\"}}],\"inLanguage\":\"es\"},{\"@type\":\"Organization\",\"@id\":\"https:\\\/\\\/agencia.252.com.mx\\\/home\\\/#organization\",\"name\":\"Agencia252\",\"url\":\"https:\\\/\\\/agencia.252.com.mx\\\/home\\\/\",\"logo\":{\"@type\":\"ImageObject\",\"inLanguage\":\"es\",\"@id\":\"https:\\\/\\\/agencia.252.com.mx\\\/home\\\/#\\\/schema\\\/logo\\\/image\\\/\",\"url\":\"https:\\\/\\\/agencia.252.com.mx\\\/wp-content\\\/uploads\\\/2023\\\/02\\\/cropped-ciruclo-agencia-e1677562404136.png\",\"contentUrl\":\"https:\\\/\\\/agencia.252.com.mx\\\/wp-content\\\/uploads\\\/2023\\\/02\\\/cropped-ciruclo-agencia-e1677562404136.png\",\"width\":512,\"height\":512,\"caption\":\"Agencia252\"},\"image\":{\"@id\":\"https:\\\/\\\/agencia.252.com.mx\\\/home\\\/#\\\/schema\\\/logo\\\/image\\\/\"},\"sameAs\":[\"https:\\\/\\\/www.facebook.com\\\/252Comunicacion\\\/\",\"https:\\\/\\\/x.com\\\/252COMS\"]},{\"@type\":\"Person\",\"@id\":\"https:\\\/\\\/agencia.252.com.mx\\\/home\\\/#\\\/schema\\\/person\\\/6b972021e9a92d45ade8c78d81509098\",\"name\":\"Nacho Corro\",\"image\":{\"@type\":\"ImageObject\",\"inLanguage\":\"es\",\"@id\":\"https:\\\/\\\/secure.gravatar.com\\\/avatar\\\/5db6df507cfe1307e192fbb498c6b85f1cf2ffd8b4cd37141b9eea588fcbd5a4?s=96&r=g\",\"url\":\"https:\\\/\\\/secure.gravatar.com\\\/avatar\\\/5db6df507cfe1307e192fbb498c6b85f1cf2ffd8b4cd37141b9eea588fcbd5a4?s=96&r=g\",\"contentUrl\":\"https:\\\/\\\/secure.gravatar.com\\\/avatar\\\/5db6df507cfe1307e192fbb498c6b85f1cf2ffd8b4cd37141b9eea588fcbd5a4?s=96&r=g\",\"caption\":\"Nacho Corro\"},\"description\":\"Comunicador Social, Periodista y Administraci\u00f3n P\u00fablica. Conversador pol\u00edtico, temas electorales y seguridad. Generador de contenidos digitales. Amante de la fotograf\u00eda\",\"sameAs\":[\"https:\\\/\\\/www.facebook.com\\\/jcorroherrera\\\/\",\"www.instagram.com\\\/nachocorro\\\/\",\"https:\\\/\\\/x.com\\\/Juan Ignacio Corro Herrera\"],\"url\":\"https:\\\/\\\/agencia.252.com.mx\\\/home\\\/author\\\/i-corro\\\/\"}]}<\/script>\n<!-- \/ Yoast SEO plugin. -->","yoast_head_json":{"title":"El Bando Municipal 2026 consolida el cambio en Ecatepec: Azucena Cisneros - Agencia252","robots":{"index":"index","follow":"follow","max-snippet":"max-snippet:-1","max-image-preview":"max-image-preview:large","max-video-preview":"max-video-preview:-1"},"canonical":"https:\/\/agencia.252.com.mx\/home\/el-bando-municipal-2026-consolida-el-cambio-en-ecatepec-azucena-cisneros\/","og_locale":"es_ES","og_type":"article","og_title":"El Bando Municipal 2026 consolida el cambio en Ecatepec: Azucena Cisneros - Agencia252","og_description":"Visitas: 18 Juan Ignacio Corro Ecatepec, Estado de M\u00e9xico, a 4 de febrero de 2026 Este a\u00f1o se consolidar\u00e1 el cambio en Ecatepec con obras, servicios y sobre todo con agua potable por la red, afirm\u00f3 la alcaldesa Azucena Cisneros Coss durante la ceremonia de promulgaci\u00f3n del Bando Municipal 2026, documento base de la pol\u00edtica [&hellip;]","og_url":"https:\/\/agencia.252.com.mx\/home\/el-bando-municipal-2026-consolida-el-cambio-en-ecatepec-azucena-cisneros\/","og_site_name":"Agencia252","article_publisher":"https:\/\/www.facebook.com\/252Comunicacion\/","article_author":"https:\/\/www.facebook.com\/jcorroherrera\/","article_published_time":"2026-02-05T22:07:24+00:00","article_modified_time":"2026-02-05T22:07:26+00:00","og_image":[{"width":1280,"height":732,"url":"http:\/\/agencia.252.com.mx\/wp-content\/uploads\/2026\/02\/WhatsApp-Image-2026-02-05-at-15.04.45-1.jpeg","type":"image\/jpeg"}],"author":"Nacho Corro","twitter_card":"summary_large_image","twitter_creator":"@Juan Ignacio Corro Herrera","twitter_site":"@252COMS","twitter_misc":{"Escrito por":"Nacho Corro","Tiempo de lectura":"4 minutos"},"schema":{"@context":"https:\/\/schema.org","@graph":[{"@type":"Article","@id":"https:\/\/agencia.252.com.mx\/home\/el-bando-municipal-2026-consolida-el-cambio-en-ecatepec-azucena-cisneros\/#article","isPartOf":{"@id":"https:\/\/agencia.252.com.mx\/home\/el-bando-municipal-2026-consolida-el-cambio-en-ecatepec-azucena-cisneros\/"},"author":{"name":"Nacho Corro","@id":"https:\/\/agencia.252.com.mx\/home\/#\/schema\/person\/6b972021e9a92d45ade8c78d81509098"},"headline":"El Bando Municipal 2026 consolida el cambio en Ecatepec: Azucena Cisneros","datePublished":"2026-02-05T22:07:24+00:00","dateModified":"2026-02-05T22:07:26+00:00","mainEntityOfPage":{"@id":"https:\/\/agencia.252.com.mx\/home\/el-bando-municipal-2026-consolida-el-cambio-en-ecatepec-azucena-cisneros\/"},"wordCount":786,"commentCount":0,"publisher":{"@id":"https:\/\/agencia.252.com.mx\/home\/#organization"},"image":{"@id":"https:\/\/agencia.252.com.mx\/home\/el-bando-municipal-2026-consolida-el-cambio-en-ecatepec-azucena-cisneros\/#primaryimage"},"thumbnailUrl":"https:\/\/agencia.252.com.mx\/wp-content\/uploads\/2026\/02\/WhatsApp-Image-2026-02-05-at-15.04.45-1.jpeg","keywords":["Edomex"],"articleSection":["Ecatepec","Edomex","Seguridad"],"inLanguage":"es","potentialAction":[{"@type":"CommentAction","name":"Comment","target":["https:\/\/agencia.252.com.mx\/home\/el-bando-municipal-2026-consolida-el-cambio-en-ecatepec-azucena-cisneros\/#respond"]}]},{"@type":"WebPage","@id":"https:\/\/agencia.252.com.mx\/home\/el-bando-municipal-2026-consolida-el-cambio-en-ecatepec-azucena-cisneros\/","url":"https:\/\/agencia.252.com.mx\/home\/el-bando-municipal-2026-consolida-el-cambio-en-ecatepec-azucena-cisneros\/","name":"El Bando Municipal 2026 consolida el cambio en Ecatepec: Azucena Cisneros - Agencia252","isPartOf":{"@id":"https:\/\/agencia.252.com.mx\/home\/#website"},"primaryImageOfPage":{"@id":"https:\/\/agencia.252.com.mx\/home\/el-bando-municipal-2026-consolida-el-cambio-en-ecatepec-azucena-cisneros\/#primaryimage"},"image":{"@id":"https:\/\/agencia.252.com.mx\/home\/el-bando-municipal-2026-consolida-el-cambio-en-ecatepec-azucena-cisneros\/#primaryimage"},"thumbnailUrl":"https:\/\/agencia.252.com.mx\/wp-content\/uploads\/2026\/02\/WhatsApp-Image-2026-02-05-at-15.04.45-1.jpeg","datePublished":"2026-02-05T22:07:24+00:00","dateModified":"2026-02-05T22:07:26+00:00","breadcrumb":{"@id":"https:\/\/agencia.252.com.mx\/home\/el-bando-municipal-2026-consolida-el-cambio-en-ecatepec-azucena-cisneros\/#breadcrumb"},"inLanguage":"es","potentialAction":[{"@type":"ReadAction","target":["https:\/\/agencia.252.com.mx\/home\/el-bando-municipal-2026-consolida-el-cambio-en-ecatepec-azucena-cisneros\/"]}]},{"@type":"ImageObject","inLanguage":"es","@id":"https:\/\/agencia.252.com.mx\/home\/el-bando-municipal-2026-consolida-el-cambio-en-ecatepec-azucena-cisneros\/#primaryimage","url":"https:\/\/agencia.252.com.mx\/wp-content\/uploads\/2026\/02\/WhatsApp-Image-2026-02-05-at-15.04.45-1.jpeg","contentUrl":"https:\/\/agencia.252.com.mx\/wp-content\/uploads\/2026\/02\/WhatsApp-Image-2026-02-05-at-15.04.45-1.jpeg","width":1280,"height":732},{"@type":"BreadcrumbList","@id":"https:\/\/agencia.252.com.mx\/home\/el-bando-municipal-2026-consolida-el-cambio-en-ecatepec-azucena-cisneros\/#breadcrumb","itemListElement":[{"@type":"ListItem","position":1,"name":"Portada","item":"https:\/\/agencia.252.com.mx\/home\/"},{"@type":"ListItem","position":2,"name":"El Bando Municipal 2026 consolida el cambio en Ecatepec: Azucena Cisneros"}]},{"@type":"WebSite","@id":"https:\/\/agencia.252.com.mx\/home\/#website","url":"https:\/\/agencia.252.com.mx\/home\/","name":"Agencia252","description":"Tu espacio en la Red","publisher":{"@id":"https:\/\/agencia.252.com.mx\/home\/#organization"},"potentialAction":[{"@type":"SearchAction","target":{"@type":"EntryPoint","urlTemplate":"https:\/\/agencia.252.com.mx\/home\/?s={search_term_string}"},"query-input":{"@type":"PropertyValueSpecification","valueRequired":true,"valueName":"search_term_string"}}],"inLanguage":"es"},{"@type":"Organization","@id":"https:\/\/agencia.252.com.mx\/home\/#organization","name":"Agencia252","url":"https:\/\/agencia.252.com.mx\/home\/","logo":{"@type":"ImageObject","inLanguage":"es","@id":"https:\/\/agencia.252.com.mx\/home\/#\/schema\/logo\/image\/","url":"https:\/\/agencia.252.com.mx\/wp-content\/uploads\/2023\/02\/cropped-ciruclo-agencia-e1677562404136.png","contentUrl":"https:\/\/agencia.252.com.mx\/wp-content\/uploads\/2023\/02\/cropped-ciruclo-agencia-e1677562404136.png","width":512,"height":512,"caption":"Agencia252"},"image":{"@id":"https:\/\/agencia.252.com.mx\/home\/#\/schema\/logo\/image\/"},"sameAs":["https:\/\/www.facebook.com\/252Comunicacion\/","https:\/\/x.com\/252COMS"]},{"@type":"Person","@id":"https:\/\/agencia.252.com.mx\/home\/#\/schema\/person\/6b972021e9a92d45ade8c78d81509098","name":"Nacho Corro","image":{"@type":"ImageObject","inLanguage":"es","@id":"https:\/\/secure.gravatar.com\/avatar\/5db6df507cfe1307e192fbb498c6b85f1cf2ffd8b4cd37141b9eea588fcbd5a4?s=96&r=g","url":"https:\/\/secure.gravatar.com\/avatar\/5db6df507cfe1307e192fbb498c6b85f1cf2ffd8b4cd37141b9eea588fcbd5a4?s=96&r=g","contentUrl":"https:\/\/secure.gravatar.com\/avatar\/5db6df507cfe1307e192fbb498c6b85f1cf2ffd8b4cd37141b9eea588fcbd5a4?s=96&r=g","caption":"Nacho Corro"},"description":"Comunicador Social, Periodista y Administraci\u00f3n P\u00fablica. Conversador pol\u00edtico, temas electorales y seguridad. Generador de contenidos digitales. Amante de la fotograf\u00eda","sameAs":["https:\/\/www.facebook.com\/jcorroherrera\/","www.instagram.com\/nachocorro\/","https:\/\/x.com\/Juan Ignacio Corro Herrera"],"url":"https:\/\/agencia.252.com.mx\/home\/author\/i-corro\/"}]}},"_links":{"self":[{"href":"https:\/\/agencia.252.com.mx\/home\/wp-json\/wp\/v2\/posts\/15651","targetHints":{"allow":["GET"]}}],"collection":[{"href":"https:\/\/agencia.252.com.mx\/home\/wp-json\/wp\/v2\/posts"}],"about":[{"href":"https:\/\/agencia.252.com.mx\/home\/wp-json\/wp\/v2\/types\/post"}],"author":[{"embeddable":true,"href":"https:\/\/agencia.252.com.mx\/home\/wp-json\/wp\/v2\/users\/5"}],"replies":[{"embeddable":true,"href":"https:\/\/agencia.252.com.mx\/home\/wp-json\/wp\/v2\/comments?post=15651"}],"version-history":[{"count":1,"href":"https:\/\/agencia.252.com.mx\/home\/wp-json\/wp\/v2\/posts\/15651\/revisions"}],"predecessor-version":[{"id":15654,"href":"https:\/\/agencia.252.com.mx\/home\/wp-json\/wp\/v2\/posts\/15651\/revisions\/15654"}],"wp:featuredmedia":[{"embeddable":true,"href":"https:\/\/agencia.252.com.mx\/home\/wp-json\/wp\/v2\/media\/15653"}],"wp:attachment":[{"href":"https:\/\/agencia.252.com.mx\/home\/wp-json\/wp\/v2\/media?parent=15651"}],"wp:term":[{"taxonomy":"category","embeddable":true,"href":"https:\/\/agencia.252.com.mx\/home\/wp-json\/wp\/v2\/categories?post=15651"},{"taxonomy":"post_tag","embeddable":true,"href":"https:\/\/agencia.252.com.mx\/home\/wp-json\/wp\/v2\/tags?post=15651"}],"curies":[{"name":"wp","href":"https:\/\/api.w.org\/{rel}","templated":true}]}}