{"id":15640,"date":"2026-02-04T22:22:35","date_gmt":"2026-02-05T04:22:35","guid":{"rendered":"https:\/\/agencia.252.com.mx\/home\/?p=15640"},"modified":"2026-02-04T22:22:36","modified_gmt":"2026-02-05T04:22:36","slug":"rehabilitacion-del-embarcadero-de-cuemanco-contara-con-inversion-de-89-millones-de-pesos","status":"publish","type":"post","link":"https:\/\/agencia.252.com.mx\/home\/rehabilitacion-del-embarcadero-de-cuemanco-contara-con-inversion-de-89-millones-de-pesos\/","title":{"rendered":"Rehabilitaci\u00f3n del Embarcadero de Cuemanco contar\u00e1 con inversi\u00f3n de 89 millones de pesos\u00a0"},"content":{"rendered":"<p>Visitas: 22<\/p>\n<ul class=\"wp-block-list\">\n<li>La rehabilitaci\u00f3n del Embarcadero se enmarca en los preparativos rumbo al Mundial<\/li>\n\n\n\n<li>Se intervendr\u00e1n 74 locales con infraestructura sustentable y potenciar\u00e1 el turismo y la promoci\u00f3n cultural de Xochimilco<\/li>\n\n\n\n<li>A pesar de las obras, el embarcadero no est\u00e1 cerrado y contin\u00faa operando de manera habitual, por lo que puede ser visitado con normalidad durante el desarrollo de estos trabajos\u00a0<\/li>\n<\/ul>\n\n\n\n<p><em>Juan Ignacio Corro&nbsp;<\/em><\/p>\n\n\n\n<p class=\"has-text-align-right\"><em>Ciudad&nbsp;&nbsp;de M\u00e9xico, a 4 de febrero de 2026<\/em><\/p>\n\n\n\n<p>La Jefa de Gobierno, Clara Brugada Molina, supervis\u00f3 la renovaci\u00f3n integral y medioambiental del Embarcadero de Cuemanco, en la alcald\u00eda Xochimilco, que contar\u00e1 con una inversi\u00f3n de 89 millones de pesos; un proyecto que dignificar\u00e1 este importante punto tur\u00edstico y cultural de la Ciudad de M\u00e9xico, acciones que se enmarcan en los preparativos rumbo al mundial, pero que se quedar\u00e1n de forma permanente en beneficio de la capital y sus habitantes.<\/p>\n\n\n\n<p>\u201cEs el inicio de una transformaci\u00f3n muy importante que estamos haciendo aqu\u00ed en Xochimilco, lugar que es una prueba de ese gran esplendor de nuestra ciudad, de la Ciudad de M\u00e9xico, que apenas cumpli\u00f3 700 a\u00f1os de su fundaci\u00f3n\u201d, expres\u00f3 Brugada Molina.<\/p>\n\n\n\n<p>Desde el Embarcadero de Cuemanco, la mandataria capitalina record\u00f3 la historia de la capital del pa\u00eds,&nbsp;&nbsp;que naci\u00f3 en medio del agua; Xochimilco es un reflejo y lo que queda de esa \u201cgloriosa manera de vivir\u201d, por lo que asegur\u00f3 que la responsabilidad como gobierno es trabajar intensamente para que los canales de aquella Ciudad Lacustre se mantengan.<\/p>\n\n\n\n<p>\u201cLa Ciudad de M\u00e9xico est\u00e1 iniciando una transformaci\u00f3n que garantiza mejora, y devuelve la dignidad a la tarea que se hace aqu\u00ed en Xochimilco, porque no s\u00f3lo es viajar en una trajinera y divertirnos, sino dar a conocer qu\u00e9 son las chinampas y toda la experiencia de producci\u00f3n natural \u00fanica\u201d, expres\u00f3 la Jefa de Gobierno.<\/p>\n\n\n\n<p>Brugada Molina refiri\u00f3 que la renovaci\u00f3n contempla la instalaci\u00f3n del embarcadero con un equipamiento sustentable (de madera) con infraestructura verde, la cual incorpora ecotecnolog\u00eda para la captaci\u00f3n de agua, y el tratamiento y reuso del agua pluvial.&nbsp;<\/p>\n\n\n\n<p>La renovaci\u00f3n, detall\u00f3, contar\u00e1 con un desarrollo ecotecnol\u00f3gico, ya que Xochimilco es una parada obligatoria para el turismo que opera con 216 trajineras y que recibe en promedio a 250 mil visitantes, cifra que se espera incremente con la llegada de la Copa Mundial de F\u00fatbol 2026.<\/p>\n\n\n\n<p>Afirm\u00f3 que Cuemanco debe ser un modelo de actividad tur\u00edstica medioambiental, un territorio libre de pl\u00e1sticos de un s\u00f3lo uso, y ejemplo de c\u00f3mo estamos relacion\u00e1ndonos con el agua y los canales.<\/p>\n\n\n\n<p>\u201cCualquier persona o visitante que viene a la Ciudad de M\u00e9xico no se puede ir sin conocer Xochimilco, entonces, hay que desarrollar esta tarea y esta gran responsabilidad de fortalecer las tradiciones, costumbres, la m\u00fasica, la comida y la gastronom\u00eda de nuestros pueblos para que ustedes puedan jugar el mejor papel de anfitriones de la Ciudad de M\u00e9xico y promover el tema medioambiental\u201d, manifest\u00f3.<\/p>\n\n\n\n<p>Brugada Molina refiri\u00f3 que la renovaci\u00f3n no se trata s\u00f3lo de la Copa Mundial de Futbol, sino de atender una demanda hist\u00f3rica en Xochimilco sin descuidar el entorno, porque \u201cde nada va a servir muchas obras, si seguimos descargando en el canal. Tenemos que dar alternativa y resolver otros temas que paralelamente provocan esa situaci\u00f3n\u201d.<\/p>\n\n\n\n<p>Al destacar la importante figura del ajolote nativo de Xochimilco, la titular del Ejecutivo local adelant\u00f3 que, a trav\u00e9s de la Secretar\u00eda del Medio Ambiente (Sedema), se construir\u00e1 un Santuario del Ajolote para la reproducci\u00f3n y florecimiento de esta especie que se encuentra en peligro cr\u00edtico de extinci\u00f3n.&nbsp;<\/p>\n\n\n\n<p>La secretaria del Medio Ambiente, Julia \u00c1lvarez Icaza Ram\u00edrez, destac\u00f3 que, como parte de las obras mundialistas, la rehabilitaci\u00f3n del embarcadero de Cuemanco tiene como objetivo principal garantizar el beneficio de y para Xochimilco; en especial considerando la importancia de las trajineras dentro del turismo y mosaico cultural de la ciudad.&nbsp;<\/p>\n\n\n\n<p>En este contexto, aclar\u00f3 que el embarcadero no est\u00e1 cerrado y contin\u00faa operando de manera habitual, por lo que puede ser visitado con normalidad durante el desarrollo de los trabajos.<\/p>\n\n\n\n<p>\u201cLa Jefa de Gobierno fue contundente desde el primer momento, el enfoque con el cual se preparar\u00eda la ciudad ser\u00eda de largo aliento, es decir, el mundial ser\u00eda una raz\u00f3n para dejar un legado transformador para la ciudad y para quienes vivimos en ella, que trascendiera por mucho la temporada mundialista. Que el mundial no se vivirera s\u00f3lo en el estadio, ni mucho menos, sino que se viviera, sobre todo y principalmente, con mejoras sustantivas para la ciudadan\u00eda\u201d, expres\u00f3.<\/p>\n\n\n\n<p>\u00c1lvarez Icaza puntualiz\u00f3 que se rehabilitar\u00e1n 700 metros de camellones, donde se encuentran 74 locales, desde la entrada de Perif\u00e9rico hasta el \u00c1rea Natural Protegida, de Ejidos de San Gregorio y Xochimilco.<\/p>\n\n\n\n<p>La funcionaria resalt\u00f3 que no existe otro territorio con tantas categor\u00edas de protecci\u00f3n como el \u00c1rea Natural Protegida Ejidos de San Gregorio y Xochimilco, al contar con las siguientes&nbsp;&nbsp;declaratorias: \u00c1rea Natural Protegida; Sitio Ramsar, por contar con un humedal de importancia internacional; SIPAM, reconocido por la FAO, como sitio de importancia agr\u00edcola mundial; y AICA, por su relevancia para la conservaci\u00f3n de aves.<\/p>\n\n\n\n<p>\u201cAdem\u00e1s es un ARCAC, \u00c1rea de Reserva de Conservaci\u00f3n Ambiental Comunitaria y la Cereza del Pastel es una de las dos zonas de patrimonio mundial reconocidas por la UNESCO en la Declaratoria de 1992, declarada por su valor \u00fanico y excepcional, que es este sitio y el Centro Hist\u00f3rico\u201d, detall\u00f3 sobre la zona de m\u00e1s de 2 mil 500 hect\u00e1reas de \u00c1rea Natural Protegida dentro de la ciudad lacustre, misma que alberga de humedales, aves migratorias, la casa del ajolote y la producci\u00f3n agr\u00edcola chinampera.<\/p>\n\n\n\n<p>\u201cEs un territorio muy rico por todo lo que significa y estas siete categor\u00edas de protecci\u00f3n que mencion\u00e9, no s\u00f3lo son un honor, sino que significan una alt\u00edsima responsabilidad de cuidado y con esto, el Gobierno de la Ciudad de M\u00e9xico, a trav\u00e9s de la Secretar\u00eda del Medio Ambiente, en coordinaci\u00f3n con la alcald\u00eda, reafirma su compromiso total con este territorio de alt\u00edsimo valor socio ambiental\u201d, puntualiz\u00f3 la secretaria.<\/p>\n\n\n\n<p>El director de Obras de la Sedema, Alejandro Rojas Herrera, inform\u00f3 que entre las obras realizadas se encuentra la plantilla de cimentaci\u00f3n de toda la plataforma del mercado de comidas, donde estar\u00e1n los 74 locales comerciales, que es el primer proceso. Expuso que los 62 pilotes que se introdujeron en el piso para reforzar la estructura del lugar se encuentran a una profundidad de 12 metros y que lo que se desarrollar\u00e1 ser\u00e1 la estructura, la cual ser\u00e1 de acero y se est\u00e1 en proceso del colado de concreto de las trabes.<\/p>\n\n\n\n<p>Con respecto a la Torre Hidrobot\u00e1nica, que apenas se est\u00e1 construyendo, Rojas Herrara dijo que las aguas negras y grises de toda la zona ya no llegar\u00e1n al canal, sino que ya se van a reutilizar y que la Torre har\u00e1 que ese l\u00edquido se vuelva pr\u00e1cticamente agua potable.<\/p>\n\n\n\n<p>Acompa\u00f1aron a la jefa de Gobierno, la secretaria de Turismo local, Alejandra Frausto Guerrero; la Consejera Jur\u00eddica, Er\u00e9ndira Cruz Villegas Fuentes; el encargado de despacho de la alcald\u00eda Xochimilco, Aurelio de Gyvez Montes, y el representante de la Uni\u00f3n de Propietarios de Trajineras Tur\u00edsticas, Gerundio Aguilar Tejeda.<\/p>\n","protected":false},"excerpt":{"rendered":"<p>Visitas: 22 Juan Ignacio Corro&nbsp; Ciudad&nbsp;&nbsp;de M\u00e9xico, a 4 de febrero de 2026 La Jefa de Gobierno, Clara Brugada Molina, supervis\u00f3 la renovaci\u00f3n integral y medioambiental del Embarcadero de Cuemanco, en la alcald\u00eda Xochimilco, que contar\u00e1 con una inversi\u00f3n de 89 millones de pesos; un proyecto que dignificar\u00e1 este importante punto tur\u00edstico y cultural de [&hellip;]<\/p>\n","protected":false},"author":5,"featured_media":15641,"comment_status":"open","ping_status":"open","sticky":false,"template":"","format":"standard","meta":{"site-sidebar-layout":"default","site-content-layout":"","ast-site-content-layout":"default","site-content-style":"default","site-sidebar-style":"default","ast-global-header-display":"","ast-banner-title-visibility":"","ast-main-header-display":"","ast-hfb-above-header-display":"","ast-hfb-below-header-display":"","ast-hfb-mobile-header-display":"","site-post-title":"","ast-breadcrumbs-content":"","ast-featured-img":"","footer-sml-layout":"","ast-disable-related-posts":"","theme-transparent-header-meta":"","adv-header-id-meta":"","stick-header-meta":"","header-above-stick-meta":"","header-main-stick-meta":"","header-below-stick-meta":"","astra-migrate-meta-layouts":"set","ast-page-background-enabled":"default","ast-page-background-meta":{"desktop":{"background-color":"var(--ast-global-color-4)","background-image":"","background-repeat":"repeat","background-position":"center center","background-size":"auto","background-attachment":"scroll","background-type":"","background-media":"","overlay-type":"","overlay-color":"","overlay-opacity":"","overlay-gradient":""},"tablet":{"background-color":"","background-image":"","background-repeat":"repeat","background-position":"center center","background-size":"auto","background-attachment":"scroll","background-type":"","background-media":"","overlay-type":"","overlay-color":"","overlay-opacity":"","overlay-gradient":""},"mobile":{"background-color":"","background-image":"","background-repeat":"repeat","background-position":"center center","background-size":"auto","background-attachment":"scroll","background-type":"","background-media":"","overlay-type":"","overlay-color":"","overlay-opacity":"","overlay-gradient":""}},"ast-content-background-meta":{"desktop":{"background-color":"var(--ast-global-color-5)","background-image":"","background-repeat":"repeat","background-position":"center center","background-size":"auto","background-attachment":"scroll","background-type":"","background-media":"","overlay-type":"","overlay-color":"","overlay-opacity":"","overlay-gradient":""},"tablet":{"background-color":"var(--ast-global-color-5)","background-image":"","background-repeat":"repeat","background-position":"center center","background-size":"auto","background-attachment":"scroll","background-type":"","background-media":"","overlay-type":"","overlay-color":"","overlay-opacity":"","overlay-gradient":""},"mobile":{"background-color":"var(--ast-global-color-5)","background-image":"","background-repeat":"repeat","background-position":"center center","background-size":"auto","background-attachment":"scroll","background-type":"","background-media":"","overlay-type":"","overlay-color":"","overlay-opacity":"","overlay-gradient":""}},"footnotes":""},"categories":[69,512,68],"tags":[535],"class_list":["post-15640","post","type-post","status-publish","format-standard","has-post-thumbnail","hentry","category-cdmx","category-metropoli","category-seguridad","tag-cdmx"],"yoast_head":"<!-- This site is optimized with the Yoast SEO plugin v27.4 - https:\/\/yoast.com\/product\/yoast-seo-wordpress\/ -->\n<title>Rehabilitaci\u00f3n del Embarcadero de Cuemanco contar\u00e1 con inversi\u00f3n de 89 millones de pesos\u00a0 - Agencia252<\/title>\n<meta name=\"robots\" content=\"index, follow, max-snippet:-1, max-image-preview:large, max-video-preview:-1\" \/>\n<link rel=\"canonical\" href=\"https:\/\/agencia.252.com.mx\/home\/rehabilitacion-del-embarcadero-de-cuemanco-contara-con-inversion-de-89-millones-de-pesos\/\" \/>\n<meta property=\"og:locale\" content=\"es_ES\" \/>\n<meta property=\"og:type\" content=\"article\" \/>\n<meta property=\"og:title\" content=\"Rehabilitaci\u00f3n del Embarcadero de Cuemanco contar\u00e1 con inversi\u00f3n de 89 millones de pesos\u00a0 - Agencia252\" \/>\n<meta property=\"og:description\" content=\"Visitas: 22 Juan Ignacio Corro&nbsp; Ciudad&nbsp;&nbsp;de M\u00e9xico, a 4 de febrero de 2026 La Jefa de Gobierno, Clara Brugada Molina, supervis\u00f3 la renovaci\u00f3n integral y medioambiental del Embarcadero de Cuemanco, en la alcald\u00eda Xochimilco, que contar\u00e1 con una inversi\u00f3n de 89 millones de pesos; un proyecto que dignificar\u00e1 este importante punto tur\u00edstico y cultural de [&hellip;]\" \/>\n<meta property=\"og:url\" content=\"https:\/\/agencia.252.com.mx\/home\/rehabilitacion-del-embarcadero-de-cuemanco-contara-con-inversion-de-89-millones-de-pesos\/\" \/>\n<meta property=\"og:site_name\" content=\"Agencia252\" \/>\n<meta property=\"article:publisher\" content=\"https:\/\/www.facebook.com\/252Comunicacion\/\" \/>\n<meta property=\"article:author\" content=\"https:\/\/www.facebook.com\/jcorroherrera\/\" \/>\n<meta property=\"article:published_time\" content=\"2026-02-05T04:22:35+00:00\" \/>\n<meta property=\"article:modified_time\" content=\"2026-02-05T04:22:36+00:00\" \/>\n<meta property=\"og:image\" content=\"http:\/\/agencia.252.com.mx\/wp-content\/uploads\/2026\/02\/WhatsApp-Image-2026-02-04-at-1.32.22-PM.jpeg\" \/>\n\t<meta property=\"og:image:width\" content=\"2332\" \/>\n\t<meta property=\"og:image:height\" content=\"1707\" \/>\n\t<meta property=\"og:image:type\" content=\"image\/jpeg\" \/>\n<meta name=\"author\" content=\"Nacho Corro\" \/>\n<meta name=\"twitter:card\" content=\"summary_large_image\" \/>\n<meta name=\"twitter:creator\" content=\"@Juan Ignacio Corro Herrera\" \/>\n<meta name=\"twitter:site\" content=\"@252COMS\" \/>\n<meta name=\"twitter:label1\" content=\"Escrito por\" \/>\n\t<meta name=\"twitter:data1\" content=\"Nacho Corro\" \/>\n\t<meta name=\"twitter:label2\" content=\"Tiempo de lectura\" \/>\n\t<meta name=\"twitter:data2\" content=\"6 minutos\" \/>\n<script type=\"application\/ld+json\" class=\"yoast-schema-graph\">{\"@context\":\"https:\\\/\\\/schema.org\",\"@graph\":[{\"@type\":\"Article\",\"@id\":\"https:\\\/\\\/agencia.252.com.mx\\\/home\\\/rehabilitacion-del-embarcadero-de-cuemanco-contara-con-inversion-de-89-millones-de-pesos\\\/#article\",\"isPartOf\":{\"@id\":\"https:\\\/\\\/agencia.252.com.mx\\\/home\\\/rehabilitacion-del-embarcadero-de-cuemanco-contara-con-inversion-de-89-millones-de-pesos\\\/\"},\"author\":{\"name\":\"Nacho Corro\",\"@id\":\"https:\\\/\\\/agencia.252.com.mx\\\/home\\\/#\\\/schema\\\/person\\\/6b972021e9a92d45ade8c78d81509098\"},\"headline\":\"Rehabilitaci\u00f3n del Embarcadero de Cuemanco contar\u00e1 con inversi\u00f3n de 89 millones de pesos\u00a0\",\"datePublished\":\"2026-02-05T04:22:35+00:00\",\"dateModified\":\"2026-02-05T04:22:36+00:00\",\"mainEntityOfPage\":{\"@id\":\"https:\\\/\\\/agencia.252.com.mx\\\/home\\\/rehabilitacion-del-embarcadero-de-cuemanco-contara-con-inversion-de-89-millones-de-pesos\\\/\"},\"wordCount\":1275,\"commentCount\":0,\"publisher\":{\"@id\":\"https:\\\/\\\/agencia.252.com.mx\\\/home\\\/#organization\"},\"image\":{\"@id\":\"https:\\\/\\\/agencia.252.com.mx\\\/home\\\/rehabilitacion-del-embarcadero-de-cuemanco-contara-con-inversion-de-89-millones-de-pesos\\\/#primaryimage\"},\"thumbnailUrl\":\"https:\\\/\\\/agencia.252.com.mx\\\/wp-content\\\/uploads\\\/2026\\\/02\\\/WhatsApp-Image-2026-02-04-at-1.32.22-PM.jpeg\",\"keywords\":[\"CDMX\"],\"articleSection\":[\"CDMX\",\"Metropoli\",\"Seguridad\"],\"inLanguage\":\"es\",\"potentialAction\":[{\"@type\":\"CommentAction\",\"name\":\"Comment\",\"target\":[\"https:\\\/\\\/agencia.252.com.mx\\\/home\\\/rehabilitacion-del-embarcadero-de-cuemanco-contara-con-inversion-de-89-millones-de-pesos\\\/#respond\"]}]},{\"@type\":\"WebPage\",\"@id\":\"https:\\\/\\\/agencia.252.com.mx\\\/home\\\/rehabilitacion-del-embarcadero-de-cuemanco-contara-con-inversion-de-89-millones-de-pesos\\\/\",\"url\":\"https:\\\/\\\/agencia.252.com.mx\\\/home\\\/rehabilitacion-del-embarcadero-de-cuemanco-contara-con-inversion-de-89-millones-de-pesos\\\/\",\"name\":\"Rehabilitaci\u00f3n del Embarcadero de Cuemanco contar\u00e1 con inversi\u00f3n de 89 millones de pesos\u00a0 - Agencia252\",\"isPartOf\":{\"@id\":\"https:\\\/\\\/agencia.252.com.mx\\\/home\\\/#website\"},\"primaryImageOfPage\":{\"@id\":\"https:\\\/\\\/agencia.252.com.mx\\\/home\\\/rehabilitacion-del-embarcadero-de-cuemanco-contara-con-inversion-de-89-millones-de-pesos\\\/#primaryimage\"},\"image\":{\"@id\":\"https:\\\/\\\/agencia.252.com.mx\\\/home\\\/rehabilitacion-del-embarcadero-de-cuemanco-contara-con-inversion-de-89-millones-de-pesos\\\/#primaryimage\"},\"thumbnailUrl\":\"https:\\\/\\\/agencia.252.com.mx\\\/wp-content\\\/uploads\\\/2026\\\/02\\\/WhatsApp-Image-2026-02-04-at-1.32.22-PM.jpeg\",\"datePublished\":\"2026-02-05T04:22:35+00:00\",\"dateModified\":\"2026-02-05T04:22:36+00:00\",\"breadcrumb\":{\"@id\":\"https:\\\/\\\/agencia.252.com.mx\\\/home\\\/rehabilitacion-del-embarcadero-de-cuemanco-contara-con-inversion-de-89-millones-de-pesos\\\/#breadcrumb\"},\"inLanguage\":\"es\",\"potentialAction\":[{\"@type\":\"ReadAction\",\"target\":[\"https:\\\/\\\/agencia.252.com.mx\\\/home\\\/rehabilitacion-del-embarcadero-de-cuemanco-contara-con-inversion-de-89-millones-de-pesos\\\/\"]}]},{\"@type\":\"ImageObject\",\"inLanguage\":\"es\",\"@id\":\"https:\\\/\\\/agencia.252.com.mx\\\/home\\\/rehabilitacion-del-embarcadero-de-cuemanco-contara-con-inversion-de-89-millones-de-pesos\\\/#primaryimage\",\"url\":\"https:\\\/\\\/agencia.252.com.mx\\\/wp-content\\\/uploads\\\/2026\\\/02\\\/WhatsApp-Image-2026-02-04-at-1.32.22-PM.jpeg\",\"contentUrl\":\"https:\\\/\\\/agencia.252.com.mx\\\/wp-content\\\/uploads\\\/2026\\\/02\\\/WhatsApp-Image-2026-02-04-at-1.32.22-PM.jpeg\",\"width\":2332,\"height\":1707},{\"@type\":\"BreadcrumbList\",\"@id\":\"https:\\\/\\\/agencia.252.com.mx\\\/home\\\/rehabilitacion-del-embarcadero-de-cuemanco-contara-con-inversion-de-89-millones-de-pesos\\\/#breadcrumb\",\"itemListElement\":[{\"@type\":\"ListItem\",\"position\":1,\"name\":\"Portada\",\"item\":\"https:\\\/\\\/agencia.252.com.mx\\\/home\\\/\"},{\"@type\":\"ListItem\",\"position\":2,\"name\":\"Rehabilitaci\u00f3n del Embarcadero de Cuemanco contar\u00e1 con inversi\u00f3n de 89 millones de pesos\u00a0\"}]},{\"@type\":\"WebSite\",\"@id\":\"https:\\\/\\\/agencia.252.com.mx\\\/home\\\/#website\",\"url\":\"https:\\\/\\\/agencia.252.com.mx\\\/home\\\/\",\"name\":\"Agencia252\",\"description\":\"Tu espacio en la Red\",\"publisher\":{\"@id\":\"https:\\\/\\\/agencia.252.com.mx\\\/home\\\/#organization\"},\"potentialAction\":[{\"@type\":\"SearchAction\",\"target\":{\"@type\":\"EntryPoint\",\"urlTemplate\":\"https:\\\/\\\/agencia.252.com.mx\\\/home\\\/?s={search_term_string}\"},\"query-input\":{\"@type\":\"PropertyValueSpecification\",\"valueRequired\":true,\"valueName\":\"search_term_string\"}}],\"inLanguage\":\"es\"},{\"@type\":\"Organization\",\"@id\":\"https:\\\/\\\/agencia.252.com.mx\\\/home\\\/#organization\",\"name\":\"Agencia252\",\"url\":\"https:\\\/\\\/agencia.252.com.mx\\\/home\\\/\",\"logo\":{\"@type\":\"ImageObject\",\"inLanguage\":\"es\",\"@id\":\"https:\\\/\\\/agencia.252.com.mx\\\/home\\\/#\\\/schema\\\/logo\\\/image\\\/\",\"url\":\"https:\\\/\\\/agencia.252.com.mx\\\/wp-content\\\/uploads\\\/2023\\\/02\\\/cropped-ciruclo-agencia-e1677562404136.png\",\"contentUrl\":\"https:\\\/\\\/agencia.252.com.mx\\\/wp-content\\\/uploads\\\/2023\\\/02\\\/cropped-ciruclo-agencia-e1677562404136.png\",\"width\":512,\"height\":512,\"caption\":\"Agencia252\"},\"image\":{\"@id\":\"https:\\\/\\\/agencia.252.com.mx\\\/home\\\/#\\\/schema\\\/logo\\\/image\\\/\"},\"sameAs\":[\"https:\\\/\\\/www.facebook.com\\\/252Comunicacion\\\/\",\"https:\\\/\\\/x.com\\\/252COMS\"]},{\"@type\":\"Person\",\"@id\":\"https:\\\/\\\/agencia.252.com.mx\\\/home\\\/#\\\/schema\\\/person\\\/6b972021e9a92d45ade8c78d81509098\",\"name\":\"Nacho Corro\",\"image\":{\"@type\":\"ImageObject\",\"inLanguage\":\"es\",\"@id\":\"https:\\\/\\\/secure.gravatar.com\\\/avatar\\\/5db6df507cfe1307e192fbb498c6b85f1cf2ffd8b4cd37141b9eea588fcbd5a4?s=96&r=g\",\"url\":\"https:\\\/\\\/secure.gravatar.com\\\/avatar\\\/5db6df507cfe1307e192fbb498c6b85f1cf2ffd8b4cd37141b9eea588fcbd5a4?s=96&r=g\",\"contentUrl\":\"https:\\\/\\\/secure.gravatar.com\\\/avatar\\\/5db6df507cfe1307e192fbb498c6b85f1cf2ffd8b4cd37141b9eea588fcbd5a4?s=96&r=g\",\"caption\":\"Nacho Corro\"},\"description\":\"Comunicador Social, Periodista y Administraci\u00f3n P\u00fablica. Conversador pol\u00edtico, temas electorales y seguridad. Generador de contenidos digitales. Amante de la fotograf\u00eda\",\"sameAs\":[\"https:\\\/\\\/www.facebook.com\\\/jcorroherrera\\\/\",\"www.instagram.com\\\/nachocorro\\\/\",\"https:\\\/\\\/x.com\\\/Juan Ignacio Corro Herrera\"],\"url\":\"https:\\\/\\\/agencia.252.com.mx\\\/home\\\/author\\\/i-corro\\\/\"}]}<\/script>\n<!-- \/ Yoast SEO plugin. -->","yoast_head_json":{"title":"Rehabilitaci\u00f3n del Embarcadero de Cuemanco contar\u00e1 con inversi\u00f3n de 89 millones de pesos\u00a0 - Agencia252","robots":{"index":"index","follow":"follow","max-snippet":"max-snippet:-1","max-image-preview":"max-image-preview:large","max-video-preview":"max-video-preview:-1"},"canonical":"https:\/\/agencia.252.com.mx\/home\/rehabilitacion-del-embarcadero-de-cuemanco-contara-con-inversion-de-89-millones-de-pesos\/","og_locale":"es_ES","og_type":"article","og_title":"Rehabilitaci\u00f3n del Embarcadero de Cuemanco contar\u00e1 con inversi\u00f3n de 89 millones de pesos\u00a0 - Agencia252","og_description":"Visitas: 22 Juan Ignacio Corro&nbsp; Ciudad&nbsp;&nbsp;de M\u00e9xico, a 4 de febrero de 2026 La Jefa de Gobierno, Clara Brugada Molina, supervis\u00f3 la renovaci\u00f3n integral y medioambiental del Embarcadero de Cuemanco, en la alcald\u00eda Xochimilco, que contar\u00e1 con una inversi\u00f3n de 89 millones de pesos; un proyecto que dignificar\u00e1 este importante punto tur\u00edstico y cultural de [&hellip;]","og_url":"https:\/\/agencia.252.com.mx\/home\/rehabilitacion-del-embarcadero-de-cuemanco-contara-con-inversion-de-89-millones-de-pesos\/","og_site_name":"Agencia252","article_publisher":"https:\/\/www.facebook.com\/252Comunicacion\/","article_author":"https:\/\/www.facebook.com\/jcorroherrera\/","article_published_time":"2026-02-05T04:22:35+00:00","article_modified_time":"2026-02-05T04:22:36+00:00","og_image":[{"width":2332,"height":1707,"url":"http:\/\/agencia.252.com.mx\/wp-content\/uploads\/2026\/02\/WhatsApp-Image-2026-02-04-at-1.32.22-PM.jpeg","type":"image\/jpeg"}],"author":"Nacho Corro","twitter_card":"summary_large_image","twitter_creator":"@Juan Ignacio Corro Herrera","twitter_site":"@252COMS","twitter_misc":{"Escrito por":"Nacho Corro","Tiempo de lectura":"6 minutos"},"schema":{"@context":"https:\/\/schema.org","@graph":[{"@type":"Article","@id":"https:\/\/agencia.252.com.mx\/home\/rehabilitacion-del-embarcadero-de-cuemanco-contara-con-inversion-de-89-millones-de-pesos\/#article","isPartOf":{"@id":"https:\/\/agencia.252.com.mx\/home\/rehabilitacion-del-embarcadero-de-cuemanco-contara-con-inversion-de-89-millones-de-pesos\/"},"author":{"name":"Nacho Corro","@id":"https:\/\/agencia.252.com.mx\/home\/#\/schema\/person\/6b972021e9a92d45ade8c78d81509098"},"headline":"Rehabilitaci\u00f3n del Embarcadero de Cuemanco contar\u00e1 con inversi\u00f3n de 89 millones de pesos\u00a0","datePublished":"2026-02-05T04:22:35+00:00","dateModified":"2026-02-05T04:22:36+00:00","mainEntityOfPage":{"@id":"https:\/\/agencia.252.com.mx\/home\/rehabilitacion-del-embarcadero-de-cuemanco-contara-con-inversion-de-89-millones-de-pesos\/"},"wordCount":1275,"commentCount":0,"publisher":{"@id":"https:\/\/agencia.252.com.mx\/home\/#organization"},"image":{"@id":"https:\/\/agencia.252.com.mx\/home\/rehabilitacion-del-embarcadero-de-cuemanco-contara-con-inversion-de-89-millones-de-pesos\/#primaryimage"},"thumbnailUrl":"https:\/\/agencia.252.com.mx\/wp-content\/uploads\/2026\/02\/WhatsApp-Image-2026-02-04-at-1.32.22-PM.jpeg","keywords":["CDMX"],"articleSection":["CDMX","Metropoli","Seguridad"],"inLanguage":"es","potentialAction":[{"@type":"CommentAction","name":"Comment","target":["https:\/\/agencia.252.com.mx\/home\/rehabilitacion-del-embarcadero-de-cuemanco-contara-con-inversion-de-89-millones-de-pesos\/#respond"]}]},{"@type":"WebPage","@id":"https:\/\/agencia.252.com.mx\/home\/rehabilitacion-del-embarcadero-de-cuemanco-contara-con-inversion-de-89-millones-de-pesos\/","url":"https:\/\/agencia.252.com.mx\/home\/rehabilitacion-del-embarcadero-de-cuemanco-contara-con-inversion-de-89-millones-de-pesos\/","name":"Rehabilitaci\u00f3n del Embarcadero de Cuemanco contar\u00e1 con inversi\u00f3n de 89 millones de pesos\u00a0 - Agencia252","isPartOf":{"@id":"https:\/\/agencia.252.com.mx\/home\/#website"},"primaryImageOfPage":{"@id":"https:\/\/agencia.252.com.mx\/home\/rehabilitacion-del-embarcadero-de-cuemanco-contara-con-inversion-de-89-millones-de-pesos\/#primaryimage"},"image":{"@id":"https:\/\/agencia.252.com.mx\/home\/rehabilitacion-del-embarcadero-de-cuemanco-contara-con-inversion-de-89-millones-de-pesos\/#primaryimage"},"thumbnailUrl":"https:\/\/agencia.252.com.mx\/wp-content\/uploads\/2026\/02\/WhatsApp-Image-2026-02-04-at-1.32.22-PM.jpeg","datePublished":"2026-02-05T04:22:35+00:00","dateModified":"2026-02-05T04:22:36+00:00","breadcrumb":{"@id":"https:\/\/agencia.252.com.mx\/home\/rehabilitacion-del-embarcadero-de-cuemanco-contara-con-inversion-de-89-millones-de-pesos\/#breadcrumb"},"inLanguage":"es","potentialAction":[{"@type":"ReadAction","target":["https:\/\/agencia.252.com.mx\/home\/rehabilitacion-del-embarcadero-de-cuemanco-contara-con-inversion-de-89-millones-de-pesos\/"]}]},{"@type":"ImageObject","inLanguage":"es","@id":"https:\/\/agencia.252.com.mx\/home\/rehabilitacion-del-embarcadero-de-cuemanco-contara-con-inversion-de-89-millones-de-pesos\/#primaryimage","url":"https:\/\/agencia.252.com.mx\/wp-content\/uploads\/2026\/02\/WhatsApp-Image-2026-02-04-at-1.32.22-PM.jpeg","contentUrl":"https:\/\/agencia.252.com.mx\/wp-content\/uploads\/2026\/02\/WhatsApp-Image-2026-02-04-at-1.32.22-PM.jpeg","width":2332,"height":1707},{"@type":"BreadcrumbList","@id":"https:\/\/agencia.252.com.mx\/home\/rehabilitacion-del-embarcadero-de-cuemanco-contara-con-inversion-de-89-millones-de-pesos\/#breadcrumb","itemListElement":[{"@type":"ListItem","position":1,"name":"Portada","item":"https:\/\/agencia.252.com.mx\/home\/"},{"@type":"ListItem","position":2,"name":"Rehabilitaci\u00f3n del Embarcadero de Cuemanco contar\u00e1 con inversi\u00f3n de 89 millones de pesos\u00a0"}]},{"@type":"WebSite","@id":"https:\/\/agencia.252.com.mx\/home\/#website","url":"https:\/\/agencia.252.com.mx\/home\/","name":"Agencia252","description":"Tu espacio en la Red","publisher":{"@id":"https:\/\/agencia.252.com.mx\/home\/#organization"},"potentialAction":[{"@type":"SearchAction","target":{"@type":"EntryPoint","urlTemplate":"https:\/\/agencia.252.com.mx\/home\/?s={search_term_string}"},"query-input":{"@type":"PropertyValueSpecification","valueRequired":true,"valueName":"search_term_string"}}],"inLanguage":"es"},{"@type":"Organization","@id":"https:\/\/agencia.252.com.mx\/home\/#organization","name":"Agencia252","url":"https:\/\/agencia.252.com.mx\/home\/","logo":{"@type":"ImageObject","inLanguage":"es","@id":"https:\/\/agencia.252.com.mx\/home\/#\/schema\/logo\/image\/","url":"https:\/\/agencia.252.com.mx\/wp-content\/uploads\/2023\/02\/cropped-ciruclo-agencia-e1677562404136.png","contentUrl":"https:\/\/agencia.252.com.mx\/wp-content\/uploads\/2023\/02\/cropped-ciruclo-agencia-e1677562404136.png","width":512,"height":512,"caption":"Agencia252"},"image":{"@id":"https:\/\/agencia.252.com.mx\/home\/#\/schema\/logo\/image\/"},"sameAs":["https:\/\/www.facebook.com\/252Comunicacion\/","https:\/\/x.com\/252COMS"]},{"@type":"Person","@id":"https:\/\/agencia.252.com.mx\/home\/#\/schema\/person\/6b972021e9a92d45ade8c78d81509098","name":"Nacho Corro","image":{"@type":"ImageObject","inLanguage":"es","@id":"https:\/\/secure.gravatar.com\/avatar\/5db6df507cfe1307e192fbb498c6b85f1cf2ffd8b4cd37141b9eea588fcbd5a4?s=96&r=g","url":"https:\/\/secure.gravatar.com\/avatar\/5db6df507cfe1307e192fbb498c6b85f1cf2ffd8b4cd37141b9eea588fcbd5a4?s=96&r=g","contentUrl":"https:\/\/secure.gravatar.com\/avatar\/5db6df507cfe1307e192fbb498c6b85f1cf2ffd8b4cd37141b9eea588fcbd5a4?s=96&r=g","caption":"Nacho Corro"},"description":"Comunicador Social, Periodista y Administraci\u00f3n P\u00fablica. Conversador pol\u00edtico, temas electorales y seguridad. Generador de contenidos digitales. Amante de la fotograf\u00eda","sameAs":["https:\/\/www.facebook.com\/jcorroherrera\/","www.instagram.com\/nachocorro\/","https:\/\/x.com\/Juan Ignacio Corro Herrera"],"url":"https:\/\/agencia.252.com.mx\/home\/author\/i-corro\/"}]}},"_links":{"self":[{"href":"https:\/\/agencia.252.com.mx\/home\/wp-json\/wp\/v2\/posts\/15640","targetHints":{"allow":["GET"]}}],"collection":[{"href":"https:\/\/agencia.252.com.mx\/home\/wp-json\/wp\/v2\/posts"}],"about":[{"href":"https:\/\/agencia.252.com.mx\/home\/wp-json\/wp\/v2\/types\/post"}],"author":[{"embeddable":true,"href":"https:\/\/agencia.252.com.mx\/home\/wp-json\/wp\/v2\/users\/5"}],"replies":[{"embeddable":true,"href":"https:\/\/agencia.252.com.mx\/home\/wp-json\/wp\/v2\/comments?post=15640"}],"version-history":[{"count":1,"href":"https:\/\/agencia.252.com.mx\/home\/wp-json\/wp\/v2\/posts\/15640\/revisions"}],"predecessor-version":[{"id":15642,"href":"https:\/\/agencia.252.com.mx\/home\/wp-json\/wp\/v2\/posts\/15640\/revisions\/15642"}],"wp:featuredmedia":[{"embeddable":true,"href":"https:\/\/agencia.252.com.mx\/home\/wp-json\/wp\/v2\/media\/15641"}],"wp:attachment":[{"href":"https:\/\/agencia.252.com.mx\/home\/wp-json\/wp\/v2\/media?parent=15640"}],"wp:term":[{"taxonomy":"category","embeddable":true,"href":"https:\/\/agencia.252.com.mx\/home\/wp-json\/wp\/v2\/categories?post=15640"},{"taxonomy":"post_tag","embeddable":true,"href":"https:\/\/agencia.252.com.mx\/home\/wp-json\/wp\/v2\/tags?post=15640"}],"curies":[{"name":"wp","href":"https:\/\/api.w.org\/{rel}","templated":true}]}}